{"id":143650,"date":"2022-05-24T12:35:31","date_gmt":"2022-05-24T11:35:31","guid":{"rendered":"https:\/\/radioljubuski.ba\/?p=143650"},"modified":"2022-05-24T12:35:31","modified_gmt":"2022-05-24T11:35:31","slug":"bihac-vatrogasci-se-i-dalje-bore-s-pozarom","status":"publish","type":"post","link":"https:\/\/radioljubuski.ba\/index.php\/2022\/05\/24\/bihac-vatrogasci-se-i-dalje-bore-s-pozarom\/","title":{"rendered":"Biha\u0107: Vatrogasci se i dalje bore s po\u017earom"},"content":{"rendered":"\n<p>Sve raspolo\u017eive slu\u017ebe za ga\u0161enje i spa\u0161avanje na podru\u010dju grada Biha\u0107a i dalje poku\u0161avaju staviti pod kontrolu po\u017ear u firmi Austrotherm. \u0160ef Gradske civilne za\u0161tite Edin Kulenovi\u0107 naglasio je kako je po\u017ear ve\u0107 sada donekle pod kontrolom, te da je najva\u017enije da nema povrije\u0111enih.<\/p>\n\n\n\n<p>&#8211; Od sedam sati i 15 minuta borimo se sa ovim katastrofalnim po\u017earom. Anga\u017eirane su apsolutno sve jedinice iz grada Biha\u0107a, a u pomo\u0107 su nam pristigli i \u010dlanovi Vatrogasne jedinice Cazin. Konkretno kada je u pitanju vatrena stihija, mogu re\u0107i da je situacija ve\u0107 donekle pod kontrolom. O\u010dekujem kako \u0107e kroz nekoliko sati po\u017ear biti u potpunosti uga\u0161en &#8211; kazao je Kulenovi\u0107.<\/p>\n\n\n\n<p>Stanovni\u0161tvo svih okolnih naselja ve\u0107 je upozoreno da \u0161to manje vremena provodi na otvorenom, te im je onemogu\u0107eno zadr\u017eavanje u blizini zapaljenog kompleksa.<\/p>\n\n\n\n<p>&#8211; Osnovna djelatnost ove firme je bila proizvodnja termo izolacije, konkretnije stiropora. Svima je onda jasno koliko to ote\u017eava situaciju vatrogascima, ali je uslovilo i jasno upozorenje gra\u0111anima u svim okolnim gradskim naseljima. Jako je rano govoriti o bilo \u010demu, me\u0111utim sasvim je jasno da je materijalna \u0161teta ogromna. Kompletan poslovni kompleks je bio zahva\u0107en vatrom &#8211; dodao je \u0161ef Civilne za\u0161tite Grada Biha\u0107a.<\/p>\n\n\n\n<p>Glasnogovornik Policije Unsko-sanske \u017eupanije Adnan Beganovi\u0107 potvrdio je i maksimalnu anga\u017eiranost raspolo\u017eivih policijskih timova.<\/p>\n\n\n\n<p>&#8211; Od kako smo jutros telefonski obavije\u0161teni, svi raspolo\u017eivi timovi su na terenu. Pomogli smo prilikom evakuacije zaposlenih, koji su u trenutku izbijanja po\u017eara bili u radnoj smjeni. Potpuno smo organizirali kontrolu pristupa objektu, kao i svih pristupnih puteva i okolnih saobra\u0107ajnica. Nemogu\u0107e je trenutno govoriti o uzrocima po\u017eara, s obzirom da se uvi\u0111ajnim radnjama pristupa tek nakon \u0161to po\u017ear bude u potpunosti uga\u0161en &#8211; rije\u010di su glasnogovornika Policije US\u017d.<\/p>\n\n\n\n<p>Austrotherm je ina\u010de austrijska firma s biha\u0107kom adresom i zapo\u0161ljava vi\u0161e od 50 radnika. Osnovna djelatnost je proizvodnja termoizolacionih plo\u010da, a do sada je izuzetno uspje\u0161no poslovala kako na doma\u0107em, tako i na inozemnom tr\u017ei\u0161tu.<\/p>\n\n\n\n<figure class=\"wp-block-embed is-type-wp-embed is-provider-radio-ljubuski wp-block-embed-radio-ljubuski\"><div class=\"wp-block-embed__wrapper\">\n<blockquote class=\"wp-embedded-content\" data-secret=\"9w12MSVZPH\"><a href=\"https:\/\/radioljubuski.ba\/index.php\/2022\/05\/24\/pozar-unistio-tvornicu-stiropora-stotine-ljudi-ostalo-bez-posla\/\">Po\u017ear uni\u0161tio tvornicu stiropora, stotine ljudi ostalo bez posla<\/a><\/blockquote><iframe loading=\"lazy\" class=\"wp-embedded-content\" sandbox=\"allow-scripts\" security=\"restricted\" style=\"position: absolute; clip: rect(1px, 1px, 1px, 1px);\" title=\"&#8220;Po\u017ear uni\u0161tio tvornicu stiropora, stotine ljudi ostalo bez posla&#8221; &#8212;   RADIO LJUBU\u0160KI\" src=\"https:\/\/radioljubuski.ba\/index.php\/2022\/05\/24\/pozar-unistio-tvornicu-stiropora-stotine-ljudi-ostalo-bez-posla\/embed\/#?secret=K8sJZqHiHf#?secret=9w12MSVZPH\" data-secret=\"9w12MSVZPH\" width=\"600\" height=\"338\" frameborder=\"0\" marginwidth=\"0\" marginheight=\"0\" scrolling=\"no\"><\/iframe>\n<\/div><\/figure>\n\n\n\n<p>Izvor:pogled.ba<\/p>\n","protected":false},"excerpt":{"rendered":"<p>Sve raspolo\u017eive slu\u017ebe za ga\u0161enje i spa\u0161avanje na podru\u010dju grada Biha\u0107a i dalje poku\u0161avaju staviti pod kontrolu po\u017ear u firmi Austrotherm. \u0160ef Gradske civilne za\u0161tite Edin Kulenovi\u0107 naglasio je kako je po\u017ear ve\u0107 sada donekle pod kontrolom, te da je najva\u017enije da nema povrije\u0111enih. &#8211; Od sedam sati i 15 minuta borimo se sa ovim [&hellip;]<\/p>\n","protected":false},"author":2,"featured_media":143651,"comment_status":"closed","ping_status":"closed","sticky":false,"template":"","format":"standard","meta":{"h5ap_radio_sources":[],"footnotes":""},"categories":[1],"tags":[],"class_list":["post-143650","post","type-post","status-publish","format-standard","has-post-thumbnail","hentry","category-bihiregija"],"yoast_head":"<!-- This site is optimized with the Yoast SEO plugin v27.5 - https:\/\/yoast.com\/product\/yoast-seo-wordpress\/ -->\n<title>Biha\u0107: Vatrogasci se i dalje bore s po\u017earom - RADIO LJUBU\u0160KI<\/title>\n<meta name=\"robots\" content=\"index, follow, max-snippet:-1, max-image-preview:large, max-video-preview:-1\" \/>\n<link rel=\"canonical\" href=\"https:\/\/radioljubuski.ba\/index.php\/2022\/05\/24\/bihac-vatrogasci-se-i-dalje-bore-s-pozarom\/\" \/>\n<meta property=\"og:locale\" content=\"hr_HR\" \/>\n<meta property=\"og:type\" content=\"article\" \/>\n<meta property=\"og:title\" content=\"Biha\u0107: Vatrogasci se i dalje bore s po\u017earom - RADIO LJUBU\u0160KI\" \/>\n<meta property=\"og:description\" content=\"Sve raspolo\u017eive slu\u017ebe za ga\u0161enje i spa\u0161avanje na podru\u010dju grada Biha\u0107a i dalje poku\u0161avaju staviti pod kontrolu po\u017ear u firmi Austrotherm. \u0160ef Gradske civilne za\u0161tite Edin Kulenovi\u0107 naglasio je kako je po\u017ear ve\u0107 sada donekle pod kontrolom, te da je najva\u017enije da nema povrije\u0111enih. &#8211; Od sedam sati i 15 minuta borimo se sa ovim [&hellip;]\" \/>\n<meta property=\"og:url\" content=\"https:\/\/radioljubuski.ba\/index.php\/2022\/05\/24\/bihac-vatrogasci-se-i-dalje-bore-s-pozarom\/\" \/>\n<meta property=\"og:site_name\" content=\"RADIO LJUBU\u0160KI\" \/>\n<meta property=\"article:publisher\" content=\"https:\/\/www.facebook.com\/Radiio-Ljubuski-1490835324566332\" \/>\n<meta property=\"article:published_time\" content=\"2022-05-24T11:35:31+00:00\" \/>\n<meta property=\"og:image\" content=\"https:\/\/radioljubuski.ba\/wp-content\/uploads\/2022\/05\/2-2022-05-24-13-21-23-l_0bdc331e28f31b93eaf279846aad7959.jpg\" \/>\n\t<meta property=\"og:image:width\" content=\"1000\" \/>\n\t<meta property=\"og:image:height\" content=\"625\" \/>\n\t<meta property=\"og:image:type\" content=\"image\/jpeg\" \/>\n<meta name=\"author\" content=\"Radio Ljubu\u0161ki\" \/>\n<meta name=\"twitter:card\" content=\"summary_large_image\" \/>\n<meta name=\"twitter:creator\" content=\"@radioljubuski\" \/>\n<meta name=\"twitter:site\" content=\"@radioljubuski\" \/>\n<meta name=\"twitter:label1\" content=\"Napisao\/la\" \/>\n\t<meta name=\"twitter:data1\" content=\"Radio Ljubu\u0161ki\" \/>\n\t<meta name=\"twitter:label2\" content=\"Procijenjeno vrijeme \u010ditanja\" \/>\n\t<meta name=\"twitter:data2\" content=\"2 minute\" \/>\n<script type=\"application\/ld+json\" class=\"yoast-schema-graph\">{\"@context\":\"https:\\\/\\\/schema.org\",\"@graph\":[{\"@type\":\"Article\",\"@id\":\"https:\\\/\\\/radioljubuski.ba\\\/index.php\\\/2022\\\/05\\\/24\\\/bihac-vatrogasci-se-i-dalje-bore-s-pozarom\\\/#article\",\"isPartOf\":{\"@id\":\"https:\\\/\\\/radioljubuski.ba\\\/index.php\\\/2022\\\/05\\\/24\\\/bihac-vatrogasci-se-i-dalje-bore-s-pozarom\\\/\"},\"author\":{\"name\":\"Radio Ljubu\u0161ki\",\"@id\":\"https:\\\/\\\/radioljubuski.ba\\\/#\\\/schema\\\/person\\\/19fc700381a780f69665d7956c469e3b\"},\"headline\":\"Biha\u0107: Vatrogasci se i dalje bore s po\u017earom\",\"datePublished\":\"2022-05-24T11:35:31+00:00\",\"mainEntityOfPage\":{\"@id\":\"https:\\\/\\\/radioljubuski.ba\\\/index.php\\\/2022\\\/05\\\/24\\\/bihac-vatrogasci-se-i-dalje-bore-s-pozarom\\\/\"},\"wordCount\":378,\"publisher\":{\"@id\":\"https:\\\/\\\/radioljubuski.ba\\\/#organization\"},\"image\":{\"@id\":\"https:\\\/\\\/radioljubuski.ba\\\/index.php\\\/2022\\\/05\\\/24\\\/bihac-vatrogasci-se-i-dalje-bore-s-pozarom\\\/#primaryimage\"},\"thumbnailUrl\":\"https:\\\/\\\/radioljubuski.ba\\\/wp-content\\\/uploads\\\/2022\\\/05\\\/2-2022-05-24-13-21-23-l_0bdc331e28f31b93eaf279846aad7959.jpg\",\"articleSection\":[\"BIH i regija\"],\"inLanguage\":\"hr\"},{\"@type\":\"WebPage\",\"@id\":\"https:\\\/\\\/radioljubuski.ba\\\/index.php\\\/2022\\\/05\\\/24\\\/bihac-vatrogasci-se-i-dalje-bore-s-pozarom\\\/\",\"url\":\"https:\\\/\\\/radioljubuski.ba\\\/index.php\\\/2022\\\/05\\\/24\\\/bihac-vatrogasci-se-i-dalje-bore-s-pozarom\\\/\",\"name\":\"Biha\u0107: Vatrogasci se i dalje bore s po\u017earom - RADIO LJUBU\u0160KI\",\"isPartOf\":{\"@id\":\"https:\\\/\\\/radioljubuski.ba\\\/#website\"},\"primaryImageOfPage\":{\"@id\":\"https:\\\/\\\/radioljubuski.ba\\\/index.php\\\/2022\\\/05\\\/24\\\/bihac-vatrogasci-se-i-dalje-bore-s-pozarom\\\/#primaryimage\"},\"image\":{\"@id\":\"https:\\\/\\\/radioljubuski.ba\\\/index.php\\\/2022\\\/05\\\/24\\\/bihac-vatrogasci-se-i-dalje-bore-s-pozarom\\\/#primaryimage\"},\"thumbnailUrl\":\"https:\\\/\\\/radioljubuski.ba\\\/wp-content\\\/uploads\\\/2022\\\/05\\\/2-2022-05-24-13-21-23-l_0bdc331e28f31b93eaf279846aad7959.jpg\",\"datePublished\":\"2022-05-24T11:35:31+00:00\",\"breadcrumb\":{\"@id\":\"https:\\\/\\\/radioljubuski.ba\\\/index.php\\\/2022\\\/05\\\/24\\\/bihac-vatrogasci-se-i-dalje-bore-s-pozarom\\\/#breadcrumb\"},\"inLanguage\":\"hr\",\"potentialAction\":[{\"@type\":\"ReadAction\",\"target\":[\"https:\\\/\\\/radioljubuski.ba\\\/index.php\\\/2022\\\/05\\\/24\\\/bihac-vatrogasci-se-i-dalje-bore-s-pozarom\\\/\"]}]},{\"@type\":\"ImageObject\",\"inLanguage\":\"hr\",\"@id\":\"https:\\\/\\\/radioljubuski.ba\\\/index.php\\\/2022\\\/05\\\/24\\\/bihac-vatrogasci-se-i-dalje-bore-s-pozarom\\\/#primaryimage\",\"url\":\"https:\\\/\\\/radioljubuski.ba\\\/wp-content\\\/uploads\\\/2022\\\/05\\\/2-2022-05-24-13-21-23-l_0bdc331e28f31b93eaf279846aad7959.jpg\",\"contentUrl\":\"https:\\\/\\\/radioljubuski.ba\\\/wp-content\\\/uploads\\\/2022\\\/05\\\/2-2022-05-24-13-21-23-l_0bdc331e28f31b93eaf279846aad7959.jpg\",\"width\":1000,\"height\":625},{\"@type\":\"BreadcrumbList\",\"@id\":\"https:\\\/\\\/radioljubuski.ba\\\/index.php\\\/2022\\\/05\\\/24\\\/bihac-vatrogasci-se-i-dalje-bore-s-pozarom\\\/#breadcrumb\",\"itemListElement\":[{\"@type\":\"ListItem\",\"position\":1,\"name\":\"Po\u010detna stranica\",\"item\":\"https:\\\/\\\/radioljubuski.ba\\\/\"},{\"@type\":\"ListItem\",\"position\":2,\"name\":\"Biha\u0107: Vatrogasci se i dalje bore s po\u017earom\"}]},{\"@type\":\"WebSite\",\"@id\":\"https:\\\/\\\/radioljubuski.ba\\\/#website\",\"url\":\"https:\\\/\\\/radioljubuski.ba\\\/\",\"name\":\"Radio Ljubu\u0161ki\",\"description\":\"Sun\u010dana frekvencija Hercegovine\",\"publisher\":{\"@id\":\"https:\\\/\\\/radioljubuski.ba\\\/#organization\"},\"potentialAction\":[{\"@type\":\"SearchAction\",\"target\":{\"@type\":\"EntryPoint\",\"urlTemplate\":\"https:\\\/\\\/radioljubuski.ba\\\/?s={search_term_string}\"},\"query-input\":{\"@type\":\"PropertyValueSpecification\",\"valueRequired\":true,\"valueName\":\"search_term_string\"}}],\"inLanguage\":\"hr\"},{\"@type\":\"Organization\",\"@id\":\"https:\\\/\\\/radioljubuski.ba\\\/#organization\",\"name\":\"Radio Ljubu\u0161ki\",\"url\":\"https:\\\/\\\/radioljubuski.ba\\\/\",\"logo\":{\"@type\":\"ImageObject\",\"inLanguage\":\"hr\",\"@id\":\"https:\\\/\\\/radioljubuski.ba\\\/#\\\/schema\\\/logo\\\/image\\\/\",\"url\":\"https:\\\/\\\/radioljubuski.ba\\\/wp-content\\\/uploads\\\/2021\\\/02\\\/cropped-Radio_Ljubuski_logo1.jpg\",\"contentUrl\":\"https:\\\/\\\/radioljubuski.ba\\\/wp-content\\\/uploads\\\/2021\\\/02\\\/cropped-Radio_Ljubuski_logo1.jpg\",\"width\":512,\"height\":512,\"caption\":\"Radio Ljubu\u0161ki\"},\"image\":{\"@id\":\"https:\\\/\\\/radioljubuski.ba\\\/#\\\/schema\\\/logo\\\/image\\\/\"},\"sameAs\":[\"https:\\\/\\\/www.facebook.com\\\/Radiio-Ljubuski-1490835324566332\",\"https:\\\/\\\/x.com\\\/radioljubuski\",\"https:\\\/\\\/hr.linkedin.com\\\/company\\\/radio-ljubuski\",\"https:\\\/\\\/www.youtube.com\\\/channel\\\/UCHYaeO_n0Db3tjNGudGpXyw\"]},{\"@type\":\"Person\",\"@id\":\"https:\\\/\\\/radioljubuski.ba\\\/#\\\/schema\\\/person\\\/19fc700381a780f69665d7956c469e3b\",\"name\":\"Radio Ljubu\u0161ki\"}]}<\/script>\n<!-- \/ Yoast SEO plugin. -->","yoast_head_json":{"title":"Biha\u0107: Vatrogasci se i dalje bore s po\u017earom - RADIO LJUBU\u0160KI","robots":{"index":"index","follow":"follow","max-snippet":"max-snippet:-1","max-image-preview":"max-image-preview:large","max-video-preview":"max-video-preview:-1"},"canonical":"https:\/\/radioljubuski.ba\/index.php\/2022\/05\/24\/bihac-vatrogasci-se-i-dalje-bore-s-pozarom\/","og_locale":"hr_HR","og_type":"article","og_title":"Biha\u0107: Vatrogasci se i dalje bore s po\u017earom - RADIO LJUBU\u0160KI","og_description":"Sve raspolo\u017eive slu\u017ebe za ga\u0161enje i spa\u0161avanje na podru\u010dju grada Biha\u0107a i dalje poku\u0161avaju staviti pod kontrolu po\u017ear u firmi Austrotherm. \u0160ef Gradske civilne za\u0161tite Edin Kulenovi\u0107 naglasio je kako je po\u017ear ve\u0107 sada donekle pod kontrolom, te da je najva\u017enije da nema povrije\u0111enih. &#8211; Od sedam sati i 15 minuta borimo se sa ovim [&hellip;]","og_url":"https:\/\/radioljubuski.ba\/index.php\/2022\/05\/24\/bihac-vatrogasci-se-i-dalje-bore-s-pozarom\/","og_site_name":"RADIO LJUBU\u0160KI","article_publisher":"https:\/\/www.facebook.com\/Radiio-Ljubuski-1490835324566332","article_published_time":"2022-05-24T11:35:31+00:00","og_image":[{"width":1000,"height":625,"url":"https:\/\/radioljubuski.ba\/wp-content\/uploads\/2022\/05\/2-2022-05-24-13-21-23-l_0bdc331e28f31b93eaf279846aad7959.jpg","type":"image\/jpeg"}],"author":"Radio Ljubu\u0161ki","twitter_card":"summary_large_image","twitter_creator":"@radioljubuski","twitter_site":"@radioljubuski","twitter_misc":{"Napisao\/la":"Radio Ljubu\u0161ki","Procijenjeno vrijeme \u010ditanja":"2 minute"},"schema":{"@context":"https:\/\/schema.org","@graph":[{"@type":"Article","@id":"https:\/\/radioljubuski.ba\/index.php\/2022\/05\/24\/bihac-vatrogasci-se-i-dalje-bore-s-pozarom\/#article","isPartOf":{"@id":"https:\/\/radioljubuski.ba\/index.php\/2022\/05\/24\/bihac-vatrogasci-se-i-dalje-bore-s-pozarom\/"},"author":{"name":"Radio Ljubu\u0161ki","@id":"https:\/\/radioljubuski.ba\/#\/schema\/person\/19fc700381a780f69665d7956c469e3b"},"headline":"Biha\u0107: Vatrogasci se i dalje bore s po\u017earom","datePublished":"2022-05-24T11:35:31+00:00","mainEntityOfPage":{"@id":"https:\/\/radioljubuski.ba\/index.php\/2022\/05\/24\/bihac-vatrogasci-se-i-dalje-bore-s-pozarom\/"},"wordCount":378,"publisher":{"@id":"https:\/\/radioljubuski.ba\/#organization"},"image":{"@id":"https:\/\/radioljubuski.ba\/index.php\/2022\/05\/24\/bihac-vatrogasci-se-i-dalje-bore-s-pozarom\/#primaryimage"},"thumbnailUrl":"https:\/\/radioljubuski.ba\/wp-content\/uploads\/2022\/05\/2-2022-05-24-13-21-23-l_0bdc331e28f31b93eaf279846aad7959.jpg","articleSection":["BIH i regija"],"inLanguage":"hr"},{"@type":"WebPage","@id":"https:\/\/radioljubuski.ba\/index.php\/2022\/05\/24\/bihac-vatrogasci-se-i-dalje-bore-s-pozarom\/","url":"https:\/\/radioljubuski.ba\/index.php\/2022\/05\/24\/bihac-vatrogasci-se-i-dalje-bore-s-pozarom\/","name":"Biha\u0107: Vatrogasci se i dalje bore s po\u017earom - RADIO LJUBU\u0160KI","isPartOf":{"@id":"https:\/\/radioljubuski.ba\/#website"},"primaryImageOfPage":{"@id":"https:\/\/radioljubuski.ba\/index.php\/2022\/05\/24\/bihac-vatrogasci-se-i-dalje-bore-s-pozarom\/#primaryimage"},"image":{"@id":"https:\/\/radioljubuski.ba\/index.php\/2022\/05\/24\/bihac-vatrogasci-se-i-dalje-bore-s-pozarom\/#primaryimage"},"thumbnailUrl":"https:\/\/radioljubuski.ba\/wp-content\/uploads\/2022\/05\/2-2022-05-24-13-21-23-l_0bdc331e28f31b93eaf279846aad7959.jpg","datePublished":"2022-05-24T11:35:31+00:00","breadcrumb":{"@id":"https:\/\/radioljubuski.ba\/index.php\/2022\/05\/24\/bihac-vatrogasci-se-i-dalje-bore-s-pozarom\/#breadcrumb"},"inLanguage":"hr","potentialAction":[{"@type":"ReadAction","target":["https:\/\/radioljubuski.ba\/index.php\/2022\/05\/24\/bihac-vatrogasci-se-i-dalje-bore-s-pozarom\/"]}]},{"@type":"ImageObject","inLanguage":"hr","@id":"https:\/\/radioljubuski.ba\/index.php\/2022\/05\/24\/bihac-vatrogasci-se-i-dalje-bore-s-pozarom\/#primaryimage","url":"https:\/\/radioljubuski.ba\/wp-content\/uploads\/2022\/05\/2-2022-05-24-13-21-23-l_0bdc331e28f31b93eaf279846aad7959.jpg","contentUrl":"https:\/\/radioljubuski.ba\/wp-content\/uploads\/2022\/05\/2-2022-05-24-13-21-23-l_0bdc331e28f31b93eaf279846aad7959.jpg","width":1000,"height":625},{"@type":"BreadcrumbList","@id":"https:\/\/radioljubuski.ba\/index.php\/2022\/05\/24\/bihac-vatrogasci-se-i-dalje-bore-s-pozarom\/#breadcrumb","itemListElement":[{"@type":"ListItem","position":1,"name":"Po\u010detna stranica","item":"https:\/\/radioljubuski.ba\/"},{"@type":"ListItem","position":2,"name":"Biha\u0107: Vatrogasci se i dalje bore s po\u017earom"}]},{"@type":"WebSite","@id":"https:\/\/radioljubuski.ba\/#website","url":"https:\/\/radioljubuski.ba\/","name":"Radio Ljubu\u0161ki","description":"Sun\u010dana frekvencija Hercegovine","publisher":{"@id":"https:\/\/radioljubuski.ba\/#organization"},"potentialAction":[{"@type":"SearchAction","target":{"@type":"EntryPoint","urlTemplate":"https:\/\/radioljubuski.ba\/?s={search_term_string}"},"query-input":{"@type":"PropertyValueSpecification","valueRequired":true,"valueName":"search_term_string"}}],"inLanguage":"hr"},{"@type":"Organization","@id":"https:\/\/radioljubuski.ba\/#organization","name":"Radio Ljubu\u0161ki","url":"https:\/\/radioljubuski.ba\/","logo":{"@type":"ImageObject","inLanguage":"hr","@id":"https:\/\/radioljubuski.ba\/#\/schema\/logo\/image\/","url":"https:\/\/radioljubuski.ba\/wp-content\/uploads\/2021\/02\/cropped-Radio_Ljubuski_logo1.jpg","contentUrl":"https:\/\/radioljubuski.ba\/wp-content\/uploads\/2021\/02\/cropped-Radio_Ljubuski_logo1.jpg","width":512,"height":512,"caption":"Radio Ljubu\u0161ki"},"image":{"@id":"https:\/\/radioljubuski.ba\/#\/schema\/logo\/image\/"},"sameAs":["https:\/\/www.facebook.com\/Radiio-Ljubuski-1490835324566332","https:\/\/x.com\/radioljubuski","https:\/\/hr.linkedin.com\/company\/radio-ljubuski","https:\/\/www.youtube.com\/channel\/UCHYaeO_n0Db3tjNGudGpXyw"]},{"@type":"Person","@id":"https:\/\/radioljubuski.ba\/#\/schema\/person\/19fc700381a780f69665d7956c469e3b","name":"Radio Ljubu\u0161ki"}]}},"_links":{"self":[{"href":"https:\/\/radioljubuski.ba\/index.php\/wp-json\/wp\/v2\/posts\/143650","targetHints":{"allow":["GET"]}}],"collection":[{"href":"https:\/\/radioljubuski.ba\/index.php\/wp-json\/wp\/v2\/posts"}],"about":[{"href":"https:\/\/radioljubuski.ba\/index.php\/wp-json\/wp\/v2\/types\/post"}],"author":[{"embeddable":true,"href":"https:\/\/radioljubuski.ba\/index.php\/wp-json\/wp\/v2\/users\/2"}],"replies":[{"embeddable":true,"href":"https:\/\/radioljubuski.ba\/index.php\/wp-json\/wp\/v2\/comments?post=143650"}],"version-history":[{"count":1,"href":"https:\/\/radioljubuski.ba\/index.php\/wp-json\/wp\/v2\/posts\/143650\/revisions"}],"predecessor-version":[{"id":143652,"href":"https:\/\/radioljubuski.ba\/index.php\/wp-json\/wp\/v2\/posts\/143650\/revisions\/143652"}],"wp:featuredmedia":[{"embeddable":true,"href":"https:\/\/radioljubuski.ba\/index.php\/wp-json\/wp\/v2\/media\/143651"}],"wp:attachment":[{"href":"https:\/\/radioljubuski.ba\/index.php\/wp-json\/wp\/v2\/media?parent=143650"}],"wp:term":[{"taxonomy":"category","embeddable":true,"href":"https:\/\/radioljubuski.ba\/index.php\/wp-json\/wp\/v2\/categories?post=143650"},{"taxonomy":"post_tag","embeddable":true,"href":"https:\/\/radioljubuski.ba\/index.php\/wp-json\/wp\/v2\/tags?post=143650"}],"curies":[{"name":"wp","href":"https:\/\/api.w.org\/{rel}","templated":true}]}}