{"id":143653,"date":"2022-05-24T12:36:50","date_gmt":"2022-05-24T11:36:50","guid":{"rendered":"https:\/\/radioljubuski.ba\/?p=143653"},"modified":"2022-05-24T12:36:51","modified_gmt":"2022-05-24T11:36:51","slug":"dodik-muslimani-u-bih-pokusavaju-da-iskoriste-ukrajinsku-krizu-za-svoje-ciljeve","status":"publish","type":"post","link":"https:\/\/radioljubuski.ba\/index.php\/2022\/05\/24\/dodik-muslimani-u-bih-pokusavaju-da-iskoriste-ukrajinsku-krizu-za-svoje-ciljeve\/","title":{"rendered":"Dodik: Muslimani u BiH poku\u0161avaju da iskoriste ukrajinsku krizu za svoje ciljeve"},"content":{"rendered":"\n<p>Srpski \u010dlan Predsjedni\u0161tva BiH Milorad Dodik rekao je danas da su ministar obrane Sifet Pod\u017ei\u0107 i na\u010delnik Zajedni\u010dkog sto\u017eera Oru\u017eanih snaga BiH Senad Ma\u0161ovi\u0107 prisustvovali sastanku ministra obrane SAD Lojda Ostina sa ukrajinskim du\u017enosnicima bez odluke Predsjedni\u0161tva BiH.<\/p>\n\n\n\n<p>Dodik je rekao da to pitanje nije bilo na sjednici Predsjedni\u0161tva BiH, te da je on o tome obavije\u0161ten iz medija.<\/p>\n\n\n\n<p>&#8211; Nije to pojedina\u010dni slu\u010daj, to je dio jednog udru\u017eenog poduhvata za ru\u0161enje BiH od strane muslimana. Muslimanski nacionalizam je oti\u0161ao do te mjere da poku\u0161ava da iskoristi ukrajinsku krizu da bi reafirmisao svoje ciljeve &#8211; istakao je Dodik u Banjaluci, prenosi RTRS.<\/p>\n\n\n\n<p>Govore\u0107i o navodima da se BiH pridru\u017eila sankcijama Rusiji, Dodik je rekao da BiH to nije uradila jer je za uvo\u0111enje sankcija bilo kojoj zemlji potrebna odluka relevantnih organa koje u ovom slu\u010daju nema.<\/p>\n\n\n\n<p>Dodik je rekao da ne postoji ni odluka o pridru\u017eivanju BiH zabrani letova za ruske avione.<\/p>\n\n\n\n<p>&#8211; Ovdje postoje dokazi o podjeli BiH. Muslimani \u0107e poku\u0161ati da se dr\u017ee toga da su ne\u0161to uradili, a mi to ne prihva\u0107amo jer o tome nije odlu\u010deno u Predsjedni\u0161tvu BiH, Vije\u0107u ministara ili Parlamentarnoj skup\u0161tini &#8211; istakao je on.<\/p>\n\n\n\n<p>Izvor:glas srpske<\/p>\n","protected":false},"excerpt":{"rendered":"<p>Srpski \u010dlan Predsjedni\u0161tva BiH Milorad Dodik rekao je danas da su ministar obrane Sifet Pod\u017ei\u0107 i na\u010delnik Zajedni\u010dkog sto\u017eera Oru\u017eanih snaga BiH Senad Ma\u0161ovi\u0107 prisustvovali sastanku ministra obrane SAD Lojda Ostina sa ukrajinskim du\u017enosnicima bez odluke Predsjedni\u0161tva BiH. Dodik je rekao da to pitanje nije bilo na sjednici Predsjedni\u0161tva BiH, te da je on o [&hellip;]<\/p>\n","protected":false},"author":2,"featured_media":104074,"comment_status":"closed","ping_status":"closed","sticky":false,"template":"","format":"standard","meta":{"h5ap_radio_sources":[],"footnotes":""},"categories":[1],"tags":[],"class_list":["post-143653","post","type-post","status-publish","format-standard","has-post-thumbnail","hentry","category-bihiregija"],"yoast_head":"<!-- This site is optimized with the Yoast SEO plugin v27.5 - https:\/\/yoast.com\/product\/yoast-seo-wordpress\/ -->\n<title>Dodik: Muslimani u BiH poku\u0161avaju da iskoriste ukrajinsku krizu za svoje ciljeve - RADIO LJUBU\u0160KI<\/title>\n<meta name=\"robots\" content=\"index, follow, max-snippet:-1, max-image-preview:large, max-video-preview:-1\" \/>\n<link rel=\"canonical\" href=\"https:\/\/radioljubuski.ba\/index.php\/2022\/05\/24\/dodik-muslimani-u-bih-pokusavaju-da-iskoriste-ukrajinsku-krizu-za-svoje-ciljeve\/\" \/>\n<meta property=\"og:locale\" content=\"hr_HR\" \/>\n<meta property=\"og:type\" content=\"article\" \/>\n<meta property=\"og:title\" content=\"Dodik: Muslimani u BiH poku\u0161avaju da iskoriste ukrajinsku krizu za svoje ciljeve - RADIO LJUBU\u0160KI\" \/>\n<meta property=\"og:description\" content=\"Srpski \u010dlan Predsjedni\u0161tva BiH Milorad Dodik rekao je danas da su ministar obrane Sifet Pod\u017ei\u0107 i na\u010delnik Zajedni\u010dkog sto\u017eera Oru\u017eanih snaga BiH Senad Ma\u0161ovi\u0107 prisustvovali sastanku ministra obrane SAD Lojda Ostina sa ukrajinskim du\u017enosnicima bez odluke Predsjedni\u0161tva BiH. Dodik je rekao da to pitanje nije bilo na sjednici Predsjedni\u0161tva BiH, te da je on o [&hellip;]\" \/>\n<meta property=\"og:url\" content=\"https:\/\/radioljubuski.ba\/index.php\/2022\/05\/24\/dodik-muslimani-u-bih-pokusavaju-da-iskoriste-ukrajinsku-krizu-za-svoje-ciljeve\/\" \/>\n<meta property=\"og:site_name\" content=\"RADIO LJUBU\u0160KI\" \/>\n<meta property=\"article:publisher\" content=\"https:\/\/www.facebook.com\/Radiio-Ljubuski-1490835324566332\" \/>\n<meta property=\"article:published_time\" content=\"2022-05-24T11:36:50+00:00\" \/>\n<meta property=\"article:modified_time\" content=\"2022-05-24T11:36:51+00:00\" \/>\n<meta property=\"og:image\" content=\"https:\/\/radioljubuski.ba\/wp-content\/uploads\/2021\/12\/dodik-dva-mikrofona.jpg\" \/>\n\t<meta property=\"og:image:width\" content=\"658\" \/>\n\t<meta property=\"og:image:height\" content=\"494\" \/>\n\t<meta property=\"og:image:type\" content=\"image\/jpeg\" \/>\n<meta name=\"author\" content=\"Radio Ljubu\u0161ki\" \/>\n<meta name=\"twitter:card\" content=\"summary_large_image\" \/>\n<meta name=\"twitter:creator\" content=\"@radioljubuski\" \/>\n<meta name=\"twitter:site\" content=\"@radioljubuski\" \/>\n<meta name=\"twitter:label1\" content=\"Napisao\/la\" \/>\n\t<meta name=\"twitter:data1\" content=\"Radio Ljubu\u0161ki\" \/>\n\t<meta name=\"twitter:label2\" content=\"Procijenjeno vrijeme \u010ditanja\" \/>\n\t<meta name=\"twitter:data2\" content=\"1 minuta\" \/>\n<script type=\"application\/ld+json\" class=\"yoast-schema-graph\">{\"@context\":\"https:\\\/\\\/schema.org\",\"@graph\":[{\"@type\":\"Article\",\"@id\":\"https:\\\/\\\/radioljubuski.ba\\\/index.php\\\/2022\\\/05\\\/24\\\/dodik-muslimani-u-bih-pokusavaju-da-iskoriste-ukrajinsku-krizu-za-svoje-ciljeve\\\/#article\",\"isPartOf\":{\"@id\":\"https:\\\/\\\/radioljubuski.ba\\\/index.php\\\/2022\\\/05\\\/24\\\/dodik-muslimani-u-bih-pokusavaju-da-iskoriste-ukrajinsku-krizu-za-svoje-ciljeve\\\/\"},\"author\":{\"name\":\"Radio Ljubu\u0161ki\",\"@id\":\"https:\\\/\\\/radioljubuski.ba\\\/#\\\/schema\\\/person\\\/19fc700381a780f69665d7956c469e3b\"},\"headline\":\"Dodik: Muslimani u BiH poku\u0161avaju da iskoriste ukrajinsku krizu za svoje ciljeve\",\"datePublished\":\"2022-05-24T11:36:50+00:00\",\"dateModified\":\"2022-05-24T11:36:51+00:00\",\"mainEntityOfPage\":{\"@id\":\"https:\\\/\\\/radioljubuski.ba\\\/index.php\\\/2022\\\/05\\\/24\\\/dodik-muslimani-u-bih-pokusavaju-da-iskoriste-ukrajinsku-krizu-za-svoje-ciljeve\\\/\"},\"wordCount\":238,\"publisher\":{\"@id\":\"https:\\\/\\\/radioljubuski.ba\\\/#organization\"},\"image\":{\"@id\":\"https:\\\/\\\/radioljubuski.ba\\\/index.php\\\/2022\\\/05\\\/24\\\/dodik-muslimani-u-bih-pokusavaju-da-iskoriste-ukrajinsku-krizu-za-svoje-ciljeve\\\/#primaryimage\"},\"thumbnailUrl\":\"https:\\\/\\\/radioljubuski.ba\\\/wp-content\\\/uploads\\\/2021\\\/12\\\/dodik-dva-mikrofona.jpg\",\"articleSection\":[\"BIH i regija\"],\"inLanguage\":\"hr\"},{\"@type\":\"WebPage\",\"@id\":\"https:\\\/\\\/radioljubuski.ba\\\/index.php\\\/2022\\\/05\\\/24\\\/dodik-muslimani-u-bih-pokusavaju-da-iskoriste-ukrajinsku-krizu-za-svoje-ciljeve\\\/\",\"url\":\"https:\\\/\\\/radioljubuski.ba\\\/index.php\\\/2022\\\/05\\\/24\\\/dodik-muslimani-u-bih-pokusavaju-da-iskoriste-ukrajinsku-krizu-za-svoje-ciljeve\\\/\",\"name\":\"Dodik: Muslimani u BiH poku\u0161avaju da iskoriste ukrajinsku krizu za svoje ciljeve - RADIO LJUBU\u0160KI\",\"isPartOf\":{\"@id\":\"https:\\\/\\\/radioljubuski.ba\\\/#website\"},\"primaryImageOfPage\":{\"@id\":\"https:\\\/\\\/radioljubuski.ba\\\/index.php\\\/2022\\\/05\\\/24\\\/dodik-muslimani-u-bih-pokusavaju-da-iskoriste-ukrajinsku-krizu-za-svoje-ciljeve\\\/#primaryimage\"},\"image\":{\"@id\":\"https:\\\/\\\/radioljubuski.ba\\\/index.php\\\/2022\\\/05\\\/24\\\/dodik-muslimani-u-bih-pokusavaju-da-iskoriste-ukrajinsku-krizu-za-svoje-ciljeve\\\/#primaryimage\"},\"thumbnailUrl\":\"https:\\\/\\\/radioljubuski.ba\\\/wp-content\\\/uploads\\\/2021\\\/12\\\/dodik-dva-mikrofona.jpg\",\"datePublished\":\"2022-05-24T11:36:50+00:00\",\"dateModified\":\"2022-05-24T11:36:51+00:00\",\"breadcrumb\":{\"@id\":\"https:\\\/\\\/radioljubuski.ba\\\/index.php\\\/2022\\\/05\\\/24\\\/dodik-muslimani-u-bih-pokusavaju-da-iskoriste-ukrajinsku-krizu-za-svoje-ciljeve\\\/#breadcrumb\"},\"inLanguage\":\"hr\",\"potentialAction\":[{\"@type\":\"ReadAction\",\"target\":[\"https:\\\/\\\/radioljubuski.ba\\\/index.php\\\/2022\\\/05\\\/24\\\/dodik-muslimani-u-bih-pokusavaju-da-iskoriste-ukrajinsku-krizu-za-svoje-ciljeve\\\/\"]}]},{\"@type\":\"ImageObject\",\"inLanguage\":\"hr\",\"@id\":\"https:\\\/\\\/radioljubuski.ba\\\/index.php\\\/2022\\\/05\\\/24\\\/dodik-muslimani-u-bih-pokusavaju-da-iskoriste-ukrajinsku-krizu-za-svoje-ciljeve\\\/#primaryimage\",\"url\":\"https:\\\/\\\/radioljubuski.ba\\\/wp-content\\\/uploads\\\/2021\\\/12\\\/dodik-dva-mikrofona.jpg\",\"contentUrl\":\"https:\\\/\\\/radioljubuski.ba\\\/wp-content\\\/uploads\\\/2021\\\/12\\\/dodik-dva-mikrofona.jpg\",\"width\":658,\"height\":494},{\"@type\":\"BreadcrumbList\",\"@id\":\"https:\\\/\\\/radioljubuski.ba\\\/index.php\\\/2022\\\/05\\\/24\\\/dodik-muslimani-u-bih-pokusavaju-da-iskoriste-ukrajinsku-krizu-za-svoje-ciljeve\\\/#breadcrumb\",\"itemListElement\":[{\"@type\":\"ListItem\",\"position\":1,\"name\":\"Po\u010detna stranica\",\"item\":\"https:\\\/\\\/radioljubuski.ba\\\/\"},{\"@type\":\"ListItem\",\"position\":2,\"name\":\"Dodik: Muslimani u BiH poku\u0161avaju da iskoriste ukrajinsku krizu za svoje ciljeve\"}]},{\"@type\":\"WebSite\",\"@id\":\"https:\\\/\\\/radioljubuski.ba\\\/#website\",\"url\":\"https:\\\/\\\/radioljubuski.ba\\\/\",\"name\":\"Radio Ljubu\u0161ki\",\"description\":\"Sun\u010dana frekvencija Hercegovine\",\"publisher\":{\"@id\":\"https:\\\/\\\/radioljubuski.ba\\\/#organization\"},\"potentialAction\":[{\"@type\":\"SearchAction\",\"target\":{\"@type\":\"EntryPoint\",\"urlTemplate\":\"https:\\\/\\\/radioljubuski.ba\\\/?s={search_term_string}\"},\"query-input\":{\"@type\":\"PropertyValueSpecification\",\"valueRequired\":true,\"valueName\":\"search_term_string\"}}],\"inLanguage\":\"hr\"},{\"@type\":\"Organization\",\"@id\":\"https:\\\/\\\/radioljubuski.ba\\\/#organization\",\"name\":\"Radio Ljubu\u0161ki\",\"url\":\"https:\\\/\\\/radioljubuski.ba\\\/\",\"logo\":{\"@type\":\"ImageObject\",\"inLanguage\":\"hr\",\"@id\":\"https:\\\/\\\/radioljubuski.ba\\\/#\\\/schema\\\/logo\\\/image\\\/\",\"url\":\"https:\\\/\\\/radioljubuski.ba\\\/wp-content\\\/uploads\\\/2021\\\/02\\\/cropped-Radio_Ljubuski_logo1.jpg\",\"contentUrl\":\"https:\\\/\\\/radioljubuski.ba\\\/wp-content\\\/uploads\\\/2021\\\/02\\\/cropped-Radio_Ljubuski_logo1.jpg\",\"width\":512,\"height\":512,\"caption\":\"Radio Ljubu\u0161ki\"},\"image\":{\"@id\":\"https:\\\/\\\/radioljubuski.ba\\\/#\\\/schema\\\/logo\\\/image\\\/\"},\"sameAs\":[\"https:\\\/\\\/www.facebook.com\\\/Radiio-Ljubuski-1490835324566332\",\"https:\\\/\\\/x.com\\\/radioljubuski\",\"https:\\\/\\\/hr.linkedin.com\\\/company\\\/radio-ljubuski\",\"https:\\\/\\\/www.youtube.com\\\/channel\\\/UCHYaeO_n0Db3tjNGudGpXyw\"]},{\"@type\":\"Person\",\"@id\":\"https:\\\/\\\/radioljubuski.ba\\\/#\\\/schema\\\/person\\\/19fc700381a780f69665d7956c469e3b\",\"name\":\"Radio Ljubu\u0161ki\"}]}<\/script>\n<!-- \/ Yoast SEO plugin. -->","yoast_head_json":{"title":"Dodik: Muslimani u BiH poku\u0161avaju da iskoriste ukrajinsku krizu za svoje ciljeve - RADIO LJUBU\u0160KI","robots":{"index":"index","follow":"follow","max-snippet":"max-snippet:-1","max-image-preview":"max-image-preview:large","max-video-preview":"max-video-preview:-1"},"canonical":"https:\/\/radioljubuski.ba\/index.php\/2022\/05\/24\/dodik-muslimani-u-bih-pokusavaju-da-iskoriste-ukrajinsku-krizu-za-svoje-ciljeve\/","og_locale":"hr_HR","og_type":"article","og_title":"Dodik: Muslimani u BiH poku\u0161avaju da iskoriste ukrajinsku krizu za svoje ciljeve - RADIO LJUBU\u0160KI","og_description":"Srpski \u010dlan Predsjedni\u0161tva BiH Milorad Dodik rekao je danas da su ministar obrane Sifet Pod\u017ei\u0107 i na\u010delnik Zajedni\u010dkog sto\u017eera Oru\u017eanih snaga BiH Senad Ma\u0161ovi\u0107 prisustvovali sastanku ministra obrane SAD Lojda Ostina sa ukrajinskim du\u017enosnicima bez odluke Predsjedni\u0161tva BiH. Dodik je rekao da to pitanje nije bilo na sjednici Predsjedni\u0161tva BiH, te da je on o [&hellip;]","og_url":"https:\/\/radioljubuski.ba\/index.php\/2022\/05\/24\/dodik-muslimani-u-bih-pokusavaju-da-iskoriste-ukrajinsku-krizu-za-svoje-ciljeve\/","og_site_name":"RADIO LJUBU\u0160KI","article_publisher":"https:\/\/www.facebook.com\/Radiio-Ljubuski-1490835324566332","article_published_time":"2022-05-24T11:36:50+00:00","article_modified_time":"2022-05-24T11:36:51+00:00","og_image":[{"width":658,"height":494,"url":"https:\/\/radioljubuski.ba\/wp-content\/uploads\/2021\/12\/dodik-dva-mikrofona.jpg","type":"image\/jpeg"}],"author":"Radio Ljubu\u0161ki","twitter_card":"summary_large_image","twitter_creator":"@radioljubuski","twitter_site":"@radioljubuski","twitter_misc":{"Napisao\/la":"Radio Ljubu\u0161ki","Procijenjeno vrijeme \u010ditanja":"1 minuta"},"schema":{"@context":"https:\/\/schema.org","@graph":[{"@type":"Article","@id":"https:\/\/radioljubuski.ba\/index.php\/2022\/05\/24\/dodik-muslimani-u-bih-pokusavaju-da-iskoriste-ukrajinsku-krizu-za-svoje-ciljeve\/#article","isPartOf":{"@id":"https:\/\/radioljubuski.ba\/index.php\/2022\/05\/24\/dodik-muslimani-u-bih-pokusavaju-da-iskoriste-ukrajinsku-krizu-za-svoje-ciljeve\/"},"author":{"name":"Radio Ljubu\u0161ki","@id":"https:\/\/radioljubuski.ba\/#\/schema\/person\/19fc700381a780f69665d7956c469e3b"},"headline":"Dodik: Muslimani u BiH poku\u0161avaju da iskoriste ukrajinsku krizu za svoje ciljeve","datePublished":"2022-05-24T11:36:50+00:00","dateModified":"2022-05-24T11:36:51+00:00","mainEntityOfPage":{"@id":"https:\/\/radioljubuski.ba\/index.php\/2022\/05\/24\/dodik-muslimani-u-bih-pokusavaju-da-iskoriste-ukrajinsku-krizu-za-svoje-ciljeve\/"},"wordCount":238,"publisher":{"@id":"https:\/\/radioljubuski.ba\/#organization"},"image":{"@id":"https:\/\/radioljubuski.ba\/index.php\/2022\/05\/24\/dodik-muslimani-u-bih-pokusavaju-da-iskoriste-ukrajinsku-krizu-za-svoje-ciljeve\/#primaryimage"},"thumbnailUrl":"https:\/\/radioljubuski.ba\/wp-content\/uploads\/2021\/12\/dodik-dva-mikrofona.jpg","articleSection":["BIH i regija"],"inLanguage":"hr"},{"@type":"WebPage","@id":"https:\/\/radioljubuski.ba\/index.php\/2022\/05\/24\/dodik-muslimani-u-bih-pokusavaju-da-iskoriste-ukrajinsku-krizu-za-svoje-ciljeve\/","url":"https:\/\/radioljubuski.ba\/index.php\/2022\/05\/24\/dodik-muslimani-u-bih-pokusavaju-da-iskoriste-ukrajinsku-krizu-za-svoje-ciljeve\/","name":"Dodik: Muslimani u BiH poku\u0161avaju da iskoriste ukrajinsku krizu za svoje ciljeve - RADIO LJUBU\u0160KI","isPartOf":{"@id":"https:\/\/radioljubuski.ba\/#website"},"primaryImageOfPage":{"@id":"https:\/\/radioljubuski.ba\/index.php\/2022\/05\/24\/dodik-muslimani-u-bih-pokusavaju-da-iskoriste-ukrajinsku-krizu-za-svoje-ciljeve\/#primaryimage"},"image":{"@id":"https:\/\/radioljubuski.ba\/index.php\/2022\/05\/24\/dodik-muslimani-u-bih-pokusavaju-da-iskoriste-ukrajinsku-krizu-za-svoje-ciljeve\/#primaryimage"},"thumbnailUrl":"https:\/\/radioljubuski.ba\/wp-content\/uploads\/2021\/12\/dodik-dva-mikrofona.jpg","datePublished":"2022-05-24T11:36:50+00:00","dateModified":"2022-05-24T11:36:51+00:00","breadcrumb":{"@id":"https:\/\/radioljubuski.ba\/index.php\/2022\/05\/24\/dodik-muslimani-u-bih-pokusavaju-da-iskoriste-ukrajinsku-krizu-za-svoje-ciljeve\/#breadcrumb"},"inLanguage":"hr","potentialAction":[{"@type":"ReadAction","target":["https:\/\/radioljubuski.ba\/index.php\/2022\/05\/24\/dodik-muslimani-u-bih-pokusavaju-da-iskoriste-ukrajinsku-krizu-za-svoje-ciljeve\/"]}]},{"@type":"ImageObject","inLanguage":"hr","@id":"https:\/\/radioljubuski.ba\/index.php\/2022\/05\/24\/dodik-muslimani-u-bih-pokusavaju-da-iskoriste-ukrajinsku-krizu-za-svoje-ciljeve\/#primaryimage","url":"https:\/\/radioljubuski.ba\/wp-content\/uploads\/2021\/12\/dodik-dva-mikrofona.jpg","contentUrl":"https:\/\/radioljubuski.ba\/wp-content\/uploads\/2021\/12\/dodik-dva-mikrofona.jpg","width":658,"height":494},{"@type":"BreadcrumbList","@id":"https:\/\/radioljubuski.ba\/index.php\/2022\/05\/24\/dodik-muslimani-u-bih-pokusavaju-da-iskoriste-ukrajinsku-krizu-za-svoje-ciljeve\/#breadcrumb","itemListElement":[{"@type":"ListItem","position":1,"name":"Po\u010detna stranica","item":"https:\/\/radioljubuski.ba\/"},{"@type":"ListItem","position":2,"name":"Dodik: Muslimani u BiH poku\u0161avaju da iskoriste ukrajinsku krizu za svoje ciljeve"}]},{"@type":"WebSite","@id":"https:\/\/radioljubuski.ba\/#website","url":"https:\/\/radioljubuski.ba\/","name":"Radio Ljubu\u0161ki","description":"Sun\u010dana frekvencija Hercegovine","publisher":{"@id":"https:\/\/radioljubuski.ba\/#organization"},"potentialAction":[{"@type":"SearchAction","target":{"@type":"EntryPoint","urlTemplate":"https:\/\/radioljubuski.ba\/?s={search_term_string}"},"query-input":{"@type":"PropertyValueSpecification","valueRequired":true,"valueName":"search_term_string"}}],"inLanguage":"hr"},{"@type":"Organization","@id":"https:\/\/radioljubuski.ba\/#organization","name":"Radio Ljubu\u0161ki","url":"https:\/\/radioljubuski.ba\/","logo":{"@type":"ImageObject","inLanguage":"hr","@id":"https:\/\/radioljubuski.ba\/#\/schema\/logo\/image\/","url":"https:\/\/radioljubuski.ba\/wp-content\/uploads\/2021\/02\/cropped-Radio_Ljubuski_logo1.jpg","contentUrl":"https:\/\/radioljubuski.ba\/wp-content\/uploads\/2021\/02\/cropped-Radio_Ljubuski_logo1.jpg","width":512,"height":512,"caption":"Radio Ljubu\u0161ki"},"image":{"@id":"https:\/\/radioljubuski.ba\/#\/schema\/logo\/image\/"},"sameAs":["https:\/\/www.facebook.com\/Radiio-Ljubuski-1490835324566332","https:\/\/x.com\/radioljubuski","https:\/\/hr.linkedin.com\/company\/radio-ljubuski","https:\/\/www.youtube.com\/channel\/UCHYaeO_n0Db3tjNGudGpXyw"]},{"@type":"Person","@id":"https:\/\/radioljubuski.ba\/#\/schema\/person\/19fc700381a780f69665d7956c469e3b","name":"Radio Ljubu\u0161ki"}]}},"_links":{"self":[{"href":"https:\/\/radioljubuski.ba\/index.php\/wp-json\/wp\/v2\/posts\/143653","targetHints":{"allow":["GET"]}}],"collection":[{"href":"https:\/\/radioljubuski.ba\/index.php\/wp-json\/wp\/v2\/posts"}],"about":[{"href":"https:\/\/radioljubuski.ba\/index.php\/wp-json\/wp\/v2\/types\/post"}],"author":[{"embeddable":true,"href":"https:\/\/radioljubuski.ba\/index.php\/wp-json\/wp\/v2\/users\/2"}],"replies":[{"embeddable":true,"href":"https:\/\/radioljubuski.ba\/index.php\/wp-json\/wp\/v2\/comments?post=143653"}],"version-history":[{"count":1,"href":"https:\/\/radioljubuski.ba\/index.php\/wp-json\/wp\/v2\/posts\/143653\/revisions"}],"predecessor-version":[{"id":143655,"href":"https:\/\/radioljubuski.ba\/index.php\/wp-json\/wp\/v2\/posts\/143653\/revisions\/143655"}],"wp:featuredmedia":[{"embeddable":true,"href":"https:\/\/radioljubuski.ba\/index.php\/wp-json\/wp\/v2\/media\/104074"}],"wp:attachment":[{"href":"https:\/\/radioljubuski.ba\/index.php\/wp-json\/wp\/v2\/media?parent=143653"}],"wp:term":[{"taxonomy":"category","embeddable":true,"href":"https:\/\/radioljubuski.ba\/index.php\/wp-json\/wp\/v2\/categories?post=143653"},{"taxonomy":"post_tag","embeddable":true,"href":"https:\/\/radioljubuski.ba\/index.php\/wp-json\/wp\/v2\/tags?post=143653"}],"curies":[{"name":"wp","href":"https:\/\/api.w.org\/{rel}","templated":true}]}}