{"id":143690,"date":"2022-05-24T13:11:05","date_gmt":"2022-05-24T12:11:05","guid":{"rendered":"https:\/\/radioljubuski.ba\/?p=143690"},"modified":"2022-05-24T13:11:07","modified_gmt":"2022-05-24T12:11:07","slug":"14-godina-placao-alimentaciju-a-onda-saznao-da-dijete-nije-njegovo","status":"publish","type":"post","link":"https:\/\/radioljubuski.ba\/index.php\/2022\/05\/24\/14-godina-placao-alimentaciju-a-onda-saznao-da-dijete-nije-njegovo\/","title":{"rendered":"14 godina pla\u0107ao alimentaciju, a onda saznao da dijete nije njegovo"},"content":{"rendered":"\n<p>S.B. iz Vara\u017edinske \u017eupanije 14 je godina bio uvjeren da je otac dje\u010daka za kojeg je pla\u0107ao i alimentaciju. No, kad je doznao da dje\u010dak nije njegov, podigao je tu\u017ebu protiv biv\u0161e partnerice, sina i njegovog pravog biolo\u0161kog oca, tra\u017ee\u0107i da mu se vrati novac.<\/p>\n\n\n\n<p>Jednim dijelom to mu je i uspjelo, pa mu dje\u010dakov biolo\u0161ki otac, prema presudi Op\u0107inskog suda u Vara\u017edinu, mora isplatiti 34.200 kuna. Sud je odbacio dio tu\u017ebe koji se odnosi na biv\u0161u partnericu i dje\u010daka za kojeg je mislio da mu je sin, pa \u0107e im sad morati nadoknadiiti 31.500 kuna sudskih tro\u0161kova.<\/p>\n\n\n\n<p>Neobi\u010dna pri\u010da po\u010dela je 2003. godine kad su se upoznali i zaljubili. Dru\u017eili su se tri do \u010detiri mjeseca. Kad je zatrudnjela, uvjeravala ga da je bila jedino s njim. U prosincu 2004. priznao je o\u010dinstvo i prema nagodbi sklopljenoj izme\u0111u njega i biv\u0161e partnerice pred Centrom za socijalnu skrb obvezao se ispla\u0107ivati 600 kuna mjese\u010dno za dje\u010dakovo uzdr\u017eavanje. Taj je iznos 2012. pove\u0107an na 900 kuna. I onda su 2016. po\u010dele selom kolati pri\u010de da dje\u010dak nije njegov, pa je S. B. predlo\u017eio da se napravi test o\u010dinstva. \u010cak i kad je dobio nalaz da nije biolo\u0161ki otac, uvjeravala ga je da to nije to\u010dno i da je test sigurno nevaljan. No, kasnije je ipak priznala da mu je, spavaju\u0107i s drugima, &#8220;vratila&#8221; to \u0161to je on nju prevario, ali je i dalje inzistirala da je, prema njezinu izra\u010dunu, on otac.<\/p>\n\n\n\n<p>Trajalo je to sve dok na Op\u0107inskom sudu u Vara\u017edinu 2018., nije pravomo\u0107no utvr\u0111eno da S.B. ipak nije dje\u010dakov otac. Do tada je uplatio oko 122.700 kuna alimentacije. U tu\u017ebi je naveo da ga je biv\u0161a partnerica neistinitim tvrdnjama navela da prizna o\u010dinstvo i 14 godina &#8220;odr\u017eavala u zabludi&#8221;, a on nije, ka\u017ee, imao razloga sumnjati jer je s njom imao intimne odnose u vrijeme dje\u010dakova za\u010de\u0107a. Nije imao saznanja da je u isto vrijeme imala intimne odnose i sa drugim osobama.<\/p>\n\n\n\n<p>U tu\u017ebi je tra\u017eio da mu sin za razdoblje od kolovoza 2004. do prosinca 2013. vrati iznos od 73.200 kuna te da mu svo troje solidarno isplate jo\u0161 49.500 kuna za razdoblje od sije\u010dnja 2014. do srpnja 2018. Majka i sin protivili su se tu\u017ebenom zahtjevu isti\u010du\u0107i prigovor proma\u0161ene pasivne legitimacije.<\/p>\n\n\n\n<p>Smatraju da S. B. povrat treba zatra\u017eiti od pravog oca. A pravi otac tako\u0111er je osporavao tu\u017ebu uz obrazlo\u017eenje da nije imao nikakvih saznanja da je dje\u010dakov otac. Po\u017ealio se da ga je S.B. svojim svojim priznanjem o\u010dinstva zapravo onemogu\u0107io da sazna da je on otac, prenosi <a href=\"https:\/\/m.vecernji.hr\/vijesti\/placao-14-godina-alimentaciju-uvjeren-da-je-djecak-njegov-sve-dok-selom-nisu-pocele-kolati-price-1588990?fbclid=IwAR0u1zlzPXQlBQXn9svbE6Eb5xuf2pOQEbCEw5Zdzyo-w-gQpzRVeoxrLOU\" target=\"_blank\" rel=\"noreferrer noopener\">Ve\u010dernji.hr.<\/a><\/p>\n\n\n\n<p>Izvor:vecernji.ba<\/p>\n","protected":false},"excerpt":{"rendered":"<p>S.B. iz Vara\u017edinske \u017eupanije 14 je godina bio uvjeren da je otac dje\u010daka za kojeg je pla\u0107ao i alimentaciju. No, kad je doznao da dje\u010dak nije njegov, podigao je tu\u017ebu protiv biv\u0161e partnerice, sina i njegovog pravog biolo\u0161kog oca, tra\u017ee\u0107i da mu se vrati novac. Jednim dijelom to mu je i uspjelo, pa mu dje\u010dakov [&hellip;]<\/p>\n","protected":false},"author":2,"featured_media":143691,"comment_status":"closed","ping_status":"closed","sticky":false,"template":"","format":"standard","meta":{"h5ap_radio_sources":[],"footnotes":""},"categories":[1],"tags":[],"class_list":["post-143690","post","type-post","status-publish","format-standard","has-post-thumbnail","hentry","category-bihiregija"],"yoast_head":"<!-- This site is optimized with the Yoast SEO plugin v27.5 - https:\/\/yoast.com\/product\/yoast-seo-wordpress\/ -->\n<title>14 godina pla\u0107ao alimentaciju, a onda saznao da dijete nije njegovo - RADIO LJUBU\u0160KI<\/title>\n<meta name=\"robots\" content=\"index, follow, max-snippet:-1, max-image-preview:large, max-video-preview:-1\" \/>\n<link rel=\"canonical\" href=\"https:\/\/radioljubuski.ba\/index.php\/2022\/05\/24\/14-godina-placao-alimentaciju-a-onda-saznao-da-dijete-nije-njegovo\/\" \/>\n<meta property=\"og:locale\" content=\"hr_HR\" \/>\n<meta property=\"og:type\" content=\"article\" \/>\n<meta property=\"og:title\" content=\"14 godina pla\u0107ao alimentaciju, a onda saznao da dijete nije njegovo - RADIO LJUBU\u0160KI\" \/>\n<meta property=\"og:description\" content=\"S.B. iz Vara\u017edinske \u017eupanije 14 je godina bio uvjeren da je otac dje\u010daka za kojeg je pla\u0107ao i alimentaciju. No, kad je doznao da dje\u010dak nije njegov, podigao je tu\u017ebu protiv biv\u0161e partnerice, sina i njegovog pravog biolo\u0161kog oca, tra\u017ee\u0107i da mu se vrati novac. Jednim dijelom to mu je i uspjelo, pa mu dje\u010dakov [&hellip;]\" \/>\n<meta property=\"og:url\" content=\"https:\/\/radioljubuski.ba\/index.php\/2022\/05\/24\/14-godina-placao-alimentaciju-a-onda-saznao-da-dijete-nije-njegovo\/\" \/>\n<meta property=\"og:site_name\" content=\"RADIO LJUBU\u0160KI\" \/>\n<meta property=\"article:publisher\" content=\"https:\/\/www.facebook.com\/Radiio-Ljubuski-1490835324566332\" \/>\n<meta property=\"article:published_time\" content=\"2022-05-24T12:11:05+00:00\" \/>\n<meta property=\"article:modified_time\" content=\"2022-05-24T12:11:07+00:00\" \/>\n<meta property=\"og:image\" content=\"https:\/\/radioljubuski.ba\/wp-content\/uploads\/2022\/05\/LThBCqi4_broji_kune_alter.jpg\" \/>\n\t<meta property=\"og:image:width\" content=\"1000\" \/>\n\t<meta property=\"og:image:height\" content=\"625\" \/>\n\t<meta property=\"og:image:type\" content=\"image\/jpeg\" \/>\n<meta name=\"author\" content=\"Radio Ljubu\u0161ki\" \/>\n<meta name=\"twitter:card\" content=\"summary_large_image\" \/>\n<meta name=\"twitter:creator\" content=\"@radioljubuski\" \/>\n<meta name=\"twitter:site\" content=\"@radioljubuski\" \/>\n<meta name=\"twitter:label1\" content=\"Napisao\/la\" \/>\n\t<meta name=\"twitter:data1\" content=\"Radio Ljubu\u0161ki\" \/>\n\t<meta name=\"twitter:label2\" content=\"Procijenjeno vrijeme \u010ditanja\" \/>\n\t<meta name=\"twitter:data2\" content=\"2 minute\" \/>\n<script type=\"application\/ld+json\" class=\"yoast-schema-graph\">{\"@context\":\"https:\\\/\\\/schema.org\",\"@graph\":[{\"@type\":\"Article\",\"@id\":\"https:\\\/\\\/radioljubuski.ba\\\/index.php\\\/2022\\\/05\\\/24\\\/14-godina-placao-alimentaciju-a-onda-saznao-da-dijete-nije-njegovo\\\/#article\",\"isPartOf\":{\"@id\":\"https:\\\/\\\/radioljubuski.ba\\\/index.php\\\/2022\\\/05\\\/24\\\/14-godina-placao-alimentaciju-a-onda-saznao-da-dijete-nije-njegovo\\\/\"},\"author\":{\"name\":\"Radio Ljubu\u0161ki\",\"@id\":\"https:\\\/\\\/radioljubuski.ba\\\/#\\\/schema\\\/person\\\/19fc700381a780f69665d7956c469e3b\"},\"headline\":\"14 godina pla\u0107ao alimentaciju, a onda saznao da dijete nije njegovo\",\"datePublished\":\"2022-05-24T12:11:05+00:00\",\"dateModified\":\"2022-05-24T12:11:07+00:00\",\"mainEntityOfPage\":{\"@id\":\"https:\\\/\\\/radioljubuski.ba\\\/index.php\\\/2022\\\/05\\\/24\\\/14-godina-placao-alimentaciju-a-onda-saznao-da-dijete-nije-njegovo\\\/\"},\"wordCount\":488,\"publisher\":{\"@id\":\"https:\\\/\\\/radioljubuski.ba\\\/#organization\"},\"image\":{\"@id\":\"https:\\\/\\\/radioljubuski.ba\\\/index.php\\\/2022\\\/05\\\/24\\\/14-godina-placao-alimentaciju-a-onda-saznao-da-dijete-nije-njegovo\\\/#primaryimage\"},\"thumbnailUrl\":\"https:\\\/\\\/radioljubuski.ba\\\/wp-content\\\/uploads\\\/2022\\\/05\\\/LThBCqi4_broji_kune_alter.jpg\",\"articleSection\":[\"BIH i regija\"],\"inLanguage\":\"hr\"},{\"@type\":\"WebPage\",\"@id\":\"https:\\\/\\\/radioljubuski.ba\\\/index.php\\\/2022\\\/05\\\/24\\\/14-godina-placao-alimentaciju-a-onda-saznao-da-dijete-nije-njegovo\\\/\",\"url\":\"https:\\\/\\\/radioljubuski.ba\\\/index.php\\\/2022\\\/05\\\/24\\\/14-godina-placao-alimentaciju-a-onda-saznao-da-dijete-nije-njegovo\\\/\",\"name\":\"14 godina pla\u0107ao alimentaciju, a onda saznao da dijete nije njegovo - RADIO LJUBU\u0160KI\",\"isPartOf\":{\"@id\":\"https:\\\/\\\/radioljubuski.ba\\\/#website\"},\"primaryImageOfPage\":{\"@id\":\"https:\\\/\\\/radioljubuski.ba\\\/index.php\\\/2022\\\/05\\\/24\\\/14-godina-placao-alimentaciju-a-onda-saznao-da-dijete-nije-njegovo\\\/#primaryimage\"},\"image\":{\"@id\":\"https:\\\/\\\/radioljubuski.ba\\\/index.php\\\/2022\\\/05\\\/24\\\/14-godina-placao-alimentaciju-a-onda-saznao-da-dijete-nije-njegovo\\\/#primaryimage\"},\"thumbnailUrl\":\"https:\\\/\\\/radioljubuski.ba\\\/wp-content\\\/uploads\\\/2022\\\/05\\\/LThBCqi4_broji_kune_alter.jpg\",\"datePublished\":\"2022-05-24T12:11:05+00:00\",\"dateModified\":\"2022-05-24T12:11:07+00:00\",\"breadcrumb\":{\"@id\":\"https:\\\/\\\/radioljubuski.ba\\\/index.php\\\/2022\\\/05\\\/24\\\/14-godina-placao-alimentaciju-a-onda-saznao-da-dijete-nije-njegovo\\\/#breadcrumb\"},\"inLanguage\":\"hr\",\"potentialAction\":[{\"@type\":\"ReadAction\",\"target\":[\"https:\\\/\\\/radioljubuski.ba\\\/index.php\\\/2022\\\/05\\\/24\\\/14-godina-placao-alimentaciju-a-onda-saznao-da-dijete-nije-njegovo\\\/\"]}]},{\"@type\":\"ImageObject\",\"inLanguage\":\"hr\",\"@id\":\"https:\\\/\\\/radioljubuski.ba\\\/index.php\\\/2022\\\/05\\\/24\\\/14-godina-placao-alimentaciju-a-onda-saznao-da-dijete-nije-njegovo\\\/#primaryimage\",\"url\":\"https:\\\/\\\/radioljubuski.ba\\\/wp-content\\\/uploads\\\/2022\\\/05\\\/LThBCqi4_broji_kune_alter.jpg\",\"contentUrl\":\"https:\\\/\\\/radioljubuski.ba\\\/wp-content\\\/uploads\\\/2022\\\/05\\\/LThBCqi4_broji_kune_alter.jpg\",\"width\":1000,\"height\":625},{\"@type\":\"BreadcrumbList\",\"@id\":\"https:\\\/\\\/radioljubuski.ba\\\/index.php\\\/2022\\\/05\\\/24\\\/14-godina-placao-alimentaciju-a-onda-saznao-da-dijete-nije-njegovo\\\/#breadcrumb\",\"itemListElement\":[{\"@type\":\"ListItem\",\"position\":1,\"name\":\"Po\u010detna stranica\",\"item\":\"https:\\\/\\\/radioljubuski.ba\\\/\"},{\"@type\":\"ListItem\",\"position\":2,\"name\":\"14 godina pla\u0107ao alimentaciju, a onda saznao da dijete nije njegovo\"}]},{\"@type\":\"WebSite\",\"@id\":\"https:\\\/\\\/radioljubuski.ba\\\/#website\",\"url\":\"https:\\\/\\\/radioljubuski.ba\\\/\",\"name\":\"Radio Ljubu\u0161ki\",\"description\":\"Sun\u010dana frekvencija Hercegovine\",\"publisher\":{\"@id\":\"https:\\\/\\\/radioljubuski.ba\\\/#organization\"},\"potentialAction\":[{\"@type\":\"SearchAction\",\"target\":{\"@type\":\"EntryPoint\",\"urlTemplate\":\"https:\\\/\\\/radioljubuski.ba\\\/?s={search_term_string}\"},\"query-input\":{\"@type\":\"PropertyValueSpecification\",\"valueRequired\":true,\"valueName\":\"search_term_string\"}}],\"inLanguage\":\"hr\"},{\"@type\":\"Organization\",\"@id\":\"https:\\\/\\\/radioljubuski.ba\\\/#organization\",\"name\":\"Radio Ljubu\u0161ki\",\"url\":\"https:\\\/\\\/radioljubuski.ba\\\/\",\"logo\":{\"@type\":\"ImageObject\",\"inLanguage\":\"hr\",\"@id\":\"https:\\\/\\\/radioljubuski.ba\\\/#\\\/schema\\\/logo\\\/image\\\/\",\"url\":\"https:\\\/\\\/radioljubuski.ba\\\/wp-content\\\/uploads\\\/2021\\\/02\\\/cropped-Radio_Ljubuski_logo1.jpg\",\"contentUrl\":\"https:\\\/\\\/radioljubuski.ba\\\/wp-content\\\/uploads\\\/2021\\\/02\\\/cropped-Radio_Ljubuski_logo1.jpg\",\"width\":512,\"height\":512,\"caption\":\"Radio Ljubu\u0161ki\"},\"image\":{\"@id\":\"https:\\\/\\\/radioljubuski.ba\\\/#\\\/schema\\\/logo\\\/image\\\/\"},\"sameAs\":[\"https:\\\/\\\/www.facebook.com\\\/Radiio-Ljubuski-1490835324566332\",\"https:\\\/\\\/x.com\\\/radioljubuski\",\"https:\\\/\\\/hr.linkedin.com\\\/company\\\/radio-ljubuski\",\"https:\\\/\\\/www.youtube.com\\\/channel\\\/UCHYaeO_n0Db3tjNGudGpXyw\"]},{\"@type\":\"Person\",\"@id\":\"https:\\\/\\\/radioljubuski.ba\\\/#\\\/schema\\\/person\\\/19fc700381a780f69665d7956c469e3b\",\"name\":\"Radio Ljubu\u0161ki\"}]}<\/script>\n<!-- \/ Yoast SEO plugin. -->","yoast_head_json":{"title":"14 godina pla\u0107ao alimentaciju, a onda saznao da dijete nije njegovo - RADIO LJUBU\u0160KI","robots":{"index":"index","follow":"follow","max-snippet":"max-snippet:-1","max-image-preview":"max-image-preview:large","max-video-preview":"max-video-preview:-1"},"canonical":"https:\/\/radioljubuski.ba\/index.php\/2022\/05\/24\/14-godina-placao-alimentaciju-a-onda-saznao-da-dijete-nije-njegovo\/","og_locale":"hr_HR","og_type":"article","og_title":"14 godina pla\u0107ao alimentaciju, a onda saznao da dijete nije njegovo - RADIO LJUBU\u0160KI","og_description":"S.B. iz Vara\u017edinske \u017eupanije 14 je godina bio uvjeren da je otac dje\u010daka za kojeg je pla\u0107ao i alimentaciju. No, kad je doznao da dje\u010dak nije njegov, podigao je tu\u017ebu protiv biv\u0161e partnerice, sina i njegovog pravog biolo\u0161kog oca, tra\u017ee\u0107i da mu se vrati novac. Jednim dijelom to mu je i uspjelo, pa mu dje\u010dakov [&hellip;]","og_url":"https:\/\/radioljubuski.ba\/index.php\/2022\/05\/24\/14-godina-placao-alimentaciju-a-onda-saznao-da-dijete-nije-njegovo\/","og_site_name":"RADIO LJUBU\u0160KI","article_publisher":"https:\/\/www.facebook.com\/Radiio-Ljubuski-1490835324566332","article_published_time":"2022-05-24T12:11:05+00:00","article_modified_time":"2022-05-24T12:11:07+00:00","og_image":[{"width":1000,"height":625,"url":"https:\/\/radioljubuski.ba\/wp-content\/uploads\/2022\/05\/LThBCqi4_broji_kune_alter.jpg","type":"image\/jpeg"}],"author":"Radio Ljubu\u0161ki","twitter_card":"summary_large_image","twitter_creator":"@radioljubuski","twitter_site":"@radioljubuski","twitter_misc":{"Napisao\/la":"Radio Ljubu\u0161ki","Procijenjeno vrijeme \u010ditanja":"2 minute"},"schema":{"@context":"https:\/\/schema.org","@graph":[{"@type":"Article","@id":"https:\/\/radioljubuski.ba\/index.php\/2022\/05\/24\/14-godina-placao-alimentaciju-a-onda-saznao-da-dijete-nije-njegovo\/#article","isPartOf":{"@id":"https:\/\/radioljubuski.ba\/index.php\/2022\/05\/24\/14-godina-placao-alimentaciju-a-onda-saznao-da-dijete-nije-njegovo\/"},"author":{"name":"Radio Ljubu\u0161ki","@id":"https:\/\/radioljubuski.ba\/#\/schema\/person\/19fc700381a780f69665d7956c469e3b"},"headline":"14 godina pla\u0107ao alimentaciju, a onda saznao da dijete nije njegovo","datePublished":"2022-05-24T12:11:05+00:00","dateModified":"2022-05-24T12:11:07+00:00","mainEntityOfPage":{"@id":"https:\/\/radioljubuski.ba\/index.php\/2022\/05\/24\/14-godina-placao-alimentaciju-a-onda-saznao-da-dijete-nije-njegovo\/"},"wordCount":488,"publisher":{"@id":"https:\/\/radioljubuski.ba\/#organization"},"image":{"@id":"https:\/\/radioljubuski.ba\/index.php\/2022\/05\/24\/14-godina-placao-alimentaciju-a-onda-saznao-da-dijete-nije-njegovo\/#primaryimage"},"thumbnailUrl":"https:\/\/radioljubuski.ba\/wp-content\/uploads\/2022\/05\/LThBCqi4_broji_kune_alter.jpg","articleSection":["BIH i regija"],"inLanguage":"hr"},{"@type":"WebPage","@id":"https:\/\/radioljubuski.ba\/index.php\/2022\/05\/24\/14-godina-placao-alimentaciju-a-onda-saznao-da-dijete-nije-njegovo\/","url":"https:\/\/radioljubuski.ba\/index.php\/2022\/05\/24\/14-godina-placao-alimentaciju-a-onda-saznao-da-dijete-nije-njegovo\/","name":"14 godina pla\u0107ao alimentaciju, a onda saznao da dijete nije njegovo - RADIO LJUBU\u0160KI","isPartOf":{"@id":"https:\/\/radioljubuski.ba\/#website"},"primaryImageOfPage":{"@id":"https:\/\/radioljubuski.ba\/index.php\/2022\/05\/24\/14-godina-placao-alimentaciju-a-onda-saznao-da-dijete-nije-njegovo\/#primaryimage"},"image":{"@id":"https:\/\/radioljubuski.ba\/index.php\/2022\/05\/24\/14-godina-placao-alimentaciju-a-onda-saznao-da-dijete-nije-njegovo\/#primaryimage"},"thumbnailUrl":"https:\/\/radioljubuski.ba\/wp-content\/uploads\/2022\/05\/LThBCqi4_broji_kune_alter.jpg","datePublished":"2022-05-24T12:11:05+00:00","dateModified":"2022-05-24T12:11:07+00:00","breadcrumb":{"@id":"https:\/\/radioljubuski.ba\/index.php\/2022\/05\/24\/14-godina-placao-alimentaciju-a-onda-saznao-da-dijete-nije-njegovo\/#breadcrumb"},"inLanguage":"hr","potentialAction":[{"@type":"ReadAction","target":["https:\/\/radioljubuski.ba\/index.php\/2022\/05\/24\/14-godina-placao-alimentaciju-a-onda-saznao-da-dijete-nije-njegovo\/"]}]},{"@type":"ImageObject","inLanguage":"hr","@id":"https:\/\/radioljubuski.ba\/index.php\/2022\/05\/24\/14-godina-placao-alimentaciju-a-onda-saznao-da-dijete-nije-njegovo\/#primaryimage","url":"https:\/\/radioljubuski.ba\/wp-content\/uploads\/2022\/05\/LThBCqi4_broji_kune_alter.jpg","contentUrl":"https:\/\/radioljubuski.ba\/wp-content\/uploads\/2022\/05\/LThBCqi4_broji_kune_alter.jpg","width":1000,"height":625},{"@type":"BreadcrumbList","@id":"https:\/\/radioljubuski.ba\/index.php\/2022\/05\/24\/14-godina-placao-alimentaciju-a-onda-saznao-da-dijete-nije-njegovo\/#breadcrumb","itemListElement":[{"@type":"ListItem","position":1,"name":"Po\u010detna stranica","item":"https:\/\/radioljubuski.ba\/"},{"@type":"ListItem","position":2,"name":"14 godina pla\u0107ao alimentaciju, a onda saznao da dijete nije njegovo"}]},{"@type":"WebSite","@id":"https:\/\/radioljubuski.ba\/#website","url":"https:\/\/radioljubuski.ba\/","name":"Radio Ljubu\u0161ki","description":"Sun\u010dana frekvencija Hercegovine","publisher":{"@id":"https:\/\/radioljubuski.ba\/#organization"},"potentialAction":[{"@type":"SearchAction","target":{"@type":"EntryPoint","urlTemplate":"https:\/\/radioljubuski.ba\/?s={search_term_string}"},"query-input":{"@type":"PropertyValueSpecification","valueRequired":true,"valueName":"search_term_string"}}],"inLanguage":"hr"},{"@type":"Organization","@id":"https:\/\/radioljubuski.ba\/#organization","name":"Radio Ljubu\u0161ki","url":"https:\/\/radioljubuski.ba\/","logo":{"@type":"ImageObject","inLanguage":"hr","@id":"https:\/\/radioljubuski.ba\/#\/schema\/logo\/image\/","url":"https:\/\/radioljubuski.ba\/wp-content\/uploads\/2021\/02\/cropped-Radio_Ljubuski_logo1.jpg","contentUrl":"https:\/\/radioljubuski.ba\/wp-content\/uploads\/2021\/02\/cropped-Radio_Ljubuski_logo1.jpg","width":512,"height":512,"caption":"Radio Ljubu\u0161ki"},"image":{"@id":"https:\/\/radioljubuski.ba\/#\/schema\/logo\/image\/"},"sameAs":["https:\/\/www.facebook.com\/Radiio-Ljubuski-1490835324566332","https:\/\/x.com\/radioljubuski","https:\/\/hr.linkedin.com\/company\/radio-ljubuski","https:\/\/www.youtube.com\/channel\/UCHYaeO_n0Db3tjNGudGpXyw"]},{"@type":"Person","@id":"https:\/\/radioljubuski.ba\/#\/schema\/person\/19fc700381a780f69665d7956c469e3b","name":"Radio Ljubu\u0161ki"}]}},"_links":{"self":[{"href":"https:\/\/radioljubuski.ba\/index.php\/wp-json\/wp\/v2\/posts\/143690","targetHints":{"allow":["GET"]}}],"collection":[{"href":"https:\/\/radioljubuski.ba\/index.php\/wp-json\/wp\/v2\/posts"}],"about":[{"href":"https:\/\/radioljubuski.ba\/index.php\/wp-json\/wp\/v2\/types\/post"}],"author":[{"embeddable":true,"href":"https:\/\/radioljubuski.ba\/index.php\/wp-json\/wp\/v2\/users\/2"}],"replies":[{"embeddable":true,"href":"https:\/\/radioljubuski.ba\/index.php\/wp-json\/wp\/v2\/comments?post=143690"}],"version-history":[{"count":1,"href":"https:\/\/radioljubuski.ba\/index.php\/wp-json\/wp\/v2\/posts\/143690\/revisions"}],"predecessor-version":[{"id":143692,"href":"https:\/\/radioljubuski.ba\/index.php\/wp-json\/wp\/v2\/posts\/143690\/revisions\/143692"}],"wp:featuredmedia":[{"embeddable":true,"href":"https:\/\/radioljubuski.ba\/index.php\/wp-json\/wp\/v2\/media\/143691"}],"wp:attachment":[{"href":"https:\/\/radioljubuski.ba\/index.php\/wp-json\/wp\/v2\/media?parent=143690"}],"wp:term":[{"taxonomy":"category","embeddable":true,"href":"https:\/\/radioljubuski.ba\/index.php\/wp-json\/wp\/v2\/categories?post=143690"},{"taxonomy":"post_tag","embeddable":true,"href":"https:\/\/radioljubuski.ba\/index.php\/wp-json\/wp\/v2\/tags?post=143690"}],"curies":[{"name":"wp","href":"https:\/\/api.w.org\/{rel}","templated":true}]}}