{"id":143695,"date":"2022-05-24T13:13:23","date_gmt":"2022-05-24T12:13:23","guid":{"rendered":"https:\/\/radioljubuski.ba\/?p=143695"},"modified":"2022-05-24T13:13:24","modified_gmt":"2022-05-24T12:13:24","slug":"kcus-za-tri-dana-rodeno-pet-blizanaca-jutros-i-trojke","status":"publish","type":"post","link":"https:\/\/radioljubuski.ba\/index.php\/2022\/05\/24\/kcus-za-tri-dana-rodeno-pet-blizanaca-jutros-i-trojke\/","title":{"rendered":"KCUS: Za tri dana ro\u0111eno pet blizanaca, jutros i trojke"},"content":{"rendered":"\n<p>Lijepe vijesti ovog jutra sti\u017eu iz Klini\u010dkog centra Univerziteta u Sarajevu.&nbsp;<\/p>\n\n\n\n<p>U prethodna tri dana na Ginekolo\u0161ko-aku\u0161erskoj klinici KCUS-a na svijet su pet puta do\u0161li blizanci, potvr\u0111eno je za <a href=\"https:\/\/faktor.ba\/vijest\/lijepe-vijesti-iz-kcus-a-za-tri-dana-rodeno-pet-blizanaca-jutros-i-trojke-\/164229\" target=\"_blank\" rel=\"noreferrer noopener\">Faktor <\/a>iz ove zdravstvene ustanove.<\/p>\n\n\n\n<p>Od jutros je Sarajevo bogatiji za jo\u0161 tri bebe. Mlada Sarajka donijela je na svijet trojke. \u010cestitamo sretnim roditeljima!<\/p>\n\n\n\n<p>Izvor:faktor.ba<\/p>\n","protected":false},"excerpt":{"rendered":"<p>Lijepe vijesti ovog jutra sti\u017eu iz Klini\u010dkog centra Univerziteta u Sarajevu.&nbsp; U prethodna tri dana na Ginekolo\u0161ko-aku\u0161erskoj klinici KCUS-a na svijet su pet puta do\u0161li blizanci, potvr\u0111eno je za Faktor iz ove zdravstvene ustanove. Od jutros je Sarajevo bogatiji za jo\u0161 tri bebe. Mlada Sarajka donijela je na svijet trojke. \u010cestitamo sretnim roditeljima! Izvor:faktor.ba<\/p>\n","protected":false},"author":2,"featured_media":43988,"comment_status":"closed","ping_status":"closed","sticky":false,"template":"","format":"standard","meta":{"h5ap_radio_sources":[],"footnotes":""},"categories":[1],"tags":[],"class_list":["post-143695","post","type-post","status-publish","format-standard","has-post-thumbnail","hentry","category-bihiregija"],"yoast_head":"<!-- This site is optimized with the Yoast SEO plugin v27.5 - https:\/\/yoast.com\/product\/yoast-seo-wordpress\/ -->\n<title>KCUS: Za tri dana ro\u0111eno pet blizanaca, jutros i trojke - RADIO LJUBU\u0160KI<\/title>\n<meta name=\"robots\" content=\"index, follow, max-snippet:-1, max-image-preview:large, max-video-preview:-1\" \/>\n<link rel=\"canonical\" href=\"https:\/\/radioljubuski.ba\/index.php\/2022\/05\/24\/kcus-za-tri-dana-rodeno-pet-blizanaca-jutros-i-trojke\/\" \/>\n<meta property=\"og:locale\" content=\"hr_HR\" \/>\n<meta property=\"og:type\" content=\"article\" \/>\n<meta property=\"og:title\" content=\"KCUS: Za tri dana ro\u0111eno pet blizanaca, jutros i trojke - RADIO LJUBU\u0160KI\" \/>\n<meta property=\"og:description\" content=\"Lijepe vijesti ovog jutra sti\u017eu iz Klini\u010dkog centra Univerziteta u Sarajevu.&nbsp; U prethodna tri dana na Ginekolo\u0161ko-aku\u0161erskoj klinici KCUS-a na svijet su pet puta do\u0161li blizanci, potvr\u0111eno je za Faktor iz ove zdravstvene ustanove. Od jutros je Sarajevo bogatiji za jo\u0161 tri bebe. Mlada Sarajka donijela je na svijet trojke. \u010cestitamo sretnim roditeljima! Izvor:faktor.ba\" \/>\n<meta property=\"og:url\" content=\"https:\/\/radioljubuski.ba\/index.php\/2022\/05\/24\/kcus-za-tri-dana-rodeno-pet-blizanaca-jutros-i-trojke\/\" \/>\n<meta property=\"og:site_name\" content=\"RADIO LJUBU\u0160KI\" \/>\n<meta property=\"article:publisher\" content=\"https:\/\/www.facebook.com\/Radiio-Ljubuski-1490835324566332\" \/>\n<meta property=\"article:published_time\" content=\"2022-05-24T12:13:23+00:00\" \/>\n<meta property=\"article:modified_time\" content=\"2022-05-24T12:13:24+00:00\" \/>\n<meta property=\"og:image\" content=\"https:\/\/radioljubuski.ba\/wp-content\/uploads\/2021\/07\/bebe.jpg\" \/>\n\t<meta property=\"og:image:width\" content=\"840\" \/>\n\t<meta property=\"og:image:height\" content=\"470\" \/>\n\t<meta property=\"og:image:type\" content=\"image\/jpeg\" \/>\n<meta name=\"author\" content=\"Radio Ljubu\u0161ki\" \/>\n<meta name=\"twitter:card\" content=\"summary_large_image\" \/>\n<meta name=\"twitter:creator\" content=\"@radioljubuski\" \/>\n<meta name=\"twitter:site\" content=\"@radioljubuski\" \/>\n<meta name=\"twitter:label1\" content=\"Napisao\/la\" \/>\n\t<meta name=\"twitter:data1\" content=\"Radio Ljubu\u0161ki\" \/>\n\t<meta name=\"twitter:label2\" content=\"Procijenjeno vrijeme \u010ditanja\" \/>\n\t<meta name=\"twitter:data2\" content=\"1 minuta\" \/>\n<script type=\"application\/ld+json\" class=\"yoast-schema-graph\">{\"@context\":\"https:\\\/\\\/schema.org\",\"@graph\":[{\"@type\":\"Article\",\"@id\":\"https:\\\/\\\/radioljubuski.ba\\\/index.php\\\/2022\\\/05\\\/24\\\/kcus-za-tri-dana-rodeno-pet-blizanaca-jutros-i-trojke\\\/#article\",\"isPartOf\":{\"@id\":\"https:\\\/\\\/radioljubuski.ba\\\/index.php\\\/2022\\\/05\\\/24\\\/kcus-za-tri-dana-rodeno-pet-blizanaca-jutros-i-trojke\\\/\"},\"author\":{\"name\":\"Radio Ljubu\u0161ki\",\"@id\":\"https:\\\/\\\/radioljubuski.ba\\\/#\\\/schema\\\/person\\\/19fc700381a780f69665d7956c469e3b\"},\"headline\":\"KCUS: Za tri dana ro\u0111eno pet blizanaca, jutros i trojke\",\"datePublished\":\"2022-05-24T12:13:23+00:00\",\"dateModified\":\"2022-05-24T12:13:24+00:00\",\"mainEntityOfPage\":{\"@id\":\"https:\\\/\\\/radioljubuski.ba\\\/index.php\\\/2022\\\/05\\\/24\\\/kcus-za-tri-dana-rodeno-pet-blizanaca-jutros-i-trojke\\\/\"},\"wordCount\":74,\"publisher\":{\"@id\":\"https:\\\/\\\/radioljubuski.ba\\\/#organization\"},\"image\":{\"@id\":\"https:\\\/\\\/radioljubuski.ba\\\/index.php\\\/2022\\\/05\\\/24\\\/kcus-za-tri-dana-rodeno-pet-blizanaca-jutros-i-trojke\\\/#primaryimage\"},\"thumbnailUrl\":\"https:\\\/\\\/radioljubuski.ba\\\/wp-content\\\/uploads\\\/2021\\\/07\\\/bebe.jpg\",\"articleSection\":[\"BIH i regija\"],\"inLanguage\":\"hr\"},{\"@type\":\"WebPage\",\"@id\":\"https:\\\/\\\/radioljubuski.ba\\\/index.php\\\/2022\\\/05\\\/24\\\/kcus-za-tri-dana-rodeno-pet-blizanaca-jutros-i-trojke\\\/\",\"url\":\"https:\\\/\\\/radioljubuski.ba\\\/index.php\\\/2022\\\/05\\\/24\\\/kcus-za-tri-dana-rodeno-pet-blizanaca-jutros-i-trojke\\\/\",\"name\":\"KCUS: Za tri dana ro\u0111eno pet blizanaca, jutros i trojke - RADIO LJUBU\u0160KI\",\"isPartOf\":{\"@id\":\"https:\\\/\\\/radioljubuski.ba\\\/#website\"},\"primaryImageOfPage\":{\"@id\":\"https:\\\/\\\/radioljubuski.ba\\\/index.php\\\/2022\\\/05\\\/24\\\/kcus-za-tri-dana-rodeno-pet-blizanaca-jutros-i-trojke\\\/#primaryimage\"},\"image\":{\"@id\":\"https:\\\/\\\/radioljubuski.ba\\\/index.php\\\/2022\\\/05\\\/24\\\/kcus-za-tri-dana-rodeno-pet-blizanaca-jutros-i-trojke\\\/#primaryimage\"},\"thumbnailUrl\":\"https:\\\/\\\/radioljubuski.ba\\\/wp-content\\\/uploads\\\/2021\\\/07\\\/bebe.jpg\",\"datePublished\":\"2022-05-24T12:13:23+00:00\",\"dateModified\":\"2022-05-24T12:13:24+00:00\",\"breadcrumb\":{\"@id\":\"https:\\\/\\\/radioljubuski.ba\\\/index.php\\\/2022\\\/05\\\/24\\\/kcus-za-tri-dana-rodeno-pet-blizanaca-jutros-i-trojke\\\/#breadcrumb\"},\"inLanguage\":\"hr\",\"potentialAction\":[{\"@type\":\"ReadAction\",\"target\":[\"https:\\\/\\\/radioljubuski.ba\\\/index.php\\\/2022\\\/05\\\/24\\\/kcus-za-tri-dana-rodeno-pet-blizanaca-jutros-i-trojke\\\/\"]}]},{\"@type\":\"ImageObject\",\"inLanguage\":\"hr\",\"@id\":\"https:\\\/\\\/radioljubuski.ba\\\/index.php\\\/2022\\\/05\\\/24\\\/kcus-za-tri-dana-rodeno-pet-blizanaca-jutros-i-trojke\\\/#primaryimage\",\"url\":\"https:\\\/\\\/radioljubuski.ba\\\/wp-content\\\/uploads\\\/2021\\\/07\\\/bebe.jpg\",\"contentUrl\":\"https:\\\/\\\/radioljubuski.ba\\\/wp-content\\\/uploads\\\/2021\\\/07\\\/bebe.jpg\",\"width\":840,\"height\":470},{\"@type\":\"BreadcrumbList\",\"@id\":\"https:\\\/\\\/radioljubuski.ba\\\/index.php\\\/2022\\\/05\\\/24\\\/kcus-za-tri-dana-rodeno-pet-blizanaca-jutros-i-trojke\\\/#breadcrumb\",\"itemListElement\":[{\"@type\":\"ListItem\",\"position\":1,\"name\":\"Po\u010detna stranica\",\"item\":\"https:\\\/\\\/radioljubuski.ba\\\/\"},{\"@type\":\"ListItem\",\"position\":2,\"name\":\"KCUS: Za tri dana ro\u0111eno pet blizanaca, jutros i trojke\"}]},{\"@type\":\"WebSite\",\"@id\":\"https:\\\/\\\/radioljubuski.ba\\\/#website\",\"url\":\"https:\\\/\\\/radioljubuski.ba\\\/\",\"name\":\"Radio Ljubu\u0161ki\",\"description\":\"Sun\u010dana frekvencija Hercegovine\",\"publisher\":{\"@id\":\"https:\\\/\\\/radioljubuski.ba\\\/#organization\"},\"potentialAction\":[{\"@type\":\"SearchAction\",\"target\":{\"@type\":\"EntryPoint\",\"urlTemplate\":\"https:\\\/\\\/radioljubuski.ba\\\/?s={search_term_string}\"},\"query-input\":{\"@type\":\"PropertyValueSpecification\",\"valueRequired\":true,\"valueName\":\"search_term_string\"}}],\"inLanguage\":\"hr\"},{\"@type\":\"Organization\",\"@id\":\"https:\\\/\\\/radioljubuski.ba\\\/#organization\",\"name\":\"Radio Ljubu\u0161ki\",\"url\":\"https:\\\/\\\/radioljubuski.ba\\\/\",\"logo\":{\"@type\":\"ImageObject\",\"inLanguage\":\"hr\",\"@id\":\"https:\\\/\\\/radioljubuski.ba\\\/#\\\/schema\\\/logo\\\/image\\\/\",\"url\":\"https:\\\/\\\/radioljubuski.ba\\\/wp-content\\\/uploads\\\/2021\\\/02\\\/cropped-Radio_Ljubuski_logo1.jpg\",\"contentUrl\":\"https:\\\/\\\/radioljubuski.ba\\\/wp-content\\\/uploads\\\/2021\\\/02\\\/cropped-Radio_Ljubuski_logo1.jpg\",\"width\":512,\"height\":512,\"caption\":\"Radio Ljubu\u0161ki\"},\"image\":{\"@id\":\"https:\\\/\\\/radioljubuski.ba\\\/#\\\/schema\\\/logo\\\/image\\\/\"},\"sameAs\":[\"https:\\\/\\\/www.facebook.com\\\/Radiio-Ljubuski-1490835324566332\",\"https:\\\/\\\/x.com\\\/radioljubuski\",\"https:\\\/\\\/hr.linkedin.com\\\/company\\\/radio-ljubuski\",\"https:\\\/\\\/www.youtube.com\\\/channel\\\/UCHYaeO_n0Db3tjNGudGpXyw\"]},{\"@type\":\"Person\",\"@id\":\"https:\\\/\\\/radioljubuski.ba\\\/#\\\/schema\\\/person\\\/19fc700381a780f69665d7956c469e3b\",\"name\":\"Radio Ljubu\u0161ki\"}]}<\/script>\n<!-- \/ Yoast SEO plugin. -->","yoast_head_json":{"title":"KCUS: Za tri dana ro\u0111eno pet blizanaca, jutros i trojke - RADIO LJUBU\u0160KI","robots":{"index":"index","follow":"follow","max-snippet":"max-snippet:-1","max-image-preview":"max-image-preview:large","max-video-preview":"max-video-preview:-1"},"canonical":"https:\/\/radioljubuski.ba\/index.php\/2022\/05\/24\/kcus-za-tri-dana-rodeno-pet-blizanaca-jutros-i-trojke\/","og_locale":"hr_HR","og_type":"article","og_title":"KCUS: Za tri dana ro\u0111eno pet blizanaca, jutros i trojke - RADIO LJUBU\u0160KI","og_description":"Lijepe vijesti ovog jutra sti\u017eu iz Klini\u010dkog centra Univerziteta u Sarajevu.&nbsp; U prethodna tri dana na Ginekolo\u0161ko-aku\u0161erskoj klinici KCUS-a na svijet su pet puta do\u0161li blizanci, potvr\u0111eno je za Faktor iz ove zdravstvene ustanove. Od jutros je Sarajevo bogatiji za jo\u0161 tri bebe. Mlada Sarajka donijela je na svijet trojke. \u010cestitamo sretnim roditeljima! Izvor:faktor.ba","og_url":"https:\/\/radioljubuski.ba\/index.php\/2022\/05\/24\/kcus-za-tri-dana-rodeno-pet-blizanaca-jutros-i-trojke\/","og_site_name":"RADIO LJUBU\u0160KI","article_publisher":"https:\/\/www.facebook.com\/Radiio-Ljubuski-1490835324566332","article_published_time":"2022-05-24T12:13:23+00:00","article_modified_time":"2022-05-24T12:13:24+00:00","og_image":[{"width":840,"height":470,"url":"https:\/\/radioljubuski.ba\/wp-content\/uploads\/2021\/07\/bebe.jpg","type":"image\/jpeg"}],"author":"Radio Ljubu\u0161ki","twitter_card":"summary_large_image","twitter_creator":"@radioljubuski","twitter_site":"@radioljubuski","twitter_misc":{"Napisao\/la":"Radio Ljubu\u0161ki","Procijenjeno vrijeme \u010ditanja":"1 minuta"},"schema":{"@context":"https:\/\/schema.org","@graph":[{"@type":"Article","@id":"https:\/\/radioljubuski.ba\/index.php\/2022\/05\/24\/kcus-za-tri-dana-rodeno-pet-blizanaca-jutros-i-trojke\/#article","isPartOf":{"@id":"https:\/\/radioljubuski.ba\/index.php\/2022\/05\/24\/kcus-za-tri-dana-rodeno-pet-blizanaca-jutros-i-trojke\/"},"author":{"name":"Radio Ljubu\u0161ki","@id":"https:\/\/radioljubuski.ba\/#\/schema\/person\/19fc700381a780f69665d7956c469e3b"},"headline":"KCUS: Za tri dana ro\u0111eno pet blizanaca, jutros i trojke","datePublished":"2022-05-24T12:13:23+00:00","dateModified":"2022-05-24T12:13:24+00:00","mainEntityOfPage":{"@id":"https:\/\/radioljubuski.ba\/index.php\/2022\/05\/24\/kcus-za-tri-dana-rodeno-pet-blizanaca-jutros-i-trojke\/"},"wordCount":74,"publisher":{"@id":"https:\/\/radioljubuski.ba\/#organization"},"image":{"@id":"https:\/\/radioljubuski.ba\/index.php\/2022\/05\/24\/kcus-za-tri-dana-rodeno-pet-blizanaca-jutros-i-trojke\/#primaryimage"},"thumbnailUrl":"https:\/\/radioljubuski.ba\/wp-content\/uploads\/2021\/07\/bebe.jpg","articleSection":["BIH i regija"],"inLanguage":"hr"},{"@type":"WebPage","@id":"https:\/\/radioljubuski.ba\/index.php\/2022\/05\/24\/kcus-za-tri-dana-rodeno-pet-blizanaca-jutros-i-trojke\/","url":"https:\/\/radioljubuski.ba\/index.php\/2022\/05\/24\/kcus-za-tri-dana-rodeno-pet-blizanaca-jutros-i-trojke\/","name":"KCUS: Za tri dana ro\u0111eno pet blizanaca, jutros i trojke - RADIO LJUBU\u0160KI","isPartOf":{"@id":"https:\/\/radioljubuski.ba\/#website"},"primaryImageOfPage":{"@id":"https:\/\/radioljubuski.ba\/index.php\/2022\/05\/24\/kcus-za-tri-dana-rodeno-pet-blizanaca-jutros-i-trojke\/#primaryimage"},"image":{"@id":"https:\/\/radioljubuski.ba\/index.php\/2022\/05\/24\/kcus-za-tri-dana-rodeno-pet-blizanaca-jutros-i-trojke\/#primaryimage"},"thumbnailUrl":"https:\/\/radioljubuski.ba\/wp-content\/uploads\/2021\/07\/bebe.jpg","datePublished":"2022-05-24T12:13:23+00:00","dateModified":"2022-05-24T12:13:24+00:00","breadcrumb":{"@id":"https:\/\/radioljubuski.ba\/index.php\/2022\/05\/24\/kcus-za-tri-dana-rodeno-pet-blizanaca-jutros-i-trojke\/#breadcrumb"},"inLanguage":"hr","potentialAction":[{"@type":"ReadAction","target":["https:\/\/radioljubuski.ba\/index.php\/2022\/05\/24\/kcus-za-tri-dana-rodeno-pet-blizanaca-jutros-i-trojke\/"]}]},{"@type":"ImageObject","inLanguage":"hr","@id":"https:\/\/radioljubuski.ba\/index.php\/2022\/05\/24\/kcus-za-tri-dana-rodeno-pet-blizanaca-jutros-i-trojke\/#primaryimage","url":"https:\/\/radioljubuski.ba\/wp-content\/uploads\/2021\/07\/bebe.jpg","contentUrl":"https:\/\/radioljubuski.ba\/wp-content\/uploads\/2021\/07\/bebe.jpg","width":840,"height":470},{"@type":"BreadcrumbList","@id":"https:\/\/radioljubuski.ba\/index.php\/2022\/05\/24\/kcus-za-tri-dana-rodeno-pet-blizanaca-jutros-i-trojke\/#breadcrumb","itemListElement":[{"@type":"ListItem","position":1,"name":"Po\u010detna stranica","item":"https:\/\/radioljubuski.ba\/"},{"@type":"ListItem","position":2,"name":"KCUS: Za tri dana ro\u0111eno pet blizanaca, jutros i trojke"}]},{"@type":"WebSite","@id":"https:\/\/radioljubuski.ba\/#website","url":"https:\/\/radioljubuski.ba\/","name":"Radio Ljubu\u0161ki","description":"Sun\u010dana frekvencija Hercegovine","publisher":{"@id":"https:\/\/radioljubuski.ba\/#organization"},"potentialAction":[{"@type":"SearchAction","target":{"@type":"EntryPoint","urlTemplate":"https:\/\/radioljubuski.ba\/?s={search_term_string}"},"query-input":{"@type":"PropertyValueSpecification","valueRequired":true,"valueName":"search_term_string"}}],"inLanguage":"hr"},{"@type":"Organization","@id":"https:\/\/radioljubuski.ba\/#organization","name":"Radio Ljubu\u0161ki","url":"https:\/\/radioljubuski.ba\/","logo":{"@type":"ImageObject","inLanguage":"hr","@id":"https:\/\/radioljubuski.ba\/#\/schema\/logo\/image\/","url":"https:\/\/radioljubuski.ba\/wp-content\/uploads\/2021\/02\/cropped-Radio_Ljubuski_logo1.jpg","contentUrl":"https:\/\/radioljubuski.ba\/wp-content\/uploads\/2021\/02\/cropped-Radio_Ljubuski_logo1.jpg","width":512,"height":512,"caption":"Radio Ljubu\u0161ki"},"image":{"@id":"https:\/\/radioljubuski.ba\/#\/schema\/logo\/image\/"},"sameAs":["https:\/\/www.facebook.com\/Radiio-Ljubuski-1490835324566332","https:\/\/x.com\/radioljubuski","https:\/\/hr.linkedin.com\/company\/radio-ljubuski","https:\/\/www.youtube.com\/channel\/UCHYaeO_n0Db3tjNGudGpXyw"]},{"@type":"Person","@id":"https:\/\/radioljubuski.ba\/#\/schema\/person\/19fc700381a780f69665d7956c469e3b","name":"Radio Ljubu\u0161ki"}]}},"_links":{"self":[{"href":"https:\/\/radioljubuski.ba\/index.php\/wp-json\/wp\/v2\/posts\/143695","targetHints":{"allow":["GET"]}}],"collection":[{"href":"https:\/\/radioljubuski.ba\/index.php\/wp-json\/wp\/v2\/posts"}],"about":[{"href":"https:\/\/radioljubuski.ba\/index.php\/wp-json\/wp\/v2\/types\/post"}],"author":[{"embeddable":true,"href":"https:\/\/radioljubuski.ba\/index.php\/wp-json\/wp\/v2\/users\/2"}],"replies":[{"embeddable":true,"href":"https:\/\/radioljubuski.ba\/index.php\/wp-json\/wp\/v2\/comments?post=143695"}],"version-history":[{"count":1,"href":"https:\/\/radioljubuski.ba\/index.php\/wp-json\/wp\/v2\/posts\/143695\/revisions"}],"predecessor-version":[{"id":143696,"href":"https:\/\/radioljubuski.ba\/index.php\/wp-json\/wp\/v2\/posts\/143695\/revisions\/143696"}],"wp:featuredmedia":[{"embeddable":true,"href":"https:\/\/radioljubuski.ba\/index.php\/wp-json\/wp\/v2\/media\/43988"}],"wp:attachment":[{"href":"https:\/\/radioljubuski.ba\/index.php\/wp-json\/wp\/v2\/media?parent=143695"}],"wp:term":[{"taxonomy":"category","embeddable":true,"href":"https:\/\/radioljubuski.ba\/index.php\/wp-json\/wp\/v2\/categories?post=143695"},{"taxonomy":"post_tag","embeddable":true,"href":"https:\/\/radioljubuski.ba\/index.php\/wp-json\/wp\/v2\/tags?post=143695"}],"curies":[{"name":"wp","href":"https:\/\/api.w.org\/{rel}","templated":true}]}}