{"id":143697,"date":"2022-05-24T13:14:26","date_gmt":"2022-05-24T12:14:26","guid":{"rendered":"https:\/\/radioljubuski.ba\/?p=143697"},"modified":"2022-05-24T13:14:28","modified_gmt":"2022-05-24T12:14:28","slug":"who-potvrdio-131-slucaj-majmunskih-boginja-izvan-afrike","status":"publish","type":"post","link":"https:\/\/radioljubuski.ba\/index.php\/2022\/05\/24\/who-potvrdio-131-slucaj-majmunskih-boginja-izvan-afrike\/","title":{"rendered":"WHO potvrdio 131 slu\u010daj majmunskih boginja izvan Afrike"},"content":{"rendered":"\n<p>Svjetska zdravstvena organizacija (WHO) priop\u0107ila je u utorak da je potvr\u0111en 131 slu\u010daj majmunskih boginja i 106 sumnjivih slu\u010dajeva od pojave prve zaraze 7. svibnja izvan dijelova Afrike u kojima se majmunske boginje obi\u010dno \u0161ire, ali zdravstveni du\u017enosnici napominju da je epidemija &#8220;obuzdana&#8221;.&nbsp;<\/p>\n\n\n\n<p>Unato\u010d tome \u0161to je epidemija neuobi\u010dajena, ostaje &#8220;obuzdana&#8221; i ograni\u010dena, objavio je WHO koji saziva daljnje sastanke kako bi savjetovao dr\u017eave kako da se nose sa situacijom.<\/p>\n\n\n\n<p>Majmunske boginje su obi\u010dno blaga virusna infekcija koja je endemi\u010dna u dijelovima zapadne i sredi\u0161nje Afrike. \u0160iri se uglavnom bliskim kontaktom, a do izbijanja epidemije, majmunske boginje rijetko su se pojavljivale u drugim dijelovima svijeta. Ve\u0107ina nedavnih slu\u010dajeva zabilje\u017eena je u Europi.<\/p>\n\n\n\n<p>&#8220;Poti\u010demo sve vas da pove\u0107ate nadzor nad majmunskim boginjama kako biste vidjeli gdje su razine prijenosa i razumjeli kamo to ide&#8221;, rekla je Sylvie Briand, direktorica WHO-ovog Odjela za globalnu pripremu za infekcije.&nbsp;<\/p>\n\n\n\n<p>Rekla je da nije jo\u0161 jasno jesu li slu\u010dajevi &#8220;vrh ledenog brijega&#8221; ili je ve\u0107 pro\u0161ao vrhunac prijenosa.&nbsp;<\/p>\n\n\n\n<p>Briand je u govoru na Svjetskoj zdravstvenoj skup\u0161tini u \u017denevi ponovila stajali\u0161te WHO-a da je malo vjerojatno da je virus mutirao, ali je napomenula da je prijenos mo\u017eda potaknut promjenom ljudskog pona\u0161anja, posebno jer se ljudi po\u010dinju sve vi\u0161e dru\u017eiti nakon ukidanja ograni\u010denja protiv covida-19 u cijelom svijetu.<\/p>\n\n\n\n<p>Mnogi slu\u010dajevi, ali ne svi, zabilje\u017eeni su kod mu\u0161karaca koji imaju spolne odnose s mu\u0161karcima, a Briand je istaknula da je posebno va\u017eno poku\u0161ati sprije\u010diti preno\u0161enje majmunskih boginja spolnim putem.<\/p>\n\n\n\n<p>Simptomi uklju\u010duju groznicu i karakteristi\u010dan kvrgavi osip. Zapadnoafri\u010dki soj majmunskih boginja, identificiran u trenutnoj epidemiji, ima stopu smrtnosti od otprilike jedan posto.&nbsp;<\/p>\n\n\n\n<p>Iako je rekla da epidemija &#8220;nije normalna&#8221;, Briand je naglasila da je &#8220;obuzdana&#8221;. Dostupna su cjepiva i terapije, dodala je i pozvala na odgovaraju\u0107e mjere suzbijanja majmunskih boginja, vi\u0161e istra\u017eivanja i globalnu suradnju.<\/p>\n\n\n\n<p>&#8220;Nemojmo od muhe praviti slona&#8221;, rekla je.&nbsp;<\/p>\n\n\n\n<p>Izvor:pogled.ba<\/p>\n","protected":false},"excerpt":{"rendered":"<p>Svjetska zdravstvena organizacija (WHO) priop\u0107ila je u utorak da je potvr\u0111en 131 slu\u010daj majmunskih boginja i 106 sumnjivih slu\u010dajeva od pojave prve zaraze 7. svibnja izvan dijelova Afrike u kojima se majmunske boginje obi\u010dno \u0161ire, ali zdravstveni du\u017enosnici napominju da je epidemija &#8220;obuzdana&#8221;.&nbsp; Unato\u010d tome \u0161to je epidemija neuobi\u010dajena, ostaje &#8220;obuzdana&#8221; i ograni\u010dena, objavio je [&hellip;]<\/p>\n","protected":false},"author":2,"featured_media":40186,"comment_status":"closed","ping_status":"closed","sticky":false,"template":"","format":"standard","meta":{"h5ap_radio_sources":[],"footnotes":""},"categories":[1],"tags":[],"class_list":["post-143697","post","type-post","status-publish","format-standard","has-post-thumbnail","hentry","category-bihiregija"],"yoast_head":"<!-- This site is optimized with the Yoast SEO plugin v27.5 - https:\/\/yoast.com\/product\/yoast-seo-wordpress\/ -->\n<title>WHO potvrdio 131 slu\u010daj majmunskih boginja izvan Afrike - RADIO LJUBU\u0160KI<\/title>\n<meta name=\"robots\" content=\"index, follow, max-snippet:-1, max-image-preview:large, max-video-preview:-1\" \/>\n<link rel=\"canonical\" href=\"https:\/\/radioljubuski.ba\/index.php\/2022\/05\/24\/who-potvrdio-131-slucaj-majmunskih-boginja-izvan-afrike\/\" \/>\n<meta property=\"og:locale\" content=\"hr_HR\" \/>\n<meta property=\"og:type\" content=\"article\" \/>\n<meta property=\"og:title\" content=\"WHO potvrdio 131 slu\u010daj majmunskih boginja izvan Afrike - RADIO LJUBU\u0160KI\" \/>\n<meta property=\"og:description\" content=\"Svjetska zdravstvena organizacija (WHO) priop\u0107ila je u utorak da je potvr\u0111en 131 slu\u010daj majmunskih boginja i 106 sumnjivih slu\u010dajeva od pojave prve zaraze 7. svibnja izvan dijelova Afrike u kojima se majmunske boginje obi\u010dno \u0161ire, ali zdravstveni du\u017enosnici napominju da je epidemija &#8220;obuzdana&#8221;.&nbsp; Unato\u010d tome \u0161to je epidemija neuobi\u010dajena, ostaje &#8220;obuzdana&#8221; i ograni\u010dena, objavio je [&hellip;]\" \/>\n<meta property=\"og:url\" content=\"https:\/\/radioljubuski.ba\/index.php\/2022\/05\/24\/who-potvrdio-131-slucaj-majmunskih-boginja-izvan-afrike\/\" \/>\n<meta property=\"og:site_name\" content=\"RADIO LJUBU\u0160KI\" \/>\n<meta property=\"article:publisher\" content=\"https:\/\/www.facebook.com\/Radiio-Ljubuski-1490835324566332\" \/>\n<meta property=\"article:published_time\" content=\"2022-05-24T12:14:26+00:00\" \/>\n<meta property=\"article:modified_time\" content=\"2022-05-24T12:14:28+00:00\" \/>\n<meta property=\"og:image\" content=\"https:\/\/radioljubuski.ba\/wp-content\/uploads\/2021\/07\/who.png\" \/>\n\t<meta property=\"og:image:width\" content=\"1000\" \/>\n\t<meta property=\"og:image:height\" content=\"625\" \/>\n\t<meta property=\"og:image:type\" content=\"image\/png\" \/>\n<meta name=\"author\" content=\"Radio Ljubu\u0161ki\" \/>\n<meta name=\"twitter:card\" content=\"summary_large_image\" \/>\n<meta name=\"twitter:creator\" content=\"@radioljubuski\" \/>\n<meta name=\"twitter:site\" content=\"@radioljubuski\" \/>\n<meta name=\"twitter:label1\" content=\"Napisao\/la\" \/>\n\t<meta name=\"twitter:data1\" content=\"Radio Ljubu\u0161ki\" \/>\n\t<meta name=\"twitter:label2\" content=\"Procijenjeno vrijeme \u010ditanja\" \/>\n\t<meta name=\"twitter:data2\" content=\"2 minute\" \/>\n<script type=\"application\/ld+json\" class=\"yoast-schema-graph\">{\"@context\":\"https:\\\/\\\/schema.org\",\"@graph\":[{\"@type\":\"Article\",\"@id\":\"https:\\\/\\\/radioljubuski.ba\\\/index.php\\\/2022\\\/05\\\/24\\\/who-potvrdio-131-slucaj-majmunskih-boginja-izvan-afrike\\\/#article\",\"isPartOf\":{\"@id\":\"https:\\\/\\\/radioljubuski.ba\\\/index.php\\\/2022\\\/05\\\/24\\\/who-potvrdio-131-slucaj-majmunskih-boginja-izvan-afrike\\\/\"},\"author\":{\"name\":\"Radio Ljubu\u0161ki\",\"@id\":\"https:\\\/\\\/radioljubuski.ba\\\/#\\\/schema\\\/person\\\/19fc700381a780f69665d7956c469e3b\"},\"headline\":\"WHO potvrdio 131 slu\u010daj majmunskih boginja izvan Afrike\",\"datePublished\":\"2022-05-24T12:14:26+00:00\",\"dateModified\":\"2022-05-24T12:14:28+00:00\",\"mainEntityOfPage\":{\"@id\":\"https:\\\/\\\/radioljubuski.ba\\\/index.php\\\/2022\\\/05\\\/24\\\/who-potvrdio-131-slucaj-majmunskih-boginja-izvan-afrike\\\/\"},\"wordCount\":357,\"publisher\":{\"@id\":\"https:\\\/\\\/radioljubuski.ba\\\/#organization\"},\"image\":{\"@id\":\"https:\\\/\\\/radioljubuski.ba\\\/index.php\\\/2022\\\/05\\\/24\\\/who-potvrdio-131-slucaj-majmunskih-boginja-izvan-afrike\\\/#primaryimage\"},\"thumbnailUrl\":\"https:\\\/\\\/radioljubuski.ba\\\/wp-content\\\/uploads\\\/2021\\\/07\\\/who.png\",\"articleSection\":[\"BIH i regija\"],\"inLanguage\":\"hr\"},{\"@type\":\"WebPage\",\"@id\":\"https:\\\/\\\/radioljubuski.ba\\\/index.php\\\/2022\\\/05\\\/24\\\/who-potvrdio-131-slucaj-majmunskih-boginja-izvan-afrike\\\/\",\"url\":\"https:\\\/\\\/radioljubuski.ba\\\/index.php\\\/2022\\\/05\\\/24\\\/who-potvrdio-131-slucaj-majmunskih-boginja-izvan-afrike\\\/\",\"name\":\"WHO potvrdio 131 slu\u010daj majmunskih boginja izvan Afrike - RADIO LJUBU\u0160KI\",\"isPartOf\":{\"@id\":\"https:\\\/\\\/radioljubuski.ba\\\/#website\"},\"primaryImageOfPage\":{\"@id\":\"https:\\\/\\\/radioljubuski.ba\\\/index.php\\\/2022\\\/05\\\/24\\\/who-potvrdio-131-slucaj-majmunskih-boginja-izvan-afrike\\\/#primaryimage\"},\"image\":{\"@id\":\"https:\\\/\\\/radioljubuski.ba\\\/index.php\\\/2022\\\/05\\\/24\\\/who-potvrdio-131-slucaj-majmunskih-boginja-izvan-afrike\\\/#primaryimage\"},\"thumbnailUrl\":\"https:\\\/\\\/radioljubuski.ba\\\/wp-content\\\/uploads\\\/2021\\\/07\\\/who.png\",\"datePublished\":\"2022-05-24T12:14:26+00:00\",\"dateModified\":\"2022-05-24T12:14:28+00:00\",\"breadcrumb\":{\"@id\":\"https:\\\/\\\/radioljubuski.ba\\\/index.php\\\/2022\\\/05\\\/24\\\/who-potvrdio-131-slucaj-majmunskih-boginja-izvan-afrike\\\/#breadcrumb\"},\"inLanguage\":\"hr\",\"potentialAction\":[{\"@type\":\"ReadAction\",\"target\":[\"https:\\\/\\\/radioljubuski.ba\\\/index.php\\\/2022\\\/05\\\/24\\\/who-potvrdio-131-slucaj-majmunskih-boginja-izvan-afrike\\\/\"]}]},{\"@type\":\"ImageObject\",\"inLanguage\":\"hr\",\"@id\":\"https:\\\/\\\/radioljubuski.ba\\\/index.php\\\/2022\\\/05\\\/24\\\/who-potvrdio-131-slucaj-majmunskih-boginja-izvan-afrike\\\/#primaryimage\",\"url\":\"https:\\\/\\\/radioljubuski.ba\\\/wp-content\\\/uploads\\\/2021\\\/07\\\/who.png\",\"contentUrl\":\"https:\\\/\\\/radioljubuski.ba\\\/wp-content\\\/uploads\\\/2021\\\/07\\\/who.png\",\"width\":1000,\"height\":625},{\"@type\":\"BreadcrumbList\",\"@id\":\"https:\\\/\\\/radioljubuski.ba\\\/index.php\\\/2022\\\/05\\\/24\\\/who-potvrdio-131-slucaj-majmunskih-boginja-izvan-afrike\\\/#breadcrumb\",\"itemListElement\":[{\"@type\":\"ListItem\",\"position\":1,\"name\":\"Po\u010detna stranica\",\"item\":\"https:\\\/\\\/radioljubuski.ba\\\/\"},{\"@type\":\"ListItem\",\"position\":2,\"name\":\"WHO potvrdio 131 slu\u010daj majmunskih boginja izvan Afrike\"}]},{\"@type\":\"WebSite\",\"@id\":\"https:\\\/\\\/radioljubuski.ba\\\/#website\",\"url\":\"https:\\\/\\\/radioljubuski.ba\\\/\",\"name\":\"Radio Ljubu\u0161ki\",\"description\":\"Sun\u010dana frekvencija Hercegovine\",\"publisher\":{\"@id\":\"https:\\\/\\\/radioljubuski.ba\\\/#organization\"},\"potentialAction\":[{\"@type\":\"SearchAction\",\"target\":{\"@type\":\"EntryPoint\",\"urlTemplate\":\"https:\\\/\\\/radioljubuski.ba\\\/?s={search_term_string}\"},\"query-input\":{\"@type\":\"PropertyValueSpecification\",\"valueRequired\":true,\"valueName\":\"search_term_string\"}}],\"inLanguage\":\"hr\"},{\"@type\":\"Organization\",\"@id\":\"https:\\\/\\\/radioljubuski.ba\\\/#organization\",\"name\":\"Radio Ljubu\u0161ki\",\"url\":\"https:\\\/\\\/radioljubuski.ba\\\/\",\"logo\":{\"@type\":\"ImageObject\",\"inLanguage\":\"hr\",\"@id\":\"https:\\\/\\\/radioljubuski.ba\\\/#\\\/schema\\\/logo\\\/image\\\/\",\"url\":\"https:\\\/\\\/radioljubuski.ba\\\/wp-content\\\/uploads\\\/2021\\\/02\\\/cropped-Radio_Ljubuski_logo1.jpg\",\"contentUrl\":\"https:\\\/\\\/radioljubuski.ba\\\/wp-content\\\/uploads\\\/2021\\\/02\\\/cropped-Radio_Ljubuski_logo1.jpg\",\"width\":512,\"height\":512,\"caption\":\"Radio Ljubu\u0161ki\"},\"image\":{\"@id\":\"https:\\\/\\\/radioljubuski.ba\\\/#\\\/schema\\\/logo\\\/image\\\/\"},\"sameAs\":[\"https:\\\/\\\/www.facebook.com\\\/Radiio-Ljubuski-1490835324566332\",\"https:\\\/\\\/x.com\\\/radioljubuski\",\"https:\\\/\\\/hr.linkedin.com\\\/company\\\/radio-ljubuski\",\"https:\\\/\\\/www.youtube.com\\\/channel\\\/UCHYaeO_n0Db3tjNGudGpXyw\"]},{\"@type\":\"Person\",\"@id\":\"https:\\\/\\\/radioljubuski.ba\\\/#\\\/schema\\\/person\\\/19fc700381a780f69665d7956c469e3b\",\"name\":\"Radio Ljubu\u0161ki\"}]}<\/script>\n<!-- \/ Yoast SEO plugin. -->","yoast_head_json":{"title":"WHO potvrdio 131 slu\u010daj majmunskih boginja izvan Afrike - RADIO LJUBU\u0160KI","robots":{"index":"index","follow":"follow","max-snippet":"max-snippet:-1","max-image-preview":"max-image-preview:large","max-video-preview":"max-video-preview:-1"},"canonical":"https:\/\/radioljubuski.ba\/index.php\/2022\/05\/24\/who-potvrdio-131-slucaj-majmunskih-boginja-izvan-afrike\/","og_locale":"hr_HR","og_type":"article","og_title":"WHO potvrdio 131 slu\u010daj majmunskih boginja izvan Afrike - RADIO LJUBU\u0160KI","og_description":"Svjetska zdravstvena organizacija (WHO) priop\u0107ila je u utorak da je potvr\u0111en 131 slu\u010daj majmunskih boginja i 106 sumnjivih slu\u010dajeva od pojave prve zaraze 7. svibnja izvan dijelova Afrike u kojima se majmunske boginje obi\u010dno \u0161ire, ali zdravstveni du\u017enosnici napominju da je epidemija &#8220;obuzdana&#8221;.&nbsp; Unato\u010d tome \u0161to je epidemija neuobi\u010dajena, ostaje &#8220;obuzdana&#8221; i ograni\u010dena, objavio je [&hellip;]","og_url":"https:\/\/radioljubuski.ba\/index.php\/2022\/05\/24\/who-potvrdio-131-slucaj-majmunskih-boginja-izvan-afrike\/","og_site_name":"RADIO LJUBU\u0160KI","article_publisher":"https:\/\/www.facebook.com\/Radiio-Ljubuski-1490835324566332","article_published_time":"2022-05-24T12:14:26+00:00","article_modified_time":"2022-05-24T12:14:28+00:00","og_image":[{"width":1000,"height":625,"url":"https:\/\/radioljubuski.ba\/wp-content\/uploads\/2021\/07\/who.png","type":"image\/png"}],"author":"Radio Ljubu\u0161ki","twitter_card":"summary_large_image","twitter_creator":"@radioljubuski","twitter_site":"@radioljubuski","twitter_misc":{"Napisao\/la":"Radio Ljubu\u0161ki","Procijenjeno vrijeme \u010ditanja":"2 minute"},"schema":{"@context":"https:\/\/schema.org","@graph":[{"@type":"Article","@id":"https:\/\/radioljubuski.ba\/index.php\/2022\/05\/24\/who-potvrdio-131-slucaj-majmunskih-boginja-izvan-afrike\/#article","isPartOf":{"@id":"https:\/\/radioljubuski.ba\/index.php\/2022\/05\/24\/who-potvrdio-131-slucaj-majmunskih-boginja-izvan-afrike\/"},"author":{"name":"Radio Ljubu\u0161ki","@id":"https:\/\/radioljubuski.ba\/#\/schema\/person\/19fc700381a780f69665d7956c469e3b"},"headline":"WHO potvrdio 131 slu\u010daj majmunskih boginja izvan Afrike","datePublished":"2022-05-24T12:14:26+00:00","dateModified":"2022-05-24T12:14:28+00:00","mainEntityOfPage":{"@id":"https:\/\/radioljubuski.ba\/index.php\/2022\/05\/24\/who-potvrdio-131-slucaj-majmunskih-boginja-izvan-afrike\/"},"wordCount":357,"publisher":{"@id":"https:\/\/radioljubuski.ba\/#organization"},"image":{"@id":"https:\/\/radioljubuski.ba\/index.php\/2022\/05\/24\/who-potvrdio-131-slucaj-majmunskih-boginja-izvan-afrike\/#primaryimage"},"thumbnailUrl":"https:\/\/radioljubuski.ba\/wp-content\/uploads\/2021\/07\/who.png","articleSection":["BIH i regija"],"inLanguage":"hr"},{"@type":"WebPage","@id":"https:\/\/radioljubuski.ba\/index.php\/2022\/05\/24\/who-potvrdio-131-slucaj-majmunskih-boginja-izvan-afrike\/","url":"https:\/\/radioljubuski.ba\/index.php\/2022\/05\/24\/who-potvrdio-131-slucaj-majmunskih-boginja-izvan-afrike\/","name":"WHO potvrdio 131 slu\u010daj majmunskih boginja izvan Afrike - RADIO LJUBU\u0160KI","isPartOf":{"@id":"https:\/\/radioljubuski.ba\/#website"},"primaryImageOfPage":{"@id":"https:\/\/radioljubuski.ba\/index.php\/2022\/05\/24\/who-potvrdio-131-slucaj-majmunskih-boginja-izvan-afrike\/#primaryimage"},"image":{"@id":"https:\/\/radioljubuski.ba\/index.php\/2022\/05\/24\/who-potvrdio-131-slucaj-majmunskih-boginja-izvan-afrike\/#primaryimage"},"thumbnailUrl":"https:\/\/radioljubuski.ba\/wp-content\/uploads\/2021\/07\/who.png","datePublished":"2022-05-24T12:14:26+00:00","dateModified":"2022-05-24T12:14:28+00:00","breadcrumb":{"@id":"https:\/\/radioljubuski.ba\/index.php\/2022\/05\/24\/who-potvrdio-131-slucaj-majmunskih-boginja-izvan-afrike\/#breadcrumb"},"inLanguage":"hr","potentialAction":[{"@type":"ReadAction","target":["https:\/\/radioljubuski.ba\/index.php\/2022\/05\/24\/who-potvrdio-131-slucaj-majmunskih-boginja-izvan-afrike\/"]}]},{"@type":"ImageObject","inLanguage":"hr","@id":"https:\/\/radioljubuski.ba\/index.php\/2022\/05\/24\/who-potvrdio-131-slucaj-majmunskih-boginja-izvan-afrike\/#primaryimage","url":"https:\/\/radioljubuski.ba\/wp-content\/uploads\/2021\/07\/who.png","contentUrl":"https:\/\/radioljubuski.ba\/wp-content\/uploads\/2021\/07\/who.png","width":1000,"height":625},{"@type":"BreadcrumbList","@id":"https:\/\/radioljubuski.ba\/index.php\/2022\/05\/24\/who-potvrdio-131-slucaj-majmunskih-boginja-izvan-afrike\/#breadcrumb","itemListElement":[{"@type":"ListItem","position":1,"name":"Po\u010detna stranica","item":"https:\/\/radioljubuski.ba\/"},{"@type":"ListItem","position":2,"name":"WHO potvrdio 131 slu\u010daj majmunskih boginja izvan Afrike"}]},{"@type":"WebSite","@id":"https:\/\/radioljubuski.ba\/#website","url":"https:\/\/radioljubuski.ba\/","name":"Radio Ljubu\u0161ki","description":"Sun\u010dana frekvencija Hercegovine","publisher":{"@id":"https:\/\/radioljubuski.ba\/#organization"},"potentialAction":[{"@type":"SearchAction","target":{"@type":"EntryPoint","urlTemplate":"https:\/\/radioljubuski.ba\/?s={search_term_string}"},"query-input":{"@type":"PropertyValueSpecification","valueRequired":true,"valueName":"search_term_string"}}],"inLanguage":"hr"},{"@type":"Organization","@id":"https:\/\/radioljubuski.ba\/#organization","name":"Radio Ljubu\u0161ki","url":"https:\/\/radioljubuski.ba\/","logo":{"@type":"ImageObject","inLanguage":"hr","@id":"https:\/\/radioljubuski.ba\/#\/schema\/logo\/image\/","url":"https:\/\/radioljubuski.ba\/wp-content\/uploads\/2021\/02\/cropped-Radio_Ljubuski_logo1.jpg","contentUrl":"https:\/\/radioljubuski.ba\/wp-content\/uploads\/2021\/02\/cropped-Radio_Ljubuski_logo1.jpg","width":512,"height":512,"caption":"Radio Ljubu\u0161ki"},"image":{"@id":"https:\/\/radioljubuski.ba\/#\/schema\/logo\/image\/"},"sameAs":["https:\/\/www.facebook.com\/Radiio-Ljubuski-1490835324566332","https:\/\/x.com\/radioljubuski","https:\/\/hr.linkedin.com\/company\/radio-ljubuski","https:\/\/www.youtube.com\/channel\/UCHYaeO_n0Db3tjNGudGpXyw"]},{"@type":"Person","@id":"https:\/\/radioljubuski.ba\/#\/schema\/person\/19fc700381a780f69665d7956c469e3b","name":"Radio Ljubu\u0161ki"}]}},"_links":{"self":[{"href":"https:\/\/radioljubuski.ba\/index.php\/wp-json\/wp\/v2\/posts\/143697","targetHints":{"allow":["GET"]}}],"collection":[{"href":"https:\/\/radioljubuski.ba\/index.php\/wp-json\/wp\/v2\/posts"}],"about":[{"href":"https:\/\/radioljubuski.ba\/index.php\/wp-json\/wp\/v2\/types\/post"}],"author":[{"embeddable":true,"href":"https:\/\/radioljubuski.ba\/index.php\/wp-json\/wp\/v2\/users\/2"}],"replies":[{"embeddable":true,"href":"https:\/\/radioljubuski.ba\/index.php\/wp-json\/wp\/v2\/comments?post=143697"}],"version-history":[{"count":1,"href":"https:\/\/radioljubuski.ba\/index.php\/wp-json\/wp\/v2\/posts\/143697\/revisions"}],"predecessor-version":[{"id":143698,"href":"https:\/\/radioljubuski.ba\/index.php\/wp-json\/wp\/v2\/posts\/143697\/revisions\/143698"}],"wp:featuredmedia":[{"embeddable":true,"href":"https:\/\/radioljubuski.ba\/index.php\/wp-json\/wp\/v2\/media\/40186"}],"wp:attachment":[{"href":"https:\/\/radioljubuski.ba\/index.php\/wp-json\/wp\/v2\/media?parent=143697"}],"wp:term":[{"taxonomy":"category","embeddable":true,"href":"https:\/\/radioljubuski.ba\/index.php\/wp-json\/wp\/v2\/categories?post=143697"},{"taxonomy":"post_tag","embeddable":true,"href":"https:\/\/radioljubuski.ba\/index.php\/wp-json\/wp\/v2\/tags?post=143697"}],"curies":[{"name":"wp","href":"https:\/\/api.w.org\/{rel}","templated":true}]}}