{"id":143711,"date":"2022-05-24T14:08:36","date_gmt":"2022-05-24T13:08:36","guid":{"rendered":"https:\/\/radioljubuski.ba\/?p=143711"},"modified":"2022-05-24T14:08:37","modified_gmt":"2022-05-24T13:08:37","slug":"hrs-vlada-zzh-opet-je-lagala-javnosti-u-lice","status":"publish","type":"post","link":"https:\/\/radioljubuski.ba\/index.php\/2022\/05\/24\/hrs-vlada-zzh-opet-je-lagala-javnosti-u-lice\/","title":{"rendered":"HRS: Vlada \u017dZH opet je lagala javnosti u lice"},"content":{"rendered":"\n<h5 class=\"wp-block-heading\"><em>Jeste li vi dobro \u010duli i razumjeli kako Vlada \u017dZH uspje\u0161no poslovno rukovodi premda nije na vrijeme ispla\u0107ivala pravomo\u0107ne presude (izgubila je sporove na sudu), neodgovorno se hvali kako je isplatila preko 700.000 KM za sudske presude<\/em>, pita HRS \u0160iroki Brijeg \u010dije priop\u0107enje prenosimo u cijelosti.<\/h5>\n\n\n\n<p><em>HRS \u0160iroki Brijeg smatra kako ministri jedne ozbiljne Vlade <\/em><strong><em>ne bi trebali javnosti lagati u lice<\/em><\/strong><em> kako bi se \u0161titilo nezakonito djelovanje kojim su \u201coplja\u010dkani\u201d ionako oplja\u010dkani prosvjetni djelatnici i djelatnici MUP-a \u017dZH!?<\/em><\/p>\n\n\n\n<p><em>Nekim izvaranim i \u201coplja\u010dkanim\u201d prosvjetnim i djelatnicima MUP-a ovim \u010dinom <\/em><strong><em>uni\u0161teni su \u017eivoti<\/em><\/strong><em>, a odgovornim protagonistima nije pala dlaka s glave. Dok su se oni borili za svoju pla\u0107u, pojedini ministri su za njihov novac<\/em><strong><em> ljetovali po Makarskoj i Santoriniju<\/em><\/strong><em>!?<\/em><\/p>\n\n\n\n<p><em>\u010cinjenica radi, a \u0161to pobija hvalospjeve Vlade \u017dZH o odgovornoj brizi i upravljanju prora\u010dunom, u prilog ne idu <\/em><strong><em>sljede\u0107i podaci<\/em><\/strong><em> koji su dostupni na \u017eupanijskom sudu.<\/em><\/p>\n\n\n\n<p><em>Po\u010detkom 2013. godine prosvjetni djelatnici sasvim opravdano <\/em><strong><em>pokre\u0107u Generalni \u0161trajk<\/em><\/strong><em>, jer je Vlada \u017dZH jednostrano prekinula pregovore i isplate prema Kolektivnom ugovoru. Iste godine,<\/em><strong><em> Op\u0107inski sud u \u0160irokom Brijegu<\/em><\/strong><em> donosi odluku o nezakonitosti Generalnog \u0161trajka, ali nakon \u017ealbe Sindikata uposlenih u srednjim \u0161kolama, <\/em><strong><em>\u017dupanijski sud<\/em><\/strong><em> vra\u0107a na prvostupanjsko odlu\u010divanje.<\/em><\/p>\n\n\n\n<p><em>Me\u0111utim, onda\u0161nja ministrica obrazovanja, znanosti, kulture i \u0161porta \u017dZH, <\/em><strong><em>Helena Lon\u010dar<\/em><\/strong><em> nala\u017ee svim ravnateljima \u0161kola da krenu s nastavnim procesom. Obzirom kako su im ugrozili zajam\u010dena prava, Sindikat uposlenih u srednjim \u0161kolama <\/em><strong><em>podi\u017ee tu\u017ebe<\/em><\/strong><em>, te na sudu tra\u017ei za\u0161titu svojih prava zajam\u010denih Kolektivnim ugovorom.<\/em><\/p>\n\n\n\n<p><strong><em>Zaprepa\u0161\u0107uje podatak<\/em><\/strong><em> kako ni to nije sprije\u010dilo Vladu ZH\u017d, a koja jednostrano, za 8 posto, umanjuje pla\u0107u prosvjetnim djelatnicima. U me\u0111uvremenu, sud donosi presude u korist Sindikata te je Vladi \u017dZH nalo\u017eeno kako prosvjetnim djelatnicima <\/em><strong><em>mora isplatiti oko 7 milijuna KM<\/em><\/strong><em>.<\/em><\/p>\n\n\n\n<p><em>Umjesto <\/em><strong><em>da ih boli du\u0161a zbog licemjerstva<\/em><\/strong><em>, ide se do te mjere skrivati uzroke i zaklju\u010davati u odaje la\u017ei kako na vidjelo ne bi isplivala bolna istina.<\/em><\/p>\n\n\n\n<p><em>HRS \u0160iroki Brijeg <\/em><strong><em>poziva na moralnu odgovornost Vladu \u017dZH<\/em><\/strong><em> \u010diji ministri su izazvali \u0161tetu ve\u0107u od 3 milijuna KM, a koja se odnosi na kamate zbog nepo\u0161tivanja sudskih odluka. Kolika je to \u0161teta najbolje potvr\u0111uje \u010dinjenica koliko se, od novca koji je oti\u0161ao na kamate,<\/em><strong><em> moglo izgraditi vrti\u0107a ili pak, \u0161kola<\/em><\/strong><em>, a sve zbog neodgovornosti Vlade \u017dZH.<\/em><\/p>\n\n\n\n<p><em>Tim \u010dinom <\/em><strong><em>o\u0161te\u0107eni su porezni obveznici<\/em><\/strong><em>, a s druge strane, umjesto bar da zbog moralnih na\u010dela podnesu ostavke, politi\u010dki protagonisti (onda\u0161nji <\/em><strong><em>Radoslav Luburi\u0107,<\/em><\/strong><em> ministrom financija \u017dZH i Helena Lon\u010dar, ministrica obrazovanja, znanosti, kulture i \u0161porta \u017dZH bivaju nagra\u0111eni mjestima u Federalnom parlamentu, Razvojnim agencijama i Federalnom zavodu za zapo\u0161ljavanje).<\/em><\/p>\n\n\n\n<p><em>Proglasiti izazvanu \u0161tetu uspjehom je <\/em><strong><em>veli\u010danje vlastite gluposti i neodgovornosti<\/em><\/strong><em> prema svojem narodu.<\/em><\/p>\n\n\n\n<p><em>HRS \u0160iroki Brijeg poziva Vladu \u017dZH<\/em><strong><em> da se prestane baviti svojim probitkom i korupcijom,<\/em><\/strong><em> jer je, me\u0111u ostalim, potvrdio i \u017dupanijski sud<\/em>, navodi se u priop\u0107enju.<\/p>\n\n\n\n<p><strong>(www.jabuka.tv)<\/strong><\/p>\n","protected":false},"excerpt":{"rendered":"<p>Jeste li vi dobro \u010duli i razumjeli kako Vlada \u017dZH uspje\u0161no poslovno rukovodi premda nije na vrijeme ispla\u0107ivala pravomo\u0107ne presude (izgubila je sporove na sudu), neodgovorno se hvali kako je isplatila preko 700.000 KM za sudske presude, pita HRS \u0160iroki Brijeg \u010dije priop\u0107enje prenosimo u cijelosti. HRS \u0160iroki Brijeg smatra kako ministri jedne ozbiljne Vlade [&hellip;]<\/p>\n","protected":false},"author":2,"featured_media":143712,"comment_status":"closed","ping_status":"closed","sticky":false,"template":"","format":"standard","meta":{"h5ap_radio_sources":[],"footnotes":""},"categories":[1],"tags":[],"class_list":["post-143711","post","type-post","status-publish","format-standard","has-post-thumbnail","hentry","category-bihiregija"],"yoast_head":"<!-- This site is optimized with the Yoast SEO plugin v27.5 - https:\/\/yoast.com\/product\/yoast-seo-wordpress\/ -->\n<title>HRS: Vlada \u017dZH opet je lagala javnosti u lice - RADIO LJUBU\u0160KI<\/title>\n<meta name=\"robots\" content=\"index, follow, max-snippet:-1, max-image-preview:large, max-video-preview:-1\" \/>\n<link rel=\"canonical\" href=\"https:\/\/radioljubuski.ba\/index.php\/2022\/05\/24\/hrs-vlada-zzh-opet-je-lagala-javnosti-u-lice\/\" \/>\n<meta property=\"og:locale\" content=\"hr_HR\" \/>\n<meta property=\"og:type\" content=\"article\" \/>\n<meta property=\"og:title\" content=\"HRS: Vlada \u017dZH opet je lagala javnosti u lice - RADIO LJUBU\u0160KI\" \/>\n<meta property=\"og:description\" content=\"Jeste li vi dobro \u010duli i razumjeli kako Vlada \u017dZH uspje\u0161no poslovno rukovodi premda nije na vrijeme ispla\u0107ivala pravomo\u0107ne presude (izgubila je sporove na sudu), neodgovorno se hvali kako je isplatila preko 700.000 KM za sudske presude, pita HRS \u0160iroki Brijeg \u010dije priop\u0107enje prenosimo u cijelosti. HRS \u0160iroki Brijeg smatra kako ministri jedne ozbiljne Vlade [&hellip;]\" \/>\n<meta property=\"og:url\" content=\"https:\/\/radioljubuski.ba\/index.php\/2022\/05\/24\/hrs-vlada-zzh-opet-je-lagala-javnosti-u-lice\/\" \/>\n<meta property=\"og:site_name\" content=\"RADIO LJUBU\u0160KI\" \/>\n<meta property=\"article:publisher\" content=\"https:\/\/www.facebook.com\/Radiio-Ljubuski-1490835324566332\" \/>\n<meta property=\"article:published_time\" content=\"2022-05-24T13:08:36+00:00\" \/>\n<meta property=\"article:modified_time\" content=\"2022-05-24T13:08:37+00:00\" \/>\n<meta property=\"og:image\" content=\"https:\/\/radioljubuski.ba\/wp-content\/uploads\/2022\/05\/skupstina-zzh-sjednica-prosinac-2021-vlada-zzh-810x541-1.jpg\" \/>\n\t<meta property=\"og:image:width\" content=\"810\" \/>\n\t<meta property=\"og:image:height\" content=\"541\" \/>\n\t<meta property=\"og:image:type\" content=\"image\/jpeg\" \/>\n<meta name=\"author\" content=\"Radio Ljubu\u0161ki\" \/>\n<meta name=\"twitter:card\" content=\"summary_large_image\" \/>\n<meta name=\"twitter:creator\" content=\"@radioljubuski\" \/>\n<meta name=\"twitter:site\" content=\"@radioljubuski\" \/>\n<meta name=\"twitter:label1\" content=\"Napisao\/la\" \/>\n\t<meta name=\"twitter:data1\" content=\"Radio Ljubu\u0161ki\" \/>\n\t<meta name=\"twitter:label2\" content=\"Procijenjeno vrijeme \u010ditanja\" \/>\n\t<meta name=\"twitter:data2\" content=\"2 minute\" \/>\n<script type=\"application\/ld+json\" class=\"yoast-schema-graph\">{\"@context\":\"https:\\\/\\\/schema.org\",\"@graph\":[{\"@type\":\"Article\",\"@id\":\"https:\\\/\\\/radioljubuski.ba\\\/index.php\\\/2022\\\/05\\\/24\\\/hrs-vlada-zzh-opet-je-lagala-javnosti-u-lice\\\/#article\",\"isPartOf\":{\"@id\":\"https:\\\/\\\/radioljubuski.ba\\\/index.php\\\/2022\\\/05\\\/24\\\/hrs-vlada-zzh-opet-je-lagala-javnosti-u-lice\\\/\"},\"author\":{\"name\":\"Radio Ljubu\u0161ki\",\"@id\":\"https:\\\/\\\/radioljubuski.ba\\\/#\\\/schema\\\/person\\\/19fc700381a780f69665d7956c469e3b\"},\"headline\":\"HRS: Vlada \u017dZH opet je lagala javnosti u lice\",\"datePublished\":\"2022-05-24T13:08:36+00:00\",\"dateModified\":\"2022-05-24T13:08:37+00:00\",\"mainEntityOfPage\":{\"@id\":\"https:\\\/\\\/radioljubuski.ba\\\/index.php\\\/2022\\\/05\\\/24\\\/hrs-vlada-zzh-opet-je-lagala-javnosti-u-lice\\\/\"},\"wordCount\":508,\"publisher\":{\"@id\":\"https:\\\/\\\/radioljubuski.ba\\\/#organization\"},\"image\":{\"@id\":\"https:\\\/\\\/radioljubuski.ba\\\/index.php\\\/2022\\\/05\\\/24\\\/hrs-vlada-zzh-opet-je-lagala-javnosti-u-lice\\\/#primaryimage\"},\"thumbnailUrl\":\"https:\\\/\\\/radioljubuski.ba\\\/wp-content\\\/uploads\\\/2022\\\/05\\\/skupstina-zzh-sjednica-prosinac-2021-vlada-zzh-810x541-1.jpg\",\"articleSection\":[\"BIH i regija\"],\"inLanguage\":\"hr\"},{\"@type\":\"WebPage\",\"@id\":\"https:\\\/\\\/radioljubuski.ba\\\/index.php\\\/2022\\\/05\\\/24\\\/hrs-vlada-zzh-opet-je-lagala-javnosti-u-lice\\\/\",\"url\":\"https:\\\/\\\/radioljubuski.ba\\\/index.php\\\/2022\\\/05\\\/24\\\/hrs-vlada-zzh-opet-je-lagala-javnosti-u-lice\\\/\",\"name\":\"HRS: Vlada \u017dZH opet je lagala javnosti u lice - RADIO LJUBU\u0160KI\",\"isPartOf\":{\"@id\":\"https:\\\/\\\/radioljubuski.ba\\\/#website\"},\"primaryImageOfPage\":{\"@id\":\"https:\\\/\\\/radioljubuski.ba\\\/index.php\\\/2022\\\/05\\\/24\\\/hrs-vlada-zzh-opet-je-lagala-javnosti-u-lice\\\/#primaryimage\"},\"image\":{\"@id\":\"https:\\\/\\\/radioljubuski.ba\\\/index.php\\\/2022\\\/05\\\/24\\\/hrs-vlada-zzh-opet-je-lagala-javnosti-u-lice\\\/#primaryimage\"},\"thumbnailUrl\":\"https:\\\/\\\/radioljubuski.ba\\\/wp-content\\\/uploads\\\/2022\\\/05\\\/skupstina-zzh-sjednica-prosinac-2021-vlada-zzh-810x541-1.jpg\",\"datePublished\":\"2022-05-24T13:08:36+00:00\",\"dateModified\":\"2022-05-24T13:08:37+00:00\",\"breadcrumb\":{\"@id\":\"https:\\\/\\\/radioljubuski.ba\\\/index.php\\\/2022\\\/05\\\/24\\\/hrs-vlada-zzh-opet-je-lagala-javnosti-u-lice\\\/#breadcrumb\"},\"inLanguage\":\"hr\",\"potentialAction\":[{\"@type\":\"ReadAction\",\"target\":[\"https:\\\/\\\/radioljubuski.ba\\\/index.php\\\/2022\\\/05\\\/24\\\/hrs-vlada-zzh-opet-je-lagala-javnosti-u-lice\\\/\"]}]},{\"@type\":\"ImageObject\",\"inLanguage\":\"hr\",\"@id\":\"https:\\\/\\\/radioljubuski.ba\\\/index.php\\\/2022\\\/05\\\/24\\\/hrs-vlada-zzh-opet-je-lagala-javnosti-u-lice\\\/#primaryimage\",\"url\":\"https:\\\/\\\/radioljubuski.ba\\\/wp-content\\\/uploads\\\/2022\\\/05\\\/skupstina-zzh-sjednica-prosinac-2021-vlada-zzh-810x541-1.jpg\",\"contentUrl\":\"https:\\\/\\\/radioljubuski.ba\\\/wp-content\\\/uploads\\\/2022\\\/05\\\/skupstina-zzh-sjednica-prosinac-2021-vlada-zzh-810x541-1.jpg\",\"width\":810,\"height\":541},{\"@type\":\"BreadcrumbList\",\"@id\":\"https:\\\/\\\/radioljubuski.ba\\\/index.php\\\/2022\\\/05\\\/24\\\/hrs-vlada-zzh-opet-je-lagala-javnosti-u-lice\\\/#breadcrumb\",\"itemListElement\":[{\"@type\":\"ListItem\",\"position\":1,\"name\":\"Po\u010detna stranica\",\"item\":\"https:\\\/\\\/radioljubuski.ba\\\/\"},{\"@type\":\"ListItem\",\"position\":2,\"name\":\"HRS: Vlada \u017dZH opet je lagala javnosti u lice\"}]},{\"@type\":\"WebSite\",\"@id\":\"https:\\\/\\\/radioljubuski.ba\\\/#website\",\"url\":\"https:\\\/\\\/radioljubuski.ba\\\/\",\"name\":\"Radio Ljubu\u0161ki\",\"description\":\"Sun\u010dana frekvencija Hercegovine\",\"publisher\":{\"@id\":\"https:\\\/\\\/radioljubuski.ba\\\/#organization\"},\"potentialAction\":[{\"@type\":\"SearchAction\",\"target\":{\"@type\":\"EntryPoint\",\"urlTemplate\":\"https:\\\/\\\/radioljubuski.ba\\\/?s={search_term_string}\"},\"query-input\":{\"@type\":\"PropertyValueSpecification\",\"valueRequired\":true,\"valueName\":\"search_term_string\"}}],\"inLanguage\":\"hr\"},{\"@type\":\"Organization\",\"@id\":\"https:\\\/\\\/radioljubuski.ba\\\/#organization\",\"name\":\"Radio Ljubu\u0161ki\",\"url\":\"https:\\\/\\\/radioljubuski.ba\\\/\",\"logo\":{\"@type\":\"ImageObject\",\"inLanguage\":\"hr\",\"@id\":\"https:\\\/\\\/radioljubuski.ba\\\/#\\\/schema\\\/logo\\\/image\\\/\",\"url\":\"https:\\\/\\\/radioljubuski.ba\\\/wp-content\\\/uploads\\\/2021\\\/02\\\/cropped-Radio_Ljubuski_logo1.jpg\",\"contentUrl\":\"https:\\\/\\\/radioljubuski.ba\\\/wp-content\\\/uploads\\\/2021\\\/02\\\/cropped-Radio_Ljubuski_logo1.jpg\",\"width\":512,\"height\":512,\"caption\":\"Radio Ljubu\u0161ki\"},\"image\":{\"@id\":\"https:\\\/\\\/radioljubuski.ba\\\/#\\\/schema\\\/logo\\\/image\\\/\"},\"sameAs\":[\"https:\\\/\\\/www.facebook.com\\\/Radiio-Ljubuski-1490835324566332\",\"https:\\\/\\\/x.com\\\/radioljubuski\",\"https:\\\/\\\/hr.linkedin.com\\\/company\\\/radio-ljubuski\",\"https:\\\/\\\/www.youtube.com\\\/channel\\\/UCHYaeO_n0Db3tjNGudGpXyw\"]},{\"@type\":\"Person\",\"@id\":\"https:\\\/\\\/radioljubuski.ba\\\/#\\\/schema\\\/person\\\/19fc700381a780f69665d7956c469e3b\",\"name\":\"Radio Ljubu\u0161ki\"}]}<\/script>\n<!-- \/ Yoast SEO plugin. -->","yoast_head_json":{"title":"HRS: Vlada \u017dZH opet je lagala javnosti u lice - RADIO LJUBU\u0160KI","robots":{"index":"index","follow":"follow","max-snippet":"max-snippet:-1","max-image-preview":"max-image-preview:large","max-video-preview":"max-video-preview:-1"},"canonical":"https:\/\/radioljubuski.ba\/index.php\/2022\/05\/24\/hrs-vlada-zzh-opet-je-lagala-javnosti-u-lice\/","og_locale":"hr_HR","og_type":"article","og_title":"HRS: Vlada \u017dZH opet je lagala javnosti u lice - RADIO LJUBU\u0160KI","og_description":"Jeste li vi dobro \u010duli i razumjeli kako Vlada \u017dZH uspje\u0161no poslovno rukovodi premda nije na vrijeme ispla\u0107ivala pravomo\u0107ne presude (izgubila je sporove na sudu), neodgovorno se hvali kako je isplatila preko 700.000 KM za sudske presude, pita HRS \u0160iroki Brijeg \u010dije priop\u0107enje prenosimo u cijelosti. HRS \u0160iroki Brijeg smatra kako ministri jedne ozbiljne Vlade [&hellip;]","og_url":"https:\/\/radioljubuski.ba\/index.php\/2022\/05\/24\/hrs-vlada-zzh-opet-je-lagala-javnosti-u-lice\/","og_site_name":"RADIO LJUBU\u0160KI","article_publisher":"https:\/\/www.facebook.com\/Radiio-Ljubuski-1490835324566332","article_published_time":"2022-05-24T13:08:36+00:00","article_modified_time":"2022-05-24T13:08:37+00:00","og_image":[{"width":810,"height":541,"url":"https:\/\/radioljubuski.ba\/wp-content\/uploads\/2022\/05\/skupstina-zzh-sjednica-prosinac-2021-vlada-zzh-810x541-1.jpg","type":"image\/jpeg"}],"author":"Radio Ljubu\u0161ki","twitter_card":"summary_large_image","twitter_creator":"@radioljubuski","twitter_site":"@radioljubuski","twitter_misc":{"Napisao\/la":"Radio Ljubu\u0161ki","Procijenjeno vrijeme \u010ditanja":"2 minute"},"schema":{"@context":"https:\/\/schema.org","@graph":[{"@type":"Article","@id":"https:\/\/radioljubuski.ba\/index.php\/2022\/05\/24\/hrs-vlada-zzh-opet-je-lagala-javnosti-u-lice\/#article","isPartOf":{"@id":"https:\/\/radioljubuski.ba\/index.php\/2022\/05\/24\/hrs-vlada-zzh-opet-je-lagala-javnosti-u-lice\/"},"author":{"name":"Radio Ljubu\u0161ki","@id":"https:\/\/radioljubuski.ba\/#\/schema\/person\/19fc700381a780f69665d7956c469e3b"},"headline":"HRS: Vlada \u017dZH opet je lagala javnosti u lice","datePublished":"2022-05-24T13:08:36+00:00","dateModified":"2022-05-24T13:08:37+00:00","mainEntityOfPage":{"@id":"https:\/\/radioljubuski.ba\/index.php\/2022\/05\/24\/hrs-vlada-zzh-opet-je-lagala-javnosti-u-lice\/"},"wordCount":508,"publisher":{"@id":"https:\/\/radioljubuski.ba\/#organization"},"image":{"@id":"https:\/\/radioljubuski.ba\/index.php\/2022\/05\/24\/hrs-vlada-zzh-opet-je-lagala-javnosti-u-lice\/#primaryimage"},"thumbnailUrl":"https:\/\/radioljubuski.ba\/wp-content\/uploads\/2022\/05\/skupstina-zzh-sjednica-prosinac-2021-vlada-zzh-810x541-1.jpg","articleSection":["BIH i regija"],"inLanguage":"hr"},{"@type":"WebPage","@id":"https:\/\/radioljubuski.ba\/index.php\/2022\/05\/24\/hrs-vlada-zzh-opet-je-lagala-javnosti-u-lice\/","url":"https:\/\/radioljubuski.ba\/index.php\/2022\/05\/24\/hrs-vlada-zzh-opet-je-lagala-javnosti-u-lice\/","name":"HRS: Vlada \u017dZH opet je lagala javnosti u lice - RADIO LJUBU\u0160KI","isPartOf":{"@id":"https:\/\/radioljubuski.ba\/#website"},"primaryImageOfPage":{"@id":"https:\/\/radioljubuski.ba\/index.php\/2022\/05\/24\/hrs-vlada-zzh-opet-je-lagala-javnosti-u-lice\/#primaryimage"},"image":{"@id":"https:\/\/radioljubuski.ba\/index.php\/2022\/05\/24\/hrs-vlada-zzh-opet-je-lagala-javnosti-u-lice\/#primaryimage"},"thumbnailUrl":"https:\/\/radioljubuski.ba\/wp-content\/uploads\/2022\/05\/skupstina-zzh-sjednica-prosinac-2021-vlada-zzh-810x541-1.jpg","datePublished":"2022-05-24T13:08:36+00:00","dateModified":"2022-05-24T13:08:37+00:00","breadcrumb":{"@id":"https:\/\/radioljubuski.ba\/index.php\/2022\/05\/24\/hrs-vlada-zzh-opet-je-lagala-javnosti-u-lice\/#breadcrumb"},"inLanguage":"hr","potentialAction":[{"@type":"ReadAction","target":["https:\/\/radioljubuski.ba\/index.php\/2022\/05\/24\/hrs-vlada-zzh-opet-je-lagala-javnosti-u-lice\/"]}]},{"@type":"ImageObject","inLanguage":"hr","@id":"https:\/\/radioljubuski.ba\/index.php\/2022\/05\/24\/hrs-vlada-zzh-opet-je-lagala-javnosti-u-lice\/#primaryimage","url":"https:\/\/radioljubuski.ba\/wp-content\/uploads\/2022\/05\/skupstina-zzh-sjednica-prosinac-2021-vlada-zzh-810x541-1.jpg","contentUrl":"https:\/\/radioljubuski.ba\/wp-content\/uploads\/2022\/05\/skupstina-zzh-sjednica-prosinac-2021-vlada-zzh-810x541-1.jpg","width":810,"height":541},{"@type":"BreadcrumbList","@id":"https:\/\/radioljubuski.ba\/index.php\/2022\/05\/24\/hrs-vlada-zzh-opet-je-lagala-javnosti-u-lice\/#breadcrumb","itemListElement":[{"@type":"ListItem","position":1,"name":"Po\u010detna stranica","item":"https:\/\/radioljubuski.ba\/"},{"@type":"ListItem","position":2,"name":"HRS: Vlada \u017dZH opet je lagala javnosti u lice"}]},{"@type":"WebSite","@id":"https:\/\/radioljubuski.ba\/#website","url":"https:\/\/radioljubuski.ba\/","name":"Radio Ljubu\u0161ki","description":"Sun\u010dana frekvencija Hercegovine","publisher":{"@id":"https:\/\/radioljubuski.ba\/#organization"},"potentialAction":[{"@type":"SearchAction","target":{"@type":"EntryPoint","urlTemplate":"https:\/\/radioljubuski.ba\/?s={search_term_string}"},"query-input":{"@type":"PropertyValueSpecification","valueRequired":true,"valueName":"search_term_string"}}],"inLanguage":"hr"},{"@type":"Organization","@id":"https:\/\/radioljubuski.ba\/#organization","name":"Radio Ljubu\u0161ki","url":"https:\/\/radioljubuski.ba\/","logo":{"@type":"ImageObject","inLanguage":"hr","@id":"https:\/\/radioljubuski.ba\/#\/schema\/logo\/image\/","url":"https:\/\/radioljubuski.ba\/wp-content\/uploads\/2021\/02\/cropped-Radio_Ljubuski_logo1.jpg","contentUrl":"https:\/\/radioljubuski.ba\/wp-content\/uploads\/2021\/02\/cropped-Radio_Ljubuski_logo1.jpg","width":512,"height":512,"caption":"Radio Ljubu\u0161ki"},"image":{"@id":"https:\/\/radioljubuski.ba\/#\/schema\/logo\/image\/"},"sameAs":["https:\/\/www.facebook.com\/Radiio-Ljubuski-1490835324566332","https:\/\/x.com\/radioljubuski","https:\/\/hr.linkedin.com\/company\/radio-ljubuski","https:\/\/www.youtube.com\/channel\/UCHYaeO_n0Db3tjNGudGpXyw"]},{"@type":"Person","@id":"https:\/\/radioljubuski.ba\/#\/schema\/person\/19fc700381a780f69665d7956c469e3b","name":"Radio Ljubu\u0161ki"}]}},"_links":{"self":[{"href":"https:\/\/radioljubuski.ba\/index.php\/wp-json\/wp\/v2\/posts\/143711","targetHints":{"allow":["GET"]}}],"collection":[{"href":"https:\/\/radioljubuski.ba\/index.php\/wp-json\/wp\/v2\/posts"}],"about":[{"href":"https:\/\/radioljubuski.ba\/index.php\/wp-json\/wp\/v2\/types\/post"}],"author":[{"embeddable":true,"href":"https:\/\/radioljubuski.ba\/index.php\/wp-json\/wp\/v2\/users\/2"}],"replies":[{"embeddable":true,"href":"https:\/\/radioljubuski.ba\/index.php\/wp-json\/wp\/v2\/comments?post=143711"}],"version-history":[{"count":1,"href":"https:\/\/radioljubuski.ba\/index.php\/wp-json\/wp\/v2\/posts\/143711\/revisions"}],"predecessor-version":[{"id":143713,"href":"https:\/\/radioljubuski.ba\/index.php\/wp-json\/wp\/v2\/posts\/143711\/revisions\/143713"}],"wp:featuredmedia":[{"embeddable":true,"href":"https:\/\/radioljubuski.ba\/index.php\/wp-json\/wp\/v2\/media\/143712"}],"wp:attachment":[{"href":"https:\/\/radioljubuski.ba\/index.php\/wp-json\/wp\/v2\/media?parent=143711"}],"wp:term":[{"taxonomy":"category","embeddable":true,"href":"https:\/\/radioljubuski.ba\/index.php\/wp-json\/wp\/v2\/categories?post=143711"},{"taxonomy":"post_tag","embeddable":true,"href":"https:\/\/radioljubuski.ba\/index.php\/wp-json\/wp\/v2\/tags?post=143711"}],"curies":[{"name":"wp","href":"https:\/\/api.w.org\/{rel}","templated":true}]}}