{"id":143714,"date":"2022-05-24T14:09:51","date_gmt":"2022-05-24T13:09:51","guid":{"rendered":"https:\/\/radioljubuski.ba\/?p=143714"},"modified":"2022-05-24T14:09:52","modified_gmt":"2022-05-24T13:09:52","slug":"mladicev-najblizi-suradnik-prihvatio-odgovornost-za-zlocine-u-srebrenici","status":"publish","type":"post","link":"https:\/\/radioljubuski.ba\/index.php\/2022\/05\/24\/mladicev-najblizi-suradnik-prihvatio-odgovornost-za-zlocine-u-srebrenici\/","title":{"rendered":"Mladi\u0107ev najbli\u017ei suradnik prihvatio odgovornost za zlo\u010dine u Srebrenici"},"content":{"rendered":"\n<p>Biv\u0161i general vojske bosanskih Srba Radislav Krsti\u0107 prihvatio je osobnu odgovornost za ratne zlo\u010dine po\u010dinjene u Srebrenici i na temelju toga zatra\u017eio od predsjednika Mehanizama za me\u0111unarodne kaznene sudove (MICT) da mu odobri skra\u0107enje kazne od 35 godina zatvora koju mu je 2004. godine izrekao Haa\u0161ki tribunal.<\/p>\n\n\n\n<p>Krsti\u0107 je u travnju poslao pismo predsjedniku MICT-a sucu Carmelu Agiusu tra\u017ee\u0107i da mu odobri prijevremeno pu\u0161tanje na slobodu iz zatvora u Poljskoj jer je u o\u017eujku odslu\u017eio dvije tre\u0107ine kazne.<\/p>\n\n\n\n<p>U preslici rukom pisanog pisma \u0161to ju je u utorak objavio sarajevski portal Faktor, Krsti\u0107 koji je 1995. godine bio zapovjednikom tzv. Drinskog korupusa vojske bosanskih Srba sucu Agiusu pi\u0161e kako je u zatvorskim godinama &#8220;shvatio i prihvatio svoju odgovornost&#8221; za patnju i smrt \u017ertava genocida u Srebrenici.<\/p>\n\n\n\n<p>Nakon \u0161to su pripadnici vojske i policije bosanskih Srba u srpnju 1995. godine osvojili enklavu pod za\u0161titom UN-a, ubili su vi\u0161e od sedam tisu\u0107a Bo\u0161njaka, prete\u017eito mu\u0161karaca i dje\u010daka \u0161to je ICTY u nizu presuda ozna\u010dio kao zlo\u010din genocida.<\/p>\n\n\n\n<p>Samu rije\u010d genocid koja je je izrijekom navedena u presudi Me\u0111unarodnog kaznenog suda za biv\u0161u Jugoslaviju (ICTY) Krsti\u0107 u pismu ne spominje no navodi kako snosi osobnu odgovornost za &#8220;stra\u0161ne zlo\u010dine koji su po\u010dinjeni tijekom i nakon pada Srebrenice&#8221;.<\/p>\n\n\n\n<p>Krsti\u0107 je tada imao ulogu najbli\u017eeg suradnika biv\u0161eg vojnog zapovjednika vojske bosanskih Srba Ratka Mladi\u0107a koji je zbog ratnih zlo\u010dina, uklju\u010duju\u0107i tu i genocid u Srebrenici, osu\u0111en na do\u017eivotni zatvor. Tijekom su\u0111enja u Den Haagu jedan od dokaza njegove krivnje bila je snimka telefonskog razgovora u kojemu Krsti\u0107 jednom od svojih podre\u0111enih daje uputu da ne smije ostaviti \u017eivog niti jednog zarobljenog Bo\u0161njaka.<\/p>\n\n\n\n<p>&#8220;Rije\u010di ne mogu izraziti bolno kajanje koje osje\u0107am svaki dan zbog svojih postupaka&#8221;, napisao je Krsti\u0107 izra\u017eavaju\u0107i \u017eelju da mu Agius dospusti da ostatak \u017eivota provede s obitelji u Beogradu i pri tom javno ne istupa niti veli\u010da sebe ili druge osu\u0111ene po\u010dinitelje ratnih zlo\u010dina.<\/p>\n\n\n\n<p>Sve osobe koje je ICTY osudio na ratne zlo\u010dine ranije su gotovo po automatizmu dobile mogu\u0107nost pu\u0161tanja na slobodu nakon dvije tre\u0107ine odslu\u017eene kazne, no sada\u0161nji predsjednik MICT-a tu je praksu prakti\u010dno ukinuo i restriktivno razmatra sve takve zahtjeve.&nbsp;<\/p>\n\n\n\n<p>Izvor:pogled.ba<\/p>\n","protected":false},"excerpt":{"rendered":"<p>Biv\u0161i general vojske bosanskih Srba Radislav Krsti\u0107 prihvatio je osobnu odgovornost za ratne zlo\u010dine po\u010dinjene u Srebrenici i na temelju toga zatra\u017eio od predsjednika Mehanizama za me\u0111unarodne kaznene sudove (MICT) da mu odobri skra\u0107enje kazne od 35 godina zatvora koju mu je 2004. godine izrekao Haa\u0161ki tribunal. Krsti\u0107 je u travnju poslao pismo predsjedniku MICT-a [&hellip;]<\/p>\n","protected":false},"author":2,"featured_media":143715,"comment_status":"closed","ping_status":"closed","sticky":false,"template":"","format":"standard","meta":{"h5ap_radio_sources":[],"footnotes":""},"categories":[1],"tags":[],"class_list":["post-143714","post","type-post","status-publish","format-standard","has-post-thumbnail","hentry","category-bihiregija"],"yoast_head":"<!-- This site is optimized with the Yoast SEO plugin v27.5 - https:\/\/yoast.com\/product\/yoast-seo-wordpress\/ -->\n<title>Mladi\u0107ev najbli\u017ei suradnik prihvatio odgovornost za zlo\u010dine u Srebrenici - RADIO LJUBU\u0160KI<\/title>\n<meta name=\"robots\" content=\"index, follow, max-snippet:-1, max-image-preview:large, max-video-preview:-1\" \/>\n<link rel=\"canonical\" href=\"https:\/\/radioljubuski.ba\/index.php\/2022\/05\/24\/mladicev-najblizi-suradnik-prihvatio-odgovornost-za-zlocine-u-srebrenici\/\" \/>\n<meta property=\"og:locale\" content=\"hr_HR\" \/>\n<meta property=\"og:type\" content=\"article\" \/>\n<meta property=\"og:title\" content=\"Mladi\u0107ev najbli\u017ei suradnik prihvatio odgovornost za zlo\u010dine u Srebrenici - RADIO LJUBU\u0160KI\" \/>\n<meta property=\"og:description\" content=\"Biv\u0161i general vojske bosanskih Srba Radislav Krsti\u0107 prihvatio je osobnu odgovornost za ratne zlo\u010dine po\u010dinjene u Srebrenici i na temelju toga zatra\u017eio od predsjednika Mehanizama za me\u0111unarodne kaznene sudove (MICT) da mu odobri skra\u0107enje kazne od 35 godina zatvora koju mu je 2004. godine izrekao Haa\u0161ki tribunal. Krsti\u0107 je u travnju poslao pismo predsjedniku MICT-a [&hellip;]\" \/>\n<meta property=\"og:url\" content=\"https:\/\/radioljubuski.ba\/index.php\/2022\/05\/24\/mladicev-najblizi-suradnik-prihvatio-odgovornost-za-zlocine-u-srebrenici\/\" \/>\n<meta property=\"og:site_name\" content=\"RADIO LJUBU\u0160KI\" \/>\n<meta property=\"article:publisher\" content=\"https:\/\/www.facebook.com\/Radiio-Ljubuski-1490835324566332\" \/>\n<meta property=\"article:published_time\" content=\"2022-05-24T13:09:51+00:00\" \/>\n<meta property=\"article:modified_time\" content=\"2022-05-24T13:09:52+00:00\" \/>\n<meta property=\"og:image\" content=\"https:\/\/radioljubuski.ba\/wp-content\/uploads\/2022\/05\/U4eN7npc_srebrenica.jpg\" \/>\n\t<meta property=\"og:image:width\" content=\"1000\" \/>\n\t<meta property=\"og:image:height\" content=\"625\" \/>\n\t<meta property=\"og:image:type\" content=\"image\/jpeg\" \/>\n<meta name=\"author\" content=\"Radio Ljubu\u0161ki\" \/>\n<meta name=\"twitter:card\" content=\"summary_large_image\" \/>\n<meta name=\"twitter:creator\" content=\"@radioljubuski\" \/>\n<meta name=\"twitter:site\" content=\"@radioljubuski\" \/>\n<meta name=\"twitter:label1\" content=\"Napisao\/la\" \/>\n\t<meta name=\"twitter:data1\" content=\"Radio Ljubu\u0161ki\" \/>\n\t<meta name=\"twitter:label2\" content=\"Procijenjeno vrijeme \u010ditanja\" \/>\n\t<meta name=\"twitter:data2\" content=\"2 minute\" \/>\n<script type=\"application\/ld+json\" class=\"yoast-schema-graph\">{\"@context\":\"https:\\\/\\\/schema.org\",\"@graph\":[{\"@type\":\"Article\",\"@id\":\"https:\\\/\\\/radioljubuski.ba\\\/index.php\\\/2022\\\/05\\\/24\\\/mladicev-najblizi-suradnik-prihvatio-odgovornost-za-zlocine-u-srebrenici\\\/#article\",\"isPartOf\":{\"@id\":\"https:\\\/\\\/radioljubuski.ba\\\/index.php\\\/2022\\\/05\\\/24\\\/mladicev-najblizi-suradnik-prihvatio-odgovornost-za-zlocine-u-srebrenici\\\/\"},\"author\":{\"name\":\"Radio Ljubu\u0161ki\",\"@id\":\"https:\\\/\\\/radioljubuski.ba\\\/#\\\/schema\\\/person\\\/19fc700381a780f69665d7956c469e3b\"},\"headline\":\"Mladi\u0107ev najbli\u017ei suradnik prihvatio odgovornost za zlo\u010dine u Srebrenici\",\"datePublished\":\"2022-05-24T13:09:51+00:00\",\"dateModified\":\"2022-05-24T13:09:52+00:00\",\"mainEntityOfPage\":{\"@id\":\"https:\\\/\\\/radioljubuski.ba\\\/index.php\\\/2022\\\/05\\\/24\\\/mladicev-najblizi-suradnik-prihvatio-odgovornost-za-zlocine-u-srebrenici\\\/\"},\"wordCount\":417,\"publisher\":{\"@id\":\"https:\\\/\\\/radioljubuski.ba\\\/#organization\"},\"image\":{\"@id\":\"https:\\\/\\\/radioljubuski.ba\\\/index.php\\\/2022\\\/05\\\/24\\\/mladicev-najblizi-suradnik-prihvatio-odgovornost-za-zlocine-u-srebrenici\\\/#primaryimage\"},\"thumbnailUrl\":\"https:\\\/\\\/radioljubuski.ba\\\/wp-content\\\/uploads\\\/2022\\\/05\\\/U4eN7npc_srebrenica.jpg\",\"articleSection\":[\"BIH i regija\"],\"inLanguage\":\"hr\"},{\"@type\":\"WebPage\",\"@id\":\"https:\\\/\\\/radioljubuski.ba\\\/index.php\\\/2022\\\/05\\\/24\\\/mladicev-najblizi-suradnik-prihvatio-odgovornost-za-zlocine-u-srebrenici\\\/\",\"url\":\"https:\\\/\\\/radioljubuski.ba\\\/index.php\\\/2022\\\/05\\\/24\\\/mladicev-najblizi-suradnik-prihvatio-odgovornost-za-zlocine-u-srebrenici\\\/\",\"name\":\"Mladi\u0107ev najbli\u017ei suradnik prihvatio odgovornost za zlo\u010dine u Srebrenici - RADIO LJUBU\u0160KI\",\"isPartOf\":{\"@id\":\"https:\\\/\\\/radioljubuski.ba\\\/#website\"},\"primaryImageOfPage\":{\"@id\":\"https:\\\/\\\/radioljubuski.ba\\\/index.php\\\/2022\\\/05\\\/24\\\/mladicev-najblizi-suradnik-prihvatio-odgovornost-za-zlocine-u-srebrenici\\\/#primaryimage\"},\"image\":{\"@id\":\"https:\\\/\\\/radioljubuski.ba\\\/index.php\\\/2022\\\/05\\\/24\\\/mladicev-najblizi-suradnik-prihvatio-odgovornost-za-zlocine-u-srebrenici\\\/#primaryimage\"},\"thumbnailUrl\":\"https:\\\/\\\/radioljubuski.ba\\\/wp-content\\\/uploads\\\/2022\\\/05\\\/U4eN7npc_srebrenica.jpg\",\"datePublished\":\"2022-05-24T13:09:51+00:00\",\"dateModified\":\"2022-05-24T13:09:52+00:00\",\"breadcrumb\":{\"@id\":\"https:\\\/\\\/radioljubuski.ba\\\/index.php\\\/2022\\\/05\\\/24\\\/mladicev-najblizi-suradnik-prihvatio-odgovornost-za-zlocine-u-srebrenici\\\/#breadcrumb\"},\"inLanguage\":\"hr\",\"potentialAction\":[{\"@type\":\"ReadAction\",\"target\":[\"https:\\\/\\\/radioljubuski.ba\\\/index.php\\\/2022\\\/05\\\/24\\\/mladicev-najblizi-suradnik-prihvatio-odgovornost-za-zlocine-u-srebrenici\\\/\"]}]},{\"@type\":\"ImageObject\",\"inLanguage\":\"hr\",\"@id\":\"https:\\\/\\\/radioljubuski.ba\\\/index.php\\\/2022\\\/05\\\/24\\\/mladicev-najblizi-suradnik-prihvatio-odgovornost-za-zlocine-u-srebrenici\\\/#primaryimage\",\"url\":\"https:\\\/\\\/radioljubuski.ba\\\/wp-content\\\/uploads\\\/2022\\\/05\\\/U4eN7npc_srebrenica.jpg\",\"contentUrl\":\"https:\\\/\\\/radioljubuski.ba\\\/wp-content\\\/uploads\\\/2022\\\/05\\\/U4eN7npc_srebrenica.jpg\",\"width\":1000,\"height\":625},{\"@type\":\"BreadcrumbList\",\"@id\":\"https:\\\/\\\/radioljubuski.ba\\\/index.php\\\/2022\\\/05\\\/24\\\/mladicev-najblizi-suradnik-prihvatio-odgovornost-za-zlocine-u-srebrenici\\\/#breadcrumb\",\"itemListElement\":[{\"@type\":\"ListItem\",\"position\":1,\"name\":\"Po\u010detna stranica\",\"item\":\"https:\\\/\\\/radioljubuski.ba\\\/\"},{\"@type\":\"ListItem\",\"position\":2,\"name\":\"Mladi\u0107ev najbli\u017ei suradnik prihvatio odgovornost za zlo\u010dine u Srebrenici\"}]},{\"@type\":\"WebSite\",\"@id\":\"https:\\\/\\\/radioljubuski.ba\\\/#website\",\"url\":\"https:\\\/\\\/radioljubuski.ba\\\/\",\"name\":\"Radio Ljubu\u0161ki\",\"description\":\"Sun\u010dana frekvencija Hercegovine\",\"publisher\":{\"@id\":\"https:\\\/\\\/radioljubuski.ba\\\/#organization\"},\"potentialAction\":[{\"@type\":\"SearchAction\",\"target\":{\"@type\":\"EntryPoint\",\"urlTemplate\":\"https:\\\/\\\/radioljubuski.ba\\\/?s={search_term_string}\"},\"query-input\":{\"@type\":\"PropertyValueSpecification\",\"valueRequired\":true,\"valueName\":\"search_term_string\"}}],\"inLanguage\":\"hr\"},{\"@type\":\"Organization\",\"@id\":\"https:\\\/\\\/radioljubuski.ba\\\/#organization\",\"name\":\"Radio Ljubu\u0161ki\",\"url\":\"https:\\\/\\\/radioljubuski.ba\\\/\",\"logo\":{\"@type\":\"ImageObject\",\"inLanguage\":\"hr\",\"@id\":\"https:\\\/\\\/radioljubuski.ba\\\/#\\\/schema\\\/logo\\\/image\\\/\",\"url\":\"https:\\\/\\\/radioljubuski.ba\\\/wp-content\\\/uploads\\\/2021\\\/02\\\/cropped-Radio_Ljubuski_logo1.jpg\",\"contentUrl\":\"https:\\\/\\\/radioljubuski.ba\\\/wp-content\\\/uploads\\\/2021\\\/02\\\/cropped-Radio_Ljubuski_logo1.jpg\",\"width\":512,\"height\":512,\"caption\":\"Radio Ljubu\u0161ki\"},\"image\":{\"@id\":\"https:\\\/\\\/radioljubuski.ba\\\/#\\\/schema\\\/logo\\\/image\\\/\"},\"sameAs\":[\"https:\\\/\\\/www.facebook.com\\\/Radiio-Ljubuski-1490835324566332\",\"https:\\\/\\\/x.com\\\/radioljubuski\",\"https:\\\/\\\/hr.linkedin.com\\\/company\\\/radio-ljubuski\",\"https:\\\/\\\/www.youtube.com\\\/channel\\\/UCHYaeO_n0Db3tjNGudGpXyw\"]},{\"@type\":\"Person\",\"@id\":\"https:\\\/\\\/radioljubuski.ba\\\/#\\\/schema\\\/person\\\/19fc700381a780f69665d7956c469e3b\",\"name\":\"Radio Ljubu\u0161ki\"}]}<\/script>\n<!-- \/ Yoast SEO plugin. -->","yoast_head_json":{"title":"Mladi\u0107ev najbli\u017ei suradnik prihvatio odgovornost za zlo\u010dine u Srebrenici - RADIO LJUBU\u0160KI","robots":{"index":"index","follow":"follow","max-snippet":"max-snippet:-1","max-image-preview":"max-image-preview:large","max-video-preview":"max-video-preview:-1"},"canonical":"https:\/\/radioljubuski.ba\/index.php\/2022\/05\/24\/mladicev-najblizi-suradnik-prihvatio-odgovornost-za-zlocine-u-srebrenici\/","og_locale":"hr_HR","og_type":"article","og_title":"Mladi\u0107ev najbli\u017ei suradnik prihvatio odgovornost za zlo\u010dine u Srebrenici - RADIO LJUBU\u0160KI","og_description":"Biv\u0161i general vojske bosanskih Srba Radislav Krsti\u0107 prihvatio je osobnu odgovornost za ratne zlo\u010dine po\u010dinjene u Srebrenici i na temelju toga zatra\u017eio od predsjednika Mehanizama za me\u0111unarodne kaznene sudove (MICT) da mu odobri skra\u0107enje kazne od 35 godina zatvora koju mu je 2004. godine izrekao Haa\u0161ki tribunal. Krsti\u0107 je u travnju poslao pismo predsjedniku MICT-a [&hellip;]","og_url":"https:\/\/radioljubuski.ba\/index.php\/2022\/05\/24\/mladicev-najblizi-suradnik-prihvatio-odgovornost-za-zlocine-u-srebrenici\/","og_site_name":"RADIO LJUBU\u0160KI","article_publisher":"https:\/\/www.facebook.com\/Radiio-Ljubuski-1490835324566332","article_published_time":"2022-05-24T13:09:51+00:00","article_modified_time":"2022-05-24T13:09:52+00:00","og_image":[{"width":1000,"height":625,"url":"https:\/\/radioljubuski.ba\/wp-content\/uploads\/2022\/05\/U4eN7npc_srebrenica.jpg","type":"image\/jpeg"}],"author":"Radio Ljubu\u0161ki","twitter_card":"summary_large_image","twitter_creator":"@radioljubuski","twitter_site":"@radioljubuski","twitter_misc":{"Napisao\/la":"Radio Ljubu\u0161ki","Procijenjeno vrijeme \u010ditanja":"2 minute"},"schema":{"@context":"https:\/\/schema.org","@graph":[{"@type":"Article","@id":"https:\/\/radioljubuski.ba\/index.php\/2022\/05\/24\/mladicev-najblizi-suradnik-prihvatio-odgovornost-za-zlocine-u-srebrenici\/#article","isPartOf":{"@id":"https:\/\/radioljubuski.ba\/index.php\/2022\/05\/24\/mladicev-najblizi-suradnik-prihvatio-odgovornost-za-zlocine-u-srebrenici\/"},"author":{"name":"Radio Ljubu\u0161ki","@id":"https:\/\/radioljubuski.ba\/#\/schema\/person\/19fc700381a780f69665d7956c469e3b"},"headline":"Mladi\u0107ev najbli\u017ei suradnik prihvatio odgovornost za zlo\u010dine u Srebrenici","datePublished":"2022-05-24T13:09:51+00:00","dateModified":"2022-05-24T13:09:52+00:00","mainEntityOfPage":{"@id":"https:\/\/radioljubuski.ba\/index.php\/2022\/05\/24\/mladicev-najblizi-suradnik-prihvatio-odgovornost-za-zlocine-u-srebrenici\/"},"wordCount":417,"publisher":{"@id":"https:\/\/radioljubuski.ba\/#organization"},"image":{"@id":"https:\/\/radioljubuski.ba\/index.php\/2022\/05\/24\/mladicev-najblizi-suradnik-prihvatio-odgovornost-za-zlocine-u-srebrenici\/#primaryimage"},"thumbnailUrl":"https:\/\/radioljubuski.ba\/wp-content\/uploads\/2022\/05\/U4eN7npc_srebrenica.jpg","articleSection":["BIH i regija"],"inLanguage":"hr"},{"@type":"WebPage","@id":"https:\/\/radioljubuski.ba\/index.php\/2022\/05\/24\/mladicev-najblizi-suradnik-prihvatio-odgovornost-za-zlocine-u-srebrenici\/","url":"https:\/\/radioljubuski.ba\/index.php\/2022\/05\/24\/mladicev-najblizi-suradnik-prihvatio-odgovornost-za-zlocine-u-srebrenici\/","name":"Mladi\u0107ev najbli\u017ei suradnik prihvatio odgovornost za zlo\u010dine u Srebrenici - RADIO LJUBU\u0160KI","isPartOf":{"@id":"https:\/\/radioljubuski.ba\/#website"},"primaryImageOfPage":{"@id":"https:\/\/radioljubuski.ba\/index.php\/2022\/05\/24\/mladicev-najblizi-suradnik-prihvatio-odgovornost-za-zlocine-u-srebrenici\/#primaryimage"},"image":{"@id":"https:\/\/radioljubuski.ba\/index.php\/2022\/05\/24\/mladicev-najblizi-suradnik-prihvatio-odgovornost-za-zlocine-u-srebrenici\/#primaryimage"},"thumbnailUrl":"https:\/\/radioljubuski.ba\/wp-content\/uploads\/2022\/05\/U4eN7npc_srebrenica.jpg","datePublished":"2022-05-24T13:09:51+00:00","dateModified":"2022-05-24T13:09:52+00:00","breadcrumb":{"@id":"https:\/\/radioljubuski.ba\/index.php\/2022\/05\/24\/mladicev-najblizi-suradnik-prihvatio-odgovornost-za-zlocine-u-srebrenici\/#breadcrumb"},"inLanguage":"hr","potentialAction":[{"@type":"ReadAction","target":["https:\/\/radioljubuski.ba\/index.php\/2022\/05\/24\/mladicev-najblizi-suradnik-prihvatio-odgovornost-za-zlocine-u-srebrenici\/"]}]},{"@type":"ImageObject","inLanguage":"hr","@id":"https:\/\/radioljubuski.ba\/index.php\/2022\/05\/24\/mladicev-najblizi-suradnik-prihvatio-odgovornost-za-zlocine-u-srebrenici\/#primaryimage","url":"https:\/\/radioljubuski.ba\/wp-content\/uploads\/2022\/05\/U4eN7npc_srebrenica.jpg","contentUrl":"https:\/\/radioljubuski.ba\/wp-content\/uploads\/2022\/05\/U4eN7npc_srebrenica.jpg","width":1000,"height":625},{"@type":"BreadcrumbList","@id":"https:\/\/radioljubuski.ba\/index.php\/2022\/05\/24\/mladicev-najblizi-suradnik-prihvatio-odgovornost-za-zlocine-u-srebrenici\/#breadcrumb","itemListElement":[{"@type":"ListItem","position":1,"name":"Po\u010detna stranica","item":"https:\/\/radioljubuski.ba\/"},{"@type":"ListItem","position":2,"name":"Mladi\u0107ev najbli\u017ei suradnik prihvatio odgovornost za zlo\u010dine u Srebrenici"}]},{"@type":"WebSite","@id":"https:\/\/radioljubuski.ba\/#website","url":"https:\/\/radioljubuski.ba\/","name":"Radio Ljubu\u0161ki","description":"Sun\u010dana frekvencija Hercegovine","publisher":{"@id":"https:\/\/radioljubuski.ba\/#organization"},"potentialAction":[{"@type":"SearchAction","target":{"@type":"EntryPoint","urlTemplate":"https:\/\/radioljubuski.ba\/?s={search_term_string}"},"query-input":{"@type":"PropertyValueSpecification","valueRequired":true,"valueName":"search_term_string"}}],"inLanguage":"hr"},{"@type":"Organization","@id":"https:\/\/radioljubuski.ba\/#organization","name":"Radio Ljubu\u0161ki","url":"https:\/\/radioljubuski.ba\/","logo":{"@type":"ImageObject","inLanguage":"hr","@id":"https:\/\/radioljubuski.ba\/#\/schema\/logo\/image\/","url":"https:\/\/radioljubuski.ba\/wp-content\/uploads\/2021\/02\/cropped-Radio_Ljubuski_logo1.jpg","contentUrl":"https:\/\/radioljubuski.ba\/wp-content\/uploads\/2021\/02\/cropped-Radio_Ljubuski_logo1.jpg","width":512,"height":512,"caption":"Radio Ljubu\u0161ki"},"image":{"@id":"https:\/\/radioljubuski.ba\/#\/schema\/logo\/image\/"},"sameAs":["https:\/\/www.facebook.com\/Radiio-Ljubuski-1490835324566332","https:\/\/x.com\/radioljubuski","https:\/\/hr.linkedin.com\/company\/radio-ljubuski","https:\/\/www.youtube.com\/channel\/UCHYaeO_n0Db3tjNGudGpXyw"]},{"@type":"Person","@id":"https:\/\/radioljubuski.ba\/#\/schema\/person\/19fc700381a780f69665d7956c469e3b","name":"Radio Ljubu\u0161ki"}]}},"_links":{"self":[{"href":"https:\/\/radioljubuski.ba\/index.php\/wp-json\/wp\/v2\/posts\/143714","targetHints":{"allow":["GET"]}}],"collection":[{"href":"https:\/\/radioljubuski.ba\/index.php\/wp-json\/wp\/v2\/posts"}],"about":[{"href":"https:\/\/radioljubuski.ba\/index.php\/wp-json\/wp\/v2\/types\/post"}],"author":[{"embeddable":true,"href":"https:\/\/radioljubuski.ba\/index.php\/wp-json\/wp\/v2\/users\/2"}],"replies":[{"embeddable":true,"href":"https:\/\/radioljubuski.ba\/index.php\/wp-json\/wp\/v2\/comments?post=143714"}],"version-history":[{"count":1,"href":"https:\/\/radioljubuski.ba\/index.php\/wp-json\/wp\/v2\/posts\/143714\/revisions"}],"predecessor-version":[{"id":143716,"href":"https:\/\/radioljubuski.ba\/index.php\/wp-json\/wp\/v2\/posts\/143714\/revisions\/143716"}],"wp:featuredmedia":[{"embeddable":true,"href":"https:\/\/radioljubuski.ba\/index.php\/wp-json\/wp\/v2\/media\/143715"}],"wp:attachment":[{"href":"https:\/\/radioljubuski.ba\/index.php\/wp-json\/wp\/v2\/media?parent=143714"}],"wp:term":[{"taxonomy":"category","embeddable":true,"href":"https:\/\/radioljubuski.ba\/index.php\/wp-json\/wp\/v2\/categories?post=143714"},{"taxonomy":"post_tag","embeddable":true,"href":"https:\/\/radioljubuski.ba\/index.php\/wp-json\/wp\/v2\/tags?post=143714"}],"curies":[{"name":"wp","href":"https:\/\/api.w.org\/{rel}","templated":true}]}}