{"id":143717,"date":"2022-05-24T14:10:49","date_gmt":"2022-05-24T13:10:49","guid":{"rendered":"https:\/\/radioljubuski.ba\/?p=143717"},"modified":"2022-05-24T14:10:49","modified_gmt":"2022-05-24T13:10:49","slug":"proljetna-faza-preventivne-deratizacije-na-podrucju-hnz-a-od-30-svibnja","status":"publish","type":"post","link":"https:\/\/radioljubuski.ba\/index.php\/2022\/05\/24\/proljetna-faza-preventivne-deratizacije-na-podrucju-hnz-a-od-30-svibnja\/","title":{"rendered":"Proljetna faza preventivne deratizacije na podru\u010dju HN\u017d-a od 30. svibnja"},"content":{"rendered":"\n<p>Zavod za javno zdravstvo (ZZJZ) Hercegova\u010dko-neretvanske \u017eupanije (HN\u017d) obavje\u0161tava javnost kako proljetna faza obavezne preventivne deratizacije na podru\u010dju HN\u017d-a po\u010dinje u ponedjeljak, 30. svibnja.<\/p>\n\n\n\n<p>Organizaciju i provo\u0111enje deratizacije obavljat \u0107e Zavod, a cilj je smanjenje broja glodavaca na biolo\u0161ki podno\u0161ljiv nivo za odr\u017eavanje povoljne epidemiolo\u0161ke situacije na podru\u010dju ove \u017eupanije, priop\u0107eno je iz ZZJZ HN\u017d-a.<\/p>\n\n\n\n<p>Ova akcija provodi se postavljanjem trovne mase na javne i zelene povr\u0161ine u pojasu gradskih i prigradskih naselja, obale rijeka, u kanalizacijske \u0161ahtove, deponije \u010dvrstih otpadaka, groblja, ru\u0161evne objekte, obrazovne i zdravstvene ustanove, vjerske i druge javne objekte.<\/p>\n\n\n\n<p>Deratizacija se provodi suvremenim i efikasnim sredstvima za uni\u0161tavanje glodavaca, a postavljeni mamci su otrov. Zavod apelira na stanovni\u0161tvo da otrove ne diraju i ne pomjeraju s postavljenih lokacija.<\/p>\n\n\n\n<p>&#8220;Pozivamo sve subjekte na suradnju pri izvo\u0111enju preventivne akcije kako bi bila provedena \u0161to kvalitetnije, te kako bi postigli o\u010dekivani efekt i povoljnu epidemiolo\u0161ku situaciju u na\u0161oj \u017eupaniji i time za\u0161titili zdravlje stanovni\u0161tva&#8221;, navode iz Zavoda.<\/p>\n\n\n\n<p>Tako\u0111er, ZZJZ HN\u017d-a moli sve vlasnike \u017eivotinja da u periodu provo\u0111enja deratizacije \u017eivotinje dr\u017ee zatvorene ili pod nadzorom u skladu sa zakonskim propisima. Pu\u0161tanje \u017eivotinja je na vlastitu odgovornost.<\/p>\n\n\n\n<p>Proljetna preventivna deratizacija u Mostaru \u0107e se provoditi od 30. svibnja do 9. lipnja, u Konjicu od 30. svibnja do 7. lipnja, u Jablanici od 8. do 10. lipnja, u Prozor-Rami od 13. do 14. lipnja.<\/p>\n\n\n\n<p>U Neumu \u0107e se deratizacija provesti tijekom 10. lipnja, Stocu od 15. do 16. lipnja, \u010capljini od 15. do 17. lipnja, \u010citluku od 13. do 14. lipnja, a u Ravnom 13. lipnja.<\/p>\n\n\n\n<p>Izvor.pogled.ba<\/p>\n","protected":false},"excerpt":{"rendered":"<p>Zavod za javno zdravstvo (ZZJZ) Hercegova\u010dko-neretvanske \u017eupanije (HN\u017d) obavje\u0161tava javnost kako proljetna faza obavezne preventivne deratizacije na podru\u010dju HN\u017d-a po\u010dinje u ponedjeljak, 30. svibnja. Organizaciju i provo\u0111enje deratizacije obavljat \u0107e Zavod, a cilj je smanjenje broja glodavaca na biolo\u0161ki podno\u0161ljiv nivo za odr\u017eavanje povoljne epidemiolo\u0161ke situacije na podru\u010dju ove \u017eupanije, priop\u0107eno je iz ZZJZ HN\u017d-a. [&hellip;]<\/p>\n","protected":false},"author":2,"featured_media":143718,"comment_status":"closed","ping_status":"closed","sticky":false,"template":"","format":"standard","meta":{"h5ap_radio_sources":[],"footnotes":""},"categories":[1],"tags":[],"class_list":["post-143717","post","type-post","status-publish","format-standard","has-post-thumbnail","hentry","category-bihiregija"],"yoast_head":"<!-- This site is optimized with the Yoast SEO plugin v27.5 - https:\/\/yoast.com\/product\/yoast-seo-wordpress\/ -->\n<title>Proljetna faza preventivne deratizacije na podru\u010dju HN\u017d-a od 30. svibnja - RADIO LJUBU\u0160KI<\/title>\n<meta name=\"robots\" content=\"index, follow, max-snippet:-1, max-image-preview:large, max-video-preview:-1\" \/>\n<link rel=\"canonical\" href=\"https:\/\/radioljubuski.ba\/index.php\/2022\/05\/24\/proljetna-faza-preventivne-deratizacije-na-podrucju-hnz-a-od-30-svibnja\/\" \/>\n<meta property=\"og:locale\" content=\"hr_HR\" \/>\n<meta property=\"og:type\" content=\"article\" \/>\n<meta property=\"og:title\" content=\"Proljetna faza preventivne deratizacije na podru\u010dju HN\u017d-a od 30. svibnja - RADIO LJUBU\u0160KI\" \/>\n<meta property=\"og:description\" content=\"Zavod za javno zdravstvo (ZZJZ) Hercegova\u010dko-neretvanske \u017eupanije (HN\u017d) obavje\u0161tava javnost kako proljetna faza obavezne preventivne deratizacije na podru\u010dju HN\u017d-a po\u010dinje u ponedjeljak, 30. svibnja. Organizaciju i provo\u0111enje deratizacije obavljat \u0107e Zavod, a cilj je smanjenje broja glodavaca na biolo\u0161ki podno\u0161ljiv nivo za odr\u017eavanje povoljne epidemiolo\u0161ke situacije na podru\u010dju ove \u017eupanije, priop\u0107eno je iz ZZJZ HN\u017d-a. [&hellip;]\" \/>\n<meta property=\"og:url\" content=\"https:\/\/radioljubuski.ba\/index.php\/2022\/05\/24\/proljetna-faza-preventivne-deratizacije-na-podrucju-hnz-a-od-30-svibnja\/\" \/>\n<meta property=\"og:site_name\" content=\"RADIO LJUBU\u0160KI\" \/>\n<meta property=\"article:publisher\" content=\"https:\/\/www.facebook.com\/Radiio-Ljubuski-1490835324566332\" \/>\n<meta property=\"article:published_time\" content=\"2022-05-24T13:10:49+00:00\" \/>\n<meta property=\"og:image\" content=\"https:\/\/radioljubuski.ba\/wp-content\/uploads\/2022\/05\/sYVcwIZS_deratizacija.jpg\" \/>\n\t<meta property=\"og:image:width\" content=\"1000\" \/>\n\t<meta property=\"og:image:height\" content=\"625\" \/>\n\t<meta property=\"og:image:type\" content=\"image\/jpeg\" \/>\n<meta name=\"author\" content=\"Radio Ljubu\u0161ki\" \/>\n<meta name=\"twitter:card\" content=\"summary_large_image\" \/>\n<meta name=\"twitter:creator\" content=\"@radioljubuski\" \/>\n<meta name=\"twitter:site\" content=\"@radioljubuski\" \/>\n<meta name=\"twitter:label1\" content=\"Napisao\/la\" \/>\n\t<meta name=\"twitter:data1\" content=\"Radio Ljubu\u0161ki\" \/>\n\t<meta name=\"twitter:label2\" content=\"Procijenjeno vrijeme \u010ditanja\" \/>\n\t<meta name=\"twitter:data2\" content=\"2 minute\" \/>\n<script type=\"application\/ld+json\" class=\"yoast-schema-graph\">{\"@context\":\"https:\\\/\\\/schema.org\",\"@graph\":[{\"@type\":\"Article\",\"@id\":\"https:\\\/\\\/radioljubuski.ba\\\/index.php\\\/2022\\\/05\\\/24\\\/proljetna-faza-preventivne-deratizacije-na-podrucju-hnz-a-od-30-svibnja\\\/#article\",\"isPartOf\":{\"@id\":\"https:\\\/\\\/radioljubuski.ba\\\/index.php\\\/2022\\\/05\\\/24\\\/proljetna-faza-preventivne-deratizacije-na-podrucju-hnz-a-od-30-svibnja\\\/\"},\"author\":{\"name\":\"Radio Ljubu\u0161ki\",\"@id\":\"https:\\\/\\\/radioljubuski.ba\\\/#\\\/schema\\\/person\\\/19fc700381a780f69665d7956c469e3b\"},\"headline\":\"Proljetna faza preventivne deratizacije na podru\u010dju HN\u017d-a od 30. svibnja\",\"datePublished\":\"2022-05-24T13:10:49+00:00\",\"mainEntityOfPage\":{\"@id\":\"https:\\\/\\\/radioljubuski.ba\\\/index.php\\\/2022\\\/05\\\/24\\\/proljetna-faza-preventivne-deratizacije-na-podrucju-hnz-a-od-30-svibnja\\\/\"},\"wordCount\":280,\"publisher\":{\"@id\":\"https:\\\/\\\/radioljubuski.ba\\\/#organization\"},\"image\":{\"@id\":\"https:\\\/\\\/radioljubuski.ba\\\/index.php\\\/2022\\\/05\\\/24\\\/proljetna-faza-preventivne-deratizacije-na-podrucju-hnz-a-od-30-svibnja\\\/#primaryimage\"},\"thumbnailUrl\":\"https:\\\/\\\/radioljubuski.ba\\\/wp-content\\\/uploads\\\/2022\\\/05\\\/sYVcwIZS_deratizacija.jpg\",\"articleSection\":[\"BIH i regija\"],\"inLanguage\":\"hr\"},{\"@type\":\"WebPage\",\"@id\":\"https:\\\/\\\/radioljubuski.ba\\\/index.php\\\/2022\\\/05\\\/24\\\/proljetna-faza-preventivne-deratizacije-na-podrucju-hnz-a-od-30-svibnja\\\/\",\"url\":\"https:\\\/\\\/radioljubuski.ba\\\/index.php\\\/2022\\\/05\\\/24\\\/proljetna-faza-preventivne-deratizacije-na-podrucju-hnz-a-od-30-svibnja\\\/\",\"name\":\"Proljetna faza preventivne deratizacije na podru\u010dju HN\u017d-a od 30. svibnja - RADIO LJUBU\u0160KI\",\"isPartOf\":{\"@id\":\"https:\\\/\\\/radioljubuski.ba\\\/#website\"},\"primaryImageOfPage\":{\"@id\":\"https:\\\/\\\/radioljubuski.ba\\\/index.php\\\/2022\\\/05\\\/24\\\/proljetna-faza-preventivne-deratizacije-na-podrucju-hnz-a-od-30-svibnja\\\/#primaryimage\"},\"image\":{\"@id\":\"https:\\\/\\\/radioljubuski.ba\\\/index.php\\\/2022\\\/05\\\/24\\\/proljetna-faza-preventivne-deratizacije-na-podrucju-hnz-a-od-30-svibnja\\\/#primaryimage\"},\"thumbnailUrl\":\"https:\\\/\\\/radioljubuski.ba\\\/wp-content\\\/uploads\\\/2022\\\/05\\\/sYVcwIZS_deratizacija.jpg\",\"datePublished\":\"2022-05-24T13:10:49+00:00\",\"breadcrumb\":{\"@id\":\"https:\\\/\\\/radioljubuski.ba\\\/index.php\\\/2022\\\/05\\\/24\\\/proljetna-faza-preventivne-deratizacije-na-podrucju-hnz-a-od-30-svibnja\\\/#breadcrumb\"},\"inLanguage\":\"hr\",\"potentialAction\":[{\"@type\":\"ReadAction\",\"target\":[\"https:\\\/\\\/radioljubuski.ba\\\/index.php\\\/2022\\\/05\\\/24\\\/proljetna-faza-preventivne-deratizacije-na-podrucju-hnz-a-od-30-svibnja\\\/\"]}]},{\"@type\":\"ImageObject\",\"inLanguage\":\"hr\",\"@id\":\"https:\\\/\\\/radioljubuski.ba\\\/index.php\\\/2022\\\/05\\\/24\\\/proljetna-faza-preventivne-deratizacije-na-podrucju-hnz-a-od-30-svibnja\\\/#primaryimage\",\"url\":\"https:\\\/\\\/radioljubuski.ba\\\/wp-content\\\/uploads\\\/2022\\\/05\\\/sYVcwIZS_deratizacija.jpg\",\"contentUrl\":\"https:\\\/\\\/radioljubuski.ba\\\/wp-content\\\/uploads\\\/2022\\\/05\\\/sYVcwIZS_deratizacija.jpg\",\"width\":1000,\"height\":625},{\"@type\":\"BreadcrumbList\",\"@id\":\"https:\\\/\\\/radioljubuski.ba\\\/index.php\\\/2022\\\/05\\\/24\\\/proljetna-faza-preventivne-deratizacije-na-podrucju-hnz-a-od-30-svibnja\\\/#breadcrumb\",\"itemListElement\":[{\"@type\":\"ListItem\",\"position\":1,\"name\":\"Po\u010detna stranica\",\"item\":\"https:\\\/\\\/radioljubuski.ba\\\/\"},{\"@type\":\"ListItem\",\"position\":2,\"name\":\"Proljetna faza preventivne deratizacije na podru\u010dju HN\u017d-a od 30. svibnja\"}]},{\"@type\":\"WebSite\",\"@id\":\"https:\\\/\\\/radioljubuski.ba\\\/#website\",\"url\":\"https:\\\/\\\/radioljubuski.ba\\\/\",\"name\":\"Radio Ljubu\u0161ki\",\"description\":\"Sun\u010dana frekvencija Hercegovine\",\"publisher\":{\"@id\":\"https:\\\/\\\/radioljubuski.ba\\\/#organization\"},\"potentialAction\":[{\"@type\":\"SearchAction\",\"target\":{\"@type\":\"EntryPoint\",\"urlTemplate\":\"https:\\\/\\\/radioljubuski.ba\\\/?s={search_term_string}\"},\"query-input\":{\"@type\":\"PropertyValueSpecification\",\"valueRequired\":true,\"valueName\":\"search_term_string\"}}],\"inLanguage\":\"hr\"},{\"@type\":\"Organization\",\"@id\":\"https:\\\/\\\/radioljubuski.ba\\\/#organization\",\"name\":\"Radio Ljubu\u0161ki\",\"url\":\"https:\\\/\\\/radioljubuski.ba\\\/\",\"logo\":{\"@type\":\"ImageObject\",\"inLanguage\":\"hr\",\"@id\":\"https:\\\/\\\/radioljubuski.ba\\\/#\\\/schema\\\/logo\\\/image\\\/\",\"url\":\"https:\\\/\\\/radioljubuski.ba\\\/wp-content\\\/uploads\\\/2021\\\/02\\\/cropped-Radio_Ljubuski_logo1.jpg\",\"contentUrl\":\"https:\\\/\\\/radioljubuski.ba\\\/wp-content\\\/uploads\\\/2021\\\/02\\\/cropped-Radio_Ljubuski_logo1.jpg\",\"width\":512,\"height\":512,\"caption\":\"Radio Ljubu\u0161ki\"},\"image\":{\"@id\":\"https:\\\/\\\/radioljubuski.ba\\\/#\\\/schema\\\/logo\\\/image\\\/\"},\"sameAs\":[\"https:\\\/\\\/www.facebook.com\\\/Radiio-Ljubuski-1490835324566332\",\"https:\\\/\\\/x.com\\\/radioljubuski\",\"https:\\\/\\\/hr.linkedin.com\\\/company\\\/radio-ljubuski\",\"https:\\\/\\\/www.youtube.com\\\/channel\\\/UCHYaeO_n0Db3tjNGudGpXyw\"]},{\"@type\":\"Person\",\"@id\":\"https:\\\/\\\/radioljubuski.ba\\\/#\\\/schema\\\/person\\\/19fc700381a780f69665d7956c469e3b\",\"name\":\"Radio Ljubu\u0161ki\"}]}<\/script>\n<!-- \/ Yoast SEO plugin. -->","yoast_head_json":{"title":"Proljetna faza preventivne deratizacije na podru\u010dju HN\u017d-a od 30. svibnja - RADIO LJUBU\u0160KI","robots":{"index":"index","follow":"follow","max-snippet":"max-snippet:-1","max-image-preview":"max-image-preview:large","max-video-preview":"max-video-preview:-1"},"canonical":"https:\/\/radioljubuski.ba\/index.php\/2022\/05\/24\/proljetna-faza-preventivne-deratizacije-na-podrucju-hnz-a-od-30-svibnja\/","og_locale":"hr_HR","og_type":"article","og_title":"Proljetna faza preventivne deratizacije na podru\u010dju HN\u017d-a od 30. svibnja - RADIO LJUBU\u0160KI","og_description":"Zavod za javno zdravstvo (ZZJZ) Hercegova\u010dko-neretvanske \u017eupanije (HN\u017d) obavje\u0161tava javnost kako proljetna faza obavezne preventivne deratizacije na podru\u010dju HN\u017d-a po\u010dinje u ponedjeljak, 30. svibnja. Organizaciju i provo\u0111enje deratizacije obavljat \u0107e Zavod, a cilj je smanjenje broja glodavaca na biolo\u0161ki podno\u0161ljiv nivo za odr\u017eavanje povoljne epidemiolo\u0161ke situacije na podru\u010dju ove \u017eupanije, priop\u0107eno je iz ZZJZ HN\u017d-a. [&hellip;]","og_url":"https:\/\/radioljubuski.ba\/index.php\/2022\/05\/24\/proljetna-faza-preventivne-deratizacije-na-podrucju-hnz-a-od-30-svibnja\/","og_site_name":"RADIO LJUBU\u0160KI","article_publisher":"https:\/\/www.facebook.com\/Radiio-Ljubuski-1490835324566332","article_published_time":"2022-05-24T13:10:49+00:00","og_image":[{"width":1000,"height":625,"url":"https:\/\/radioljubuski.ba\/wp-content\/uploads\/2022\/05\/sYVcwIZS_deratizacija.jpg","type":"image\/jpeg"}],"author":"Radio Ljubu\u0161ki","twitter_card":"summary_large_image","twitter_creator":"@radioljubuski","twitter_site":"@radioljubuski","twitter_misc":{"Napisao\/la":"Radio Ljubu\u0161ki","Procijenjeno vrijeme \u010ditanja":"2 minute"},"schema":{"@context":"https:\/\/schema.org","@graph":[{"@type":"Article","@id":"https:\/\/radioljubuski.ba\/index.php\/2022\/05\/24\/proljetna-faza-preventivne-deratizacije-na-podrucju-hnz-a-od-30-svibnja\/#article","isPartOf":{"@id":"https:\/\/radioljubuski.ba\/index.php\/2022\/05\/24\/proljetna-faza-preventivne-deratizacije-na-podrucju-hnz-a-od-30-svibnja\/"},"author":{"name":"Radio Ljubu\u0161ki","@id":"https:\/\/radioljubuski.ba\/#\/schema\/person\/19fc700381a780f69665d7956c469e3b"},"headline":"Proljetna faza preventivne deratizacije na podru\u010dju HN\u017d-a od 30. svibnja","datePublished":"2022-05-24T13:10:49+00:00","mainEntityOfPage":{"@id":"https:\/\/radioljubuski.ba\/index.php\/2022\/05\/24\/proljetna-faza-preventivne-deratizacije-na-podrucju-hnz-a-od-30-svibnja\/"},"wordCount":280,"publisher":{"@id":"https:\/\/radioljubuski.ba\/#organization"},"image":{"@id":"https:\/\/radioljubuski.ba\/index.php\/2022\/05\/24\/proljetna-faza-preventivne-deratizacije-na-podrucju-hnz-a-od-30-svibnja\/#primaryimage"},"thumbnailUrl":"https:\/\/radioljubuski.ba\/wp-content\/uploads\/2022\/05\/sYVcwIZS_deratizacija.jpg","articleSection":["BIH i regija"],"inLanguage":"hr"},{"@type":"WebPage","@id":"https:\/\/radioljubuski.ba\/index.php\/2022\/05\/24\/proljetna-faza-preventivne-deratizacije-na-podrucju-hnz-a-od-30-svibnja\/","url":"https:\/\/radioljubuski.ba\/index.php\/2022\/05\/24\/proljetna-faza-preventivne-deratizacije-na-podrucju-hnz-a-od-30-svibnja\/","name":"Proljetna faza preventivne deratizacije na podru\u010dju HN\u017d-a od 30. svibnja - RADIO LJUBU\u0160KI","isPartOf":{"@id":"https:\/\/radioljubuski.ba\/#website"},"primaryImageOfPage":{"@id":"https:\/\/radioljubuski.ba\/index.php\/2022\/05\/24\/proljetna-faza-preventivne-deratizacije-na-podrucju-hnz-a-od-30-svibnja\/#primaryimage"},"image":{"@id":"https:\/\/radioljubuski.ba\/index.php\/2022\/05\/24\/proljetna-faza-preventivne-deratizacije-na-podrucju-hnz-a-od-30-svibnja\/#primaryimage"},"thumbnailUrl":"https:\/\/radioljubuski.ba\/wp-content\/uploads\/2022\/05\/sYVcwIZS_deratizacija.jpg","datePublished":"2022-05-24T13:10:49+00:00","breadcrumb":{"@id":"https:\/\/radioljubuski.ba\/index.php\/2022\/05\/24\/proljetna-faza-preventivne-deratizacije-na-podrucju-hnz-a-od-30-svibnja\/#breadcrumb"},"inLanguage":"hr","potentialAction":[{"@type":"ReadAction","target":["https:\/\/radioljubuski.ba\/index.php\/2022\/05\/24\/proljetna-faza-preventivne-deratizacije-na-podrucju-hnz-a-od-30-svibnja\/"]}]},{"@type":"ImageObject","inLanguage":"hr","@id":"https:\/\/radioljubuski.ba\/index.php\/2022\/05\/24\/proljetna-faza-preventivne-deratizacije-na-podrucju-hnz-a-od-30-svibnja\/#primaryimage","url":"https:\/\/radioljubuski.ba\/wp-content\/uploads\/2022\/05\/sYVcwIZS_deratizacija.jpg","contentUrl":"https:\/\/radioljubuski.ba\/wp-content\/uploads\/2022\/05\/sYVcwIZS_deratizacija.jpg","width":1000,"height":625},{"@type":"BreadcrumbList","@id":"https:\/\/radioljubuski.ba\/index.php\/2022\/05\/24\/proljetna-faza-preventivne-deratizacije-na-podrucju-hnz-a-od-30-svibnja\/#breadcrumb","itemListElement":[{"@type":"ListItem","position":1,"name":"Po\u010detna stranica","item":"https:\/\/radioljubuski.ba\/"},{"@type":"ListItem","position":2,"name":"Proljetna faza preventivne deratizacije na podru\u010dju HN\u017d-a od 30. svibnja"}]},{"@type":"WebSite","@id":"https:\/\/radioljubuski.ba\/#website","url":"https:\/\/radioljubuski.ba\/","name":"Radio Ljubu\u0161ki","description":"Sun\u010dana frekvencija Hercegovine","publisher":{"@id":"https:\/\/radioljubuski.ba\/#organization"},"potentialAction":[{"@type":"SearchAction","target":{"@type":"EntryPoint","urlTemplate":"https:\/\/radioljubuski.ba\/?s={search_term_string}"},"query-input":{"@type":"PropertyValueSpecification","valueRequired":true,"valueName":"search_term_string"}}],"inLanguage":"hr"},{"@type":"Organization","@id":"https:\/\/radioljubuski.ba\/#organization","name":"Radio Ljubu\u0161ki","url":"https:\/\/radioljubuski.ba\/","logo":{"@type":"ImageObject","inLanguage":"hr","@id":"https:\/\/radioljubuski.ba\/#\/schema\/logo\/image\/","url":"https:\/\/radioljubuski.ba\/wp-content\/uploads\/2021\/02\/cropped-Radio_Ljubuski_logo1.jpg","contentUrl":"https:\/\/radioljubuski.ba\/wp-content\/uploads\/2021\/02\/cropped-Radio_Ljubuski_logo1.jpg","width":512,"height":512,"caption":"Radio Ljubu\u0161ki"},"image":{"@id":"https:\/\/radioljubuski.ba\/#\/schema\/logo\/image\/"},"sameAs":["https:\/\/www.facebook.com\/Radiio-Ljubuski-1490835324566332","https:\/\/x.com\/radioljubuski","https:\/\/hr.linkedin.com\/company\/radio-ljubuski","https:\/\/www.youtube.com\/channel\/UCHYaeO_n0Db3tjNGudGpXyw"]},{"@type":"Person","@id":"https:\/\/radioljubuski.ba\/#\/schema\/person\/19fc700381a780f69665d7956c469e3b","name":"Radio Ljubu\u0161ki"}]}},"_links":{"self":[{"href":"https:\/\/radioljubuski.ba\/index.php\/wp-json\/wp\/v2\/posts\/143717","targetHints":{"allow":["GET"]}}],"collection":[{"href":"https:\/\/radioljubuski.ba\/index.php\/wp-json\/wp\/v2\/posts"}],"about":[{"href":"https:\/\/radioljubuski.ba\/index.php\/wp-json\/wp\/v2\/types\/post"}],"author":[{"embeddable":true,"href":"https:\/\/radioljubuski.ba\/index.php\/wp-json\/wp\/v2\/users\/2"}],"replies":[{"embeddable":true,"href":"https:\/\/radioljubuski.ba\/index.php\/wp-json\/wp\/v2\/comments?post=143717"}],"version-history":[{"count":1,"href":"https:\/\/radioljubuski.ba\/index.php\/wp-json\/wp\/v2\/posts\/143717\/revisions"}],"predecessor-version":[{"id":143719,"href":"https:\/\/radioljubuski.ba\/index.php\/wp-json\/wp\/v2\/posts\/143717\/revisions\/143719"}],"wp:featuredmedia":[{"embeddable":true,"href":"https:\/\/radioljubuski.ba\/index.php\/wp-json\/wp\/v2\/media\/143718"}],"wp:attachment":[{"href":"https:\/\/radioljubuski.ba\/index.php\/wp-json\/wp\/v2\/media?parent=143717"}],"wp:term":[{"taxonomy":"category","embeddable":true,"href":"https:\/\/radioljubuski.ba\/index.php\/wp-json\/wp\/v2\/categories?post=143717"},{"taxonomy":"post_tag","embeddable":true,"href":"https:\/\/radioljubuski.ba\/index.php\/wp-json\/wp\/v2\/tags?post=143717"}],"curies":[{"name":"wp","href":"https:\/\/api.w.org\/{rel}","templated":true}]}}