{"id":143720,"date":"2022-05-24T14:12:23","date_gmt":"2022-05-24T13:12:23","guid":{"rendered":"https:\/\/radioljubuski.ba\/?p=143720"},"modified":"2022-05-24T14:12:24","modified_gmt":"2022-05-24T13:12:24","slug":"covic-u-citluku-u-zajednistvu-cemo-biti-konstitutivni-legitimno-predstavljeni-imati-svoje-programe-razvoja-na-koje-cemo-biti-ponosni","status":"publish","type":"post","link":"https:\/\/radioljubuski.ba\/index.php\/2022\/05\/24\/covic-u-citluku-u-zajednistvu-cemo-biti-konstitutivni-legitimno-predstavljeni-imati-svoje-programe-razvoja-na-koje-cemo-biti-ponosni\/","title":{"rendered":"\u010covi\u0107 u \u010citluku: U zajedni\u0161tvu \u0107emo biti konstitutivni, legitimno predstavljeni, imati svoje programe razvoja na koje \u0107emo biti ponosni"},"content":{"rendered":"\n<p>Op\u0107ina \u010citluk danas proslavlja svoj dan i 716. obljetnicu pisanog spomena imena Brotnjo. Sredi\u0161nja proslava Dana op\u0107ine zapo\u010dela je polaganjem vijenca, paljenjem svije\u0107a ispred Spomen kri\u017ea poginulim hrvatskim braniteljima Brotnja, nakon \u010dega je u \u017eupnoj crkvi Krista Kralja slavljena misa zahvalnica, a potom odr\u017eana i sve\u010dana sjednica Op\u0107inskog vije\u0107a \u010citluk.&nbsp;<\/p>\n\n\n\n<p><br>Dana\u0161njoj sve\u010danosti op\u0107ine \u010citluk nazo\u010dilo je visoko izaslanstvo du\u017enosnika HDZ-a BiH i Hrvatskog narodnog sabora svih razina izvr\u0161ne i zakonodavne vlasti u BiH koje je predvodio predsjednik dr. Dragan \u010covi\u0107.&nbsp;<\/p>\n\n\n\n<p><br>Predsjednik Op\u0107inskog vije\u0107a \u010citluk Predrag Smoljan srda\u010dno je pozdravio nazo\u010dne vije\u0107nike, \u010dlanove Op\u0107inskog poglavarstva, nazo\u010dne du\u017enosnike sa svih razina vlasti, predstavnike crkve, politi\u010dkih stranaka, udruga, gospodarstvenike te visoke goste i uzvanike iz susjednih hercegova\u010dkih i dalmatinskih op\u0107ina i \u017eupanija te prijateljskih gradova, a na poseban na\u010din dobitnike nagrada i priznanja Op\u0107ine \u010citluk.<br>Na\u010delnik op\u0107ine Marin Radi\u0161i\u0107 pridru\u017eio se upu\u0107enim pozdravima okupljenim na sve\u010danoj sjednici te je izvje\u0161\u0107em informirao okupljene o realiziranim projektima u proteklom razdoblju i planovima za budu\u0107nost.<\/p>\n\n\n\n<p><br>Nazo\u010dnima se na sve\u010danoj sjednici obratio predsjednik HDZ-a BiH i predsjedatelj Doma naroda Parlamentarne skup\u0161tine BiH dr. Dragan \u010covi\u0107.&nbsp;<br>\u201eSvi nazo\u010dni du\u017enosnici ovdje danas svih razina vlasti pokazuju povezanost i zajedni\u0161tvo i na to mo\u017eemo biti ponosni. Svi oni koji rade u kulturi, sportu, obrazovanju, gospodarstvu, \u010dine jedan poseban prilog i mo\u017eemo biti ponosni i da ove dvije godine propu\u0161tene da se ovako okupljamo, opet prezentiramo sve ove projekte. Siguran sam da \u0107e video prikaz koji ste napravili i prikazali i koji je izuzetno sadr\u017eajan, svake idu\u0107e godine dobiti novi projekt. To je poruka nama kako se trebamo \u0161titit u ovim vremenima isku\u0161enja. Znali smo iskoristiti vrijeme pandemije pa uraditi puno onoga \u0161to bi bilo te\u0161ko uraditi u normalnim okolnostima. Najbolje se to vidi kada se sada pro\u0111e \u010citlukom i Me\u0111ugorijem, ali isto tako vidjeli smo isku\u0161enja i u\u017ease rata iz Ukrajine. Opet smo prvi pru\u017eili ruku ljudima koji su se osje\u0107ali kao mi prije 30-ak godina\u201c, istaknuo je dr. \u010covi\u0107.<\/p>\n\n\n\n<p><br>\u201eNova politi\u010dka isku\u0161enja koja su ispred nas, motiv su, da zbijemo svoje redove u zajedni\u0161tvu kao \u0161to smo to danas uradili i da na taj na\u010din jasno skrenemo pozornost na sebe. Dok smo takvi, budite uvjereni da \u0107emo biti konstitutivni, legitimno predstavljeni, da \u0107emo imati svoje programe razvoja na koje \u0107emo biti ponosni\u201c, kazao je predsjednik \u010covi\u0107 uz \u010destitku onima koji \u0107e dobiti priznanja, a ostavili su duboki trag i doprinos op\u0107ini \u010citluk. &nbsp;<\/p>\n\n\n\n<p><br>Na sve\u010danoj sjednici Op\u0107inskoga vije\u0107a nagrada Op\u0107ine za \u017eivotno djelo posmrtno je dodijeljena prim. dr. Sre\u0107ku Vlahi koji je cijeli svoj radni vijek proveo u Domu zdravlja \u010citluk.<\/p>\n\n\n\n<p>Izvor:pogled.ba<\/p>\n","protected":false},"excerpt":{"rendered":"<p>Op\u0107ina \u010citluk danas proslavlja svoj dan i 716. obljetnicu pisanog spomena imena Brotnjo. Sredi\u0161nja proslava Dana op\u0107ine zapo\u010dela je polaganjem vijenca, paljenjem svije\u0107a ispred Spomen kri\u017ea poginulim hrvatskim braniteljima Brotnja, nakon \u010dega je u \u017eupnoj crkvi Krista Kralja slavljena misa zahvalnica, a potom odr\u017eana i sve\u010dana sjednica Op\u0107inskog vije\u0107a \u010citluk.&nbsp; Dana\u0161njoj sve\u010danosti op\u0107ine \u010citluk nazo\u010dilo [&hellip;]<\/p>\n","protected":false},"author":2,"featured_media":143721,"comment_status":"closed","ping_status":"closed","sticky":false,"template":"","format":"standard","meta":{"h5ap_radio_sources":[],"footnotes":""},"categories":[1],"tags":[],"class_list":["post-143720","post","type-post","status-publish","format-standard","has-post-thumbnail","hentry","category-bihiregija"],"yoast_head":"<!-- This site is optimized with the Yoast SEO plugin v27.5 - https:\/\/yoast.com\/product\/yoast-seo-wordpress\/ -->\n<title>\u010covi\u0107 u \u010citluku: U zajedni\u0161tvu \u0107emo biti konstitutivni, legitimno predstavljeni, imati svoje programe razvoja na koje \u0107emo biti ponosni - RADIO LJUBU\u0160KI<\/title>\n<meta name=\"robots\" content=\"index, follow, max-snippet:-1, max-image-preview:large, max-video-preview:-1\" \/>\n<link rel=\"canonical\" href=\"https:\/\/radioljubuski.ba\/index.php\/2022\/05\/24\/covic-u-citluku-u-zajednistvu-cemo-biti-konstitutivni-legitimno-predstavljeni-imati-svoje-programe-razvoja-na-koje-cemo-biti-ponosni\/\" \/>\n<meta property=\"og:locale\" content=\"hr_HR\" \/>\n<meta property=\"og:type\" content=\"article\" \/>\n<meta property=\"og:title\" content=\"\u010covi\u0107 u \u010citluku: U zajedni\u0161tvu \u0107emo biti konstitutivni, legitimno predstavljeni, imati svoje programe razvoja na koje \u0107emo biti ponosni - RADIO LJUBU\u0160KI\" \/>\n<meta property=\"og:description\" content=\"Op\u0107ina \u010citluk danas proslavlja svoj dan i 716. obljetnicu pisanog spomena imena Brotnjo. Sredi\u0161nja proslava Dana op\u0107ine zapo\u010dela je polaganjem vijenca, paljenjem svije\u0107a ispred Spomen kri\u017ea poginulim hrvatskim braniteljima Brotnja, nakon \u010dega je u \u017eupnoj crkvi Krista Kralja slavljena misa zahvalnica, a potom odr\u017eana i sve\u010dana sjednica Op\u0107inskog vije\u0107a \u010citluk.&nbsp; Dana\u0161njoj sve\u010danosti op\u0107ine \u010citluk nazo\u010dilo [&hellip;]\" \/>\n<meta property=\"og:url\" content=\"https:\/\/radioljubuski.ba\/index.php\/2022\/05\/24\/covic-u-citluku-u-zajednistvu-cemo-biti-konstitutivni-legitimno-predstavljeni-imati-svoje-programe-razvoja-na-koje-cemo-biti-ponosni\/\" \/>\n<meta property=\"og:site_name\" content=\"RADIO LJUBU\u0160KI\" \/>\n<meta property=\"article:publisher\" content=\"https:\/\/www.facebook.com\/Radiio-Ljubuski-1490835324566332\" \/>\n<meta property=\"article:published_time\" content=\"2022-05-24T13:12:23+00:00\" \/>\n<meta property=\"article:modified_time\" content=\"2022-05-24T13:12:24+00:00\" \/>\n<meta property=\"og:image\" content=\"https:\/\/radioljubuski.ba\/wp-content\/uploads\/2022\/05\/2-2022-05-24-14-00-44-vitluk.jpg\" \/>\n\t<meta property=\"og:image:width\" content=\"1000\" \/>\n\t<meta property=\"og:image:height\" content=\"625\" \/>\n\t<meta property=\"og:image:type\" content=\"image\/jpeg\" \/>\n<meta name=\"author\" content=\"Radio Ljubu\u0161ki\" \/>\n<meta name=\"twitter:card\" content=\"summary_large_image\" \/>\n<meta name=\"twitter:creator\" content=\"@radioljubuski\" \/>\n<meta name=\"twitter:site\" content=\"@radioljubuski\" \/>\n<meta name=\"twitter:label1\" content=\"Napisao\/la\" \/>\n\t<meta name=\"twitter:data1\" content=\"Radio Ljubu\u0161ki\" \/>\n\t<meta name=\"twitter:label2\" content=\"Procijenjeno vrijeme \u010ditanja\" \/>\n\t<meta name=\"twitter:data2\" content=\"2 minute\" \/>\n<script type=\"application\/ld+json\" class=\"yoast-schema-graph\">{\"@context\":\"https:\\\/\\\/schema.org\",\"@graph\":[{\"@type\":\"Article\",\"@id\":\"https:\\\/\\\/radioljubuski.ba\\\/index.php\\\/2022\\\/05\\\/24\\\/covic-u-citluku-u-zajednistvu-cemo-biti-konstitutivni-legitimno-predstavljeni-imati-svoje-programe-razvoja-na-koje-cemo-biti-ponosni\\\/#article\",\"isPartOf\":{\"@id\":\"https:\\\/\\\/radioljubuski.ba\\\/index.php\\\/2022\\\/05\\\/24\\\/covic-u-citluku-u-zajednistvu-cemo-biti-konstitutivni-legitimno-predstavljeni-imati-svoje-programe-razvoja-na-koje-cemo-biti-ponosni\\\/\"},\"author\":{\"name\":\"Radio Ljubu\u0161ki\",\"@id\":\"https:\\\/\\\/radioljubuski.ba\\\/#\\\/schema\\\/person\\\/19fc700381a780f69665d7956c469e3b\"},\"headline\":\"\u010covi\u0107 u \u010citluku: U zajedni\u0161tvu \u0107emo biti konstitutivni, legitimno predstavljeni, imati svoje programe razvoja na koje \u0107emo biti ponosni\",\"datePublished\":\"2022-05-24T13:12:23+00:00\",\"dateModified\":\"2022-05-24T13:12:24+00:00\",\"mainEntityOfPage\":{\"@id\":\"https:\\\/\\\/radioljubuski.ba\\\/index.php\\\/2022\\\/05\\\/24\\\/covic-u-citluku-u-zajednistvu-cemo-biti-konstitutivni-legitimno-predstavljeni-imati-svoje-programe-razvoja-na-koje-cemo-biti-ponosni\\\/\"},\"wordCount\":513,\"publisher\":{\"@id\":\"https:\\\/\\\/radioljubuski.ba\\\/#organization\"},\"image\":{\"@id\":\"https:\\\/\\\/radioljubuski.ba\\\/index.php\\\/2022\\\/05\\\/24\\\/covic-u-citluku-u-zajednistvu-cemo-biti-konstitutivni-legitimno-predstavljeni-imati-svoje-programe-razvoja-na-koje-cemo-biti-ponosni\\\/#primaryimage\"},\"thumbnailUrl\":\"https:\\\/\\\/radioljubuski.ba\\\/wp-content\\\/uploads\\\/2022\\\/05\\\/2-2022-05-24-14-00-44-vitluk.jpg\",\"articleSection\":[\"BIH i regija\"],\"inLanguage\":\"hr\"},{\"@type\":\"WebPage\",\"@id\":\"https:\\\/\\\/radioljubuski.ba\\\/index.php\\\/2022\\\/05\\\/24\\\/covic-u-citluku-u-zajednistvu-cemo-biti-konstitutivni-legitimno-predstavljeni-imati-svoje-programe-razvoja-na-koje-cemo-biti-ponosni\\\/\",\"url\":\"https:\\\/\\\/radioljubuski.ba\\\/index.php\\\/2022\\\/05\\\/24\\\/covic-u-citluku-u-zajednistvu-cemo-biti-konstitutivni-legitimno-predstavljeni-imati-svoje-programe-razvoja-na-koje-cemo-biti-ponosni\\\/\",\"name\":\"\u010covi\u0107 u \u010citluku: U zajedni\u0161tvu \u0107emo biti konstitutivni, legitimno predstavljeni, imati svoje programe razvoja na koje \u0107emo biti ponosni - RADIO LJUBU\u0160KI\",\"isPartOf\":{\"@id\":\"https:\\\/\\\/radioljubuski.ba\\\/#website\"},\"primaryImageOfPage\":{\"@id\":\"https:\\\/\\\/radioljubuski.ba\\\/index.php\\\/2022\\\/05\\\/24\\\/covic-u-citluku-u-zajednistvu-cemo-biti-konstitutivni-legitimno-predstavljeni-imati-svoje-programe-razvoja-na-koje-cemo-biti-ponosni\\\/#primaryimage\"},\"image\":{\"@id\":\"https:\\\/\\\/radioljubuski.ba\\\/index.php\\\/2022\\\/05\\\/24\\\/covic-u-citluku-u-zajednistvu-cemo-biti-konstitutivni-legitimno-predstavljeni-imati-svoje-programe-razvoja-na-koje-cemo-biti-ponosni\\\/#primaryimage\"},\"thumbnailUrl\":\"https:\\\/\\\/radioljubuski.ba\\\/wp-content\\\/uploads\\\/2022\\\/05\\\/2-2022-05-24-14-00-44-vitluk.jpg\",\"datePublished\":\"2022-05-24T13:12:23+00:00\",\"dateModified\":\"2022-05-24T13:12:24+00:00\",\"breadcrumb\":{\"@id\":\"https:\\\/\\\/radioljubuski.ba\\\/index.php\\\/2022\\\/05\\\/24\\\/covic-u-citluku-u-zajednistvu-cemo-biti-konstitutivni-legitimno-predstavljeni-imati-svoje-programe-razvoja-na-koje-cemo-biti-ponosni\\\/#breadcrumb\"},\"inLanguage\":\"hr\",\"potentialAction\":[{\"@type\":\"ReadAction\",\"target\":[\"https:\\\/\\\/radioljubuski.ba\\\/index.php\\\/2022\\\/05\\\/24\\\/covic-u-citluku-u-zajednistvu-cemo-biti-konstitutivni-legitimno-predstavljeni-imati-svoje-programe-razvoja-na-koje-cemo-biti-ponosni\\\/\"]}]},{\"@type\":\"ImageObject\",\"inLanguage\":\"hr\",\"@id\":\"https:\\\/\\\/radioljubuski.ba\\\/index.php\\\/2022\\\/05\\\/24\\\/covic-u-citluku-u-zajednistvu-cemo-biti-konstitutivni-legitimno-predstavljeni-imati-svoje-programe-razvoja-na-koje-cemo-biti-ponosni\\\/#primaryimage\",\"url\":\"https:\\\/\\\/radioljubuski.ba\\\/wp-content\\\/uploads\\\/2022\\\/05\\\/2-2022-05-24-14-00-44-vitluk.jpg\",\"contentUrl\":\"https:\\\/\\\/radioljubuski.ba\\\/wp-content\\\/uploads\\\/2022\\\/05\\\/2-2022-05-24-14-00-44-vitluk.jpg\",\"width\":1000,\"height\":625},{\"@type\":\"BreadcrumbList\",\"@id\":\"https:\\\/\\\/radioljubuski.ba\\\/index.php\\\/2022\\\/05\\\/24\\\/covic-u-citluku-u-zajednistvu-cemo-biti-konstitutivni-legitimno-predstavljeni-imati-svoje-programe-razvoja-na-koje-cemo-biti-ponosni\\\/#breadcrumb\",\"itemListElement\":[{\"@type\":\"ListItem\",\"position\":1,\"name\":\"Po\u010detna stranica\",\"item\":\"https:\\\/\\\/radioljubuski.ba\\\/\"},{\"@type\":\"ListItem\",\"position\":2,\"name\":\"\u010covi\u0107 u \u010citluku: U zajedni\u0161tvu \u0107emo biti konstitutivni, legitimno predstavljeni, imati svoje programe razvoja na koje \u0107emo biti ponosni\"}]},{\"@type\":\"WebSite\",\"@id\":\"https:\\\/\\\/radioljubuski.ba\\\/#website\",\"url\":\"https:\\\/\\\/radioljubuski.ba\\\/\",\"name\":\"Radio Ljubu\u0161ki\",\"description\":\"Sun\u010dana frekvencija Hercegovine\",\"publisher\":{\"@id\":\"https:\\\/\\\/radioljubuski.ba\\\/#organization\"},\"potentialAction\":[{\"@type\":\"SearchAction\",\"target\":{\"@type\":\"EntryPoint\",\"urlTemplate\":\"https:\\\/\\\/radioljubuski.ba\\\/?s={search_term_string}\"},\"query-input\":{\"@type\":\"PropertyValueSpecification\",\"valueRequired\":true,\"valueName\":\"search_term_string\"}}],\"inLanguage\":\"hr\"},{\"@type\":\"Organization\",\"@id\":\"https:\\\/\\\/radioljubuski.ba\\\/#organization\",\"name\":\"Radio Ljubu\u0161ki\",\"url\":\"https:\\\/\\\/radioljubuski.ba\\\/\",\"logo\":{\"@type\":\"ImageObject\",\"inLanguage\":\"hr\",\"@id\":\"https:\\\/\\\/radioljubuski.ba\\\/#\\\/schema\\\/logo\\\/image\\\/\",\"url\":\"https:\\\/\\\/radioljubuski.ba\\\/wp-content\\\/uploads\\\/2021\\\/02\\\/cropped-Radio_Ljubuski_logo1.jpg\",\"contentUrl\":\"https:\\\/\\\/radioljubuski.ba\\\/wp-content\\\/uploads\\\/2021\\\/02\\\/cropped-Radio_Ljubuski_logo1.jpg\",\"width\":512,\"height\":512,\"caption\":\"Radio Ljubu\u0161ki\"},\"image\":{\"@id\":\"https:\\\/\\\/radioljubuski.ba\\\/#\\\/schema\\\/logo\\\/image\\\/\"},\"sameAs\":[\"https:\\\/\\\/www.facebook.com\\\/Radiio-Ljubuski-1490835324566332\",\"https:\\\/\\\/x.com\\\/radioljubuski\",\"https:\\\/\\\/hr.linkedin.com\\\/company\\\/radio-ljubuski\",\"https:\\\/\\\/www.youtube.com\\\/channel\\\/UCHYaeO_n0Db3tjNGudGpXyw\"]},{\"@type\":\"Person\",\"@id\":\"https:\\\/\\\/radioljubuski.ba\\\/#\\\/schema\\\/person\\\/19fc700381a780f69665d7956c469e3b\",\"name\":\"Radio Ljubu\u0161ki\"}]}<\/script>\n<!-- \/ Yoast SEO plugin. -->","yoast_head_json":{"title":"\u010covi\u0107 u \u010citluku: U zajedni\u0161tvu \u0107emo biti konstitutivni, legitimno predstavljeni, imati svoje programe razvoja na koje \u0107emo biti ponosni - RADIO LJUBU\u0160KI","robots":{"index":"index","follow":"follow","max-snippet":"max-snippet:-1","max-image-preview":"max-image-preview:large","max-video-preview":"max-video-preview:-1"},"canonical":"https:\/\/radioljubuski.ba\/index.php\/2022\/05\/24\/covic-u-citluku-u-zajednistvu-cemo-biti-konstitutivni-legitimno-predstavljeni-imati-svoje-programe-razvoja-na-koje-cemo-biti-ponosni\/","og_locale":"hr_HR","og_type":"article","og_title":"\u010covi\u0107 u \u010citluku: U zajedni\u0161tvu \u0107emo biti konstitutivni, legitimno predstavljeni, imati svoje programe razvoja na koje \u0107emo biti ponosni - RADIO LJUBU\u0160KI","og_description":"Op\u0107ina \u010citluk danas proslavlja svoj dan i 716. obljetnicu pisanog spomena imena Brotnjo. Sredi\u0161nja proslava Dana op\u0107ine zapo\u010dela je polaganjem vijenca, paljenjem svije\u0107a ispred Spomen kri\u017ea poginulim hrvatskim braniteljima Brotnja, nakon \u010dega je u \u017eupnoj crkvi Krista Kralja slavljena misa zahvalnica, a potom odr\u017eana i sve\u010dana sjednica Op\u0107inskog vije\u0107a \u010citluk.&nbsp; Dana\u0161njoj sve\u010danosti op\u0107ine \u010citluk nazo\u010dilo [&hellip;]","og_url":"https:\/\/radioljubuski.ba\/index.php\/2022\/05\/24\/covic-u-citluku-u-zajednistvu-cemo-biti-konstitutivni-legitimno-predstavljeni-imati-svoje-programe-razvoja-na-koje-cemo-biti-ponosni\/","og_site_name":"RADIO LJUBU\u0160KI","article_publisher":"https:\/\/www.facebook.com\/Radiio-Ljubuski-1490835324566332","article_published_time":"2022-05-24T13:12:23+00:00","article_modified_time":"2022-05-24T13:12:24+00:00","og_image":[{"width":1000,"height":625,"url":"https:\/\/radioljubuski.ba\/wp-content\/uploads\/2022\/05\/2-2022-05-24-14-00-44-vitluk.jpg","type":"image\/jpeg"}],"author":"Radio Ljubu\u0161ki","twitter_card":"summary_large_image","twitter_creator":"@radioljubuski","twitter_site":"@radioljubuski","twitter_misc":{"Napisao\/la":"Radio Ljubu\u0161ki","Procijenjeno vrijeme \u010ditanja":"2 minute"},"schema":{"@context":"https:\/\/schema.org","@graph":[{"@type":"Article","@id":"https:\/\/radioljubuski.ba\/index.php\/2022\/05\/24\/covic-u-citluku-u-zajednistvu-cemo-biti-konstitutivni-legitimno-predstavljeni-imati-svoje-programe-razvoja-na-koje-cemo-biti-ponosni\/#article","isPartOf":{"@id":"https:\/\/radioljubuski.ba\/index.php\/2022\/05\/24\/covic-u-citluku-u-zajednistvu-cemo-biti-konstitutivni-legitimno-predstavljeni-imati-svoje-programe-razvoja-na-koje-cemo-biti-ponosni\/"},"author":{"name":"Radio Ljubu\u0161ki","@id":"https:\/\/radioljubuski.ba\/#\/schema\/person\/19fc700381a780f69665d7956c469e3b"},"headline":"\u010covi\u0107 u \u010citluku: U zajedni\u0161tvu \u0107emo biti konstitutivni, legitimno predstavljeni, imati svoje programe razvoja na koje \u0107emo biti ponosni","datePublished":"2022-05-24T13:12:23+00:00","dateModified":"2022-05-24T13:12:24+00:00","mainEntityOfPage":{"@id":"https:\/\/radioljubuski.ba\/index.php\/2022\/05\/24\/covic-u-citluku-u-zajednistvu-cemo-biti-konstitutivni-legitimno-predstavljeni-imati-svoje-programe-razvoja-na-koje-cemo-biti-ponosni\/"},"wordCount":513,"publisher":{"@id":"https:\/\/radioljubuski.ba\/#organization"},"image":{"@id":"https:\/\/radioljubuski.ba\/index.php\/2022\/05\/24\/covic-u-citluku-u-zajednistvu-cemo-biti-konstitutivni-legitimno-predstavljeni-imati-svoje-programe-razvoja-na-koje-cemo-biti-ponosni\/#primaryimage"},"thumbnailUrl":"https:\/\/radioljubuski.ba\/wp-content\/uploads\/2022\/05\/2-2022-05-24-14-00-44-vitluk.jpg","articleSection":["BIH i regija"],"inLanguage":"hr"},{"@type":"WebPage","@id":"https:\/\/radioljubuski.ba\/index.php\/2022\/05\/24\/covic-u-citluku-u-zajednistvu-cemo-biti-konstitutivni-legitimno-predstavljeni-imati-svoje-programe-razvoja-na-koje-cemo-biti-ponosni\/","url":"https:\/\/radioljubuski.ba\/index.php\/2022\/05\/24\/covic-u-citluku-u-zajednistvu-cemo-biti-konstitutivni-legitimno-predstavljeni-imati-svoje-programe-razvoja-na-koje-cemo-biti-ponosni\/","name":"\u010covi\u0107 u \u010citluku: U zajedni\u0161tvu \u0107emo biti konstitutivni, legitimno predstavljeni, imati svoje programe razvoja na koje \u0107emo biti ponosni - RADIO LJUBU\u0160KI","isPartOf":{"@id":"https:\/\/radioljubuski.ba\/#website"},"primaryImageOfPage":{"@id":"https:\/\/radioljubuski.ba\/index.php\/2022\/05\/24\/covic-u-citluku-u-zajednistvu-cemo-biti-konstitutivni-legitimno-predstavljeni-imati-svoje-programe-razvoja-na-koje-cemo-biti-ponosni\/#primaryimage"},"image":{"@id":"https:\/\/radioljubuski.ba\/index.php\/2022\/05\/24\/covic-u-citluku-u-zajednistvu-cemo-biti-konstitutivni-legitimno-predstavljeni-imati-svoje-programe-razvoja-na-koje-cemo-biti-ponosni\/#primaryimage"},"thumbnailUrl":"https:\/\/radioljubuski.ba\/wp-content\/uploads\/2022\/05\/2-2022-05-24-14-00-44-vitluk.jpg","datePublished":"2022-05-24T13:12:23+00:00","dateModified":"2022-05-24T13:12:24+00:00","breadcrumb":{"@id":"https:\/\/radioljubuski.ba\/index.php\/2022\/05\/24\/covic-u-citluku-u-zajednistvu-cemo-biti-konstitutivni-legitimno-predstavljeni-imati-svoje-programe-razvoja-na-koje-cemo-biti-ponosni\/#breadcrumb"},"inLanguage":"hr","potentialAction":[{"@type":"ReadAction","target":["https:\/\/radioljubuski.ba\/index.php\/2022\/05\/24\/covic-u-citluku-u-zajednistvu-cemo-biti-konstitutivni-legitimno-predstavljeni-imati-svoje-programe-razvoja-na-koje-cemo-biti-ponosni\/"]}]},{"@type":"ImageObject","inLanguage":"hr","@id":"https:\/\/radioljubuski.ba\/index.php\/2022\/05\/24\/covic-u-citluku-u-zajednistvu-cemo-biti-konstitutivni-legitimno-predstavljeni-imati-svoje-programe-razvoja-na-koje-cemo-biti-ponosni\/#primaryimage","url":"https:\/\/radioljubuski.ba\/wp-content\/uploads\/2022\/05\/2-2022-05-24-14-00-44-vitluk.jpg","contentUrl":"https:\/\/radioljubuski.ba\/wp-content\/uploads\/2022\/05\/2-2022-05-24-14-00-44-vitluk.jpg","width":1000,"height":625},{"@type":"BreadcrumbList","@id":"https:\/\/radioljubuski.ba\/index.php\/2022\/05\/24\/covic-u-citluku-u-zajednistvu-cemo-biti-konstitutivni-legitimno-predstavljeni-imati-svoje-programe-razvoja-na-koje-cemo-biti-ponosni\/#breadcrumb","itemListElement":[{"@type":"ListItem","position":1,"name":"Po\u010detna stranica","item":"https:\/\/radioljubuski.ba\/"},{"@type":"ListItem","position":2,"name":"\u010covi\u0107 u \u010citluku: U zajedni\u0161tvu \u0107emo biti konstitutivni, legitimno predstavljeni, imati svoje programe razvoja na koje \u0107emo biti ponosni"}]},{"@type":"WebSite","@id":"https:\/\/radioljubuski.ba\/#website","url":"https:\/\/radioljubuski.ba\/","name":"Radio Ljubu\u0161ki","description":"Sun\u010dana frekvencija Hercegovine","publisher":{"@id":"https:\/\/radioljubuski.ba\/#organization"},"potentialAction":[{"@type":"SearchAction","target":{"@type":"EntryPoint","urlTemplate":"https:\/\/radioljubuski.ba\/?s={search_term_string}"},"query-input":{"@type":"PropertyValueSpecification","valueRequired":true,"valueName":"search_term_string"}}],"inLanguage":"hr"},{"@type":"Organization","@id":"https:\/\/radioljubuski.ba\/#organization","name":"Radio Ljubu\u0161ki","url":"https:\/\/radioljubuski.ba\/","logo":{"@type":"ImageObject","inLanguage":"hr","@id":"https:\/\/radioljubuski.ba\/#\/schema\/logo\/image\/","url":"https:\/\/radioljubuski.ba\/wp-content\/uploads\/2021\/02\/cropped-Radio_Ljubuski_logo1.jpg","contentUrl":"https:\/\/radioljubuski.ba\/wp-content\/uploads\/2021\/02\/cropped-Radio_Ljubuski_logo1.jpg","width":512,"height":512,"caption":"Radio Ljubu\u0161ki"},"image":{"@id":"https:\/\/radioljubuski.ba\/#\/schema\/logo\/image\/"},"sameAs":["https:\/\/www.facebook.com\/Radiio-Ljubuski-1490835324566332","https:\/\/x.com\/radioljubuski","https:\/\/hr.linkedin.com\/company\/radio-ljubuski","https:\/\/www.youtube.com\/channel\/UCHYaeO_n0Db3tjNGudGpXyw"]},{"@type":"Person","@id":"https:\/\/radioljubuski.ba\/#\/schema\/person\/19fc700381a780f69665d7956c469e3b","name":"Radio Ljubu\u0161ki"}]}},"_links":{"self":[{"href":"https:\/\/radioljubuski.ba\/index.php\/wp-json\/wp\/v2\/posts\/143720","targetHints":{"allow":["GET"]}}],"collection":[{"href":"https:\/\/radioljubuski.ba\/index.php\/wp-json\/wp\/v2\/posts"}],"about":[{"href":"https:\/\/radioljubuski.ba\/index.php\/wp-json\/wp\/v2\/types\/post"}],"author":[{"embeddable":true,"href":"https:\/\/radioljubuski.ba\/index.php\/wp-json\/wp\/v2\/users\/2"}],"replies":[{"embeddable":true,"href":"https:\/\/radioljubuski.ba\/index.php\/wp-json\/wp\/v2\/comments?post=143720"}],"version-history":[{"count":1,"href":"https:\/\/radioljubuski.ba\/index.php\/wp-json\/wp\/v2\/posts\/143720\/revisions"}],"predecessor-version":[{"id":143722,"href":"https:\/\/radioljubuski.ba\/index.php\/wp-json\/wp\/v2\/posts\/143720\/revisions\/143722"}],"wp:featuredmedia":[{"embeddable":true,"href":"https:\/\/radioljubuski.ba\/index.php\/wp-json\/wp\/v2\/media\/143721"}],"wp:attachment":[{"href":"https:\/\/radioljubuski.ba\/index.php\/wp-json\/wp\/v2\/media?parent=143720"}],"wp:term":[{"taxonomy":"category","embeddable":true,"href":"https:\/\/radioljubuski.ba\/index.php\/wp-json\/wp\/v2\/categories?post=143720"},{"taxonomy":"post_tag","embeddable":true,"href":"https:\/\/radioljubuski.ba\/index.php\/wp-json\/wp\/v2\/tags?post=143720"}],"curies":[{"name":"wp","href":"https:\/\/api.w.org\/{rel}","templated":true}]}}