{"id":143728,"date":"2022-05-24T14:16:19","date_gmt":"2022-05-24T13:16:19","guid":{"rendered":"https:\/\/radioljubuski.ba\/?p=143728"},"modified":"2022-05-24T14:16:20","modified_gmt":"2022-05-24T13:16:20","slug":"mons-cavalli-postavit-cemo-u-medugorju-kip-marije-s-djetetom-u-narucju-kako-se-ukazala-prije-41-godinu","status":"publish","type":"post","link":"https:\/\/radioljubuski.ba\/index.php\/2022\/05\/24\/mons-cavalli-postavit-cemo-u-medugorju-kip-marije-s-djetetom-u-narucju-kako-se-ukazala-prije-41-godinu\/","title":{"rendered":"Mons. Cavalli: Postavit \u0107emo u Me\u0111ugorju kip Marije s djetetom u naru\u010dju, kako se ukazala prije 41 godinu"},"content":{"rendered":"\n<p>U dvorani Ivana Pavla II. u Me\u0111ugorju, u ponedjeljak 23. svibnja odr\u017ean je koncert za Maj\u010din dan, na kojem su nastupile glazbene sekcije \u017eupe Me\u0111ugorje (Golubi\u0107i mira, Frama Me\u0111ugorje, tambura\u0161ki orkestar Misericordia, gitaristi, solisti, mu\u0161ka klapa Concordia i \u017eenska klapa Mir).<\/p>\n\n\n\n<p>Nakon nastupa mladih glazbenika, okupljenima se obratio Apostolski vizitator s posebnom ulogom za \u017eupu Me\u0111ugorje nadbiskup Aldo Cavalli.<\/p>\n\n\n\n<p>\u201cKada molim uvijek vidim sve\u0107enike i ljude ispred sebe kako mole. I uvijek vidim jednu mamu, koja ima oko 45 godina, sa svojim djetetom koje je ro\u0111eno s mnogim pote\u0161ko\u0107ama. I to dijete ima 13 ili 14 godina. I ta majka ga uvijek prati, uvijek i uvijek. Za vrijeme mise i drugih molitava nikad mu ne govori, samo ga gleda, a ta dva pogleda se u dubinama susre\u0107u. A pogled te majke je pun ljubavi i boli. Kada to ugledam i vidim u toj beskrajnoj ti\u0161ini, tada se sjetim Djevice Marije pod kri\u017eem. Evan\u0111elje ka\u017ee, bila je pred kri\u017eem, kao kip od kamena, ni jedna rije\u010d, \u010dak ni pla\u010d, bila je tamo ispred svoga Isusa, bez rije\u010di, jer ljubav ne govori, ljubi, bol ne govori, nego trpi\u201d, kazao je Cavalli, a onda najavio postavljanje jo\u0161 jednog kipa u Me\u0111ugorju na temeljima stare crkve, gdje \u0107e biti i spomenik ubijenim fratrima iz me\u0111ugorske \u017eupe, prenosi <a href=\"https:\/\/radio-medjugorje.com\/vijesti\/medjugorje\/mons-cavalli-postavit-cemo-kip-marije-s-djetetom-u-narucju-kako-se-ukazala-prije-41-godinu\/?fbclid=IwAR2J2FWcpNLM_3PlHCR4osO9_MVg0K6YzYzq6P_G5JJ504Q7ZeL3kRediNM\" target=\"_blank\" rel=\"noreferrer noopener\">Radio Mir Me\u0111ugorje.<\/a><\/p>\n\n\n\n<p>\u201cZahvaljuju\u0107i ocu \u017eupniku, na temelju stare \u017eupne crkve mi \u0107emo postaviti Marijin kip, s malim Isusom u naru\u010dju. Stavit \u0107emo tamo Mariju, sa svojim djetetom u naru\u010dju, onako kako se ukazala prije 41 godinu, bez ijedne rije\u010di. Tako da kad mama dovede svoje dijete tamo pred taj kip, neka gleda svoje dijete, neka ga gleda s ljubavlju u ti\u0161ini. I kada do\u0111u trpljenja, a majkama uvijek dolaze, idite tamo kada vam do\u0111u ta trpljenja, pred Mariju i ostanite pred Njom, jer ljubav ljubi, a bol trpi. \u017delim svako dobro svim majkama u Me\u0111ugorju\u201d, kazao je mons. Cavalli.<\/p>\n\n\n\n<p>Izvor:radio postaja mir me\u0111ugorje<\/p>\n","protected":false},"excerpt":{"rendered":"<p>U dvorani Ivana Pavla II. u Me\u0111ugorju, u ponedjeljak 23. svibnja odr\u017ean je koncert za Maj\u010din dan, na kojem su nastupile glazbene sekcije \u017eupe Me\u0111ugorje (Golubi\u0107i mira, Frama Me\u0111ugorje, tambura\u0161ki orkestar Misericordia, gitaristi, solisti, mu\u0161ka klapa Concordia i \u017eenska klapa Mir). Nakon nastupa mladih glazbenika, okupljenima se obratio Apostolski vizitator s posebnom ulogom za \u017eupu [&hellip;]<\/p>\n","protected":false},"author":2,"featured_media":143729,"comment_status":"closed","ping_status":"closed","sticky":false,"template":"","format":"standard","meta":{"h5ap_radio_sources":[],"footnotes":""},"categories":[1],"tags":[],"class_list":["post-143728","post","type-post","status-publish","format-standard","has-post-thumbnail","hentry","category-bihiregija"],"yoast_head":"<!-- This site is optimized with the Yoast SEO plugin v27.5 - https:\/\/yoast.com\/product\/yoast-seo-wordpress\/ -->\n<title>Mons. Cavalli: Postavit \u0107emo u Me\u0111ugorju kip Marije s djetetom u naru\u010dju, kako se ukazala prije 41 godinu - RADIO LJUBU\u0160KI<\/title>\n<meta name=\"robots\" content=\"index, follow, max-snippet:-1, max-image-preview:large, max-video-preview:-1\" \/>\n<link rel=\"canonical\" href=\"https:\/\/radioljubuski.ba\/index.php\/2022\/05\/24\/mons-cavalli-postavit-cemo-u-medugorju-kip-marije-s-djetetom-u-narucju-kako-se-ukazala-prije-41-godinu\/\" \/>\n<meta property=\"og:locale\" content=\"hr_HR\" \/>\n<meta property=\"og:type\" content=\"article\" \/>\n<meta property=\"og:title\" content=\"Mons. Cavalli: Postavit \u0107emo u Me\u0111ugorju kip Marije s djetetom u naru\u010dju, kako se ukazala prije 41 godinu - RADIO LJUBU\u0160KI\" \/>\n<meta property=\"og:description\" content=\"U dvorani Ivana Pavla II. u Me\u0111ugorju, u ponedjeljak 23. svibnja odr\u017ean je koncert za Maj\u010din dan, na kojem su nastupile glazbene sekcije \u017eupe Me\u0111ugorje (Golubi\u0107i mira, Frama Me\u0111ugorje, tambura\u0161ki orkestar Misericordia, gitaristi, solisti, mu\u0161ka klapa Concordia i \u017eenska klapa Mir). Nakon nastupa mladih glazbenika, okupljenima se obratio Apostolski vizitator s posebnom ulogom za \u017eupu [&hellip;]\" \/>\n<meta property=\"og:url\" content=\"https:\/\/radioljubuski.ba\/index.php\/2022\/05\/24\/mons-cavalli-postavit-cemo-u-medugorju-kip-marije-s-djetetom-u-narucju-kako-se-ukazala-prije-41-godinu\/\" \/>\n<meta property=\"og:site_name\" content=\"RADIO LJUBU\u0160KI\" \/>\n<meta property=\"article:publisher\" content=\"https:\/\/www.facebook.com\/Radiio-Ljubuski-1490835324566332\" \/>\n<meta property=\"article:published_time\" content=\"2022-05-24T13:16:19+00:00\" \/>\n<meta property=\"article:modified_time\" content=\"2022-05-24T13:16:20+00:00\" \/>\n<meta property=\"og:image\" content=\"https:\/\/radioljubuski.ba\/wp-content\/uploads\/2022\/05\/8-2022-05-24-11-44-24-ALDO.jpg\" \/>\n\t<meta property=\"og:image:width\" content=\"1000\" \/>\n\t<meta property=\"og:image:height\" content=\"625\" \/>\n\t<meta property=\"og:image:type\" content=\"image\/jpeg\" \/>\n<meta name=\"author\" content=\"Radio Ljubu\u0161ki\" \/>\n<meta name=\"twitter:card\" content=\"summary_large_image\" \/>\n<meta name=\"twitter:creator\" content=\"@radioljubuski\" \/>\n<meta name=\"twitter:site\" content=\"@radioljubuski\" \/>\n<meta name=\"twitter:label1\" content=\"Napisao\/la\" \/>\n\t<meta name=\"twitter:data1\" content=\"Radio Ljubu\u0161ki\" \/>\n\t<meta name=\"twitter:label2\" content=\"Procijenjeno vrijeme \u010ditanja\" \/>\n\t<meta name=\"twitter:data2\" content=\"2 minute\" \/>\n<script type=\"application\/ld+json\" class=\"yoast-schema-graph\">{\"@context\":\"https:\\\/\\\/schema.org\",\"@graph\":[{\"@type\":\"Article\",\"@id\":\"https:\\\/\\\/radioljubuski.ba\\\/index.php\\\/2022\\\/05\\\/24\\\/mons-cavalli-postavit-cemo-u-medugorju-kip-marije-s-djetetom-u-narucju-kako-se-ukazala-prije-41-godinu\\\/#article\",\"isPartOf\":{\"@id\":\"https:\\\/\\\/radioljubuski.ba\\\/index.php\\\/2022\\\/05\\\/24\\\/mons-cavalli-postavit-cemo-u-medugorju-kip-marije-s-djetetom-u-narucju-kako-se-ukazala-prije-41-godinu\\\/\"},\"author\":{\"name\":\"Radio Ljubu\u0161ki\",\"@id\":\"https:\\\/\\\/radioljubuski.ba\\\/#\\\/schema\\\/person\\\/19fc700381a780f69665d7956c469e3b\"},\"headline\":\"Mons. Cavalli: Postavit \u0107emo u Me\u0111ugorju kip Marije s djetetom u naru\u010dju, kako se ukazala prije 41 godinu\",\"datePublished\":\"2022-05-24T13:16:19+00:00\",\"dateModified\":\"2022-05-24T13:16:20+00:00\",\"mainEntityOfPage\":{\"@id\":\"https:\\\/\\\/radioljubuski.ba\\\/index.php\\\/2022\\\/05\\\/24\\\/mons-cavalli-postavit-cemo-u-medugorju-kip-marije-s-djetetom-u-narucju-kako-se-ukazala-prije-41-godinu\\\/\"},\"wordCount\":364,\"publisher\":{\"@id\":\"https:\\\/\\\/radioljubuski.ba\\\/#organization\"},\"image\":{\"@id\":\"https:\\\/\\\/radioljubuski.ba\\\/index.php\\\/2022\\\/05\\\/24\\\/mons-cavalli-postavit-cemo-u-medugorju-kip-marije-s-djetetom-u-narucju-kako-se-ukazala-prije-41-godinu\\\/#primaryimage\"},\"thumbnailUrl\":\"https:\\\/\\\/radioljubuski.ba\\\/wp-content\\\/uploads\\\/2022\\\/05\\\/8-2022-05-24-11-44-24-ALDO.jpg\",\"articleSection\":[\"BIH i regija\"],\"inLanguage\":\"hr\"},{\"@type\":\"WebPage\",\"@id\":\"https:\\\/\\\/radioljubuski.ba\\\/index.php\\\/2022\\\/05\\\/24\\\/mons-cavalli-postavit-cemo-u-medugorju-kip-marije-s-djetetom-u-narucju-kako-se-ukazala-prije-41-godinu\\\/\",\"url\":\"https:\\\/\\\/radioljubuski.ba\\\/index.php\\\/2022\\\/05\\\/24\\\/mons-cavalli-postavit-cemo-u-medugorju-kip-marije-s-djetetom-u-narucju-kako-se-ukazala-prije-41-godinu\\\/\",\"name\":\"Mons. Cavalli: Postavit \u0107emo u Me\u0111ugorju kip Marije s djetetom u naru\u010dju, kako se ukazala prije 41 godinu - RADIO LJUBU\u0160KI\",\"isPartOf\":{\"@id\":\"https:\\\/\\\/radioljubuski.ba\\\/#website\"},\"primaryImageOfPage\":{\"@id\":\"https:\\\/\\\/radioljubuski.ba\\\/index.php\\\/2022\\\/05\\\/24\\\/mons-cavalli-postavit-cemo-u-medugorju-kip-marije-s-djetetom-u-narucju-kako-se-ukazala-prije-41-godinu\\\/#primaryimage\"},\"image\":{\"@id\":\"https:\\\/\\\/radioljubuski.ba\\\/index.php\\\/2022\\\/05\\\/24\\\/mons-cavalli-postavit-cemo-u-medugorju-kip-marije-s-djetetom-u-narucju-kako-se-ukazala-prije-41-godinu\\\/#primaryimage\"},\"thumbnailUrl\":\"https:\\\/\\\/radioljubuski.ba\\\/wp-content\\\/uploads\\\/2022\\\/05\\\/8-2022-05-24-11-44-24-ALDO.jpg\",\"datePublished\":\"2022-05-24T13:16:19+00:00\",\"dateModified\":\"2022-05-24T13:16:20+00:00\",\"breadcrumb\":{\"@id\":\"https:\\\/\\\/radioljubuski.ba\\\/index.php\\\/2022\\\/05\\\/24\\\/mons-cavalli-postavit-cemo-u-medugorju-kip-marije-s-djetetom-u-narucju-kako-se-ukazala-prije-41-godinu\\\/#breadcrumb\"},\"inLanguage\":\"hr\",\"potentialAction\":[{\"@type\":\"ReadAction\",\"target\":[\"https:\\\/\\\/radioljubuski.ba\\\/index.php\\\/2022\\\/05\\\/24\\\/mons-cavalli-postavit-cemo-u-medugorju-kip-marije-s-djetetom-u-narucju-kako-se-ukazala-prije-41-godinu\\\/\"]}]},{\"@type\":\"ImageObject\",\"inLanguage\":\"hr\",\"@id\":\"https:\\\/\\\/radioljubuski.ba\\\/index.php\\\/2022\\\/05\\\/24\\\/mons-cavalli-postavit-cemo-u-medugorju-kip-marije-s-djetetom-u-narucju-kako-se-ukazala-prije-41-godinu\\\/#primaryimage\",\"url\":\"https:\\\/\\\/radioljubuski.ba\\\/wp-content\\\/uploads\\\/2022\\\/05\\\/8-2022-05-24-11-44-24-ALDO.jpg\",\"contentUrl\":\"https:\\\/\\\/radioljubuski.ba\\\/wp-content\\\/uploads\\\/2022\\\/05\\\/8-2022-05-24-11-44-24-ALDO.jpg\",\"width\":1000,\"height\":625},{\"@type\":\"BreadcrumbList\",\"@id\":\"https:\\\/\\\/radioljubuski.ba\\\/index.php\\\/2022\\\/05\\\/24\\\/mons-cavalli-postavit-cemo-u-medugorju-kip-marije-s-djetetom-u-narucju-kako-se-ukazala-prije-41-godinu\\\/#breadcrumb\",\"itemListElement\":[{\"@type\":\"ListItem\",\"position\":1,\"name\":\"Po\u010detna stranica\",\"item\":\"https:\\\/\\\/radioljubuski.ba\\\/\"},{\"@type\":\"ListItem\",\"position\":2,\"name\":\"Mons. Cavalli: Postavit \u0107emo u Me\u0111ugorju kip Marije s djetetom u naru\u010dju, kako se ukazala prije 41 godinu\"}]},{\"@type\":\"WebSite\",\"@id\":\"https:\\\/\\\/radioljubuski.ba\\\/#website\",\"url\":\"https:\\\/\\\/radioljubuski.ba\\\/\",\"name\":\"Radio Ljubu\u0161ki\",\"description\":\"Sun\u010dana frekvencija Hercegovine\",\"publisher\":{\"@id\":\"https:\\\/\\\/radioljubuski.ba\\\/#organization\"},\"potentialAction\":[{\"@type\":\"SearchAction\",\"target\":{\"@type\":\"EntryPoint\",\"urlTemplate\":\"https:\\\/\\\/radioljubuski.ba\\\/?s={search_term_string}\"},\"query-input\":{\"@type\":\"PropertyValueSpecification\",\"valueRequired\":true,\"valueName\":\"search_term_string\"}}],\"inLanguage\":\"hr\"},{\"@type\":\"Organization\",\"@id\":\"https:\\\/\\\/radioljubuski.ba\\\/#organization\",\"name\":\"Radio Ljubu\u0161ki\",\"url\":\"https:\\\/\\\/radioljubuski.ba\\\/\",\"logo\":{\"@type\":\"ImageObject\",\"inLanguage\":\"hr\",\"@id\":\"https:\\\/\\\/radioljubuski.ba\\\/#\\\/schema\\\/logo\\\/image\\\/\",\"url\":\"https:\\\/\\\/radioljubuski.ba\\\/wp-content\\\/uploads\\\/2021\\\/02\\\/cropped-Radio_Ljubuski_logo1.jpg\",\"contentUrl\":\"https:\\\/\\\/radioljubuski.ba\\\/wp-content\\\/uploads\\\/2021\\\/02\\\/cropped-Radio_Ljubuski_logo1.jpg\",\"width\":512,\"height\":512,\"caption\":\"Radio Ljubu\u0161ki\"},\"image\":{\"@id\":\"https:\\\/\\\/radioljubuski.ba\\\/#\\\/schema\\\/logo\\\/image\\\/\"},\"sameAs\":[\"https:\\\/\\\/www.facebook.com\\\/Radiio-Ljubuski-1490835324566332\",\"https:\\\/\\\/x.com\\\/radioljubuski\",\"https:\\\/\\\/hr.linkedin.com\\\/company\\\/radio-ljubuski\",\"https:\\\/\\\/www.youtube.com\\\/channel\\\/UCHYaeO_n0Db3tjNGudGpXyw\"]},{\"@type\":\"Person\",\"@id\":\"https:\\\/\\\/radioljubuski.ba\\\/#\\\/schema\\\/person\\\/19fc700381a780f69665d7956c469e3b\",\"name\":\"Radio Ljubu\u0161ki\"}]}<\/script>\n<!-- \/ Yoast SEO plugin. -->","yoast_head_json":{"title":"Mons. Cavalli: Postavit \u0107emo u Me\u0111ugorju kip Marije s djetetom u naru\u010dju, kako se ukazala prije 41 godinu - RADIO LJUBU\u0160KI","robots":{"index":"index","follow":"follow","max-snippet":"max-snippet:-1","max-image-preview":"max-image-preview:large","max-video-preview":"max-video-preview:-1"},"canonical":"https:\/\/radioljubuski.ba\/index.php\/2022\/05\/24\/mons-cavalli-postavit-cemo-u-medugorju-kip-marije-s-djetetom-u-narucju-kako-se-ukazala-prije-41-godinu\/","og_locale":"hr_HR","og_type":"article","og_title":"Mons. Cavalli: Postavit \u0107emo u Me\u0111ugorju kip Marije s djetetom u naru\u010dju, kako se ukazala prije 41 godinu - RADIO LJUBU\u0160KI","og_description":"U dvorani Ivana Pavla II. u Me\u0111ugorju, u ponedjeljak 23. svibnja odr\u017ean je koncert za Maj\u010din dan, na kojem su nastupile glazbene sekcije \u017eupe Me\u0111ugorje (Golubi\u0107i mira, Frama Me\u0111ugorje, tambura\u0161ki orkestar Misericordia, gitaristi, solisti, mu\u0161ka klapa Concordia i \u017eenska klapa Mir). Nakon nastupa mladih glazbenika, okupljenima se obratio Apostolski vizitator s posebnom ulogom za \u017eupu [&hellip;]","og_url":"https:\/\/radioljubuski.ba\/index.php\/2022\/05\/24\/mons-cavalli-postavit-cemo-u-medugorju-kip-marije-s-djetetom-u-narucju-kako-se-ukazala-prije-41-godinu\/","og_site_name":"RADIO LJUBU\u0160KI","article_publisher":"https:\/\/www.facebook.com\/Radiio-Ljubuski-1490835324566332","article_published_time":"2022-05-24T13:16:19+00:00","article_modified_time":"2022-05-24T13:16:20+00:00","og_image":[{"width":1000,"height":625,"url":"https:\/\/radioljubuski.ba\/wp-content\/uploads\/2022\/05\/8-2022-05-24-11-44-24-ALDO.jpg","type":"image\/jpeg"}],"author":"Radio Ljubu\u0161ki","twitter_card":"summary_large_image","twitter_creator":"@radioljubuski","twitter_site":"@radioljubuski","twitter_misc":{"Napisao\/la":"Radio Ljubu\u0161ki","Procijenjeno vrijeme \u010ditanja":"2 minute"},"schema":{"@context":"https:\/\/schema.org","@graph":[{"@type":"Article","@id":"https:\/\/radioljubuski.ba\/index.php\/2022\/05\/24\/mons-cavalli-postavit-cemo-u-medugorju-kip-marije-s-djetetom-u-narucju-kako-se-ukazala-prije-41-godinu\/#article","isPartOf":{"@id":"https:\/\/radioljubuski.ba\/index.php\/2022\/05\/24\/mons-cavalli-postavit-cemo-u-medugorju-kip-marije-s-djetetom-u-narucju-kako-se-ukazala-prije-41-godinu\/"},"author":{"name":"Radio Ljubu\u0161ki","@id":"https:\/\/radioljubuski.ba\/#\/schema\/person\/19fc700381a780f69665d7956c469e3b"},"headline":"Mons. Cavalli: Postavit \u0107emo u Me\u0111ugorju kip Marije s djetetom u naru\u010dju, kako se ukazala prije 41 godinu","datePublished":"2022-05-24T13:16:19+00:00","dateModified":"2022-05-24T13:16:20+00:00","mainEntityOfPage":{"@id":"https:\/\/radioljubuski.ba\/index.php\/2022\/05\/24\/mons-cavalli-postavit-cemo-u-medugorju-kip-marije-s-djetetom-u-narucju-kako-se-ukazala-prije-41-godinu\/"},"wordCount":364,"publisher":{"@id":"https:\/\/radioljubuski.ba\/#organization"},"image":{"@id":"https:\/\/radioljubuski.ba\/index.php\/2022\/05\/24\/mons-cavalli-postavit-cemo-u-medugorju-kip-marije-s-djetetom-u-narucju-kako-se-ukazala-prije-41-godinu\/#primaryimage"},"thumbnailUrl":"https:\/\/radioljubuski.ba\/wp-content\/uploads\/2022\/05\/8-2022-05-24-11-44-24-ALDO.jpg","articleSection":["BIH i regija"],"inLanguage":"hr"},{"@type":"WebPage","@id":"https:\/\/radioljubuski.ba\/index.php\/2022\/05\/24\/mons-cavalli-postavit-cemo-u-medugorju-kip-marije-s-djetetom-u-narucju-kako-se-ukazala-prije-41-godinu\/","url":"https:\/\/radioljubuski.ba\/index.php\/2022\/05\/24\/mons-cavalli-postavit-cemo-u-medugorju-kip-marije-s-djetetom-u-narucju-kako-se-ukazala-prije-41-godinu\/","name":"Mons. Cavalli: Postavit \u0107emo u Me\u0111ugorju kip Marije s djetetom u naru\u010dju, kako se ukazala prije 41 godinu - RADIO LJUBU\u0160KI","isPartOf":{"@id":"https:\/\/radioljubuski.ba\/#website"},"primaryImageOfPage":{"@id":"https:\/\/radioljubuski.ba\/index.php\/2022\/05\/24\/mons-cavalli-postavit-cemo-u-medugorju-kip-marije-s-djetetom-u-narucju-kako-se-ukazala-prije-41-godinu\/#primaryimage"},"image":{"@id":"https:\/\/radioljubuski.ba\/index.php\/2022\/05\/24\/mons-cavalli-postavit-cemo-u-medugorju-kip-marije-s-djetetom-u-narucju-kako-se-ukazala-prije-41-godinu\/#primaryimage"},"thumbnailUrl":"https:\/\/radioljubuski.ba\/wp-content\/uploads\/2022\/05\/8-2022-05-24-11-44-24-ALDO.jpg","datePublished":"2022-05-24T13:16:19+00:00","dateModified":"2022-05-24T13:16:20+00:00","breadcrumb":{"@id":"https:\/\/radioljubuski.ba\/index.php\/2022\/05\/24\/mons-cavalli-postavit-cemo-u-medugorju-kip-marije-s-djetetom-u-narucju-kako-se-ukazala-prije-41-godinu\/#breadcrumb"},"inLanguage":"hr","potentialAction":[{"@type":"ReadAction","target":["https:\/\/radioljubuski.ba\/index.php\/2022\/05\/24\/mons-cavalli-postavit-cemo-u-medugorju-kip-marije-s-djetetom-u-narucju-kako-se-ukazala-prije-41-godinu\/"]}]},{"@type":"ImageObject","inLanguage":"hr","@id":"https:\/\/radioljubuski.ba\/index.php\/2022\/05\/24\/mons-cavalli-postavit-cemo-u-medugorju-kip-marije-s-djetetom-u-narucju-kako-se-ukazala-prije-41-godinu\/#primaryimage","url":"https:\/\/radioljubuski.ba\/wp-content\/uploads\/2022\/05\/8-2022-05-24-11-44-24-ALDO.jpg","contentUrl":"https:\/\/radioljubuski.ba\/wp-content\/uploads\/2022\/05\/8-2022-05-24-11-44-24-ALDO.jpg","width":1000,"height":625},{"@type":"BreadcrumbList","@id":"https:\/\/radioljubuski.ba\/index.php\/2022\/05\/24\/mons-cavalli-postavit-cemo-u-medugorju-kip-marije-s-djetetom-u-narucju-kako-se-ukazala-prije-41-godinu\/#breadcrumb","itemListElement":[{"@type":"ListItem","position":1,"name":"Po\u010detna stranica","item":"https:\/\/radioljubuski.ba\/"},{"@type":"ListItem","position":2,"name":"Mons. Cavalli: Postavit \u0107emo u Me\u0111ugorju kip Marije s djetetom u naru\u010dju, kako se ukazala prije 41 godinu"}]},{"@type":"WebSite","@id":"https:\/\/radioljubuski.ba\/#website","url":"https:\/\/radioljubuski.ba\/","name":"Radio Ljubu\u0161ki","description":"Sun\u010dana frekvencija Hercegovine","publisher":{"@id":"https:\/\/radioljubuski.ba\/#organization"},"potentialAction":[{"@type":"SearchAction","target":{"@type":"EntryPoint","urlTemplate":"https:\/\/radioljubuski.ba\/?s={search_term_string}"},"query-input":{"@type":"PropertyValueSpecification","valueRequired":true,"valueName":"search_term_string"}}],"inLanguage":"hr"},{"@type":"Organization","@id":"https:\/\/radioljubuski.ba\/#organization","name":"Radio Ljubu\u0161ki","url":"https:\/\/radioljubuski.ba\/","logo":{"@type":"ImageObject","inLanguage":"hr","@id":"https:\/\/radioljubuski.ba\/#\/schema\/logo\/image\/","url":"https:\/\/radioljubuski.ba\/wp-content\/uploads\/2021\/02\/cropped-Radio_Ljubuski_logo1.jpg","contentUrl":"https:\/\/radioljubuski.ba\/wp-content\/uploads\/2021\/02\/cropped-Radio_Ljubuski_logo1.jpg","width":512,"height":512,"caption":"Radio Ljubu\u0161ki"},"image":{"@id":"https:\/\/radioljubuski.ba\/#\/schema\/logo\/image\/"},"sameAs":["https:\/\/www.facebook.com\/Radiio-Ljubuski-1490835324566332","https:\/\/x.com\/radioljubuski","https:\/\/hr.linkedin.com\/company\/radio-ljubuski","https:\/\/www.youtube.com\/channel\/UCHYaeO_n0Db3tjNGudGpXyw"]},{"@type":"Person","@id":"https:\/\/radioljubuski.ba\/#\/schema\/person\/19fc700381a780f69665d7956c469e3b","name":"Radio Ljubu\u0161ki"}]}},"_links":{"self":[{"href":"https:\/\/radioljubuski.ba\/index.php\/wp-json\/wp\/v2\/posts\/143728","targetHints":{"allow":["GET"]}}],"collection":[{"href":"https:\/\/radioljubuski.ba\/index.php\/wp-json\/wp\/v2\/posts"}],"about":[{"href":"https:\/\/radioljubuski.ba\/index.php\/wp-json\/wp\/v2\/types\/post"}],"author":[{"embeddable":true,"href":"https:\/\/radioljubuski.ba\/index.php\/wp-json\/wp\/v2\/users\/2"}],"replies":[{"embeddable":true,"href":"https:\/\/radioljubuski.ba\/index.php\/wp-json\/wp\/v2\/comments?post=143728"}],"version-history":[{"count":1,"href":"https:\/\/radioljubuski.ba\/index.php\/wp-json\/wp\/v2\/posts\/143728\/revisions"}],"predecessor-version":[{"id":143730,"href":"https:\/\/radioljubuski.ba\/index.php\/wp-json\/wp\/v2\/posts\/143728\/revisions\/143730"}],"wp:featuredmedia":[{"embeddable":true,"href":"https:\/\/radioljubuski.ba\/index.php\/wp-json\/wp\/v2\/media\/143729"}],"wp:attachment":[{"href":"https:\/\/radioljubuski.ba\/index.php\/wp-json\/wp\/v2\/media?parent=143728"}],"wp:term":[{"taxonomy":"category","embeddable":true,"href":"https:\/\/radioljubuski.ba\/index.php\/wp-json\/wp\/v2\/categories?post=143728"},{"taxonomy":"post_tag","embeddable":true,"href":"https:\/\/radioljubuski.ba\/index.php\/wp-json\/wp\/v2\/tags?post=143728"}],"curies":[{"name":"wp","href":"https:\/\/api.w.org\/{rel}","templated":true}]}}