{"id":143736,"date":"2022-05-24T14:19:38","date_gmt":"2022-05-24T13:19:38","guid":{"rendered":"https:\/\/radioljubuski.ba\/?p=143736"},"modified":"2022-05-24T14:19:40","modified_gmt":"2022-05-24T13:19:40","slug":"alarmantno-u-svakoj-trecoj-vocki-pronadeni-pesticidi","status":"publish","type":"post","link":"https:\/\/radioljubuski.ba\/index.php\/2022\/05\/24\/alarmantno-u-svakoj-trecoj-vocki-pronadeni-pesticidi\/","title":{"rendered":"Alarmantno! U svakoj tre\u0107oj vo\u0107ki prona\u0111eni pesticidi"},"content":{"rendered":"\n<p>Tragovi pesticida u vo\u0107u uzgojenom u Europskoj uniji pove\u0107ali su se izme\u0111u 2011. i 2019., u razdoblju u kojemu su dr\u017eave \u010dlanice trebale ograni\u010diti njihovu upotrebu i zamijeniti ih drugim tvarima prirodnog porijekla, podaci su novog istra\u017eivanja nevladine organizacije PAN Europe, objavljenog u utorak.<\/p>\n\n\n\n<p><br>Studija koja se temelji na rezultatima analize oko 97.000 uzoraka svje\u017eeg vo\u0107a (bresaka, jagoda, tre\u0161anja, jabuka\u2026), ukazuje na to da je gotovo svaki tre\u0107i uzorak ili 29 posto, bio kontaminiran tragovima kemijskih pesticida, u odnosu na 18 posto u 2011.<\/p>\n\n\n\n<p>Ova mre\u017ea europskih nevladinih organizacija, koja promi\u010de odr\u017eive alternative pesticidima, podsje\u0107a da su od 2011. godine dr\u017eave \u010dlanice trebale poticati kori\u0161tenje zamjenskih proizvoda kako bi se maksimalno limitirala upotreba sintetskih pesticida \u2013 herbicida, fungicida i insekticida, koji se smatraju najopasnijima, a autorizacija im je strogo regulirana unutar EU-a.<\/p>\n\n\n\n<p>Nevladina udruga osnovana 1982. podsje\u0107a da bi odobrenje za upotrebu pesticida trebalo biti predmet usporedne procjene sa zamjenskim proizvodima i na nacionalnoj razini.<\/p>\n\n\n\n<p>Rezultati studije bacaju sjenu na aspiracije Bruxellesa iz 2020., po kojima bi do 2030. trebalo prepoloviti kori\u0161tenje najopasnijih pesticida.<\/p>\n\n\n\n<p>\u201cAko nema sna\u017enih mjera, ne vidimo kako bi se taj cilj mogao ispo\u0161tovati\u201d, rekla je AFP-u Salom\u00e9 Roynel iz PAN (Pesticide Action Network) Europe , podsjetiv\u0161i da je u ovlastima Komisije da podsjeti i \u2018pozove na red\u2019 zemlje koje \u201cnisu uspjele realizirati zadane ciljeve\u201d.<\/p>\n\n\n\n<p><strong>Povezanost pesticida i razvoja bolesti&nbsp;<\/strong><\/p>\n\n\n\n<p>Predstavnici organizacije smatraju da bi trebalo apsolutno ograni\u010diti neke autorizirane proizvode, me\u0111u kojima je i tebukonazol, otrovni fungicid koji utje\u010de na reproduktivne organe. Njegovi su tragovi prona\u0111eni na tre\u0161njama proizvedenim 2019., me\u0111u ostalim zemljama i u \u0160panjolskoj.<\/p>\n\n\n\n<p>Namijenjeni uni\u0161tavanju \u017eivih organizama koji se smatraju \u0161tetnima, pesticidi vjerojatno utje\u010du i na ljudsko zdravlje, pove\u0107avaju\u0107i rizik od razvoja problema s plodno\u0161\u0107u, a ustanovljeno je da mogu izazvati i neke bolesti, poput raka ili Parkinsonove bolesti, ka\u017eu iz PAN Europe.<\/p>\n\n\n\n<p>U stru\u010dnome izvje\u0161\u0107u Francuskog instituta za zdravstvo i medicinska istra\u017eivanja (Inserm) iz 2021. zaklju\u010deno je da postoji \u201csna\u017ena pretpostavka o povezanosti razvoja nekih vrsta karcinoma (leukemije, tumora sredi\u0161njega \u017eiv\u010danog sustava) i izlo\u017eenosti trudnica i djece pesticidima\u201d.<\/p>\n\n\n\n<p>Studija PAN Europe ukazuje na to da je u 2019. polovica uzoraka tre\u0161anja bila kontaminirana tragovima pesticida, u odnosu na 22 posto u 2011.<\/p>\n\n\n\n<p>Kada je posrijedi jabuka, vo\u0107e koje se najvi\u0161e proizvodi na kontinentu, vi\u0161e od tre\u0107ine ili 34 posto uzoraka u 2019. bilo je kontaminirano tragovima pesticida u odnosu na 16 posto u 2011.<\/p>\n\n\n\n<p>Devetogodi\u0161nje istra\u017eivanje nevladine organizacije pokazalo je da je me\u0111u najkontaminiranijim vo\u0107em kupina (51 posto uzoraka), breskva (45 posto), jagoda (38 posto), tre\u0161nja (35 posto) i marelica (35 posto).<\/p>\n\n\n\n<p>U slu\u010daju povr\u0107a kontaminacija je manja jer je ono manje podlo\u017eno utjecaju kukaca i bolestima.<\/p>\n\n\n\n<p>Ustanovljeno je da je u 2019. bilo kontaminirano 13 posto uzoraka u odnosu na 11 posto u 2011., a najkontaminiraniji su bili li\u0161\u0107e celera, gomolj celera i kelj (31 posto).<\/p>\n\n\n\n<p>Izvor:pogled.ba<\/p>\n","protected":false},"excerpt":{"rendered":"<p>Tragovi pesticida u vo\u0107u uzgojenom u Europskoj uniji pove\u0107ali su se izme\u0111u 2011. i 2019., u razdoblju u kojemu su dr\u017eave \u010dlanice trebale ograni\u010diti njihovu upotrebu i zamijeniti ih drugim tvarima prirodnog porijekla, podaci su novog istra\u017eivanja nevladine organizacije PAN Europe, objavljenog u utorak. Studija koja se temelji na rezultatima analize oko 97.000 uzoraka svje\u017eeg [&hellip;]<\/p>\n","protected":false},"author":2,"featured_media":143737,"comment_status":"closed","ping_status":"closed","sticky":false,"template":"","format":"standard","meta":{"h5ap_radio_sources":[],"footnotes":""},"categories":[1],"tags":[],"class_list":["post-143736","post","type-post","status-publish","format-standard","has-post-thumbnail","hentry","category-bihiregija"],"yoast_head":"<!-- This site is optimized with the Yoast SEO plugin v27.5 - https:\/\/yoast.com\/product\/yoast-seo-wordpress\/ -->\n<title>Alarmantno! U svakoj tre\u0107oj vo\u0107ki prona\u0111eni pesticidi - RADIO LJUBU\u0160KI<\/title>\n<meta name=\"robots\" content=\"index, follow, max-snippet:-1, max-image-preview:large, max-video-preview:-1\" \/>\n<link rel=\"canonical\" href=\"https:\/\/radioljubuski.ba\/index.php\/2022\/05\/24\/alarmantno-u-svakoj-trecoj-vocki-pronadeni-pesticidi\/\" \/>\n<meta property=\"og:locale\" content=\"hr_HR\" \/>\n<meta property=\"og:type\" content=\"article\" \/>\n<meta property=\"og:title\" content=\"Alarmantno! U svakoj tre\u0107oj vo\u0107ki prona\u0111eni pesticidi - RADIO LJUBU\u0160KI\" \/>\n<meta property=\"og:description\" content=\"Tragovi pesticida u vo\u0107u uzgojenom u Europskoj uniji pove\u0107ali su se izme\u0111u 2011. i 2019., u razdoblju u kojemu su dr\u017eave \u010dlanice trebale ograni\u010diti njihovu upotrebu i zamijeniti ih drugim tvarima prirodnog porijekla, podaci su novog istra\u017eivanja nevladine organizacije PAN Europe, objavljenog u utorak. Studija koja se temelji na rezultatima analize oko 97.000 uzoraka svje\u017eeg [&hellip;]\" \/>\n<meta property=\"og:url\" content=\"https:\/\/radioljubuski.ba\/index.php\/2022\/05\/24\/alarmantno-u-svakoj-trecoj-vocki-pronadeni-pesticidi\/\" \/>\n<meta property=\"og:site_name\" content=\"RADIO LJUBU\u0160KI\" \/>\n<meta property=\"article:publisher\" content=\"https:\/\/www.facebook.com\/Radiio-Ljubuski-1490835324566332\" \/>\n<meta property=\"article:published_time\" content=\"2022-05-24T13:19:38+00:00\" \/>\n<meta property=\"article:modified_time\" content=\"2022-05-24T13:19:40+00:00\" \/>\n<meta property=\"og:image\" content=\"https:\/\/radioljubuski.ba\/wp-content\/uploads\/2022\/05\/2-2021-04-18-08-09-41-voce-povrce1.jpg\" \/>\n\t<meta property=\"og:image:width\" content=\"1000\" \/>\n\t<meta property=\"og:image:height\" content=\"625\" \/>\n\t<meta property=\"og:image:type\" content=\"image\/jpeg\" \/>\n<meta name=\"author\" content=\"Radio Ljubu\u0161ki\" \/>\n<meta name=\"twitter:card\" content=\"summary_large_image\" \/>\n<meta name=\"twitter:creator\" content=\"@radioljubuski\" \/>\n<meta name=\"twitter:site\" content=\"@radioljubuski\" \/>\n<meta name=\"twitter:label1\" content=\"Napisao\/la\" \/>\n\t<meta name=\"twitter:data1\" content=\"Radio Ljubu\u0161ki\" \/>\n\t<meta name=\"twitter:label2\" content=\"Procijenjeno vrijeme \u010ditanja\" \/>\n\t<meta name=\"twitter:data2\" content=\"3 minute\" \/>\n<script type=\"application\/ld+json\" class=\"yoast-schema-graph\">{\"@context\":\"https:\\\/\\\/schema.org\",\"@graph\":[{\"@type\":\"Article\",\"@id\":\"https:\\\/\\\/radioljubuski.ba\\\/index.php\\\/2022\\\/05\\\/24\\\/alarmantno-u-svakoj-trecoj-vocki-pronadeni-pesticidi\\\/#article\",\"isPartOf\":{\"@id\":\"https:\\\/\\\/radioljubuski.ba\\\/index.php\\\/2022\\\/05\\\/24\\\/alarmantno-u-svakoj-trecoj-vocki-pronadeni-pesticidi\\\/\"},\"author\":{\"name\":\"Radio Ljubu\u0161ki\",\"@id\":\"https:\\\/\\\/radioljubuski.ba\\\/#\\\/schema\\\/person\\\/19fc700381a780f69665d7956c469e3b\"},\"headline\":\"Alarmantno! U svakoj tre\u0107oj vo\u0107ki prona\u0111eni pesticidi\",\"datePublished\":\"2022-05-24T13:19:38+00:00\",\"dateModified\":\"2022-05-24T13:19:40+00:00\",\"mainEntityOfPage\":{\"@id\":\"https:\\\/\\\/radioljubuski.ba\\\/index.php\\\/2022\\\/05\\\/24\\\/alarmantno-u-svakoj-trecoj-vocki-pronadeni-pesticidi\\\/\"},\"wordCount\":503,\"publisher\":{\"@id\":\"https:\\\/\\\/radioljubuski.ba\\\/#organization\"},\"image\":{\"@id\":\"https:\\\/\\\/radioljubuski.ba\\\/index.php\\\/2022\\\/05\\\/24\\\/alarmantno-u-svakoj-trecoj-vocki-pronadeni-pesticidi\\\/#primaryimage\"},\"thumbnailUrl\":\"https:\\\/\\\/radioljubuski.ba\\\/wp-content\\\/uploads\\\/2022\\\/05\\\/2-2021-04-18-08-09-41-voce-povrce1.jpg\",\"articleSection\":[\"BIH i regija\"],\"inLanguage\":\"hr\"},{\"@type\":\"WebPage\",\"@id\":\"https:\\\/\\\/radioljubuski.ba\\\/index.php\\\/2022\\\/05\\\/24\\\/alarmantno-u-svakoj-trecoj-vocki-pronadeni-pesticidi\\\/\",\"url\":\"https:\\\/\\\/radioljubuski.ba\\\/index.php\\\/2022\\\/05\\\/24\\\/alarmantno-u-svakoj-trecoj-vocki-pronadeni-pesticidi\\\/\",\"name\":\"Alarmantno! U svakoj tre\u0107oj vo\u0107ki prona\u0111eni pesticidi - RADIO LJUBU\u0160KI\",\"isPartOf\":{\"@id\":\"https:\\\/\\\/radioljubuski.ba\\\/#website\"},\"primaryImageOfPage\":{\"@id\":\"https:\\\/\\\/radioljubuski.ba\\\/index.php\\\/2022\\\/05\\\/24\\\/alarmantno-u-svakoj-trecoj-vocki-pronadeni-pesticidi\\\/#primaryimage\"},\"image\":{\"@id\":\"https:\\\/\\\/radioljubuski.ba\\\/index.php\\\/2022\\\/05\\\/24\\\/alarmantno-u-svakoj-trecoj-vocki-pronadeni-pesticidi\\\/#primaryimage\"},\"thumbnailUrl\":\"https:\\\/\\\/radioljubuski.ba\\\/wp-content\\\/uploads\\\/2022\\\/05\\\/2-2021-04-18-08-09-41-voce-povrce1.jpg\",\"datePublished\":\"2022-05-24T13:19:38+00:00\",\"dateModified\":\"2022-05-24T13:19:40+00:00\",\"breadcrumb\":{\"@id\":\"https:\\\/\\\/radioljubuski.ba\\\/index.php\\\/2022\\\/05\\\/24\\\/alarmantno-u-svakoj-trecoj-vocki-pronadeni-pesticidi\\\/#breadcrumb\"},\"inLanguage\":\"hr\",\"potentialAction\":[{\"@type\":\"ReadAction\",\"target\":[\"https:\\\/\\\/radioljubuski.ba\\\/index.php\\\/2022\\\/05\\\/24\\\/alarmantno-u-svakoj-trecoj-vocki-pronadeni-pesticidi\\\/\"]}]},{\"@type\":\"ImageObject\",\"inLanguage\":\"hr\",\"@id\":\"https:\\\/\\\/radioljubuski.ba\\\/index.php\\\/2022\\\/05\\\/24\\\/alarmantno-u-svakoj-trecoj-vocki-pronadeni-pesticidi\\\/#primaryimage\",\"url\":\"https:\\\/\\\/radioljubuski.ba\\\/wp-content\\\/uploads\\\/2022\\\/05\\\/2-2021-04-18-08-09-41-voce-povrce1.jpg\",\"contentUrl\":\"https:\\\/\\\/radioljubuski.ba\\\/wp-content\\\/uploads\\\/2022\\\/05\\\/2-2021-04-18-08-09-41-voce-povrce1.jpg\",\"width\":1000,\"height\":625},{\"@type\":\"BreadcrumbList\",\"@id\":\"https:\\\/\\\/radioljubuski.ba\\\/index.php\\\/2022\\\/05\\\/24\\\/alarmantno-u-svakoj-trecoj-vocki-pronadeni-pesticidi\\\/#breadcrumb\",\"itemListElement\":[{\"@type\":\"ListItem\",\"position\":1,\"name\":\"Po\u010detna stranica\",\"item\":\"https:\\\/\\\/radioljubuski.ba\\\/\"},{\"@type\":\"ListItem\",\"position\":2,\"name\":\"Alarmantno! U svakoj tre\u0107oj vo\u0107ki prona\u0111eni pesticidi\"}]},{\"@type\":\"WebSite\",\"@id\":\"https:\\\/\\\/radioljubuski.ba\\\/#website\",\"url\":\"https:\\\/\\\/radioljubuski.ba\\\/\",\"name\":\"Radio Ljubu\u0161ki\",\"description\":\"Sun\u010dana frekvencija Hercegovine\",\"publisher\":{\"@id\":\"https:\\\/\\\/radioljubuski.ba\\\/#organization\"},\"potentialAction\":[{\"@type\":\"SearchAction\",\"target\":{\"@type\":\"EntryPoint\",\"urlTemplate\":\"https:\\\/\\\/radioljubuski.ba\\\/?s={search_term_string}\"},\"query-input\":{\"@type\":\"PropertyValueSpecification\",\"valueRequired\":true,\"valueName\":\"search_term_string\"}}],\"inLanguage\":\"hr\"},{\"@type\":\"Organization\",\"@id\":\"https:\\\/\\\/radioljubuski.ba\\\/#organization\",\"name\":\"Radio Ljubu\u0161ki\",\"url\":\"https:\\\/\\\/radioljubuski.ba\\\/\",\"logo\":{\"@type\":\"ImageObject\",\"inLanguage\":\"hr\",\"@id\":\"https:\\\/\\\/radioljubuski.ba\\\/#\\\/schema\\\/logo\\\/image\\\/\",\"url\":\"https:\\\/\\\/radioljubuski.ba\\\/wp-content\\\/uploads\\\/2021\\\/02\\\/cropped-Radio_Ljubuski_logo1.jpg\",\"contentUrl\":\"https:\\\/\\\/radioljubuski.ba\\\/wp-content\\\/uploads\\\/2021\\\/02\\\/cropped-Radio_Ljubuski_logo1.jpg\",\"width\":512,\"height\":512,\"caption\":\"Radio Ljubu\u0161ki\"},\"image\":{\"@id\":\"https:\\\/\\\/radioljubuski.ba\\\/#\\\/schema\\\/logo\\\/image\\\/\"},\"sameAs\":[\"https:\\\/\\\/www.facebook.com\\\/Radiio-Ljubuski-1490835324566332\",\"https:\\\/\\\/x.com\\\/radioljubuski\",\"https:\\\/\\\/hr.linkedin.com\\\/company\\\/radio-ljubuski\",\"https:\\\/\\\/www.youtube.com\\\/channel\\\/UCHYaeO_n0Db3tjNGudGpXyw\"]},{\"@type\":\"Person\",\"@id\":\"https:\\\/\\\/radioljubuski.ba\\\/#\\\/schema\\\/person\\\/19fc700381a780f69665d7956c469e3b\",\"name\":\"Radio Ljubu\u0161ki\"}]}<\/script>\n<!-- \/ Yoast SEO plugin. -->","yoast_head_json":{"title":"Alarmantno! U svakoj tre\u0107oj vo\u0107ki prona\u0111eni pesticidi - RADIO LJUBU\u0160KI","robots":{"index":"index","follow":"follow","max-snippet":"max-snippet:-1","max-image-preview":"max-image-preview:large","max-video-preview":"max-video-preview:-1"},"canonical":"https:\/\/radioljubuski.ba\/index.php\/2022\/05\/24\/alarmantno-u-svakoj-trecoj-vocki-pronadeni-pesticidi\/","og_locale":"hr_HR","og_type":"article","og_title":"Alarmantno! U svakoj tre\u0107oj vo\u0107ki prona\u0111eni pesticidi - RADIO LJUBU\u0160KI","og_description":"Tragovi pesticida u vo\u0107u uzgojenom u Europskoj uniji pove\u0107ali su se izme\u0111u 2011. i 2019., u razdoblju u kojemu su dr\u017eave \u010dlanice trebale ograni\u010diti njihovu upotrebu i zamijeniti ih drugim tvarima prirodnog porijekla, podaci su novog istra\u017eivanja nevladine organizacije PAN Europe, objavljenog u utorak. Studija koja se temelji na rezultatima analize oko 97.000 uzoraka svje\u017eeg [&hellip;]","og_url":"https:\/\/radioljubuski.ba\/index.php\/2022\/05\/24\/alarmantno-u-svakoj-trecoj-vocki-pronadeni-pesticidi\/","og_site_name":"RADIO LJUBU\u0160KI","article_publisher":"https:\/\/www.facebook.com\/Radiio-Ljubuski-1490835324566332","article_published_time":"2022-05-24T13:19:38+00:00","article_modified_time":"2022-05-24T13:19:40+00:00","og_image":[{"width":1000,"height":625,"url":"https:\/\/radioljubuski.ba\/wp-content\/uploads\/2022\/05\/2-2021-04-18-08-09-41-voce-povrce1.jpg","type":"image\/jpeg"}],"author":"Radio Ljubu\u0161ki","twitter_card":"summary_large_image","twitter_creator":"@radioljubuski","twitter_site":"@radioljubuski","twitter_misc":{"Napisao\/la":"Radio Ljubu\u0161ki","Procijenjeno vrijeme \u010ditanja":"3 minute"},"schema":{"@context":"https:\/\/schema.org","@graph":[{"@type":"Article","@id":"https:\/\/radioljubuski.ba\/index.php\/2022\/05\/24\/alarmantno-u-svakoj-trecoj-vocki-pronadeni-pesticidi\/#article","isPartOf":{"@id":"https:\/\/radioljubuski.ba\/index.php\/2022\/05\/24\/alarmantno-u-svakoj-trecoj-vocki-pronadeni-pesticidi\/"},"author":{"name":"Radio Ljubu\u0161ki","@id":"https:\/\/radioljubuski.ba\/#\/schema\/person\/19fc700381a780f69665d7956c469e3b"},"headline":"Alarmantno! U svakoj tre\u0107oj vo\u0107ki prona\u0111eni pesticidi","datePublished":"2022-05-24T13:19:38+00:00","dateModified":"2022-05-24T13:19:40+00:00","mainEntityOfPage":{"@id":"https:\/\/radioljubuski.ba\/index.php\/2022\/05\/24\/alarmantno-u-svakoj-trecoj-vocki-pronadeni-pesticidi\/"},"wordCount":503,"publisher":{"@id":"https:\/\/radioljubuski.ba\/#organization"},"image":{"@id":"https:\/\/radioljubuski.ba\/index.php\/2022\/05\/24\/alarmantno-u-svakoj-trecoj-vocki-pronadeni-pesticidi\/#primaryimage"},"thumbnailUrl":"https:\/\/radioljubuski.ba\/wp-content\/uploads\/2022\/05\/2-2021-04-18-08-09-41-voce-povrce1.jpg","articleSection":["BIH i regija"],"inLanguage":"hr"},{"@type":"WebPage","@id":"https:\/\/radioljubuski.ba\/index.php\/2022\/05\/24\/alarmantno-u-svakoj-trecoj-vocki-pronadeni-pesticidi\/","url":"https:\/\/radioljubuski.ba\/index.php\/2022\/05\/24\/alarmantno-u-svakoj-trecoj-vocki-pronadeni-pesticidi\/","name":"Alarmantno! U svakoj tre\u0107oj vo\u0107ki prona\u0111eni pesticidi - RADIO LJUBU\u0160KI","isPartOf":{"@id":"https:\/\/radioljubuski.ba\/#website"},"primaryImageOfPage":{"@id":"https:\/\/radioljubuski.ba\/index.php\/2022\/05\/24\/alarmantno-u-svakoj-trecoj-vocki-pronadeni-pesticidi\/#primaryimage"},"image":{"@id":"https:\/\/radioljubuski.ba\/index.php\/2022\/05\/24\/alarmantno-u-svakoj-trecoj-vocki-pronadeni-pesticidi\/#primaryimage"},"thumbnailUrl":"https:\/\/radioljubuski.ba\/wp-content\/uploads\/2022\/05\/2-2021-04-18-08-09-41-voce-povrce1.jpg","datePublished":"2022-05-24T13:19:38+00:00","dateModified":"2022-05-24T13:19:40+00:00","breadcrumb":{"@id":"https:\/\/radioljubuski.ba\/index.php\/2022\/05\/24\/alarmantno-u-svakoj-trecoj-vocki-pronadeni-pesticidi\/#breadcrumb"},"inLanguage":"hr","potentialAction":[{"@type":"ReadAction","target":["https:\/\/radioljubuski.ba\/index.php\/2022\/05\/24\/alarmantno-u-svakoj-trecoj-vocki-pronadeni-pesticidi\/"]}]},{"@type":"ImageObject","inLanguage":"hr","@id":"https:\/\/radioljubuski.ba\/index.php\/2022\/05\/24\/alarmantno-u-svakoj-trecoj-vocki-pronadeni-pesticidi\/#primaryimage","url":"https:\/\/radioljubuski.ba\/wp-content\/uploads\/2022\/05\/2-2021-04-18-08-09-41-voce-povrce1.jpg","contentUrl":"https:\/\/radioljubuski.ba\/wp-content\/uploads\/2022\/05\/2-2021-04-18-08-09-41-voce-povrce1.jpg","width":1000,"height":625},{"@type":"BreadcrumbList","@id":"https:\/\/radioljubuski.ba\/index.php\/2022\/05\/24\/alarmantno-u-svakoj-trecoj-vocki-pronadeni-pesticidi\/#breadcrumb","itemListElement":[{"@type":"ListItem","position":1,"name":"Po\u010detna stranica","item":"https:\/\/radioljubuski.ba\/"},{"@type":"ListItem","position":2,"name":"Alarmantno! U svakoj tre\u0107oj vo\u0107ki prona\u0111eni pesticidi"}]},{"@type":"WebSite","@id":"https:\/\/radioljubuski.ba\/#website","url":"https:\/\/radioljubuski.ba\/","name":"Radio Ljubu\u0161ki","description":"Sun\u010dana frekvencija Hercegovine","publisher":{"@id":"https:\/\/radioljubuski.ba\/#organization"},"potentialAction":[{"@type":"SearchAction","target":{"@type":"EntryPoint","urlTemplate":"https:\/\/radioljubuski.ba\/?s={search_term_string}"},"query-input":{"@type":"PropertyValueSpecification","valueRequired":true,"valueName":"search_term_string"}}],"inLanguage":"hr"},{"@type":"Organization","@id":"https:\/\/radioljubuski.ba\/#organization","name":"Radio Ljubu\u0161ki","url":"https:\/\/radioljubuski.ba\/","logo":{"@type":"ImageObject","inLanguage":"hr","@id":"https:\/\/radioljubuski.ba\/#\/schema\/logo\/image\/","url":"https:\/\/radioljubuski.ba\/wp-content\/uploads\/2021\/02\/cropped-Radio_Ljubuski_logo1.jpg","contentUrl":"https:\/\/radioljubuski.ba\/wp-content\/uploads\/2021\/02\/cropped-Radio_Ljubuski_logo1.jpg","width":512,"height":512,"caption":"Radio Ljubu\u0161ki"},"image":{"@id":"https:\/\/radioljubuski.ba\/#\/schema\/logo\/image\/"},"sameAs":["https:\/\/www.facebook.com\/Radiio-Ljubuski-1490835324566332","https:\/\/x.com\/radioljubuski","https:\/\/hr.linkedin.com\/company\/radio-ljubuski","https:\/\/www.youtube.com\/channel\/UCHYaeO_n0Db3tjNGudGpXyw"]},{"@type":"Person","@id":"https:\/\/radioljubuski.ba\/#\/schema\/person\/19fc700381a780f69665d7956c469e3b","name":"Radio Ljubu\u0161ki"}]}},"_links":{"self":[{"href":"https:\/\/radioljubuski.ba\/index.php\/wp-json\/wp\/v2\/posts\/143736","targetHints":{"allow":["GET"]}}],"collection":[{"href":"https:\/\/radioljubuski.ba\/index.php\/wp-json\/wp\/v2\/posts"}],"about":[{"href":"https:\/\/radioljubuski.ba\/index.php\/wp-json\/wp\/v2\/types\/post"}],"author":[{"embeddable":true,"href":"https:\/\/radioljubuski.ba\/index.php\/wp-json\/wp\/v2\/users\/2"}],"replies":[{"embeddable":true,"href":"https:\/\/radioljubuski.ba\/index.php\/wp-json\/wp\/v2\/comments?post=143736"}],"version-history":[{"count":1,"href":"https:\/\/radioljubuski.ba\/index.php\/wp-json\/wp\/v2\/posts\/143736\/revisions"}],"predecessor-version":[{"id":143738,"href":"https:\/\/radioljubuski.ba\/index.php\/wp-json\/wp\/v2\/posts\/143736\/revisions\/143738"}],"wp:featuredmedia":[{"embeddable":true,"href":"https:\/\/radioljubuski.ba\/index.php\/wp-json\/wp\/v2\/media\/143737"}],"wp:attachment":[{"href":"https:\/\/radioljubuski.ba\/index.php\/wp-json\/wp\/v2\/media?parent=143736"}],"wp:term":[{"taxonomy":"category","embeddable":true,"href":"https:\/\/radioljubuski.ba\/index.php\/wp-json\/wp\/v2\/categories?post=143736"},{"taxonomy":"post_tag","embeddable":true,"href":"https:\/\/radioljubuski.ba\/index.php\/wp-json\/wp\/v2\/tags?post=143736"}],"curies":[{"name":"wp","href":"https:\/\/api.w.org\/{rel}","templated":true}]}}