{"id":143750,"date":"2022-05-24T14:29:30","date_gmt":"2022-05-24T13:29:30","guid":{"rendered":"https:\/\/radioljubuski.ba\/?p=143750"},"modified":"2022-05-24T14:29:32","modified_gmt":"2022-05-24T13:29:32","slug":"otkriven-identitet-krvnika-iz-buce-izgubljeni-mobitel-odao-zloglasnu-64-brigadu","status":"publish","type":"post","link":"https:\/\/radioljubuski.ba\/index.php\/2022\/05\/24\/otkriven-identitet-krvnika-iz-buce-izgubljeni-mobitel-odao-zloglasnu-64-brigadu\/","title":{"rendered":"Otkriven identitet krvnika iz Bu\u010de: Izgubljeni mobitel odao zloglasnu 64. brigadu"},"content":{"rendered":"\n<p>Kada su vojnici ruske 64. motorizirane brigade sredinom o\u017eujka stigli u Bu\u010du donijeli su sasvim novu razinu terora i smrti u grad &#8211; pi\u0161e New York Times. Navode kako je tijekom sljede\u0107ih 18 dana, u samo jednom dijelu ovog predgra\u0111a Kijeva, gdje je brigada preuzela kontrolu, ubijeno 12 ljudi, uklju\u010duju\u0107i sve stanovnike \u0161est ku\u0107a u kojima su vojnici postavili logor, pi\u0161e <a href=\"https:\/\/www.jutarnji.hr\/vijesti\/svijet\/pronadeni-mobitel-razotkrio-64-brigadu-u-borbama-ih-nema-siju-strah-i-u-ruskoj-vojsci-15201403\">Jutarnji<\/a>.<\/p>\n\n\n\n<p>Sin i zet Olge Havriljuk, zajedno s jednim strancem, upucani su u glavu u dvori\u0161tu svoje ku\u0107e. Ruski vojnici Havriljukovima su razbili ogradu, parkirali svoje oklopno vozilo u vrtu te se uselili u ku\u0107u. Kuhali su u susjedovom vrtu, ubijali koko\u0161i te ih pekli na ro\u0161tilju dok su mrtvi mu\u0161karci le\u017eali nekoliko metara dalje u uli\u010dici.<\/p>\n\n\n\n<p>Kad su se krajem o\u017eujka trupe povukle, dva brata, Jurij i Viktor Pavlenko, koji su \u017eivjeli na kraju ulice, le\u017eali su mrtvi u jarku pored \u017eeljezni\u010dke pruge. Volodimir \u010ceredni\u010denko prona\u0111en je mrtav u susjedovom podrumu. Jo\u0161 jedan mu\u0161karac, kojeg su ruski vojnici uhvatili dok je tr\u010dao du\u017e \u017eeljezni\u010dke pruge te ga potom odveli u podrum ku\u0107e na kraju ulice, tako\u0111er je prona\u0111en ubijen iz vatrenog oru\u017eja.<\/p>\n\n\n\n<p>Pri\u010da o Bu\u010di i njezinim u\u017easima odvijala se u fazama kako su se otkrivala nova ruska zvjerstva, izazivaju\u0107i bijes me\u0111u Ukrajincima i u ve\u0107em dijelu svijeta. No, tu\u017eitelji i du\u017enosnici vojne obavje\u0161tajne slu\u017ebe po\u010deli su rano istra\u017eivati i prikupljati dokaze kako bi poku\u0161ali identificirati po\u010dinitelje odgovorne za masovna ubojstva, mu\u010denja i silovanja u neko\u0107 mirnom predgra\u0111u.<\/p>\n\n\n\n<p>Rade\u0107i sa stru\u010dnjacima za ratne zlo\u010dine i forenzi\u010darima iz cijelog svijeta, ukrajinski su istra\u017eitelji do\u0161li do nekih preliminarnih zaklju\u010daka, posebno se fokusiraju\u0107i na 64. brigadu. Do sada su ve\u0107 identificirali 10 vojnika iz postrojbe i optu\u017eili ih za ratne zlo\u010dine.<\/p>\n\n\n\n<p>Putin ih odlikovao<br>Ukrajinski du\u017enosnici ka\u017eu da je brigada formirana nakon \u0161to se Rusija borila u ratu s Gruzijom 2008. godine, te da joj je pro\u0161log mjeseca predsjednik Vladimir Putin dodijelio odli\u010dje za borbu u Ukrajini. No, pi\u0161e New York Times, brigada je malo sudjelovala u bilo kakvim borbama, do\u0161li su nakon \u0161to su druge jedinice preuzele kontrolu nad Bu\u010dom te su potom dobili zadatak da je &#8220;dr\u017ee&#8221;.<\/p>\n\n\n\n<p>&#8220;Zatvorili su na\u0161e ljude&#8221;, rekao je Ruslan Krav\u010denko, glavni tu\u017eitelj okruga Bu\u010da, opisuju\u0107i postupke optu\u017eenih vojnika. &#8220;Svezali su im ruke i noge, stavili poveze na o\u010di. Tukli su ih \u0161akama i nogama, kundacima u prsa te imitirali pogubljenja.&#8221;<\/p>\n\n\n\n<p>Ime 64. brigade i popis njenih 1600 vojnika prona\u0111eni su me\u0111u ra\u010dunalnim datotekama ostavljenim u ruskom vojnom sto\u017eeru u Buchi, pru\u017eaju\u0107i tako golem resurs istra\u017eiteljima koji su po\u010dinjali istragu. Prona\u0111en je i dio njihovih profila na dru\u0161tvenim mre\u017eama&#8230;<\/p>\n\n\n\n<p>&#8211; Tri \u017ertve koje su pre\u017eivjele premla\u0107ivanje i mu\u010denje uspjele su identificirati po\u010dinitelje na fotografijama &#8211; rekao je Krav\u010denko.<\/p>\n\n\n\n<p>Jedna od \u017ertava bio je 50-godi\u0161nji Jurij. Postrojba 64. brigade u pretres njegove ku\u0107e do\u0161la je 13. o\u017eujka. Rekao je da je vojnike identificirao kada su mu tu\u017eioci pokazali fotografije. Jurijev susjed Oleksij naveo je da ga je ruska jedinica dva puta zatvarala, nekoliko sati ispitivala u podrumu te da su fingirali da na njega pucaju iz pi\u0161tolja. Jo\u0161 uvijek potresen, rekao je kako samo \u017eeli poku\u0161ati sve zaboraviti.<\/p>\n\n\n\n<p>Premla\u0107ivanje vojnika i lopova<br>O brigadi se ne zna puno, ali pukovnik Mikola Krasni, \u0161ef javnih poslova ukrajinske vojne obavje\u0161tajne slu\u017ebe, tvrdi da je bila istaknuta po nemoralnosti, po premla\u0107ivanju vojnika i lopovima. Osnovana je 1. 1. 2009., ubrzo nakon ruskog rata u Gruziji, rekao je Krasni.<\/p>\n\n\n\n<p>Nisu brutalni samo prema neprijateljima, nego i prema vlastitim vojnicima. Na mobitelu koji je u Bu\u010di ostavio pripadnik 64. brigade, istra\u017eitelji su prona\u0161li dokaze o takvoj praksi: video na kojem \u010dasnik razgovara s podre\u0111enim, a zatim ga iznenada udari \u0161akom u glavu dok drugi vojnici stoje okolo i razgovaraju.<\/p>\n\n\n\n<p>New York Times pi\u0161e kako ruska vlada nije odgovorila na zahtjev za komentar optu\u017ebi protiv 64. brigade, ali da su u vi\u0161e navrata tvrdili kako su optu\u017ebe da su njezine snage po\u010dinile zlo\u010dine u Bu\u010di i drugdje la\u017ene.<\/p>\n\n\n\n<p>Zapadni analiti\u010dari, koji su prou\u010davali rusku vojsku, komentirali su da pona\u0161anje vojnika u Bu\u010di nije bilo iznena\u0111enje.<\/p>\n\n\n\n<p>Ubojstva u Bu\u010di doga\u0111ala su se od prvih dana pojavljivanja ruskih trupa. Prve postrojbe bile su desantne postrojbe, padobranci i specijalci koji su pucali na automobile i civile na ulicama te zatvarali mu\u0161karce za koje se sumnjalo da su u ukrajinskoj vojsci ili teritorijalnoj obrani. Opseg ubojstava i naizgled nedostatak oklijevanja me\u0111u ruskim vojnicima da ih izvr\u0161e, naveli su ukrajinske du\u017enosnike na pretpostavku da su djelovali prema naredbi.<\/p>\n\n\n\n<p>&#8220;Nisu mogli ne znati&#8221; &#8211; komentirao je tu\u017eitelj Krav\u010denko o vi\u0161im vojnim zapovjednicima. &#8220;Mislim da je teror bio planiran.&#8221;<\/p>\n\n\n\n<p>Mnoga od ubojstava koja su dokumentirana dogodila su se u Jablunskoj ulici, gdje su tijela le\u017eala tjednima \u0161to je vidljivo i na satelitskim snimkama. No, nedaleko, na uglu Ulice Ivana Franka, nakon 12. o\u017eujka odigrao se poseban oblik pakla &#8211; pi\u0161e New York Times.<\/p>\n\n\n\n<p>Stanovnici su ve\u0107 bili upozoreni da \u0107e se stvari pogor\u0161ati. Umirovljenik Mikola (67) ispri\u010dao je kako su mu ruski vojnici koji su prvi do\u0161li savjetovati da ode jer \u0107e poslije do\u0107i &#8220;lo\u0161i momci&#8221;. Mikola je napustio Bu\u010du prije dolaska 64. brigade.<\/p>\n\n\n\n<p>Na kraju Ulice Ivana Franka, usred smrskanih automobila i uni\u0161tenih ku\u0107a, vlada jeziva pusto\u0161. &#8220;Od ove ku\u0107e do kraja, nitko nije ostao \u017eiv&#8221;, rekla je g\u0111a. Havriljuk. &#8220;Ovdje je ubijeno jedanaest ljudi. Samo smo mi ostali \u017eivi.&#8221;<\/p>\n\n\n\n<p>Njezin sin i zet ostali su \u010duvati ku\u0107u i pse, a ubijeni su 12. ili 13. o\u017eujka, kada je, prvi put stigla 64. brigada. U smrtovnicama je pisalo da su upucani u glavu.<\/p>\n\n\n\n<p>Ljudi su nestajali<br>Nade\u017eda \u010ceredni\u010denko (50) molila je vojnike da joj puste sina. Dr\u017eali su ga u dvori\u0161tu ku\u0107e, a ruka mu je bila ozlije\u0111ena kada ga je posljednji put vidjela. Prona\u0161la ga je mrtvog u podrumu iste ku\u0107e tri tjedna kasnije, nakon \u0161to su se Rusi povukli.<\/p>\n\n\n\n<p>Susjedi koji su \u017eivjeli u blizini Havriljukovih jednostavno su nestali. Volodimir i Tetiana \u0160ipilo, u\u010diteljica, i njihov sin Andrij (39) \u017eivjeli su u jednom dijelu ku\u0107e, a Oleg Jarmolenko (47) \u017eivio je sam u drugom dijelu ku\u0107e. U jednoj sporednoj uli\u010dici \u017eivjeli su Lidia Sidorenko (62) i njezin suprug Sergij (65). Njihova k\u0107i Tetiana Naumova rekla je da je s njima razgovarala telefonom ujutro 22. o\u017eujka.<\/p>\n\n\n\n<p>&#8220;Majka je plakala cijelo vrijeme&#8221;, rekla je Naumova. &#8220;Obi\u010dno je bila optimist, ali mislim da je imala lo\u0161 predosje\u0107aj.&#8221; Vratila se pro\u0161log mjeseca u ku\u0107u sa suprugom Vitalijem i sinom Antonom nakon \u0161to su se ruske trupe povukle iz Kijeva. Njezinih roditelja nigdje nije bilo, ali su prona\u0161li zlokobne tragove &#8211; o\u010dev \u0161e\u0161ir s rupama od metaka, tri lokve krvi i komadi\u0107 maj\u010dinog tjemena i kose.<\/p>\n\n\n\n<p>Tako\u0111er nije bilo ni traga od \u0160ipilovih ni od Jarmolenka, osim tragova krvi gdje su tijela bila vu\u010dena po podu njihove ku\u0107e. Na kraju su francuski forenzi\u010dari rije\u0161ili misterij. Pregledali su \u0161est karboniziranih tijela prona\u0111enih na praznoj parceli uz ulicu i potvrdili da se radi o nestalim civilima. Nekoliko je zadobilo rane od metaka, ali trojici su odsje\u010deni udovi, uklju\u010duju\u0107i majku Tetiane Naumove, rekli su istra\u017eitelji obitelji.<\/p>\n\n\n\n<p>&#8220;Mu\u010dili su ih i spalili kako bi prikrili tragove &#8211; rekla je Havriljuk.<\/p>\n\n\n\n<p>Izvor:jutarnji.hr<\/p>\n","protected":false},"excerpt":{"rendered":"<p>Kada su vojnici ruske 64. motorizirane brigade sredinom o\u017eujka stigli u Bu\u010du donijeli su sasvim novu razinu terora i smrti u grad &#8211; pi\u0161e New York Times. Navode kako je tijekom sljede\u0107ih 18 dana, u samo jednom dijelu ovog predgra\u0111a Kijeva, gdje je brigada preuzela kontrolu, ubijeno 12 ljudi, uklju\u010duju\u0107i sve stanovnike \u0161est ku\u0107a u [&hellip;]<\/p>\n","protected":false},"author":2,"featured_media":143751,"comment_status":"closed","ping_status":"closed","sticky":false,"template":"","format":"standard","meta":{"h5ap_radio_sources":[],"footnotes":""},"categories":[1],"tags":[],"class_list":["post-143750","post","type-post","status-publish","format-standard","has-post-thumbnail","hentry","category-bihiregija"],"yoast_head":"<!-- This site is optimized with the Yoast SEO plugin v27.5 - https:\/\/yoast.com\/product\/yoast-seo-wordpress\/ -->\n<title>Otkriven identitet krvnika iz Bu\u010de: Izgubljeni mobitel odao zloglasnu 64. brigadu - RADIO LJUBU\u0160KI<\/title>\n<meta name=\"robots\" content=\"index, follow, max-snippet:-1, max-image-preview:large, max-video-preview:-1\" \/>\n<link rel=\"canonical\" href=\"https:\/\/radioljubuski.ba\/index.php\/2022\/05\/24\/otkriven-identitet-krvnika-iz-buce-izgubljeni-mobitel-odao-zloglasnu-64-brigadu\/\" \/>\n<meta property=\"og:locale\" content=\"hr_HR\" \/>\n<meta property=\"og:type\" content=\"article\" \/>\n<meta property=\"og:title\" content=\"Otkriven identitet krvnika iz Bu\u010de: Izgubljeni mobitel odao zloglasnu 64. brigadu - RADIO LJUBU\u0160KI\" \/>\n<meta property=\"og:description\" content=\"Kada su vojnici ruske 64. motorizirane brigade sredinom o\u017eujka stigli u Bu\u010du donijeli su sasvim novu razinu terora i smrti u grad &#8211; pi\u0161e New York Times. Navode kako je tijekom sljede\u0107ih 18 dana, u samo jednom dijelu ovog predgra\u0111a Kijeva, gdje je brigada preuzela kontrolu, ubijeno 12 ljudi, uklju\u010duju\u0107i sve stanovnike \u0161est ku\u0107a u [&hellip;]\" \/>\n<meta property=\"og:url\" content=\"https:\/\/radioljubuski.ba\/index.php\/2022\/05\/24\/otkriven-identitet-krvnika-iz-buce-izgubljeni-mobitel-odao-zloglasnu-64-brigadu\/\" \/>\n<meta property=\"og:site_name\" content=\"RADIO LJUBU\u0160KI\" \/>\n<meta property=\"article:publisher\" content=\"https:\/\/www.facebook.com\/Radiio-Ljubuski-1490835324566332\" \/>\n<meta property=\"article:published_time\" content=\"2022-05-24T13:29:30+00:00\" \/>\n<meta property=\"article:modified_time\" content=\"2022-05-24T13:29:32+00:00\" \/>\n<meta property=\"og:image\" content=\"https:\/\/radioljubuski.ba\/wp-content\/uploads\/2022\/05\/44-3.png\" \/>\n\t<meta property=\"og:image:width\" content=\"832\" \/>\n\t<meta property=\"og:image:height\" content=\"524\" \/>\n\t<meta property=\"og:image:type\" content=\"image\/png\" \/>\n<meta name=\"author\" content=\"Radio Ljubu\u0161ki\" \/>\n<meta name=\"twitter:card\" content=\"summary_large_image\" \/>\n<meta name=\"twitter:creator\" content=\"@radioljubuski\" \/>\n<meta name=\"twitter:site\" content=\"@radioljubuski\" \/>\n<meta name=\"twitter:label1\" content=\"Napisao\/la\" \/>\n\t<meta name=\"twitter:data1\" content=\"Radio Ljubu\u0161ki\" \/>\n\t<meta name=\"twitter:label2\" content=\"Procijenjeno vrijeme \u010ditanja\" \/>\n\t<meta name=\"twitter:data2\" content=\"6 minuta\" \/>\n<script type=\"application\/ld+json\" class=\"yoast-schema-graph\">{\"@context\":\"https:\\\/\\\/schema.org\",\"@graph\":[{\"@type\":\"Article\",\"@id\":\"https:\\\/\\\/radioljubuski.ba\\\/index.php\\\/2022\\\/05\\\/24\\\/otkriven-identitet-krvnika-iz-buce-izgubljeni-mobitel-odao-zloglasnu-64-brigadu\\\/#article\",\"isPartOf\":{\"@id\":\"https:\\\/\\\/radioljubuski.ba\\\/index.php\\\/2022\\\/05\\\/24\\\/otkriven-identitet-krvnika-iz-buce-izgubljeni-mobitel-odao-zloglasnu-64-brigadu\\\/\"},\"author\":{\"name\":\"Radio Ljubu\u0161ki\",\"@id\":\"https:\\\/\\\/radioljubuski.ba\\\/#\\\/schema\\\/person\\\/19fc700381a780f69665d7956c469e3b\"},\"headline\":\"Otkriven identitet krvnika iz Bu\u010de: Izgubljeni mobitel odao zloglasnu 64. brigadu\",\"datePublished\":\"2022-05-24T13:29:30+00:00\",\"dateModified\":\"2022-05-24T13:29:32+00:00\",\"mainEntityOfPage\":{\"@id\":\"https:\\\/\\\/radioljubuski.ba\\\/index.php\\\/2022\\\/05\\\/24\\\/otkriven-identitet-krvnika-iz-buce-izgubljeni-mobitel-odao-zloglasnu-64-brigadu\\\/\"},\"wordCount\":1320,\"publisher\":{\"@id\":\"https:\\\/\\\/radioljubuski.ba\\\/#organization\"},\"image\":{\"@id\":\"https:\\\/\\\/radioljubuski.ba\\\/index.php\\\/2022\\\/05\\\/24\\\/otkriven-identitet-krvnika-iz-buce-izgubljeni-mobitel-odao-zloglasnu-64-brigadu\\\/#primaryimage\"},\"thumbnailUrl\":\"https:\\\/\\\/radioljubuski.ba\\\/wp-content\\\/uploads\\\/2022\\\/05\\\/44-3.png\",\"articleSection\":[\"BIH i regija\"],\"inLanguage\":\"hr\"},{\"@type\":\"WebPage\",\"@id\":\"https:\\\/\\\/radioljubuski.ba\\\/index.php\\\/2022\\\/05\\\/24\\\/otkriven-identitet-krvnika-iz-buce-izgubljeni-mobitel-odao-zloglasnu-64-brigadu\\\/\",\"url\":\"https:\\\/\\\/radioljubuski.ba\\\/index.php\\\/2022\\\/05\\\/24\\\/otkriven-identitet-krvnika-iz-buce-izgubljeni-mobitel-odao-zloglasnu-64-brigadu\\\/\",\"name\":\"Otkriven identitet krvnika iz Bu\u010de: Izgubljeni mobitel odao zloglasnu 64. brigadu - RADIO LJUBU\u0160KI\",\"isPartOf\":{\"@id\":\"https:\\\/\\\/radioljubuski.ba\\\/#website\"},\"primaryImageOfPage\":{\"@id\":\"https:\\\/\\\/radioljubuski.ba\\\/index.php\\\/2022\\\/05\\\/24\\\/otkriven-identitet-krvnika-iz-buce-izgubljeni-mobitel-odao-zloglasnu-64-brigadu\\\/#primaryimage\"},\"image\":{\"@id\":\"https:\\\/\\\/radioljubuski.ba\\\/index.php\\\/2022\\\/05\\\/24\\\/otkriven-identitet-krvnika-iz-buce-izgubljeni-mobitel-odao-zloglasnu-64-brigadu\\\/#primaryimage\"},\"thumbnailUrl\":\"https:\\\/\\\/radioljubuski.ba\\\/wp-content\\\/uploads\\\/2022\\\/05\\\/44-3.png\",\"datePublished\":\"2022-05-24T13:29:30+00:00\",\"dateModified\":\"2022-05-24T13:29:32+00:00\",\"breadcrumb\":{\"@id\":\"https:\\\/\\\/radioljubuski.ba\\\/index.php\\\/2022\\\/05\\\/24\\\/otkriven-identitet-krvnika-iz-buce-izgubljeni-mobitel-odao-zloglasnu-64-brigadu\\\/#breadcrumb\"},\"inLanguage\":\"hr\",\"potentialAction\":[{\"@type\":\"ReadAction\",\"target\":[\"https:\\\/\\\/radioljubuski.ba\\\/index.php\\\/2022\\\/05\\\/24\\\/otkriven-identitet-krvnika-iz-buce-izgubljeni-mobitel-odao-zloglasnu-64-brigadu\\\/\"]}]},{\"@type\":\"ImageObject\",\"inLanguage\":\"hr\",\"@id\":\"https:\\\/\\\/radioljubuski.ba\\\/index.php\\\/2022\\\/05\\\/24\\\/otkriven-identitet-krvnika-iz-buce-izgubljeni-mobitel-odao-zloglasnu-64-brigadu\\\/#primaryimage\",\"url\":\"https:\\\/\\\/radioljubuski.ba\\\/wp-content\\\/uploads\\\/2022\\\/05\\\/44-3.png\",\"contentUrl\":\"https:\\\/\\\/radioljubuski.ba\\\/wp-content\\\/uploads\\\/2022\\\/05\\\/44-3.png\",\"width\":832,\"height\":524},{\"@type\":\"BreadcrumbList\",\"@id\":\"https:\\\/\\\/radioljubuski.ba\\\/index.php\\\/2022\\\/05\\\/24\\\/otkriven-identitet-krvnika-iz-buce-izgubljeni-mobitel-odao-zloglasnu-64-brigadu\\\/#breadcrumb\",\"itemListElement\":[{\"@type\":\"ListItem\",\"position\":1,\"name\":\"Po\u010detna stranica\",\"item\":\"https:\\\/\\\/radioljubuski.ba\\\/\"},{\"@type\":\"ListItem\",\"position\":2,\"name\":\"Otkriven identitet krvnika iz Bu\u010de: Izgubljeni mobitel odao zloglasnu 64. brigadu\"}]},{\"@type\":\"WebSite\",\"@id\":\"https:\\\/\\\/radioljubuski.ba\\\/#website\",\"url\":\"https:\\\/\\\/radioljubuski.ba\\\/\",\"name\":\"Radio Ljubu\u0161ki\",\"description\":\"Sun\u010dana frekvencija Hercegovine\",\"publisher\":{\"@id\":\"https:\\\/\\\/radioljubuski.ba\\\/#organization\"},\"potentialAction\":[{\"@type\":\"SearchAction\",\"target\":{\"@type\":\"EntryPoint\",\"urlTemplate\":\"https:\\\/\\\/radioljubuski.ba\\\/?s={search_term_string}\"},\"query-input\":{\"@type\":\"PropertyValueSpecification\",\"valueRequired\":true,\"valueName\":\"search_term_string\"}}],\"inLanguage\":\"hr\"},{\"@type\":\"Organization\",\"@id\":\"https:\\\/\\\/radioljubuski.ba\\\/#organization\",\"name\":\"Radio Ljubu\u0161ki\",\"url\":\"https:\\\/\\\/radioljubuski.ba\\\/\",\"logo\":{\"@type\":\"ImageObject\",\"inLanguage\":\"hr\",\"@id\":\"https:\\\/\\\/radioljubuski.ba\\\/#\\\/schema\\\/logo\\\/image\\\/\",\"url\":\"https:\\\/\\\/radioljubuski.ba\\\/wp-content\\\/uploads\\\/2021\\\/02\\\/cropped-Radio_Ljubuski_logo1.jpg\",\"contentUrl\":\"https:\\\/\\\/radioljubuski.ba\\\/wp-content\\\/uploads\\\/2021\\\/02\\\/cropped-Radio_Ljubuski_logo1.jpg\",\"width\":512,\"height\":512,\"caption\":\"Radio Ljubu\u0161ki\"},\"image\":{\"@id\":\"https:\\\/\\\/radioljubuski.ba\\\/#\\\/schema\\\/logo\\\/image\\\/\"},\"sameAs\":[\"https:\\\/\\\/www.facebook.com\\\/Radiio-Ljubuski-1490835324566332\",\"https:\\\/\\\/x.com\\\/radioljubuski\",\"https:\\\/\\\/hr.linkedin.com\\\/company\\\/radio-ljubuski\",\"https:\\\/\\\/www.youtube.com\\\/channel\\\/UCHYaeO_n0Db3tjNGudGpXyw\"]},{\"@type\":\"Person\",\"@id\":\"https:\\\/\\\/radioljubuski.ba\\\/#\\\/schema\\\/person\\\/19fc700381a780f69665d7956c469e3b\",\"name\":\"Radio Ljubu\u0161ki\"}]}<\/script>\n<!-- \/ Yoast SEO plugin. -->","yoast_head_json":{"title":"Otkriven identitet krvnika iz Bu\u010de: Izgubljeni mobitel odao zloglasnu 64. brigadu - RADIO LJUBU\u0160KI","robots":{"index":"index","follow":"follow","max-snippet":"max-snippet:-1","max-image-preview":"max-image-preview:large","max-video-preview":"max-video-preview:-1"},"canonical":"https:\/\/radioljubuski.ba\/index.php\/2022\/05\/24\/otkriven-identitet-krvnika-iz-buce-izgubljeni-mobitel-odao-zloglasnu-64-brigadu\/","og_locale":"hr_HR","og_type":"article","og_title":"Otkriven identitet krvnika iz Bu\u010de: Izgubljeni mobitel odao zloglasnu 64. brigadu - RADIO LJUBU\u0160KI","og_description":"Kada su vojnici ruske 64. motorizirane brigade sredinom o\u017eujka stigli u Bu\u010du donijeli su sasvim novu razinu terora i smrti u grad &#8211; pi\u0161e New York Times. Navode kako je tijekom sljede\u0107ih 18 dana, u samo jednom dijelu ovog predgra\u0111a Kijeva, gdje je brigada preuzela kontrolu, ubijeno 12 ljudi, uklju\u010duju\u0107i sve stanovnike \u0161est ku\u0107a u [&hellip;]","og_url":"https:\/\/radioljubuski.ba\/index.php\/2022\/05\/24\/otkriven-identitet-krvnika-iz-buce-izgubljeni-mobitel-odao-zloglasnu-64-brigadu\/","og_site_name":"RADIO LJUBU\u0160KI","article_publisher":"https:\/\/www.facebook.com\/Radiio-Ljubuski-1490835324566332","article_published_time":"2022-05-24T13:29:30+00:00","article_modified_time":"2022-05-24T13:29:32+00:00","og_image":[{"width":832,"height":524,"url":"https:\/\/radioljubuski.ba\/wp-content\/uploads\/2022\/05\/44-3.png","type":"image\/png"}],"author":"Radio Ljubu\u0161ki","twitter_card":"summary_large_image","twitter_creator":"@radioljubuski","twitter_site":"@radioljubuski","twitter_misc":{"Napisao\/la":"Radio Ljubu\u0161ki","Procijenjeno vrijeme \u010ditanja":"6 minuta"},"schema":{"@context":"https:\/\/schema.org","@graph":[{"@type":"Article","@id":"https:\/\/radioljubuski.ba\/index.php\/2022\/05\/24\/otkriven-identitet-krvnika-iz-buce-izgubljeni-mobitel-odao-zloglasnu-64-brigadu\/#article","isPartOf":{"@id":"https:\/\/radioljubuski.ba\/index.php\/2022\/05\/24\/otkriven-identitet-krvnika-iz-buce-izgubljeni-mobitel-odao-zloglasnu-64-brigadu\/"},"author":{"name":"Radio Ljubu\u0161ki","@id":"https:\/\/radioljubuski.ba\/#\/schema\/person\/19fc700381a780f69665d7956c469e3b"},"headline":"Otkriven identitet krvnika iz Bu\u010de: Izgubljeni mobitel odao zloglasnu 64. brigadu","datePublished":"2022-05-24T13:29:30+00:00","dateModified":"2022-05-24T13:29:32+00:00","mainEntityOfPage":{"@id":"https:\/\/radioljubuski.ba\/index.php\/2022\/05\/24\/otkriven-identitet-krvnika-iz-buce-izgubljeni-mobitel-odao-zloglasnu-64-brigadu\/"},"wordCount":1320,"publisher":{"@id":"https:\/\/radioljubuski.ba\/#organization"},"image":{"@id":"https:\/\/radioljubuski.ba\/index.php\/2022\/05\/24\/otkriven-identitet-krvnika-iz-buce-izgubljeni-mobitel-odao-zloglasnu-64-brigadu\/#primaryimage"},"thumbnailUrl":"https:\/\/radioljubuski.ba\/wp-content\/uploads\/2022\/05\/44-3.png","articleSection":["BIH i regija"],"inLanguage":"hr"},{"@type":"WebPage","@id":"https:\/\/radioljubuski.ba\/index.php\/2022\/05\/24\/otkriven-identitet-krvnika-iz-buce-izgubljeni-mobitel-odao-zloglasnu-64-brigadu\/","url":"https:\/\/radioljubuski.ba\/index.php\/2022\/05\/24\/otkriven-identitet-krvnika-iz-buce-izgubljeni-mobitel-odao-zloglasnu-64-brigadu\/","name":"Otkriven identitet krvnika iz Bu\u010de: Izgubljeni mobitel odao zloglasnu 64. brigadu - RADIO LJUBU\u0160KI","isPartOf":{"@id":"https:\/\/radioljubuski.ba\/#website"},"primaryImageOfPage":{"@id":"https:\/\/radioljubuski.ba\/index.php\/2022\/05\/24\/otkriven-identitet-krvnika-iz-buce-izgubljeni-mobitel-odao-zloglasnu-64-brigadu\/#primaryimage"},"image":{"@id":"https:\/\/radioljubuski.ba\/index.php\/2022\/05\/24\/otkriven-identitet-krvnika-iz-buce-izgubljeni-mobitel-odao-zloglasnu-64-brigadu\/#primaryimage"},"thumbnailUrl":"https:\/\/radioljubuski.ba\/wp-content\/uploads\/2022\/05\/44-3.png","datePublished":"2022-05-24T13:29:30+00:00","dateModified":"2022-05-24T13:29:32+00:00","breadcrumb":{"@id":"https:\/\/radioljubuski.ba\/index.php\/2022\/05\/24\/otkriven-identitet-krvnika-iz-buce-izgubljeni-mobitel-odao-zloglasnu-64-brigadu\/#breadcrumb"},"inLanguage":"hr","potentialAction":[{"@type":"ReadAction","target":["https:\/\/radioljubuski.ba\/index.php\/2022\/05\/24\/otkriven-identitet-krvnika-iz-buce-izgubljeni-mobitel-odao-zloglasnu-64-brigadu\/"]}]},{"@type":"ImageObject","inLanguage":"hr","@id":"https:\/\/radioljubuski.ba\/index.php\/2022\/05\/24\/otkriven-identitet-krvnika-iz-buce-izgubljeni-mobitel-odao-zloglasnu-64-brigadu\/#primaryimage","url":"https:\/\/radioljubuski.ba\/wp-content\/uploads\/2022\/05\/44-3.png","contentUrl":"https:\/\/radioljubuski.ba\/wp-content\/uploads\/2022\/05\/44-3.png","width":832,"height":524},{"@type":"BreadcrumbList","@id":"https:\/\/radioljubuski.ba\/index.php\/2022\/05\/24\/otkriven-identitet-krvnika-iz-buce-izgubljeni-mobitel-odao-zloglasnu-64-brigadu\/#breadcrumb","itemListElement":[{"@type":"ListItem","position":1,"name":"Po\u010detna stranica","item":"https:\/\/radioljubuski.ba\/"},{"@type":"ListItem","position":2,"name":"Otkriven identitet krvnika iz Bu\u010de: Izgubljeni mobitel odao zloglasnu 64. brigadu"}]},{"@type":"WebSite","@id":"https:\/\/radioljubuski.ba\/#website","url":"https:\/\/radioljubuski.ba\/","name":"Radio Ljubu\u0161ki","description":"Sun\u010dana frekvencija Hercegovine","publisher":{"@id":"https:\/\/radioljubuski.ba\/#organization"},"potentialAction":[{"@type":"SearchAction","target":{"@type":"EntryPoint","urlTemplate":"https:\/\/radioljubuski.ba\/?s={search_term_string}"},"query-input":{"@type":"PropertyValueSpecification","valueRequired":true,"valueName":"search_term_string"}}],"inLanguage":"hr"},{"@type":"Organization","@id":"https:\/\/radioljubuski.ba\/#organization","name":"Radio Ljubu\u0161ki","url":"https:\/\/radioljubuski.ba\/","logo":{"@type":"ImageObject","inLanguage":"hr","@id":"https:\/\/radioljubuski.ba\/#\/schema\/logo\/image\/","url":"https:\/\/radioljubuski.ba\/wp-content\/uploads\/2021\/02\/cropped-Radio_Ljubuski_logo1.jpg","contentUrl":"https:\/\/radioljubuski.ba\/wp-content\/uploads\/2021\/02\/cropped-Radio_Ljubuski_logo1.jpg","width":512,"height":512,"caption":"Radio Ljubu\u0161ki"},"image":{"@id":"https:\/\/radioljubuski.ba\/#\/schema\/logo\/image\/"},"sameAs":["https:\/\/www.facebook.com\/Radiio-Ljubuski-1490835324566332","https:\/\/x.com\/radioljubuski","https:\/\/hr.linkedin.com\/company\/radio-ljubuski","https:\/\/www.youtube.com\/channel\/UCHYaeO_n0Db3tjNGudGpXyw"]},{"@type":"Person","@id":"https:\/\/radioljubuski.ba\/#\/schema\/person\/19fc700381a780f69665d7956c469e3b","name":"Radio Ljubu\u0161ki"}]}},"_links":{"self":[{"href":"https:\/\/radioljubuski.ba\/index.php\/wp-json\/wp\/v2\/posts\/143750","targetHints":{"allow":["GET"]}}],"collection":[{"href":"https:\/\/radioljubuski.ba\/index.php\/wp-json\/wp\/v2\/posts"}],"about":[{"href":"https:\/\/radioljubuski.ba\/index.php\/wp-json\/wp\/v2\/types\/post"}],"author":[{"embeddable":true,"href":"https:\/\/radioljubuski.ba\/index.php\/wp-json\/wp\/v2\/users\/2"}],"replies":[{"embeddable":true,"href":"https:\/\/radioljubuski.ba\/index.php\/wp-json\/wp\/v2\/comments?post=143750"}],"version-history":[{"count":1,"href":"https:\/\/radioljubuski.ba\/index.php\/wp-json\/wp\/v2\/posts\/143750\/revisions"}],"predecessor-version":[{"id":143752,"href":"https:\/\/radioljubuski.ba\/index.php\/wp-json\/wp\/v2\/posts\/143750\/revisions\/143752"}],"wp:featuredmedia":[{"embeddable":true,"href":"https:\/\/radioljubuski.ba\/index.php\/wp-json\/wp\/v2\/media\/143751"}],"wp:attachment":[{"href":"https:\/\/radioljubuski.ba\/index.php\/wp-json\/wp\/v2\/media?parent=143750"}],"wp:term":[{"taxonomy":"category","embeddable":true,"href":"https:\/\/radioljubuski.ba\/index.php\/wp-json\/wp\/v2\/categories?post=143750"},{"taxonomy":"post_tag","embeddable":true,"href":"https:\/\/radioljubuski.ba\/index.php\/wp-json\/wp\/v2\/tags?post=143750"}],"curies":[{"name":"wp","href":"https:\/\/api.w.org\/{rel}","templated":true}]}}