{"id":143756,"date":"2022-05-24T14:32:16","date_gmt":"2022-05-24T13:32:16","guid":{"rendered":"https:\/\/radioljubuski.ba\/?p=143756"},"modified":"2022-05-24T14:32:18","modified_gmt":"2022-05-24T13:32:18","slug":"nenad-peris-sahranio-sam-svog-sina-hvala-splitu-i-beogradu-za-zelje-da-moj-matej-pronade-mir","status":"publish","type":"post","link":"https:\/\/radioljubuski.ba\/index.php\/2022\/05\/24\/nenad-peris-sahranio-sam-svog-sina-hvala-splitu-i-beogradu-za-zelje-da-moj-matej-pronade-mir\/","title":{"rendered":"Nenad Peri\u0161: Sahranio sam svog sina, hvala Splitu i Beogradu za \u017eelje da moj Matej prona\u0111e mir"},"content":{"rendered":"\n<p>Matej Peri\u0161 (28) pokopan je ju\u010der na splitskom Lovrincu u krugu obitelji i najbli\u017eih prijatelja. Njegov otac Nenad Peri\u0161 za Telegraf.rs ispri\u010dao je o najte\u017eim danima u \u017eivotu.<\/p>\n\n\n\n<p>&#8211; Ju\u010der sam sahranio svog sina. Bog mi je dao da ga na\u0111em i da ga sahranim. Njegovo srce prestalo je kucati&#8230;Rana mi je sve ve\u0107a i ve\u0107a, kao i tuga&#8230;Srest \u0107emo se on i ja &#8230;- po\u010dinje svoju ispovijest Peri\u0161.<\/p>\n\n\n\n<p>&#8211; Ru\u017eno je \u0161to \u0107u to re\u0107i, ali sretan sam \u0161to sam ga na\u0161ao i vratio u Split me\u0111u obitelj i prijatelje. Moj Matej je kod ljudi probudio ljubav. Mogu re\u0107i samo: &#8220;Hvala&#8221;. U tu rije\u010d staje svaka moja suza za sinom, svaka slika iz Beograda, ljudi koje sam upoznao&#8230;Hvala za molitve i \u017eelje da moj Matej na\u0111e nebeski mir. Hvala Beogra\u0111anima koji su se sino\u0107 oprostili od mog sina- ka\u017ee Peri\u0161.<\/p>\n\n\n\n<p>&#8211; &nbsp;Bio sam na brodu sa ljudima koji su poznavali mog sina. Govorili su mi o njegovim planovima i o tome koliko je volio \u017eivot. Satima sam pri\u010dao s njima. Ne znam kako objasniti osje\u0107aje&#8230;More spaja ljude. Tako je i moj Matej upoznao mnogo ljudi upravo na brodu &#8211; pri\u010da Peri\u0161.<\/p>\n\n\n\n<p>Otac nastradalog mladi\u0107a ka\u017ee da \u0107e se potruditi da dok je \u017eiv ispuni svaku \u017eelju svog sina koju je imao.<\/p>\n\n\n\n<p>&#8211; \u017delim da bude ponosan na mene. \u010cesto mi je govorio:&#8221;Bravo, tata&#8221;. Jedna moja ruka je za Mateja, druga za moje dvije k\u0107eri. Zbog svih njih moram biti jak &#8211; ispri\u010dao je Peri\u0161.<\/p>\n\n\n\n<p>Izvor.24sata.hr<\/p>\n","protected":false},"excerpt":{"rendered":"<p>Matej Peri\u0161 (28) pokopan je ju\u010der na splitskom Lovrincu u krugu obitelji i najbli\u017eih prijatelja. Njegov otac Nenad Peri\u0161 za Telegraf.rs ispri\u010dao je o najte\u017eim danima u \u017eivotu. &#8211; Ju\u010der sam sahranio svog sina. Bog mi je dao da ga na\u0111em i da ga sahranim. Njegovo srce prestalo je kucati&#8230;Rana mi je sve ve\u0107a i [&hellip;]<\/p>\n","protected":false},"author":2,"featured_media":143757,"comment_status":"closed","ping_status":"closed","sticky":false,"template":"","format":"standard","meta":{"h5ap_radio_sources":[],"footnotes":""},"categories":[1],"tags":[],"class_list":["post-143756","post","type-post","status-publish","format-standard","has-post-thumbnail","hentry","category-bihiregija"],"yoast_head":"<!-- This site is optimized with the Yoast SEO plugin v27.5 - https:\/\/yoast.com\/product\/yoast-seo-wordpress\/ -->\n<title>Nenad Peri\u0161: Sahranio sam svog sina, hvala Splitu i Beogradu za \u017eelje da moj Matej prona\u0111e mir - RADIO LJUBU\u0160KI<\/title>\n<meta name=\"robots\" content=\"index, follow, max-snippet:-1, max-image-preview:large, max-video-preview:-1\" \/>\n<link rel=\"canonical\" href=\"https:\/\/radioljubuski.ba\/index.php\/2022\/05\/24\/nenad-peris-sahranio-sam-svog-sina-hvala-splitu-i-beogradu-za-zelje-da-moj-matej-pronade-mir\/\" \/>\n<meta property=\"og:locale\" content=\"hr_HR\" \/>\n<meta property=\"og:type\" content=\"article\" \/>\n<meta property=\"og:title\" content=\"Nenad Peri\u0161: Sahranio sam svog sina, hvala Splitu i Beogradu za \u017eelje da moj Matej prona\u0111e mir - RADIO LJUBU\u0160KI\" \/>\n<meta property=\"og:description\" content=\"Matej Peri\u0161 (28) pokopan je ju\u010der na splitskom Lovrincu u krugu obitelji i najbli\u017eih prijatelja. Njegov otac Nenad Peri\u0161 za Telegraf.rs ispri\u010dao je o najte\u017eim danima u \u017eivotu. &#8211; Ju\u010der sam sahranio svog sina. Bog mi je dao da ga na\u0111em i da ga sahranim. Njegovo srce prestalo je kucati&#8230;Rana mi je sve ve\u0107a i [&hellip;]\" \/>\n<meta property=\"og:url\" content=\"https:\/\/radioljubuski.ba\/index.php\/2022\/05\/24\/nenad-peris-sahranio-sam-svog-sina-hvala-splitu-i-beogradu-za-zelje-da-moj-matej-pronade-mir\/\" \/>\n<meta property=\"og:site_name\" content=\"RADIO LJUBU\u0160KI\" \/>\n<meta property=\"article:publisher\" content=\"https:\/\/www.facebook.com\/Radiio-Ljubuski-1490835324566332\" \/>\n<meta property=\"article:published_time\" content=\"2022-05-24T13:32:16+00:00\" \/>\n<meta property=\"article:modified_time\" content=\"2022-05-24T13:32:18+00:00\" \/>\n<meta property=\"og:image\" content=\"https:\/\/radioljubuski.ba\/wp-content\/uploads\/2022\/05\/33-1.png\" \/>\n\t<meta property=\"og:image:width\" content=\"835\" \/>\n\t<meta property=\"og:image:height\" content=\"520\" \/>\n\t<meta property=\"og:image:type\" content=\"image\/png\" \/>\n<meta name=\"author\" content=\"Radio Ljubu\u0161ki\" \/>\n<meta name=\"twitter:card\" content=\"summary_large_image\" \/>\n<meta name=\"twitter:creator\" content=\"@radioljubuski\" \/>\n<meta name=\"twitter:site\" content=\"@radioljubuski\" \/>\n<meta name=\"twitter:label1\" content=\"Napisao\/la\" \/>\n\t<meta name=\"twitter:data1\" content=\"Radio Ljubu\u0161ki\" \/>\n\t<meta name=\"twitter:label2\" content=\"Procijenjeno vrijeme \u010ditanja\" \/>\n\t<meta name=\"twitter:data2\" content=\"2 minute\" \/>\n<script type=\"application\/ld+json\" class=\"yoast-schema-graph\">{\"@context\":\"https:\\\/\\\/schema.org\",\"@graph\":[{\"@type\":\"Article\",\"@id\":\"https:\\\/\\\/radioljubuski.ba\\\/index.php\\\/2022\\\/05\\\/24\\\/nenad-peris-sahranio-sam-svog-sina-hvala-splitu-i-beogradu-za-zelje-da-moj-matej-pronade-mir\\\/#article\",\"isPartOf\":{\"@id\":\"https:\\\/\\\/radioljubuski.ba\\\/index.php\\\/2022\\\/05\\\/24\\\/nenad-peris-sahranio-sam-svog-sina-hvala-splitu-i-beogradu-za-zelje-da-moj-matej-pronade-mir\\\/\"},\"author\":{\"name\":\"Radio Ljubu\u0161ki\",\"@id\":\"https:\\\/\\\/radioljubuski.ba\\\/#\\\/schema\\\/person\\\/19fc700381a780f69665d7956c469e3b\"},\"headline\":\"Nenad Peri\u0161: Sahranio sam svog sina, hvala Splitu i Beogradu za \u017eelje da moj Matej prona\u0111e mir\",\"datePublished\":\"2022-05-24T13:32:16+00:00\",\"dateModified\":\"2022-05-24T13:32:18+00:00\",\"mainEntityOfPage\":{\"@id\":\"https:\\\/\\\/radioljubuski.ba\\\/index.php\\\/2022\\\/05\\\/24\\\/nenad-peris-sahranio-sam-svog-sina-hvala-splitu-i-beogradu-za-zelje-da-moj-matej-pronade-mir\\\/\"},\"wordCount\":296,\"publisher\":{\"@id\":\"https:\\\/\\\/radioljubuski.ba\\\/#organization\"},\"image\":{\"@id\":\"https:\\\/\\\/radioljubuski.ba\\\/index.php\\\/2022\\\/05\\\/24\\\/nenad-peris-sahranio-sam-svog-sina-hvala-splitu-i-beogradu-za-zelje-da-moj-matej-pronade-mir\\\/#primaryimage\"},\"thumbnailUrl\":\"https:\\\/\\\/radioljubuski.ba\\\/wp-content\\\/uploads\\\/2022\\\/05\\\/33-1.png\",\"articleSection\":[\"BIH i regija\"],\"inLanguage\":\"hr\"},{\"@type\":\"WebPage\",\"@id\":\"https:\\\/\\\/radioljubuski.ba\\\/index.php\\\/2022\\\/05\\\/24\\\/nenad-peris-sahranio-sam-svog-sina-hvala-splitu-i-beogradu-za-zelje-da-moj-matej-pronade-mir\\\/\",\"url\":\"https:\\\/\\\/radioljubuski.ba\\\/index.php\\\/2022\\\/05\\\/24\\\/nenad-peris-sahranio-sam-svog-sina-hvala-splitu-i-beogradu-za-zelje-da-moj-matej-pronade-mir\\\/\",\"name\":\"Nenad Peri\u0161: Sahranio sam svog sina, hvala Splitu i Beogradu za \u017eelje da moj Matej prona\u0111e mir - RADIO LJUBU\u0160KI\",\"isPartOf\":{\"@id\":\"https:\\\/\\\/radioljubuski.ba\\\/#website\"},\"primaryImageOfPage\":{\"@id\":\"https:\\\/\\\/radioljubuski.ba\\\/index.php\\\/2022\\\/05\\\/24\\\/nenad-peris-sahranio-sam-svog-sina-hvala-splitu-i-beogradu-za-zelje-da-moj-matej-pronade-mir\\\/#primaryimage\"},\"image\":{\"@id\":\"https:\\\/\\\/radioljubuski.ba\\\/index.php\\\/2022\\\/05\\\/24\\\/nenad-peris-sahranio-sam-svog-sina-hvala-splitu-i-beogradu-za-zelje-da-moj-matej-pronade-mir\\\/#primaryimage\"},\"thumbnailUrl\":\"https:\\\/\\\/radioljubuski.ba\\\/wp-content\\\/uploads\\\/2022\\\/05\\\/33-1.png\",\"datePublished\":\"2022-05-24T13:32:16+00:00\",\"dateModified\":\"2022-05-24T13:32:18+00:00\",\"breadcrumb\":{\"@id\":\"https:\\\/\\\/radioljubuski.ba\\\/index.php\\\/2022\\\/05\\\/24\\\/nenad-peris-sahranio-sam-svog-sina-hvala-splitu-i-beogradu-za-zelje-da-moj-matej-pronade-mir\\\/#breadcrumb\"},\"inLanguage\":\"hr\",\"potentialAction\":[{\"@type\":\"ReadAction\",\"target\":[\"https:\\\/\\\/radioljubuski.ba\\\/index.php\\\/2022\\\/05\\\/24\\\/nenad-peris-sahranio-sam-svog-sina-hvala-splitu-i-beogradu-za-zelje-da-moj-matej-pronade-mir\\\/\"]}]},{\"@type\":\"ImageObject\",\"inLanguage\":\"hr\",\"@id\":\"https:\\\/\\\/radioljubuski.ba\\\/index.php\\\/2022\\\/05\\\/24\\\/nenad-peris-sahranio-sam-svog-sina-hvala-splitu-i-beogradu-za-zelje-da-moj-matej-pronade-mir\\\/#primaryimage\",\"url\":\"https:\\\/\\\/radioljubuski.ba\\\/wp-content\\\/uploads\\\/2022\\\/05\\\/33-1.png\",\"contentUrl\":\"https:\\\/\\\/radioljubuski.ba\\\/wp-content\\\/uploads\\\/2022\\\/05\\\/33-1.png\",\"width\":835,\"height\":520},{\"@type\":\"BreadcrumbList\",\"@id\":\"https:\\\/\\\/radioljubuski.ba\\\/index.php\\\/2022\\\/05\\\/24\\\/nenad-peris-sahranio-sam-svog-sina-hvala-splitu-i-beogradu-za-zelje-da-moj-matej-pronade-mir\\\/#breadcrumb\",\"itemListElement\":[{\"@type\":\"ListItem\",\"position\":1,\"name\":\"Po\u010detna stranica\",\"item\":\"https:\\\/\\\/radioljubuski.ba\\\/\"},{\"@type\":\"ListItem\",\"position\":2,\"name\":\"Nenad Peri\u0161: Sahranio sam svog sina, hvala Splitu i Beogradu za \u017eelje da moj Matej prona\u0111e mir\"}]},{\"@type\":\"WebSite\",\"@id\":\"https:\\\/\\\/radioljubuski.ba\\\/#website\",\"url\":\"https:\\\/\\\/radioljubuski.ba\\\/\",\"name\":\"Radio Ljubu\u0161ki\",\"description\":\"Sun\u010dana frekvencija Hercegovine\",\"publisher\":{\"@id\":\"https:\\\/\\\/radioljubuski.ba\\\/#organization\"},\"potentialAction\":[{\"@type\":\"SearchAction\",\"target\":{\"@type\":\"EntryPoint\",\"urlTemplate\":\"https:\\\/\\\/radioljubuski.ba\\\/?s={search_term_string}\"},\"query-input\":{\"@type\":\"PropertyValueSpecification\",\"valueRequired\":true,\"valueName\":\"search_term_string\"}}],\"inLanguage\":\"hr\"},{\"@type\":\"Organization\",\"@id\":\"https:\\\/\\\/radioljubuski.ba\\\/#organization\",\"name\":\"Radio Ljubu\u0161ki\",\"url\":\"https:\\\/\\\/radioljubuski.ba\\\/\",\"logo\":{\"@type\":\"ImageObject\",\"inLanguage\":\"hr\",\"@id\":\"https:\\\/\\\/radioljubuski.ba\\\/#\\\/schema\\\/logo\\\/image\\\/\",\"url\":\"https:\\\/\\\/radioljubuski.ba\\\/wp-content\\\/uploads\\\/2021\\\/02\\\/cropped-Radio_Ljubuski_logo1.jpg\",\"contentUrl\":\"https:\\\/\\\/radioljubuski.ba\\\/wp-content\\\/uploads\\\/2021\\\/02\\\/cropped-Radio_Ljubuski_logo1.jpg\",\"width\":512,\"height\":512,\"caption\":\"Radio Ljubu\u0161ki\"},\"image\":{\"@id\":\"https:\\\/\\\/radioljubuski.ba\\\/#\\\/schema\\\/logo\\\/image\\\/\"},\"sameAs\":[\"https:\\\/\\\/www.facebook.com\\\/Radiio-Ljubuski-1490835324566332\",\"https:\\\/\\\/x.com\\\/radioljubuski\",\"https:\\\/\\\/hr.linkedin.com\\\/company\\\/radio-ljubuski\",\"https:\\\/\\\/www.youtube.com\\\/channel\\\/UCHYaeO_n0Db3tjNGudGpXyw\"]},{\"@type\":\"Person\",\"@id\":\"https:\\\/\\\/radioljubuski.ba\\\/#\\\/schema\\\/person\\\/19fc700381a780f69665d7956c469e3b\",\"name\":\"Radio Ljubu\u0161ki\"}]}<\/script>\n<!-- \/ Yoast SEO plugin. -->","yoast_head_json":{"title":"Nenad Peri\u0161: Sahranio sam svog sina, hvala Splitu i Beogradu za \u017eelje da moj Matej prona\u0111e mir - RADIO LJUBU\u0160KI","robots":{"index":"index","follow":"follow","max-snippet":"max-snippet:-1","max-image-preview":"max-image-preview:large","max-video-preview":"max-video-preview:-1"},"canonical":"https:\/\/radioljubuski.ba\/index.php\/2022\/05\/24\/nenad-peris-sahranio-sam-svog-sina-hvala-splitu-i-beogradu-za-zelje-da-moj-matej-pronade-mir\/","og_locale":"hr_HR","og_type":"article","og_title":"Nenad Peri\u0161: Sahranio sam svog sina, hvala Splitu i Beogradu za \u017eelje da moj Matej prona\u0111e mir - RADIO LJUBU\u0160KI","og_description":"Matej Peri\u0161 (28) pokopan je ju\u010der na splitskom Lovrincu u krugu obitelji i najbli\u017eih prijatelja. Njegov otac Nenad Peri\u0161 za Telegraf.rs ispri\u010dao je o najte\u017eim danima u \u017eivotu. &#8211; Ju\u010der sam sahranio svog sina. Bog mi je dao da ga na\u0111em i da ga sahranim. Njegovo srce prestalo je kucati&#8230;Rana mi je sve ve\u0107a i [&hellip;]","og_url":"https:\/\/radioljubuski.ba\/index.php\/2022\/05\/24\/nenad-peris-sahranio-sam-svog-sina-hvala-splitu-i-beogradu-za-zelje-da-moj-matej-pronade-mir\/","og_site_name":"RADIO LJUBU\u0160KI","article_publisher":"https:\/\/www.facebook.com\/Radiio-Ljubuski-1490835324566332","article_published_time":"2022-05-24T13:32:16+00:00","article_modified_time":"2022-05-24T13:32:18+00:00","og_image":[{"width":835,"height":520,"url":"https:\/\/radioljubuski.ba\/wp-content\/uploads\/2022\/05\/33-1.png","type":"image\/png"}],"author":"Radio Ljubu\u0161ki","twitter_card":"summary_large_image","twitter_creator":"@radioljubuski","twitter_site":"@radioljubuski","twitter_misc":{"Napisao\/la":"Radio Ljubu\u0161ki","Procijenjeno vrijeme \u010ditanja":"2 minute"},"schema":{"@context":"https:\/\/schema.org","@graph":[{"@type":"Article","@id":"https:\/\/radioljubuski.ba\/index.php\/2022\/05\/24\/nenad-peris-sahranio-sam-svog-sina-hvala-splitu-i-beogradu-za-zelje-da-moj-matej-pronade-mir\/#article","isPartOf":{"@id":"https:\/\/radioljubuski.ba\/index.php\/2022\/05\/24\/nenad-peris-sahranio-sam-svog-sina-hvala-splitu-i-beogradu-za-zelje-da-moj-matej-pronade-mir\/"},"author":{"name":"Radio Ljubu\u0161ki","@id":"https:\/\/radioljubuski.ba\/#\/schema\/person\/19fc700381a780f69665d7956c469e3b"},"headline":"Nenad Peri\u0161: Sahranio sam svog sina, hvala Splitu i Beogradu za \u017eelje da moj Matej prona\u0111e mir","datePublished":"2022-05-24T13:32:16+00:00","dateModified":"2022-05-24T13:32:18+00:00","mainEntityOfPage":{"@id":"https:\/\/radioljubuski.ba\/index.php\/2022\/05\/24\/nenad-peris-sahranio-sam-svog-sina-hvala-splitu-i-beogradu-za-zelje-da-moj-matej-pronade-mir\/"},"wordCount":296,"publisher":{"@id":"https:\/\/radioljubuski.ba\/#organization"},"image":{"@id":"https:\/\/radioljubuski.ba\/index.php\/2022\/05\/24\/nenad-peris-sahranio-sam-svog-sina-hvala-splitu-i-beogradu-za-zelje-da-moj-matej-pronade-mir\/#primaryimage"},"thumbnailUrl":"https:\/\/radioljubuski.ba\/wp-content\/uploads\/2022\/05\/33-1.png","articleSection":["BIH i regija"],"inLanguage":"hr"},{"@type":"WebPage","@id":"https:\/\/radioljubuski.ba\/index.php\/2022\/05\/24\/nenad-peris-sahranio-sam-svog-sina-hvala-splitu-i-beogradu-za-zelje-da-moj-matej-pronade-mir\/","url":"https:\/\/radioljubuski.ba\/index.php\/2022\/05\/24\/nenad-peris-sahranio-sam-svog-sina-hvala-splitu-i-beogradu-za-zelje-da-moj-matej-pronade-mir\/","name":"Nenad Peri\u0161: Sahranio sam svog sina, hvala Splitu i Beogradu za \u017eelje da moj Matej prona\u0111e mir - RADIO LJUBU\u0160KI","isPartOf":{"@id":"https:\/\/radioljubuski.ba\/#website"},"primaryImageOfPage":{"@id":"https:\/\/radioljubuski.ba\/index.php\/2022\/05\/24\/nenad-peris-sahranio-sam-svog-sina-hvala-splitu-i-beogradu-za-zelje-da-moj-matej-pronade-mir\/#primaryimage"},"image":{"@id":"https:\/\/radioljubuski.ba\/index.php\/2022\/05\/24\/nenad-peris-sahranio-sam-svog-sina-hvala-splitu-i-beogradu-za-zelje-da-moj-matej-pronade-mir\/#primaryimage"},"thumbnailUrl":"https:\/\/radioljubuski.ba\/wp-content\/uploads\/2022\/05\/33-1.png","datePublished":"2022-05-24T13:32:16+00:00","dateModified":"2022-05-24T13:32:18+00:00","breadcrumb":{"@id":"https:\/\/radioljubuski.ba\/index.php\/2022\/05\/24\/nenad-peris-sahranio-sam-svog-sina-hvala-splitu-i-beogradu-za-zelje-da-moj-matej-pronade-mir\/#breadcrumb"},"inLanguage":"hr","potentialAction":[{"@type":"ReadAction","target":["https:\/\/radioljubuski.ba\/index.php\/2022\/05\/24\/nenad-peris-sahranio-sam-svog-sina-hvala-splitu-i-beogradu-za-zelje-da-moj-matej-pronade-mir\/"]}]},{"@type":"ImageObject","inLanguage":"hr","@id":"https:\/\/radioljubuski.ba\/index.php\/2022\/05\/24\/nenad-peris-sahranio-sam-svog-sina-hvala-splitu-i-beogradu-za-zelje-da-moj-matej-pronade-mir\/#primaryimage","url":"https:\/\/radioljubuski.ba\/wp-content\/uploads\/2022\/05\/33-1.png","contentUrl":"https:\/\/radioljubuski.ba\/wp-content\/uploads\/2022\/05\/33-1.png","width":835,"height":520},{"@type":"BreadcrumbList","@id":"https:\/\/radioljubuski.ba\/index.php\/2022\/05\/24\/nenad-peris-sahranio-sam-svog-sina-hvala-splitu-i-beogradu-za-zelje-da-moj-matej-pronade-mir\/#breadcrumb","itemListElement":[{"@type":"ListItem","position":1,"name":"Po\u010detna stranica","item":"https:\/\/radioljubuski.ba\/"},{"@type":"ListItem","position":2,"name":"Nenad Peri\u0161: Sahranio sam svog sina, hvala Splitu i Beogradu za \u017eelje da moj Matej prona\u0111e mir"}]},{"@type":"WebSite","@id":"https:\/\/radioljubuski.ba\/#website","url":"https:\/\/radioljubuski.ba\/","name":"Radio Ljubu\u0161ki","description":"Sun\u010dana frekvencija Hercegovine","publisher":{"@id":"https:\/\/radioljubuski.ba\/#organization"},"potentialAction":[{"@type":"SearchAction","target":{"@type":"EntryPoint","urlTemplate":"https:\/\/radioljubuski.ba\/?s={search_term_string}"},"query-input":{"@type":"PropertyValueSpecification","valueRequired":true,"valueName":"search_term_string"}}],"inLanguage":"hr"},{"@type":"Organization","@id":"https:\/\/radioljubuski.ba\/#organization","name":"Radio Ljubu\u0161ki","url":"https:\/\/radioljubuski.ba\/","logo":{"@type":"ImageObject","inLanguage":"hr","@id":"https:\/\/radioljubuski.ba\/#\/schema\/logo\/image\/","url":"https:\/\/radioljubuski.ba\/wp-content\/uploads\/2021\/02\/cropped-Radio_Ljubuski_logo1.jpg","contentUrl":"https:\/\/radioljubuski.ba\/wp-content\/uploads\/2021\/02\/cropped-Radio_Ljubuski_logo1.jpg","width":512,"height":512,"caption":"Radio Ljubu\u0161ki"},"image":{"@id":"https:\/\/radioljubuski.ba\/#\/schema\/logo\/image\/"},"sameAs":["https:\/\/www.facebook.com\/Radiio-Ljubuski-1490835324566332","https:\/\/x.com\/radioljubuski","https:\/\/hr.linkedin.com\/company\/radio-ljubuski","https:\/\/www.youtube.com\/channel\/UCHYaeO_n0Db3tjNGudGpXyw"]},{"@type":"Person","@id":"https:\/\/radioljubuski.ba\/#\/schema\/person\/19fc700381a780f69665d7956c469e3b","name":"Radio Ljubu\u0161ki"}]}},"_links":{"self":[{"href":"https:\/\/radioljubuski.ba\/index.php\/wp-json\/wp\/v2\/posts\/143756","targetHints":{"allow":["GET"]}}],"collection":[{"href":"https:\/\/radioljubuski.ba\/index.php\/wp-json\/wp\/v2\/posts"}],"about":[{"href":"https:\/\/radioljubuski.ba\/index.php\/wp-json\/wp\/v2\/types\/post"}],"author":[{"embeddable":true,"href":"https:\/\/radioljubuski.ba\/index.php\/wp-json\/wp\/v2\/users\/2"}],"replies":[{"embeddable":true,"href":"https:\/\/radioljubuski.ba\/index.php\/wp-json\/wp\/v2\/comments?post=143756"}],"version-history":[{"count":1,"href":"https:\/\/radioljubuski.ba\/index.php\/wp-json\/wp\/v2\/posts\/143756\/revisions"}],"predecessor-version":[{"id":143758,"href":"https:\/\/radioljubuski.ba\/index.php\/wp-json\/wp\/v2\/posts\/143756\/revisions\/143758"}],"wp:featuredmedia":[{"embeddable":true,"href":"https:\/\/radioljubuski.ba\/index.php\/wp-json\/wp\/v2\/media\/143757"}],"wp:attachment":[{"href":"https:\/\/radioljubuski.ba\/index.php\/wp-json\/wp\/v2\/media?parent=143756"}],"wp:term":[{"taxonomy":"category","embeddable":true,"href":"https:\/\/radioljubuski.ba\/index.php\/wp-json\/wp\/v2\/categories?post=143756"},{"taxonomy":"post_tag","embeddable":true,"href":"https:\/\/radioljubuski.ba\/index.php\/wp-json\/wp\/v2\/tags?post=143756"}],"curies":[{"name":"wp","href":"https:\/\/api.w.org\/{rel}","templated":true}]}}