{"id":143764,"date":"2022-05-24T14:36:06","date_gmt":"2022-05-24T13:36:06","guid":{"rendered":"https:\/\/radioljubuski.ba\/?p=143764"},"modified":"2022-05-24T14:36:07","modified_gmt":"2022-05-24T13:36:07","slug":"milanovic-porucio-srbiji-da-ce-je-kostati-optuznica-protiv-hrvatskih-pilota","status":"publish","type":"post","link":"https:\/\/radioljubuski.ba\/index.php\/2022\/05\/24\/milanovic-porucio-srbiji-da-ce-je-kostati-optuznica-protiv-hrvatskih-pilota\/","title":{"rendered":"Milanovi\u0107 poru\u010dio Srbiji da \u0107e je ko\u0161tati optu\u017enica protiv hrvatskih pilota"},"content":{"rendered":"\n<p>Zoran Milanovi\u0107 rekao je u utorak da \u0107e Srbiju ko\u0161tati optu\u017enica koju su podigli protiv \u010detiri visoka \u010dasnika Hrvatske vojske zbog navodnih ratnih zlo\u010dina i prozvao politi\u010dare te zemlje za &#8220;neinteligentno pona\u0161anje&#8221; s kojim nikada ne\u0107e uspjeti u\u0107i u Europsku uniju.&nbsp;<\/p>\n\n\n\n<p>Srpsko Tu\u017eiteljstvo za ratne zlo\u010dine podiglo je optu\u017enicu protiv \u010detiri visoka \u010dasnika Hrvatske vojske zbog navodnih ratnih zlo\u010dina. Optu\u017euju ih da su u operaciji Oluja 7. i 8. kolovoza 1995. naredili avionsko raketiranje kolone izbjeglica na Petrova\u010dkoj cesti kod Bosanskog Petrovca i u mjestu Svodna kod Novog Grada.<\/p>\n\n\n\n<p>&#8220;Ove optu\u017enice su se dogodile usprkos na\u0161im vi\u0161egodi\u0161njim nastojanjima da ih uvjerimo da se ne igraju s vatrom i da \u0107e ih to ko\u0161tati. Ne mogu biti pristojniji, nadam se da me slu\u0161aju. Maknite se od toga ljudi, u protivnom neka ih ne iznena\u0111uju reakcije desni\u010darskih zastupnika u Saboru. Problem je u tome \u0161to tako misli ve\u0107ina ljudi u Hrvatskoj&#8221;, rekao je hrvatski predsjednik novinarima u utorak.&nbsp;<\/p>\n\n\n\n<p>Predsjednik Srbije Aleksandar Vu\u010di\u0107 je odgovaraju\u0107i na pitanje N1 boji li se optu\u017enice zbog njegovog govora u Glini 1995. kao eventualnog odgovora Hrvatske na optu\u017enice protiv \u010detiri hrvatska generala u Srbiji, rekao da &#8220;nisu Srbi ubijali Hrvate, ve\u0107 Hrvati Srbe&#8221;.<\/p>\n\n\n\n<p>Milanovi\u0107 je pozvao Vu\u010di\u0107a &#8220;da to ne rade&#8221;. &#8220;Ja mogu do odre\u0111ene mjere stvari retori\u010dki dr\u017eati pod kontrolom. Ali da onda do\u0111e ovo iz Beograda i kako da onda objasnim da vodimo dobronamjernu politiku?&#8221;, zapitao se hrvatski predsjednik.&nbsp;<\/p>\n\n\n\n<p>Srbija ne\u0107e u EU na ovaj na\u010din<\/p>\n\n\n\n<p>Milanovi\u0107 ka\u017ee da su ovi potezi Srbije &#8220;neinteligentno pona\u0161anje&#8221; dr\u017eave koja je &#8220;osiroma\u0161ena i degradirana&#8221; i nema nigdje rije\u0161en status.&nbsp;<\/p>\n\n\n\n<p>&#8220;U NATO ne \u017eele, u redu. Ne\u0107e nikad u\u0107i u Europsku uniju na ovakav na\u010din. Kome ovo treba, tko vodi tu politiku, kojim gra\u0111anima se to odvjetni\u0161tvo tamo obra\u0107a? (&#8230;) Onda mi idemo di\u0107i optu\u017enicu ne znam, protiv zlo\u010dina u Bu\u010di&#8221;, rekao je Milanovi\u0107.&nbsp;<\/p>\n\n\n\n<p>Uvjeren je da bi 75 posto hrvatskih gra\u0111ana podr\u017ealo zajedni\u010dki stav njega i premijera o Hrvatima u BiH te da isto toliko ljudi u Hrvatskoj smatra da bi &#8220;hrvatski organi gonjenja trebali pokrenuti postupak protiv Vu\u010di\u0107a&#8221;.&nbsp;<\/p>\n\n\n\n<p>No predsjednik ka\u017ee da se ne bi trebao pokrenuti postupak jer on &#8220;taktizira&#8221;. &#8220;I onda slu\u0161amo o tome kako nitko tu nikoga nije ubijao, nego su Hrvati ubijali Srbe&#8221;, dodao je.<\/p>\n\n\n\n<p>&#8220;\u017dao mi je za svakog Srbina koji je poginuo, nije trebao poginuti, ali ogromna ve\u0107ina Srba je pobjegla odmah, istog trena. To je \u010dinjenica, to je \u010dak i sud u Hagu utvrdio kad se (general Ante) Gotovina izvukao za dlaku&#8221;, rekao je predsjednik.&nbsp;<\/p>\n\n\n\n<p>&#8220;Bra\u0107o Srbi, pamet u glavu&#8221;, poru\u010dio im je hrvatski predsjednik, dodav\u0161i da \u0107e sad &#8220;vjerojatno biti usta\u0161a&#8221;. &#8220;Pro\u0161li tjedan sam bio Srbin.&#8221;<\/p>\n\n\n\n<p>Hrvatska akademija znanosti i umjetnosti (HAZU) pozvala je u dokumentu obavljenom pro\u0161li tjedan Srbiju da prestane poticati neprijateljstva prema Hrvatskoj i progon hrvatskih dr\u017eavljana, da se odrekne velikosrpske propagande i da po\u0161tuje obveze iz potpisanih sporazuma i &nbsp;dogovora, kao \u0161to su za\u0161tita recipro\u010dnih prava hrvatske manjine, te osiguranje Hrvatima slobodno politi\u010dko i kulturno organiziranje kao \u0161to Hrvatska osigurava srpskoj manjini.&nbsp;<\/p>\n\n\n\n<p>No Milanovi\u0107 je rekao da nije potrebno &#8220;i\u017eivljavanje&#8221; nad Srbijom.&nbsp;<\/p>\n\n\n\n<p>&#8220;Mi moramo u svom odnosu sa Srbijom biti jasni i pravedni, artikulirani \u0161to od njih o\u010dekujemo. I tu su dvije, tri stvari. Tra\u017eiti da se odreknu mita o Jasenovcu, Stepincu, da pre\u0111u na katoli\u010dku vjeru, da se kri\u017eaju s dva prsta, to je i\u017eivljavanje. Treba znati gdje je granica&#8221;, rekao je.&nbsp;<\/p>\n\n\n\n<p>Izvor:pogled.ba<\/p>\n","protected":false},"excerpt":{"rendered":"<p>Zoran Milanovi\u0107 rekao je u utorak da \u0107e Srbiju ko\u0161tati optu\u017enica koju su podigli protiv \u010detiri visoka \u010dasnika Hrvatske vojske zbog navodnih ratnih zlo\u010dina i prozvao politi\u010dare te zemlje za &#8220;neinteligentno pona\u0161anje&#8221; s kojim nikada ne\u0107e uspjeti u\u0107i u Europsku uniju.&nbsp; Srpsko Tu\u017eiteljstvo za ratne zlo\u010dine podiglo je optu\u017enicu protiv \u010detiri visoka \u010dasnika Hrvatske vojske [&hellip;]<\/p>\n","protected":false},"author":2,"featured_media":43339,"comment_status":"closed","ping_status":"closed","sticky":false,"template":"","format":"standard","meta":{"h5ap_radio_sources":[],"footnotes":""},"categories":[1],"tags":[],"class_list":["post-143764","post","type-post","status-publish","format-standard","has-post-thumbnail","hentry","category-bihiregija"],"yoast_head":"<!-- This site is optimized with the Yoast SEO plugin v27.5 - https:\/\/yoast.com\/product\/yoast-seo-wordpress\/ -->\n<title>Milanovi\u0107 poru\u010dio Srbiji da \u0107e je ko\u0161tati optu\u017enica protiv hrvatskih pilota - RADIO LJUBU\u0160KI<\/title>\n<meta name=\"robots\" content=\"index, follow, max-snippet:-1, max-image-preview:large, max-video-preview:-1\" \/>\n<link rel=\"canonical\" href=\"https:\/\/radioljubuski.ba\/index.php\/2022\/05\/24\/milanovic-porucio-srbiji-da-ce-je-kostati-optuznica-protiv-hrvatskih-pilota\/\" \/>\n<meta property=\"og:locale\" content=\"hr_HR\" \/>\n<meta property=\"og:type\" content=\"article\" \/>\n<meta property=\"og:title\" content=\"Milanovi\u0107 poru\u010dio Srbiji da \u0107e je ko\u0161tati optu\u017enica protiv hrvatskih pilota - RADIO LJUBU\u0160KI\" \/>\n<meta property=\"og:description\" content=\"Zoran Milanovi\u0107 rekao je u utorak da \u0107e Srbiju ko\u0161tati optu\u017enica koju su podigli protiv \u010detiri visoka \u010dasnika Hrvatske vojske zbog navodnih ratnih zlo\u010dina i prozvao politi\u010dare te zemlje za &#8220;neinteligentno pona\u0161anje&#8221; s kojim nikada ne\u0107e uspjeti u\u0107i u Europsku uniju.&nbsp; Srpsko Tu\u017eiteljstvo za ratne zlo\u010dine podiglo je optu\u017enicu protiv \u010detiri visoka \u010dasnika Hrvatske vojske [&hellip;]\" \/>\n<meta property=\"og:url\" content=\"https:\/\/radioljubuski.ba\/index.php\/2022\/05\/24\/milanovic-porucio-srbiji-da-ce-je-kostati-optuznica-protiv-hrvatskih-pilota\/\" \/>\n<meta property=\"og:site_name\" content=\"RADIO LJUBU\u0160KI\" \/>\n<meta property=\"article:publisher\" content=\"https:\/\/www.facebook.com\/Radiio-Ljubuski-1490835324566332\" \/>\n<meta property=\"article:published_time\" content=\"2022-05-24T13:36:06+00:00\" \/>\n<meta property=\"article:modified_time\" content=\"2022-05-24T13:36:07+00:00\" \/>\n<meta property=\"og:image\" content=\"https:\/\/radioljubuski.ba\/wp-content\/uploads\/2021\/07\/milanovic-n1.jpg\" \/>\n\t<meta property=\"og:image:width\" content=\"840\" \/>\n\t<meta property=\"og:image:height\" content=\"470\" \/>\n\t<meta property=\"og:image:type\" content=\"image\/jpeg\" \/>\n<meta name=\"author\" content=\"Radio Ljubu\u0161ki\" \/>\n<meta name=\"twitter:card\" content=\"summary_large_image\" \/>\n<meta name=\"twitter:creator\" content=\"@radioljubuski\" \/>\n<meta name=\"twitter:site\" content=\"@radioljubuski\" \/>\n<meta name=\"twitter:label1\" content=\"Napisao\/la\" \/>\n\t<meta name=\"twitter:data1\" content=\"Radio Ljubu\u0161ki\" \/>\n\t<meta name=\"twitter:label2\" content=\"Procijenjeno vrijeme \u010ditanja\" \/>\n\t<meta name=\"twitter:data2\" content=\"3 minute\" \/>\n<script type=\"application\/ld+json\" class=\"yoast-schema-graph\">{\"@context\":\"https:\\\/\\\/schema.org\",\"@graph\":[{\"@type\":\"Article\",\"@id\":\"https:\\\/\\\/radioljubuski.ba\\\/index.php\\\/2022\\\/05\\\/24\\\/milanovic-porucio-srbiji-da-ce-je-kostati-optuznica-protiv-hrvatskih-pilota\\\/#article\",\"isPartOf\":{\"@id\":\"https:\\\/\\\/radioljubuski.ba\\\/index.php\\\/2022\\\/05\\\/24\\\/milanovic-porucio-srbiji-da-ce-je-kostati-optuznica-protiv-hrvatskih-pilota\\\/\"},\"author\":{\"name\":\"Radio Ljubu\u0161ki\",\"@id\":\"https:\\\/\\\/radioljubuski.ba\\\/#\\\/schema\\\/person\\\/19fc700381a780f69665d7956c469e3b\"},\"headline\":\"Milanovi\u0107 poru\u010dio Srbiji da \u0107e je ko\u0161tati optu\u017enica protiv hrvatskih pilota\",\"datePublished\":\"2022-05-24T13:36:06+00:00\",\"dateModified\":\"2022-05-24T13:36:07+00:00\",\"mainEntityOfPage\":{\"@id\":\"https:\\\/\\\/radioljubuski.ba\\\/index.php\\\/2022\\\/05\\\/24\\\/milanovic-porucio-srbiji-da-ce-je-kostati-optuznica-protiv-hrvatskih-pilota\\\/\"},\"wordCount\":655,\"publisher\":{\"@id\":\"https:\\\/\\\/radioljubuski.ba\\\/#organization\"},\"image\":{\"@id\":\"https:\\\/\\\/radioljubuski.ba\\\/index.php\\\/2022\\\/05\\\/24\\\/milanovic-porucio-srbiji-da-ce-je-kostati-optuznica-protiv-hrvatskih-pilota\\\/#primaryimage\"},\"thumbnailUrl\":\"https:\\\/\\\/radioljubuski.ba\\\/wp-content\\\/uploads\\\/2021\\\/07\\\/milanovic-n1.jpg\",\"articleSection\":[\"BIH i regija\"],\"inLanguage\":\"hr\"},{\"@type\":\"WebPage\",\"@id\":\"https:\\\/\\\/radioljubuski.ba\\\/index.php\\\/2022\\\/05\\\/24\\\/milanovic-porucio-srbiji-da-ce-je-kostati-optuznica-protiv-hrvatskih-pilota\\\/\",\"url\":\"https:\\\/\\\/radioljubuski.ba\\\/index.php\\\/2022\\\/05\\\/24\\\/milanovic-porucio-srbiji-da-ce-je-kostati-optuznica-protiv-hrvatskih-pilota\\\/\",\"name\":\"Milanovi\u0107 poru\u010dio Srbiji da \u0107e je ko\u0161tati optu\u017enica protiv hrvatskih pilota - RADIO LJUBU\u0160KI\",\"isPartOf\":{\"@id\":\"https:\\\/\\\/radioljubuski.ba\\\/#website\"},\"primaryImageOfPage\":{\"@id\":\"https:\\\/\\\/radioljubuski.ba\\\/index.php\\\/2022\\\/05\\\/24\\\/milanovic-porucio-srbiji-da-ce-je-kostati-optuznica-protiv-hrvatskih-pilota\\\/#primaryimage\"},\"image\":{\"@id\":\"https:\\\/\\\/radioljubuski.ba\\\/index.php\\\/2022\\\/05\\\/24\\\/milanovic-porucio-srbiji-da-ce-je-kostati-optuznica-protiv-hrvatskih-pilota\\\/#primaryimage\"},\"thumbnailUrl\":\"https:\\\/\\\/radioljubuski.ba\\\/wp-content\\\/uploads\\\/2021\\\/07\\\/milanovic-n1.jpg\",\"datePublished\":\"2022-05-24T13:36:06+00:00\",\"dateModified\":\"2022-05-24T13:36:07+00:00\",\"breadcrumb\":{\"@id\":\"https:\\\/\\\/radioljubuski.ba\\\/index.php\\\/2022\\\/05\\\/24\\\/milanovic-porucio-srbiji-da-ce-je-kostati-optuznica-protiv-hrvatskih-pilota\\\/#breadcrumb\"},\"inLanguage\":\"hr\",\"potentialAction\":[{\"@type\":\"ReadAction\",\"target\":[\"https:\\\/\\\/radioljubuski.ba\\\/index.php\\\/2022\\\/05\\\/24\\\/milanovic-porucio-srbiji-da-ce-je-kostati-optuznica-protiv-hrvatskih-pilota\\\/\"]}]},{\"@type\":\"ImageObject\",\"inLanguage\":\"hr\",\"@id\":\"https:\\\/\\\/radioljubuski.ba\\\/index.php\\\/2022\\\/05\\\/24\\\/milanovic-porucio-srbiji-da-ce-je-kostati-optuznica-protiv-hrvatskih-pilota\\\/#primaryimage\",\"url\":\"https:\\\/\\\/radioljubuski.ba\\\/wp-content\\\/uploads\\\/2021\\\/07\\\/milanovic-n1.jpg\",\"contentUrl\":\"https:\\\/\\\/radioljubuski.ba\\\/wp-content\\\/uploads\\\/2021\\\/07\\\/milanovic-n1.jpg\",\"width\":840,\"height\":470},{\"@type\":\"BreadcrumbList\",\"@id\":\"https:\\\/\\\/radioljubuski.ba\\\/index.php\\\/2022\\\/05\\\/24\\\/milanovic-porucio-srbiji-da-ce-je-kostati-optuznica-protiv-hrvatskih-pilota\\\/#breadcrumb\",\"itemListElement\":[{\"@type\":\"ListItem\",\"position\":1,\"name\":\"Po\u010detna stranica\",\"item\":\"https:\\\/\\\/radioljubuski.ba\\\/\"},{\"@type\":\"ListItem\",\"position\":2,\"name\":\"Milanovi\u0107 poru\u010dio Srbiji da \u0107e je ko\u0161tati optu\u017enica protiv hrvatskih pilota\"}]},{\"@type\":\"WebSite\",\"@id\":\"https:\\\/\\\/radioljubuski.ba\\\/#website\",\"url\":\"https:\\\/\\\/radioljubuski.ba\\\/\",\"name\":\"Radio Ljubu\u0161ki\",\"description\":\"Sun\u010dana frekvencija Hercegovine\",\"publisher\":{\"@id\":\"https:\\\/\\\/radioljubuski.ba\\\/#organization\"},\"potentialAction\":[{\"@type\":\"SearchAction\",\"target\":{\"@type\":\"EntryPoint\",\"urlTemplate\":\"https:\\\/\\\/radioljubuski.ba\\\/?s={search_term_string}\"},\"query-input\":{\"@type\":\"PropertyValueSpecification\",\"valueRequired\":true,\"valueName\":\"search_term_string\"}}],\"inLanguage\":\"hr\"},{\"@type\":\"Organization\",\"@id\":\"https:\\\/\\\/radioljubuski.ba\\\/#organization\",\"name\":\"Radio Ljubu\u0161ki\",\"url\":\"https:\\\/\\\/radioljubuski.ba\\\/\",\"logo\":{\"@type\":\"ImageObject\",\"inLanguage\":\"hr\",\"@id\":\"https:\\\/\\\/radioljubuski.ba\\\/#\\\/schema\\\/logo\\\/image\\\/\",\"url\":\"https:\\\/\\\/radioljubuski.ba\\\/wp-content\\\/uploads\\\/2021\\\/02\\\/cropped-Radio_Ljubuski_logo1.jpg\",\"contentUrl\":\"https:\\\/\\\/radioljubuski.ba\\\/wp-content\\\/uploads\\\/2021\\\/02\\\/cropped-Radio_Ljubuski_logo1.jpg\",\"width\":512,\"height\":512,\"caption\":\"Radio Ljubu\u0161ki\"},\"image\":{\"@id\":\"https:\\\/\\\/radioljubuski.ba\\\/#\\\/schema\\\/logo\\\/image\\\/\"},\"sameAs\":[\"https:\\\/\\\/www.facebook.com\\\/Radiio-Ljubuski-1490835324566332\",\"https:\\\/\\\/x.com\\\/radioljubuski\",\"https:\\\/\\\/hr.linkedin.com\\\/company\\\/radio-ljubuski\",\"https:\\\/\\\/www.youtube.com\\\/channel\\\/UCHYaeO_n0Db3tjNGudGpXyw\"]},{\"@type\":\"Person\",\"@id\":\"https:\\\/\\\/radioljubuski.ba\\\/#\\\/schema\\\/person\\\/19fc700381a780f69665d7956c469e3b\",\"name\":\"Radio Ljubu\u0161ki\"}]}<\/script>\n<!-- \/ Yoast SEO plugin. -->","yoast_head_json":{"title":"Milanovi\u0107 poru\u010dio Srbiji da \u0107e je ko\u0161tati optu\u017enica protiv hrvatskih pilota - RADIO LJUBU\u0160KI","robots":{"index":"index","follow":"follow","max-snippet":"max-snippet:-1","max-image-preview":"max-image-preview:large","max-video-preview":"max-video-preview:-1"},"canonical":"https:\/\/radioljubuski.ba\/index.php\/2022\/05\/24\/milanovic-porucio-srbiji-da-ce-je-kostati-optuznica-protiv-hrvatskih-pilota\/","og_locale":"hr_HR","og_type":"article","og_title":"Milanovi\u0107 poru\u010dio Srbiji da \u0107e je ko\u0161tati optu\u017enica protiv hrvatskih pilota - RADIO LJUBU\u0160KI","og_description":"Zoran Milanovi\u0107 rekao je u utorak da \u0107e Srbiju ko\u0161tati optu\u017enica koju su podigli protiv \u010detiri visoka \u010dasnika Hrvatske vojske zbog navodnih ratnih zlo\u010dina i prozvao politi\u010dare te zemlje za &#8220;neinteligentno pona\u0161anje&#8221; s kojim nikada ne\u0107e uspjeti u\u0107i u Europsku uniju.&nbsp; Srpsko Tu\u017eiteljstvo za ratne zlo\u010dine podiglo je optu\u017enicu protiv \u010detiri visoka \u010dasnika Hrvatske vojske [&hellip;]","og_url":"https:\/\/radioljubuski.ba\/index.php\/2022\/05\/24\/milanovic-porucio-srbiji-da-ce-je-kostati-optuznica-protiv-hrvatskih-pilota\/","og_site_name":"RADIO LJUBU\u0160KI","article_publisher":"https:\/\/www.facebook.com\/Radiio-Ljubuski-1490835324566332","article_published_time":"2022-05-24T13:36:06+00:00","article_modified_time":"2022-05-24T13:36:07+00:00","og_image":[{"width":840,"height":470,"url":"https:\/\/radioljubuski.ba\/wp-content\/uploads\/2021\/07\/milanovic-n1.jpg","type":"image\/jpeg"}],"author":"Radio Ljubu\u0161ki","twitter_card":"summary_large_image","twitter_creator":"@radioljubuski","twitter_site":"@radioljubuski","twitter_misc":{"Napisao\/la":"Radio Ljubu\u0161ki","Procijenjeno vrijeme \u010ditanja":"3 minute"},"schema":{"@context":"https:\/\/schema.org","@graph":[{"@type":"Article","@id":"https:\/\/radioljubuski.ba\/index.php\/2022\/05\/24\/milanovic-porucio-srbiji-da-ce-je-kostati-optuznica-protiv-hrvatskih-pilota\/#article","isPartOf":{"@id":"https:\/\/radioljubuski.ba\/index.php\/2022\/05\/24\/milanovic-porucio-srbiji-da-ce-je-kostati-optuznica-protiv-hrvatskih-pilota\/"},"author":{"name":"Radio Ljubu\u0161ki","@id":"https:\/\/radioljubuski.ba\/#\/schema\/person\/19fc700381a780f69665d7956c469e3b"},"headline":"Milanovi\u0107 poru\u010dio Srbiji da \u0107e je ko\u0161tati optu\u017enica protiv hrvatskih pilota","datePublished":"2022-05-24T13:36:06+00:00","dateModified":"2022-05-24T13:36:07+00:00","mainEntityOfPage":{"@id":"https:\/\/radioljubuski.ba\/index.php\/2022\/05\/24\/milanovic-porucio-srbiji-da-ce-je-kostati-optuznica-protiv-hrvatskih-pilota\/"},"wordCount":655,"publisher":{"@id":"https:\/\/radioljubuski.ba\/#organization"},"image":{"@id":"https:\/\/radioljubuski.ba\/index.php\/2022\/05\/24\/milanovic-porucio-srbiji-da-ce-je-kostati-optuznica-protiv-hrvatskih-pilota\/#primaryimage"},"thumbnailUrl":"https:\/\/radioljubuski.ba\/wp-content\/uploads\/2021\/07\/milanovic-n1.jpg","articleSection":["BIH i regija"],"inLanguage":"hr"},{"@type":"WebPage","@id":"https:\/\/radioljubuski.ba\/index.php\/2022\/05\/24\/milanovic-porucio-srbiji-da-ce-je-kostati-optuznica-protiv-hrvatskih-pilota\/","url":"https:\/\/radioljubuski.ba\/index.php\/2022\/05\/24\/milanovic-porucio-srbiji-da-ce-je-kostati-optuznica-protiv-hrvatskih-pilota\/","name":"Milanovi\u0107 poru\u010dio Srbiji da \u0107e je ko\u0161tati optu\u017enica protiv hrvatskih pilota - RADIO LJUBU\u0160KI","isPartOf":{"@id":"https:\/\/radioljubuski.ba\/#website"},"primaryImageOfPage":{"@id":"https:\/\/radioljubuski.ba\/index.php\/2022\/05\/24\/milanovic-porucio-srbiji-da-ce-je-kostati-optuznica-protiv-hrvatskih-pilota\/#primaryimage"},"image":{"@id":"https:\/\/radioljubuski.ba\/index.php\/2022\/05\/24\/milanovic-porucio-srbiji-da-ce-je-kostati-optuznica-protiv-hrvatskih-pilota\/#primaryimage"},"thumbnailUrl":"https:\/\/radioljubuski.ba\/wp-content\/uploads\/2021\/07\/milanovic-n1.jpg","datePublished":"2022-05-24T13:36:06+00:00","dateModified":"2022-05-24T13:36:07+00:00","breadcrumb":{"@id":"https:\/\/radioljubuski.ba\/index.php\/2022\/05\/24\/milanovic-porucio-srbiji-da-ce-je-kostati-optuznica-protiv-hrvatskih-pilota\/#breadcrumb"},"inLanguage":"hr","potentialAction":[{"@type":"ReadAction","target":["https:\/\/radioljubuski.ba\/index.php\/2022\/05\/24\/milanovic-porucio-srbiji-da-ce-je-kostati-optuznica-protiv-hrvatskih-pilota\/"]}]},{"@type":"ImageObject","inLanguage":"hr","@id":"https:\/\/radioljubuski.ba\/index.php\/2022\/05\/24\/milanovic-porucio-srbiji-da-ce-je-kostati-optuznica-protiv-hrvatskih-pilota\/#primaryimage","url":"https:\/\/radioljubuski.ba\/wp-content\/uploads\/2021\/07\/milanovic-n1.jpg","contentUrl":"https:\/\/radioljubuski.ba\/wp-content\/uploads\/2021\/07\/milanovic-n1.jpg","width":840,"height":470},{"@type":"BreadcrumbList","@id":"https:\/\/radioljubuski.ba\/index.php\/2022\/05\/24\/milanovic-porucio-srbiji-da-ce-je-kostati-optuznica-protiv-hrvatskih-pilota\/#breadcrumb","itemListElement":[{"@type":"ListItem","position":1,"name":"Po\u010detna stranica","item":"https:\/\/radioljubuski.ba\/"},{"@type":"ListItem","position":2,"name":"Milanovi\u0107 poru\u010dio Srbiji da \u0107e je ko\u0161tati optu\u017enica protiv hrvatskih pilota"}]},{"@type":"WebSite","@id":"https:\/\/radioljubuski.ba\/#website","url":"https:\/\/radioljubuski.ba\/","name":"Radio Ljubu\u0161ki","description":"Sun\u010dana frekvencija Hercegovine","publisher":{"@id":"https:\/\/radioljubuski.ba\/#organization"},"potentialAction":[{"@type":"SearchAction","target":{"@type":"EntryPoint","urlTemplate":"https:\/\/radioljubuski.ba\/?s={search_term_string}"},"query-input":{"@type":"PropertyValueSpecification","valueRequired":true,"valueName":"search_term_string"}}],"inLanguage":"hr"},{"@type":"Organization","@id":"https:\/\/radioljubuski.ba\/#organization","name":"Radio Ljubu\u0161ki","url":"https:\/\/radioljubuski.ba\/","logo":{"@type":"ImageObject","inLanguage":"hr","@id":"https:\/\/radioljubuski.ba\/#\/schema\/logo\/image\/","url":"https:\/\/radioljubuski.ba\/wp-content\/uploads\/2021\/02\/cropped-Radio_Ljubuski_logo1.jpg","contentUrl":"https:\/\/radioljubuski.ba\/wp-content\/uploads\/2021\/02\/cropped-Radio_Ljubuski_logo1.jpg","width":512,"height":512,"caption":"Radio Ljubu\u0161ki"},"image":{"@id":"https:\/\/radioljubuski.ba\/#\/schema\/logo\/image\/"},"sameAs":["https:\/\/www.facebook.com\/Radiio-Ljubuski-1490835324566332","https:\/\/x.com\/radioljubuski","https:\/\/hr.linkedin.com\/company\/radio-ljubuski","https:\/\/www.youtube.com\/channel\/UCHYaeO_n0Db3tjNGudGpXyw"]},{"@type":"Person","@id":"https:\/\/radioljubuski.ba\/#\/schema\/person\/19fc700381a780f69665d7956c469e3b","name":"Radio Ljubu\u0161ki"}]}},"_links":{"self":[{"href":"https:\/\/radioljubuski.ba\/index.php\/wp-json\/wp\/v2\/posts\/143764","targetHints":{"allow":["GET"]}}],"collection":[{"href":"https:\/\/radioljubuski.ba\/index.php\/wp-json\/wp\/v2\/posts"}],"about":[{"href":"https:\/\/radioljubuski.ba\/index.php\/wp-json\/wp\/v2\/types\/post"}],"author":[{"embeddable":true,"href":"https:\/\/radioljubuski.ba\/index.php\/wp-json\/wp\/v2\/users\/2"}],"replies":[{"embeddable":true,"href":"https:\/\/radioljubuski.ba\/index.php\/wp-json\/wp\/v2\/comments?post=143764"}],"version-history":[{"count":1,"href":"https:\/\/radioljubuski.ba\/index.php\/wp-json\/wp\/v2\/posts\/143764\/revisions"}],"predecessor-version":[{"id":143765,"href":"https:\/\/radioljubuski.ba\/index.php\/wp-json\/wp\/v2\/posts\/143764\/revisions\/143765"}],"wp:featuredmedia":[{"embeddable":true,"href":"https:\/\/radioljubuski.ba\/index.php\/wp-json\/wp\/v2\/media\/43339"}],"wp:attachment":[{"href":"https:\/\/radioljubuski.ba\/index.php\/wp-json\/wp\/v2\/media?parent=143764"}],"wp:term":[{"taxonomy":"category","embeddable":true,"href":"https:\/\/radioljubuski.ba\/index.php\/wp-json\/wp\/v2\/categories?post=143764"},{"taxonomy":"post_tag","embeddable":true,"href":"https:\/\/radioljubuski.ba\/index.php\/wp-json\/wp\/v2\/tags?post=143764"}],"curies":[{"name":"wp","href":"https:\/\/api.w.org\/{rel}","templated":true}]}}