{"id":143769,"date":"2022-05-24T14:38:44","date_gmt":"2022-05-24T13:38:44","guid":{"rendered":"https:\/\/radioljubuski.ba\/?p=143769"},"modified":"2022-05-24T14:38:45","modified_gmt":"2022-05-24T13:38:45","slug":"mostar-i-osijek-potpisuju-sporazum-u-prijateljstvu-i-suradnji","status":"publish","type":"post","link":"https:\/\/radioljubuski.ba\/index.php\/2022\/05\/24\/mostar-i-osijek-potpisuju-sporazum-u-prijateljstvu-i-suradnji\/","title":{"rendered":"Mostar i Osijek potpisuju Sporazum u prijateljstvu i suradnji"},"content":{"rendered":"\n<p>Potpisivanje Sporazuma o prijateljstvu i suradnji izme\u0111u Grada Mostara i Grada Osijeka bit \u0107e uprili\u010deno u \u010detvrtak 26.5.2022.godine s po\u010detkom u 10:30&nbsp; u Vije\u0107nici&nbsp; Grada Mostara.<\/p>\n\n\n\n<p>Sporazum \u0107e potpisati gradona\u010delnici Osijeka i Mostara Ivan Radi\u0107 i Mario Kordi\u0107, a Sporazum ima za cilju unaprijediti prijateljske odnose, posebno na podru\u010dju gospodarstva, kulture, turizma, obrazovanja i sporta.<\/p>\n\n\n\n<p>U ime Grada Osijeka i Osje\u010dko-baranjske \u017eupanije na sve\u010danosti potpisivanja Sporazuma, izme\u0111u ostalih, prisustvovat \u0107e i Ivan Anu\u0161i\u0107, \u017eupan Osje\u010dko-baranjske \u017eupanije i Mato Luki\u0107, zamjenik \u017eupana, a u ime Grada Mostara Radmila Komadina, glavna savjetnica Grada Mostara i Goran Bo\u0161njak, vije\u0107nik u Gradskom vije\u0107u Grada Mostara.<\/p>\n\n\n\n<p>Prvu zajedni\u010dku aktivnost&nbsp; predstavnici dva prijateljska grada trebali bi imati ve\u0107 na sam dan potpisivanja Sporazuma, kada \u0107e sudjelovati na Me\u0111unarodnoj stru\u010dnoj konferenciji iz oblasti turizma i za\u0161tite okoli\u0161a \u201cMostar \u2013 neotkriveni turisti\u010dki potencijali\u201d.<\/p>\n\n\n\n<p>Izvor:pogled.ba<\/p>\n","protected":false},"excerpt":{"rendered":"<p>Potpisivanje Sporazuma o prijateljstvu i suradnji izme\u0111u Grada Mostara i Grada Osijeka bit \u0107e uprili\u010deno u \u010detvrtak 26.5.2022.godine s po\u010detkom u 10:30&nbsp; u Vije\u0107nici&nbsp; Grada Mostara. Sporazum \u0107e potpisati gradona\u010delnici Osijeka i Mostara Ivan Radi\u0107 i Mario Kordi\u0107, a Sporazum ima za cilju unaprijediti prijateljske odnose, posebno na podru\u010dju gospodarstva, kulture, turizma, obrazovanja i sporta. [&hellip;]<\/p>\n","protected":false},"author":2,"featured_media":143770,"comment_status":"closed","ping_status":"closed","sticky":false,"template":"","format":"standard","meta":{"h5ap_radio_sources":[],"footnotes":""},"categories":[1],"tags":[],"class_list":["post-143769","post","type-post","status-publish","format-standard","has-post-thumbnail","hentry","category-bihiregija"],"yoast_head":"<!-- This site is optimized with the Yoast SEO plugin v27.5 - https:\/\/yoast.com\/product\/yoast-seo-wordpress\/ -->\n<title>Mostar i Osijek potpisuju Sporazum u prijateljstvu i suradnji - RADIO LJUBU\u0160KI<\/title>\n<meta name=\"robots\" content=\"index, follow, max-snippet:-1, max-image-preview:large, max-video-preview:-1\" \/>\n<link rel=\"canonical\" href=\"https:\/\/radioljubuski.ba\/index.php\/2022\/05\/24\/mostar-i-osijek-potpisuju-sporazum-u-prijateljstvu-i-suradnji\/\" \/>\n<meta property=\"og:locale\" content=\"hr_HR\" \/>\n<meta property=\"og:type\" content=\"article\" \/>\n<meta property=\"og:title\" content=\"Mostar i Osijek potpisuju Sporazum u prijateljstvu i suradnji - RADIO LJUBU\u0160KI\" \/>\n<meta property=\"og:description\" content=\"Potpisivanje Sporazuma o prijateljstvu i suradnji izme\u0111u Grada Mostara i Grada Osijeka bit \u0107e uprili\u010deno u \u010detvrtak 26.5.2022.godine s po\u010detkom u 10:30&nbsp; u Vije\u0107nici&nbsp; Grada Mostara. Sporazum \u0107e potpisati gradona\u010delnici Osijeka i Mostara Ivan Radi\u0107 i Mario Kordi\u0107, a Sporazum ima za cilju unaprijediti prijateljske odnose, posebno na podru\u010dju gospodarstva, kulture, turizma, obrazovanja i sporta. [&hellip;]\" \/>\n<meta property=\"og:url\" content=\"https:\/\/radioljubuski.ba\/index.php\/2022\/05\/24\/mostar-i-osijek-potpisuju-sporazum-u-prijateljstvu-i-suradnji\/\" \/>\n<meta property=\"og:site_name\" content=\"RADIO LJUBU\u0160KI\" \/>\n<meta property=\"article:publisher\" content=\"https:\/\/www.facebook.com\/Radiio-Ljubuski-1490835324566332\" \/>\n<meta property=\"article:published_time\" content=\"2022-05-24T13:38:44+00:00\" \/>\n<meta property=\"article:modified_time\" content=\"2022-05-24T13:38:45+00:00\" \/>\n<meta property=\"og:image\" content=\"https:\/\/radioljubuski.ba\/wp-content\/uploads\/2022\/05\/8-2022-05-12-16-27-54-kordic.jpg\" \/>\n\t<meta property=\"og:image:width\" content=\"1000\" \/>\n\t<meta property=\"og:image:height\" content=\"625\" \/>\n\t<meta property=\"og:image:type\" content=\"image\/jpeg\" \/>\n<meta name=\"author\" content=\"Radio Ljubu\u0161ki\" \/>\n<meta name=\"twitter:card\" content=\"summary_large_image\" \/>\n<meta name=\"twitter:creator\" content=\"@radioljubuski\" \/>\n<meta name=\"twitter:site\" content=\"@radioljubuski\" \/>\n<meta name=\"twitter:label1\" content=\"Napisao\/la\" \/>\n\t<meta name=\"twitter:data1\" content=\"Radio Ljubu\u0161ki\" \/>\n\t<meta name=\"twitter:label2\" content=\"Procijenjeno vrijeme \u010ditanja\" \/>\n\t<meta name=\"twitter:data2\" content=\"1 minuta\" \/>\n<script type=\"application\/ld+json\" class=\"yoast-schema-graph\">{\"@context\":\"https:\\\/\\\/schema.org\",\"@graph\":[{\"@type\":\"Article\",\"@id\":\"https:\\\/\\\/radioljubuski.ba\\\/index.php\\\/2022\\\/05\\\/24\\\/mostar-i-osijek-potpisuju-sporazum-u-prijateljstvu-i-suradnji\\\/#article\",\"isPartOf\":{\"@id\":\"https:\\\/\\\/radioljubuski.ba\\\/index.php\\\/2022\\\/05\\\/24\\\/mostar-i-osijek-potpisuju-sporazum-u-prijateljstvu-i-suradnji\\\/\"},\"author\":{\"name\":\"Radio Ljubu\u0161ki\",\"@id\":\"https:\\\/\\\/radioljubuski.ba\\\/#\\\/schema\\\/person\\\/19fc700381a780f69665d7956c469e3b\"},\"headline\":\"Mostar i Osijek potpisuju Sporazum u prijateljstvu i suradnji\",\"datePublished\":\"2022-05-24T13:38:44+00:00\",\"dateModified\":\"2022-05-24T13:38:45+00:00\",\"mainEntityOfPage\":{\"@id\":\"https:\\\/\\\/radioljubuski.ba\\\/index.php\\\/2022\\\/05\\\/24\\\/mostar-i-osijek-potpisuju-sporazum-u-prijateljstvu-i-suradnji\\\/\"},\"wordCount\":168,\"publisher\":{\"@id\":\"https:\\\/\\\/radioljubuski.ba\\\/#organization\"},\"image\":{\"@id\":\"https:\\\/\\\/radioljubuski.ba\\\/index.php\\\/2022\\\/05\\\/24\\\/mostar-i-osijek-potpisuju-sporazum-u-prijateljstvu-i-suradnji\\\/#primaryimage\"},\"thumbnailUrl\":\"https:\\\/\\\/radioljubuski.ba\\\/wp-content\\\/uploads\\\/2022\\\/05\\\/8-2022-05-12-16-27-54-kordic.jpg\",\"articleSection\":[\"BIH i regija\"],\"inLanguage\":\"hr\"},{\"@type\":\"WebPage\",\"@id\":\"https:\\\/\\\/radioljubuski.ba\\\/index.php\\\/2022\\\/05\\\/24\\\/mostar-i-osijek-potpisuju-sporazum-u-prijateljstvu-i-suradnji\\\/\",\"url\":\"https:\\\/\\\/radioljubuski.ba\\\/index.php\\\/2022\\\/05\\\/24\\\/mostar-i-osijek-potpisuju-sporazum-u-prijateljstvu-i-suradnji\\\/\",\"name\":\"Mostar i Osijek potpisuju Sporazum u prijateljstvu i suradnji - RADIO LJUBU\u0160KI\",\"isPartOf\":{\"@id\":\"https:\\\/\\\/radioljubuski.ba\\\/#website\"},\"primaryImageOfPage\":{\"@id\":\"https:\\\/\\\/radioljubuski.ba\\\/index.php\\\/2022\\\/05\\\/24\\\/mostar-i-osijek-potpisuju-sporazum-u-prijateljstvu-i-suradnji\\\/#primaryimage\"},\"image\":{\"@id\":\"https:\\\/\\\/radioljubuski.ba\\\/index.php\\\/2022\\\/05\\\/24\\\/mostar-i-osijek-potpisuju-sporazum-u-prijateljstvu-i-suradnji\\\/#primaryimage\"},\"thumbnailUrl\":\"https:\\\/\\\/radioljubuski.ba\\\/wp-content\\\/uploads\\\/2022\\\/05\\\/8-2022-05-12-16-27-54-kordic.jpg\",\"datePublished\":\"2022-05-24T13:38:44+00:00\",\"dateModified\":\"2022-05-24T13:38:45+00:00\",\"breadcrumb\":{\"@id\":\"https:\\\/\\\/radioljubuski.ba\\\/index.php\\\/2022\\\/05\\\/24\\\/mostar-i-osijek-potpisuju-sporazum-u-prijateljstvu-i-suradnji\\\/#breadcrumb\"},\"inLanguage\":\"hr\",\"potentialAction\":[{\"@type\":\"ReadAction\",\"target\":[\"https:\\\/\\\/radioljubuski.ba\\\/index.php\\\/2022\\\/05\\\/24\\\/mostar-i-osijek-potpisuju-sporazum-u-prijateljstvu-i-suradnji\\\/\"]}]},{\"@type\":\"ImageObject\",\"inLanguage\":\"hr\",\"@id\":\"https:\\\/\\\/radioljubuski.ba\\\/index.php\\\/2022\\\/05\\\/24\\\/mostar-i-osijek-potpisuju-sporazum-u-prijateljstvu-i-suradnji\\\/#primaryimage\",\"url\":\"https:\\\/\\\/radioljubuski.ba\\\/wp-content\\\/uploads\\\/2022\\\/05\\\/8-2022-05-12-16-27-54-kordic.jpg\",\"contentUrl\":\"https:\\\/\\\/radioljubuski.ba\\\/wp-content\\\/uploads\\\/2022\\\/05\\\/8-2022-05-12-16-27-54-kordic.jpg\",\"width\":1000,\"height\":625},{\"@type\":\"BreadcrumbList\",\"@id\":\"https:\\\/\\\/radioljubuski.ba\\\/index.php\\\/2022\\\/05\\\/24\\\/mostar-i-osijek-potpisuju-sporazum-u-prijateljstvu-i-suradnji\\\/#breadcrumb\",\"itemListElement\":[{\"@type\":\"ListItem\",\"position\":1,\"name\":\"Po\u010detna stranica\",\"item\":\"https:\\\/\\\/radioljubuski.ba\\\/\"},{\"@type\":\"ListItem\",\"position\":2,\"name\":\"Mostar i Osijek potpisuju Sporazum u prijateljstvu i suradnji\"}]},{\"@type\":\"WebSite\",\"@id\":\"https:\\\/\\\/radioljubuski.ba\\\/#website\",\"url\":\"https:\\\/\\\/radioljubuski.ba\\\/\",\"name\":\"Radio Ljubu\u0161ki\",\"description\":\"Sun\u010dana frekvencija Hercegovine\",\"publisher\":{\"@id\":\"https:\\\/\\\/radioljubuski.ba\\\/#organization\"},\"potentialAction\":[{\"@type\":\"SearchAction\",\"target\":{\"@type\":\"EntryPoint\",\"urlTemplate\":\"https:\\\/\\\/radioljubuski.ba\\\/?s={search_term_string}\"},\"query-input\":{\"@type\":\"PropertyValueSpecification\",\"valueRequired\":true,\"valueName\":\"search_term_string\"}}],\"inLanguage\":\"hr\"},{\"@type\":\"Organization\",\"@id\":\"https:\\\/\\\/radioljubuski.ba\\\/#organization\",\"name\":\"Radio Ljubu\u0161ki\",\"url\":\"https:\\\/\\\/radioljubuski.ba\\\/\",\"logo\":{\"@type\":\"ImageObject\",\"inLanguage\":\"hr\",\"@id\":\"https:\\\/\\\/radioljubuski.ba\\\/#\\\/schema\\\/logo\\\/image\\\/\",\"url\":\"https:\\\/\\\/radioljubuski.ba\\\/wp-content\\\/uploads\\\/2021\\\/02\\\/cropped-Radio_Ljubuski_logo1.jpg\",\"contentUrl\":\"https:\\\/\\\/radioljubuski.ba\\\/wp-content\\\/uploads\\\/2021\\\/02\\\/cropped-Radio_Ljubuski_logo1.jpg\",\"width\":512,\"height\":512,\"caption\":\"Radio Ljubu\u0161ki\"},\"image\":{\"@id\":\"https:\\\/\\\/radioljubuski.ba\\\/#\\\/schema\\\/logo\\\/image\\\/\"},\"sameAs\":[\"https:\\\/\\\/www.facebook.com\\\/Radiio-Ljubuski-1490835324566332\",\"https:\\\/\\\/x.com\\\/radioljubuski\",\"https:\\\/\\\/hr.linkedin.com\\\/company\\\/radio-ljubuski\",\"https:\\\/\\\/www.youtube.com\\\/channel\\\/UCHYaeO_n0Db3tjNGudGpXyw\"]},{\"@type\":\"Person\",\"@id\":\"https:\\\/\\\/radioljubuski.ba\\\/#\\\/schema\\\/person\\\/19fc700381a780f69665d7956c469e3b\",\"name\":\"Radio Ljubu\u0161ki\"}]}<\/script>\n<!-- \/ Yoast SEO plugin. -->","yoast_head_json":{"title":"Mostar i Osijek potpisuju Sporazum u prijateljstvu i suradnji - RADIO LJUBU\u0160KI","robots":{"index":"index","follow":"follow","max-snippet":"max-snippet:-1","max-image-preview":"max-image-preview:large","max-video-preview":"max-video-preview:-1"},"canonical":"https:\/\/radioljubuski.ba\/index.php\/2022\/05\/24\/mostar-i-osijek-potpisuju-sporazum-u-prijateljstvu-i-suradnji\/","og_locale":"hr_HR","og_type":"article","og_title":"Mostar i Osijek potpisuju Sporazum u prijateljstvu i suradnji - RADIO LJUBU\u0160KI","og_description":"Potpisivanje Sporazuma o prijateljstvu i suradnji izme\u0111u Grada Mostara i Grada Osijeka bit \u0107e uprili\u010deno u \u010detvrtak 26.5.2022.godine s po\u010detkom u 10:30&nbsp; u Vije\u0107nici&nbsp; Grada Mostara. Sporazum \u0107e potpisati gradona\u010delnici Osijeka i Mostara Ivan Radi\u0107 i Mario Kordi\u0107, a Sporazum ima za cilju unaprijediti prijateljske odnose, posebno na podru\u010dju gospodarstva, kulture, turizma, obrazovanja i sporta. [&hellip;]","og_url":"https:\/\/radioljubuski.ba\/index.php\/2022\/05\/24\/mostar-i-osijek-potpisuju-sporazum-u-prijateljstvu-i-suradnji\/","og_site_name":"RADIO LJUBU\u0160KI","article_publisher":"https:\/\/www.facebook.com\/Radiio-Ljubuski-1490835324566332","article_published_time":"2022-05-24T13:38:44+00:00","article_modified_time":"2022-05-24T13:38:45+00:00","og_image":[{"width":1000,"height":625,"url":"https:\/\/radioljubuski.ba\/wp-content\/uploads\/2022\/05\/8-2022-05-12-16-27-54-kordic.jpg","type":"image\/jpeg"}],"author":"Radio Ljubu\u0161ki","twitter_card":"summary_large_image","twitter_creator":"@radioljubuski","twitter_site":"@radioljubuski","twitter_misc":{"Napisao\/la":"Radio Ljubu\u0161ki","Procijenjeno vrijeme \u010ditanja":"1 minuta"},"schema":{"@context":"https:\/\/schema.org","@graph":[{"@type":"Article","@id":"https:\/\/radioljubuski.ba\/index.php\/2022\/05\/24\/mostar-i-osijek-potpisuju-sporazum-u-prijateljstvu-i-suradnji\/#article","isPartOf":{"@id":"https:\/\/radioljubuski.ba\/index.php\/2022\/05\/24\/mostar-i-osijek-potpisuju-sporazum-u-prijateljstvu-i-suradnji\/"},"author":{"name":"Radio Ljubu\u0161ki","@id":"https:\/\/radioljubuski.ba\/#\/schema\/person\/19fc700381a780f69665d7956c469e3b"},"headline":"Mostar i Osijek potpisuju Sporazum u prijateljstvu i suradnji","datePublished":"2022-05-24T13:38:44+00:00","dateModified":"2022-05-24T13:38:45+00:00","mainEntityOfPage":{"@id":"https:\/\/radioljubuski.ba\/index.php\/2022\/05\/24\/mostar-i-osijek-potpisuju-sporazum-u-prijateljstvu-i-suradnji\/"},"wordCount":168,"publisher":{"@id":"https:\/\/radioljubuski.ba\/#organization"},"image":{"@id":"https:\/\/radioljubuski.ba\/index.php\/2022\/05\/24\/mostar-i-osijek-potpisuju-sporazum-u-prijateljstvu-i-suradnji\/#primaryimage"},"thumbnailUrl":"https:\/\/radioljubuski.ba\/wp-content\/uploads\/2022\/05\/8-2022-05-12-16-27-54-kordic.jpg","articleSection":["BIH i regija"],"inLanguage":"hr"},{"@type":"WebPage","@id":"https:\/\/radioljubuski.ba\/index.php\/2022\/05\/24\/mostar-i-osijek-potpisuju-sporazum-u-prijateljstvu-i-suradnji\/","url":"https:\/\/radioljubuski.ba\/index.php\/2022\/05\/24\/mostar-i-osijek-potpisuju-sporazum-u-prijateljstvu-i-suradnji\/","name":"Mostar i Osijek potpisuju Sporazum u prijateljstvu i suradnji - RADIO LJUBU\u0160KI","isPartOf":{"@id":"https:\/\/radioljubuski.ba\/#website"},"primaryImageOfPage":{"@id":"https:\/\/radioljubuski.ba\/index.php\/2022\/05\/24\/mostar-i-osijek-potpisuju-sporazum-u-prijateljstvu-i-suradnji\/#primaryimage"},"image":{"@id":"https:\/\/radioljubuski.ba\/index.php\/2022\/05\/24\/mostar-i-osijek-potpisuju-sporazum-u-prijateljstvu-i-suradnji\/#primaryimage"},"thumbnailUrl":"https:\/\/radioljubuski.ba\/wp-content\/uploads\/2022\/05\/8-2022-05-12-16-27-54-kordic.jpg","datePublished":"2022-05-24T13:38:44+00:00","dateModified":"2022-05-24T13:38:45+00:00","breadcrumb":{"@id":"https:\/\/radioljubuski.ba\/index.php\/2022\/05\/24\/mostar-i-osijek-potpisuju-sporazum-u-prijateljstvu-i-suradnji\/#breadcrumb"},"inLanguage":"hr","potentialAction":[{"@type":"ReadAction","target":["https:\/\/radioljubuski.ba\/index.php\/2022\/05\/24\/mostar-i-osijek-potpisuju-sporazum-u-prijateljstvu-i-suradnji\/"]}]},{"@type":"ImageObject","inLanguage":"hr","@id":"https:\/\/radioljubuski.ba\/index.php\/2022\/05\/24\/mostar-i-osijek-potpisuju-sporazum-u-prijateljstvu-i-suradnji\/#primaryimage","url":"https:\/\/radioljubuski.ba\/wp-content\/uploads\/2022\/05\/8-2022-05-12-16-27-54-kordic.jpg","contentUrl":"https:\/\/radioljubuski.ba\/wp-content\/uploads\/2022\/05\/8-2022-05-12-16-27-54-kordic.jpg","width":1000,"height":625},{"@type":"BreadcrumbList","@id":"https:\/\/radioljubuski.ba\/index.php\/2022\/05\/24\/mostar-i-osijek-potpisuju-sporazum-u-prijateljstvu-i-suradnji\/#breadcrumb","itemListElement":[{"@type":"ListItem","position":1,"name":"Po\u010detna stranica","item":"https:\/\/radioljubuski.ba\/"},{"@type":"ListItem","position":2,"name":"Mostar i Osijek potpisuju Sporazum u prijateljstvu i suradnji"}]},{"@type":"WebSite","@id":"https:\/\/radioljubuski.ba\/#website","url":"https:\/\/radioljubuski.ba\/","name":"Radio Ljubu\u0161ki","description":"Sun\u010dana frekvencija Hercegovine","publisher":{"@id":"https:\/\/radioljubuski.ba\/#organization"},"potentialAction":[{"@type":"SearchAction","target":{"@type":"EntryPoint","urlTemplate":"https:\/\/radioljubuski.ba\/?s={search_term_string}"},"query-input":{"@type":"PropertyValueSpecification","valueRequired":true,"valueName":"search_term_string"}}],"inLanguage":"hr"},{"@type":"Organization","@id":"https:\/\/radioljubuski.ba\/#organization","name":"Radio Ljubu\u0161ki","url":"https:\/\/radioljubuski.ba\/","logo":{"@type":"ImageObject","inLanguage":"hr","@id":"https:\/\/radioljubuski.ba\/#\/schema\/logo\/image\/","url":"https:\/\/radioljubuski.ba\/wp-content\/uploads\/2021\/02\/cropped-Radio_Ljubuski_logo1.jpg","contentUrl":"https:\/\/radioljubuski.ba\/wp-content\/uploads\/2021\/02\/cropped-Radio_Ljubuski_logo1.jpg","width":512,"height":512,"caption":"Radio Ljubu\u0161ki"},"image":{"@id":"https:\/\/radioljubuski.ba\/#\/schema\/logo\/image\/"},"sameAs":["https:\/\/www.facebook.com\/Radiio-Ljubuski-1490835324566332","https:\/\/x.com\/radioljubuski","https:\/\/hr.linkedin.com\/company\/radio-ljubuski","https:\/\/www.youtube.com\/channel\/UCHYaeO_n0Db3tjNGudGpXyw"]},{"@type":"Person","@id":"https:\/\/radioljubuski.ba\/#\/schema\/person\/19fc700381a780f69665d7956c469e3b","name":"Radio Ljubu\u0161ki"}]}},"_links":{"self":[{"href":"https:\/\/radioljubuski.ba\/index.php\/wp-json\/wp\/v2\/posts\/143769","targetHints":{"allow":["GET"]}}],"collection":[{"href":"https:\/\/radioljubuski.ba\/index.php\/wp-json\/wp\/v2\/posts"}],"about":[{"href":"https:\/\/radioljubuski.ba\/index.php\/wp-json\/wp\/v2\/types\/post"}],"author":[{"embeddable":true,"href":"https:\/\/radioljubuski.ba\/index.php\/wp-json\/wp\/v2\/users\/2"}],"replies":[{"embeddable":true,"href":"https:\/\/radioljubuski.ba\/index.php\/wp-json\/wp\/v2\/comments?post=143769"}],"version-history":[{"count":1,"href":"https:\/\/radioljubuski.ba\/index.php\/wp-json\/wp\/v2\/posts\/143769\/revisions"}],"predecessor-version":[{"id":143771,"href":"https:\/\/radioljubuski.ba\/index.php\/wp-json\/wp\/v2\/posts\/143769\/revisions\/143771"}],"wp:featuredmedia":[{"embeddable":true,"href":"https:\/\/radioljubuski.ba\/index.php\/wp-json\/wp\/v2\/media\/143770"}],"wp:attachment":[{"href":"https:\/\/radioljubuski.ba\/index.php\/wp-json\/wp\/v2\/media?parent=143769"}],"wp:term":[{"taxonomy":"category","embeddable":true,"href":"https:\/\/radioljubuski.ba\/index.php\/wp-json\/wp\/v2\/categories?post=143769"},{"taxonomy":"post_tag","embeddable":true,"href":"https:\/\/radioljubuski.ba\/index.php\/wp-json\/wp\/v2\/tags?post=143769"}],"curies":[{"name":"wp","href":"https:\/\/api.w.org\/{rel}","templated":true}]}}