{"id":143814,"date":"2022-05-25T12:39:34","date_gmt":"2022-05-25T11:39:34","guid":{"rendered":"https:\/\/radioljubuski.ba\/?p=143814"},"modified":"2022-05-25T12:39:34","modified_gmt":"2022-05-25T11:39:34","slug":"teksas-u-pucnjavi-u-osnovnoj-skoli-ubijeno-najmanje-19-ucenika-i-dvoje-odraslih","status":"publish","type":"post","link":"https:\/\/radioljubuski.ba\/index.php\/2022\/05\/25\/teksas-u-pucnjavi-u-osnovnoj-skoli-ubijeno-najmanje-19-ucenika-i-dvoje-odraslih\/","title":{"rendered":"Teksas: U pucnjavi u osnovnoj \u0161koli ubijeno najmanje 19 u\u010denika i dvoje odraslih"},"content":{"rendered":"\n<p>Prema posljednjim informacijama, ubijeno je 19 djece, dvoje odraslih, od kojih jedan u\u010ditelj, a mnogo je ranjenih &#8211; me\u0111u njima i dvojica policajaca. Dogodilo se to u osnovnoj \u0161koli u Uvaldeu u Teksasu, a napad je po\u010dinio 18-godi\u0161njak koji je u ubijen u pucnjavi kojom su odgovorili policajci. Prije pohoda na \u0161kolu mladi\u0107 je ranio i svoju baku, koja je u bolnici i u kriti\u010dnom je stanju. Motivi se jo\u0161 istra\u017euju, a doznaje se da je na svojemu profilu na instagramu tri dana prije pokolja objavio fotografiju dviju pu\u0161aka. &nbsp;Prijatelj napada\u010da potvrdio je da mu je ubojica prije nekoliko dana poslao fotografije vatrenog oru\u017eja koje je posjedovao i torbe pune streljiva.<\/p>\n\n\n\n<p>Guverner Greg Abbot rekao je da je napada\u010d imao pi\u0161tolj, a mo\u017eda i pu\u0161ku.<\/p>\n\n\n\n<p>&#8211; Stra\u0161na tragedija dogodila se u Uvaldeu koja se ne mo\u017ee tolerirati u Texasu. Lokalna policija poduzima brzu akciju, kazao je Abbot na konferenciji za novinare.&nbsp;<\/p>\n\n\n\n<p>Izjavio je i kako vjeruje da su napada\u010da ubili policajci prilikom reakcije na pucnjavu.&nbsp;<\/p>\n\n\n\n<p>&#8211; Prema postoje\u0107oj istrazi napada\u010d je djelovao sam u ovome zlo\u010dinu, kazao je Pete Arredondo, predstavnik policije u Uvaldeu.&nbsp;<\/p>\n\n\n\n<p>CNN izvje\u0161\u0107uje kako je napada\u010d 18-godi\u0161nji Salvador Ramos.<\/p>\n\n\n\n<p>Me\u0111u ozlije\u0111enima su i dva policajca. Napada\u010d je navodno pucao i u svoju baku prije nego se dogodio napad u \u0161koli.<\/p>\n\n\n\n<p>Bolnica u San Antoniju priop\u0107ila je da je primila jedno desetogodi\u0161nje dijete i 66-godi\u0161nju \u017eenu stradale u pucnjavi. Obje pacijentice su u kriti\u010dnom stanju, objavila je bolnica.<\/p>\n\n\n\n<p>Policija u Uvaldeu odr\u017eala je konferenciju za novinare o pucnjavi u \u0161koli. Pro\u010ditana je izjava, a pitanja nisu omogu\u0107ena. Re\u010deno je kako u \u0161koli ima poginulih i ozlije\u0111enih, a da je napada\u010d ubijen te kako se u ovom trenutku vjeruje da je napada\u010d djelovao sam.<\/p>\n\n\n\n<p>Ameri\u010dki predsjednik Joe Biden obavije\u0161ten je tragediji koja se dogodila u Uvaldeu, doznaje se iz Bijele ku\u0107e.<\/p>\n\n\n\n<p>Molitve predsjednika su s obiteljima pogo\u0111enima ovim groznim doga\u0111ajem, navodi Karine Jean-Pierre iz odnosa s javno\u0161\u0107u Bijele ku\u0107e i dodaje kako se o\u010dekuje da \u0107e se Biden danas obratiti javnosti.<\/p>\n\n\n\n<p>Ameri\u010dka zastava na Bijeloj ku\u0107i spu\u0161tena je na pola koplja. Predsjednik SAD-a Joe Biden je zapovjedio spu\u0161tanje zastava SAD-a na pola koplja na Bijeloj ku\u0107i i drugim javnim zgradama kao znak po\u0161tovanja prema \u017ertvama pucnjave u osnovnoj \u0161koli u Uvaldeu u Teksasu.&nbsp;<\/p>\n\n\n\n<p>Zastave \u0107e biti spu\u0161tene na pola koplja do 28. svibnja, ka\u017ee se u priop\u0107enju.&nbsp;<\/p>\n\n\n\n<p>Otkazani su svi programi nakon \u0161kole i doga\u0111aji te sve aktivnosti u okrugu.&nbsp;<\/p>\n\n\n\n<p>Pucnjave na javnim mjestima gotovo su svakodnevne u Sjedinjenim Dr\u017eavama i oru\u017eano nasilje je u porastu u velikim gradovima poput New Yorka, Chicaga, Miamija i San Francisca, napose nakon pandemije 2020.<\/p>\n\n\n\n<p>Sredinom svibnja Ameriku je potresao rasisti\u010dki napad vatrenim oru\u017ejem u kojemu je ubijeno 10 crnaca u trgovini u Buffalu, u saveznoj dr\u017eavi New Yorku.<\/p>\n\n\n\n<p>Izvor: <a href=\"https:\/\/pogled.ba\/svijet\/teksas-u-pucnjavi-u-osnovnoj-skoli-ubijeno-najmanje-19-ucenika-i-dvoje-odraslih\/246234\">Pogled.ba<\/a><\/p>\n","protected":false},"excerpt":{"rendered":"<p>Prema posljednjim informacijama, ubijeno je 19 djece, dvoje odraslih, od kojih jedan u\u010ditelj, a mnogo je ranjenih &#8211; me\u0111u njima i dvojica policajaca. Dogodilo se to u osnovnoj \u0161koli u Uvaldeu u Teksasu, a napad je po\u010dinio 18-godi\u0161njak koji je u ubijen u pucnjavi kojom su odgovorili policajci. Prije pohoda na \u0161kolu mladi\u0107 je ranio [&hellip;]<\/p>\n","protected":false},"author":2,"featured_media":143817,"comment_status":"closed","ping_status":"closed","sticky":false,"template":"","format":"standard","meta":{"h5ap_radio_sources":[],"footnotes":""},"categories":[1],"tags":[],"class_list":["post-143814","post","type-post","status-publish","format-standard","has-post-thumbnail","hentry","category-bihiregija"],"yoast_head":"<!-- This site is optimized with the Yoast SEO plugin v27.5 - https:\/\/yoast.com\/product\/yoast-seo-wordpress\/ -->\n<title>Teksas: U pucnjavi u osnovnoj \u0161koli ubijeno najmanje 19 u\u010denika i dvoje odraslih - RADIO LJUBU\u0160KI<\/title>\n<meta name=\"robots\" content=\"index, follow, max-snippet:-1, max-image-preview:large, max-video-preview:-1\" \/>\n<link rel=\"canonical\" href=\"https:\/\/radioljubuski.ba\/index.php\/2022\/05\/25\/teksas-u-pucnjavi-u-osnovnoj-skoli-ubijeno-najmanje-19-ucenika-i-dvoje-odraslih\/\" \/>\n<meta property=\"og:locale\" content=\"hr_HR\" \/>\n<meta property=\"og:type\" content=\"article\" \/>\n<meta property=\"og:title\" content=\"Teksas: U pucnjavi u osnovnoj \u0161koli ubijeno najmanje 19 u\u010denika i dvoje odraslih - RADIO LJUBU\u0160KI\" \/>\n<meta property=\"og:description\" content=\"Prema posljednjim informacijama, ubijeno je 19 djece, dvoje odraslih, od kojih jedan u\u010ditelj, a mnogo je ranjenih &#8211; me\u0111u njima i dvojica policajaca. Dogodilo se to u osnovnoj \u0161koli u Uvaldeu u Teksasu, a napad je po\u010dinio 18-godi\u0161njak koji je u ubijen u pucnjavi kojom su odgovorili policajci. Prije pohoda na \u0161kolu mladi\u0107 je ranio [&hellip;]\" \/>\n<meta property=\"og:url\" content=\"https:\/\/radioljubuski.ba\/index.php\/2022\/05\/25\/teksas-u-pucnjavi-u-osnovnoj-skoli-ubijeno-najmanje-19-ucenika-i-dvoje-odraslih\/\" \/>\n<meta property=\"og:site_name\" content=\"RADIO LJUBU\u0160KI\" \/>\n<meta property=\"article:publisher\" content=\"https:\/\/www.facebook.com\/Radiio-Ljubuski-1490835324566332\" \/>\n<meta property=\"article:published_time\" content=\"2022-05-25T11:39:34+00:00\" \/>\n<meta property=\"og:image\" content=\"https:\/\/radioljubuski.ba\/wp-content\/uploads\/2022\/05\/10-2022-04-12-17-21-08-o_109994_1024.jpg\" \/>\n\t<meta property=\"og:image:width\" content=\"1000\" \/>\n\t<meta property=\"og:image:height\" content=\"625\" \/>\n\t<meta property=\"og:image:type\" content=\"image\/jpeg\" \/>\n<meta name=\"author\" content=\"Radio Ljubu\u0161ki\" \/>\n<meta name=\"twitter:card\" content=\"summary_large_image\" \/>\n<meta name=\"twitter:creator\" content=\"@radioljubuski\" \/>\n<meta name=\"twitter:site\" content=\"@radioljubuski\" \/>\n<meta name=\"twitter:label1\" content=\"Napisao\/la\" \/>\n\t<meta name=\"twitter:data1\" content=\"Radio Ljubu\u0161ki\" \/>\n\t<meta name=\"twitter:label2\" content=\"Procijenjeno vrijeme \u010ditanja\" \/>\n\t<meta name=\"twitter:data2\" content=\"2 minute\" \/>\n<script type=\"application\/ld+json\" class=\"yoast-schema-graph\">{\"@context\":\"https:\\\/\\\/schema.org\",\"@graph\":[{\"@type\":\"Article\",\"@id\":\"https:\\\/\\\/radioljubuski.ba\\\/index.php\\\/2022\\\/05\\\/25\\\/teksas-u-pucnjavi-u-osnovnoj-skoli-ubijeno-najmanje-19-ucenika-i-dvoje-odraslih\\\/#article\",\"isPartOf\":{\"@id\":\"https:\\\/\\\/radioljubuski.ba\\\/index.php\\\/2022\\\/05\\\/25\\\/teksas-u-pucnjavi-u-osnovnoj-skoli-ubijeno-najmanje-19-ucenika-i-dvoje-odraslih\\\/\"},\"author\":{\"name\":\"Radio Ljubu\u0161ki\",\"@id\":\"https:\\\/\\\/radioljubuski.ba\\\/#\\\/schema\\\/person\\\/19fc700381a780f69665d7956c469e3b\"},\"headline\":\"Teksas: U pucnjavi u osnovnoj \u0161koli ubijeno najmanje 19 u\u010denika i dvoje odraslih\",\"datePublished\":\"2022-05-25T11:39:34+00:00\",\"mainEntityOfPage\":{\"@id\":\"https:\\\/\\\/radioljubuski.ba\\\/index.php\\\/2022\\\/05\\\/25\\\/teksas-u-pucnjavi-u-osnovnoj-skoli-ubijeno-najmanje-19-ucenika-i-dvoje-odraslih\\\/\"},\"wordCount\":528,\"publisher\":{\"@id\":\"https:\\\/\\\/radioljubuski.ba\\\/#organization\"},\"image\":{\"@id\":\"https:\\\/\\\/radioljubuski.ba\\\/index.php\\\/2022\\\/05\\\/25\\\/teksas-u-pucnjavi-u-osnovnoj-skoli-ubijeno-najmanje-19-ucenika-i-dvoje-odraslih\\\/#primaryimage\"},\"thumbnailUrl\":\"https:\\\/\\\/radioljubuski.ba\\\/wp-content\\\/uploads\\\/2022\\\/05\\\/10-2022-04-12-17-21-08-o_109994_1024.jpg\",\"articleSection\":[\"BIH i regija\"],\"inLanguage\":\"hr\"},{\"@type\":\"WebPage\",\"@id\":\"https:\\\/\\\/radioljubuski.ba\\\/index.php\\\/2022\\\/05\\\/25\\\/teksas-u-pucnjavi-u-osnovnoj-skoli-ubijeno-najmanje-19-ucenika-i-dvoje-odraslih\\\/\",\"url\":\"https:\\\/\\\/radioljubuski.ba\\\/index.php\\\/2022\\\/05\\\/25\\\/teksas-u-pucnjavi-u-osnovnoj-skoli-ubijeno-najmanje-19-ucenika-i-dvoje-odraslih\\\/\",\"name\":\"Teksas: U pucnjavi u osnovnoj \u0161koli ubijeno najmanje 19 u\u010denika i dvoje odraslih - RADIO LJUBU\u0160KI\",\"isPartOf\":{\"@id\":\"https:\\\/\\\/radioljubuski.ba\\\/#website\"},\"primaryImageOfPage\":{\"@id\":\"https:\\\/\\\/radioljubuski.ba\\\/index.php\\\/2022\\\/05\\\/25\\\/teksas-u-pucnjavi-u-osnovnoj-skoli-ubijeno-najmanje-19-ucenika-i-dvoje-odraslih\\\/#primaryimage\"},\"image\":{\"@id\":\"https:\\\/\\\/radioljubuski.ba\\\/index.php\\\/2022\\\/05\\\/25\\\/teksas-u-pucnjavi-u-osnovnoj-skoli-ubijeno-najmanje-19-ucenika-i-dvoje-odraslih\\\/#primaryimage\"},\"thumbnailUrl\":\"https:\\\/\\\/radioljubuski.ba\\\/wp-content\\\/uploads\\\/2022\\\/05\\\/10-2022-04-12-17-21-08-o_109994_1024.jpg\",\"datePublished\":\"2022-05-25T11:39:34+00:00\",\"breadcrumb\":{\"@id\":\"https:\\\/\\\/radioljubuski.ba\\\/index.php\\\/2022\\\/05\\\/25\\\/teksas-u-pucnjavi-u-osnovnoj-skoli-ubijeno-najmanje-19-ucenika-i-dvoje-odraslih\\\/#breadcrumb\"},\"inLanguage\":\"hr\",\"potentialAction\":[{\"@type\":\"ReadAction\",\"target\":[\"https:\\\/\\\/radioljubuski.ba\\\/index.php\\\/2022\\\/05\\\/25\\\/teksas-u-pucnjavi-u-osnovnoj-skoli-ubijeno-najmanje-19-ucenika-i-dvoje-odraslih\\\/\"]}]},{\"@type\":\"ImageObject\",\"inLanguage\":\"hr\",\"@id\":\"https:\\\/\\\/radioljubuski.ba\\\/index.php\\\/2022\\\/05\\\/25\\\/teksas-u-pucnjavi-u-osnovnoj-skoli-ubijeno-najmanje-19-ucenika-i-dvoje-odraslih\\\/#primaryimage\",\"url\":\"https:\\\/\\\/radioljubuski.ba\\\/wp-content\\\/uploads\\\/2022\\\/05\\\/10-2022-04-12-17-21-08-o_109994_1024.jpg\",\"contentUrl\":\"https:\\\/\\\/radioljubuski.ba\\\/wp-content\\\/uploads\\\/2022\\\/05\\\/10-2022-04-12-17-21-08-o_109994_1024.jpg\",\"width\":1000,\"height\":625},{\"@type\":\"BreadcrumbList\",\"@id\":\"https:\\\/\\\/radioljubuski.ba\\\/index.php\\\/2022\\\/05\\\/25\\\/teksas-u-pucnjavi-u-osnovnoj-skoli-ubijeno-najmanje-19-ucenika-i-dvoje-odraslih\\\/#breadcrumb\",\"itemListElement\":[{\"@type\":\"ListItem\",\"position\":1,\"name\":\"Po\u010detna stranica\",\"item\":\"https:\\\/\\\/radioljubuski.ba\\\/\"},{\"@type\":\"ListItem\",\"position\":2,\"name\":\"Teksas: U pucnjavi u osnovnoj \u0161koli ubijeno najmanje 19 u\u010denika i dvoje odraslih\"}]},{\"@type\":\"WebSite\",\"@id\":\"https:\\\/\\\/radioljubuski.ba\\\/#website\",\"url\":\"https:\\\/\\\/radioljubuski.ba\\\/\",\"name\":\"Radio Ljubu\u0161ki\",\"description\":\"Sun\u010dana frekvencija Hercegovine\",\"publisher\":{\"@id\":\"https:\\\/\\\/radioljubuski.ba\\\/#organization\"},\"potentialAction\":[{\"@type\":\"SearchAction\",\"target\":{\"@type\":\"EntryPoint\",\"urlTemplate\":\"https:\\\/\\\/radioljubuski.ba\\\/?s={search_term_string}\"},\"query-input\":{\"@type\":\"PropertyValueSpecification\",\"valueRequired\":true,\"valueName\":\"search_term_string\"}}],\"inLanguage\":\"hr\"},{\"@type\":\"Organization\",\"@id\":\"https:\\\/\\\/radioljubuski.ba\\\/#organization\",\"name\":\"Radio Ljubu\u0161ki\",\"url\":\"https:\\\/\\\/radioljubuski.ba\\\/\",\"logo\":{\"@type\":\"ImageObject\",\"inLanguage\":\"hr\",\"@id\":\"https:\\\/\\\/radioljubuski.ba\\\/#\\\/schema\\\/logo\\\/image\\\/\",\"url\":\"https:\\\/\\\/radioljubuski.ba\\\/wp-content\\\/uploads\\\/2021\\\/02\\\/cropped-Radio_Ljubuski_logo1.jpg\",\"contentUrl\":\"https:\\\/\\\/radioljubuski.ba\\\/wp-content\\\/uploads\\\/2021\\\/02\\\/cropped-Radio_Ljubuski_logo1.jpg\",\"width\":512,\"height\":512,\"caption\":\"Radio Ljubu\u0161ki\"},\"image\":{\"@id\":\"https:\\\/\\\/radioljubuski.ba\\\/#\\\/schema\\\/logo\\\/image\\\/\"},\"sameAs\":[\"https:\\\/\\\/www.facebook.com\\\/Radiio-Ljubuski-1490835324566332\",\"https:\\\/\\\/x.com\\\/radioljubuski\",\"https:\\\/\\\/hr.linkedin.com\\\/company\\\/radio-ljubuski\",\"https:\\\/\\\/www.youtube.com\\\/channel\\\/UCHYaeO_n0Db3tjNGudGpXyw\"]},{\"@type\":\"Person\",\"@id\":\"https:\\\/\\\/radioljubuski.ba\\\/#\\\/schema\\\/person\\\/19fc700381a780f69665d7956c469e3b\",\"name\":\"Radio Ljubu\u0161ki\"}]}<\/script>\n<!-- \/ Yoast SEO plugin. -->","yoast_head_json":{"title":"Teksas: U pucnjavi u osnovnoj \u0161koli ubijeno najmanje 19 u\u010denika i dvoje odraslih - RADIO LJUBU\u0160KI","robots":{"index":"index","follow":"follow","max-snippet":"max-snippet:-1","max-image-preview":"max-image-preview:large","max-video-preview":"max-video-preview:-1"},"canonical":"https:\/\/radioljubuski.ba\/index.php\/2022\/05\/25\/teksas-u-pucnjavi-u-osnovnoj-skoli-ubijeno-najmanje-19-ucenika-i-dvoje-odraslih\/","og_locale":"hr_HR","og_type":"article","og_title":"Teksas: U pucnjavi u osnovnoj \u0161koli ubijeno najmanje 19 u\u010denika i dvoje odraslih - RADIO LJUBU\u0160KI","og_description":"Prema posljednjim informacijama, ubijeno je 19 djece, dvoje odraslih, od kojih jedan u\u010ditelj, a mnogo je ranjenih &#8211; me\u0111u njima i dvojica policajaca. Dogodilo se to u osnovnoj \u0161koli u Uvaldeu u Teksasu, a napad je po\u010dinio 18-godi\u0161njak koji je u ubijen u pucnjavi kojom su odgovorili policajci. Prije pohoda na \u0161kolu mladi\u0107 je ranio [&hellip;]","og_url":"https:\/\/radioljubuski.ba\/index.php\/2022\/05\/25\/teksas-u-pucnjavi-u-osnovnoj-skoli-ubijeno-najmanje-19-ucenika-i-dvoje-odraslih\/","og_site_name":"RADIO LJUBU\u0160KI","article_publisher":"https:\/\/www.facebook.com\/Radiio-Ljubuski-1490835324566332","article_published_time":"2022-05-25T11:39:34+00:00","og_image":[{"width":1000,"height":625,"url":"https:\/\/radioljubuski.ba\/wp-content\/uploads\/2022\/05\/10-2022-04-12-17-21-08-o_109994_1024.jpg","type":"image\/jpeg"}],"author":"Radio Ljubu\u0161ki","twitter_card":"summary_large_image","twitter_creator":"@radioljubuski","twitter_site":"@radioljubuski","twitter_misc":{"Napisao\/la":"Radio Ljubu\u0161ki","Procijenjeno vrijeme \u010ditanja":"2 minute"},"schema":{"@context":"https:\/\/schema.org","@graph":[{"@type":"Article","@id":"https:\/\/radioljubuski.ba\/index.php\/2022\/05\/25\/teksas-u-pucnjavi-u-osnovnoj-skoli-ubijeno-najmanje-19-ucenika-i-dvoje-odraslih\/#article","isPartOf":{"@id":"https:\/\/radioljubuski.ba\/index.php\/2022\/05\/25\/teksas-u-pucnjavi-u-osnovnoj-skoli-ubijeno-najmanje-19-ucenika-i-dvoje-odraslih\/"},"author":{"name":"Radio Ljubu\u0161ki","@id":"https:\/\/radioljubuski.ba\/#\/schema\/person\/19fc700381a780f69665d7956c469e3b"},"headline":"Teksas: U pucnjavi u osnovnoj \u0161koli ubijeno najmanje 19 u\u010denika i dvoje odraslih","datePublished":"2022-05-25T11:39:34+00:00","mainEntityOfPage":{"@id":"https:\/\/radioljubuski.ba\/index.php\/2022\/05\/25\/teksas-u-pucnjavi-u-osnovnoj-skoli-ubijeno-najmanje-19-ucenika-i-dvoje-odraslih\/"},"wordCount":528,"publisher":{"@id":"https:\/\/radioljubuski.ba\/#organization"},"image":{"@id":"https:\/\/radioljubuski.ba\/index.php\/2022\/05\/25\/teksas-u-pucnjavi-u-osnovnoj-skoli-ubijeno-najmanje-19-ucenika-i-dvoje-odraslih\/#primaryimage"},"thumbnailUrl":"https:\/\/radioljubuski.ba\/wp-content\/uploads\/2022\/05\/10-2022-04-12-17-21-08-o_109994_1024.jpg","articleSection":["BIH i regija"],"inLanguage":"hr"},{"@type":"WebPage","@id":"https:\/\/radioljubuski.ba\/index.php\/2022\/05\/25\/teksas-u-pucnjavi-u-osnovnoj-skoli-ubijeno-najmanje-19-ucenika-i-dvoje-odraslih\/","url":"https:\/\/radioljubuski.ba\/index.php\/2022\/05\/25\/teksas-u-pucnjavi-u-osnovnoj-skoli-ubijeno-najmanje-19-ucenika-i-dvoje-odraslih\/","name":"Teksas: U pucnjavi u osnovnoj \u0161koli ubijeno najmanje 19 u\u010denika i dvoje odraslih - RADIO LJUBU\u0160KI","isPartOf":{"@id":"https:\/\/radioljubuski.ba\/#website"},"primaryImageOfPage":{"@id":"https:\/\/radioljubuski.ba\/index.php\/2022\/05\/25\/teksas-u-pucnjavi-u-osnovnoj-skoli-ubijeno-najmanje-19-ucenika-i-dvoje-odraslih\/#primaryimage"},"image":{"@id":"https:\/\/radioljubuski.ba\/index.php\/2022\/05\/25\/teksas-u-pucnjavi-u-osnovnoj-skoli-ubijeno-najmanje-19-ucenika-i-dvoje-odraslih\/#primaryimage"},"thumbnailUrl":"https:\/\/radioljubuski.ba\/wp-content\/uploads\/2022\/05\/10-2022-04-12-17-21-08-o_109994_1024.jpg","datePublished":"2022-05-25T11:39:34+00:00","breadcrumb":{"@id":"https:\/\/radioljubuski.ba\/index.php\/2022\/05\/25\/teksas-u-pucnjavi-u-osnovnoj-skoli-ubijeno-najmanje-19-ucenika-i-dvoje-odraslih\/#breadcrumb"},"inLanguage":"hr","potentialAction":[{"@type":"ReadAction","target":["https:\/\/radioljubuski.ba\/index.php\/2022\/05\/25\/teksas-u-pucnjavi-u-osnovnoj-skoli-ubijeno-najmanje-19-ucenika-i-dvoje-odraslih\/"]}]},{"@type":"ImageObject","inLanguage":"hr","@id":"https:\/\/radioljubuski.ba\/index.php\/2022\/05\/25\/teksas-u-pucnjavi-u-osnovnoj-skoli-ubijeno-najmanje-19-ucenika-i-dvoje-odraslih\/#primaryimage","url":"https:\/\/radioljubuski.ba\/wp-content\/uploads\/2022\/05\/10-2022-04-12-17-21-08-o_109994_1024.jpg","contentUrl":"https:\/\/radioljubuski.ba\/wp-content\/uploads\/2022\/05\/10-2022-04-12-17-21-08-o_109994_1024.jpg","width":1000,"height":625},{"@type":"BreadcrumbList","@id":"https:\/\/radioljubuski.ba\/index.php\/2022\/05\/25\/teksas-u-pucnjavi-u-osnovnoj-skoli-ubijeno-najmanje-19-ucenika-i-dvoje-odraslih\/#breadcrumb","itemListElement":[{"@type":"ListItem","position":1,"name":"Po\u010detna stranica","item":"https:\/\/radioljubuski.ba\/"},{"@type":"ListItem","position":2,"name":"Teksas: U pucnjavi u osnovnoj \u0161koli ubijeno najmanje 19 u\u010denika i dvoje odraslih"}]},{"@type":"WebSite","@id":"https:\/\/radioljubuski.ba\/#website","url":"https:\/\/radioljubuski.ba\/","name":"Radio Ljubu\u0161ki","description":"Sun\u010dana frekvencija Hercegovine","publisher":{"@id":"https:\/\/radioljubuski.ba\/#organization"},"potentialAction":[{"@type":"SearchAction","target":{"@type":"EntryPoint","urlTemplate":"https:\/\/radioljubuski.ba\/?s={search_term_string}"},"query-input":{"@type":"PropertyValueSpecification","valueRequired":true,"valueName":"search_term_string"}}],"inLanguage":"hr"},{"@type":"Organization","@id":"https:\/\/radioljubuski.ba\/#organization","name":"Radio Ljubu\u0161ki","url":"https:\/\/radioljubuski.ba\/","logo":{"@type":"ImageObject","inLanguage":"hr","@id":"https:\/\/radioljubuski.ba\/#\/schema\/logo\/image\/","url":"https:\/\/radioljubuski.ba\/wp-content\/uploads\/2021\/02\/cropped-Radio_Ljubuski_logo1.jpg","contentUrl":"https:\/\/radioljubuski.ba\/wp-content\/uploads\/2021\/02\/cropped-Radio_Ljubuski_logo1.jpg","width":512,"height":512,"caption":"Radio Ljubu\u0161ki"},"image":{"@id":"https:\/\/radioljubuski.ba\/#\/schema\/logo\/image\/"},"sameAs":["https:\/\/www.facebook.com\/Radiio-Ljubuski-1490835324566332","https:\/\/x.com\/radioljubuski","https:\/\/hr.linkedin.com\/company\/radio-ljubuski","https:\/\/www.youtube.com\/channel\/UCHYaeO_n0Db3tjNGudGpXyw"]},{"@type":"Person","@id":"https:\/\/radioljubuski.ba\/#\/schema\/person\/19fc700381a780f69665d7956c469e3b","name":"Radio Ljubu\u0161ki"}]}},"_links":{"self":[{"href":"https:\/\/radioljubuski.ba\/index.php\/wp-json\/wp\/v2\/posts\/143814","targetHints":{"allow":["GET"]}}],"collection":[{"href":"https:\/\/radioljubuski.ba\/index.php\/wp-json\/wp\/v2\/posts"}],"about":[{"href":"https:\/\/radioljubuski.ba\/index.php\/wp-json\/wp\/v2\/types\/post"}],"author":[{"embeddable":true,"href":"https:\/\/radioljubuski.ba\/index.php\/wp-json\/wp\/v2\/users\/2"}],"replies":[{"embeddable":true,"href":"https:\/\/radioljubuski.ba\/index.php\/wp-json\/wp\/v2\/comments?post=143814"}],"version-history":[{"count":1,"href":"https:\/\/radioljubuski.ba\/index.php\/wp-json\/wp\/v2\/posts\/143814\/revisions"}],"predecessor-version":[{"id":143818,"href":"https:\/\/radioljubuski.ba\/index.php\/wp-json\/wp\/v2\/posts\/143814\/revisions\/143818"}],"wp:featuredmedia":[{"embeddable":true,"href":"https:\/\/radioljubuski.ba\/index.php\/wp-json\/wp\/v2\/media\/143817"}],"wp:attachment":[{"href":"https:\/\/radioljubuski.ba\/index.php\/wp-json\/wp\/v2\/media?parent=143814"}],"wp:term":[{"taxonomy":"category","embeddable":true,"href":"https:\/\/radioljubuski.ba\/index.php\/wp-json\/wp\/v2\/categories?post=143814"},{"taxonomy":"post_tag","embeddable":true,"href":"https:\/\/radioljubuski.ba\/index.php\/wp-json\/wp\/v2\/tags?post=143814"}],"curies":[{"name":"wp","href":"https:\/\/api.w.org\/{rel}","templated":true}]}}