{"id":143820,"date":"2022-05-25T12:42:03","date_gmt":"2022-05-25T11:42:03","guid":{"rendered":"https:\/\/radioljubuski.ba\/?p=143820"},"modified":"2022-05-25T12:42:04","modified_gmt":"2022-05-25T11:42:04","slug":"who-sirenje-majmunskih-boginja-izvan-afrike-moze-se-obuzdati","status":"publish","type":"post","link":"https:\/\/radioljubuski.ba\/index.php\/2022\/05\/25\/who-sirenje-majmunskih-boginja-izvan-afrike-moze-se-obuzdati\/","title":{"rendered":"WHO: \u0160irenje majmunskih boginja izvan Afrike mo\u017ee se obuzdati"},"content":{"rendered":"\n<p>Prijenos i \u0161irenje novih slu\u010dajeva majmunskih boginja izvan endemskih zemalja sredi\u0161nje i zapadne Afrike mo\u017ee se obuzdati, objavila je u utorak Svjetska zdravstvena organizacija, dok istodobno sve vi\u0161e vlada najavljuje limitirano cijepljenje u borbi protiv ovoga virusa.<\/p>\n\n\n\n<p>Odluka o cijepljenju uslijedila je nakon \u0161to su vlasti od po\u010detka svibnja istra\u017eile 237 sumnjivih i potvr\u0111enih slu\u010dajeva virusa u 19 zemalja svijeta.<\/p>\n\n\n\n<p>Du\u017enosnici WHO-a ka\u017eu kako se o\u010dekuje pove\u0107anje toga broja, no u dosad zara\u017eenih nije se radilo o te\u017eim oblicima bolesti.<\/p>\n\n\n\n<p>Znanstvenici ne o\u010dekuju da \u0107e se epidemija majmunskih boginja razviti u pandemiju poput COVID-a, s obzirom na to da se virus ne \u0161iri tako lako kao SARS-CoV-2.<\/p>\n\n\n\n<p>Majmunske boginje obi\u010dno su blaga virusna infekcija koja je endemi\u010dna u dijelovima zapadne i sredi\u0161nje Afrike. \u0160iri se uglavnom bliskim kontaktom i do nedavnog izbijanja virus je rijetko evidentiran u ostalim dijelovima svijeta, zbog \u010dega je nedavna pojava bolesti u Americi i Europi izazvala bojazan od naglog \u0161irenja.&nbsp;<\/p>\n\n\n\n<p>Premda su majmunske boginje u medicini poznate ve\u0107 40 godina, WHO je objavio da se prvi put pojavilo istodobno vi\u0161e slu\u010dajeva u raznim zemljama svijeta i me\u0111u ljudima koji nisu putovali u endemske regije Afrike.<\/p>\n\n\n\n<p>No UN-ova agencija ka\u017ee da bi epidemije u neendemskim zemljama mogle biti stavljene pod kontrolu, kao i prijenos majmunskih boginja s \u010dovjeka na \u010dovjeka.<\/p>\n\n\n\n<p>I Europski centar za prevenciju i kontrolu bolesti (ECDC) umanjio je bojazan od mogu\u0107eg \u0161irenja bolesti.&nbsp;<\/p>\n\n\n\n<p>&#8211; Poti\u010demo vas da poja\u010date pra\u0107enje pojave novih slu\u010dajeva majmunskih boginja da biste ustanovili gdje se najvi\u0161e prenose i da biste doznali kako se razvijaju i \u0161ire, rekla je Sylvie Briand, direktorica WHO-ova Odjela za globalnu pripremu za infekcije.<\/p>\n\n\n\n<p>Istaknula je da epidemija &#8220;nije uobi\u010dajena&#8221;, ali je zasad &#8220;obuzdana&#8221;.&nbsp;<\/p>\n\n\n\n<p>Dostupna su cjepiva i lijekovi za majmunske boginje, dodala je Briand, pozvav\u0161i na odgovaraju\u0107e mjere suzbijanja, vi\u0161e istra\u017eivanja i globalnu suradnju.<\/p>\n\n\n\n<p>&#8211; Nemojmo od krti\u010dnjaka praviti planinu, rekla je u utorak na Svjetskoj zdravstvenoj skup\u0161tini u \u017denevi.<\/p>\n\n\n\n<p>Neke zemlje ve\u0107 poduzimaju mjere opreza da bi zajam\u010dile za\u0161titu ljudima koji su mo\u017eda bili izlo\u017eeni virusu.<\/p>\n\n\n\n<p>U utorak su francuske zdravstvene vlasti preporu\u010dile cijepljenje rizi\u010dnih odraslih osoba koje su bile u kontaktu s osobama s potvr\u0111enim majmunskim boginjama, kao i zdravstvenog osoblja koje je zbog prirode posla izlo\u017eeno kontaktu sa zara\u017eenim pacijentima.<\/p>\n\n\n\n<p>Danska je u\u010dinila sli\u010dno, omogu\u0107iv\u0161i cijepljenje onima koji su bili u bliskom kontaktu sa zara\u017eenima. Dosad su ondje evidentirana dva slu\u010daja.<\/p>\n\n\n\n<p>Njema\u010dka je donijela odluku o tomu da, u slu\u010daju pogor\u0161anja epidemije, na raspolaganju bude 40.000 doza cjepiva.<\/p>\n\n\n\n<p>Ministar zdravstva Karl Lauterbach kazao je da bi se epidemija mogla suzbiti ranom intervencijom i da u Njema\u010dkoj nije objavljen po\u010detak nove pandemije, a visoki du\u017enosnici WHO-a u ponedjeljak su objavili sli\u010dne smjernice.<\/p>\n\n\n\n<p>Ameri\u010dki zdravstveni du\u017enosnici u ponedjeljak su pripremili odre\u0111enu koli\u010dinu cjepiva, a takav su potez prve poduzele britanske vlasti. Ondje je cjepivo ponu\u0111eno zdravstvenim radnicima i ostalim osobama za koje se sumnja da su pro\u0161li tjedan mogle biti izlo\u017eene virusu.&nbsp;<\/p>\n\n\n\n<p>Svi dosada\u0161nji potezi uslijedili su u trenutku kada znanstvenici poku\u0161avaju doznati vi\u0161e o na\u010dinima prijenosa virusa i o tomu koje bi skupine mogle biti najugro\u017eenije.<\/p>\n\n\n\n<p>Briand je ponovila stajali\u0161te WHO-a po kojemu je malo vjerojatno da je virus dosad mutirao, no dodala je da bi njegov prijenos mogao biti posljedica promjena u pona\u0161anju ljudi, osobito nakon \u010de\u0161\u0107ih kontakata i dru\u017eenja u cijelome svijetu poslije ukidanja restrikcija uvedenih za vrijeme pandemije COVID-a.<\/p>\n\n\n\n<p>Zdravstveni stru\u010dnjaci vode ra\u010duna o potencijalnim mutacijama koje bi virus mogle u\u010diniti lak\u0161e prenosivim ili te\u017eim.<\/p>\n\n\n\n<p>Ve\u0107ina slu\u010dajeva zaraze prijavljena je me\u0111u mu\u0161karcima koji su imali spolne odnose s mu\u0161karcima, a Briand je rekla da je posebno va\u017eno poku\u0161ati se usredoto\u010diti na to da se sprije\u010di prijenos virusa spolnim putem.<\/p>\n\n\n\n<p>Naj\u010de\u0161\u0107i simptomi bolesti su groznica i karakteristi\u010dne lezije na ko\u017ei.<\/p>\n\n\n\n<p>Stopa smrtnosti od posljedica zaraze zapadnoafri\u010dkim sojem majmunskih boginja, koji je nedavno identificiran, iznosi oko jedan posto.&nbsp;<\/p>\n\n\n\n<p>Izvor : Pogled.ba<\/p>\n","protected":false},"excerpt":{"rendered":"<p>Prijenos i \u0161irenje novih slu\u010dajeva majmunskih boginja izvan endemskih zemalja sredi\u0161nje i zapadne Afrike mo\u017ee se obuzdati, objavila je u utorak Svjetska zdravstvena organizacija, dok istodobno sve vi\u0161e vlada najavljuje limitirano cijepljenje u borbi protiv ovoga virusa. Odluka o cijepljenju uslijedila je nakon \u0161to su vlasti od po\u010detka svibnja istra\u017eile 237 sumnjivih i potvr\u0111enih slu\u010dajeva [&hellip;]<\/p>\n","protected":false},"author":2,"featured_media":143825,"comment_status":"closed","ping_status":"closed","sticky":false,"template":"","format":"standard","meta":{"h5ap_radio_sources":[],"footnotes":""},"categories":[1],"tags":[],"class_list":["post-143820","post","type-post","status-publish","format-standard","has-post-thumbnail","hentry","category-bihiregija"],"yoast_head":"<!-- This site is optimized with the Yoast SEO plugin v27.5 - https:\/\/yoast.com\/product\/yoast-seo-wordpress\/ -->\n<title>WHO: \u0160irenje majmunskih boginja izvan Afrike mo\u017ee se obuzdati - RADIO LJUBU\u0160KI<\/title>\n<meta name=\"robots\" content=\"index, follow, max-snippet:-1, max-image-preview:large, max-video-preview:-1\" \/>\n<link rel=\"canonical\" href=\"https:\/\/radioljubuski.ba\/index.php\/2022\/05\/25\/who-sirenje-majmunskih-boginja-izvan-afrike-moze-se-obuzdati\/\" \/>\n<meta property=\"og:locale\" content=\"hr_HR\" \/>\n<meta property=\"og:type\" content=\"article\" \/>\n<meta property=\"og:title\" content=\"WHO: \u0160irenje majmunskih boginja izvan Afrike mo\u017ee se obuzdati - RADIO LJUBU\u0160KI\" \/>\n<meta property=\"og:description\" content=\"Prijenos i \u0161irenje novih slu\u010dajeva majmunskih boginja izvan endemskih zemalja sredi\u0161nje i zapadne Afrike mo\u017ee se obuzdati, objavila je u utorak Svjetska zdravstvena organizacija, dok istodobno sve vi\u0161e vlada najavljuje limitirano cijepljenje u borbi protiv ovoga virusa. Odluka o cijepljenju uslijedila je nakon \u0161to su vlasti od po\u010detka svibnja istra\u017eile 237 sumnjivih i potvr\u0111enih slu\u010dajeva [&hellip;]\" \/>\n<meta property=\"og:url\" content=\"https:\/\/radioljubuski.ba\/index.php\/2022\/05\/25\/who-sirenje-majmunskih-boginja-izvan-afrike-moze-se-obuzdati\/\" \/>\n<meta property=\"og:site_name\" content=\"RADIO LJUBU\u0160KI\" \/>\n<meta property=\"article:publisher\" content=\"https:\/\/www.facebook.com\/Radiio-Ljubuski-1490835324566332\" \/>\n<meta property=\"article:published_time\" content=\"2022-05-25T11:42:03+00:00\" \/>\n<meta property=\"article:modified_time\" content=\"2022-05-25T11:42:04+00:00\" \/>\n<meta property=\"og:image\" content=\"https:\/\/radioljubuski.ba\/wp-content\/uploads\/2022\/05\/8-2022-05-20-13-09-08-BOGINJE-1.jpg\" \/>\n\t<meta property=\"og:image:width\" content=\"1000\" \/>\n\t<meta property=\"og:image:height\" content=\"625\" \/>\n\t<meta property=\"og:image:type\" content=\"image\/jpeg\" \/>\n<meta name=\"author\" content=\"Radio Ljubu\u0161ki\" \/>\n<meta name=\"twitter:card\" content=\"summary_large_image\" \/>\n<meta name=\"twitter:creator\" content=\"@radioljubuski\" \/>\n<meta name=\"twitter:site\" content=\"@radioljubuski\" \/>\n<meta name=\"twitter:label1\" content=\"Napisao\/la\" \/>\n\t<meta name=\"twitter:data1\" content=\"Radio Ljubu\u0161ki\" \/>\n\t<meta name=\"twitter:label2\" content=\"Procijenjeno vrijeme \u010ditanja\" \/>\n\t<meta name=\"twitter:data2\" content=\"3 minute\" \/>\n<script type=\"application\/ld+json\" class=\"yoast-schema-graph\">{\"@context\":\"https:\\\/\\\/schema.org\",\"@graph\":[{\"@type\":\"Article\",\"@id\":\"https:\\\/\\\/radioljubuski.ba\\\/index.php\\\/2022\\\/05\\\/25\\\/who-sirenje-majmunskih-boginja-izvan-afrike-moze-se-obuzdati\\\/#article\",\"isPartOf\":{\"@id\":\"https:\\\/\\\/radioljubuski.ba\\\/index.php\\\/2022\\\/05\\\/25\\\/who-sirenje-majmunskih-boginja-izvan-afrike-moze-se-obuzdati\\\/\"},\"author\":{\"name\":\"Radio Ljubu\u0161ki\",\"@id\":\"https:\\\/\\\/radioljubuski.ba\\\/#\\\/schema\\\/person\\\/19fc700381a780f69665d7956c469e3b\"},\"headline\":\"WHO: \u0160irenje majmunskih boginja izvan Afrike mo\u017ee se obuzdati\",\"datePublished\":\"2022-05-25T11:42:03+00:00\",\"dateModified\":\"2022-05-25T11:42:04+00:00\",\"mainEntityOfPage\":{\"@id\":\"https:\\\/\\\/radioljubuski.ba\\\/index.php\\\/2022\\\/05\\\/25\\\/who-sirenje-majmunskih-boginja-izvan-afrike-moze-se-obuzdati\\\/\"},\"wordCount\":733,\"publisher\":{\"@id\":\"https:\\\/\\\/radioljubuski.ba\\\/#organization\"},\"image\":{\"@id\":\"https:\\\/\\\/radioljubuski.ba\\\/index.php\\\/2022\\\/05\\\/25\\\/who-sirenje-majmunskih-boginja-izvan-afrike-moze-se-obuzdati\\\/#primaryimage\"},\"thumbnailUrl\":\"https:\\\/\\\/radioljubuski.ba\\\/wp-content\\\/uploads\\\/2022\\\/05\\\/8-2022-05-20-13-09-08-BOGINJE-1.jpg\",\"articleSection\":[\"BIH i regija\"],\"inLanguage\":\"hr\"},{\"@type\":\"WebPage\",\"@id\":\"https:\\\/\\\/radioljubuski.ba\\\/index.php\\\/2022\\\/05\\\/25\\\/who-sirenje-majmunskih-boginja-izvan-afrike-moze-se-obuzdati\\\/\",\"url\":\"https:\\\/\\\/radioljubuski.ba\\\/index.php\\\/2022\\\/05\\\/25\\\/who-sirenje-majmunskih-boginja-izvan-afrike-moze-se-obuzdati\\\/\",\"name\":\"WHO: \u0160irenje majmunskih boginja izvan Afrike mo\u017ee se obuzdati - RADIO LJUBU\u0160KI\",\"isPartOf\":{\"@id\":\"https:\\\/\\\/radioljubuski.ba\\\/#website\"},\"primaryImageOfPage\":{\"@id\":\"https:\\\/\\\/radioljubuski.ba\\\/index.php\\\/2022\\\/05\\\/25\\\/who-sirenje-majmunskih-boginja-izvan-afrike-moze-se-obuzdati\\\/#primaryimage\"},\"image\":{\"@id\":\"https:\\\/\\\/radioljubuski.ba\\\/index.php\\\/2022\\\/05\\\/25\\\/who-sirenje-majmunskih-boginja-izvan-afrike-moze-se-obuzdati\\\/#primaryimage\"},\"thumbnailUrl\":\"https:\\\/\\\/radioljubuski.ba\\\/wp-content\\\/uploads\\\/2022\\\/05\\\/8-2022-05-20-13-09-08-BOGINJE-1.jpg\",\"datePublished\":\"2022-05-25T11:42:03+00:00\",\"dateModified\":\"2022-05-25T11:42:04+00:00\",\"breadcrumb\":{\"@id\":\"https:\\\/\\\/radioljubuski.ba\\\/index.php\\\/2022\\\/05\\\/25\\\/who-sirenje-majmunskih-boginja-izvan-afrike-moze-se-obuzdati\\\/#breadcrumb\"},\"inLanguage\":\"hr\",\"potentialAction\":[{\"@type\":\"ReadAction\",\"target\":[\"https:\\\/\\\/radioljubuski.ba\\\/index.php\\\/2022\\\/05\\\/25\\\/who-sirenje-majmunskih-boginja-izvan-afrike-moze-se-obuzdati\\\/\"]}]},{\"@type\":\"ImageObject\",\"inLanguage\":\"hr\",\"@id\":\"https:\\\/\\\/radioljubuski.ba\\\/index.php\\\/2022\\\/05\\\/25\\\/who-sirenje-majmunskih-boginja-izvan-afrike-moze-se-obuzdati\\\/#primaryimage\",\"url\":\"https:\\\/\\\/radioljubuski.ba\\\/wp-content\\\/uploads\\\/2022\\\/05\\\/8-2022-05-20-13-09-08-BOGINJE-1.jpg\",\"contentUrl\":\"https:\\\/\\\/radioljubuski.ba\\\/wp-content\\\/uploads\\\/2022\\\/05\\\/8-2022-05-20-13-09-08-BOGINJE-1.jpg\",\"width\":1000,\"height\":625},{\"@type\":\"BreadcrumbList\",\"@id\":\"https:\\\/\\\/radioljubuski.ba\\\/index.php\\\/2022\\\/05\\\/25\\\/who-sirenje-majmunskih-boginja-izvan-afrike-moze-se-obuzdati\\\/#breadcrumb\",\"itemListElement\":[{\"@type\":\"ListItem\",\"position\":1,\"name\":\"Po\u010detna stranica\",\"item\":\"https:\\\/\\\/radioljubuski.ba\\\/\"},{\"@type\":\"ListItem\",\"position\":2,\"name\":\"WHO: \u0160irenje majmunskih boginja izvan Afrike mo\u017ee se obuzdati\"}]},{\"@type\":\"WebSite\",\"@id\":\"https:\\\/\\\/radioljubuski.ba\\\/#website\",\"url\":\"https:\\\/\\\/radioljubuski.ba\\\/\",\"name\":\"Radio Ljubu\u0161ki\",\"description\":\"Sun\u010dana frekvencija Hercegovine\",\"publisher\":{\"@id\":\"https:\\\/\\\/radioljubuski.ba\\\/#organization\"},\"potentialAction\":[{\"@type\":\"SearchAction\",\"target\":{\"@type\":\"EntryPoint\",\"urlTemplate\":\"https:\\\/\\\/radioljubuski.ba\\\/?s={search_term_string}\"},\"query-input\":{\"@type\":\"PropertyValueSpecification\",\"valueRequired\":true,\"valueName\":\"search_term_string\"}}],\"inLanguage\":\"hr\"},{\"@type\":\"Organization\",\"@id\":\"https:\\\/\\\/radioljubuski.ba\\\/#organization\",\"name\":\"Radio Ljubu\u0161ki\",\"url\":\"https:\\\/\\\/radioljubuski.ba\\\/\",\"logo\":{\"@type\":\"ImageObject\",\"inLanguage\":\"hr\",\"@id\":\"https:\\\/\\\/radioljubuski.ba\\\/#\\\/schema\\\/logo\\\/image\\\/\",\"url\":\"https:\\\/\\\/radioljubuski.ba\\\/wp-content\\\/uploads\\\/2021\\\/02\\\/cropped-Radio_Ljubuski_logo1.jpg\",\"contentUrl\":\"https:\\\/\\\/radioljubuski.ba\\\/wp-content\\\/uploads\\\/2021\\\/02\\\/cropped-Radio_Ljubuski_logo1.jpg\",\"width\":512,\"height\":512,\"caption\":\"Radio Ljubu\u0161ki\"},\"image\":{\"@id\":\"https:\\\/\\\/radioljubuski.ba\\\/#\\\/schema\\\/logo\\\/image\\\/\"},\"sameAs\":[\"https:\\\/\\\/www.facebook.com\\\/Radiio-Ljubuski-1490835324566332\",\"https:\\\/\\\/x.com\\\/radioljubuski\",\"https:\\\/\\\/hr.linkedin.com\\\/company\\\/radio-ljubuski\",\"https:\\\/\\\/www.youtube.com\\\/channel\\\/UCHYaeO_n0Db3tjNGudGpXyw\"]},{\"@type\":\"Person\",\"@id\":\"https:\\\/\\\/radioljubuski.ba\\\/#\\\/schema\\\/person\\\/19fc700381a780f69665d7956c469e3b\",\"name\":\"Radio Ljubu\u0161ki\"}]}<\/script>\n<!-- \/ Yoast SEO plugin. -->","yoast_head_json":{"title":"WHO: \u0160irenje majmunskih boginja izvan Afrike mo\u017ee se obuzdati - RADIO LJUBU\u0160KI","robots":{"index":"index","follow":"follow","max-snippet":"max-snippet:-1","max-image-preview":"max-image-preview:large","max-video-preview":"max-video-preview:-1"},"canonical":"https:\/\/radioljubuski.ba\/index.php\/2022\/05\/25\/who-sirenje-majmunskih-boginja-izvan-afrike-moze-se-obuzdati\/","og_locale":"hr_HR","og_type":"article","og_title":"WHO: \u0160irenje majmunskih boginja izvan Afrike mo\u017ee se obuzdati - RADIO LJUBU\u0160KI","og_description":"Prijenos i \u0161irenje novih slu\u010dajeva majmunskih boginja izvan endemskih zemalja sredi\u0161nje i zapadne Afrike mo\u017ee se obuzdati, objavila je u utorak Svjetska zdravstvena organizacija, dok istodobno sve vi\u0161e vlada najavljuje limitirano cijepljenje u borbi protiv ovoga virusa. Odluka o cijepljenju uslijedila je nakon \u0161to su vlasti od po\u010detka svibnja istra\u017eile 237 sumnjivih i potvr\u0111enih slu\u010dajeva [&hellip;]","og_url":"https:\/\/radioljubuski.ba\/index.php\/2022\/05\/25\/who-sirenje-majmunskih-boginja-izvan-afrike-moze-se-obuzdati\/","og_site_name":"RADIO LJUBU\u0160KI","article_publisher":"https:\/\/www.facebook.com\/Radiio-Ljubuski-1490835324566332","article_published_time":"2022-05-25T11:42:03+00:00","article_modified_time":"2022-05-25T11:42:04+00:00","og_image":[{"width":1000,"height":625,"url":"https:\/\/radioljubuski.ba\/wp-content\/uploads\/2022\/05\/8-2022-05-20-13-09-08-BOGINJE-1.jpg","type":"image\/jpeg"}],"author":"Radio Ljubu\u0161ki","twitter_card":"summary_large_image","twitter_creator":"@radioljubuski","twitter_site":"@radioljubuski","twitter_misc":{"Napisao\/la":"Radio Ljubu\u0161ki","Procijenjeno vrijeme \u010ditanja":"3 minute"},"schema":{"@context":"https:\/\/schema.org","@graph":[{"@type":"Article","@id":"https:\/\/radioljubuski.ba\/index.php\/2022\/05\/25\/who-sirenje-majmunskih-boginja-izvan-afrike-moze-se-obuzdati\/#article","isPartOf":{"@id":"https:\/\/radioljubuski.ba\/index.php\/2022\/05\/25\/who-sirenje-majmunskih-boginja-izvan-afrike-moze-se-obuzdati\/"},"author":{"name":"Radio Ljubu\u0161ki","@id":"https:\/\/radioljubuski.ba\/#\/schema\/person\/19fc700381a780f69665d7956c469e3b"},"headline":"WHO: \u0160irenje majmunskih boginja izvan Afrike mo\u017ee se obuzdati","datePublished":"2022-05-25T11:42:03+00:00","dateModified":"2022-05-25T11:42:04+00:00","mainEntityOfPage":{"@id":"https:\/\/radioljubuski.ba\/index.php\/2022\/05\/25\/who-sirenje-majmunskih-boginja-izvan-afrike-moze-se-obuzdati\/"},"wordCount":733,"publisher":{"@id":"https:\/\/radioljubuski.ba\/#organization"},"image":{"@id":"https:\/\/radioljubuski.ba\/index.php\/2022\/05\/25\/who-sirenje-majmunskih-boginja-izvan-afrike-moze-se-obuzdati\/#primaryimage"},"thumbnailUrl":"https:\/\/radioljubuski.ba\/wp-content\/uploads\/2022\/05\/8-2022-05-20-13-09-08-BOGINJE-1.jpg","articleSection":["BIH i regija"],"inLanguage":"hr"},{"@type":"WebPage","@id":"https:\/\/radioljubuski.ba\/index.php\/2022\/05\/25\/who-sirenje-majmunskih-boginja-izvan-afrike-moze-se-obuzdati\/","url":"https:\/\/radioljubuski.ba\/index.php\/2022\/05\/25\/who-sirenje-majmunskih-boginja-izvan-afrike-moze-se-obuzdati\/","name":"WHO: \u0160irenje majmunskih boginja izvan Afrike mo\u017ee se obuzdati - RADIO LJUBU\u0160KI","isPartOf":{"@id":"https:\/\/radioljubuski.ba\/#website"},"primaryImageOfPage":{"@id":"https:\/\/radioljubuski.ba\/index.php\/2022\/05\/25\/who-sirenje-majmunskih-boginja-izvan-afrike-moze-se-obuzdati\/#primaryimage"},"image":{"@id":"https:\/\/radioljubuski.ba\/index.php\/2022\/05\/25\/who-sirenje-majmunskih-boginja-izvan-afrike-moze-se-obuzdati\/#primaryimage"},"thumbnailUrl":"https:\/\/radioljubuski.ba\/wp-content\/uploads\/2022\/05\/8-2022-05-20-13-09-08-BOGINJE-1.jpg","datePublished":"2022-05-25T11:42:03+00:00","dateModified":"2022-05-25T11:42:04+00:00","breadcrumb":{"@id":"https:\/\/radioljubuski.ba\/index.php\/2022\/05\/25\/who-sirenje-majmunskih-boginja-izvan-afrike-moze-se-obuzdati\/#breadcrumb"},"inLanguage":"hr","potentialAction":[{"@type":"ReadAction","target":["https:\/\/radioljubuski.ba\/index.php\/2022\/05\/25\/who-sirenje-majmunskih-boginja-izvan-afrike-moze-se-obuzdati\/"]}]},{"@type":"ImageObject","inLanguage":"hr","@id":"https:\/\/radioljubuski.ba\/index.php\/2022\/05\/25\/who-sirenje-majmunskih-boginja-izvan-afrike-moze-se-obuzdati\/#primaryimage","url":"https:\/\/radioljubuski.ba\/wp-content\/uploads\/2022\/05\/8-2022-05-20-13-09-08-BOGINJE-1.jpg","contentUrl":"https:\/\/radioljubuski.ba\/wp-content\/uploads\/2022\/05\/8-2022-05-20-13-09-08-BOGINJE-1.jpg","width":1000,"height":625},{"@type":"BreadcrumbList","@id":"https:\/\/radioljubuski.ba\/index.php\/2022\/05\/25\/who-sirenje-majmunskih-boginja-izvan-afrike-moze-se-obuzdati\/#breadcrumb","itemListElement":[{"@type":"ListItem","position":1,"name":"Po\u010detna stranica","item":"https:\/\/radioljubuski.ba\/"},{"@type":"ListItem","position":2,"name":"WHO: \u0160irenje majmunskih boginja izvan Afrike mo\u017ee se obuzdati"}]},{"@type":"WebSite","@id":"https:\/\/radioljubuski.ba\/#website","url":"https:\/\/radioljubuski.ba\/","name":"Radio Ljubu\u0161ki","description":"Sun\u010dana frekvencija Hercegovine","publisher":{"@id":"https:\/\/radioljubuski.ba\/#organization"},"potentialAction":[{"@type":"SearchAction","target":{"@type":"EntryPoint","urlTemplate":"https:\/\/radioljubuski.ba\/?s={search_term_string}"},"query-input":{"@type":"PropertyValueSpecification","valueRequired":true,"valueName":"search_term_string"}}],"inLanguage":"hr"},{"@type":"Organization","@id":"https:\/\/radioljubuski.ba\/#organization","name":"Radio Ljubu\u0161ki","url":"https:\/\/radioljubuski.ba\/","logo":{"@type":"ImageObject","inLanguage":"hr","@id":"https:\/\/radioljubuski.ba\/#\/schema\/logo\/image\/","url":"https:\/\/radioljubuski.ba\/wp-content\/uploads\/2021\/02\/cropped-Radio_Ljubuski_logo1.jpg","contentUrl":"https:\/\/radioljubuski.ba\/wp-content\/uploads\/2021\/02\/cropped-Radio_Ljubuski_logo1.jpg","width":512,"height":512,"caption":"Radio Ljubu\u0161ki"},"image":{"@id":"https:\/\/radioljubuski.ba\/#\/schema\/logo\/image\/"},"sameAs":["https:\/\/www.facebook.com\/Radiio-Ljubuski-1490835324566332","https:\/\/x.com\/radioljubuski","https:\/\/hr.linkedin.com\/company\/radio-ljubuski","https:\/\/www.youtube.com\/channel\/UCHYaeO_n0Db3tjNGudGpXyw"]},{"@type":"Person","@id":"https:\/\/radioljubuski.ba\/#\/schema\/person\/19fc700381a780f69665d7956c469e3b","name":"Radio Ljubu\u0161ki"}]}},"_links":{"self":[{"href":"https:\/\/radioljubuski.ba\/index.php\/wp-json\/wp\/v2\/posts\/143820","targetHints":{"allow":["GET"]}}],"collection":[{"href":"https:\/\/radioljubuski.ba\/index.php\/wp-json\/wp\/v2\/posts"}],"about":[{"href":"https:\/\/radioljubuski.ba\/index.php\/wp-json\/wp\/v2\/types\/post"}],"author":[{"embeddable":true,"href":"https:\/\/radioljubuski.ba\/index.php\/wp-json\/wp\/v2\/users\/2"}],"replies":[{"embeddable":true,"href":"https:\/\/radioljubuski.ba\/index.php\/wp-json\/wp\/v2\/comments?post=143820"}],"version-history":[{"count":1,"href":"https:\/\/radioljubuski.ba\/index.php\/wp-json\/wp\/v2\/posts\/143820\/revisions"}],"predecessor-version":[{"id":143826,"href":"https:\/\/radioljubuski.ba\/index.php\/wp-json\/wp\/v2\/posts\/143820\/revisions\/143826"}],"wp:featuredmedia":[{"embeddable":true,"href":"https:\/\/radioljubuski.ba\/index.php\/wp-json\/wp\/v2\/media\/143825"}],"wp:attachment":[{"href":"https:\/\/radioljubuski.ba\/index.php\/wp-json\/wp\/v2\/media?parent=143820"}],"wp:term":[{"taxonomy":"category","embeddable":true,"href":"https:\/\/radioljubuski.ba\/index.php\/wp-json\/wp\/v2\/categories?post=143820"},{"taxonomy":"post_tag","embeddable":true,"href":"https:\/\/radioljubuski.ba\/index.php\/wp-json\/wp\/v2\/tags?post=143820"}],"curies":[{"name":"wp","href":"https:\/\/api.w.org\/{rel}","templated":true}]}}