{"id":143831,"date":"2022-05-25T12:46:10","date_gmt":"2022-05-25T11:46:10","guid":{"rendered":"https:\/\/radioljubuski.ba\/?p=143831"},"modified":"2022-05-25T12:46:11","modified_gmt":"2022-05-25T11:46:11","slug":"dojave-o-bombama-u-110-sarajevskih-skola-18-000-ucenika-bilo-izlozeno-prijetnji","status":"publish","type":"post","link":"https:\/\/radioljubuski.ba\/index.php\/2022\/05\/25\/dojave-o-bombama-u-110-sarajevskih-skola-18-000-ucenika-bilo-izlozeno-prijetnji\/","title":{"rendered":"Dojave o bombama u 110 sarajevskih \u0161kola, 18.000 u\u010denika bilo izlo\u017eeno prijetnji"},"content":{"rendered":"\n<p>Nakon jutro\u0161njih dojava o bombama u svim osnovnim i ve\u0107ini srednjih \u0161kola \u0161irom \u017dupanije Sarajevo, nadle\u017eni su iznijeli pojedinosti o ovom slu\u010daju navode\u0107i da je u 110 objekata stigla ta prijetnja kojoj je bilo izlo\u017eeno blizu 18.000 u\u010denika.<\/p>\n\n\n\n<p>Edin Forto, premijer \u017dupanije Sarajevo je kazao da policija radi svoj posao u punom kapacitetu uz suradnju drugih policijskih agencija.<\/p>\n\n\n\n<p>\u201cU skladu sa zakonom i mjerama predostro\u017enosti u ovom trenutku vr\u0161i sve potrebne preglede. U ovom trenutku ni\u0161ta nije prona\u0111eno i o\u010dekujemo da \u0107e tako biti do kraja pregleda. Bez obzira na to, svaka prijetnja se uzima potpuno ozbiljno i tako \u0107e biti i u budu\u0107nosti\u201d, kazao je Forto.<\/p>\n\n\n\n<p>Pozvao je gra\u0111ane i medije da ne objavljuju nikakve neprovjerene informacije.<\/p>\n\n\n\n<p>\u201cMolim vas da se isklju\u010divo obratite nadle\u017enim ustanovama \u2013 ministarstvima i policiji, Vladi \u017dS ako se radi o nekoj od na\u0161ih ustanova prije nego objavite informaciju. U trenutku kada se doga\u0111a ovakva situacija bitno je da ostanemo mirni, stalo\u017eeni i da svako radi svoj posao. Svjesni ste toga da su se u prethodnom periodu sli\u010dne dojave de\u0161avale i u regiji. Znat \u0107e se informacija \u010dim bude policija imala vi\u0161e podataka nakon okon\u010dane istrage. Sve je uredu, policija radi svoj posao i bit \u0107e svi obavije\u0161teni o novim informacije\u201d, naglasio je Forto.<\/p>\n\n\n\n<p>Naida Hota-Muminovi\u0107, ministrica odgoja i obrazovanja \u017dupanije&nbsp; Sarajevo kazala je da posljednje procjene govore da su dojave o bombi stigle na adresu 110 \u0161kola, kako svih osnovnih tako i nekoliko srednjih, prenosi N1.<\/p>\n\n\n\n<p>\u201cMi smo od jutros u kontaktu sa direktorima i direktoricama osnovnih i srednjih \u0161kola. Oni su naravno poduzeli sve korake koji su neophodni u ovim situacijama. Nastavnici i u\u010denici su odmah evakuirani iz \u0161kola. Naravno, direktori kasnije donose odluke o re\u017eimu nastave komuniciraju\u0107i te korake sa policijskim slu\u017ebenicima koji su na terenu. Negdje KDZ pregledi idu br\u017ee, negdje sporije i o tome \u0107e direktori u skladu sa zakonskim ovla\u0161tenjima odlu\u010diti na\u010din dana\u0161njeg organizovanja nastave\u201d, rekla je Hota-Muminovi\u0107.<\/p>\n\n\n\n<p>O\u010dekuje se, kako je rekla, da KDZ pregledi budu zavr\u0161eni danas i da \u0107e se ve\u0107 sutra normalizirati odvijanje nastave.<\/p>\n\n\n\n<p>\u201c\u017delim ista\u0107i jo\u0161 to da je jutros u prvoj smjeni direktnoj prijetnji bilo izlo\u017eeno blizu 18.000 u\u010denika\u201d, poru\u010dila je Hota-Muminovi\u0107.<\/p>\n\n\n\n<p>Podsjetimo, jutros je u vi\u0161e \u0161kola stigao prijete\u0107i mail, a ne\u0161to kasnije i na adresu Vlade \u017dS i Op\u0107inskog suda.&nbsp;<\/p>\n\n\n\n<p>Vije\u0107e roditelja \u017dupanije Sarajevo o\u0161tro je osudilo napade na \u0161kole i sigurnosno odvijanje nastave u \u0161kolskim klupama.<\/p>\n\n\n\n<p><strong>Terorizam<\/strong><\/p>\n\n\n\n<p>Komesar sarajevske policije Nusret Selimovi\u0107 kazao je da KDZ pregled u ustanovama na podru\u010dju \u017dS u kojima je jutros dojavljena bomba, jo\u0161 uvijek traje, ali i da, do sada \u0161to je pregledano, nije ni\u0161ta prona\u0111eno. Istaknuo je i da sve ukazuje da se radi o krivi\u010dnom djelu terorizam.<\/p>\n\n\n\n<p>\u201cUprava policije MUP \u017dS u suradnji s vi\u0161e policijskih agencija intenzivno radi prvi korak, a to je pregled svih objekata koje su zaprimili elektronsku po\u0161tu sa prijete\u0107im porukama. Do sada \u0161to je pregledano nije ni\u0161ta prona\u0111eno. O\u010dekujemo da \u0107e tako ostati do kraja. Mi \u0107emo nastojati da uradimo ovo u najkra\u0107em periodu kako bismo omogu\u0107ili nastavak odvijanja nastave na podru\u010dju \u017eS\u201d, kazao je komesar Selimovi\u0107.<\/p>\n\n\n\n<p>Jutros je odr\u017ean hitan sastanak u Tu\u017eiteljstvu \u017dS, a prema do sada raspolo\u017eivim informacijama, sve ukazuje, dodaje komesar, na to da bi se moglo raditi o krivi\u010dnom djelu terorizam koje \u0107e biti kao takvo i tretirano, s obzirom na nadle\u017enosti u toj situaciju.<\/p>\n\n\n\n<p>Podsjetio je da su jutros bile dvije dojave koje nisu vezane za ovaj slu\u010daj.<\/p>\n\n\n\n<p>\u201cDvije dojave da je podmetnuta bomba u zgradi u Op\u0107ini Centar i u zgradu Op\u0107inskog suda su bile putem telefona\u201d, rekao je Selimovi\u0107.<\/p>\n\n\n\n<p>Dodao je da se intenzivno radi na rasvjetljavaju otkrivanju i identifikaciji ovog krivi\u010dnog djela.<\/p>\n\n\n\n<p>\u201cOvu vrstu krivi\u010dnih djela je poprili\u010dno te\u0161ko rasvijetliti. Na\u017ealost, i neki mediji doprinesu tome da imamo goru situaciju nego kakvu smo imali. Ima dosta problema tu, a osnovni je \u0161to i dan danas mo\u017eete kupiti na trafici karticu koju upotrijebite i ona zavr\u0161u tamo gdje zavr\u0161i\u201d, posebno je naglasio komesar Selimovi\u0107.<\/p>\n\n\n\n<p>Izvor: Pogled.ba<\/p>\n","protected":false},"excerpt":{"rendered":"<p>Nakon jutro\u0161njih dojava o bombama u svim osnovnim i ve\u0107ini srednjih \u0161kola \u0161irom \u017dupanije Sarajevo, nadle\u017eni su iznijeli pojedinosti o ovom slu\u010daju navode\u0107i da je u 110 objekata stigla ta prijetnja kojoj je bilo izlo\u017eeno blizu 18.000 u\u010denika. Edin Forto, premijer \u017dupanije Sarajevo je kazao da policija radi svoj posao u punom kapacitetu uz suradnju [&hellip;]<\/p>\n","protected":false},"author":2,"featured_media":143834,"comment_status":"closed","ping_status":"closed","sticky":false,"template":"","format":"standard","meta":{"h5ap_radio_sources":[],"footnotes":""},"categories":[1],"tags":[],"class_list":["post-143831","post","type-post","status-publish","format-standard","has-post-thumbnail","hentry","category-bihiregija"],"yoast_head":"<!-- This site is optimized with the Yoast SEO plugin v27.5 - https:\/\/yoast.com\/product\/yoast-seo-wordpress\/ -->\n<title>Dojave o bombama u 110 sarajevskih \u0161kola, 18.000 u\u010denika bilo izlo\u017eeno prijetnji - RADIO LJUBU\u0160KI<\/title>\n<meta name=\"robots\" content=\"index, follow, max-snippet:-1, max-image-preview:large, max-video-preview:-1\" \/>\n<link rel=\"canonical\" href=\"https:\/\/radioljubuski.ba\/index.php\/2022\/05\/25\/dojave-o-bombama-u-110-sarajevskih-skola-18-000-ucenika-bilo-izlozeno-prijetnji\/\" \/>\n<meta property=\"og:locale\" content=\"hr_HR\" \/>\n<meta property=\"og:type\" content=\"article\" \/>\n<meta property=\"og:title\" content=\"Dojave o bombama u 110 sarajevskih \u0161kola, 18.000 u\u010denika bilo izlo\u017eeno prijetnji - RADIO LJUBU\u0160KI\" \/>\n<meta property=\"og:description\" content=\"Nakon jutro\u0161njih dojava o bombama u svim osnovnim i ve\u0107ini srednjih \u0161kola \u0161irom \u017dupanije Sarajevo, nadle\u017eni su iznijeli pojedinosti o ovom slu\u010daju navode\u0107i da je u 110 objekata stigla ta prijetnja kojoj je bilo izlo\u017eeno blizu 18.000 u\u010denika. Edin Forto, premijer \u017dupanije Sarajevo je kazao da policija radi svoj posao u punom kapacitetu uz suradnju [&hellip;]\" \/>\n<meta property=\"og:url\" content=\"https:\/\/radioljubuski.ba\/index.php\/2022\/05\/25\/dojave-o-bombama-u-110-sarajevskih-skola-18-000-ucenika-bilo-izlozeno-prijetnji\/\" \/>\n<meta property=\"og:site_name\" content=\"RADIO LJUBU\u0160KI\" \/>\n<meta property=\"article:publisher\" content=\"https:\/\/www.facebook.com\/Radiio-Ljubuski-1490835324566332\" \/>\n<meta property=\"article:published_time\" content=\"2022-05-25T11:46:10+00:00\" \/>\n<meta property=\"article:modified_time\" content=\"2022-05-25T11:46:11+00:00\" \/>\n<meta property=\"og:image\" content=\"https:\/\/radioljubuski.ba\/wp-content\/uploads\/2022\/05\/8-2022-05-25-11-19-54-SKOLE-SARAJEVO-POLICIJA.jpg\" \/>\n\t<meta property=\"og:image:width\" content=\"1000\" \/>\n\t<meta property=\"og:image:height\" content=\"625\" \/>\n\t<meta property=\"og:image:type\" content=\"image\/jpeg\" \/>\n<meta name=\"author\" content=\"Radio Ljubu\u0161ki\" \/>\n<meta name=\"twitter:card\" content=\"summary_large_image\" \/>\n<meta name=\"twitter:creator\" content=\"@radioljubuski\" \/>\n<meta name=\"twitter:site\" content=\"@radioljubuski\" \/>\n<meta name=\"twitter:label1\" content=\"Napisao\/la\" \/>\n\t<meta name=\"twitter:data1\" content=\"Radio Ljubu\u0161ki\" \/>\n\t<meta name=\"twitter:label2\" content=\"Procijenjeno vrijeme \u010ditanja\" \/>\n\t<meta name=\"twitter:data2\" content=\"3 minute\" \/>\n<script type=\"application\/ld+json\" class=\"yoast-schema-graph\">{\"@context\":\"https:\\\/\\\/schema.org\",\"@graph\":[{\"@type\":\"Article\",\"@id\":\"https:\\\/\\\/radioljubuski.ba\\\/index.php\\\/2022\\\/05\\\/25\\\/dojave-o-bombama-u-110-sarajevskih-skola-18-000-ucenika-bilo-izlozeno-prijetnji\\\/#article\",\"isPartOf\":{\"@id\":\"https:\\\/\\\/radioljubuski.ba\\\/index.php\\\/2022\\\/05\\\/25\\\/dojave-o-bombama-u-110-sarajevskih-skola-18-000-ucenika-bilo-izlozeno-prijetnji\\\/\"},\"author\":{\"name\":\"Radio Ljubu\u0161ki\",\"@id\":\"https:\\\/\\\/radioljubuski.ba\\\/#\\\/schema\\\/person\\\/19fc700381a780f69665d7956c469e3b\"},\"headline\":\"Dojave o bombama u 110 sarajevskih \u0161kola, 18.000 u\u010denika bilo izlo\u017eeno prijetnji\",\"datePublished\":\"2022-05-25T11:46:10+00:00\",\"dateModified\":\"2022-05-25T11:46:11+00:00\",\"mainEntityOfPage\":{\"@id\":\"https:\\\/\\\/radioljubuski.ba\\\/index.php\\\/2022\\\/05\\\/25\\\/dojave-o-bombama-u-110-sarajevskih-skola-18-000-ucenika-bilo-izlozeno-prijetnji\\\/\"},\"wordCount\":741,\"publisher\":{\"@id\":\"https:\\\/\\\/radioljubuski.ba\\\/#organization\"},\"image\":{\"@id\":\"https:\\\/\\\/radioljubuski.ba\\\/index.php\\\/2022\\\/05\\\/25\\\/dojave-o-bombama-u-110-sarajevskih-skola-18-000-ucenika-bilo-izlozeno-prijetnji\\\/#primaryimage\"},\"thumbnailUrl\":\"https:\\\/\\\/radioljubuski.ba\\\/wp-content\\\/uploads\\\/2022\\\/05\\\/8-2022-05-25-11-19-54-SKOLE-SARAJEVO-POLICIJA.jpg\",\"articleSection\":[\"BIH i regija\"],\"inLanguage\":\"hr\"},{\"@type\":\"WebPage\",\"@id\":\"https:\\\/\\\/radioljubuski.ba\\\/index.php\\\/2022\\\/05\\\/25\\\/dojave-o-bombama-u-110-sarajevskih-skola-18-000-ucenika-bilo-izlozeno-prijetnji\\\/\",\"url\":\"https:\\\/\\\/radioljubuski.ba\\\/index.php\\\/2022\\\/05\\\/25\\\/dojave-o-bombama-u-110-sarajevskih-skola-18-000-ucenika-bilo-izlozeno-prijetnji\\\/\",\"name\":\"Dojave o bombama u 110 sarajevskih \u0161kola, 18.000 u\u010denika bilo izlo\u017eeno prijetnji - RADIO LJUBU\u0160KI\",\"isPartOf\":{\"@id\":\"https:\\\/\\\/radioljubuski.ba\\\/#website\"},\"primaryImageOfPage\":{\"@id\":\"https:\\\/\\\/radioljubuski.ba\\\/index.php\\\/2022\\\/05\\\/25\\\/dojave-o-bombama-u-110-sarajevskih-skola-18-000-ucenika-bilo-izlozeno-prijetnji\\\/#primaryimage\"},\"image\":{\"@id\":\"https:\\\/\\\/radioljubuski.ba\\\/index.php\\\/2022\\\/05\\\/25\\\/dojave-o-bombama-u-110-sarajevskih-skola-18-000-ucenika-bilo-izlozeno-prijetnji\\\/#primaryimage\"},\"thumbnailUrl\":\"https:\\\/\\\/radioljubuski.ba\\\/wp-content\\\/uploads\\\/2022\\\/05\\\/8-2022-05-25-11-19-54-SKOLE-SARAJEVO-POLICIJA.jpg\",\"datePublished\":\"2022-05-25T11:46:10+00:00\",\"dateModified\":\"2022-05-25T11:46:11+00:00\",\"breadcrumb\":{\"@id\":\"https:\\\/\\\/radioljubuski.ba\\\/index.php\\\/2022\\\/05\\\/25\\\/dojave-o-bombama-u-110-sarajevskih-skola-18-000-ucenika-bilo-izlozeno-prijetnji\\\/#breadcrumb\"},\"inLanguage\":\"hr\",\"potentialAction\":[{\"@type\":\"ReadAction\",\"target\":[\"https:\\\/\\\/radioljubuski.ba\\\/index.php\\\/2022\\\/05\\\/25\\\/dojave-o-bombama-u-110-sarajevskih-skola-18-000-ucenika-bilo-izlozeno-prijetnji\\\/\"]}]},{\"@type\":\"ImageObject\",\"inLanguage\":\"hr\",\"@id\":\"https:\\\/\\\/radioljubuski.ba\\\/index.php\\\/2022\\\/05\\\/25\\\/dojave-o-bombama-u-110-sarajevskih-skola-18-000-ucenika-bilo-izlozeno-prijetnji\\\/#primaryimage\",\"url\":\"https:\\\/\\\/radioljubuski.ba\\\/wp-content\\\/uploads\\\/2022\\\/05\\\/8-2022-05-25-11-19-54-SKOLE-SARAJEVO-POLICIJA.jpg\",\"contentUrl\":\"https:\\\/\\\/radioljubuski.ba\\\/wp-content\\\/uploads\\\/2022\\\/05\\\/8-2022-05-25-11-19-54-SKOLE-SARAJEVO-POLICIJA.jpg\",\"width\":1000,\"height\":625},{\"@type\":\"BreadcrumbList\",\"@id\":\"https:\\\/\\\/radioljubuski.ba\\\/index.php\\\/2022\\\/05\\\/25\\\/dojave-o-bombama-u-110-sarajevskih-skola-18-000-ucenika-bilo-izlozeno-prijetnji\\\/#breadcrumb\",\"itemListElement\":[{\"@type\":\"ListItem\",\"position\":1,\"name\":\"Po\u010detna stranica\",\"item\":\"https:\\\/\\\/radioljubuski.ba\\\/\"},{\"@type\":\"ListItem\",\"position\":2,\"name\":\"Dojave o bombama u 110 sarajevskih \u0161kola, 18.000 u\u010denika bilo izlo\u017eeno prijetnji\"}]},{\"@type\":\"WebSite\",\"@id\":\"https:\\\/\\\/radioljubuski.ba\\\/#website\",\"url\":\"https:\\\/\\\/radioljubuski.ba\\\/\",\"name\":\"Radio Ljubu\u0161ki\",\"description\":\"Sun\u010dana frekvencija Hercegovine\",\"publisher\":{\"@id\":\"https:\\\/\\\/radioljubuski.ba\\\/#organization\"},\"potentialAction\":[{\"@type\":\"SearchAction\",\"target\":{\"@type\":\"EntryPoint\",\"urlTemplate\":\"https:\\\/\\\/radioljubuski.ba\\\/?s={search_term_string}\"},\"query-input\":{\"@type\":\"PropertyValueSpecification\",\"valueRequired\":true,\"valueName\":\"search_term_string\"}}],\"inLanguage\":\"hr\"},{\"@type\":\"Organization\",\"@id\":\"https:\\\/\\\/radioljubuski.ba\\\/#organization\",\"name\":\"Radio Ljubu\u0161ki\",\"url\":\"https:\\\/\\\/radioljubuski.ba\\\/\",\"logo\":{\"@type\":\"ImageObject\",\"inLanguage\":\"hr\",\"@id\":\"https:\\\/\\\/radioljubuski.ba\\\/#\\\/schema\\\/logo\\\/image\\\/\",\"url\":\"https:\\\/\\\/radioljubuski.ba\\\/wp-content\\\/uploads\\\/2021\\\/02\\\/cropped-Radio_Ljubuski_logo1.jpg\",\"contentUrl\":\"https:\\\/\\\/radioljubuski.ba\\\/wp-content\\\/uploads\\\/2021\\\/02\\\/cropped-Radio_Ljubuski_logo1.jpg\",\"width\":512,\"height\":512,\"caption\":\"Radio Ljubu\u0161ki\"},\"image\":{\"@id\":\"https:\\\/\\\/radioljubuski.ba\\\/#\\\/schema\\\/logo\\\/image\\\/\"},\"sameAs\":[\"https:\\\/\\\/www.facebook.com\\\/Radiio-Ljubuski-1490835324566332\",\"https:\\\/\\\/x.com\\\/radioljubuski\",\"https:\\\/\\\/hr.linkedin.com\\\/company\\\/radio-ljubuski\",\"https:\\\/\\\/www.youtube.com\\\/channel\\\/UCHYaeO_n0Db3tjNGudGpXyw\"]},{\"@type\":\"Person\",\"@id\":\"https:\\\/\\\/radioljubuski.ba\\\/#\\\/schema\\\/person\\\/19fc700381a780f69665d7956c469e3b\",\"name\":\"Radio Ljubu\u0161ki\"}]}<\/script>\n<!-- \/ Yoast SEO plugin. -->","yoast_head_json":{"title":"Dojave o bombama u 110 sarajevskih \u0161kola, 18.000 u\u010denika bilo izlo\u017eeno prijetnji - RADIO LJUBU\u0160KI","robots":{"index":"index","follow":"follow","max-snippet":"max-snippet:-1","max-image-preview":"max-image-preview:large","max-video-preview":"max-video-preview:-1"},"canonical":"https:\/\/radioljubuski.ba\/index.php\/2022\/05\/25\/dojave-o-bombama-u-110-sarajevskih-skola-18-000-ucenika-bilo-izlozeno-prijetnji\/","og_locale":"hr_HR","og_type":"article","og_title":"Dojave o bombama u 110 sarajevskih \u0161kola, 18.000 u\u010denika bilo izlo\u017eeno prijetnji - RADIO LJUBU\u0160KI","og_description":"Nakon jutro\u0161njih dojava o bombama u svim osnovnim i ve\u0107ini srednjih \u0161kola \u0161irom \u017dupanije Sarajevo, nadle\u017eni su iznijeli pojedinosti o ovom slu\u010daju navode\u0107i da je u 110 objekata stigla ta prijetnja kojoj je bilo izlo\u017eeno blizu 18.000 u\u010denika. Edin Forto, premijer \u017dupanije Sarajevo je kazao da policija radi svoj posao u punom kapacitetu uz suradnju [&hellip;]","og_url":"https:\/\/radioljubuski.ba\/index.php\/2022\/05\/25\/dojave-o-bombama-u-110-sarajevskih-skola-18-000-ucenika-bilo-izlozeno-prijetnji\/","og_site_name":"RADIO LJUBU\u0160KI","article_publisher":"https:\/\/www.facebook.com\/Radiio-Ljubuski-1490835324566332","article_published_time":"2022-05-25T11:46:10+00:00","article_modified_time":"2022-05-25T11:46:11+00:00","og_image":[{"width":1000,"height":625,"url":"https:\/\/radioljubuski.ba\/wp-content\/uploads\/2022\/05\/8-2022-05-25-11-19-54-SKOLE-SARAJEVO-POLICIJA.jpg","type":"image\/jpeg"}],"author":"Radio Ljubu\u0161ki","twitter_card":"summary_large_image","twitter_creator":"@radioljubuski","twitter_site":"@radioljubuski","twitter_misc":{"Napisao\/la":"Radio Ljubu\u0161ki","Procijenjeno vrijeme \u010ditanja":"3 minute"},"schema":{"@context":"https:\/\/schema.org","@graph":[{"@type":"Article","@id":"https:\/\/radioljubuski.ba\/index.php\/2022\/05\/25\/dojave-o-bombama-u-110-sarajevskih-skola-18-000-ucenika-bilo-izlozeno-prijetnji\/#article","isPartOf":{"@id":"https:\/\/radioljubuski.ba\/index.php\/2022\/05\/25\/dojave-o-bombama-u-110-sarajevskih-skola-18-000-ucenika-bilo-izlozeno-prijetnji\/"},"author":{"name":"Radio Ljubu\u0161ki","@id":"https:\/\/radioljubuski.ba\/#\/schema\/person\/19fc700381a780f69665d7956c469e3b"},"headline":"Dojave o bombama u 110 sarajevskih \u0161kola, 18.000 u\u010denika bilo izlo\u017eeno prijetnji","datePublished":"2022-05-25T11:46:10+00:00","dateModified":"2022-05-25T11:46:11+00:00","mainEntityOfPage":{"@id":"https:\/\/radioljubuski.ba\/index.php\/2022\/05\/25\/dojave-o-bombama-u-110-sarajevskih-skola-18-000-ucenika-bilo-izlozeno-prijetnji\/"},"wordCount":741,"publisher":{"@id":"https:\/\/radioljubuski.ba\/#organization"},"image":{"@id":"https:\/\/radioljubuski.ba\/index.php\/2022\/05\/25\/dojave-o-bombama-u-110-sarajevskih-skola-18-000-ucenika-bilo-izlozeno-prijetnji\/#primaryimage"},"thumbnailUrl":"https:\/\/radioljubuski.ba\/wp-content\/uploads\/2022\/05\/8-2022-05-25-11-19-54-SKOLE-SARAJEVO-POLICIJA.jpg","articleSection":["BIH i regija"],"inLanguage":"hr"},{"@type":"WebPage","@id":"https:\/\/radioljubuski.ba\/index.php\/2022\/05\/25\/dojave-o-bombama-u-110-sarajevskih-skola-18-000-ucenika-bilo-izlozeno-prijetnji\/","url":"https:\/\/radioljubuski.ba\/index.php\/2022\/05\/25\/dojave-o-bombama-u-110-sarajevskih-skola-18-000-ucenika-bilo-izlozeno-prijetnji\/","name":"Dojave o bombama u 110 sarajevskih \u0161kola, 18.000 u\u010denika bilo izlo\u017eeno prijetnji - RADIO LJUBU\u0160KI","isPartOf":{"@id":"https:\/\/radioljubuski.ba\/#website"},"primaryImageOfPage":{"@id":"https:\/\/radioljubuski.ba\/index.php\/2022\/05\/25\/dojave-o-bombama-u-110-sarajevskih-skola-18-000-ucenika-bilo-izlozeno-prijetnji\/#primaryimage"},"image":{"@id":"https:\/\/radioljubuski.ba\/index.php\/2022\/05\/25\/dojave-o-bombama-u-110-sarajevskih-skola-18-000-ucenika-bilo-izlozeno-prijetnji\/#primaryimage"},"thumbnailUrl":"https:\/\/radioljubuski.ba\/wp-content\/uploads\/2022\/05\/8-2022-05-25-11-19-54-SKOLE-SARAJEVO-POLICIJA.jpg","datePublished":"2022-05-25T11:46:10+00:00","dateModified":"2022-05-25T11:46:11+00:00","breadcrumb":{"@id":"https:\/\/radioljubuski.ba\/index.php\/2022\/05\/25\/dojave-o-bombama-u-110-sarajevskih-skola-18-000-ucenika-bilo-izlozeno-prijetnji\/#breadcrumb"},"inLanguage":"hr","potentialAction":[{"@type":"ReadAction","target":["https:\/\/radioljubuski.ba\/index.php\/2022\/05\/25\/dojave-o-bombama-u-110-sarajevskih-skola-18-000-ucenika-bilo-izlozeno-prijetnji\/"]}]},{"@type":"ImageObject","inLanguage":"hr","@id":"https:\/\/radioljubuski.ba\/index.php\/2022\/05\/25\/dojave-o-bombama-u-110-sarajevskih-skola-18-000-ucenika-bilo-izlozeno-prijetnji\/#primaryimage","url":"https:\/\/radioljubuski.ba\/wp-content\/uploads\/2022\/05\/8-2022-05-25-11-19-54-SKOLE-SARAJEVO-POLICIJA.jpg","contentUrl":"https:\/\/radioljubuski.ba\/wp-content\/uploads\/2022\/05\/8-2022-05-25-11-19-54-SKOLE-SARAJEVO-POLICIJA.jpg","width":1000,"height":625},{"@type":"BreadcrumbList","@id":"https:\/\/radioljubuski.ba\/index.php\/2022\/05\/25\/dojave-o-bombama-u-110-sarajevskih-skola-18-000-ucenika-bilo-izlozeno-prijetnji\/#breadcrumb","itemListElement":[{"@type":"ListItem","position":1,"name":"Po\u010detna stranica","item":"https:\/\/radioljubuski.ba\/"},{"@type":"ListItem","position":2,"name":"Dojave o bombama u 110 sarajevskih \u0161kola, 18.000 u\u010denika bilo izlo\u017eeno prijetnji"}]},{"@type":"WebSite","@id":"https:\/\/radioljubuski.ba\/#website","url":"https:\/\/radioljubuski.ba\/","name":"Radio Ljubu\u0161ki","description":"Sun\u010dana frekvencija Hercegovine","publisher":{"@id":"https:\/\/radioljubuski.ba\/#organization"},"potentialAction":[{"@type":"SearchAction","target":{"@type":"EntryPoint","urlTemplate":"https:\/\/radioljubuski.ba\/?s={search_term_string}"},"query-input":{"@type":"PropertyValueSpecification","valueRequired":true,"valueName":"search_term_string"}}],"inLanguage":"hr"},{"@type":"Organization","@id":"https:\/\/radioljubuski.ba\/#organization","name":"Radio Ljubu\u0161ki","url":"https:\/\/radioljubuski.ba\/","logo":{"@type":"ImageObject","inLanguage":"hr","@id":"https:\/\/radioljubuski.ba\/#\/schema\/logo\/image\/","url":"https:\/\/radioljubuski.ba\/wp-content\/uploads\/2021\/02\/cropped-Radio_Ljubuski_logo1.jpg","contentUrl":"https:\/\/radioljubuski.ba\/wp-content\/uploads\/2021\/02\/cropped-Radio_Ljubuski_logo1.jpg","width":512,"height":512,"caption":"Radio Ljubu\u0161ki"},"image":{"@id":"https:\/\/radioljubuski.ba\/#\/schema\/logo\/image\/"},"sameAs":["https:\/\/www.facebook.com\/Radiio-Ljubuski-1490835324566332","https:\/\/x.com\/radioljubuski","https:\/\/hr.linkedin.com\/company\/radio-ljubuski","https:\/\/www.youtube.com\/channel\/UCHYaeO_n0Db3tjNGudGpXyw"]},{"@type":"Person","@id":"https:\/\/radioljubuski.ba\/#\/schema\/person\/19fc700381a780f69665d7956c469e3b","name":"Radio Ljubu\u0161ki"}]}},"_links":{"self":[{"href":"https:\/\/radioljubuski.ba\/index.php\/wp-json\/wp\/v2\/posts\/143831","targetHints":{"allow":["GET"]}}],"collection":[{"href":"https:\/\/radioljubuski.ba\/index.php\/wp-json\/wp\/v2\/posts"}],"about":[{"href":"https:\/\/radioljubuski.ba\/index.php\/wp-json\/wp\/v2\/types\/post"}],"author":[{"embeddable":true,"href":"https:\/\/radioljubuski.ba\/index.php\/wp-json\/wp\/v2\/users\/2"}],"replies":[{"embeddable":true,"href":"https:\/\/radioljubuski.ba\/index.php\/wp-json\/wp\/v2\/comments?post=143831"}],"version-history":[{"count":1,"href":"https:\/\/radioljubuski.ba\/index.php\/wp-json\/wp\/v2\/posts\/143831\/revisions"}],"predecessor-version":[{"id":143835,"href":"https:\/\/radioljubuski.ba\/index.php\/wp-json\/wp\/v2\/posts\/143831\/revisions\/143835"}],"wp:featuredmedia":[{"embeddable":true,"href":"https:\/\/radioljubuski.ba\/index.php\/wp-json\/wp\/v2\/media\/143834"}],"wp:attachment":[{"href":"https:\/\/radioljubuski.ba\/index.php\/wp-json\/wp\/v2\/media?parent=143831"}],"wp:term":[{"taxonomy":"category","embeddable":true,"href":"https:\/\/radioljubuski.ba\/index.php\/wp-json\/wp\/v2\/categories?post=143831"},{"taxonomy":"post_tag","embeddable":true,"href":"https:\/\/radioljubuski.ba\/index.php\/wp-json\/wp\/v2\/tags?post=143831"}],"curies":[{"name":"wp","href":"https:\/\/api.w.org\/{rel}","templated":true}]}}