{"id":143836,"date":"2022-05-25T12:51:12","date_gmt":"2022-05-25T11:51:12","guid":{"rendered":"https:\/\/radioljubuski.ba\/?p=143836"},"modified":"2022-05-25T12:51:13","modified_gmt":"2022-05-25T11:51:13","slug":"pocelo-je-obustavljen-promet-na-magistralnoj-cesti-m-17","status":"publish","type":"post","link":"https:\/\/radioljubuski.ba\/index.php\/2022\/05\/25\/pocelo-je-obustavljen-promet-na-magistralnoj-cesti-m-17\/","title":{"rendered":"Po\u010delo je: Obustavljen promet na magistralnoj cesti M-17"},"content":{"rendered":"\n<p>Obustava prometa \u0107e biti periodi\u010dna i to u vremenu od 9 do 12:15 sati, od 13:15 do 15 sati te od 17 do 19 sati, \u0161to zna\u010di da \u0107e biti otvorena ostatak dana. <\/p>\n\n\n\n<p>Jutros su krenule obustave prometa na magistralnoj cesti M-17 Mostar-\u010capljina, dionica Buna-Po\u010ditelj.\u00a0 Obustave prometa vr\u0161e se u tri faze dnevno po tri, odnosno dva sata. <\/p>\n\n\n\n<p>Obustava prometa \u0107e biti periodi\u010dna i to u vremenu od 9 do 12:15 sati, od 13:15 do 15 sati te od 17 do 19 sati, \u0161to zna\u010di da \u0107e biti otvorena ostatak dana. Obustave nisu planirane nedjeljom i praznicima.<\/p>\n\n\n\n<p> Obustave \u0107e biti vr\u0161ene sve do 12. lipnja. Podsjetimo, obustave su trebale biti na snazi sve do 16. kolovoza, ali nakon prosvjeda mje\u0161tana Po\u010ditelja taj rok je smanjen na 12. lipanj. <\/p>\n\n\n\n<p>Izvor: <a href=\"https:\/\/bljesak.info\/automoto\/stanje-na-cestama\/pocelo-je-obustavljen-promet-na-magistralnoj-cesti-m-17\/383628\">Bljesak info<\/a><\/p>\n","protected":false},"excerpt":{"rendered":"<p>Obustava prometa \u0107e biti periodi\u010dna i to u vremenu od 9 do 12:15 sati, od 13:15 do 15 sati te od 17 do 19 sati, \u0161to zna\u010di da \u0107e biti otvorena ostatak dana. Jutros su krenule obustave prometa na magistralnoj cesti M-17 Mostar-\u010capljina, dionica Buna-Po\u010ditelj.\u00a0 Obustave prometa vr\u0161e se u tri faze dnevno po tri, [&hellip;]<\/p>\n","protected":false},"author":2,"featured_media":143838,"comment_status":"closed","ping_status":"closed","sticky":false,"template":"","format":"standard","meta":{"h5ap_radio_sources":[],"footnotes":""},"categories":[1],"tags":[],"class_list":["post-143836","post","type-post","status-publish","format-standard","has-post-thumbnail","hentry","category-bihiregija"],"yoast_head":"<!-- This site is optimized with the Yoast SEO plugin v27.5 - https:\/\/yoast.com\/product\/yoast-seo-wordpress\/ -->\n<title>Po\u010delo je: Obustavljen promet na magistralnoj cesti M-17 - RADIO LJUBU\u0160KI<\/title>\n<meta name=\"robots\" content=\"index, follow, max-snippet:-1, max-image-preview:large, max-video-preview:-1\" \/>\n<link rel=\"canonical\" href=\"https:\/\/radioljubuski.ba\/index.php\/2022\/05\/25\/pocelo-je-obustavljen-promet-na-magistralnoj-cesti-m-17\/\" \/>\n<meta property=\"og:locale\" content=\"hr_HR\" \/>\n<meta property=\"og:type\" content=\"article\" \/>\n<meta property=\"og:title\" content=\"Po\u010delo je: Obustavljen promet na magistralnoj cesti M-17 - RADIO LJUBU\u0160KI\" \/>\n<meta property=\"og:description\" content=\"Obustava prometa \u0107e biti periodi\u010dna i to u vremenu od 9 do 12:15 sati, od 13:15 do 15 sati te od 17 do 19 sati, \u0161to zna\u010di da \u0107e biti otvorena ostatak dana. Jutros su krenule obustave prometa na magistralnoj cesti M-17 Mostar-\u010capljina, dionica Buna-Po\u010ditelj.\u00a0 Obustave prometa vr\u0161e se u tri faze dnevno po tri, [&hellip;]\" \/>\n<meta property=\"og:url\" content=\"https:\/\/radioljubuski.ba\/index.php\/2022\/05\/25\/pocelo-je-obustavljen-promet-na-magistralnoj-cesti-m-17\/\" \/>\n<meta property=\"og:site_name\" content=\"RADIO LJUBU\u0160KI\" \/>\n<meta property=\"article:publisher\" content=\"https:\/\/www.facebook.com\/Radiio-Ljubuski-1490835324566332\" \/>\n<meta property=\"article:published_time\" content=\"2022-05-25T11:51:12+00:00\" \/>\n<meta property=\"article:modified_time\" content=\"2022-05-25T11:51:13+00:00\" \/>\n<meta property=\"og:image\" content=\"https:\/\/radioljubuski.ba\/wp-content\/uploads\/2022\/05\/radovi-znak-1-1.jpg\" \/>\n\t<meta property=\"og:image:width\" content=\"800\" \/>\n\t<meta property=\"og:image:height\" content=\"550\" \/>\n\t<meta property=\"og:image:type\" content=\"image\/jpeg\" \/>\n<meta name=\"author\" content=\"Radio Ljubu\u0161ki\" \/>\n<meta name=\"twitter:card\" content=\"summary_large_image\" \/>\n<meta name=\"twitter:creator\" content=\"@radioljubuski\" \/>\n<meta name=\"twitter:site\" content=\"@radioljubuski\" \/>\n<meta name=\"twitter:label1\" content=\"Napisao\/la\" \/>\n\t<meta name=\"twitter:data1\" content=\"Radio Ljubu\u0161ki\" \/>\n\t<meta name=\"twitter:label2\" content=\"Procijenjeno vrijeme \u010ditanja\" \/>\n\t<meta name=\"twitter:data2\" content=\"1 minuta\" \/>\n<script type=\"application\/ld+json\" class=\"yoast-schema-graph\">{\"@context\":\"https:\\\/\\\/schema.org\",\"@graph\":[{\"@type\":\"Article\",\"@id\":\"https:\\\/\\\/radioljubuski.ba\\\/index.php\\\/2022\\\/05\\\/25\\\/pocelo-je-obustavljen-promet-na-magistralnoj-cesti-m-17\\\/#article\",\"isPartOf\":{\"@id\":\"https:\\\/\\\/radioljubuski.ba\\\/index.php\\\/2022\\\/05\\\/25\\\/pocelo-je-obustavljen-promet-na-magistralnoj-cesti-m-17\\\/\"},\"author\":{\"name\":\"Radio Ljubu\u0161ki\",\"@id\":\"https:\\\/\\\/radioljubuski.ba\\\/#\\\/schema\\\/person\\\/19fc700381a780f69665d7956c469e3b\"},\"headline\":\"Po\u010delo je: Obustavljen promet na magistralnoj cesti M-17\",\"datePublished\":\"2022-05-25T11:51:12+00:00\",\"dateModified\":\"2022-05-25T11:51:13+00:00\",\"mainEntityOfPage\":{\"@id\":\"https:\\\/\\\/radioljubuski.ba\\\/index.php\\\/2022\\\/05\\\/25\\\/pocelo-je-obustavljen-promet-na-magistralnoj-cesti-m-17\\\/\"},\"wordCount\":135,\"publisher\":{\"@id\":\"https:\\\/\\\/radioljubuski.ba\\\/#organization\"},\"image\":{\"@id\":\"https:\\\/\\\/radioljubuski.ba\\\/index.php\\\/2022\\\/05\\\/25\\\/pocelo-je-obustavljen-promet-na-magistralnoj-cesti-m-17\\\/#primaryimage\"},\"thumbnailUrl\":\"https:\\\/\\\/radioljubuski.ba\\\/wp-content\\\/uploads\\\/2022\\\/05\\\/radovi-znak-1-1.jpg\",\"articleSection\":[\"BIH i regija\"],\"inLanguage\":\"hr\"},{\"@type\":\"WebPage\",\"@id\":\"https:\\\/\\\/radioljubuski.ba\\\/index.php\\\/2022\\\/05\\\/25\\\/pocelo-je-obustavljen-promet-na-magistralnoj-cesti-m-17\\\/\",\"url\":\"https:\\\/\\\/radioljubuski.ba\\\/index.php\\\/2022\\\/05\\\/25\\\/pocelo-je-obustavljen-promet-na-magistralnoj-cesti-m-17\\\/\",\"name\":\"Po\u010delo je: Obustavljen promet na magistralnoj cesti M-17 - RADIO LJUBU\u0160KI\",\"isPartOf\":{\"@id\":\"https:\\\/\\\/radioljubuski.ba\\\/#website\"},\"primaryImageOfPage\":{\"@id\":\"https:\\\/\\\/radioljubuski.ba\\\/index.php\\\/2022\\\/05\\\/25\\\/pocelo-je-obustavljen-promet-na-magistralnoj-cesti-m-17\\\/#primaryimage\"},\"image\":{\"@id\":\"https:\\\/\\\/radioljubuski.ba\\\/index.php\\\/2022\\\/05\\\/25\\\/pocelo-je-obustavljen-promet-na-magistralnoj-cesti-m-17\\\/#primaryimage\"},\"thumbnailUrl\":\"https:\\\/\\\/radioljubuski.ba\\\/wp-content\\\/uploads\\\/2022\\\/05\\\/radovi-znak-1-1.jpg\",\"datePublished\":\"2022-05-25T11:51:12+00:00\",\"dateModified\":\"2022-05-25T11:51:13+00:00\",\"breadcrumb\":{\"@id\":\"https:\\\/\\\/radioljubuski.ba\\\/index.php\\\/2022\\\/05\\\/25\\\/pocelo-je-obustavljen-promet-na-magistralnoj-cesti-m-17\\\/#breadcrumb\"},\"inLanguage\":\"hr\",\"potentialAction\":[{\"@type\":\"ReadAction\",\"target\":[\"https:\\\/\\\/radioljubuski.ba\\\/index.php\\\/2022\\\/05\\\/25\\\/pocelo-je-obustavljen-promet-na-magistralnoj-cesti-m-17\\\/\"]}]},{\"@type\":\"ImageObject\",\"inLanguage\":\"hr\",\"@id\":\"https:\\\/\\\/radioljubuski.ba\\\/index.php\\\/2022\\\/05\\\/25\\\/pocelo-je-obustavljen-promet-na-magistralnoj-cesti-m-17\\\/#primaryimage\",\"url\":\"https:\\\/\\\/radioljubuski.ba\\\/wp-content\\\/uploads\\\/2022\\\/05\\\/radovi-znak-1-1.jpg\",\"contentUrl\":\"https:\\\/\\\/radioljubuski.ba\\\/wp-content\\\/uploads\\\/2022\\\/05\\\/radovi-znak-1-1.jpg\",\"width\":800,\"height\":550},{\"@type\":\"BreadcrumbList\",\"@id\":\"https:\\\/\\\/radioljubuski.ba\\\/index.php\\\/2022\\\/05\\\/25\\\/pocelo-je-obustavljen-promet-na-magistralnoj-cesti-m-17\\\/#breadcrumb\",\"itemListElement\":[{\"@type\":\"ListItem\",\"position\":1,\"name\":\"Po\u010detna stranica\",\"item\":\"https:\\\/\\\/radioljubuski.ba\\\/\"},{\"@type\":\"ListItem\",\"position\":2,\"name\":\"Po\u010delo je: Obustavljen promet na magistralnoj cesti M-17\"}]},{\"@type\":\"WebSite\",\"@id\":\"https:\\\/\\\/radioljubuski.ba\\\/#website\",\"url\":\"https:\\\/\\\/radioljubuski.ba\\\/\",\"name\":\"Radio Ljubu\u0161ki\",\"description\":\"Sun\u010dana frekvencija Hercegovine\",\"publisher\":{\"@id\":\"https:\\\/\\\/radioljubuski.ba\\\/#organization\"},\"potentialAction\":[{\"@type\":\"SearchAction\",\"target\":{\"@type\":\"EntryPoint\",\"urlTemplate\":\"https:\\\/\\\/radioljubuski.ba\\\/?s={search_term_string}\"},\"query-input\":{\"@type\":\"PropertyValueSpecification\",\"valueRequired\":true,\"valueName\":\"search_term_string\"}}],\"inLanguage\":\"hr\"},{\"@type\":\"Organization\",\"@id\":\"https:\\\/\\\/radioljubuski.ba\\\/#organization\",\"name\":\"Radio Ljubu\u0161ki\",\"url\":\"https:\\\/\\\/radioljubuski.ba\\\/\",\"logo\":{\"@type\":\"ImageObject\",\"inLanguage\":\"hr\",\"@id\":\"https:\\\/\\\/radioljubuski.ba\\\/#\\\/schema\\\/logo\\\/image\\\/\",\"url\":\"https:\\\/\\\/radioljubuski.ba\\\/wp-content\\\/uploads\\\/2021\\\/02\\\/cropped-Radio_Ljubuski_logo1.jpg\",\"contentUrl\":\"https:\\\/\\\/radioljubuski.ba\\\/wp-content\\\/uploads\\\/2021\\\/02\\\/cropped-Radio_Ljubuski_logo1.jpg\",\"width\":512,\"height\":512,\"caption\":\"Radio Ljubu\u0161ki\"},\"image\":{\"@id\":\"https:\\\/\\\/radioljubuski.ba\\\/#\\\/schema\\\/logo\\\/image\\\/\"},\"sameAs\":[\"https:\\\/\\\/www.facebook.com\\\/Radiio-Ljubuski-1490835324566332\",\"https:\\\/\\\/x.com\\\/radioljubuski\",\"https:\\\/\\\/hr.linkedin.com\\\/company\\\/radio-ljubuski\",\"https:\\\/\\\/www.youtube.com\\\/channel\\\/UCHYaeO_n0Db3tjNGudGpXyw\"]},{\"@type\":\"Person\",\"@id\":\"https:\\\/\\\/radioljubuski.ba\\\/#\\\/schema\\\/person\\\/19fc700381a780f69665d7956c469e3b\",\"name\":\"Radio Ljubu\u0161ki\"}]}<\/script>\n<!-- \/ Yoast SEO plugin. -->","yoast_head_json":{"title":"Po\u010delo je: Obustavljen promet na magistralnoj cesti M-17 - RADIO LJUBU\u0160KI","robots":{"index":"index","follow":"follow","max-snippet":"max-snippet:-1","max-image-preview":"max-image-preview:large","max-video-preview":"max-video-preview:-1"},"canonical":"https:\/\/radioljubuski.ba\/index.php\/2022\/05\/25\/pocelo-je-obustavljen-promet-na-magistralnoj-cesti-m-17\/","og_locale":"hr_HR","og_type":"article","og_title":"Po\u010delo je: Obustavljen promet na magistralnoj cesti M-17 - RADIO LJUBU\u0160KI","og_description":"Obustava prometa \u0107e biti periodi\u010dna i to u vremenu od 9 do 12:15 sati, od 13:15 do 15 sati te od 17 do 19 sati, \u0161to zna\u010di da \u0107e biti otvorena ostatak dana. Jutros su krenule obustave prometa na magistralnoj cesti M-17 Mostar-\u010capljina, dionica Buna-Po\u010ditelj.\u00a0 Obustave prometa vr\u0161e se u tri faze dnevno po tri, [&hellip;]","og_url":"https:\/\/radioljubuski.ba\/index.php\/2022\/05\/25\/pocelo-je-obustavljen-promet-na-magistralnoj-cesti-m-17\/","og_site_name":"RADIO LJUBU\u0160KI","article_publisher":"https:\/\/www.facebook.com\/Radiio-Ljubuski-1490835324566332","article_published_time":"2022-05-25T11:51:12+00:00","article_modified_time":"2022-05-25T11:51:13+00:00","og_image":[{"width":800,"height":550,"url":"https:\/\/radioljubuski.ba\/wp-content\/uploads\/2022\/05\/radovi-znak-1-1.jpg","type":"image\/jpeg"}],"author":"Radio Ljubu\u0161ki","twitter_card":"summary_large_image","twitter_creator":"@radioljubuski","twitter_site":"@radioljubuski","twitter_misc":{"Napisao\/la":"Radio Ljubu\u0161ki","Procijenjeno vrijeme \u010ditanja":"1 minuta"},"schema":{"@context":"https:\/\/schema.org","@graph":[{"@type":"Article","@id":"https:\/\/radioljubuski.ba\/index.php\/2022\/05\/25\/pocelo-je-obustavljen-promet-na-magistralnoj-cesti-m-17\/#article","isPartOf":{"@id":"https:\/\/radioljubuski.ba\/index.php\/2022\/05\/25\/pocelo-je-obustavljen-promet-na-magistralnoj-cesti-m-17\/"},"author":{"name":"Radio Ljubu\u0161ki","@id":"https:\/\/radioljubuski.ba\/#\/schema\/person\/19fc700381a780f69665d7956c469e3b"},"headline":"Po\u010delo je: Obustavljen promet na magistralnoj cesti M-17","datePublished":"2022-05-25T11:51:12+00:00","dateModified":"2022-05-25T11:51:13+00:00","mainEntityOfPage":{"@id":"https:\/\/radioljubuski.ba\/index.php\/2022\/05\/25\/pocelo-je-obustavljen-promet-na-magistralnoj-cesti-m-17\/"},"wordCount":135,"publisher":{"@id":"https:\/\/radioljubuski.ba\/#organization"},"image":{"@id":"https:\/\/radioljubuski.ba\/index.php\/2022\/05\/25\/pocelo-je-obustavljen-promet-na-magistralnoj-cesti-m-17\/#primaryimage"},"thumbnailUrl":"https:\/\/radioljubuski.ba\/wp-content\/uploads\/2022\/05\/radovi-znak-1-1.jpg","articleSection":["BIH i regija"],"inLanguage":"hr"},{"@type":"WebPage","@id":"https:\/\/radioljubuski.ba\/index.php\/2022\/05\/25\/pocelo-je-obustavljen-promet-na-magistralnoj-cesti-m-17\/","url":"https:\/\/radioljubuski.ba\/index.php\/2022\/05\/25\/pocelo-je-obustavljen-promet-na-magistralnoj-cesti-m-17\/","name":"Po\u010delo je: Obustavljen promet na magistralnoj cesti M-17 - RADIO LJUBU\u0160KI","isPartOf":{"@id":"https:\/\/radioljubuski.ba\/#website"},"primaryImageOfPage":{"@id":"https:\/\/radioljubuski.ba\/index.php\/2022\/05\/25\/pocelo-je-obustavljen-promet-na-magistralnoj-cesti-m-17\/#primaryimage"},"image":{"@id":"https:\/\/radioljubuski.ba\/index.php\/2022\/05\/25\/pocelo-je-obustavljen-promet-na-magistralnoj-cesti-m-17\/#primaryimage"},"thumbnailUrl":"https:\/\/radioljubuski.ba\/wp-content\/uploads\/2022\/05\/radovi-znak-1-1.jpg","datePublished":"2022-05-25T11:51:12+00:00","dateModified":"2022-05-25T11:51:13+00:00","breadcrumb":{"@id":"https:\/\/radioljubuski.ba\/index.php\/2022\/05\/25\/pocelo-je-obustavljen-promet-na-magistralnoj-cesti-m-17\/#breadcrumb"},"inLanguage":"hr","potentialAction":[{"@type":"ReadAction","target":["https:\/\/radioljubuski.ba\/index.php\/2022\/05\/25\/pocelo-je-obustavljen-promet-na-magistralnoj-cesti-m-17\/"]}]},{"@type":"ImageObject","inLanguage":"hr","@id":"https:\/\/radioljubuski.ba\/index.php\/2022\/05\/25\/pocelo-je-obustavljen-promet-na-magistralnoj-cesti-m-17\/#primaryimage","url":"https:\/\/radioljubuski.ba\/wp-content\/uploads\/2022\/05\/radovi-znak-1-1.jpg","contentUrl":"https:\/\/radioljubuski.ba\/wp-content\/uploads\/2022\/05\/radovi-znak-1-1.jpg","width":800,"height":550},{"@type":"BreadcrumbList","@id":"https:\/\/radioljubuski.ba\/index.php\/2022\/05\/25\/pocelo-je-obustavljen-promet-na-magistralnoj-cesti-m-17\/#breadcrumb","itemListElement":[{"@type":"ListItem","position":1,"name":"Po\u010detna stranica","item":"https:\/\/radioljubuski.ba\/"},{"@type":"ListItem","position":2,"name":"Po\u010delo je: Obustavljen promet na magistralnoj cesti M-17"}]},{"@type":"WebSite","@id":"https:\/\/radioljubuski.ba\/#website","url":"https:\/\/radioljubuski.ba\/","name":"Radio Ljubu\u0161ki","description":"Sun\u010dana frekvencija Hercegovine","publisher":{"@id":"https:\/\/radioljubuski.ba\/#organization"},"potentialAction":[{"@type":"SearchAction","target":{"@type":"EntryPoint","urlTemplate":"https:\/\/radioljubuski.ba\/?s={search_term_string}"},"query-input":{"@type":"PropertyValueSpecification","valueRequired":true,"valueName":"search_term_string"}}],"inLanguage":"hr"},{"@type":"Organization","@id":"https:\/\/radioljubuski.ba\/#organization","name":"Radio Ljubu\u0161ki","url":"https:\/\/radioljubuski.ba\/","logo":{"@type":"ImageObject","inLanguage":"hr","@id":"https:\/\/radioljubuski.ba\/#\/schema\/logo\/image\/","url":"https:\/\/radioljubuski.ba\/wp-content\/uploads\/2021\/02\/cropped-Radio_Ljubuski_logo1.jpg","contentUrl":"https:\/\/radioljubuski.ba\/wp-content\/uploads\/2021\/02\/cropped-Radio_Ljubuski_logo1.jpg","width":512,"height":512,"caption":"Radio Ljubu\u0161ki"},"image":{"@id":"https:\/\/radioljubuski.ba\/#\/schema\/logo\/image\/"},"sameAs":["https:\/\/www.facebook.com\/Radiio-Ljubuski-1490835324566332","https:\/\/x.com\/radioljubuski","https:\/\/hr.linkedin.com\/company\/radio-ljubuski","https:\/\/www.youtube.com\/channel\/UCHYaeO_n0Db3tjNGudGpXyw"]},{"@type":"Person","@id":"https:\/\/radioljubuski.ba\/#\/schema\/person\/19fc700381a780f69665d7956c469e3b","name":"Radio Ljubu\u0161ki"}]}},"_links":{"self":[{"href":"https:\/\/radioljubuski.ba\/index.php\/wp-json\/wp\/v2\/posts\/143836","targetHints":{"allow":["GET"]}}],"collection":[{"href":"https:\/\/radioljubuski.ba\/index.php\/wp-json\/wp\/v2\/posts"}],"about":[{"href":"https:\/\/radioljubuski.ba\/index.php\/wp-json\/wp\/v2\/types\/post"}],"author":[{"embeddable":true,"href":"https:\/\/radioljubuski.ba\/index.php\/wp-json\/wp\/v2\/users\/2"}],"replies":[{"embeddable":true,"href":"https:\/\/radioljubuski.ba\/index.php\/wp-json\/wp\/v2\/comments?post=143836"}],"version-history":[{"count":1,"href":"https:\/\/radioljubuski.ba\/index.php\/wp-json\/wp\/v2\/posts\/143836\/revisions"}],"predecessor-version":[{"id":143839,"href":"https:\/\/radioljubuski.ba\/index.php\/wp-json\/wp\/v2\/posts\/143836\/revisions\/143839"}],"wp:featuredmedia":[{"embeddable":true,"href":"https:\/\/radioljubuski.ba\/index.php\/wp-json\/wp\/v2\/media\/143838"}],"wp:attachment":[{"href":"https:\/\/radioljubuski.ba\/index.php\/wp-json\/wp\/v2\/media?parent=143836"}],"wp:term":[{"taxonomy":"category","embeddable":true,"href":"https:\/\/radioljubuski.ba\/index.php\/wp-json\/wp\/v2\/categories?post=143836"},{"taxonomy":"post_tag","embeddable":true,"href":"https:\/\/radioljubuski.ba\/index.php\/wp-json\/wp\/v2\/tags?post=143836"}],"curies":[{"name":"wp","href":"https:\/\/api.w.org\/{rel}","templated":true}]}}