{"id":143857,"date":"2022-05-25T14:07:20","date_gmt":"2022-05-25T13:07:20","guid":{"rendered":"https:\/\/radioljubuski.ba\/?p=143857"},"modified":"2022-05-25T14:07:21","modified_gmt":"2022-05-25T13:07:21","slug":"pocele-istrazne-radnje-u-predmetu-sefik-dzaferovic-zbog-negiranja-ratnih-zlocina-bosnjacke-armije-bih","status":"publish","type":"post","link":"https:\/\/radioljubuski.ba\/index.php\/2022\/05\/25\/pocele-istrazne-radnje-u-predmetu-sefik-dzaferovic-zbog-negiranja-ratnih-zlocina-bosnjacke-armije-bih\/","title":{"rendered":"Po\u010dele istra\u017ene radnje u predmetu \u201c\u0160efik D\u017eaferovi\u0107\u201d zbog negiranja ratnih zlo\u010dina bo\u0161nja\u010dke Armije BiH"},"content":{"rendered":"\n<p><strong>Tu\u017eiteljstvo BiH po\u010delo provoditi istra\u017ene radnje u predmetu protiv osumnji\u010denog \u0160efika D\u017eaferovi\u0107a, a na osnovu prijave koju smo uputili Tu\u017eiteljstvu,stoji u objavi na Facebook stranici Hrvatske republikanske stranke (HRS), prenosi Hrvatski Medijski Servis.<\/strong><\/p>\n\n\n\n<p>Prijava je ura\u0111ena zbog, kako navode, kr\u0161enja odredbi Kaznenog zakona koje se ti\u010du izazivanja nacionalne mr\u017enje putem umanjivanja i\/ili opravdavanja ratnih zlo\u010dina od strane \u0160efika D\u017eaferovi\u0107a.<\/p>\n\n\n\n<p>\u201cTo zna\u010di kako je Tu\u017eiteljstvo ocijenilo kako je kaznena prijava koju smo uputili osnovana na \u010dinjenicama i kako treba po\u010deti sa saslu\u0161anjem svjedoka\u201d, navodi se na Facebooku HRS-a.<\/p>\n\n\n\n<p>Iz spomenute stranke poru\u010duju da jedva \u010dekaju iznijeti \u010dinjenice pred Tu\u017eiteljstvom.<\/p>\n\n\n\n<p>\u201cStigao je prvi poziv na saslu\u0161anje i ono je odr\u017eano u prostorijama Tu\u017eiteljstva BiH! Budu\u0107i da \u0160efik D\u017eaferovi\u0107, niti nakon na\u0161e prijave zbog govora u Jablanici, nije prestao s negiranjem pravomo\u0107nih presuda zbog zlo\u010dina po\u010dinjenih od strane pripadnika ABiH, jedva \u010dekamo iznijeti \u010dinjenice u prostorijama Tu\u017eiteljstva\u201d, navodi se u Facebook objavi HRS-a te dodaje:<\/p>\n\n\n\n<p>-Iznimno nam je drago \u0161to su \u201einstitucije po\u010dele raditi svoj posao\u201c. Jo\u0161 nam je dra\u017ee \u0161to smo ih mi na to natjerali. Kako bi se jo\u0161 bolje vidjela razlika izme\u0111u onih koji djeluju i onih koji samo (isprazno) govore, djeluju\u0107i redovito post festum i donose\u0107i \u201esetove zaklju\u010daka\u201c nakon \u0161to je \u0161teta ve\u0107 napravljena, zaklju\u010duje se u priop\u0107enju za javnost koje je objavljeno na Facebook stranici HRS-a.<\/p>\n\n\n\n<figure class=\"wp-block-image size-large\"><img loading=\"lazy\" decoding=\"async\" width=\"588\" height=\"643\" src=\"https:\/\/radioljubuski.ba\/wp-content\/uploads\/2022\/05\/11-2.png\" alt=\"\" class=\"wp-image-143859\" srcset=\"https:\/\/radioljubuski.ba\/wp-content\/uploads\/2022\/05\/11-2.png 588w, https:\/\/radioljubuski.ba\/wp-content\/uploads\/2022\/05\/11-2-274x300.png 274w, https:\/\/radioljubuski.ba\/wp-content\/uploads\/2022\/05\/11-2-11x12.png 11w\" sizes=\"auto, (max-width: 588px) 100vw, 588px\" \/><\/figure>\n\n\n\n<p>\/HMS\/<\/p>\n","protected":false},"excerpt":{"rendered":"<p>Tu\u017eiteljstvo BiH po\u010delo provoditi istra\u017ene radnje u predmetu protiv osumnji\u010denog \u0160efika D\u017eaferovi\u0107a, a na osnovu prijave koju smo uputili Tu\u017eiteljstvu,stoji u objavi na Facebook stranici Hrvatske republikanske stranke (HRS), prenosi Hrvatski Medijski Servis. Prijava je ura\u0111ena zbog, kako navode, kr\u0161enja odredbi Kaznenog zakona koje se ti\u010du izazivanja nacionalne mr\u017enje putem umanjivanja i\/ili opravdavanja ratnih zlo\u010dina [&hellip;]<\/p>\n","protected":false},"author":2,"featured_media":143858,"comment_status":"closed","ping_status":"closed","sticky":false,"template":"","format":"standard","meta":{"h5ap_radio_sources":[],"footnotes":""},"categories":[1],"tags":[],"class_list":["post-143857","post","type-post","status-publish","format-standard","has-post-thumbnail","hentry","category-bihiregija"],"yoast_head":"<!-- This site is optimized with the Yoast SEO plugin v27.5 - https:\/\/yoast.com\/product\/yoast-seo-wordpress\/ -->\n<title>Po\u010dele istra\u017ene radnje u predmetu \u201c\u0160efik D\u017eaferovi\u0107\u201d zbog negiranja ratnih zlo\u010dina bo\u0161nja\u010dke Armije BiH - RADIO LJUBU\u0160KI<\/title>\n<meta name=\"robots\" content=\"index, follow, max-snippet:-1, max-image-preview:large, max-video-preview:-1\" \/>\n<link rel=\"canonical\" href=\"https:\/\/radioljubuski.ba\/index.php\/2022\/05\/25\/pocele-istrazne-radnje-u-predmetu-sefik-dzaferovic-zbog-negiranja-ratnih-zlocina-bosnjacke-armije-bih\/\" \/>\n<meta property=\"og:locale\" content=\"hr_HR\" \/>\n<meta property=\"og:type\" content=\"article\" \/>\n<meta property=\"og:title\" content=\"Po\u010dele istra\u017ene radnje u predmetu \u201c\u0160efik D\u017eaferovi\u0107\u201d zbog negiranja ratnih zlo\u010dina bo\u0161nja\u010dke Armije BiH - RADIO LJUBU\u0160KI\" \/>\n<meta property=\"og:description\" content=\"Tu\u017eiteljstvo BiH po\u010delo provoditi istra\u017ene radnje u predmetu protiv osumnji\u010denog \u0160efika D\u017eaferovi\u0107a, a na osnovu prijave koju smo uputili Tu\u017eiteljstvu,stoji u objavi na Facebook stranici Hrvatske republikanske stranke (HRS), prenosi Hrvatski Medijski Servis. Prijava je ura\u0111ena zbog, kako navode, kr\u0161enja odredbi Kaznenog zakona koje se ti\u010du izazivanja nacionalne mr\u017enje putem umanjivanja i\/ili opravdavanja ratnih zlo\u010dina [&hellip;]\" \/>\n<meta property=\"og:url\" content=\"https:\/\/radioljubuski.ba\/index.php\/2022\/05\/25\/pocele-istrazne-radnje-u-predmetu-sefik-dzaferovic-zbog-negiranja-ratnih-zlocina-bosnjacke-armije-bih\/\" \/>\n<meta property=\"og:site_name\" content=\"RADIO LJUBU\u0160KI\" \/>\n<meta property=\"article:publisher\" content=\"https:\/\/www.facebook.com\/Radiio-Ljubuski-1490835324566332\" \/>\n<meta property=\"article:published_time\" content=\"2022-05-25T13:07:20+00:00\" \/>\n<meta property=\"article:modified_time\" content=\"2022-05-25T13:07:21+00:00\" \/>\n<meta property=\"og:image\" content=\"https:\/\/radioljubuski.ba\/wp-content\/uploads\/2022\/05\/pjimage-4-1068x601-1.jpg\" \/>\n\t<meta property=\"og:image:width\" content=\"1068\" \/>\n\t<meta property=\"og:image:height\" content=\"601\" \/>\n\t<meta property=\"og:image:type\" content=\"image\/jpeg\" \/>\n<meta name=\"author\" content=\"Radio Ljubu\u0161ki\" \/>\n<meta name=\"twitter:card\" content=\"summary_large_image\" \/>\n<meta name=\"twitter:creator\" content=\"@radioljubuski\" \/>\n<meta name=\"twitter:site\" content=\"@radioljubuski\" \/>\n<meta name=\"twitter:label1\" content=\"Napisao\/la\" \/>\n\t<meta name=\"twitter:data1\" content=\"Radio Ljubu\u0161ki\" \/>\n\t<meta name=\"twitter:label2\" content=\"Procijenjeno vrijeme \u010ditanja\" \/>\n\t<meta name=\"twitter:data2\" content=\"2 minute\" \/>\n<script type=\"application\/ld+json\" class=\"yoast-schema-graph\">{\"@context\":\"https:\\\/\\\/schema.org\",\"@graph\":[{\"@type\":\"Article\",\"@id\":\"https:\\\/\\\/radioljubuski.ba\\\/index.php\\\/2022\\\/05\\\/25\\\/pocele-istrazne-radnje-u-predmetu-sefik-dzaferovic-zbog-negiranja-ratnih-zlocina-bosnjacke-armije-bih\\\/#article\",\"isPartOf\":{\"@id\":\"https:\\\/\\\/radioljubuski.ba\\\/index.php\\\/2022\\\/05\\\/25\\\/pocele-istrazne-radnje-u-predmetu-sefik-dzaferovic-zbog-negiranja-ratnih-zlocina-bosnjacke-armije-bih\\\/\"},\"author\":{\"name\":\"Radio Ljubu\u0161ki\",\"@id\":\"https:\\\/\\\/radioljubuski.ba\\\/#\\\/schema\\\/person\\\/19fc700381a780f69665d7956c469e3b\"},\"headline\":\"Po\u010dele istra\u017ene radnje u predmetu \u201c\u0160efik D\u017eaferovi\u0107\u201d zbog negiranja ratnih zlo\u010dina bo\u0161nja\u010dke Armije BiH\",\"datePublished\":\"2022-05-25T13:07:20+00:00\",\"dateModified\":\"2022-05-25T13:07:21+00:00\",\"mainEntityOfPage\":{\"@id\":\"https:\\\/\\\/radioljubuski.ba\\\/index.php\\\/2022\\\/05\\\/25\\\/pocele-istrazne-radnje-u-predmetu-sefik-dzaferovic-zbog-negiranja-ratnih-zlocina-bosnjacke-armije-bih\\\/\"},\"wordCount\":279,\"publisher\":{\"@id\":\"https:\\\/\\\/radioljubuski.ba\\\/#organization\"},\"image\":{\"@id\":\"https:\\\/\\\/radioljubuski.ba\\\/index.php\\\/2022\\\/05\\\/25\\\/pocele-istrazne-radnje-u-predmetu-sefik-dzaferovic-zbog-negiranja-ratnih-zlocina-bosnjacke-armije-bih\\\/#primaryimage\"},\"thumbnailUrl\":\"https:\\\/\\\/radioljubuski.ba\\\/wp-content\\\/uploads\\\/2022\\\/05\\\/pjimage-4-1068x601-1.jpg\",\"articleSection\":[\"BIH i regija\"],\"inLanguage\":\"hr\"},{\"@type\":\"WebPage\",\"@id\":\"https:\\\/\\\/radioljubuski.ba\\\/index.php\\\/2022\\\/05\\\/25\\\/pocele-istrazne-radnje-u-predmetu-sefik-dzaferovic-zbog-negiranja-ratnih-zlocina-bosnjacke-armije-bih\\\/\",\"url\":\"https:\\\/\\\/radioljubuski.ba\\\/index.php\\\/2022\\\/05\\\/25\\\/pocele-istrazne-radnje-u-predmetu-sefik-dzaferovic-zbog-negiranja-ratnih-zlocina-bosnjacke-armije-bih\\\/\",\"name\":\"Po\u010dele istra\u017ene radnje u predmetu \u201c\u0160efik D\u017eaferovi\u0107\u201d zbog negiranja ratnih zlo\u010dina bo\u0161nja\u010dke Armije BiH - RADIO LJUBU\u0160KI\",\"isPartOf\":{\"@id\":\"https:\\\/\\\/radioljubuski.ba\\\/#website\"},\"primaryImageOfPage\":{\"@id\":\"https:\\\/\\\/radioljubuski.ba\\\/index.php\\\/2022\\\/05\\\/25\\\/pocele-istrazne-radnje-u-predmetu-sefik-dzaferovic-zbog-negiranja-ratnih-zlocina-bosnjacke-armije-bih\\\/#primaryimage\"},\"image\":{\"@id\":\"https:\\\/\\\/radioljubuski.ba\\\/index.php\\\/2022\\\/05\\\/25\\\/pocele-istrazne-radnje-u-predmetu-sefik-dzaferovic-zbog-negiranja-ratnih-zlocina-bosnjacke-armije-bih\\\/#primaryimage\"},\"thumbnailUrl\":\"https:\\\/\\\/radioljubuski.ba\\\/wp-content\\\/uploads\\\/2022\\\/05\\\/pjimage-4-1068x601-1.jpg\",\"datePublished\":\"2022-05-25T13:07:20+00:00\",\"dateModified\":\"2022-05-25T13:07:21+00:00\",\"breadcrumb\":{\"@id\":\"https:\\\/\\\/radioljubuski.ba\\\/index.php\\\/2022\\\/05\\\/25\\\/pocele-istrazne-radnje-u-predmetu-sefik-dzaferovic-zbog-negiranja-ratnih-zlocina-bosnjacke-armije-bih\\\/#breadcrumb\"},\"inLanguage\":\"hr\",\"potentialAction\":[{\"@type\":\"ReadAction\",\"target\":[\"https:\\\/\\\/radioljubuski.ba\\\/index.php\\\/2022\\\/05\\\/25\\\/pocele-istrazne-radnje-u-predmetu-sefik-dzaferovic-zbog-negiranja-ratnih-zlocina-bosnjacke-armije-bih\\\/\"]}]},{\"@type\":\"ImageObject\",\"inLanguage\":\"hr\",\"@id\":\"https:\\\/\\\/radioljubuski.ba\\\/index.php\\\/2022\\\/05\\\/25\\\/pocele-istrazne-radnje-u-predmetu-sefik-dzaferovic-zbog-negiranja-ratnih-zlocina-bosnjacke-armije-bih\\\/#primaryimage\",\"url\":\"https:\\\/\\\/radioljubuski.ba\\\/wp-content\\\/uploads\\\/2022\\\/05\\\/pjimage-4-1068x601-1.jpg\",\"contentUrl\":\"https:\\\/\\\/radioljubuski.ba\\\/wp-content\\\/uploads\\\/2022\\\/05\\\/pjimage-4-1068x601-1.jpg\",\"width\":1068,\"height\":601},{\"@type\":\"BreadcrumbList\",\"@id\":\"https:\\\/\\\/radioljubuski.ba\\\/index.php\\\/2022\\\/05\\\/25\\\/pocele-istrazne-radnje-u-predmetu-sefik-dzaferovic-zbog-negiranja-ratnih-zlocina-bosnjacke-armije-bih\\\/#breadcrumb\",\"itemListElement\":[{\"@type\":\"ListItem\",\"position\":1,\"name\":\"Po\u010detna stranica\",\"item\":\"https:\\\/\\\/radioljubuski.ba\\\/\"},{\"@type\":\"ListItem\",\"position\":2,\"name\":\"Po\u010dele istra\u017ene radnje u predmetu \u201c\u0160efik D\u017eaferovi\u0107\u201d zbog negiranja ratnih zlo\u010dina bo\u0161nja\u010dke Armije BiH\"}]},{\"@type\":\"WebSite\",\"@id\":\"https:\\\/\\\/radioljubuski.ba\\\/#website\",\"url\":\"https:\\\/\\\/radioljubuski.ba\\\/\",\"name\":\"Radio Ljubu\u0161ki\",\"description\":\"Sun\u010dana frekvencija Hercegovine\",\"publisher\":{\"@id\":\"https:\\\/\\\/radioljubuski.ba\\\/#organization\"},\"potentialAction\":[{\"@type\":\"SearchAction\",\"target\":{\"@type\":\"EntryPoint\",\"urlTemplate\":\"https:\\\/\\\/radioljubuski.ba\\\/?s={search_term_string}\"},\"query-input\":{\"@type\":\"PropertyValueSpecification\",\"valueRequired\":true,\"valueName\":\"search_term_string\"}}],\"inLanguage\":\"hr\"},{\"@type\":\"Organization\",\"@id\":\"https:\\\/\\\/radioljubuski.ba\\\/#organization\",\"name\":\"Radio Ljubu\u0161ki\",\"url\":\"https:\\\/\\\/radioljubuski.ba\\\/\",\"logo\":{\"@type\":\"ImageObject\",\"inLanguage\":\"hr\",\"@id\":\"https:\\\/\\\/radioljubuski.ba\\\/#\\\/schema\\\/logo\\\/image\\\/\",\"url\":\"https:\\\/\\\/radioljubuski.ba\\\/wp-content\\\/uploads\\\/2021\\\/02\\\/cropped-Radio_Ljubuski_logo1.jpg\",\"contentUrl\":\"https:\\\/\\\/radioljubuski.ba\\\/wp-content\\\/uploads\\\/2021\\\/02\\\/cropped-Radio_Ljubuski_logo1.jpg\",\"width\":512,\"height\":512,\"caption\":\"Radio Ljubu\u0161ki\"},\"image\":{\"@id\":\"https:\\\/\\\/radioljubuski.ba\\\/#\\\/schema\\\/logo\\\/image\\\/\"},\"sameAs\":[\"https:\\\/\\\/www.facebook.com\\\/Radiio-Ljubuski-1490835324566332\",\"https:\\\/\\\/x.com\\\/radioljubuski\",\"https:\\\/\\\/hr.linkedin.com\\\/company\\\/radio-ljubuski\",\"https:\\\/\\\/www.youtube.com\\\/channel\\\/UCHYaeO_n0Db3tjNGudGpXyw\"]},{\"@type\":\"Person\",\"@id\":\"https:\\\/\\\/radioljubuski.ba\\\/#\\\/schema\\\/person\\\/19fc700381a780f69665d7956c469e3b\",\"name\":\"Radio Ljubu\u0161ki\"}]}<\/script>\n<!-- \/ Yoast SEO plugin. -->","yoast_head_json":{"title":"Po\u010dele istra\u017ene radnje u predmetu \u201c\u0160efik D\u017eaferovi\u0107\u201d zbog negiranja ratnih zlo\u010dina bo\u0161nja\u010dke Armije BiH - RADIO LJUBU\u0160KI","robots":{"index":"index","follow":"follow","max-snippet":"max-snippet:-1","max-image-preview":"max-image-preview:large","max-video-preview":"max-video-preview:-1"},"canonical":"https:\/\/radioljubuski.ba\/index.php\/2022\/05\/25\/pocele-istrazne-radnje-u-predmetu-sefik-dzaferovic-zbog-negiranja-ratnih-zlocina-bosnjacke-armije-bih\/","og_locale":"hr_HR","og_type":"article","og_title":"Po\u010dele istra\u017ene radnje u predmetu \u201c\u0160efik D\u017eaferovi\u0107\u201d zbog negiranja ratnih zlo\u010dina bo\u0161nja\u010dke Armije BiH - RADIO LJUBU\u0160KI","og_description":"Tu\u017eiteljstvo BiH po\u010delo provoditi istra\u017ene radnje u predmetu protiv osumnji\u010denog \u0160efika D\u017eaferovi\u0107a, a na osnovu prijave koju smo uputili Tu\u017eiteljstvu,stoji u objavi na Facebook stranici Hrvatske republikanske stranke (HRS), prenosi Hrvatski Medijski Servis. Prijava je ura\u0111ena zbog, kako navode, kr\u0161enja odredbi Kaznenog zakona koje se ti\u010du izazivanja nacionalne mr\u017enje putem umanjivanja i\/ili opravdavanja ratnih zlo\u010dina [&hellip;]","og_url":"https:\/\/radioljubuski.ba\/index.php\/2022\/05\/25\/pocele-istrazne-radnje-u-predmetu-sefik-dzaferovic-zbog-negiranja-ratnih-zlocina-bosnjacke-armije-bih\/","og_site_name":"RADIO LJUBU\u0160KI","article_publisher":"https:\/\/www.facebook.com\/Radiio-Ljubuski-1490835324566332","article_published_time":"2022-05-25T13:07:20+00:00","article_modified_time":"2022-05-25T13:07:21+00:00","og_image":[{"width":1068,"height":601,"url":"https:\/\/radioljubuski.ba\/wp-content\/uploads\/2022\/05\/pjimage-4-1068x601-1.jpg","type":"image\/jpeg"}],"author":"Radio Ljubu\u0161ki","twitter_card":"summary_large_image","twitter_creator":"@radioljubuski","twitter_site":"@radioljubuski","twitter_misc":{"Napisao\/la":"Radio Ljubu\u0161ki","Procijenjeno vrijeme \u010ditanja":"2 minute"},"schema":{"@context":"https:\/\/schema.org","@graph":[{"@type":"Article","@id":"https:\/\/radioljubuski.ba\/index.php\/2022\/05\/25\/pocele-istrazne-radnje-u-predmetu-sefik-dzaferovic-zbog-negiranja-ratnih-zlocina-bosnjacke-armije-bih\/#article","isPartOf":{"@id":"https:\/\/radioljubuski.ba\/index.php\/2022\/05\/25\/pocele-istrazne-radnje-u-predmetu-sefik-dzaferovic-zbog-negiranja-ratnih-zlocina-bosnjacke-armije-bih\/"},"author":{"name":"Radio Ljubu\u0161ki","@id":"https:\/\/radioljubuski.ba\/#\/schema\/person\/19fc700381a780f69665d7956c469e3b"},"headline":"Po\u010dele istra\u017ene radnje u predmetu \u201c\u0160efik D\u017eaferovi\u0107\u201d zbog negiranja ratnih zlo\u010dina bo\u0161nja\u010dke Armije BiH","datePublished":"2022-05-25T13:07:20+00:00","dateModified":"2022-05-25T13:07:21+00:00","mainEntityOfPage":{"@id":"https:\/\/radioljubuski.ba\/index.php\/2022\/05\/25\/pocele-istrazne-radnje-u-predmetu-sefik-dzaferovic-zbog-negiranja-ratnih-zlocina-bosnjacke-armije-bih\/"},"wordCount":279,"publisher":{"@id":"https:\/\/radioljubuski.ba\/#organization"},"image":{"@id":"https:\/\/radioljubuski.ba\/index.php\/2022\/05\/25\/pocele-istrazne-radnje-u-predmetu-sefik-dzaferovic-zbog-negiranja-ratnih-zlocina-bosnjacke-armije-bih\/#primaryimage"},"thumbnailUrl":"https:\/\/radioljubuski.ba\/wp-content\/uploads\/2022\/05\/pjimage-4-1068x601-1.jpg","articleSection":["BIH i regija"],"inLanguage":"hr"},{"@type":"WebPage","@id":"https:\/\/radioljubuski.ba\/index.php\/2022\/05\/25\/pocele-istrazne-radnje-u-predmetu-sefik-dzaferovic-zbog-negiranja-ratnih-zlocina-bosnjacke-armije-bih\/","url":"https:\/\/radioljubuski.ba\/index.php\/2022\/05\/25\/pocele-istrazne-radnje-u-predmetu-sefik-dzaferovic-zbog-negiranja-ratnih-zlocina-bosnjacke-armije-bih\/","name":"Po\u010dele istra\u017ene radnje u predmetu \u201c\u0160efik D\u017eaferovi\u0107\u201d zbog negiranja ratnih zlo\u010dina bo\u0161nja\u010dke Armije BiH - RADIO LJUBU\u0160KI","isPartOf":{"@id":"https:\/\/radioljubuski.ba\/#website"},"primaryImageOfPage":{"@id":"https:\/\/radioljubuski.ba\/index.php\/2022\/05\/25\/pocele-istrazne-radnje-u-predmetu-sefik-dzaferovic-zbog-negiranja-ratnih-zlocina-bosnjacke-armije-bih\/#primaryimage"},"image":{"@id":"https:\/\/radioljubuski.ba\/index.php\/2022\/05\/25\/pocele-istrazne-radnje-u-predmetu-sefik-dzaferovic-zbog-negiranja-ratnih-zlocina-bosnjacke-armije-bih\/#primaryimage"},"thumbnailUrl":"https:\/\/radioljubuski.ba\/wp-content\/uploads\/2022\/05\/pjimage-4-1068x601-1.jpg","datePublished":"2022-05-25T13:07:20+00:00","dateModified":"2022-05-25T13:07:21+00:00","breadcrumb":{"@id":"https:\/\/radioljubuski.ba\/index.php\/2022\/05\/25\/pocele-istrazne-radnje-u-predmetu-sefik-dzaferovic-zbog-negiranja-ratnih-zlocina-bosnjacke-armije-bih\/#breadcrumb"},"inLanguage":"hr","potentialAction":[{"@type":"ReadAction","target":["https:\/\/radioljubuski.ba\/index.php\/2022\/05\/25\/pocele-istrazne-radnje-u-predmetu-sefik-dzaferovic-zbog-negiranja-ratnih-zlocina-bosnjacke-armije-bih\/"]}]},{"@type":"ImageObject","inLanguage":"hr","@id":"https:\/\/radioljubuski.ba\/index.php\/2022\/05\/25\/pocele-istrazne-radnje-u-predmetu-sefik-dzaferovic-zbog-negiranja-ratnih-zlocina-bosnjacke-armije-bih\/#primaryimage","url":"https:\/\/radioljubuski.ba\/wp-content\/uploads\/2022\/05\/pjimage-4-1068x601-1.jpg","contentUrl":"https:\/\/radioljubuski.ba\/wp-content\/uploads\/2022\/05\/pjimage-4-1068x601-1.jpg","width":1068,"height":601},{"@type":"BreadcrumbList","@id":"https:\/\/radioljubuski.ba\/index.php\/2022\/05\/25\/pocele-istrazne-radnje-u-predmetu-sefik-dzaferovic-zbog-negiranja-ratnih-zlocina-bosnjacke-armije-bih\/#breadcrumb","itemListElement":[{"@type":"ListItem","position":1,"name":"Po\u010detna stranica","item":"https:\/\/radioljubuski.ba\/"},{"@type":"ListItem","position":2,"name":"Po\u010dele istra\u017ene radnje u predmetu \u201c\u0160efik D\u017eaferovi\u0107\u201d zbog negiranja ratnih zlo\u010dina bo\u0161nja\u010dke Armije BiH"}]},{"@type":"WebSite","@id":"https:\/\/radioljubuski.ba\/#website","url":"https:\/\/radioljubuski.ba\/","name":"Radio Ljubu\u0161ki","description":"Sun\u010dana frekvencija Hercegovine","publisher":{"@id":"https:\/\/radioljubuski.ba\/#organization"},"potentialAction":[{"@type":"SearchAction","target":{"@type":"EntryPoint","urlTemplate":"https:\/\/radioljubuski.ba\/?s={search_term_string}"},"query-input":{"@type":"PropertyValueSpecification","valueRequired":true,"valueName":"search_term_string"}}],"inLanguage":"hr"},{"@type":"Organization","@id":"https:\/\/radioljubuski.ba\/#organization","name":"Radio Ljubu\u0161ki","url":"https:\/\/radioljubuski.ba\/","logo":{"@type":"ImageObject","inLanguage":"hr","@id":"https:\/\/radioljubuski.ba\/#\/schema\/logo\/image\/","url":"https:\/\/radioljubuski.ba\/wp-content\/uploads\/2021\/02\/cropped-Radio_Ljubuski_logo1.jpg","contentUrl":"https:\/\/radioljubuski.ba\/wp-content\/uploads\/2021\/02\/cropped-Radio_Ljubuski_logo1.jpg","width":512,"height":512,"caption":"Radio Ljubu\u0161ki"},"image":{"@id":"https:\/\/radioljubuski.ba\/#\/schema\/logo\/image\/"},"sameAs":["https:\/\/www.facebook.com\/Radiio-Ljubuski-1490835324566332","https:\/\/x.com\/radioljubuski","https:\/\/hr.linkedin.com\/company\/radio-ljubuski","https:\/\/www.youtube.com\/channel\/UCHYaeO_n0Db3tjNGudGpXyw"]},{"@type":"Person","@id":"https:\/\/radioljubuski.ba\/#\/schema\/person\/19fc700381a780f69665d7956c469e3b","name":"Radio Ljubu\u0161ki"}]}},"_links":{"self":[{"href":"https:\/\/radioljubuski.ba\/index.php\/wp-json\/wp\/v2\/posts\/143857","targetHints":{"allow":["GET"]}}],"collection":[{"href":"https:\/\/radioljubuski.ba\/index.php\/wp-json\/wp\/v2\/posts"}],"about":[{"href":"https:\/\/radioljubuski.ba\/index.php\/wp-json\/wp\/v2\/types\/post"}],"author":[{"embeddable":true,"href":"https:\/\/radioljubuski.ba\/index.php\/wp-json\/wp\/v2\/users\/2"}],"replies":[{"embeddable":true,"href":"https:\/\/radioljubuski.ba\/index.php\/wp-json\/wp\/v2\/comments?post=143857"}],"version-history":[{"count":1,"href":"https:\/\/radioljubuski.ba\/index.php\/wp-json\/wp\/v2\/posts\/143857\/revisions"}],"predecessor-version":[{"id":143860,"href":"https:\/\/radioljubuski.ba\/index.php\/wp-json\/wp\/v2\/posts\/143857\/revisions\/143860"}],"wp:featuredmedia":[{"embeddable":true,"href":"https:\/\/radioljubuski.ba\/index.php\/wp-json\/wp\/v2\/media\/143858"}],"wp:attachment":[{"href":"https:\/\/radioljubuski.ba\/index.php\/wp-json\/wp\/v2\/media?parent=143857"}],"wp:term":[{"taxonomy":"category","embeddable":true,"href":"https:\/\/radioljubuski.ba\/index.php\/wp-json\/wp\/v2\/categories?post=143857"},{"taxonomy":"post_tag","embeddable":true,"href":"https:\/\/radioljubuski.ba\/index.php\/wp-json\/wp\/v2\/tags?post=143857"}],"curies":[{"name":"wp","href":"https:\/\/api.w.org\/{rel}","templated":true}]}}