{"id":143863,"date":"2022-05-25T14:10:00","date_gmt":"2022-05-25T13:10:00","guid":{"rendered":"https:\/\/radioljubuski.ba\/?p=143863"},"modified":"2022-05-25T14:10:02","modified_gmt":"2022-05-25T13:10:02","slug":"komentar-josipa-vajdnera-da-reisu-l-ulemina-nasa-zemlja-postane-stvarno-nasa","status":"publish","type":"post","link":"https:\/\/radioljubuski.ba\/index.php\/2022\/05\/25\/komentar-josipa-vajdnera-da-reisu-l-ulemina-nasa-zemlja-postane-stvarno-nasa\/","title":{"rendered":"Komentar Josipa Vajdnera: Da reisu-l-ulemina \u201ena\u0161a zemlja\u201c postane stvarno na\u0161a"},"content":{"rendered":"\n<p>Z<strong>animljivo je uo\u010diti kako Bo\u0161njaci \u010desto govore o hrvatskoj \u201eagresiji\u201c na BiH, a nikada ni ne spomenu \u0161to su ti Hrvati i Hrvatska u\u010dinili za postojanje BiH. U aktualnim kompliciranim i zapaljivim odnosima \u010dak se ni reisu-l-ulema nije uspio izdi\u0107i iznad toga.<\/strong><\/p>\n\n\n\n<p><strong>Pi\u0161e: <\/strong><em><strong>Josip Vajdner<\/strong><\/em><strong>, <a href=\"https:\/\/www.nedjelja.ba\/hr\/nek-se-zna\/da-reisu-l-ulemina-nasa-zemlja-postane-stvarno-nasa\/25411\">Katoli\u010dki tjednik<\/a><\/strong><\/p>\n\n\n\n<p><strong>Nakon govora koji je u Sarajevu, u nedjel<\/strong>ju 22. svibnja, na sjednici Sabora Islamske zajednice (IZ) u Bosni i Hercegovini, odr\u017eao reisu-l-ulema Husein-ef. Kavazovi\u0107, nije se mogu\u0107e oteti dojmu kako su u prvom planu politi\u010dke, a ne religijske konotacije i sadr\u017eaji. Dakako, s obzirom kako je to njegovo gra\u0111ansko pravo, ne bi ga se trebalo posebno tretirati da nije nekolicine lakonskih ocjena o uzrocima stanja, koje izgovorene od takvog vjerskog autoriteta, neminovno proizvode problemati\u010dan odjek u i onako \u201eizborno\u201c zapaljivoj javnosti.<\/p>\n\n\n\n<p><strong>Od \u201eagresije\u201c do \u201eizbora\u201c<\/strong><\/p>\n\n\n\n<p>Izme\u0111u ostaloga, ukazao je na politi\u010dku i sigurnosnu krizu te za to upro prstom u: \u201eAspiracije na\u0161ih susjeda, njihovo neumjesno mije\u0161anje u sve i sva\u0161ta i na\u0161oj zemlji\u201c. S tim u vezi \u2013 a u odjeku ruske invazije na Ukrajinu \u2013 spomenuo je i \u201eagresiju na BiH\u201c prije 30-ak godina, ne navode\u0107i pri tom izri\u010dito nikoga, ali se iz konteksta spominjanja \u201epresuda za genocid\u201c i \u201eudru\u017eenog zlo\u010dina\u010dkog pothvata\u201c, mo\u017ee zaklju\u010diti kako misli i na Srbiju i na Hrvatsku.<\/p>\n\n\n\n<p>S time \u0161to je ovu drugu otvoreno prozvao. \u201ePitanje izbornog zakona postalo je pitanje svih pitanja u nama susjednoj Hrvatskoj, koja se otvoreno mije\u0161a u politi\u010dka pitanja u na\u0161oj zemlji, vr\u0161i pritisak na na\u0161 narod, optu\u017euju\u0107i ga da uskra\u0107uje politi\u010dka prava hrvatskom narodu u Bosni i Hercegovini\u201c, rekao je ef. Kavazovi\u0107 te zaklju\u010dio: \u201eIstina je da Bosna i Hercegovina treba bolje zakone, ali njih treba da donose njeni politi\u010dki predstavnici, bez prijetnji iz Hrvatske ili Srbije.\u201c<\/p>\n\n\n\n<p>Tako\u0111er, uz ostalo, etni\u010dke segmente od kojih je sazdana BiH usporedio je s osmanskim autonomnim vjerskim zajednicama miletima. \u201eNakaradne podjele dru\u0161tva, po principu miletskog sistema s kraja XIX stolje\u0107a, ne mogu biti osnova za modernu dr\u017eavu\u201c, kazao je reisu-l-ulema te nakon navo\u0111enja kako IZ-a BiH provodi svoju misiju, pozvao: \u201eNa izborima i za dr\u017eavna tijela i za tijela Islamske zajednice moramo dati na\u0161e povjerenje onim ljudima i snagama koje \u0107e biti u stanju izdr\u017eati politi\u010dki pritisak koji je sve jasnije izra\u017een.\u201c<\/p>\n\n\n\n<p><strong>Hrvatska \u201eagresija\u201c?<\/strong><\/p>\n\n\n\n<p>Ostavljaju\u0107i Srbiju i srpsku politiku po strani, jer su oni i onako pri\u010da za sebe koja se odvi\u0161e \u010desto vrti oko velikosrpske zamisli, valja zapitati kakve su to \u201easpiracije\u201c hrvatskih susjeda? \u0160to to Hrvati, pa i politika iz Hrvatske \u017eeli posti\u0107i u BiH? \u017dele li u kona\u010dnici uzeti dio teritorija za sebe?<\/p>\n\n\n\n<p>U tra\u017eenju odgovora, prvotno je nu\u017eno konstatirati kako se svakom, iole pri pameti, Hrvatu okrene utroba kada Bo\u0161njaci u svoj govor unesu politi\u010dku premisu \u201ehrvatske agresije\u201c na BiH.<\/p>\n\n\n\n<p>Jer naprosto je razvidno kako to vrije\u0111a ne samo ljudsku inteligenciju nego i cijeli narod.<\/p>\n\n\n\n<p>Prisje\u0107aju\u0107i se ne tako davne pro\u0161losti, valja (ponovno i ponovno) zapitati: kakva je to dr\u017eava koja dok planira agresiju pu\u0161ta da oru\u017eje za \u201eneprijateljsku\u201c stranu ide preko njezina teritorija; da istim putem dolaze vjerski fanatici (mud\u017eahedini) koje \u0107e se boriti protiv te \u201eagresije\u201c; da otvara vrata izbjeglicama tj. \u010dlanovima obitelji tih istih mu\u0161karaca protiv kojih \u0107e ratovati?<\/p>\n\n\n\n<p>Nadalje, kakva je to glupava zemlja koja \u0107e u\u0107i u savezni\u0161tvo s onim na koga je vr\u0161ila agresiju i, vojno gledano \u2013 u trenutku potpisivanja sporazuma u Washingtonu u o\u017eujku 1994. \u2013 po\u010dela nadja\u010davati?<\/p>\n\n\n\n<p>Kona\u010dno, kakav su to Hrvati malouman agresorski narod koji je, s Muslimanima pa poslije Bo\u0161njacima, dva puta sudjelovao u stvaranju dr\u017eave Bosne i Hercegovine: prvi put izjasniv\u0161i se na referendumu 1992. za neovisnu BiH i drugi put poduzev\u0161i vojne operacije 1995. koje su primorale srpsku stranu na pregovore iz kojih je kreirana dr\u017eava u Daytonu?<\/p>\n\n\n\n<p>Po\u0161teno bi bilo kada uva\u017eeni reisu-l-ulema govori u ovom kontekstu \u2013 ako ve\u0107 druga\u010dije ne mo\u017ee pojmiti \u017ealosni sukob izme\u0111u ova dva naroda \u2013 da uz spominjanje \u201eagresije\u201c uva\u017ei i navede ove \u010dinjenice koje bi jama\u010dno doprinosile relaksaciji odnosa danas.<\/p>\n\n\n\n<p><strong>Hrvatima su ogadili BiH<\/strong><\/p>\n\n\n\n<p>Oni su pak nikada gori od vremena posljednjega rata. I to ne zahvaljuju\u0107i tomu \u0161to su Hrvati ne\u0161to u pora\u0107u na\u017eao u\u010dinili Bo\u0161njacima, nego upravo suprotno: jer je bo\u0161nja\u010dka dominantna politika sve u\u010dinila da \u2013 kako se svojedobno izrazio gosp. Haris Silajd\u017ei\u0107 \u2013 \u201eogadi Hrvatima\u201c BiH. Ono \u0161to je dogovoreno u Daytonu 1995. upravo je ta strana, uz pomo\u0107 intervencija tupavih i bezobraznih me\u0111unarodnih predstavnika, politi\u010dki izigrala te Hrvate gurnula u naru\u010dje srpskoj politici koja vodi ka secesionizmu.<\/p>\n\n\n\n<p>Politi\u010dko vodstvo Hrvatske, kao supotpisnice sporazuma na temelju kojega je stvorena dana\u0161nja BiH, ima i pravo i obavezu zanimati se za stanje najmalobrojnijega naroda u BiH.<\/p>\n\n\n\n<p>Kamo sre\u0107e da je ef. Kavazovi\u0107 u pravu pa da nije takvo ozra\u010dje nepravde i da se Hrvatska nema \u0161to \u201emije\u0161ati\u201c u politi\u010dka pitanja u ovoj zemlji te ukazivati da bo\u0161nja\u010dki narod \u201euskra\u0107uje politi\u010dka prava hrvatskom narodu u Bosni i Hercegovini\u201c.<\/p>\n\n\n\n<p>Poslije svih poku\u0161aja pregovora o izmjenama Izbornog zakona, kada se vidjelo kako su Bo\u0161njaci do\u0161li samo \u201epro forme\u201c, bez ikakve stvarne \u017eelje za dogovorom, uistinu je neodgovorno i neozbiljno re\u0107i: neka bolje zakone za ovu zemlju \u201edonose njeni politi\u010dki predstavnici\u201c, a nastojanja Hrvatske ocijeniti \u201eprijetnjama\u201c.<\/p>\n\n\n\n<p>Da, nu\u017eno bi bilo, ali kada je toliko o\u010dito da se scenarij nametanja politi\u010dke volje u izboru \u010dlana Predsjedni\u0161tva BiH, priprema za ni\u017ee razine vlasti \u2013 pri \u010demu bi Hrvati de facto imali manje politi\u010dkih prava nego nacionalne manjine u normalnim zemljama \u2013 onda se nastojanja iz Hrvatske ne mogu druga\u010dije protuma\u010diti nego kao vr\u0161enje obveza preuzetih potpisivanjem Daytonskog sporazuma.<\/p>\n\n\n\n<p><strong>Uva\u017eavanjem \u201enacionalnog\u201c do \u201e\u0160vicarske\u201c<\/strong><\/p>\n\n\n\n<p>A tamo se vodilo na\u010delima uva\u017eavanja i toga \u201enacionalnoga\u201c zbog kojega je, u kona\u010dnici, i vo\u0111en taj nesretni rat izazvan \u017eeljom \u201eda svi Srbi \u017eive u istoj zemlji\u201c. Primjeri suvremenih dr\u017eava gdje postoji vi\u0161e konstitutivnih naroda ukazuju kako je to nu\u017eno uvijek \u010diniti, te stvarati okvir u kojemu \u0107e se svi osje\u0107ati prihva\u0107enim i zadovoljnim. Slikovito kazano, nu\u017eno je u ovakvoj slo\u017eenoj zemlji, stvarati takvo ozra\u010dje da djeca dana\u0161njih Bo\u0161njaka, Hrvata i Srba, mogu zajedno dr\u017eati zastavu BiH dok gledaju kako nogometna (ili koja druga) bh. reprezentacija bilo gdje nastupa.<\/p>\n\n\n\n<p>\u0160to zna\u010di da tu zastavu, neovisno \u0161to svatko mo\u017ee imati i svoju nacionalnu (\u201eljiljane\u201c, \u201e\u0161ahovnicu\u201c, \u201e\u010detiri S\u201c), do\u017eivljava dijelom svoga identiteta. A to uz politi\u010dke pretpostavke moraju \u010diniti tako\u0111er: mediji pa i religijske zajednice.<\/p>\n\n\n\n<p>Mnogi su ve\u0107 bezbroj puta ukazali na primjer \u0160vicarske koja je to uspjela ostvariti. Nije i\u0161lo jednostavno i nije i\u0161lo odjednom. Potrebno je mo\u017eda i vi\u0161e (od) stolje\u0107a, ali je ta zemlja danas pojam za materijalno blagostanje, a njezina nogometna izabrana vrsta na smotri najboljih u Kataru 2022. Dok se Bosna i Hercegovina, zahvaljuju\u0107i sljepo\u0107i njezinih politi\u010dkih ideologa, me\u0111u kojima bo\u0161nja\u010dki unitaristi imaju istaknuto mjesto, godinama koprca zapetljana u ratne teme. Zato je besmisleno dovo\u0111enje u vezu \u201emiletskog sistema\u201c s nu\u017eno\u0161\u0107u uva\u017eavanja \u201enacionalnoga\u201c zarad stvaranja zajedni\u010dkoga identiteta. I ba\u0161 zbog toga je pogubno ponovno davati na izborima glas onima koji ne\u0107e biti spremni \u010duti i prepoznati \u0161to im drugi imaju kazati te interese dr\u017eave i budu\u0107ih pokoljenja staviti ispred vlastitih profita.<\/p>\n\n\n\n<p>Samo \u0107e na taj na\u010din \u201ena\u0161a zemlja\u201c, \u0161to reisu-l-ulema u razli\u010ditim pade\u017eima, u svome re\u010denom govoru, koristi \u0161est puta (o\u010dito misle\u0107i samo na svoj narod), biti stvarno zemlja i Bo\u0161njaka i Hrvata i Srba, a ne nedo\u0111ija iz koje \u201enestrana\u010dki kadrovi\u201c gledaju kako \u0107e oti\u0107i.<\/p>\n\n\n\n<p>\/HMS\/<\/p>\n","protected":false},"excerpt":{"rendered":"<p>Zanimljivo je uo\u010diti kako Bo\u0161njaci \u010desto govore o hrvatskoj \u201eagresiji\u201c na BiH, a nikada ni ne spomenu \u0161to su ti Hrvati i Hrvatska u\u010dinili za postojanje BiH. U aktualnim kompliciranim i zapaljivim odnosima \u010dak se ni reisu-l-ulema nije uspio izdi\u0107i iznad toga. Pi\u0161e: Josip Vajdner, Katoli\u010dki tjednik Nakon govora koji je u Sarajevu, u nedjelju [&hellip;]<\/p>\n","protected":false},"author":2,"featured_media":129802,"comment_status":"closed","ping_status":"closed","sticky":false,"template":"","format":"standard","meta":{"h5ap_radio_sources":[],"footnotes":""},"categories":[1],"tags":[],"class_list":["post-143863","post","type-post","status-publish","format-standard","has-post-thumbnail","hentry","category-bihiregija"],"yoast_head":"<!-- This site is optimized with the Yoast SEO plugin v27.5 - https:\/\/yoast.com\/product\/yoast-seo-wordpress\/ -->\n<title>Komentar Josipa Vajdnera: Da reisu-l-ulemina \u201ena\u0161a zemlja\u201c postane stvarno na\u0161a - RADIO LJUBU\u0160KI<\/title>\n<meta name=\"robots\" content=\"index, follow, max-snippet:-1, max-image-preview:large, max-video-preview:-1\" \/>\n<link rel=\"canonical\" href=\"https:\/\/radioljubuski.ba\/index.php\/2022\/05\/25\/komentar-josipa-vajdnera-da-reisu-l-ulemina-nasa-zemlja-postane-stvarno-nasa\/\" \/>\n<meta property=\"og:locale\" content=\"hr_HR\" \/>\n<meta property=\"og:type\" content=\"article\" \/>\n<meta property=\"og:title\" content=\"Komentar Josipa Vajdnera: Da reisu-l-ulemina \u201ena\u0161a zemlja\u201c postane stvarno na\u0161a - RADIO LJUBU\u0160KI\" \/>\n<meta property=\"og:description\" content=\"Zanimljivo je uo\u010diti kako Bo\u0161njaci \u010desto govore o hrvatskoj \u201eagresiji\u201c na BiH, a nikada ni ne spomenu \u0161to su ti Hrvati i Hrvatska u\u010dinili za postojanje BiH. U aktualnim kompliciranim i zapaljivim odnosima \u010dak se ni reisu-l-ulema nije uspio izdi\u0107i iznad toga. Pi\u0161e: Josip Vajdner, Katoli\u010dki tjednik Nakon govora koji je u Sarajevu, u nedjelju [&hellip;]\" \/>\n<meta property=\"og:url\" content=\"https:\/\/radioljubuski.ba\/index.php\/2022\/05\/25\/komentar-josipa-vajdnera-da-reisu-l-ulemina-nasa-zemlja-postane-stvarno-nasa\/\" \/>\n<meta property=\"og:site_name\" content=\"RADIO LJUBU\u0160KI\" \/>\n<meta property=\"article:publisher\" content=\"https:\/\/www.facebook.com\/Radiio-Ljubuski-1490835324566332\" \/>\n<meta property=\"article:published_time\" content=\"2022-05-25T13:10:00+00:00\" \/>\n<meta property=\"article:modified_time\" content=\"2022-05-25T13:10:02+00:00\" \/>\n<meta property=\"og:image\" content=\"https:\/\/radioljubuski.ba\/wp-content\/uploads\/2022\/04\/kavazovic.jpg\" \/>\n\t<meta property=\"og:image:width\" content=\"900\" \/>\n\t<meta property=\"og:image:height\" content=\"530\" \/>\n\t<meta property=\"og:image:type\" content=\"image\/jpeg\" \/>\n<meta name=\"author\" content=\"Radio Ljubu\u0161ki\" \/>\n<meta name=\"twitter:card\" content=\"summary_large_image\" \/>\n<meta name=\"twitter:creator\" content=\"@radioljubuski\" \/>\n<meta name=\"twitter:site\" content=\"@radioljubuski\" \/>\n<meta name=\"twitter:label1\" content=\"Napisao\/la\" \/>\n\t<meta name=\"twitter:data1\" content=\"Radio Ljubu\u0161ki\" \/>\n\t<meta name=\"twitter:label2\" content=\"Procijenjeno vrijeme \u010ditanja\" \/>\n\t<meta name=\"twitter:data2\" content=\"6 minuta\" \/>\n<script type=\"application\/ld+json\" class=\"yoast-schema-graph\">{\"@context\":\"https:\\\/\\\/schema.org\",\"@graph\":[{\"@type\":\"Article\",\"@id\":\"https:\\\/\\\/radioljubuski.ba\\\/index.php\\\/2022\\\/05\\\/25\\\/komentar-josipa-vajdnera-da-reisu-l-ulemina-nasa-zemlja-postane-stvarno-nasa\\\/#article\",\"isPartOf\":{\"@id\":\"https:\\\/\\\/radioljubuski.ba\\\/index.php\\\/2022\\\/05\\\/25\\\/komentar-josipa-vajdnera-da-reisu-l-ulemina-nasa-zemlja-postane-stvarno-nasa\\\/\"},\"author\":{\"name\":\"Radio Ljubu\u0161ki\",\"@id\":\"https:\\\/\\\/radioljubuski.ba\\\/#\\\/schema\\\/person\\\/19fc700381a780f69665d7956c469e3b\"},\"headline\":\"Komentar Josipa Vajdnera: Da reisu-l-ulemina \u201ena\u0161a zemlja\u201c postane stvarno na\u0161a\",\"datePublished\":\"2022-05-25T13:10:00+00:00\",\"dateModified\":\"2022-05-25T13:10:02+00:00\",\"mainEntityOfPage\":{\"@id\":\"https:\\\/\\\/radioljubuski.ba\\\/index.php\\\/2022\\\/05\\\/25\\\/komentar-josipa-vajdnera-da-reisu-l-ulemina-nasa-zemlja-postane-stvarno-nasa\\\/\"},\"wordCount\":1366,\"publisher\":{\"@id\":\"https:\\\/\\\/radioljubuski.ba\\\/#organization\"},\"image\":{\"@id\":\"https:\\\/\\\/radioljubuski.ba\\\/index.php\\\/2022\\\/05\\\/25\\\/komentar-josipa-vajdnera-da-reisu-l-ulemina-nasa-zemlja-postane-stvarno-nasa\\\/#primaryimage\"},\"thumbnailUrl\":\"https:\\\/\\\/radioljubuski.ba\\\/wp-content\\\/uploads\\\/2022\\\/04\\\/kavazovic.jpg\",\"articleSection\":[\"BIH i regija\"],\"inLanguage\":\"hr\"},{\"@type\":\"WebPage\",\"@id\":\"https:\\\/\\\/radioljubuski.ba\\\/index.php\\\/2022\\\/05\\\/25\\\/komentar-josipa-vajdnera-da-reisu-l-ulemina-nasa-zemlja-postane-stvarno-nasa\\\/\",\"url\":\"https:\\\/\\\/radioljubuski.ba\\\/index.php\\\/2022\\\/05\\\/25\\\/komentar-josipa-vajdnera-da-reisu-l-ulemina-nasa-zemlja-postane-stvarno-nasa\\\/\",\"name\":\"Komentar Josipa Vajdnera: Da reisu-l-ulemina \u201ena\u0161a zemlja\u201c postane stvarno na\u0161a - RADIO LJUBU\u0160KI\",\"isPartOf\":{\"@id\":\"https:\\\/\\\/radioljubuski.ba\\\/#website\"},\"primaryImageOfPage\":{\"@id\":\"https:\\\/\\\/radioljubuski.ba\\\/index.php\\\/2022\\\/05\\\/25\\\/komentar-josipa-vajdnera-da-reisu-l-ulemina-nasa-zemlja-postane-stvarno-nasa\\\/#primaryimage\"},\"image\":{\"@id\":\"https:\\\/\\\/radioljubuski.ba\\\/index.php\\\/2022\\\/05\\\/25\\\/komentar-josipa-vajdnera-da-reisu-l-ulemina-nasa-zemlja-postane-stvarno-nasa\\\/#primaryimage\"},\"thumbnailUrl\":\"https:\\\/\\\/radioljubuski.ba\\\/wp-content\\\/uploads\\\/2022\\\/04\\\/kavazovic.jpg\",\"datePublished\":\"2022-05-25T13:10:00+00:00\",\"dateModified\":\"2022-05-25T13:10:02+00:00\",\"breadcrumb\":{\"@id\":\"https:\\\/\\\/radioljubuski.ba\\\/index.php\\\/2022\\\/05\\\/25\\\/komentar-josipa-vajdnera-da-reisu-l-ulemina-nasa-zemlja-postane-stvarno-nasa\\\/#breadcrumb\"},\"inLanguage\":\"hr\",\"potentialAction\":[{\"@type\":\"ReadAction\",\"target\":[\"https:\\\/\\\/radioljubuski.ba\\\/index.php\\\/2022\\\/05\\\/25\\\/komentar-josipa-vajdnera-da-reisu-l-ulemina-nasa-zemlja-postane-stvarno-nasa\\\/\"]}]},{\"@type\":\"ImageObject\",\"inLanguage\":\"hr\",\"@id\":\"https:\\\/\\\/radioljubuski.ba\\\/index.php\\\/2022\\\/05\\\/25\\\/komentar-josipa-vajdnera-da-reisu-l-ulemina-nasa-zemlja-postane-stvarno-nasa\\\/#primaryimage\",\"url\":\"https:\\\/\\\/radioljubuski.ba\\\/wp-content\\\/uploads\\\/2022\\\/04\\\/kavazovic.jpg\",\"contentUrl\":\"https:\\\/\\\/radioljubuski.ba\\\/wp-content\\\/uploads\\\/2022\\\/04\\\/kavazovic.jpg\",\"width\":900,\"height\":530},{\"@type\":\"BreadcrumbList\",\"@id\":\"https:\\\/\\\/radioljubuski.ba\\\/index.php\\\/2022\\\/05\\\/25\\\/komentar-josipa-vajdnera-da-reisu-l-ulemina-nasa-zemlja-postane-stvarno-nasa\\\/#breadcrumb\",\"itemListElement\":[{\"@type\":\"ListItem\",\"position\":1,\"name\":\"Po\u010detna stranica\",\"item\":\"https:\\\/\\\/radioljubuski.ba\\\/\"},{\"@type\":\"ListItem\",\"position\":2,\"name\":\"Komentar Josipa Vajdnera: Da reisu-l-ulemina \u201ena\u0161a zemlja\u201c postane stvarno na\u0161a\"}]},{\"@type\":\"WebSite\",\"@id\":\"https:\\\/\\\/radioljubuski.ba\\\/#website\",\"url\":\"https:\\\/\\\/radioljubuski.ba\\\/\",\"name\":\"Radio Ljubu\u0161ki\",\"description\":\"Sun\u010dana frekvencija Hercegovine\",\"publisher\":{\"@id\":\"https:\\\/\\\/radioljubuski.ba\\\/#organization\"},\"potentialAction\":[{\"@type\":\"SearchAction\",\"target\":{\"@type\":\"EntryPoint\",\"urlTemplate\":\"https:\\\/\\\/radioljubuski.ba\\\/?s={search_term_string}\"},\"query-input\":{\"@type\":\"PropertyValueSpecification\",\"valueRequired\":true,\"valueName\":\"search_term_string\"}}],\"inLanguage\":\"hr\"},{\"@type\":\"Organization\",\"@id\":\"https:\\\/\\\/radioljubuski.ba\\\/#organization\",\"name\":\"Radio Ljubu\u0161ki\",\"url\":\"https:\\\/\\\/radioljubuski.ba\\\/\",\"logo\":{\"@type\":\"ImageObject\",\"inLanguage\":\"hr\",\"@id\":\"https:\\\/\\\/radioljubuski.ba\\\/#\\\/schema\\\/logo\\\/image\\\/\",\"url\":\"https:\\\/\\\/radioljubuski.ba\\\/wp-content\\\/uploads\\\/2021\\\/02\\\/cropped-Radio_Ljubuski_logo1.jpg\",\"contentUrl\":\"https:\\\/\\\/radioljubuski.ba\\\/wp-content\\\/uploads\\\/2021\\\/02\\\/cropped-Radio_Ljubuski_logo1.jpg\",\"width\":512,\"height\":512,\"caption\":\"Radio Ljubu\u0161ki\"},\"image\":{\"@id\":\"https:\\\/\\\/radioljubuski.ba\\\/#\\\/schema\\\/logo\\\/image\\\/\"},\"sameAs\":[\"https:\\\/\\\/www.facebook.com\\\/Radiio-Ljubuski-1490835324566332\",\"https:\\\/\\\/x.com\\\/radioljubuski\",\"https:\\\/\\\/hr.linkedin.com\\\/company\\\/radio-ljubuski\",\"https:\\\/\\\/www.youtube.com\\\/channel\\\/UCHYaeO_n0Db3tjNGudGpXyw\"]},{\"@type\":\"Person\",\"@id\":\"https:\\\/\\\/radioljubuski.ba\\\/#\\\/schema\\\/person\\\/19fc700381a780f69665d7956c469e3b\",\"name\":\"Radio Ljubu\u0161ki\"}]}<\/script>\n<!-- \/ Yoast SEO plugin. -->","yoast_head_json":{"title":"Komentar Josipa Vajdnera: Da reisu-l-ulemina \u201ena\u0161a zemlja\u201c postane stvarno na\u0161a - RADIO LJUBU\u0160KI","robots":{"index":"index","follow":"follow","max-snippet":"max-snippet:-1","max-image-preview":"max-image-preview:large","max-video-preview":"max-video-preview:-1"},"canonical":"https:\/\/radioljubuski.ba\/index.php\/2022\/05\/25\/komentar-josipa-vajdnera-da-reisu-l-ulemina-nasa-zemlja-postane-stvarno-nasa\/","og_locale":"hr_HR","og_type":"article","og_title":"Komentar Josipa Vajdnera: Da reisu-l-ulemina \u201ena\u0161a zemlja\u201c postane stvarno na\u0161a - RADIO LJUBU\u0160KI","og_description":"Zanimljivo je uo\u010diti kako Bo\u0161njaci \u010desto govore o hrvatskoj \u201eagresiji\u201c na BiH, a nikada ni ne spomenu \u0161to su ti Hrvati i Hrvatska u\u010dinili za postojanje BiH. U aktualnim kompliciranim i zapaljivim odnosima \u010dak se ni reisu-l-ulema nije uspio izdi\u0107i iznad toga. Pi\u0161e: Josip Vajdner, Katoli\u010dki tjednik Nakon govora koji je u Sarajevu, u nedjelju [&hellip;]","og_url":"https:\/\/radioljubuski.ba\/index.php\/2022\/05\/25\/komentar-josipa-vajdnera-da-reisu-l-ulemina-nasa-zemlja-postane-stvarno-nasa\/","og_site_name":"RADIO LJUBU\u0160KI","article_publisher":"https:\/\/www.facebook.com\/Radiio-Ljubuski-1490835324566332","article_published_time":"2022-05-25T13:10:00+00:00","article_modified_time":"2022-05-25T13:10:02+00:00","og_image":[{"width":900,"height":530,"url":"https:\/\/radioljubuski.ba\/wp-content\/uploads\/2022\/04\/kavazovic.jpg","type":"image\/jpeg"}],"author":"Radio Ljubu\u0161ki","twitter_card":"summary_large_image","twitter_creator":"@radioljubuski","twitter_site":"@radioljubuski","twitter_misc":{"Napisao\/la":"Radio Ljubu\u0161ki","Procijenjeno vrijeme \u010ditanja":"6 minuta"},"schema":{"@context":"https:\/\/schema.org","@graph":[{"@type":"Article","@id":"https:\/\/radioljubuski.ba\/index.php\/2022\/05\/25\/komentar-josipa-vajdnera-da-reisu-l-ulemina-nasa-zemlja-postane-stvarno-nasa\/#article","isPartOf":{"@id":"https:\/\/radioljubuski.ba\/index.php\/2022\/05\/25\/komentar-josipa-vajdnera-da-reisu-l-ulemina-nasa-zemlja-postane-stvarno-nasa\/"},"author":{"name":"Radio Ljubu\u0161ki","@id":"https:\/\/radioljubuski.ba\/#\/schema\/person\/19fc700381a780f69665d7956c469e3b"},"headline":"Komentar Josipa Vajdnera: Da reisu-l-ulemina \u201ena\u0161a zemlja\u201c postane stvarno na\u0161a","datePublished":"2022-05-25T13:10:00+00:00","dateModified":"2022-05-25T13:10:02+00:00","mainEntityOfPage":{"@id":"https:\/\/radioljubuski.ba\/index.php\/2022\/05\/25\/komentar-josipa-vajdnera-da-reisu-l-ulemina-nasa-zemlja-postane-stvarno-nasa\/"},"wordCount":1366,"publisher":{"@id":"https:\/\/radioljubuski.ba\/#organization"},"image":{"@id":"https:\/\/radioljubuski.ba\/index.php\/2022\/05\/25\/komentar-josipa-vajdnera-da-reisu-l-ulemina-nasa-zemlja-postane-stvarno-nasa\/#primaryimage"},"thumbnailUrl":"https:\/\/radioljubuski.ba\/wp-content\/uploads\/2022\/04\/kavazovic.jpg","articleSection":["BIH i regija"],"inLanguage":"hr"},{"@type":"WebPage","@id":"https:\/\/radioljubuski.ba\/index.php\/2022\/05\/25\/komentar-josipa-vajdnera-da-reisu-l-ulemina-nasa-zemlja-postane-stvarno-nasa\/","url":"https:\/\/radioljubuski.ba\/index.php\/2022\/05\/25\/komentar-josipa-vajdnera-da-reisu-l-ulemina-nasa-zemlja-postane-stvarno-nasa\/","name":"Komentar Josipa Vajdnera: Da reisu-l-ulemina \u201ena\u0161a zemlja\u201c postane stvarno na\u0161a - RADIO LJUBU\u0160KI","isPartOf":{"@id":"https:\/\/radioljubuski.ba\/#website"},"primaryImageOfPage":{"@id":"https:\/\/radioljubuski.ba\/index.php\/2022\/05\/25\/komentar-josipa-vajdnera-da-reisu-l-ulemina-nasa-zemlja-postane-stvarno-nasa\/#primaryimage"},"image":{"@id":"https:\/\/radioljubuski.ba\/index.php\/2022\/05\/25\/komentar-josipa-vajdnera-da-reisu-l-ulemina-nasa-zemlja-postane-stvarno-nasa\/#primaryimage"},"thumbnailUrl":"https:\/\/radioljubuski.ba\/wp-content\/uploads\/2022\/04\/kavazovic.jpg","datePublished":"2022-05-25T13:10:00+00:00","dateModified":"2022-05-25T13:10:02+00:00","breadcrumb":{"@id":"https:\/\/radioljubuski.ba\/index.php\/2022\/05\/25\/komentar-josipa-vajdnera-da-reisu-l-ulemina-nasa-zemlja-postane-stvarno-nasa\/#breadcrumb"},"inLanguage":"hr","potentialAction":[{"@type":"ReadAction","target":["https:\/\/radioljubuski.ba\/index.php\/2022\/05\/25\/komentar-josipa-vajdnera-da-reisu-l-ulemina-nasa-zemlja-postane-stvarno-nasa\/"]}]},{"@type":"ImageObject","inLanguage":"hr","@id":"https:\/\/radioljubuski.ba\/index.php\/2022\/05\/25\/komentar-josipa-vajdnera-da-reisu-l-ulemina-nasa-zemlja-postane-stvarno-nasa\/#primaryimage","url":"https:\/\/radioljubuski.ba\/wp-content\/uploads\/2022\/04\/kavazovic.jpg","contentUrl":"https:\/\/radioljubuski.ba\/wp-content\/uploads\/2022\/04\/kavazovic.jpg","width":900,"height":530},{"@type":"BreadcrumbList","@id":"https:\/\/radioljubuski.ba\/index.php\/2022\/05\/25\/komentar-josipa-vajdnera-da-reisu-l-ulemina-nasa-zemlja-postane-stvarno-nasa\/#breadcrumb","itemListElement":[{"@type":"ListItem","position":1,"name":"Po\u010detna stranica","item":"https:\/\/radioljubuski.ba\/"},{"@type":"ListItem","position":2,"name":"Komentar Josipa Vajdnera: Da reisu-l-ulemina \u201ena\u0161a zemlja\u201c postane stvarno na\u0161a"}]},{"@type":"WebSite","@id":"https:\/\/radioljubuski.ba\/#website","url":"https:\/\/radioljubuski.ba\/","name":"Radio Ljubu\u0161ki","description":"Sun\u010dana frekvencija Hercegovine","publisher":{"@id":"https:\/\/radioljubuski.ba\/#organization"},"potentialAction":[{"@type":"SearchAction","target":{"@type":"EntryPoint","urlTemplate":"https:\/\/radioljubuski.ba\/?s={search_term_string}"},"query-input":{"@type":"PropertyValueSpecification","valueRequired":true,"valueName":"search_term_string"}}],"inLanguage":"hr"},{"@type":"Organization","@id":"https:\/\/radioljubuski.ba\/#organization","name":"Radio Ljubu\u0161ki","url":"https:\/\/radioljubuski.ba\/","logo":{"@type":"ImageObject","inLanguage":"hr","@id":"https:\/\/radioljubuski.ba\/#\/schema\/logo\/image\/","url":"https:\/\/radioljubuski.ba\/wp-content\/uploads\/2021\/02\/cropped-Radio_Ljubuski_logo1.jpg","contentUrl":"https:\/\/radioljubuski.ba\/wp-content\/uploads\/2021\/02\/cropped-Radio_Ljubuski_logo1.jpg","width":512,"height":512,"caption":"Radio Ljubu\u0161ki"},"image":{"@id":"https:\/\/radioljubuski.ba\/#\/schema\/logo\/image\/"},"sameAs":["https:\/\/www.facebook.com\/Radiio-Ljubuski-1490835324566332","https:\/\/x.com\/radioljubuski","https:\/\/hr.linkedin.com\/company\/radio-ljubuski","https:\/\/www.youtube.com\/channel\/UCHYaeO_n0Db3tjNGudGpXyw"]},{"@type":"Person","@id":"https:\/\/radioljubuski.ba\/#\/schema\/person\/19fc700381a780f69665d7956c469e3b","name":"Radio Ljubu\u0161ki"}]}},"_links":{"self":[{"href":"https:\/\/radioljubuski.ba\/index.php\/wp-json\/wp\/v2\/posts\/143863","targetHints":{"allow":["GET"]}}],"collection":[{"href":"https:\/\/radioljubuski.ba\/index.php\/wp-json\/wp\/v2\/posts"}],"about":[{"href":"https:\/\/radioljubuski.ba\/index.php\/wp-json\/wp\/v2\/types\/post"}],"author":[{"embeddable":true,"href":"https:\/\/radioljubuski.ba\/index.php\/wp-json\/wp\/v2\/users\/2"}],"replies":[{"embeddable":true,"href":"https:\/\/radioljubuski.ba\/index.php\/wp-json\/wp\/v2\/comments?post=143863"}],"version-history":[{"count":1,"href":"https:\/\/radioljubuski.ba\/index.php\/wp-json\/wp\/v2\/posts\/143863\/revisions"}],"predecessor-version":[{"id":143864,"href":"https:\/\/radioljubuski.ba\/index.php\/wp-json\/wp\/v2\/posts\/143863\/revisions\/143864"}],"wp:featuredmedia":[{"embeddable":true,"href":"https:\/\/radioljubuski.ba\/index.php\/wp-json\/wp\/v2\/media\/129802"}],"wp:attachment":[{"href":"https:\/\/radioljubuski.ba\/index.php\/wp-json\/wp\/v2\/media?parent=143863"}],"wp:term":[{"taxonomy":"category","embeddable":true,"href":"https:\/\/radioljubuski.ba\/index.php\/wp-json\/wp\/v2\/categories?post=143863"},{"taxonomy":"post_tag","embeddable":true,"href":"https:\/\/radioljubuski.ba\/index.php\/wp-json\/wp\/v2\/tags?post=143863"}],"curies":[{"name":"wp","href":"https:\/\/api.w.org\/{rel}","templated":true}]}}