{"id":143865,"date":"2022-05-25T14:11:43","date_gmt":"2022-05-25T13:11:43","guid":{"rendered":"https:\/\/radioljubuski.ba\/?p=143865"},"modified":"2022-05-25T14:11:45","modified_gmt":"2022-05-25T13:11:45","slug":"milanovic-stoltenbergu-hrvatima-u-bih-uskraceno-je-biranje-legitimnih-predstavnika-to-je-krsenje-daytonskog-sporazuma","status":"publish","type":"post","link":"https:\/\/radioljubuski.ba\/index.php\/2022\/05\/25\/milanovic-stoltenbergu-hrvatima-u-bih-uskraceno-je-biranje-legitimnih-predstavnika-to-je-krsenje-daytonskog-sporazuma\/","title":{"rendered":"Milanovi\u0107 Stoltenbergu: \u201cHrvatima u BiH uskra\u0107eno je biranje legitimnih predstavnika, to je kr\u0161enje Daytonskog sporazuma\u201d"},"content":{"rendered":"\n<p><strong>Predsjednik Republike Hrvatske Zoran Milanovi\u0107 u utorak je telefonski razgovarao s glavnim tajnikom NATO-a Jensom Stoltenbergom, koji je inicirao taj razgovor nakon primitka Milanovi\u0107eva pisma upu\u0107enom svim \u010dlanicama Saveza vezano za polo\u017eaj Hrvata u BiH, priop\u0107eno je s Pantov\u010daka.<\/strong><\/p>\n\n\n\n<p>Predsjednik Milanovi\u0107 razilazi se s hrvatskom vladom u pogledu kandidature Finske i \u0160vedske za \u010dlanstvo u NATO-u i \u017eeli da Hrvatska podr\u0161ku tim zemljama uvjetuje rje\u0161enjem izbornog zakona u BiH.<\/p>\n\n\n\n<p>\u201cNastavno na spomenuto pismo, predsjednik Milanovi\u0107 je i danas u razgovoru detaljno informirao glavnog tajnika NATO-a o ozbiljnoj politi\u010dkoj krizi u Bosni i Hercegovini, odnosno o te\u0161koj situaciji u kojoj se nalaze Hrvati u BiH, koji su u velikom broju ujedno i dr\u017eavljani Republike Hrvatske\u201d, navodi se u priop\u0107enju.<\/p>\n\n\n\n<p>Rekao je da su Hrvati u Federaciji BiH \u201cve\u0107 niz godina izlo\u017eeni izbornim manipulacijama te opet prisiljeni sudjelovati na izborima prema neustavnim odredbama Izbornog zakona BiH\u201d te da unato\u010d \u201cvi\u0161ekratnim poku\u0161ajima promjene izbornog zakona\u201d opet ne\u0107e imati mogu\u0107nost birati svoje legitimne predstavnike u tijela vlasti BiH\u201d.<\/p>\n\n\n\n<p>To je \u201cdirektno kr\u0161enje Daytonskog mirovnog sporazuma\u201d, \u201cTakva situacija diskriminira Hrvate u BiH kao konstitutivni narod, protivna je vladavini prava, ali i prijetnja stabilnosti u BiH\u201d, upozorio je hrvatski predsjednik Milanovi\u0107 Stoltenberga, navodi se u priop\u0107enju.<\/p>\n\n\n\n<p>Rekao mu je nadalje da neravnopravni status Hrvata u BiH negativno utje\u010de ne samo na stabilnost BiH, nego ujedno dovodi u pitanje nacionalnu sigurnost Republike Hrvatske kojoj je stabilna BiH od strate\u0161kog interesa.<\/p>\n\n\n\n<p>U razgovoru o zahtjevu \u0160vedske i Finske za \u010dlanstvom u NATO-u, Milanovi\u0107 je pokazao razumijevanje za kontekst u kojemu se unutar Saveza razgovara o tim zahtjevima, ali ponovio kako i Republika Hrvatska o\u010dekuje razumijevanje saveznika za nastojanje da za\u0161titi prava Hrvata u BiH i time za\u0161titi svoje dr\u017eavne interese\u201d, stoji u priop\u0107enju.<\/p>\n\n\n\n<p>\u201cZato Republike Hrvatska od svojih saveznika, \u010dlanica NATO-a, o\u010dekuje vi\u0161e razumijevanja za pravedne i legitimne zahtjeve u pogledu osiguranja ravnopravnog polo\u017eaja Hrvata u BiH\u201d, naglasio je Milanovi\u0107, prema priop\u0107enju.<\/p>\n\n\n\n<p>Tako\u0111er je rekao da to \u201cmo\u017ee pozitivno utjecati i na regionalnu sigurnost, a u \u010dije osiguranje je aktivno uklju\u010den i Savez\u201d.<\/p>\n\n\n\n<p>Razmijenili su i stavove o pripremama za idu\u0107i summit NATO-a koji \u0107e se krajem lipnja odr\u017eati u Madridu, dodaje se.<\/p>\n\n\n\n<p>O razgovoru se na Twitteru oglasio i Stoltenberg.<\/p>\n\n\n\n<p>\u201cObavio sam dobar razgovor sa Zoranom Milanovi\u0107em, predsjednikom Hrvatske, na\u0161eg predanog saveznika NATO-a. Razgovarali smo o va\u017enim odlukama koje \u0107emo donijeti na predstoje\u0107em NATO-ovu summitu u Madridu i sigurnosnoj situaciji na zapadnom Balkanu\u201d, napisao je Stoltenberg na Twitteru.<\/p>\n\n\n\n<p>\/HMS\/<\/p>\n","protected":false},"excerpt":{"rendered":"<p>Predsjednik Republike Hrvatske Zoran Milanovi\u0107 u utorak je telefonski razgovarao s glavnim tajnikom NATO-a Jensom Stoltenbergom, koji je inicirao taj razgovor nakon primitka Milanovi\u0107eva pisma upu\u0107enom svim \u010dlanicama Saveza vezano za polo\u017eaj Hrvata u BiH, priop\u0107eno je s Pantov\u010daka. Predsjednik Milanovi\u0107 razilazi se s hrvatskom vladom u pogledu kandidature Finske i \u0160vedske za \u010dlanstvo u [&hellip;]<\/p>\n","protected":false},"author":2,"featured_media":143866,"comment_status":"closed","ping_status":"closed","sticky":false,"template":"","format":"standard","meta":{"h5ap_radio_sources":[],"footnotes":""},"categories":[1],"tags":[],"class_list":["post-143865","post","type-post","status-publish","format-standard","has-post-thumbnail","hentry","category-bihiregija"],"yoast_head":"<!-- This site is optimized with the Yoast SEO plugin v27.5 - https:\/\/yoast.com\/product\/yoast-seo-wordpress\/ -->\n<title>Milanovi\u0107 Stoltenbergu: \u201cHrvatima u BiH uskra\u0107eno je biranje legitimnih predstavnika, to je kr\u0161enje Daytonskog sporazuma\u201d - RADIO LJUBU\u0160KI<\/title>\n<meta name=\"robots\" content=\"index, follow, max-snippet:-1, max-image-preview:large, max-video-preview:-1\" \/>\n<link rel=\"canonical\" href=\"https:\/\/radioljubuski.ba\/index.php\/2022\/05\/25\/milanovic-stoltenbergu-hrvatima-u-bih-uskraceno-je-biranje-legitimnih-predstavnika-to-je-krsenje-daytonskog-sporazuma\/\" \/>\n<meta property=\"og:locale\" content=\"hr_HR\" \/>\n<meta property=\"og:type\" content=\"article\" \/>\n<meta property=\"og:title\" content=\"Milanovi\u0107 Stoltenbergu: \u201cHrvatima u BiH uskra\u0107eno je biranje legitimnih predstavnika, to je kr\u0161enje Daytonskog sporazuma\u201d - RADIO LJUBU\u0160KI\" \/>\n<meta property=\"og:description\" content=\"Predsjednik Republike Hrvatske Zoran Milanovi\u0107 u utorak je telefonski razgovarao s glavnim tajnikom NATO-a Jensom Stoltenbergom, koji je inicirao taj razgovor nakon primitka Milanovi\u0107eva pisma upu\u0107enom svim \u010dlanicama Saveza vezano za polo\u017eaj Hrvata u BiH, priop\u0107eno je s Pantov\u010daka. Predsjednik Milanovi\u0107 razilazi se s hrvatskom vladom u pogledu kandidature Finske i \u0160vedske za \u010dlanstvo u [&hellip;]\" \/>\n<meta property=\"og:url\" content=\"https:\/\/radioljubuski.ba\/index.php\/2022\/05\/25\/milanovic-stoltenbergu-hrvatima-u-bih-uskraceno-je-biranje-legitimnih-predstavnika-to-je-krsenje-daytonskog-sporazuma\/\" \/>\n<meta property=\"og:site_name\" content=\"RADIO LJUBU\u0160KI\" \/>\n<meta property=\"article:publisher\" content=\"https:\/\/www.facebook.com\/Radiio-Ljubuski-1490835324566332\" \/>\n<meta property=\"article:published_time\" content=\"2022-05-25T13:11:43+00:00\" \/>\n<meta property=\"article:modified_time\" content=\"2022-05-25T13:11:45+00:00\" \/>\n<meta property=\"og:image\" content=\"https:\/\/radioljubuski.ba\/wp-content\/uploads\/2022\/05\/milanovic-stoltenberg.jpeg\" \/>\n\t<meta property=\"og:image:width\" content=\"1000\" \/>\n\t<meta property=\"og:image:height\" content=\"666\" \/>\n\t<meta property=\"og:image:type\" content=\"image\/jpeg\" \/>\n<meta name=\"author\" content=\"Radio Ljubu\u0161ki\" \/>\n<meta name=\"twitter:card\" content=\"summary_large_image\" \/>\n<meta name=\"twitter:creator\" content=\"@radioljubuski\" \/>\n<meta name=\"twitter:site\" content=\"@radioljubuski\" \/>\n<meta name=\"twitter:label1\" content=\"Napisao\/la\" \/>\n\t<meta name=\"twitter:data1\" content=\"Radio Ljubu\u0161ki\" \/>\n\t<meta name=\"twitter:label2\" content=\"Procijenjeno vrijeme \u010ditanja\" \/>\n\t<meta name=\"twitter:data2\" content=\"2 minute\" \/>\n<script type=\"application\/ld+json\" class=\"yoast-schema-graph\">{\"@context\":\"https:\\\/\\\/schema.org\",\"@graph\":[{\"@type\":\"Article\",\"@id\":\"https:\\\/\\\/radioljubuski.ba\\\/index.php\\\/2022\\\/05\\\/25\\\/milanovic-stoltenbergu-hrvatima-u-bih-uskraceno-je-biranje-legitimnih-predstavnika-to-je-krsenje-daytonskog-sporazuma\\\/#article\",\"isPartOf\":{\"@id\":\"https:\\\/\\\/radioljubuski.ba\\\/index.php\\\/2022\\\/05\\\/25\\\/milanovic-stoltenbergu-hrvatima-u-bih-uskraceno-je-biranje-legitimnih-predstavnika-to-je-krsenje-daytonskog-sporazuma\\\/\"},\"author\":{\"name\":\"Radio Ljubu\u0161ki\",\"@id\":\"https:\\\/\\\/radioljubuski.ba\\\/#\\\/schema\\\/person\\\/19fc700381a780f69665d7956c469e3b\"},\"headline\":\"Milanovi\u0107 Stoltenbergu: \u201cHrvatima u BiH uskra\u0107eno je biranje legitimnih predstavnika, to je kr\u0161enje Daytonskog sporazuma\u201d\",\"datePublished\":\"2022-05-25T13:11:43+00:00\",\"dateModified\":\"2022-05-25T13:11:45+00:00\",\"mainEntityOfPage\":{\"@id\":\"https:\\\/\\\/radioljubuski.ba\\\/index.php\\\/2022\\\/05\\\/25\\\/milanovic-stoltenbergu-hrvatima-u-bih-uskraceno-je-biranje-legitimnih-predstavnika-to-je-krsenje-daytonskog-sporazuma\\\/\"},\"wordCount\":457,\"publisher\":{\"@id\":\"https:\\\/\\\/radioljubuski.ba\\\/#organization\"},\"image\":{\"@id\":\"https:\\\/\\\/radioljubuski.ba\\\/index.php\\\/2022\\\/05\\\/25\\\/milanovic-stoltenbergu-hrvatima-u-bih-uskraceno-je-biranje-legitimnih-predstavnika-to-je-krsenje-daytonskog-sporazuma\\\/#primaryimage\"},\"thumbnailUrl\":\"https:\\\/\\\/radioljubuski.ba\\\/wp-content\\\/uploads\\\/2022\\\/05\\\/milanovic-stoltenberg.jpeg\",\"articleSection\":[\"BIH i regija\"],\"inLanguage\":\"hr\"},{\"@type\":\"WebPage\",\"@id\":\"https:\\\/\\\/radioljubuski.ba\\\/index.php\\\/2022\\\/05\\\/25\\\/milanovic-stoltenbergu-hrvatima-u-bih-uskraceno-je-biranje-legitimnih-predstavnika-to-je-krsenje-daytonskog-sporazuma\\\/\",\"url\":\"https:\\\/\\\/radioljubuski.ba\\\/index.php\\\/2022\\\/05\\\/25\\\/milanovic-stoltenbergu-hrvatima-u-bih-uskraceno-je-biranje-legitimnih-predstavnika-to-je-krsenje-daytonskog-sporazuma\\\/\",\"name\":\"Milanovi\u0107 Stoltenbergu: \u201cHrvatima u BiH uskra\u0107eno je biranje legitimnih predstavnika, to je kr\u0161enje Daytonskog sporazuma\u201d - RADIO LJUBU\u0160KI\",\"isPartOf\":{\"@id\":\"https:\\\/\\\/radioljubuski.ba\\\/#website\"},\"primaryImageOfPage\":{\"@id\":\"https:\\\/\\\/radioljubuski.ba\\\/index.php\\\/2022\\\/05\\\/25\\\/milanovic-stoltenbergu-hrvatima-u-bih-uskraceno-je-biranje-legitimnih-predstavnika-to-je-krsenje-daytonskog-sporazuma\\\/#primaryimage\"},\"image\":{\"@id\":\"https:\\\/\\\/radioljubuski.ba\\\/index.php\\\/2022\\\/05\\\/25\\\/milanovic-stoltenbergu-hrvatima-u-bih-uskraceno-je-biranje-legitimnih-predstavnika-to-je-krsenje-daytonskog-sporazuma\\\/#primaryimage\"},\"thumbnailUrl\":\"https:\\\/\\\/radioljubuski.ba\\\/wp-content\\\/uploads\\\/2022\\\/05\\\/milanovic-stoltenberg.jpeg\",\"datePublished\":\"2022-05-25T13:11:43+00:00\",\"dateModified\":\"2022-05-25T13:11:45+00:00\",\"breadcrumb\":{\"@id\":\"https:\\\/\\\/radioljubuski.ba\\\/index.php\\\/2022\\\/05\\\/25\\\/milanovic-stoltenbergu-hrvatima-u-bih-uskraceno-je-biranje-legitimnih-predstavnika-to-je-krsenje-daytonskog-sporazuma\\\/#breadcrumb\"},\"inLanguage\":\"hr\",\"potentialAction\":[{\"@type\":\"ReadAction\",\"target\":[\"https:\\\/\\\/radioljubuski.ba\\\/index.php\\\/2022\\\/05\\\/25\\\/milanovic-stoltenbergu-hrvatima-u-bih-uskraceno-je-biranje-legitimnih-predstavnika-to-je-krsenje-daytonskog-sporazuma\\\/\"]}]},{\"@type\":\"ImageObject\",\"inLanguage\":\"hr\",\"@id\":\"https:\\\/\\\/radioljubuski.ba\\\/index.php\\\/2022\\\/05\\\/25\\\/milanovic-stoltenbergu-hrvatima-u-bih-uskraceno-je-biranje-legitimnih-predstavnika-to-je-krsenje-daytonskog-sporazuma\\\/#primaryimage\",\"url\":\"https:\\\/\\\/radioljubuski.ba\\\/wp-content\\\/uploads\\\/2022\\\/05\\\/milanovic-stoltenberg.jpeg\",\"contentUrl\":\"https:\\\/\\\/radioljubuski.ba\\\/wp-content\\\/uploads\\\/2022\\\/05\\\/milanovic-stoltenberg.jpeg\",\"width\":1000,\"height\":666},{\"@type\":\"BreadcrumbList\",\"@id\":\"https:\\\/\\\/radioljubuski.ba\\\/index.php\\\/2022\\\/05\\\/25\\\/milanovic-stoltenbergu-hrvatima-u-bih-uskraceno-je-biranje-legitimnih-predstavnika-to-je-krsenje-daytonskog-sporazuma\\\/#breadcrumb\",\"itemListElement\":[{\"@type\":\"ListItem\",\"position\":1,\"name\":\"Po\u010detna stranica\",\"item\":\"https:\\\/\\\/radioljubuski.ba\\\/\"},{\"@type\":\"ListItem\",\"position\":2,\"name\":\"Milanovi\u0107 Stoltenbergu: \u201cHrvatima u BiH uskra\u0107eno je biranje legitimnih predstavnika, to je kr\u0161enje Daytonskog sporazuma\u201d\"}]},{\"@type\":\"WebSite\",\"@id\":\"https:\\\/\\\/radioljubuski.ba\\\/#website\",\"url\":\"https:\\\/\\\/radioljubuski.ba\\\/\",\"name\":\"Radio Ljubu\u0161ki\",\"description\":\"Sun\u010dana frekvencija Hercegovine\",\"publisher\":{\"@id\":\"https:\\\/\\\/radioljubuski.ba\\\/#organization\"},\"potentialAction\":[{\"@type\":\"SearchAction\",\"target\":{\"@type\":\"EntryPoint\",\"urlTemplate\":\"https:\\\/\\\/radioljubuski.ba\\\/?s={search_term_string}\"},\"query-input\":{\"@type\":\"PropertyValueSpecification\",\"valueRequired\":true,\"valueName\":\"search_term_string\"}}],\"inLanguage\":\"hr\"},{\"@type\":\"Organization\",\"@id\":\"https:\\\/\\\/radioljubuski.ba\\\/#organization\",\"name\":\"Radio Ljubu\u0161ki\",\"url\":\"https:\\\/\\\/radioljubuski.ba\\\/\",\"logo\":{\"@type\":\"ImageObject\",\"inLanguage\":\"hr\",\"@id\":\"https:\\\/\\\/radioljubuski.ba\\\/#\\\/schema\\\/logo\\\/image\\\/\",\"url\":\"https:\\\/\\\/radioljubuski.ba\\\/wp-content\\\/uploads\\\/2021\\\/02\\\/cropped-Radio_Ljubuski_logo1.jpg\",\"contentUrl\":\"https:\\\/\\\/radioljubuski.ba\\\/wp-content\\\/uploads\\\/2021\\\/02\\\/cropped-Radio_Ljubuski_logo1.jpg\",\"width\":512,\"height\":512,\"caption\":\"Radio Ljubu\u0161ki\"},\"image\":{\"@id\":\"https:\\\/\\\/radioljubuski.ba\\\/#\\\/schema\\\/logo\\\/image\\\/\"},\"sameAs\":[\"https:\\\/\\\/www.facebook.com\\\/Radiio-Ljubuski-1490835324566332\",\"https:\\\/\\\/x.com\\\/radioljubuski\",\"https:\\\/\\\/hr.linkedin.com\\\/company\\\/radio-ljubuski\",\"https:\\\/\\\/www.youtube.com\\\/channel\\\/UCHYaeO_n0Db3tjNGudGpXyw\"]},{\"@type\":\"Person\",\"@id\":\"https:\\\/\\\/radioljubuski.ba\\\/#\\\/schema\\\/person\\\/19fc700381a780f69665d7956c469e3b\",\"name\":\"Radio Ljubu\u0161ki\"}]}<\/script>\n<!-- \/ Yoast SEO plugin. -->","yoast_head_json":{"title":"Milanovi\u0107 Stoltenbergu: \u201cHrvatima u BiH uskra\u0107eno je biranje legitimnih predstavnika, to je kr\u0161enje Daytonskog sporazuma\u201d - RADIO LJUBU\u0160KI","robots":{"index":"index","follow":"follow","max-snippet":"max-snippet:-1","max-image-preview":"max-image-preview:large","max-video-preview":"max-video-preview:-1"},"canonical":"https:\/\/radioljubuski.ba\/index.php\/2022\/05\/25\/milanovic-stoltenbergu-hrvatima-u-bih-uskraceno-je-biranje-legitimnih-predstavnika-to-je-krsenje-daytonskog-sporazuma\/","og_locale":"hr_HR","og_type":"article","og_title":"Milanovi\u0107 Stoltenbergu: \u201cHrvatima u BiH uskra\u0107eno je biranje legitimnih predstavnika, to je kr\u0161enje Daytonskog sporazuma\u201d - RADIO LJUBU\u0160KI","og_description":"Predsjednik Republike Hrvatske Zoran Milanovi\u0107 u utorak je telefonski razgovarao s glavnim tajnikom NATO-a Jensom Stoltenbergom, koji je inicirao taj razgovor nakon primitka Milanovi\u0107eva pisma upu\u0107enom svim \u010dlanicama Saveza vezano za polo\u017eaj Hrvata u BiH, priop\u0107eno je s Pantov\u010daka. Predsjednik Milanovi\u0107 razilazi se s hrvatskom vladom u pogledu kandidature Finske i \u0160vedske za \u010dlanstvo u [&hellip;]","og_url":"https:\/\/radioljubuski.ba\/index.php\/2022\/05\/25\/milanovic-stoltenbergu-hrvatima-u-bih-uskraceno-je-biranje-legitimnih-predstavnika-to-je-krsenje-daytonskog-sporazuma\/","og_site_name":"RADIO LJUBU\u0160KI","article_publisher":"https:\/\/www.facebook.com\/Radiio-Ljubuski-1490835324566332","article_published_time":"2022-05-25T13:11:43+00:00","article_modified_time":"2022-05-25T13:11:45+00:00","og_image":[{"width":1000,"height":666,"url":"https:\/\/radioljubuski.ba\/wp-content\/uploads\/2022\/05\/milanovic-stoltenberg.jpeg","type":"image\/jpeg"}],"author":"Radio Ljubu\u0161ki","twitter_card":"summary_large_image","twitter_creator":"@radioljubuski","twitter_site":"@radioljubuski","twitter_misc":{"Napisao\/la":"Radio Ljubu\u0161ki","Procijenjeno vrijeme \u010ditanja":"2 minute"},"schema":{"@context":"https:\/\/schema.org","@graph":[{"@type":"Article","@id":"https:\/\/radioljubuski.ba\/index.php\/2022\/05\/25\/milanovic-stoltenbergu-hrvatima-u-bih-uskraceno-je-biranje-legitimnih-predstavnika-to-je-krsenje-daytonskog-sporazuma\/#article","isPartOf":{"@id":"https:\/\/radioljubuski.ba\/index.php\/2022\/05\/25\/milanovic-stoltenbergu-hrvatima-u-bih-uskraceno-je-biranje-legitimnih-predstavnika-to-je-krsenje-daytonskog-sporazuma\/"},"author":{"name":"Radio Ljubu\u0161ki","@id":"https:\/\/radioljubuski.ba\/#\/schema\/person\/19fc700381a780f69665d7956c469e3b"},"headline":"Milanovi\u0107 Stoltenbergu: \u201cHrvatima u BiH uskra\u0107eno je biranje legitimnih predstavnika, to je kr\u0161enje Daytonskog sporazuma\u201d","datePublished":"2022-05-25T13:11:43+00:00","dateModified":"2022-05-25T13:11:45+00:00","mainEntityOfPage":{"@id":"https:\/\/radioljubuski.ba\/index.php\/2022\/05\/25\/milanovic-stoltenbergu-hrvatima-u-bih-uskraceno-je-biranje-legitimnih-predstavnika-to-je-krsenje-daytonskog-sporazuma\/"},"wordCount":457,"publisher":{"@id":"https:\/\/radioljubuski.ba\/#organization"},"image":{"@id":"https:\/\/radioljubuski.ba\/index.php\/2022\/05\/25\/milanovic-stoltenbergu-hrvatima-u-bih-uskraceno-je-biranje-legitimnih-predstavnika-to-je-krsenje-daytonskog-sporazuma\/#primaryimage"},"thumbnailUrl":"https:\/\/radioljubuski.ba\/wp-content\/uploads\/2022\/05\/milanovic-stoltenberg.jpeg","articleSection":["BIH i regija"],"inLanguage":"hr"},{"@type":"WebPage","@id":"https:\/\/radioljubuski.ba\/index.php\/2022\/05\/25\/milanovic-stoltenbergu-hrvatima-u-bih-uskraceno-je-biranje-legitimnih-predstavnika-to-je-krsenje-daytonskog-sporazuma\/","url":"https:\/\/radioljubuski.ba\/index.php\/2022\/05\/25\/milanovic-stoltenbergu-hrvatima-u-bih-uskraceno-je-biranje-legitimnih-predstavnika-to-je-krsenje-daytonskog-sporazuma\/","name":"Milanovi\u0107 Stoltenbergu: \u201cHrvatima u BiH uskra\u0107eno je biranje legitimnih predstavnika, to je kr\u0161enje Daytonskog sporazuma\u201d - RADIO LJUBU\u0160KI","isPartOf":{"@id":"https:\/\/radioljubuski.ba\/#website"},"primaryImageOfPage":{"@id":"https:\/\/radioljubuski.ba\/index.php\/2022\/05\/25\/milanovic-stoltenbergu-hrvatima-u-bih-uskraceno-je-biranje-legitimnih-predstavnika-to-je-krsenje-daytonskog-sporazuma\/#primaryimage"},"image":{"@id":"https:\/\/radioljubuski.ba\/index.php\/2022\/05\/25\/milanovic-stoltenbergu-hrvatima-u-bih-uskraceno-je-biranje-legitimnih-predstavnika-to-je-krsenje-daytonskog-sporazuma\/#primaryimage"},"thumbnailUrl":"https:\/\/radioljubuski.ba\/wp-content\/uploads\/2022\/05\/milanovic-stoltenberg.jpeg","datePublished":"2022-05-25T13:11:43+00:00","dateModified":"2022-05-25T13:11:45+00:00","breadcrumb":{"@id":"https:\/\/radioljubuski.ba\/index.php\/2022\/05\/25\/milanovic-stoltenbergu-hrvatima-u-bih-uskraceno-je-biranje-legitimnih-predstavnika-to-je-krsenje-daytonskog-sporazuma\/#breadcrumb"},"inLanguage":"hr","potentialAction":[{"@type":"ReadAction","target":["https:\/\/radioljubuski.ba\/index.php\/2022\/05\/25\/milanovic-stoltenbergu-hrvatima-u-bih-uskraceno-je-biranje-legitimnih-predstavnika-to-je-krsenje-daytonskog-sporazuma\/"]}]},{"@type":"ImageObject","inLanguage":"hr","@id":"https:\/\/radioljubuski.ba\/index.php\/2022\/05\/25\/milanovic-stoltenbergu-hrvatima-u-bih-uskraceno-je-biranje-legitimnih-predstavnika-to-je-krsenje-daytonskog-sporazuma\/#primaryimage","url":"https:\/\/radioljubuski.ba\/wp-content\/uploads\/2022\/05\/milanovic-stoltenberg.jpeg","contentUrl":"https:\/\/radioljubuski.ba\/wp-content\/uploads\/2022\/05\/milanovic-stoltenberg.jpeg","width":1000,"height":666},{"@type":"BreadcrumbList","@id":"https:\/\/radioljubuski.ba\/index.php\/2022\/05\/25\/milanovic-stoltenbergu-hrvatima-u-bih-uskraceno-je-biranje-legitimnih-predstavnika-to-je-krsenje-daytonskog-sporazuma\/#breadcrumb","itemListElement":[{"@type":"ListItem","position":1,"name":"Po\u010detna stranica","item":"https:\/\/radioljubuski.ba\/"},{"@type":"ListItem","position":2,"name":"Milanovi\u0107 Stoltenbergu: \u201cHrvatima u BiH uskra\u0107eno je biranje legitimnih predstavnika, to je kr\u0161enje Daytonskog sporazuma\u201d"}]},{"@type":"WebSite","@id":"https:\/\/radioljubuski.ba\/#website","url":"https:\/\/radioljubuski.ba\/","name":"Radio Ljubu\u0161ki","description":"Sun\u010dana frekvencija Hercegovine","publisher":{"@id":"https:\/\/radioljubuski.ba\/#organization"},"potentialAction":[{"@type":"SearchAction","target":{"@type":"EntryPoint","urlTemplate":"https:\/\/radioljubuski.ba\/?s={search_term_string}"},"query-input":{"@type":"PropertyValueSpecification","valueRequired":true,"valueName":"search_term_string"}}],"inLanguage":"hr"},{"@type":"Organization","@id":"https:\/\/radioljubuski.ba\/#organization","name":"Radio Ljubu\u0161ki","url":"https:\/\/radioljubuski.ba\/","logo":{"@type":"ImageObject","inLanguage":"hr","@id":"https:\/\/radioljubuski.ba\/#\/schema\/logo\/image\/","url":"https:\/\/radioljubuski.ba\/wp-content\/uploads\/2021\/02\/cropped-Radio_Ljubuski_logo1.jpg","contentUrl":"https:\/\/radioljubuski.ba\/wp-content\/uploads\/2021\/02\/cropped-Radio_Ljubuski_logo1.jpg","width":512,"height":512,"caption":"Radio Ljubu\u0161ki"},"image":{"@id":"https:\/\/radioljubuski.ba\/#\/schema\/logo\/image\/"},"sameAs":["https:\/\/www.facebook.com\/Radiio-Ljubuski-1490835324566332","https:\/\/x.com\/radioljubuski","https:\/\/hr.linkedin.com\/company\/radio-ljubuski","https:\/\/www.youtube.com\/channel\/UCHYaeO_n0Db3tjNGudGpXyw"]},{"@type":"Person","@id":"https:\/\/radioljubuski.ba\/#\/schema\/person\/19fc700381a780f69665d7956c469e3b","name":"Radio Ljubu\u0161ki"}]}},"_links":{"self":[{"href":"https:\/\/radioljubuski.ba\/index.php\/wp-json\/wp\/v2\/posts\/143865","targetHints":{"allow":["GET"]}}],"collection":[{"href":"https:\/\/radioljubuski.ba\/index.php\/wp-json\/wp\/v2\/posts"}],"about":[{"href":"https:\/\/radioljubuski.ba\/index.php\/wp-json\/wp\/v2\/types\/post"}],"author":[{"embeddable":true,"href":"https:\/\/radioljubuski.ba\/index.php\/wp-json\/wp\/v2\/users\/2"}],"replies":[{"embeddable":true,"href":"https:\/\/radioljubuski.ba\/index.php\/wp-json\/wp\/v2\/comments?post=143865"}],"version-history":[{"count":1,"href":"https:\/\/radioljubuski.ba\/index.php\/wp-json\/wp\/v2\/posts\/143865\/revisions"}],"predecessor-version":[{"id":143867,"href":"https:\/\/radioljubuski.ba\/index.php\/wp-json\/wp\/v2\/posts\/143865\/revisions\/143867"}],"wp:featuredmedia":[{"embeddable":true,"href":"https:\/\/radioljubuski.ba\/index.php\/wp-json\/wp\/v2\/media\/143866"}],"wp:attachment":[{"href":"https:\/\/radioljubuski.ba\/index.php\/wp-json\/wp\/v2\/media?parent=143865"}],"wp:term":[{"taxonomy":"category","embeddable":true,"href":"https:\/\/radioljubuski.ba\/index.php\/wp-json\/wp\/v2\/categories?post=143865"},{"taxonomy":"post_tag","embeddable":true,"href":"https:\/\/radioljubuski.ba\/index.php\/wp-json\/wp\/v2\/tags?post=143865"}],"curies":[{"name":"wp","href":"https:\/\/api.w.org\/{rel}","templated":true}]}}