{"id":143871,"date":"2022-05-25T14:14:48","date_gmt":"2022-05-25T13:14:48","guid":{"rendered":"https:\/\/radioljubuski.ba\/?p=143871"},"modified":"2022-05-25T14:14:49","modified_gmt":"2022-05-25T13:14:49","slug":"krv-generala-santica-je-ostala-svjedociti-o-ratnom-zlocinu-koji-je-zavrsio-zavjetom-sutnje-i-oslobadajucom-presudom-optuzenih","status":"publish","type":"post","link":"https:\/\/radioljubuski.ba\/index.php\/2022\/05\/25\/krv-generala-santica-je-ostala-svjedociti-o-ratnom-zlocinu-koji-je-zavrsio-zavjetom-sutnje-i-oslobadajucom-presudom-optuzenih\/","title":{"rendered":"Krv generala \u0160anti\u0107a je ostala svjedo\u010diti o ratnom zlo\u010dinu koji je zavr\u0161io zavjetom \u0161utnje i osloba\u0111aju\u0107om presudom optu\u017eenih"},"content":{"rendered":"\n<p><strong>U ponedjeljak je donesena presuda kojom je Hamdija Abdi\u0107 zvani Tigar, pripadnik Armije BiH, zajedno sa pripadnicima vojne jedinice Armije BiH kojom je zapovijedao, oslobo\u0111en za \u201eiznimno svirepo i podmuklo\u201c ubojstvo generala HVO-a Vlade \u0160anti\u0107a.<\/strong><\/p>\n\n\n\n<p><strong>Za <a href=\"https:\/\/fenix-magazin.de\/posrnulo-pravosude-bih-krv-generala-hvo-a-vlade-santica-je-ostala-svjedociti-o-ratnom-zlocinu-koji-je-zavrsio-zavjetom-sutnje-i-oslobadajucom-presudom-optuzenih\/\" target=\"_blank\" rel=\"noreferrer noopener\">Fenix-magazin<\/a> pi\u0161e: Estera Horvat<\/strong><\/p>\n\n\n\n<p>Odvjetnik Hamdije Avdi\u0107a Tigra izme\u0111u ostalog je unaprijed govori kako bi sud trebao donijeti osloba\u0111aju\u0107u presudu zbog \u201ezastare vo\u0111enja postupka\u201c. \u0160to zna\u010di da Tu\u017eiteljstvo Unsko-sanske \u017eupanije u Biha\u0107u nije optu\u017eilo Hamdiju Abdi\u0107a Tigra za kazneno djelo ratnog zlo\u010dina, a \u0161to bi bilo logi\u010dno, jer se radnja dogodila u jeku rata u koje vrijeme je zarobljen jedan general, koji je pripadnik hrvatskog naroda. A zarobili su ga pripadnici vojne jedinice drugog naroda, te nakon toga ga odveli na nepoznatu lokaciju i ubili. Tu\u017eiteljstvo je optu\u017eilo Hamdiju Abdi\u0107a Tigra za kazneno djelo ubojstvo iz \u010dl.166 st. 1, koje mo\u017ee i zastarjeti u kra\u0107em roku, dok kaznena djela ratnog zlo\u010dina ne zastarijevaju.<\/p>\n\n\n\n<p><strong>Ratni zlo\u010din<\/strong><\/p>\n\n\n\n<p>Krv generala HVO-a Vlade \u0160anti\u0107a na\u0111ena je i ostala svjedo\u010diti o ratnom zlo\u010dinu koji je zavr\u0161io zavjetom \u0161utnje. Vodilo se nekoliko postupaka protiv odre\u0111enih tu\u017eitelja i drugih, koji su poku\u0161ali sprije\u010diti svjedo\u010denja protiv Hamdije Abdi\u0107a Tigra. A jedan takav je i biv\u0161i tu\u017eitelj Idriz Begi\u0107 koji je kasnije i razrije\u0161en du\u017enosti obavljanja funkcije tu\u017eitelja, ali zbog drugog djela.<\/p>\n\n\n\n<p>Pojedini po\u0161teni policajci su poku\u0161ali rasvijetli ovaj slu\u010daj, kao i po\u0161teni tu\u017eitelj koji je podigao optu\u017enicu iako je pritisak bio veliki da se to ne u\u010dini. Jedva su \u201eizvukli\u201c i ovu pravnu kvalifikaciju obi\u010dnog ubojstva, jer \u017dupanijski sud u Biha\u0107u o\u010dito nije \u017eelio da se procesuiraju \u201eheroji bo\u0161nja\u010dkog naroda\u201c. Postupaju\u0107i sudac je govorio kolegama da ne\u0107e osuditi gore navedene optu\u017eene, pa je \u010desto ponavljao: \u201cnema tijela, nema djela\u201c. A to je stara izreka koju uop\u0107e ne prati sudska praksa. Jer toliko ima osu\u0111uju\u0107ih presuda bez pronalaska tijela, kako u Bosni i Hercegovini tako i u drugim dr\u017eavama. Ovdje su postojali svjedoci, kao i na\u0111ena krv generala HVO Vlade \u0160anti\u0107a.<\/p>\n\n\n\n<p><strong>Zavjet \u0161utnje<\/strong><\/p>\n\n\n\n<p>Op\u0107e je poznata \u010dinjenica u Biha\u0107u da je predsjednica Kantonalnog suda Fata Nadarevi\u0107 sklona SDA stranci i da je \u010desto obe\u0107avala za\u0161titu optu\u017eenih. Te\u0161ko je nakon toga bilo o\u010dekivati profesionalnost u radu od takvih ljudi. U Bosni i Hercegovini o\u010dito postoji zavjet \u0161utnje da svi generali i svi pripadnici Armije BiH moraju biti oslobo\u0111eni. Naime, kada je u pitanju ratni zlo\u010din protiv Envera Zorni\u0107a i drugih pripadnika Armije BiH, koji su po\u010dinili nad srpskim i hrvatskim zarobljenim civilima, to tako\u0111er nije bilo kvalificirano kao kazneno djelo ratnog zlo\u010dina, nego kaznenog djela ubojstva.<\/p>\n\n\n\n<p>Tako\u0111er i predmet Kazani, gdje je na svirep na\u010din ubijeno najmanje 24 civila, nisu kvalificirani kao kazneno djelo ratni zlo\u010din nego kazneno djelo ubojstvo. Naser Ori\u0107 je oslobo\u0111en za kazneno djelo ratni zlo\u010din nakon \u0161to su svjedoci promijenili iskaze. Nakon toga su se mnogi obogatili, a Tu\u017eiteljstvo BiH, koliko je poznato, nije niti protiv koga pokrenulo postupak radi kaznenog djela \u2013 la\u017enog svjedo\u010denja. Javno se u javnosti spominjalo kako su svjedoci pla\u0107eni da promijene iskaz. Isto se sada navodi kako se potpla\u0107uju svjedoci da promijene iskaz u predmetu generala Atifa Dudakovi\u0107a kako bi i on bio oslobo\u0111en.<\/p>\n\n\n\n<p><strong>Zaklju\u010dak<\/strong><\/p>\n\n\n\n<p>Kada se sve ovo sagleda, jasno je da je pravosu\u0111e u Bosni i Hercegovini posrnulo. Jer ovakvim radnjama poma\u017eu i prikrivaju zlo\u010din koji su po\u010dinili vojni pripadnici bo\u0161nja\u010dkog naroda nad pripadnicima drugih naroda. Da su svi pravedno ka\u017enjeni za ono \u0161to su u\u010dinili drugima, davno bi zavladao mir i pomirenje. Ovako ostaje samo gor\u010dina i sjeme budu\u0107eg razdora.<\/p>\n\n\n\n<p>\/HMS\/<\/p>\n","protected":false},"excerpt":{"rendered":"<p>U ponedjeljak je donesena presuda kojom je Hamdija Abdi\u0107 zvani Tigar, pripadnik Armije BiH, zajedno sa pripadnicima vojne jedinice Armije BiH kojom je zapovijedao, oslobo\u0111en za \u201eiznimno svirepo i podmuklo\u201c ubojstvo generala HVO-a Vlade \u0160anti\u0107a. Za Fenix-magazin pi\u0161e: Estera Horvat Odvjetnik Hamdije Avdi\u0107a Tigra izme\u0111u ostalog je unaprijed govori kako bi sud trebao donijeti osloba\u0111aju\u0107u [&hellip;]<\/p>\n","protected":false},"author":2,"featured_media":143872,"comment_status":"closed","ping_status":"closed","sticky":false,"template":"","format":"standard","meta":{"h5ap_radio_sources":[],"footnotes":""},"categories":[1],"tags":[],"class_list":["post-143871","post","type-post","status-publish","format-standard","has-post-thumbnail","hentry","category-bihiregija"],"yoast_head":"<!-- This site is optimized with the Yoast SEO plugin v27.5 - https:\/\/yoast.com\/product\/yoast-seo-wordpress\/ -->\n<title>Krv generala \u0160anti\u0107a je ostala svjedo\u010diti o ratnom zlo\u010dinu koji je zavr\u0161io zavjetom \u0161utnje i osloba\u0111aju\u0107om presudom optu\u017eenih - RADIO LJUBU\u0160KI<\/title>\n<meta name=\"robots\" content=\"index, follow, max-snippet:-1, max-image-preview:large, max-video-preview:-1\" \/>\n<link rel=\"canonical\" href=\"https:\/\/radioljubuski.ba\/index.php\/2022\/05\/25\/krv-generala-santica-je-ostala-svjedociti-o-ratnom-zlocinu-koji-je-zavrsio-zavjetom-sutnje-i-oslobadajucom-presudom-optuzenih\/\" \/>\n<meta property=\"og:locale\" content=\"hr_HR\" \/>\n<meta property=\"og:type\" content=\"article\" \/>\n<meta property=\"og:title\" content=\"Krv generala \u0160anti\u0107a je ostala svjedo\u010diti o ratnom zlo\u010dinu koji je zavr\u0161io zavjetom \u0161utnje i osloba\u0111aju\u0107om presudom optu\u017eenih - RADIO LJUBU\u0160KI\" \/>\n<meta property=\"og:description\" content=\"U ponedjeljak je donesena presuda kojom je Hamdija Abdi\u0107 zvani Tigar, pripadnik Armije BiH, zajedno sa pripadnicima vojne jedinice Armije BiH kojom je zapovijedao, oslobo\u0111en za \u201eiznimno svirepo i podmuklo\u201c ubojstvo generala HVO-a Vlade \u0160anti\u0107a. Za Fenix-magazin pi\u0161e: Estera Horvat Odvjetnik Hamdije Avdi\u0107a Tigra izme\u0111u ostalog je unaprijed govori kako bi sud trebao donijeti osloba\u0111aju\u0107u [&hellip;]\" \/>\n<meta property=\"og:url\" content=\"https:\/\/radioljubuski.ba\/index.php\/2022\/05\/25\/krv-generala-santica-je-ostala-svjedociti-o-ratnom-zlocinu-koji-je-zavrsio-zavjetom-sutnje-i-oslobadajucom-presudom-optuzenih\/\" \/>\n<meta property=\"og:site_name\" content=\"RADIO LJUBU\u0160KI\" \/>\n<meta property=\"article:publisher\" content=\"https:\/\/www.facebook.com\/Radiio-Ljubuski-1490835324566332\" \/>\n<meta property=\"article:published_time\" content=\"2022-05-25T13:14:48+00:00\" \/>\n<meta property=\"article:modified_time\" content=\"2022-05-25T13:14:49+00:00\" \/>\n<meta property=\"og:image\" content=\"https:\/\/radioljubuski.ba\/wp-content\/uploads\/2022\/05\/santic-tigar.jpg\" \/>\n\t<meta property=\"og:image:width\" content=\"750\" \/>\n\t<meta property=\"og:image:height\" content=\"465\" \/>\n\t<meta property=\"og:image:type\" content=\"image\/jpeg\" \/>\n<meta name=\"author\" content=\"Radio Ljubu\u0161ki\" \/>\n<meta name=\"twitter:card\" content=\"summary_large_image\" \/>\n<meta name=\"twitter:creator\" content=\"@radioljubuski\" \/>\n<meta name=\"twitter:site\" content=\"@radioljubuski\" \/>\n<meta name=\"twitter:label1\" content=\"Napisao\/la\" \/>\n\t<meta name=\"twitter:data1\" content=\"Radio Ljubu\u0161ki\" \/>\n\t<meta name=\"twitter:label2\" content=\"Procijenjeno vrijeme \u010ditanja\" \/>\n\t<meta name=\"twitter:data2\" content=\"3 minute\" \/>\n<script type=\"application\/ld+json\" class=\"yoast-schema-graph\">{\"@context\":\"https:\\\/\\\/schema.org\",\"@graph\":[{\"@type\":\"Article\",\"@id\":\"https:\\\/\\\/radioljubuski.ba\\\/index.php\\\/2022\\\/05\\\/25\\\/krv-generala-santica-je-ostala-svjedociti-o-ratnom-zlocinu-koji-je-zavrsio-zavjetom-sutnje-i-oslobadajucom-presudom-optuzenih\\\/#article\",\"isPartOf\":{\"@id\":\"https:\\\/\\\/radioljubuski.ba\\\/index.php\\\/2022\\\/05\\\/25\\\/krv-generala-santica-je-ostala-svjedociti-o-ratnom-zlocinu-koji-je-zavrsio-zavjetom-sutnje-i-oslobadajucom-presudom-optuzenih\\\/\"},\"author\":{\"name\":\"Radio Ljubu\u0161ki\",\"@id\":\"https:\\\/\\\/radioljubuski.ba\\\/#\\\/schema\\\/person\\\/19fc700381a780f69665d7956c469e3b\"},\"headline\":\"Krv generala \u0160anti\u0107a je ostala svjedo\u010diti o ratnom zlo\u010dinu koji je zavr\u0161io zavjetom \u0161utnje i osloba\u0111aju\u0107om presudom optu\u017eenih\",\"datePublished\":\"2022-05-25T13:14:48+00:00\",\"dateModified\":\"2022-05-25T13:14:49+00:00\",\"mainEntityOfPage\":{\"@id\":\"https:\\\/\\\/radioljubuski.ba\\\/index.php\\\/2022\\\/05\\\/25\\\/krv-generala-santica-je-ostala-svjedociti-o-ratnom-zlocinu-koji-je-zavrsio-zavjetom-sutnje-i-oslobadajucom-presudom-optuzenih\\\/\"},\"wordCount\":687,\"publisher\":{\"@id\":\"https:\\\/\\\/radioljubuski.ba\\\/#organization\"},\"image\":{\"@id\":\"https:\\\/\\\/radioljubuski.ba\\\/index.php\\\/2022\\\/05\\\/25\\\/krv-generala-santica-je-ostala-svjedociti-o-ratnom-zlocinu-koji-je-zavrsio-zavjetom-sutnje-i-oslobadajucom-presudom-optuzenih\\\/#primaryimage\"},\"thumbnailUrl\":\"https:\\\/\\\/radioljubuski.ba\\\/wp-content\\\/uploads\\\/2022\\\/05\\\/santic-tigar.jpg\",\"articleSection\":[\"BIH i regija\"],\"inLanguage\":\"hr\"},{\"@type\":\"WebPage\",\"@id\":\"https:\\\/\\\/radioljubuski.ba\\\/index.php\\\/2022\\\/05\\\/25\\\/krv-generala-santica-je-ostala-svjedociti-o-ratnom-zlocinu-koji-je-zavrsio-zavjetom-sutnje-i-oslobadajucom-presudom-optuzenih\\\/\",\"url\":\"https:\\\/\\\/radioljubuski.ba\\\/index.php\\\/2022\\\/05\\\/25\\\/krv-generala-santica-je-ostala-svjedociti-o-ratnom-zlocinu-koji-je-zavrsio-zavjetom-sutnje-i-oslobadajucom-presudom-optuzenih\\\/\",\"name\":\"Krv generala \u0160anti\u0107a je ostala svjedo\u010diti o ratnom zlo\u010dinu koji je zavr\u0161io zavjetom \u0161utnje i osloba\u0111aju\u0107om presudom optu\u017eenih - RADIO LJUBU\u0160KI\",\"isPartOf\":{\"@id\":\"https:\\\/\\\/radioljubuski.ba\\\/#website\"},\"primaryImageOfPage\":{\"@id\":\"https:\\\/\\\/radioljubuski.ba\\\/index.php\\\/2022\\\/05\\\/25\\\/krv-generala-santica-je-ostala-svjedociti-o-ratnom-zlocinu-koji-je-zavrsio-zavjetom-sutnje-i-oslobadajucom-presudom-optuzenih\\\/#primaryimage\"},\"image\":{\"@id\":\"https:\\\/\\\/radioljubuski.ba\\\/index.php\\\/2022\\\/05\\\/25\\\/krv-generala-santica-je-ostala-svjedociti-o-ratnom-zlocinu-koji-je-zavrsio-zavjetom-sutnje-i-oslobadajucom-presudom-optuzenih\\\/#primaryimage\"},\"thumbnailUrl\":\"https:\\\/\\\/radioljubuski.ba\\\/wp-content\\\/uploads\\\/2022\\\/05\\\/santic-tigar.jpg\",\"datePublished\":\"2022-05-25T13:14:48+00:00\",\"dateModified\":\"2022-05-25T13:14:49+00:00\",\"breadcrumb\":{\"@id\":\"https:\\\/\\\/radioljubuski.ba\\\/index.php\\\/2022\\\/05\\\/25\\\/krv-generala-santica-je-ostala-svjedociti-o-ratnom-zlocinu-koji-je-zavrsio-zavjetom-sutnje-i-oslobadajucom-presudom-optuzenih\\\/#breadcrumb\"},\"inLanguage\":\"hr\",\"potentialAction\":[{\"@type\":\"ReadAction\",\"target\":[\"https:\\\/\\\/radioljubuski.ba\\\/index.php\\\/2022\\\/05\\\/25\\\/krv-generala-santica-je-ostala-svjedociti-o-ratnom-zlocinu-koji-je-zavrsio-zavjetom-sutnje-i-oslobadajucom-presudom-optuzenih\\\/\"]}]},{\"@type\":\"ImageObject\",\"inLanguage\":\"hr\",\"@id\":\"https:\\\/\\\/radioljubuski.ba\\\/index.php\\\/2022\\\/05\\\/25\\\/krv-generala-santica-je-ostala-svjedociti-o-ratnom-zlocinu-koji-je-zavrsio-zavjetom-sutnje-i-oslobadajucom-presudom-optuzenih\\\/#primaryimage\",\"url\":\"https:\\\/\\\/radioljubuski.ba\\\/wp-content\\\/uploads\\\/2022\\\/05\\\/santic-tigar.jpg\",\"contentUrl\":\"https:\\\/\\\/radioljubuski.ba\\\/wp-content\\\/uploads\\\/2022\\\/05\\\/santic-tigar.jpg\",\"width\":750,\"height\":465},{\"@type\":\"BreadcrumbList\",\"@id\":\"https:\\\/\\\/radioljubuski.ba\\\/index.php\\\/2022\\\/05\\\/25\\\/krv-generala-santica-je-ostala-svjedociti-o-ratnom-zlocinu-koji-je-zavrsio-zavjetom-sutnje-i-oslobadajucom-presudom-optuzenih\\\/#breadcrumb\",\"itemListElement\":[{\"@type\":\"ListItem\",\"position\":1,\"name\":\"Po\u010detna stranica\",\"item\":\"https:\\\/\\\/radioljubuski.ba\\\/\"},{\"@type\":\"ListItem\",\"position\":2,\"name\":\"Krv generala \u0160anti\u0107a je ostala svjedo\u010diti o ratnom zlo\u010dinu koji je zavr\u0161io zavjetom \u0161utnje i osloba\u0111aju\u0107om presudom optu\u017eenih\"}]},{\"@type\":\"WebSite\",\"@id\":\"https:\\\/\\\/radioljubuski.ba\\\/#website\",\"url\":\"https:\\\/\\\/radioljubuski.ba\\\/\",\"name\":\"Radio Ljubu\u0161ki\",\"description\":\"Sun\u010dana frekvencija Hercegovine\",\"publisher\":{\"@id\":\"https:\\\/\\\/radioljubuski.ba\\\/#organization\"},\"potentialAction\":[{\"@type\":\"SearchAction\",\"target\":{\"@type\":\"EntryPoint\",\"urlTemplate\":\"https:\\\/\\\/radioljubuski.ba\\\/?s={search_term_string}\"},\"query-input\":{\"@type\":\"PropertyValueSpecification\",\"valueRequired\":true,\"valueName\":\"search_term_string\"}}],\"inLanguage\":\"hr\"},{\"@type\":\"Organization\",\"@id\":\"https:\\\/\\\/radioljubuski.ba\\\/#organization\",\"name\":\"Radio Ljubu\u0161ki\",\"url\":\"https:\\\/\\\/radioljubuski.ba\\\/\",\"logo\":{\"@type\":\"ImageObject\",\"inLanguage\":\"hr\",\"@id\":\"https:\\\/\\\/radioljubuski.ba\\\/#\\\/schema\\\/logo\\\/image\\\/\",\"url\":\"https:\\\/\\\/radioljubuski.ba\\\/wp-content\\\/uploads\\\/2021\\\/02\\\/cropped-Radio_Ljubuski_logo1.jpg\",\"contentUrl\":\"https:\\\/\\\/radioljubuski.ba\\\/wp-content\\\/uploads\\\/2021\\\/02\\\/cropped-Radio_Ljubuski_logo1.jpg\",\"width\":512,\"height\":512,\"caption\":\"Radio Ljubu\u0161ki\"},\"image\":{\"@id\":\"https:\\\/\\\/radioljubuski.ba\\\/#\\\/schema\\\/logo\\\/image\\\/\"},\"sameAs\":[\"https:\\\/\\\/www.facebook.com\\\/Radiio-Ljubuski-1490835324566332\",\"https:\\\/\\\/x.com\\\/radioljubuski\",\"https:\\\/\\\/hr.linkedin.com\\\/company\\\/radio-ljubuski\",\"https:\\\/\\\/www.youtube.com\\\/channel\\\/UCHYaeO_n0Db3tjNGudGpXyw\"]},{\"@type\":\"Person\",\"@id\":\"https:\\\/\\\/radioljubuski.ba\\\/#\\\/schema\\\/person\\\/19fc700381a780f69665d7956c469e3b\",\"name\":\"Radio Ljubu\u0161ki\"}]}<\/script>\n<!-- \/ Yoast SEO plugin. -->","yoast_head_json":{"title":"Krv generala \u0160anti\u0107a je ostala svjedo\u010diti o ratnom zlo\u010dinu koji je zavr\u0161io zavjetom \u0161utnje i osloba\u0111aju\u0107om presudom optu\u017eenih - RADIO LJUBU\u0160KI","robots":{"index":"index","follow":"follow","max-snippet":"max-snippet:-1","max-image-preview":"max-image-preview:large","max-video-preview":"max-video-preview:-1"},"canonical":"https:\/\/radioljubuski.ba\/index.php\/2022\/05\/25\/krv-generala-santica-je-ostala-svjedociti-o-ratnom-zlocinu-koji-je-zavrsio-zavjetom-sutnje-i-oslobadajucom-presudom-optuzenih\/","og_locale":"hr_HR","og_type":"article","og_title":"Krv generala \u0160anti\u0107a je ostala svjedo\u010diti o ratnom zlo\u010dinu koji je zavr\u0161io zavjetom \u0161utnje i osloba\u0111aju\u0107om presudom optu\u017eenih - RADIO LJUBU\u0160KI","og_description":"U ponedjeljak je donesena presuda kojom je Hamdija Abdi\u0107 zvani Tigar, pripadnik Armije BiH, zajedno sa pripadnicima vojne jedinice Armije BiH kojom je zapovijedao, oslobo\u0111en za \u201eiznimno svirepo i podmuklo\u201c ubojstvo generala HVO-a Vlade \u0160anti\u0107a. Za Fenix-magazin pi\u0161e: Estera Horvat Odvjetnik Hamdije Avdi\u0107a Tigra izme\u0111u ostalog je unaprijed govori kako bi sud trebao donijeti osloba\u0111aju\u0107u [&hellip;]","og_url":"https:\/\/radioljubuski.ba\/index.php\/2022\/05\/25\/krv-generala-santica-je-ostala-svjedociti-o-ratnom-zlocinu-koji-je-zavrsio-zavjetom-sutnje-i-oslobadajucom-presudom-optuzenih\/","og_site_name":"RADIO LJUBU\u0160KI","article_publisher":"https:\/\/www.facebook.com\/Radiio-Ljubuski-1490835324566332","article_published_time":"2022-05-25T13:14:48+00:00","article_modified_time":"2022-05-25T13:14:49+00:00","og_image":[{"width":750,"height":465,"url":"https:\/\/radioljubuski.ba\/wp-content\/uploads\/2022\/05\/santic-tigar.jpg","type":"image\/jpeg"}],"author":"Radio Ljubu\u0161ki","twitter_card":"summary_large_image","twitter_creator":"@radioljubuski","twitter_site":"@radioljubuski","twitter_misc":{"Napisao\/la":"Radio Ljubu\u0161ki","Procijenjeno vrijeme \u010ditanja":"3 minute"},"schema":{"@context":"https:\/\/schema.org","@graph":[{"@type":"Article","@id":"https:\/\/radioljubuski.ba\/index.php\/2022\/05\/25\/krv-generala-santica-je-ostala-svjedociti-o-ratnom-zlocinu-koji-je-zavrsio-zavjetom-sutnje-i-oslobadajucom-presudom-optuzenih\/#article","isPartOf":{"@id":"https:\/\/radioljubuski.ba\/index.php\/2022\/05\/25\/krv-generala-santica-je-ostala-svjedociti-o-ratnom-zlocinu-koji-je-zavrsio-zavjetom-sutnje-i-oslobadajucom-presudom-optuzenih\/"},"author":{"name":"Radio Ljubu\u0161ki","@id":"https:\/\/radioljubuski.ba\/#\/schema\/person\/19fc700381a780f69665d7956c469e3b"},"headline":"Krv generala \u0160anti\u0107a je ostala svjedo\u010diti o ratnom zlo\u010dinu koji je zavr\u0161io zavjetom \u0161utnje i osloba\u0111aju\u0107om presudom optu\u017eenih","datePublished":"2022-05-25T13:14:48+00:00","dateModified":"2022-05-25T13:14:49+00:00","mainEntityOfPage":{"@id":"https:\/\/radioljubuski.ba\/index.php\/2022\/05\/25\/krv-generala-santica-je-ostala-svjedociti-o-ratnom-zlocinu-koji-je-zavrsio-zavjetom-sutnje-i-oslobadajucom-presudom-optuzenih\/"},"wordCount":687,"publisher":{"@id":"https:\/\/radioljubuski.ba\/#organization"},"image":{"@id":"https:\/\/radioljubuski.ba\/index.php\/2022\/05\/25\/krv-generala-santica-je-ostala-svjedociti-o-ratnom-zlocinu-koji-je-zavrsio-zavjetom-sutnje-i-oslobadajucom-presudom-optuzenih\/#primaryimage"},"thumbnailUrl":"https:\/\/radioljubuski.ba\/wp-content\/uploads\/2022\/05\/santic-tigar.jpg","articleSection":["BIH i regija"],"inLanguage":"hr"},{"@type":"WebPage","@id":"https:\/\/radioljubuski.ba\/index.php\/2022\/05\/25\/krv-generala-santica-je-ostala-svjedociti-o-ratnom-zlocinu-koji-je-zavrsio-zavjetom-sutnje-i-oslobadajucom-presudom-optuzenih\/","url":"https:\/\/radioljubuski.ba\/index.php\/2022\/05\/25\/krv-generala-santica-je-ostala-svjedociti-o-ratnom-zlocinu-koji-je-zavrsio-zavjetom-sutnje-i-oslobadajucom-presudom-optuzenih\/","name":"Krv generala \u0160anti\u0107a je ostala svjedo\u010diti o ratnom zlo\u010dinu koji je zavr\u0161io zavjetom \u0161utnje i osloba\u0111aju\u0107om presudom optu\u017eenih - RADIO LJUBU\u0160KI","isPartOf":{"@id":"https:\/\/radioljubuski.ba\/#website"},"primaryImageOfPage":{"@id":"https:\/\/radioljubuski.ba\/index.php\/2022\/05\/25\/krv-generala-santica-je-ostala-svjedociti-o-ratnom-zlocinu-koji-je-zavrsio-zavjetom-sutnje-i-oslobadajucom-presudom-optuzenih\/#primaryimage"},"image":{"@id":"https:\/\/radioljubuski.ba\/index.php\/2022\/05\/25\/krv-generala-santica-je-ostala-svjedociti-o-ratnom-zlocinu-koji-je-zavrsio-zavjetom-sutnje-i-oslobadajucom-presudom-optuzenih\/#primaryimage"},"thumbnailUrl":"https:\/\/radioljubuski.ba\/wp-content\/uploads\/2022\/05\/santic-tigar.jpg","datePublished":"2022-05-25T13:14:48+00:00","dateModified":"2022-05-25T13:14:49+00:00","breadcrumb":{"@id":"https:\/\/radioljubuski.ba\/index.php\/2022\/05\/25\/krv-generala-santica-je-ostala-svjedociti-o-ratnom-zlocinu-koji-je-zavrsio-zavjetom-sutnje-i-oslobadajucom-presudom-optuzenih\/#breadcrumb"},"inLanguage":"hr","potentialAction":[{"@type":"ReadAction","target":["https:\/\/radioljubuski.ba\/index.php\/2022\/05\/25\/krv-generala-santica-je-ostala-svjedociti-o-ratnom-zlocinu-koji-je-zavrsio-zavjetom-sutnje-i-oslobadajucom-presudom-optuzenih\/"]}]},{"@type":"ImageObject","inLanguage":"hr","@id":"https:\/\/radioljubuski.ba\/index.php\/2022\/05\/25\/krv-generala-santica-je-ostala-svjedociti-o-ratnom-zlocinu-koji-je-zavrsio-zavjetom-sutnje-i-oslobadajucom-presudom-optuzenih\/#primaryimage","url":"https:\/\/radioljubuski.ba\/wp-content\/uploads\/2022\/05\/santic-tigar.jpg","contentUrl":"https:\/\/radioljubuski.ba\/wp-content\/uploads\/2022\/05\/santic-tigar.jpg","width":750,"height":465},{"@type":"BreadcrumbList","@id":"https:\/\/radioljubuski.ba\/index.php\/2022\/05\/25\/krv-generala-santica-je-ostala-svjedociti-o-ratnom-zlocinu-koji-je-zavrsio-zavjetom-sutnje-i-oslobadajucom-presudom-optuzenih\/#breadcrumb","itemListElement":[{"@type":"ListItem","position":1,"name":"Po\u010detna stranica","item":"https:\/\/radioljubuski.ba\/"},{"@type":"ListItem","position":2,"name":"Krv generala \u0160anti\u0107a je ostala svjedo\u010diti o ratnom zlo\u010dinu koji je zavr\u0161io zavjetom \u0161utnje i osloba\u0111aju\u0107om presudom optu\u017eenih"}]},{"@type":"WebSite","@id":"https:\/\/radioljubuski.ba\/#website","url":"https:\/\/radioljubuski.ba\/","name":"Radio Ljubu\u0161ki","description":"Sun\u010dana frekvencija Hercegovine","publisher":{"@id":"https:\/\/radioljubuski.ba\/#organization"},"potentialAction":[{"@type":"SearchAction","target":{"@type":"EntryPoint","urlTemplate":"https:\/\/radioljubuski.ba\/?s={search_term_string}"},"query-input":{"@type":"PropertyValueSpecification","valueRequired":true,"valueName":"search_term_string"}}],"inLanguage":"hr"},{"@type":"Organization","@id":"https:\/\/radioljubuski.ba\/#organization","name":"Radio Ljubu\u0161ki","url":"https:\/\/radioljubuski.ba\/","logo":{"@type":"ImageObject","inLanguage":"hr","@id":"https:\/\/radioljubuski.ba\/#\/schema\/logo\/image\/","url":"https:\/\/radioljubuski.ba\/wp-content\/uploads\/2021\/02\/cropped-Radio_Ljubuski_logo1.jpg","contentUrl":"https:\/\/radioljubuski.ba\/wp-content\/uploads\/2021\/02\/cropped-Radio_Ljubuski_logo1.jpg","width":512,"height":512,"caption":"Radio Ljubu\u0161ki"},"image":{"@id":"https:\/\/radioljubuski.ba\/#\/schema\/logo\/image\/"},"sameAs":["https:\/\/www.facebook.com\/Radiio-Ljubuski-1490835324566332","https:\/\/x.com\/radioljubuski","https:\/\/hr.linkedin.com\/company\/radio-ljubuski","https:\/\/www.youtube.com\/channel\/UCHYaeO_n0Db3tjNGudGpXyw"]},{"@type":"Person","@id":"https:\/\/radioljubuski.ba\/#\/schema\/person\/19fc700381a780f69665d7956c469e3b","name":"Radio Ljubu\u0161ki"}]}},"_links":{"self":[{"href":"https:\/\/radioljubuski.ba\/index.php\/wp-json\/wp\/v2\/posts\/143871","targetHints":{"allow":["GET"]}}],"collection":[{"href":"https:\/\/radioljubuski.ba\/index.php\/wp-json\/wp\/v2\/posts"}],"about":[{"href":"https:\/\/radioljubuski.ba\/index.php\/wp-json\/wp\/v2\/types\/post"}],"author":[{"embeddable":true,"href":"https:\/\/radioljubuski.ba\/index.php\/wp-json\/wp\/v2\/users\/2"}],"replies":[{"embeddable":true,"href":"https:\/\/radioljubuski.ba\/index.php\/wp-json\/wp\/v2\/comments?post=143871"}],"version-history":[{"count":1,"href":"https:\/\/radioljubuski.ba\/index.php\/wp-json\/wp\/v2\/posts\/143871\/revisions"}],"predecessor-version":[{"id":143873,"href":"https:\/\/radioljubuski.ba\/index.php\/wp-json\/wp\/v2\/posts\/143871\/revisions\/143873"}],"wp:featuredmedia":[{"embeddable":true,"href":"https:\/\/radioljubuski.ba\/index.php\/wp-json\/wp\/v2\/media\/143872"}],"wp:attachment":[{"href":"https:\/\/radioljubuski.ba\/index.php\/wp-json\/wp\/v2\/media?parent=143871"}],"wp:term":[{"taxonomy":"category","embeddable":true,"href":"https:\/\/radioljubuski.ba\/index.php\/wp-json\/wp\/v2\/categories?post=143871"},{"taxonomy":"post_tag","embeddable":true,"href":"https:\/\/radioljubuski.ba\/index.php\/wp-json\/wp\/v2\/tags?post=143871"}],"curies":[{"name":"wp","href":"https:\/\/api.w.org\/{rel}","templated":true}]}}