{"id":143874,"date":"2022-05-25T14:16:12","date_gmt":"2022-05-25T13:16:12","guid":{"rendered":"https:\/\/radioljubuski.ba\/?p=143874"},"modified":"2022-05-25T14:16:13","modified_gmt":"2022-05-25T13:16:13","slug":"jezivi-mail-stigao-na-adrese-sarajevskih-skola-cujem-glasove-ubit-cu-djecu","status":"publish","type":"post","link":"https:\/\/radioljubuski.ba\/index.php\/2022\/05\/25\/jezivi-mail-stigao-na-adrese-sarajevskih-skola-cujem-glasove-ubit-cu-djecu\/","title":{"rendered":"Jezivi mail stigao na adrese sarajevskih \u0161kola: \u010cujem glasove, ubit \u0107u djecu"},"content":{"rendered":"\n<p><strong>Dojave bombi u sarajevskim \u0161kolama jutros su primorali u\u010denike da napuste \u0161kolske klupe.<\/strong><\/p>\n\n\n\n<p>Glasnogovornik MUP-a Sarajevske \u017eupanije Mirza Had\u017eiabdi\u0107 za N1 je kazao da nema razloga za paniku i da su sve istra\u017ene radnje u tijeku.<\/p>\n\n\n\n<p>Na dru\u0161tvenim mre\u017eama pojavio se i sadr\u017eaj maila za koji se tvrdi da je jutros dostavljen na adrese sarajevskih \u0161kola:<br>U \u0161koli je bomba<br>\u010cujem glasove<br>Glasovi u mojoj glavi<br>Lud sam<br>Ja sam nakaza<br>Ubit \u0107u djecu<br>Oprostite mi ljudi<br>U ime svjetla budu\u0107nosti<br>Amen<\/p>\n\n\n\n<p>Ono \u0161to je vrlo lako primjetiti da je email najvjerovatnjije prilago\u0111en na\u0161em jeziku pomo\u0107u Google translate-a, servisa za prevo\u0111enje.<\/p>\n\n\n\n<p>Iz MUP-a S\u017d ranije su pozvali roditelje da ne \u0161ire paniku.<\/p>\n\n\n\n<p>Podsjetimo, sli\u010dne dojave doga\u0111ale su se proteklih dana u Srbiji gdje su gra\u0111ani imali velikih problema zbog la\u017enih dojava. Dojave su stizale iz razli\u010ditih europskih i afri\u010dkih zemalja.<\/p>\n\n\n\n<figure class=\"wp-block-embed is-type-wp-embed is-provider-radio-ljubuski wp-block-embed-radio-ljubuski\"><div class=\"wp-block-embed__wrapper\">\n<blockquote class=\"wp-embedded-content\" data-secret=\"Xe2dnjbuFN\"><a href=\"https:\/\/radioljubuski.ba\/index.php\/2022\/05\/25\/dojave-o-bombama-u-110-sarajevskih-skola-18-000-ucenika-bilo-izlozeno-prijetnji\/\">Dojave o bombama u 110 sarajevskih \u0161kola, 18.000 u\u010denika bilo izlo\u017eeno prijetnji<\/a><\/blockquote><iframe loading=\"lazy\" class=\"wp-embedded-content\" sandbox=\"allow-scripts\" security=\"restricted\" style=\"position: absolute; clip: rect(1px, 1px, 1px, 1px);\" title=\"&#8220;Dojave o bombama u 110 sarajevskih \u0161kola, 18.000 u\u010denika bilo izlo\u017eeno prijetnji&#8221; &#8212;   RADIO LJUBU\u0160KI\" src=\"https:\/\/radioljubuski.ba\/index.php\/2022\/05\/25\/dojave-o-bombama-u-110-sarajevskih-skola-18-000-ucenika-bilo-izlozeno-prijetnji\/embed\/#?secret=m6Gkk1IpFM#?secret=Xe2dnjbuFN\" data-secret=\"Xe2dnjbuFN\" width=\"600\" height=\"338\" frameborder=\"0\" marginwidth=\"0\" marginheight=\"0\" scrolling=\"no\"><\/iframe>\n<\/div><\/figure>\n\n\n\n<p>\/HMS\/<\/p>\n","protected":false},"excerpt":{"rendered":"<p>Dojave bombi u sarajevskim \u0161kolama jutros su primorali u\u010denike da napuste \u0161kolske klupe. Glasnogovornik MUP-a Sarajevske \u017eupanije Mirza Had\u017eiabdi\u0107 za N1 je kazao da nema razloga za paniku i da su sve istra\u017ene radnje u tijeku. Na dru\u0161tvenim mre\u017eama pojavio se i sadr\u017eaj maila za koji se tvrdi da je jutros dostavljen na adrese sarajevskih [&hellip;]<\/p>\n","protected":false},"author":2,"featured_media":143875,"comment_status":"closed","ping_status":"closed","sticky":false,"template":"","format":"standard","meta":{"h5ap_radio_sources":[],"footnotes":""},"categories":[1],"tags":[],"class_list":["post-143874","post","type-post","status-publish","format-standard","has-post-thumbnail","hentry","category-bihiregija"],"yoast_head":"<!-- This site is optimized with the Yoast SEO plugin v27.5 - https:\/\/yoast.com\/product\/yoast-seo-wordpress\/ -->\n<title>Jezivi mail stigao na adrese sarajevskih \u0161kola: \u010cujem glasove, ubit \u0107u djecu - RADIO LJUBU\u0160KI<\/title>\n<meta name=\"robots\" content=\"index, follow, max-snippet:-1, max-image-preview:large, max-video-preview:-1\" \/>\n<link rel=\"canonical\" href=\"https:\/\/radioljubuski.ba\/index.php\/2022\/05\/25\/jezivi-mail-stigao-na-adrese-sarajevskih-skola-cujem-glasove-ubit-cu-djecu\/\" \/>\n<meta property=\"og:locale\" content=\"hr_HR\" \/>\n<meta property=\"og:type\" content=\"article\" \/>\n<meta property=\"og:title\" content=\"Jezivi mail stigao na adrese sarajevskih \u0161kola: \u010cujem glasove, ubit \u0107u djecu - RADIO LJUBU\u0160KI\" \/>\n<meta property=\"og:description\" content=\"Dojave bombi u sarajevskim \u0161kolama jutros su primorali u\u010denike da napuste \u0161kolske klupe. Glasnogovornik MUP-a Sarajevske \u017eupanije Mirza Had\u017eiabdi\u0107 za N1 je kazao da nema razloga za paniku i da su sve istra\u017ene radnje u tijeku. Na dru\u0161tvenim mre\u017eama pojavio se i sadr\u017eaj maila za koji se tvrdi da je jutros dostavljen na adrese sarajevskih [&hellip;]\" \/>\n<meta property=\"og:url\" content=\"https:\/\/radioljubuski.ba\/index.php\/2022\/05\/25\/jezivi-mail-stigao-na-adrese-sarajevskih-skola-cujem-glasove-ubit-cu-djecu\/\" \/>\n<meta property=\"og:site_name\" content=\"RADIO LJUBU\u0160KI\" \/>\n<meta property=\"article:publisher\" content=\"https:\/\/www.facebook.com\/Radiio-Ljubuski-1490835324566332\" \/>\n<meta property=\"article:published_time\" content=\"2022-05-25T13:16:12+00:00\" \/>\n<meta property=\"article:modified_time\" content=\"2022-05-25T13:16:13+00:00\" \/>\n<meta property=\"og:image\" content=\"https:\/\/radioljubuski.ba\/wp-content\/uploads\/2022\/05\/jeziv-mail-1068x757-1.png\" \/>\n\t<meta property=\"og:image:width\" content=\"1068\" \/>\n\t<meta property=\"og:image:height\" content=\"757\" \/>\n\t<meta property=\"og:image:type\" content=\"image\/png\" \/>\n<meta name=\"author\" content=\"Radio Ljubu\u0161ki\" \/>\n<meta name=\"twitter:card\" content=\"summary_large_image\" \/>\n<meta name=\"twitter:creator\" content=\"@radioljubuski\" \/>\n<meta name=\"twitter:site\" content=\"@radioljubuski\" \/>\n<meta name=\"twitter:label1\" content=\"Napisao\/la\" \/>\n\t<meta name=\"twitter:data1\" content=\"Radio Ljubu\u0161ki\" \/>\n\t<meta name=\"twitter:label2\" content=\"Procijenjeno vrijeme \u010ditanja\" \/>\n\t<meta name=\"twitter:data2\" content=\"1 minuta\" \/>\n<script type=\"application\/ld+json\" class=\"yoast-schema-graph\">{\"@context\":\"https:\\\/\\\/schema.org\",\"@graph\":[{\"@type\":\"Article\",\"@id\":\"https:\\\/\\\/radioljubuski.ba\\\/index.php\\\/2022\\\/05\\\/25\\\/jezivi-mail-stigao-na-adrese-sarajevskih-skola-cujem-glasove-ubit-cu-djecu\\\/#article\",\"isPartOf\":{\"@id\":\"https:\\\/\\\/radioljubuski.ba\\\/index.php\\\/2022\\\/05\\\/25\\\/jezivi-mail-stigao-na-adrese-sarajevskih-skola-cujem-glasove-ubit-cu-djecu\\\/\"},\"author\":{\"name\":\"Radio Ljubu\u0161ki\",\"@id\":\"https:\\\/\\\/radioljubuski.ba\\\/#\\\/schema\\\/person\\\/19fc700381a780f69665d7956c469e3b\"},\"headline\":\"Jezivi mail stigao na adrese sarajevskih \u0161kola: \u010cujem glasove, ubit \u0107u djecu\",\"datePublished\":\"2022-05-25T13:16:12+00:00\",\"dateModified\":\"2022-05-25T13:16:13+00:00\",\"mainEntityOfPage\":{\"@id\":\"https:\\\/\\\/radioljubuski.ba\\\/index.php\\\/2022\\\/05\\\/25\\\/jezivi-mail-stigao-na-adrese-sarajevskih-skola-cujem-glasove-ubit-cu-djecu\\\/\"},\"wordCount\":172,\"publisher\":{\"@id\":\"https:\\\/\\\/radioljubuski.ba\\\/#organization\"},\"image\":{\"@id\":\"https:\\\/\\\/radioljubuski.ba\\\/index.php\\\/2022\\\/05\\\/25\\\/jezivi-mail-stigao-na-adrese-sarajevskih-skola-cujem-glasove-ubit-cu-djecu\\\/#primaryimage\"},\"thumbnailUrl\":\"https:\\\/\\\/radioljubuski.ba\\\/wp-content\\\/uploads\\\/2022\\\/05\\\/jeziv-mail-1068x757-1.png\",\"articleSection\":[\"BIH i regija\"],\"inLanguage\":\"hr\"},{\"@type\":\"WebPage\",\"@id\":\"https:\\\/\\\/radioljubuski.ba\\\/index.php\\\/2022\\\/05\\\/25\\\/jezivi-mail-stigao-na-adrese-sarajevskih-skola-cujem-glasove-ubit-cu-djecu\\\/\",\"url\":\"https:\\\/\\\/radioljubuski.ba\\\/index.php\\\/2022\\\/05\\\/25\\\/jezivi-mail-stigao-na-adrese-sarajevskih-skola-cujem-glasove-ubit-cu-djecu\\\/\",\"name\":\"Jezivi mail stigao na adrese sarajevskih \u0161kola: \u010cujem glasove, ubit \u0107u djecu - RADIO LJUBU\u0160KI\",\"isPartOf\":{\"@id\":\"https:\\\/\\\/radioljubuski.ba\\\/#website\"},\"primaryImageOfPage\":{\"@id\":\"https:\\\/\\\/radioljubuski.ba\\\/index.php\\\/2022\\\/05\\\/25\\\/jezivi-mail-stigao-na-adrese-sarajevskih-skola-cujem-glasove-ubit-cu-djecu\\\/#primaryimage\"},\"image\":{\"@id\":\"https:\\\/\\\/radioljubuski.ba\\\/index.php\\\/2022\\\/05\\\/25\\\/jezivi-mail-stigao-na-adrese-sarajevskih-skola-cujem-glasove-ubit-cu-djecu\\\/#primaryimage\"},\"thumbnailUrl\":\"https:\\\/\\\/radioljubuski.ba\\\/wp-content\\\/uploads\\\/2022\\\/05\\\/jeziv-mail-1068x757-1.png\",\"datePublished\":\"2022-05-25T13:16:12+00:00\",\"dateModified\":\"2022-05-25T13:16:13+00:00\",\"breadcrumb\":{\"@id\":\"https:\\\/\\\/radioljubuski.ba\\\/index.php\\\/2022\\\/05\\\/25\\\/jezivi-mail-stigao-na-adrese-sarajevskih-skola-cujem-glasove-ubit-cu-djecu\\\/#breadcrumb\"},\"inLanguage\":\"hr\",\"potentialAction\":[{\"@type\":\"ReadAction\",\"target\":[\"https:\\\/\\\/radioljubuski.ba\\\/index.php\\\/2022\\\/05\\\/25\\\/jezivi-mail-stigao-na-adrese-sarajevskih-skola-cujem-glasove-ubit-cu-djecu\\\/\"]}]},{\"@type\":\"ImageObject\",\"inLanguage\":\"hr\",\"@id\":\"https:\\\/\\\/radioljubuski.ba\\\/index.php\\\/2022\\\/05\\\/25\\\/jezivi-mail-stigao-na-adrese-sarajevskih-skola-cujem-glasove-ubit-cu-djecu\\\/#primaryimage\",\"url\":\"https:\\\/\\\/radioljubuski.ba\\\/wp-content\\\/uploads\\\/2022\\\/05\\\/jeziv-mail-1068x757-1.png\",\"contentUrl\":\"https:\\\/\\\/radioljubuski.ba\\\/wp-content\\\/uploads\\\/2022\\\/05\\\/jeziv-mail-1068x757-1.png\",\"width\":1068,\"height\":757},{\"@type\":\"BreadcrumbList\",\"@id\":\"https:\\\/\\\/radioljubuski.ba\\\/index.php\\\/2022\\\/05\\\/25\\\/jezivi-mail-stigao-na-adrese-sarajevskih-skola-cujem-glasove-ubit-cu-djecu\\\/#breadcrumb\",\"itemListElement\":[{\"@type\":\"ListItem\",\"position\":1,\"name\":\"Po\u010detna stranica\",\"item\":\"https:\\\/\\\/radioljubuski.ba\\\/\"},{\"@type\":\"ListItem\",\"position\":2,\"name\":\"Jezivi mail stigao na adrese sarajevskih \u0161kola: \u010cujem glasove, ubit \u0107u djecu\"}]},{\"@type\":\"WebSite\",\"@id\":\"https:\\\/\\\/radioljubuski.ba\\\/#website\",\"url\":\"https:\\\/\\\/radioljubuski.ba\\\/\",\"name\":\"Radio Ljubu\u0161ki\",\"description\":\"Sun\u010dana frekvencija Hercegovine\",\"publisher\":{\"@id\":\"https:\\\/\\\/radioljubuski.ba\\\/#organization\"},\"potentialAction\":[{\"@type\":\"SearchAction\",\"target\":{\"@type\":\"EntryPoint\",\"urlTemplate\":\"https:\\\/\\\/radioljubuski.ba\\\/?s={search_term_string}\"},\"query-input\":{\"@type\":\"PropertyValueSpecification\",\"valueRequired\":true,\"valueName\":\"search_term_string\"}}],\"inLanguage\":\"hr\"},{\"@type\":\"Organization\",\"@id\":\"https:\\\/\\\/radioljubuski.ba\\\/#organization\",\"name\":\"Radio Ljubu\u0161ki\",\"url\":\"https:\\\/\\\/radioljubuski.ba\\\/\",\"logo\":{\"@type\":\"ImageObject\",\"inLanguage\":\"hr\",\"@id\":\"https:\\\/\\\/radioljubuski.ba\\\/#\\\/schema\\\/logo\\\/image\\\/\",\"url\":\"https:\\\/\\\/radioljubuski.ba\\\/wp-content\\\/uploads\\\/2021\\\/02\\\/cropped-Radio_Ljubuski_logo1.jpg\",\"contentUrl\":\"https:\\\/\\\/radioljubuski.ba\\\/wp-content\\\/uploads\\\/2021\\\/02\\\/cropped-Radio_Ljubuski_logo1.jpg\",\"width\":512,\"height\":512,\"caption\":\"Radio Ljubu\u0161ki\"},\"image\":{\"@id\":\"https:\\\/\\\/radioljubuski.ba\\\/#\\\/schema\\\/logo\\\/image\\\/\"},\"sameAs\":[\"https:\\\/\\\/www.facebook.com\\\/Radiio-Ljubuski-1490835324566332\",\"https:\\\/\\\/x.com\\\/radioljubuski\",\"https:\\\/\\\/hr.linkedin.com\\\/company\\\/radio-ljubuski\",\"https:\\\/\\\/www.youtube.com\\\/channel\\\/UCHYaeO_n0Db3tjNGudGpXyw\"]},{\"@type\":\"Person\",\"@id\":\"https:\\\/\\\/radioljubuski.ba\\\/#\\\/schema\\\/person\\\/19fc700381a780f69665d7956c469e3b\",\"name\":\"Radio Ljubu\u0161ki\"}]}<\/script>\n<!-- \/ Yoast SEO plugin. -->","yoast_head_json":{"title":"Jezivi mail stigao na adrese sarajevskih \u0161kola: \u010cujem glasove, ubit \u0107u djecu - RADIO LJUBU\u0160KI","robots":{"index":"index","follow":"follow","max-snippet":"max-snippet:-1","max-image-preview":"max-image-preview:large","max-video-preview":"max-video-preview:-1"},"canonical":"https:\/\/radioljubuski.ba\/index.php\/2022\/05\/25\/jezivi-mail-stigao-na-adrese-sarajevskih-skola-cujem-glasove-ubit-cu-djecu\/","og_locale":"hr_HR","og_type":"article","og_title":"Jezivi mail stigao na adrese sarajevskih \u0161kola: \u010cujem glasove, ubit \u0107u djecu - RADIO LJUBU\u0160KI","og_description":"Dojave bombi u sarajevskim \u0161kolama jutros su primorali u\u010denike da napuste \u0161kolske klupe. Glasnogovornik MUP-a Sarajevske \u017eupanije Mirza Had\u017eiabdi\u0107 za N1 je kazao da nema razloga za paniku i da su sve istra\u017ene radnje u tijeku. Na dru\u0161tvenim mre\u017eama pojavio se i sadr\u017eaj maila za koji se tvrdi da je jutros dostavljen na adrese sarajevskih [&hellip;]","og_url":"https:\/\/radioljubuski.ba\/index.php\/2022\/05\/25\/jezivi-mail-stigao-na-adrese-sarajevskih-skola-cujem-glasove-ubit-cu-djecu\/","og_site_name":"RADIO LJUBU\u0160KI","article_publisher":"https:\/\/www.facebook.com\/Radiio-Ljubuski-1490835324566332","article_published_time":"2022-05-25T13:16:12+00:00","article_modified_time":"2022-05-25T13:16:13+00:00","og_image":[{"width":1068,"height":757,"url":"https:\/\/radioljubuski.ba\/wp-content\/uploads\/2022\/05\/jeziv-mail-1068x757-1.png","type":"image\/png"}],"author":"Radio Ljubu\u0161ki","twitter_card":"summary_large_image","twitter_creator":"@radioljubuski","twitter_site":"@radioljubuski","twitter_misc":{"Napisao\/la":"Radio Ljubu\u0161ki","Procijenjeno vrijeme \u010ditanja":"1 minuta"},"schema":{"@context":"https:\/\/schema.org","@graph":[{"@type":"Article","@id":"https:\/\/radioljubuski.ba\/index.php\/2022\/05\/25\/jezivi-mail-stigao-na-adrese-sarajevskih-skola-cujem-glasove-ubit-cu-djecu\/#article","isPartOf":{"@id":"https:\/\/radioljubuski.ba\/index.php\/2022\/05\/25\/jezivi-mail-stigao-na-adrese-sarajevskih-skola-cujem-glasove-ubit-cu-djecu\/"},"author":{"name":"Radio Ljubu\u0161ki","@id":"https:\/\/radioljubuski.ba\/#\/schema\/person\/19fc700381a780f69665d7956c469e3b"},"headline":"Jezivi mail stigao na adrese sarajevskih \u0161kola: \u010cujem glasove, ubit \u0107u djecu","datePublished":"2022-05-25T13:16:12+00:00","dateModified":"2022-05-25T13:16:13+00:00","mainEntityOfPage":{"@id":"https:\/\/radioljubuski.ba\/index.php\/2022\/05\/25\/jezivi-mail-stigao-na-adrese-sarajevskih-skola-cujem-glasove-ubit-cu-djecu\/"},"wordCount":172,"publisher":{"@id":"https:\/\/radioljubuski.ba\/#organization"},"image":{"@id":"https:\/\/radioljubuski.ba\/index.php\/2022\/05\/25\/jezivi-mail-stigao-na-adrese-sarajevskih-skola-cujem-glasove-ubit-cu-djecu\/#primaryimage"},"thumbnailUrl":"https:\/\/radioljubuski.ba\/wp-content\/uploads\/2022\/05\/jeziv-mail-1068x757-1.png","articleSection":["BIH i regija"],"inLanguage":"hr"},{"@type":"WebPage","@id":"https:\/\/radioljubuski.ba\/index.php\/2022\/05\/25\/jezivi-mail-stigao-na-adrese-sarajevskih-skola-cujem-glasove-ubit-cu-djecu\/","url":"https:\/\/radioljubuski.ba\/index.php\/2022\/05\/25\/jezivi-mail-stigao-na-adrese-sarajevskih-skola-cujem-glasove-ubit-cu-djecu\/","name":"Jezivi mail stigao na adrese sarajevskih \u0161kola: \u010cujem glasove, ubit \u0107u djecu - RADIO LJUBU\u0160KI","isPartOf":{"@id":"https:\/\/radioljubuski.ba\/#website"},"primaryImageOfPage":{"@id":"https:\/\/radioljubuski.ba\/index.php\/2022\/05\/25\/jezivi-mail-stigao-na-adrese-sarajevskih-skola-cujem-glasove-ubit-cu-djecu\/#primaryimage"},"image":{"@id":"https:\/\/radioljubuski.ba\/index.php\/2022\/05\/25\/jezivi-mail-stigao-na-adrese-sarajevskih-skola-cujem-glasove-ubit-cu-djecu\/#primaryimage"},"thumbnailUrl":"https:\/\/radioljubuski.ba\/wp-content\/uploads\/2022\/05\/jeziv-mail-1068x757-1.png","datePublished":"2022-05-25T13:16:12+00:00","dateModified":"2022-05-25T13:16:13+00:00","breadcrumb":{"@id":"https:\/\/radioljubuski.ba\/index.php\/2022\/05\/25\/jezivi-mail-stigao-na-adrese-sarajevskih-skola-cujem-glasove-ubit-cu-djecu\/#breadcrumb"},"inLanguage":"hr","potentialAction":[{"@type":"ReadAction","target":["https:\/\/radioljubuski.ba\/index.php\/2022\/05\/25\/jezivi-mail-stigao-na-adrese-sarajevskih-skola-cujem-glasove-ubit-cu-djecu\/"]}]},{"@type":"ImageObject","inLanguage":"hr","@id":"https:\/\/radioljubuski.ba\/index.php\/2022\/05\/25\/jezivi-mail-stigao-na-adrese-sarajevskih-skola-cujem-glasove-ubit-cu-djecu\/#primaryimage","url":"https:\/\/radioljubuski.ba\/wp-content\/uploads\/2022\/05\/jeziv-mail-1068x757-1.png","contentUrl":"https:\/\/radioljubuski.ba\/wp-content\/uploads\/2022\/05\/jeziv-mail-1068x757-1.png","width":1068,"height":757},{"@type":"BreadcrumbList","@id":"https:\/\/radioljubuski.ba\/index.php\/2022\/05\/25\/jezivi-mail-stigao-na-adrese-sarajevskih-skola-cujem-glasove-ubit-cu-djecu\/#breadcrumb","itemListElement":[{"@type":"ListItem","position":1,"name":"Po\u010detna stranica","item":"https:\/\/radioljubuski.ba\/"},{"@type":"ListItem","position":2,"name":"Jezivi mail stigao na adrese sarajevskih \u0161kola: \u010cujem glasove, ubit \u0107u djecu"}]},{"@type":"WebSite","@id":"https:\/\/radioljubuski.ba\/#website","url":"https:\/\/radioljubuski.ba\/","name":"Radio Ljubu\u0161ki","description":"Sun\u010dana frekvencija Hercegovine","publisher":{"@id":"https:\/\/radioljubuski.ba\/#organization"},"potentialAction":[{"@type":"SearchAction","target":{"@type":"EntryPoint","urlTemplate":"https:\/\/radioljubuski.ba\/?s={search_term_string}"},"query-input":{"@type":"PropertyValueSpecification","valueRequired":true,"valueName":"search_term_string"}}],"inLanguage":"hr"},{"@type":"Organization","@id":"https:\/\/radioljubuski.ba\/#organization","name":"Radio Ljubu\u0161ki","url":"https:\/\/radioljubuski.ba\/","logo":{"@type":"ImageObject","inLanguage":"hr","@id":"https:\/\/radioljubuski.ba\/#\/schema\/logo\/image\/","url":"https:\/\/radioljubuski.ba\/wp-content\/uploads\/2021\/02\/cropped-Radio_Ljubuski_logo1.jpg","contentUrl":"https:\/\/radioljubuski.ba\/wp-content\/uploads\/2021\/02\/cropped-Radio_Ljubuski_logo1.jpg","width":512,"height":512,"caption":"Radio Ljubu\u0161ki"},"image":{"@id":"https:\/\/radioljubuski.ba\/#\/schema\/logo\/image\/"},"sameAs":["https:\/\/www.facebook.com\/Radiio-Ljubuski-1490835324566332","https:\/\/x.com\/radioljubuski","https:\/\/hr.linkedin.com\/company\/radio-ljubuski","https:\/\/www.youtube.com\/channel\/UCHYaeO_n0Db3tjNGudGpXyw"]},{"@type":"Person","@id":"https:\/\/radioljubuski.ba\/#\/schema\/person\/19fc700381a780f69665d7956c469e3b","name":"Radio Ljubu\u0161ki"}]}},"_links":{"self":[{"href":"https:\/\/radioljubuski.ba\/index.php\/wp-json\/wp\/v2\/posts\/143874","targetHints":{"allow":["GET"]}}],"collection":[{"href":"https:\/\/radioljubuski.ba\/index.php\/wp-json\/wp\/v2\/posts"}],"about":[{"href":"https:\/\/radioljubuski.ba\/index.php\/wp-json\/wp\/v2\/types\/post"}],"author":[{"embeddable":true,"href":"https:\/\/radioljubuski.ba\/index.php\/wp-json\/wp\/v2\/users\/2"}],"replies":[{"embeddable":true,"href":"https:\/\/radioljubuski.ba\/index.php\/wp-json\/wp\/v2\/comments?post=143874"}],"version-history":[{"count":1,"href":"https:\/\/radioljubuski.ba\/index.php\/wp-json\/wp\/v2\/posts\/143874\/revisions"}],"predecessor-version":[{"id":143876,"href":"https:\/\/radioljubuski.ba\/index.php\/wp-json\/wp\/v2\/posts\/143874\/revisions\/143876"}],"wp:featuredmedia":[{"embeddable":true,"href":"https:\/\/radioljubuski.ba\/index.php\/wp-json\/wp\/v2\/media\/143875"}],"wp:attachment":[{"href":"https:\/\/radioljubuski.ba\/index.php\/wp-json\/wp\/v2\/media?parent=143874"}],"wp:term":[{"taxonomy":"category","embeddable":true,"href":"https:\/\/radioljubuski.ba\/index.php\/wp-json\/wp\/v2\/categories?post=143874"},{"taxonomy":"post_tag","embeddable":true,"href":"https:\/\/radioljubuski.ba\/index.php\/wp-json\/wp\/v2\/tags?post=143874"}],"curies":[{"name":"wp","href":"https:\/\/api.w.org\/{rel}","templated":true}]}}