{"id":143880,"date":"2022-05-25T14:19:02","date_gmt":"2022-05-25T13:19:02","guid":{"rendered":"https:\/\/radioljubuski.ba\/?p=143880"},"modified":"2022-05-25T14:19:03","modified_gmt":"2022-05-25T13:19:03","slug":"herceg-i-martinovic-na-regionalnom-sajmu-dobrih-praksi-za-osobe-s-invaliditetom","status":"publish","type":"post","link":"https:\/\/radioljubuski.ba\/index.php\/2022\/05\/25\/herceg-i-martinovic-na-regionalnom-sajmu-dobrih-praksi-za-osobe-s-invaliditetom\/","title":{"rendered":"Herceg i Martinovi\u0107 na regionalnom sajmu dobrih praksi za osobe s invaliditetom"},"content":{"rendered":"\n<p><strong>U organizaciji Caritasa BiH, a u sklopu Projekta SOCIETIES 2, danas je u Me\u0111ugorju odr\u017ean Regionalni sajam dobrih praksi za osobe s invaliditetom koji je okupio vi\u0161e od 100 osoba iz pet zemalja, te predstavnike vladinih i nevladinih institucija koje rade s osobama s invaliditetom.<\/strong><\/p>\n\n\n\n<p>Dr. sc. Nevenko Herceg, predsjednik Vlade HN\u017d u pozdravnom govoru nazo\u010dnima zahvalio je \u010delnicima Caritasa i predstavnicima Europske unije u BiH koji provode niz aktivnosti kojima se podupire europski put na\u0161e zemlje.<\/p>\n\n\n\n<p>\u201eVlada HN\u017d-a u cijelosti i predano dijeli europske vrijednosti integriranja i \u010dvrsto je opredijeljena da se, kroz partnerstvo i suradnju, jo\u0161 sna\u017enije uklju\u010di u taj proces i tako doprinese nimalo laganom, ali \u2013 \u017eelimo vjerovati \u2013 ipak u kona\u010dnici izvjesnom prijemu BiH u obitelj Europske unije.<\/p>\n\n\n\n<figure class=\"wp-block-image\"><img decoding=\"async\" src=\"https:\/\/hms.ba\/wp-content\/uploads\/2022\/05\/medugorje_3-scaled.jpg\" alt=\"\" class=\"wp-image-460549\"\/><\/figure>\n\n\n\n<p>Naravno, uz projekte koje provode \u017eupanijska tijela, zadovoljstvo je svjedo\u010diti kako postoje i ovakvi projekti koji su plod konkretne suradnje vladinoga i nevladinog sektora.<\/p>\n\n\n\n<p>Ovaj je sajam posve\u0107en predstavljanju \u010dak 43 mala projekta SOCIETIES 2 koji \u0107e promovirati nove ideje. Tako\u0111er, Sajam je mjesto razmjene iskustava, dijaloga i znanja, a \u0161to je najbitnije \u2013 okuplja jednu od najranjivijih populacija u na\u0161emu dru\u0161tvu \u2013 osobe s invaliditetom, poma\u017eu\u0107i im u va\u017enom procesu integracije koji smo svi u obvezi prepoznati i sna\u017eno podr\u017eati.<\/p>\n\n\n\n<p>Ovim projektima i konkretnim aktivnostima koje \u0107e biti realizirane na terenu znatno \u0107e se oja\u010dati djelovanje lokalnih organizacija osoba s invaliditetom i osoba s pote\u0161ko\u0107ama mentalnoga zdravlja te poduprijeti proces socijalne uklju\u010denosti i razvoj socijalnih usluga za osobe s invaliditetom.<\/p>\n\n\n\n<p>Premda smo svjedoci kako se osobe s invaliditetom u svakodnevnom \u017eivotu susre\u0107u s raznoraznim neda\u0107ama i preprekama, od onih arhitektonskih preko informacijsko-komunikacijskih, obrazovnih, socijalno-ekonomskih i pote\u0161ko\u0107a u zapo\u0161ljavanju, brojni su primjeri koji pokazuju kako upornost i zalaganje mogu prevladati sve barijere.<\/p>\n\n\n\n<p>Osobno sam se uvjerio kako osobe s invaliditetom mogu i \u017eele raditi, kako su odgovorni i odani \u010dlanovi kolektiva, ali i kako svojom nazo\u010dno\u0161\u0107u, iskreno\u0161\u0107u i vedrinom \u010desto podi\u017eu radni moral u organizaciji, motiviraju\u0107i ostale uposlenike na sna\u017enije zalaganje i pokretanje inicijativa.<\/p>\n\n\n\n<p>Vlada, na \u010dijemu sam \u010delu, uvijek \u0107e biti partner i prijatelj u potpori na\u0161ih najranjivijih sugra\u0111ana i u\u010dinit \u0107e sve \u0161to je u njezinoj mo\u0107i kako bi unaprijedila i pobolj\u0161ala kvalitetu \u017eivota i radnoga anga\u017emana osoba s invaliditetom. Bitno je i danas, u ovoj prigodi i na ovomu skupu, ponovno poslati jasnu poruku!,\u201c zaklju\u010dio je Herceg, izraziv\u0161i nadu u to kako \u0107e ovaj sajam prerasti u tradiciju, dok je Me\u0111ugorje i njegova duhovnost idealno mjesto za njegov rast i razvitak.<\/p>\n\n\n\n<p>Ina\u010de, cilj Projekta SOCIETIES 2 je ja\u010danje sudjelovanja organizacija civilnog dru\u0161tva u javnom dijalogu i utjecaj na procese dono\u0161enja odluka pove\u0107anjem njihove stru\u010dnosti i kapaciteta u podru\u010dju socijalne uklju\u010denosti osoba s invaliditetom i politike deinstitucionalizacije.<\/p>\n\n\n\n<p>\/HMS\/<\/p>\n","protected":false},"excerpt":{"rendered":"<p>U organizaciji Caritasa BiH, a u sklopu Projekta SOCIETIES 2, danas je u Me\u0111ugorju odr\u017ean Regionalni sajam dobrih praksi za osobe s invaliditetom koji je okupio vi\u0161e od 100 osoba iz pet zemalja, te predstavnike vladinih i nevladinih institucija koje rade s osobama s invaliditetom. Dr. sc. Nevenko Herceg, predsjednik Vlade HN\u017d u pozdravnom govoru [&hellip;]<\/p>\n","protected":false},"author":2,"featured_media":143881,"comment_status":"closed","ping_status":"closed","sticky":false,"template":"","format":"standard","meta":{"h5ap_radio_sources":[],"footnotes":""},"categories":[1],"tags":[],"class_list":["post-143880","post","type-post","status-publish","format-standard","has-post-thumbnail","hentry","category-bihiregija"],"yoast_head":"<!-- This site is optimized with the Yoast SEO plugin v27.5 - https:\/\/yoast.com\/product\/yoast-seo-wordpress\/ -->\n<title>Herceg i Martinovi\u0107 na regionalnom sajmu dobrih praksi za osobe s invaliditetom - RADIO LJUBU\u0160KI<\/title>\n<meta name=\"robots\" content=\"index, follow, max-snippet:-1, max-image-preview:large, max-video-preview:-1\" \/>\n<link rel=\"canonical\" href=\"https:\/\/radioljubuski.ba\/index.php\/2022\/05\/25\/herceg-i-martinovic-na-regionalnom-sajmu-dobrih-praksi-za-osobe-s-invaliditetom\/\" \/>\n<meta property=\"og:locale\" content=\"hr_HR\" \/>\n<meta property=\"og:type\" content=\"article\" \/>\n<meta property=\"og:title\" content=\"Herceg i Martinovi\u0107 na regionalnom sajmu dobrih praksi za osobe s invaliditetom - RADIO LJUBU\u0160KI\" \/>\n<meta property=\"og:description\" content=\"U organizaciji Caritasa BiH, a u sklopu Projekta SOCIETIES 2, danas je u Me\u0111ugorju odr\u017ean Regionalni sajam dobrih praksi za osobe s invaliditetom koji je okupio vi\u0161e od 100 osoba iz pet zemalja, te predstavnike vladinih i nevladinih institucija koje rade s osobama s invaliditetom. Dr. sc. Nevenko Herceg, predsjednik Vlade HN\u017d u pozdravnom govoru [&hellip;]\" \/>\n<meta property=\"og:url\" content=\"https:\/\/radioljubuski.ba\/index.php\/2022\/05\/25\/herceg-i-martinovic-na-regionalnom-sajmu-dobrih-praksi-za-osobe-s-invaliditetom\/\" \/>\n<meta property=\"og:site_name\" content=\"RADIO LJUBU\u0160KI\" \/>\n<meta property=\"article:publisher\" content=\"https:\/\/www.facebook.com\/Radiio-Ljubuski-1490835324566332\" \/>\n<meta property=\"article:published_time\" content=\"2022-05-25T13:19:02+00:00\" \/>\n<meta property=\"article:modified_time\" content=\"2022-05-25T13:19:03+00:00\" \/>\n<meta property=\"og:image\" content=\"https:\/\/radioljubuski.ba\/wp-content\/uploads\/2022\/05\/medugorje_1-1068x712-1.jpg\" \/>\n\t<meta property=\"og:image:width\" content=\"1068\" \/>\n\t<meta property=\"og:image:height\" content=\"712\" \/>\n\t<meta property=\"og:image:type\" content=\"image\/jpeg\" \/>\n<meta name=\"author\" content=\"Radio Ljubu\u0161ki\" \/>\n<meta name=\"twitter:card\" content=\"summary_large_image\" \/>\n<meta name=\"twitter:creator\" content=\"@radioljubuski\" \/>\n<meta name=\"twitter:site\" content=\"@radioljubuski\" \/>\n<meta name=\"twitter:label1\" content=\"Napisao\/la\" \/>\n\t<meta name=\"twitter:data1\" content=\"Radio Ljubu\u0161ki\" \/>\n\t<meta name=\"twitter:label2\" content=\"Procijenjeno vrijeme \u010ditanja\" \/>\n\t<meta name=\"twitter:data2\" content=\"3 minute\" \/>\n<script type=\"application\/ld+json\" class=\"yoast-schema-graph\">{\"@context\":\"https:\\\/\\\/schema.org\",\"@graph\":[{\"@type\":\"Article\",\"@id\":\"https:\\\/\\\/radioljubuski.ba\\\/index.php\\\/2022\\\/05\\\/25\\\/herceg-i-martinovic-na-regionalnom-sajmu-dobrih-praksi-za-osobe-s-invaliditetom\\\/#article\",\"isPartOf\":{\"@id\":\"https:\\\/\\\/radioljubuski.ba\\\/index.php\\\/2022\\\/05\\\/25\\\/herceg-i-martinovic-na-regionalnom-sajmu-dobrih-praksi-za-osobe-s-invaliditetom\\\/\"},\"author\":{\"name\":\"Radio Ljubu\u0161ki\",\"@id\":\"https:\\\/\\\/radioljubuski.ba\\\/#\\\/schema\\\/person\\\/19fc700381a780f69665d7956c469e3b\"},\"headline\":\"Herceg i Martinovi\u0107 na regionalnom sajmu dobrih praksi za osobe s invaliditetom\",\"datePublished\":\"2022-05-25T13:19:02+00:00\",\"dateModified\":\"2022-05-25T13:19:03+00:00\",\"mainEntityOfPage\":{\"@id\":\"https:\\\/\\\/radioljubuski.ba\\\/index.php\\\/2022\\\/05\\\/25\\\/herceg-i-martinovic-na-regionalnom-sajmu-dobrih-praksi-za-osobe-s-invaliditetom\\\/\"},\"wordCount\":497,\"publisher\":{\"@id\":\"https:\\\/\\\/radioljubuski.ba\\\/#organization\"},\"image\":{\"@id\":\"https:\\\/\\\/radioljubuski.ba\\\/index.php\\\/2022\\\/05\\\/25\\\/herceg-i-martinovic-na-regionalnom-sajmu-dobrih-praksi-za-osobe-s-invaliditetom\\\/#primaryimage\"},\"thumbnailUrl\":\"https:\\\/\\\/radioljubuski.ba\\\/wp-content\\\/uploads\\\/2022\\\/05\\\/medugorje_1-1068x712-1.jpg\",\"articleSection\":[\"BIH i regija\"],\"inLanguage\":\"hr\"},{\"@type\":\"WebPage\",\"@id\":\"https:\\\/\\\/radioljubuski.ba\\\/index.php\\\/2022\\\/05\\\/25\\\/herceg-i-martinovic-na-regionalnom-sajmu-dobrih-praksi-za-osobe-s-invaliditetom\\\/\",\"url\":\"https:\\\/\\\/radioljubuski.ba\\\/index.php\\\/2022\\\/05\\\/25\\\/herceg-i-martinovic-na-regionalnom-sajmu-dobrih-praksi-za-osobe-s-invaliditetom\\\/\",\"name\":\"Herceg i Martinovi\u0107 na regionalnom sajmu dobrih praksi za osobe s invaliditetom - RADIO LJUBU\u0160KI\",\"isPartOf\":{\"@id\":\"https:\\\/\\\/radioljubuski.ba\\\/#website\"},\"primaryImageOfPage\":{\"@id\":\"https:\\\/\\\/radioljubuski.ba\\\/index.php\\\/2022\\\/05\\\/25\\\/herceg-i-martinovic-na-regionalnom-sajmu-dobrih-praksi-za-osobe-s-invaliditetom\\\/#primaryimage\"},\"image\":{\"@id\":\"https:\\\/\\\/radioljubuski.ba\\\/index.php\\\/2022\\\/05\\\/25\\\/herceg-i-martinovic-na-regionalnom-sajmu-dobrih-praksi-za-osobe-s-invaliditetom\\\/#primaryimage\"},\"thumbnailUrl\":\"https:\\\/\\\/radioljubuski.ba\\\/wp-content\\\/uploads\\\/2022\\\/05\\\/medugorje_1-1068x712-1.jpg\",\"datePublished\":\"2022-05-25T13:19:02+00:00\",\"dateModified\":\"2022-05-25T13:19:03+00:00\",\"breadcrumb\":{\"@id\":\"https:\\\/\\\/radioljubuski.ba\\\/index.php\\\/2022\\\/05\\\/25\\\/herceg-i-martinovic-na-regionalnom-sajmu-dobrih-praksi-za-osobe-s-invaliditetom\\\/#breadcrumb\"},\"inLanguage\":\"hr\",\"potentialAction\":[{\"@type\":\"ReadAction\",\"target\":[\"https:\\\/\\\/radioljubuski.ba\\\/index.php\\\/2022\\\/05\\\/25\\\/herceg-i-martinovic-na-regionalnom-sajmu-dobrih-praksi-za-osobe-s-invaliditetom\\\/\"]}]},{\"@type\":\"ImageObject\",\"inLanguage\":\"hr\",\"@id\":\"https:\\\/\\\/radioljubuski.ba\\\/index.php\\\/2022\\\/05\\\/25\\\/herceg-i-martinovic-na-regionalnom-sajmu-dobrih-praksi-za-osobe-s-invaliditetom\\\/#primaryimage\",\"url\":\"https:\\\/\\\/radioljubuski.ba\\\/wp-content\\\/uploads\\\/2022\\\/05\\\/medugorje_1-1068x712-1.jpg\",\"contentUrl\":\"https:\\\/\\\/radioljubuski.ba\\\/wp-content\\\/uploads\\\/2022\\\/05\\\/medugorje_1-1068x712-1.jpg\",\"width\":1068,\"height\":712},{\"@type\":\"BreadcrumbList\",\"@id\":\"https:\\\/\\\/radioljubuski.ba\\\/index.php\\\/2022\\\/05\\\/25\\\/herceg-i-martinovic-na-regionalnom-sajmu-dobrih-praksi-za-osobe-s-invaliditetom\\\/#breadcrumb\",\"itemListElement\":[{\"@type\":\"ListItem\",\"position\":1,\"name\":\"Po\u010detna stranica\",\"item\":\"https:\\\/\\\/radioljubuski.ba\\\/\"},{\"@type\":\"ListItem\",\"position\":2,\"name\":\"Herceg i Martinovi\u0107 na regionalnom sajmu dobrih praksi za osobe s invaliditetom\"}]},{\"@type\":\"WebSite\",\"@id\":\"https:\\\/\\\/radioljubuski.ba\\\/#website\",\"url\":\"https:\\\/\\\/radioljubuski.ba\\\/\",\"name\":\"Radio Ljubu\u0161ki\",\"description\":\"Sun\u010dana frekvencija Hercegovine\",\"publisher\":{\"@id\":\"https:\\\/\\\/radioljubuski.ba\\\/#organization\"},\"potentialAction\":[{\"@type\":\"SearchAction\",\"target\":{\"@type\":\"EntryPoint\",\"urlTemplate\":\"https:\\\/\\\/radioljubuski.ba\\\/?s={search_term_string}\"},\"query-input\":{\"@type\":\"PropertyValueSpecification\",\"valueRequired\":true,\"valueName\":\"search_term_string\"}}],\"inLanguage\":\"hr\"},{\"@type\":\"Organization\",\"@id\":\"https:\\\/\\\/radioljubuski.ba\\\/#organization\",\"name\":\"Radio Ljubu\u0161ki\",\"url\":\"https:\\\/\\\/radioljubuski.ba\\\/\",\"logo\":{\"@type\":\"ImageObject\",\"inLanguage\":\"hr\",\"@id\":\"https:\\\/\\\/radioljubuski.ba\\\/#\\\/schema\\\/logo\\\/image\\\/\",\"url\":\"https:\\\/\\\/radioljubuski.ba\\\/wp-content\\\/uploads\\\/2021\\\/02\\\/cropped-Radio_Ljubuski_logo1.jpg\",\"contentUrl\":\"https:\\\/\\\/radioljubuski.ba\\\/wp-content\\\/uploads\\\/2021\\\/02\\\/cropped-Radio_Ljubuski_logo1.jpg\",\"width\":512,\"height\":512,\"caption\":\"Radio Ljubu\u0161ki\"},\"image\":{\"@id\":\"https:\\\/\\\/radioljubuski.ba\\\/#\\\/schema\\\/logo\\\/image\\\/\"},\"sameAs\":[\"https:\\\/\\\/www.facebook.com\\\/Radiio-Ljubuski-1490835324566332\",\"https:\\\/\\\/x.com\\\/radioljubuski\",\"https:\\\/\\\/hr.linkedin.com\\\/company\\\/radio-ljubuski\",\"https:\\\/\\\/www.youtube.com\\\/channel\\\/UCHYaeO_n0Db3tjNGudGpXyw\"]},{\"@type\":\"Person\",\"@id\":\"https:\\\/\\\/radioljubuski.ba\\\/#\\\/schema\\\/person\\\/19fc700381a780f69665d7956c469e3b\",\"name\":\"Radio Ljubu\u0161ki\"}]}<\/script>\n<!-- \/ Yoast SEO plugin. -->","yoast_head_json":{"title":"Herceg i Martinovi\u0107 na regionalnom sajmu dobrih praksi za osobe s invaliditetom - RADIO LJUBU\u0160KI","robots":{"index":"index","follow":"follow","max-snippet":"max-snippet:-1","max-image-preview":"max-image-preview:large","max-video-preview":"max-video-preview:-1"},"canonical":"https:\/\/radioljubuski.ba\/index.php\/2022\/05\/25\/herceg-i-martinovic-na-regionalnom-sajmu-dobrih-praksi-za-osobe-s-invaliditetom\/","og_locale":"hr_HR","og_type":"article","og_title":"Herceg i Martinovi\u0107 na regionalnom sajmu dobrih praksi za osobe s invaliditetom - RADIO LJUBU\u0160KI","og_description":"U organizaciji Caritasa BiH, a u sklopu Projekta SOCIETIES 2, danas je u Me\u0111ugorju odr\u017ean Regionalni sajam dobrih praksi za osobe s invaliditetom koji je okupio vi\u0161e od 100 osoba iz pet zemalja, te predstavnike vladinih i nevladinih institucija koje rade s osobama s invaliditetom. Dr. sc. Nevenko Herceg, predsjednik Vlade HN\u017d u pozdravnom govoru [&hellip;]","og_url":"https:\/\/radioljubuski.ba\/index.php\/2022\/05\/25\/herceg-i-martinovic-na-regionalnom-sajmu-dobrih-praksi-za-osobe-s-invaliditetom\/","og_site_name":"RADIO LJUBU\u0160KI","article_publisher":"https:\/\/www.facebook.com\/Radiio-Ljubuski-1490835324566332","article_published_time":"2022-05-25T13:19:02+00:00","article_modified_time":"2022-05-25T13:19:03+00:00","og_image":[{"width":1068,"height":712,"url":"https:\/\/radioljubuski.ba\/wp-content\/uploads\/2022\/05\/medugorje_1-1068x712-1.jpg","type":"image\/jpeg"}],"author":"Radio Ljubu\u0161ki","twitter_card":"summary_large_image","twitter_creator":"@radioljubuski","twitter_site":"@radioljubuski","twitter_misc":{"Napisao\/la":"Radio Ljubu\u0161ki","Procijenjeno vrijeme \u010ditanja":"3 minute"},"schema":{"@context":"https:\/\/schema.org","@graph":[{"@type":"Article","@id":"https:\/\/radioljubuski.ba\/index.php\/2022\/05\/25\/herceg-i-martinovic-na-regionalnom-sajmu-dobrih-praksi-za-osobe-s-invaliditetom\/#article","isPartOf":{"@id":"https:\/\/radioljubuski.ba\/index.php\/2022\/05\/25\/herceg-i-martinovic-na-regionalnom-sajmu-dobrih-praksi-za-osobe-s-invaliditetom\/"},"author":{"name":"Radio Ljubu\u0161ki","@id":"https:\/\/radioljubuski.ba\/#\/schema\/person\/19fc700381a780f69665d7956c469e3b"},"headline":"Herceg i Martinovi\u0107 na regionalnom sajmu dobrih praksi za osobe s invaliditetom","datePublished":"2022-05-25T13:19:02+00:00","dateModified":"2022-05-25T13:19:03+00:00","mainEntityOfPage":{"@id":"https:\/\/radioljubuski.ba\/index.php\/2022\/05\/25\/herceg-i-martinovic-na-regionalnom-sajmu-dobrih-praksi-za-osobe-s-invaliditetom\/"},"wordCount":497,"publisher":{"@id":"https:\/\/radioljubuski.ba\/#organization"},"image":{"@id":"https:\/\/radioljubuski.ba\/index.php\/2022\/05\/25\/herceg-i-martinovic-na-regionalnom-sajmu-dobrih-praksi-za-osobe-s-invaliditetom\/#primaryimage"},"thumbnailUrl":"https:\/\/radioljubuski.ba\/wp-content\/uploads\/2022\/05\/medugorje_1-1068x712-1.jpg","articleSection":["BIH i regija"],"inLanguage":"hr"},{"@type":"WebPage","@id":"https:\/\/radioljubuski.ba\/index.php\/2022\/05\/25\/herceg-i-martinovic-na-regionalnom-sajmu-dobrih-praksi-za-osobe-s-invaliditetom\/","url":"https:\/\/radioljubuski.ba\/index.php\/2022\/05\/25\/herceg-i-martinovic-na-regionalnom-sajmu-dobrih-praksi-za-osobe-s-invaliditetom\/","name":"Herceg i Martinovi\u0107 na regionalnom sajmu dobrih praksi za osobe s invaliditetom - RADIO LJUBU\u0160KI","isPartOf":{"@id":"https:\/\/radioljubuski.ba\/#website"},"primaryImageOfPage":{"@id":"https:\/\/radioljubuski.ba\/index.php\/2022\/05\/25\/herceg-i-martinovic-na-regionalnom-sajmu-dobrih-praksi-za-osobe-s-invaliditetom\/#primaryimage"},"image":{"@id":"https:\/\/radioljubuski.ba\/index.php\/2022\/05\/25\/herceg-i-martinovic-na-regionalnom-sajmu-dobrih-praksi-za-osobe-s-invaliditetom\/#primaryimage"},"thumbnailUrl":"https:\/\/radioljubuski.ba\/wp-content\/uploads\/2022\/05\/medugorje_1-1068x712-1.jpg","datePublished":"2022-05-25T13:19:02+00:00","dateModified":"2022-05-25T13:19:03+00:00","breadcrumb":{"@id":"https:\/\/radioljubuski.ba\/index.php\/2022\/05\/25\/herceg-i-martinovic-na-regionalnom-sajmu-dobrih-praksi-za-osobe-s-invaliditetom\/#breadcrumb"},"inLanguage":"hr","potentialAction":[{"@type":"ReadAction","target":["https:\/\/radioljubuski.ba\/index.php\/2022\/05\/25\/herceg-i-martinovic-na-regionalnom-sajmu-dobrih-praksi-za-osobe-s-invaliditetom\/"]}]},{"@type":"ImageObject","inLanguage":"hr","@id":"https:\/\/radioljubuski.ba\/index.php\/2022\/05\/25\/herceg-i-martinovic-na-regionalnom-sajmu-dobrih-praksi-za-osobe-s-invaliditetom\/#primaryimage","url":"https:\/\/radioljubuski.ba\/wp-content\/uploads\/2022\/05\/medugorje_1-1068x712-1.jpg","contentUrl":"https:\/\/radioljubuski.ba\/wp-content\/uploads\/2022\/05\/medugorje_1-1068x712-1.jpg","width":1068,"height":712},{"@type":"BreadcrumbList","@id":"https:\/\/radioljubuski.ba\/index.php\/2022\/05\/25\/herceg-i-martinovic-na-regionalnom-sajmu-dobrih-praksi-za-osobe-s-invaliditetom\/#breadcrumb","itemListElement":[{"@type":"ListItem","position":1,"name":"Po\u010detna stranica","item":"https:\/\/radioljubuski.ba\/"},{"@type":"ListItem","position":2,"name":"Herceg i Martinovi\u0107 na regionalnom sajmu dobrih praksi za osobe s invaliditetom"}]},{"@type":"WebSite","@id":"https:\/\/radioljubuski.ba\/#website","url":"https:\/\/radioljubuski.ba\/","name":"Radio Ljubu\u0161ki","description":"Sun\u010dana frekvencija Hercegovine","publisher":{"@id":"https:\/\/radioljubuski.ba\/#organization"},"potentialAction":[{"@type":"SearchAction","target":{"@type":"EntryPoint","urlTemplate":"https:\/\/radioljubuski.ba\/?s={search_term_string}"},"query-input":{"@type":"PropertyValueSpecification","valueRequired":true,"valueName":"search_term_string"}}],"inLanguage":"hr"},{"@type":"Organization","@id":"https:\/\/radioljubuski.ba\/#organization","name":"Radio Ljubu\u0161ki","url":"https:\/\/radioljubuski.ba\/","logo":{"@type":"ImageObject","inLanguage":"hr","@id":"https:\/\/radioljubuski.ba\/#\/schema\/logo\/image\/","url":"https:\/\/radioljubuski.ba\/wp-content\/uploads\/2021\/02\/cropped-Radio_Ljubuski_logo1.jpg","contentUrl":"https:\/\/radioljubuski.ba\/wp-content\/uploads\/2021\/02\/cropped-Radio_Ljubuski_logo1.jpg","width":512,"height":512,"caption":"Radio Ljubu\u0161ki"},"image":{"@id":"https:\/\/radioljubuski.ba\/#\/schema\/logo\/image\/"},"sameAs":["https:\/\/www.facebook.com\/Radiio-Ljubuski-1490835324566332","https:\/\/x.com\/radioljubuski","https:\/\/hr.linkedin.com\/company\/radio-ljubuski","https:\/\/www.youtube.com\/channel\/UCHYaeO_n0Db3tjNGudGpXyw"]},{"@type":"Person","@id":"https:\/\/radioljubuski.ba\/#\/schema\/person\/19fc700381a780f69665d7956c469e3b","name":"Radio Ljubu\u0161ki"}]}},"_links":{"self":[{"href":"https:\/\/radioljubuski.ba\/index.php\/wp-json\/wp\/v2\/posts\/143880","targetHints":{"allow":["GET"]}}],"collection":[{"href":"https:\/\/radioljubuski.ba\/index.php\/wp-json\/wp\/v2\/posts"}],"about":[{"href":"https:\/\/radioljubuski.ba\/index.php\/wp-json\/wp\/v2\/types\/post"}],"author":[{"embeddable":true,"href":"https:\/\/radioljubuski.ba\/index.php\/wp-json\/wp\/v2\/users\/2"}],"replies":[{"embeddable":true,"href":"https:\/\/radioljubuski.ba\/index.php\/wp-json\/wp\/v2\/comments?post=143880"}],"version-history":[{"count":1,"href":"https:\/\/radioljubuski.ba\/index.php\/wp-json\/wp\/v2\/posts\/143880\/revisions"}],"predecessor-version":[{"id":143882,"href":"https:\/\/radioljubuski.ba\/index.php\/wp-json\/wp\/v2\/posts\/143880\/revisions\/143882"}],"wp:featuredmedia":[{"embeddable":true,"href":"https:\/\/radioljubuski.ba\/index.php\/wp-json\/wp\/v2\/media\/143881"}],"wp:attachment":[{"href":"https:\/\/radioljubuski.ba\/index.php\/wp-json\/wp\/v2\/media?parent=143880"}],"wp:term":[{"taxonomy":"category","embeddable":true,"href":"https:\/\/radioljubuski.ba\/index.php\/wp-json\/wp\/v2\/categories?post=143880"},{"taxonomy":"post_tag","embeddable":true,"href":"https:\/\/radioljubuski.ba\/index.php\/wp-json\/wp\/v2\/tags?post=143880"}],"curies":[{"name":"wp","href":"https:\/\/api.w.org\/{rel}","templated":true}]}}