{"id":143886,"date":"2022-05-25T14:24:32","date_gmt":"2022-05-25T13:24:32","guid":{"rendered":"https:\/\/radioljubuski.ba\/?p=143886"},"modified":"2022-05-25T14:24:33","modified_gmt":"2022-05-25T13:24:33","slug":"tuziteljstvo-hnz-trazi-vece-kazne-za-kaplana-i-ostale-zbog-prekida-izbora-u-stocu","status":"publish","type":"post","link":"https:\/\/radioljubuski.ba\/index.php\/2022\/05\/25\/tuziteljstvo-hnz-trazi-vece-kazne-za-kaplana-i-ostale-zbog-prekida-izbora-u-stocu\/","title":{"rendered":"Tu\u017eiteljstvo HN\u017d tra\u017ei ve\u0107e kazne za Kaplana i ostale zbog prekida izbora u Stocu"},"content":{"rendered":"\n<p><strong>Na \u017dupanijskom sudu u Mostaru odr\u017eana je sjednica \u017dalbenog vije\u0107a u predmetu \u201cKaplan i ostali\u201d, a vezano za slu\u010daj prekinutih op\u0107inskih izbora u Stocu u listopadu 2016. godine.<\/strong><\/p>\n\n\n\n<p>I Tu\u017eiteljstvo HN\u017d-a i obrana optu\u017eenih \u017ealili su se na prvostupanjsku presudu Op\u0107inskog suda u \u010capljini iz sije\u010dnja 2020. godine. Prema toj presudi, zbog nasilnog prekida izbora zatvorskom kaznom od dvije godine ka\u017enjen je Salmir Kaplan iz SDA, koji je 2016. godine bio kandidat za na\u010delnika op\u0107ine Stolac uime Inicijative za Stolac, Demir Mahmut\u010dehaji\u0107 iz SDP-a osu\u0111en je na godinu i \u010detiri mjeseca, dok je Ahmed Ljubovi\u0107 iz SDA osu\u0111en na deset mjeseci zatvora.<\/p>\n\n\n\n<p>Njih se tereti da su na dan izbora sudjelovali u uni\u0161tavanju izbornih materijala, nasilnom upadu u prostorije Op\u0107inskog izbornog povjerenstva u Stocu te u napadu na slu\u017ebene osobe od kojih su dvije pretrpjele ozljede.<\/p>\n\n\n\n<p>Obrana smatra kako optu\u017enica nije dobro obrazlo\u017eena niti po\u010diva na va\u017ee\u0107im zakonskim propisima te da je presuda \u201cpuna nezakonitosti\u201d, kako se izrazio u obrazlo\u017eenju \u017ealbe branitelj optu\u017eenih, odvjetnik Alen Naki\u0107.<\/p>\n\n\n\n<p>\u2013 Danas ste imali prigodu \u010duti ono \u0161to obrana misli o zakonitosti prvostupanjske presude, a koja je, po stajali\u0161tu obrane, apsolutno nezakonita i donesena uz brojne povrede prije svega ljudskih prava optu\u017eenih \u2013 kazao je Naki\u0107.<\/p>\n\n\n\n<p>U obra\u0107anju Vije\u0107u pozvao se i na ranije presude u slu\u010dajevima na Europskom sudu za ljudska prava, kao i jedne presude na Ustavnom sudu BIH gdje je, po njegovim rije\u010dima, utvr\u0111eno da se za slu\u010daj oko kojeg se vodio upravni postupak ne mo\u017ee voditi nakon toga i kazneni. Pri tom Naki\u0107 misli na nov\u010dane kazne koje je optu\u017eenima izreklo Izborno povjerenstvo BiH, kao i mjeru izbacivanja Salmira Kaplana iz izbornog procesa 2016. godine.<\/p>\n\n\n\n<p>Tako\u0111er, Naki\u0107 smatra i kako zakonom nije jasno propisano djelo prekida procesa glasovanja te da se i napad na predsjednika Op\u0107inskog izbornog povjerenstva, koji je kasnije smijenjen, ne mo\u017ee okarakterizirati kao napad na slu\u017ebenu osobu.<\/p>\n\n\n\n<p>\u2013 Presuda mora imati jednu drugu poruku, bez obzira na doga\u0111aje koji su se dogodili tog dana 2016. godine u Stocu. a to je da bude u funkciji pomirenja i dosljedne provedbe svih pozitivno pravnih propisa u BIH \u2013 ustvrdio je Naki\u0107.<\/p>\n\n\n\n<p>Tu\u017eiteljstvo, pak, smatra kako kazne zatvora trebaju biti ve\u0107e.<\/p>\n\n\n\n<p>Tu\u017eitelj Spomenko Juki\u0107 pozvao se pri tome na ranije osu\u0111ene osobe vezano za izborni dan u Stocu, kroz postignutu nagodbu i uvjetne kazne. Od 22 osobe pet ih je dobilo kazne zatvora, \u010detiri po pola godine, a jedna osoba deset mjeseci.<\/p>\n\n\n\n<p>Juki\u0107 smatra kako su djela za koja se okrivljuju Kaplan, Mahmut\u010dehaji\u0107 i Ljubovi\u0107 znatno te\u017ea, \u0161to se treba odraziti i u presudi.<\/p>\n\n\n\n<p>\u2013 O\u010dekujem da prvostupanjski sud nije napravio neke bitnije povrede. U najmanju ruku o\u010dekujem da \u0107e biti potvr\u0111ena prvostupanjska presuda \u2013 kazao je nakon sjednice vije\u0107a Juki\u0107.<\/p>\n\n\n\n<p>\u017dalbeno vije\u0107e \u017dupanijskog suda odluku bi trebalo donijeti u roku od 15 dana.<\/p>\n\n\n\n<p>\/Fena\/HMS\/<\/p>\n","protected":false},"excerpt":{"rendered":"<p>Na \u017dupanijskom sudu u Mostaru odr\u017eana je sjednica \u017dalbenog vije\u0107a u predmetu \u201cKaplan i ostali\u201d, a vezano za slu\u010daj prekinutih op\u0107inskih izbora u Stocu u listopadu 2016. godine. I Tu\u017eiteljstvo HN\u017d-a i obrana optu\u017eenih \u017ealili su se na prvostupanjsku presudu Op\u0107inskog suda u \u010capljini iz sije\u010dnja 2020. godine. Prema toj presudi, zbog nasilnog prekida izbora [&hellip;]<\/p>\n","protected":false},"author":2,"featured_media":143887,"comment_status":"closed","ping_status":"closed","sticky":false,"template":"","format":"standard","meta":{"h5ap_radio_sources":[],"footnotes":""},"categories":[1],"tags":[],"class_list":["post-143886","post","type-post","status-publish","format-standard","has-post-thumbnail","hentry","category-bihiregija"],"yoast_head":"<!-- This site is optimized with the Yoast SEO plugin v27.5 - https:\/\/yoast.com\/product\/yoast-seo-wordpress\/ -->\n<title>Tu\u017eiteljstvo HN\u017d tra\u017ei ve\u0107e kazne za Kaplana i ostale zbog prekida izbora u Stocu - RADIO LJUBU\u0160KI<\/title>\n<meta name=\"robots\" content=\"index, follow, max-snippet:-1, max-image-preview:large, max-video-preview:-1\" \/>\n<link rel=\"canonical\" href=\"https:\/\/radioljubuski.ba\/index.php\/2022\/05\/25\/tuziteljstvo-hnz-trazi-vece-kazne-za-kaplana-i-ostale-zbog-prekida-izbora-u-stocu\/\" \/>\n<meta property=\"og:locale\" content=\"hr_HR\" \/>\n<meta property=\"og:type\" content=\"article\" \/>\n<meta property=\"og:title\" content=\"Tu\u017eiteljstvo HN\u017d tra\u017ei ve\u0107e kazne za Kaplana i ostale zbog prekida izbora u Stocu - RADIO LJUBU\u0160KI\" \/>\n<meta property=\"og:description\" content=\"Na \u017dupanijskom sudu u Mostaru odr\u017eana je sjednica \u017dalbenog vije\u0107a u predmetu \u201cKaplan i ostali\u201d, a vezano za slu\u010daj prekinutih op\u0107inskih izbora u Stocu u listopadu 2016. godine. I Tu\u017eiteljstvo HN\u017d-a i obrana optu\u017eenih \u017ealili su se na prvostupanjsku presudu Op\u0107inskog suda u \u010capljini iz sije\u010dnja 2020. godine. Prema toj presudi, zbog nasilnog prekida izbora [&hellip;]\" \/>\n<meta property=\"og:url\" content=\"https:\/\/radioljubuski.ba\/index.php\/2022\/05\/25\/tuziteljstvo-hnz-trazi-vece-kazne-za-kaplana-i-ostale-zbog-prekida-izbora-u-stocu\/\" \/>\n<meta property=\"og:site_name\" content=\"RADIO LJUBU\u0160KI\" \/>\n<meta property=\"article:publisher\" content=\"https:\/\/www.facebook.com\/Radiio-Ljubuski-1490835324566332\" \/>\n<meta property=\"article:published_time\" content=\"2022-05-25T13:24:32+00:00\" \/>\n<meta property=\"article:modified_time\" content=\"2022-05-25T13:24:33+00:00\" \/>\n<meta property=\"og:image\" content=\"https:\/\/radioljubuski.ba\/wp-content\/uploads\/2022\/05\/l_626777ba478e34ce2963f9a4e398caf7.jpg\" \/>\n\t<meta property=\"og:image:width\" content=\"1024\" \/>\n\t<meta property=\"og:image:height\" content=\"576\" \/>\n\t<meta property=\"og:image:type\" content=\"image\/jpeg\" \/>\n<meta name=\"author\" content=\"Radio Ljubu\u0161ki\" \/>\n<meta name=\"twitter:card\" content=\"summary_large_image\" \/>\n<meta name=\"twitter:creator\" content=\"@radioljubuski\" \/>\n<meta name=\"twitter:site\" content=\"@radioljubuski\" \/>\n<meta name=\"twitter:label1\" content=\"Napisao\/la\" \/>\n\t<meta name=\"twitter:data1\" content=\"Radio Ljubu\u0161ki\" \/>\n\t<meta name=\"twitter:label2\" content=\"Procijenjeno vrijeme \u010ditanja\" \/>\n\t<meta name=\"twitter:data2\" content=\"3 minute\" \/>\n<script type=\"application\/ld+json\" class=\"yoast-schema-graph\">{\"@context\":\"https:\\\/\\\/schema.org\",\"@graph\":[{\"@type\":\"Article\",\"@id\":\"https:\\\/\\\/radioljubuski.ba\\\/index.php\\\/2022\\\/05\\\/25\\\/tuziteljstvo-hnz-trazi-vece-kazne-za-kaplana-i-ostale-zbog-prekida-izbora-u-stocu\\\/#article\",\"isPartOf\":{\"@id\":\"https:\\\/\\\/radioljubuski.ba\\\/index.php\\\/2022\\\/05\\\/25\\\/tuziteljstvo-hnz-trazi-vece-kazne-za-kaplana-i-ostale-zbog-prekida-izbora-u-stocu\\\/\"},\"author\":{\"name\":\"Radio Ljubu\u0161ki\",\"@id\":\"https:\\\/\\\/radioljubuski.ba\\\/#\\\/schema\\\/person\\\/19fc700381a780f69665d7956c469e3b\"},\"headline\":\"Tu\u017eiteljstvo HN\u017d tra\u017ei ve\u0107e kazne za Kaplana i ostale zbog prekida izbora u Stocu\",\"datePublished\":\"2022-05-25T13:24:32+00:00\",\"dateModified\":\"2022-05-25T13:24:33+00:00\",\"mainEntityOfPage\":{\"@id\":\"https:\\\/\\\/radioljubuski.ba\\\/index.php\\\/2022\\\/05\\\/25\\\/tuziteljstvo-hnz-trazi-vece-kazne-za-kaplana-i-ostale-zbog-prekida-izbora-u-stocu\\\/\"},\"wordCount\":522,\"publisher\":{\"@id\":\"https:\\\/\\\/radioljubuski.ba\\\/#organization\"},\"image\":{\"@id\":\"https:\\\/\\\/radioljubuski.ba\\\/index.php\\\/2022\\\/05\\\/25\\\/tuziteljstvo-hnz-trazi-vece-kazne-za-kaplana-i-ostale-zbog-prekida-izbora-u-stocu\\\/#primaryimage\"},\"thumbnailUrl\":\"https:\\\/\\\/radioljubuski.ba\\\/wp-content\\\/uploads\\\/2022\\\/05\\\/l_626777ba478e34ce2963f9a4e398caf7.jpg\",\"articleSection\":[\"BIH i regija\"],\"inLanguage\":\"hr\"},{\"@type\":\"WebPage\",\"@id\":\"https:\\\/\\\/radioljubuski.ba\\\/index.php\\\/2022\\\/05\\\/25\\\/tuziteljstvo-hnz-trazi-vece-kazne-za-kaplana-i-ostale-zbog-prekida-izbora-u-stocu\\\/\",\"url\":\"https:\\\/\\\/radioljubuski.ba\\\/index.php\\\/2022\\\/05\\\/25\\\/tuziteljstvo-hnz-trazi-vece-kazne-za-kaplana-i-ostale-zbog-prekida-izbora-u-stocu\\\/\",\"name\":\"Tu\u017eiteljstvo HN\u017d tra\u017ei ve\u0107e kazne za Kaplana i ostale zbog prekida izbora u Stocu - RADIO LJUBU\u0160KI\",\"isPartOf\":{\"@id\":\"https:\\\/\\\/radioljubuski.ba\\\/#website\"},\"primaryImageOfPage\":{\"@id\":\"https:\\\/\\\/radioljubuski.ba\\\/index.php\\\/2022\\\/05\\\/25\\\/tuziteljstvo-hnz-trazi-vece-kazne-za-kaplana-i-ostale-zbog-prekida-izbora-u-stocu\\\/#primaryimage\"},\"image\":{\"@id\":\"https:\\\/\\\/radioljubuski.ba\\\/index.php\\\/2022\\\/05\\\/25\\\/tuziteljstvo-hnz-trazi-vece-kazne-za-kaplana-i-ostale-zbog-prekida-izbora-u-stocu\\\/#primaryimage\"},\"thumbnailUrl\":\"https:\\\/\\\/radioljubuski.ba\\\/wp-content\\\/uploads\\\/2022\\\/05\\\/l_626777ba478e34ce2963f9a4e398caf7.jpg\",\"datePublished\":\"2022-05-25T13:24:32+00:00\",\"dateModified\":\"2022-05-25T13:24:33+00:00\",\"breadcrumb\":{\"@id\":\"https:\\\/\\\/radioljubuski.ba\\\/index.php\\\/2022\\\/05\\\/25\\\/tuziteljstvo-hnz-trazi-vece-kazne-za-kaplana-i-ostale-zbog-prekida-izbora-u-stocu\\\/#breadcrumb\"},\"inLanguage\":\"hr\",\"potentialAction\":[{\"@type\":\"ReadAction\",\"target\":[\"https:\\\/\\\/radioljubuski.ba\\\/index.php\\\/2022\\\/05\\\/25\\\/tuziteljstvo-hnz-trazi-vece-kazne-za-kaplana-i-ostale-zbog-prekida-izbora-u-stocu\\\/\"]}]},{\"@type\":\"ImageObject\",\"inLanguage\":\"hr\",\"@id\":\"https:\\\/\\\/radioljubuski.ba\\\/index.php\\\/2022\\\/05\\\/25\\\/tuziteljstvo-hnz-trazi-vece-kazne-za-kaplana-i-ostale-zbog-prekida-izbora-u-stocu\\\/#primaryimage\",\"url\":\"https:\\\/\\\/radioljubuski.ba\\\/wp-content\\\/uploads\\\/2022\\\/05\\\/l_626777ba478e34ce2963f9a4e398caf7.jpg\",\"contentUrl\":\"https:\\\/\\\/radioljubuski.ba\\\/wp-content\\\/uploads\\\/2022\\\/05\\\/l_626777ba478e34ce2963f9a4e398caf7.jpg\",\"width\":1024,\"height\":576},{\"@type\":\"BreadcrumbList\",\"@id\":\"https:\\\/\\\/radioljubuski.ba\\\/index.php\\\/2022\\\/05\\\/25\\\/tuziteljstvo-hnz-trazi-vece-kazne-za-kaplana-i-ostale-zbog-prekida-izbora-u-stocu\\\/#breadcrumb\",\"itemListElement\":[{\"@type\":\"ListItem\",\"position\":1,\"name\":\"Po\u010detna stranica\",\"item\":\"https:\\\/\\\/radioljubuski.ba\\\/\"},{\"@type\":\"ListItem\",\"position\":2,\"name\":\"Tu\u017eiteljstvo HN\u017d tra\u017ei ve\u0107e kazne za Kaplana i ostale zbog prekida izbora u Stocu\"}]},{\"@type\":\"WebSite\",\"@id\":\"https:\\\/\\\/radioljubuski.ba\\\/#website\",\"url\":\"https:\\\/\\\/radioljubuski.ba\\\/\",\"name\":\"Radio Ljubu\u0161ki\",\"description\":\"Sun\u010dana frekvencija Hercegovine\",\"publisher\":{\"@id\":\"https:\\\/\\\/radioljubuski.ba\\\/#organization\"},\"potentialAction\":[{\"@type\":\"SearchAction\",\"target\":{\"@type\":\"EntryPoint\",\"urlTemplate\":\"https:\\\/\\\/radioljubuski.ba\\\/?s={search_term_string}\"},\"query-input\":{\"@type\":\"PropertyValueSpecification\",\"valueRequired\":true,\"valueName\":\"search_term_string\"}}],\"inLanguage\":\"hr\"},{\"@type\":\"Organization\",\"@id\":\"https:\\\/\\\/radioljubuski.ba\\\/#organization\",\"name\":\"Radio Ljubu\u0161ki\",\"url\":\"https:\\\/\\\/radioljubuski.ba\\\/\",\"logo\":{\"@type\":\"ImageObject\",\"inLanguage\":\"hr\",\"@id\":\"https:\\\/\\\/radioljubuski.ba\\\/#\\\/schema\\\/logo\\\/image\\\/\",\"url\":\"https:\\\/\\\/radioljubuski.ba\\\/wp-content\\\/uploads\\\/2021\\\/02\\\/cropped-Radio_Ljubuski_logo1.jpg\",\"contentUrl\":\"https:\\\/\\\/radioljubuski.ba\\\/wp-content\\\/uploads\\\/2021\\\/02\\\/cropped-Radio_Ljubuski_logo1.jpg\",\"width\":512,\"height\":512,\"caption\":\"Radio Ljubu\u0161ki\"},\"image\":{\"@id\":\"https:\\\/\\\/radioljubuski.ba\\\/#\\\/schema\\\/logo\\\/image\\\/\"},\"sameAs\":[\"https:\\\/\\\/www.facebook.com\\\/Radiio-Ljubuski-1490835324566332\",\"https:\\\/\\\/x.com\\\/radioljubuski\",\"https:\\\/\\\/hr.linkedin.com\\\/company\\\/radio-ljubuski\",\"https:\\\/\\\/www.youtube.com\\\/channel\\\/UCHYaeO_n0Db3tjNGudGpXyw\"]},{\"@type\":\"Person\",\"@id\":\"https:\\\/\\\/radioljubuski.ba\\\/#\\\/schema\\\/person\\\/19fc700381a780f69665d7956c469e3b\",\"name\":\"Radio Ljubu\u0161ki\"}]}<\/script>\n<!-- \/ Yoast SEO plugin. -->","yoast_head_json":{"title":"Tu\u017eiteljstvo HN\u017d tra\u017ei ve\u0107e kazne za Kaplana i ostale zbog prekida izbora u Stocu - RADIO LJUBU\u0160KI","robots":{"index":"index","follow":"follow","max-snippet":"max-snippet:-1","max-image-preview":"max-image-preview:large","max-video-preview":"max-video-preview:-1"},"canonical":"https:\/\/radioljubuski.ba\/index.php\/2022\/05\/25\/tuziteljstvo-hnz-trazi-vece-kazne-za-kaplana-i-ostale-zbog-prekida-izbora-u-stocu\/","og_locale":"hr_HR","og_type":"article","og_title":"Tu\u017eiteljstvo HN\u017d tra\u017ei ve\u0107e kazne za Kaplana i ostale zbog prekida izbora u Stocu - RADIO LJUBU\u0160KI","og_description":"Na \u017dupanijskom sudu u Mostaru odr\u017eana je sjednica \u017dalbenog vije\u0107a u predmetu \u201cKaplan i ostali\u201d, a vezano za slu\u010daj prekinutih op\u0107inskih izbora u Stocu u listopadu 2016. godine. I Tu\u017eiteljstvo HN\u017d-a i obrana optu\u017eenih \u017ealili su se na prvostupanjsku presudu Op\u0107inskog suda u \u010capljini iz sije\u010dnja 2020. godine. Prema toj presudi, zbog nasilnog prekida izbora [&hellip;]","og_url":"https:\/\/radioljubuski.ba\/index.php\/2022\/05\/25\/tuziteljstvo-hnz-trazi-vece-kazne-za-kaplana-i-ostale-zbog-prekida-izbora-u-stocu\/","og_site_name":"RADIO LJUBU\u0160KI","article_publisher":"https:\/\/www.facebook.com\/Radiio-Ljubuski-1490835324566332","article_published_time":"2022-05-25T13:24:32+00:00","article_modified_time":"2022-05-25T13:24:33+00:00","og_image":[{"width":1024,"height":576,"url":"https:\/\/radioljubuski.ba\/wp-content\/uploads\/2022\/05\/l_626777ba478e34ce2963f9a4e398caf7.jpg","type":"image\/jpeg"}],"author":"Radio Ljubu\u0161ki","twitter_card":"summary_large_image","twitter_creator":"@radioljubuski","twitter_site":"@radioljubuski","twitter_misc":{"Napisao\/la":"Radio Ljubu\u0161ki","Procijenjeno vrijeme \u010ditanja":"3 minute"},"schema":{"@context":"https:\/\/schema.org","@graph":[{"@type":"Article","@id":"https:\/\/radioljubuski.ba\/index.php\/2022\/05\/25\/tuziteljstvo-hnz-trazi-vece-kazne-za-kaplana-i-ostale-zbog-prekida-izbora-u-stocu\/#article","isPartOf":{"@id":"https:\/\/radioljubuski.ba\/index.php\/2022\/05\/25\/tuziteljstvo-hnz-trazi-vece-kazne-za-kaplana-i-ostale-zbog-prekida-izbora-u-stocu\/"},"author":{"name":"Radio Ljubu\u0161ki","@id":"https:\/\/radioljubuski.ba\/#\/schema\/person\/19fc700381a780f69665d7956c469e3b"},"headline":"Tu\u017eiteljstvo HN\u017d tra\u017ei ve\u0107e kazne za Kaplana i ostale zbog prekida izbora u Stocu","datePublished":"2022-05-25T13:24:32+00:00","dateModified":"2022-05-25T13:24:33+00:00","mainEntityOfPage":{"@id":"https:\/\/radioljubuski.ba\/index.php\/2022\/05\/25\/tuziteljstvo-hnz-trazi-vece-kazne-za-kaplana-i-ostale-zbog-prekida-izbora-u-stocu\/"},"wordCount":522,"publisher":{"@id":"https:\/\/radioljubuski.ba\/#organization"},"image":{"@id":"https:\/\/radioljubuski.ba\/index.php\/2022\/05\/25\/tuziteljstvo-hnz-trazi-vece-kazne-za-kaplana-i-ostale-zbog-prekida-izbora-u-stocu\/#primaryimage"},"thumbnailUrl":"https:\/\/radioljubuski.ba\/wp-content\/uploads\/2022\/05\/l_626777ba478e34ce2963f9a4e398caf7.jpg","articleSection":["BIH i regija"],"inLanguage":"hr"},{"@type":"WebPage","@id":"https:\/\/radioljubuski.ba\/index.php\/2022\/05\/25\/tuziteljstvo-hnz-trazi-vece-kazne-za-kaplana-i-ostale-zbog-prekida-izbora-u-stocu\/","url":"https:\/\/radioljubuski.ba\/index.php\/2022\/05\/25\/tuziteljstvo-hnz-trazi-vece-kazne-za-kaplana-i-ostale-zbog-prekida-izbora-u-stocu\/","name":"Tu\u017eiteljstvo HN\u017d tra\u017ei ve\u0107e kazne za Kaplana i ostale zbog prekida izbora u Stocu - RADIO LJUBU\u0160KI","isPartOf":{"@id":"https:\/\/radioljubuski.ba\/#website"},"primaryImageOfPage":{"@id":"https:\/\/radioljubuski.ba\/index.php\/2022\/05\/25\/tuziteljstvo-hnz-trazi-vece-kazne-za-kaplana-i-ostale-zbog-prekida-izbora-u-stocu\/#primaryimage"},"image":{"@id":"https:\/\/radioljubuski.ba\/index.php\/2022\/05\/25\/tuziteljstvo-hnz-trazi-vece-kazne-za-kaplana-i-ostale-zbog-prekida-izbora-u-stocu\/#primaryimage"},"thumbnailUrl":"https:\/\/radioljubuski.ba\/wp-content\/uploads\/2022\/05\/l_626777ba478e34ce2963f9a4e398caf7.jpg","datePublished":"2022-05-25T13:24:32+00:00","dateModified":"2022-05-25T13:24:33+00:00","breadcrumb":{"@id":"https:\/\/radioljubuski.ba\/index.php\/2022\/05\/25\/tuziteljstvo-hnz-trazi-vece-kazne-za-kaplana-i-ostale-zbog-prekida-izbora-u-stocu\/#breadcrumb"},"inLanguage":"hr","potentialAction":[{"@type":"ReadAction","target":["https:\/\/radioljubuski.ba\/index.php\/2022\/05\/25\/tuziteljstvo-hnz-trazi-vece-kazne-za-kaplana-i-ostale-zbog-prekida-izbora-u-stocu\/"]}]},{"@type":"ImageObject","inLanguage":"hr","@id":"https:\/\/radioljubuski.ba\/index.php\/2022\/05\/25\/tuziteljstvo-hnz-trazi-vece-kazne-za-kaplana-i-ostale-zbog-prekida-izbora-u-stocu\/#primaryimage","url":"https:\/\/radioljubuski.ba\/wp-content\/uploads\/2022\/05\/l_626777ba478e34ce2963f9a4e398caf7.jpg","contentUrl":"https:\/\/radioljubuski.ba\/wp-content\/uploads\/2022\/05\/l_626777ba478e34ce2963f9a4e398caf7.jpg","width":1024,"height":576},{"@type":"BreadcrumbList","@id":"https:\/\/radioljubuski.ba\/index.php\/2022\/05\/25\/tuziteljstvo-hnz-trazi-vece-kazne-za-kaplana-i-ostale-zbog-prekida-izbora-u-stocu\/#breadcrumb","itemListElement":[{"@type":"ListItem","position":1,"name":"Po\u010detna stranica","item":"https:\/\/radioljubuski.ba\/"},{"@type":"ListItem","position":2,"name":"Tu\u017eiteljstvo HN\u017d tra\u017ei ve\u0107e kazne za Kaplana i ostale zbog prekida izbora u Stocu"}]},{"@type":"WebSite","@id":"https:\/\/radioljubuski.ba\/#website","url":"https:\/\/radioljubuski.ba\/","name":"Radio Ljubu\u0161ki","description":"Sun\u010dana frekvencija Hercegovine","publisher":{"@id":"https:\/\/radioljubuski.ba\/#organization"},"potentialAction":[{"@type":"SearchAction","target":{"@type":"EntryPoint","urlTemplate":"https:\/\/radioljubuski.ba\/?s={search_term_string}"},"query-input":{"@type":"PropertyValueSpecification","valueRequired":true,"valueName":"search_term_string"}}],"inLanguage":"hr"},{"@type":"Organization","@id":"https:\/\/radioljubuski.ba\/#organization","name":"Radio Ljubu\u0161ki","url":"https:\/\/radioljubuski.ba\/","logo":{"@type":"ImageObject","inLanguage":"hr","@id":"https:\/\/radioljubuski.ba\/#\/schema\/logo\/image\/","url":"https:\/\/radioljubuski.ba\/wp-content\/uploads\/2021\/02\/cropped-Radio_Ljubuski_logo1.jpg","contentUrl":"https:\/\/radioljubuski.ba\/wp-content\/uploads\/2021\/02\/cropped-Radio_Ljubuski_logo1.jpg","width":512,"height":512,"caption":"Radio Ljubu\u0161ki"},"image":{"@id":"https:\/\/radioljubuski.ba\/#\/schema\/logo\/image\/"},"sameAs":["https:\/\/www.facebook.com\/Radiio-Ljubuski-1490835324566332","https:\/\/x.com\/radioljubuski","https:\/\/hr.linkedin.com\/company\/radio-ljubuski","https:\/\/www.youtube.com\/channel\/UCHYaeO_n0Db3tjNGudGpXyw"]},{"@type":"Person","@id":"https:\/\/radioljubuski.ba\/#\/schema\/person\/19fc700381a780f69665d7956c469e3b","name":"Radio Ljubu\u0161ki"}]}},"_links":{"self":[{"href":"https:\/\/radioljubuski.ba\/index.php\/wp-json\/wp\/v2\/posts\/143886","targetHints":{"allow":["GET"]}}],"collection":[{"href":"https:\/\/radioljubuski.ba\/index.php\/wp-json\/wp\/v2\/posts"}],"about":[{"href":"https:\/\/radioljubuski.ba\/index.php\/wp-json\/wp\/v2\/types\/post"}],"author":[{"embeddable":true,"href":"https:\/\/radioljubuski.ba\/index.php\/wp-json\/wp\/v2\/users\/2"}],"replies":[{"embeddable":true,"href":"https:\/\/radioljubuski.ba\/index.php\/wp-json\/wp\/v2\/comments?post=143886"}],"version-history":[{"count":1,"href":"https:\/\/radioljubuski.ba\/index.php\/wp-json\/wp\/v2\/posts\/143886\/revisions"}],"predecessor-version":[{"id":143888,"href":"https:\/\/radioljubuski.ba\/index.php\/wp-json\/wp\/v2\/posts\/143886\/revisions\/143888"}],"wp:featuredmedia":[{"embeddable":true,"href":"https:\/\/radioljubuski.ba\/index.php\/wp-json\/wp\/v2\/media\/143887"}],"wp:attachment":[{"href":"https:\/\/radioljubuski.ba\/index.php\/wp-json\/wp\/v2\/media?parent=143886"}],"wp:term":[{"taxonomy":"category","embeddable":true,"href":"https:\/\/radioljubuski.ba\/index.php\/wp-json\/wp\/v2\/categories?post=143886"},{"taxonomy":"post_tag","embeddable":true,"href":"https:\/\/radioljubuski.ba\/index.php\/wp-json\/wp\/v2\/tags?post=143886"}],"curies":[{"name":"wp","href":"https:\/\/api.w.org\/{rel}","templated":true}]}}