{"id":143889,"date":"2022-05-25T14:25:40","date_gmt":"2022-05-25T13:25:40","guid":{"rendered":"https:\/\/radioljubuski.ba\/?p=143889"},"modified":"2022-05-25T14:25:41","modified_gmt":"2022-05-25T13:25:41","slug":"odzak-covic-s-izaslanstvom-nazocio-sredisnjem-dogadaju-obiljezavanja-dana-sjecanja-2022","status":"publish","type":"post","link":"https:\/\/radioljubuski.ba\/index.php\/2022\/05\/25\/odzak-covic-s-izaslanstvom-nazocio-sredisnjem-dogadaju-obiljezavanja-dana-sjecanja-2022\/","title":{"rendered":"Od\u017eak: \u010covi\u0107 s izaslanstvom nazo\u010dio sredi\u0161njem doga\u0111aju obilje\u017eavanja \u201eDana sje\u0107anja 2022.\u201c"},"content":{"rendered":"\n<p><strong>Manifestacijom \u201eDani sje\u0107anja\u201c od 1996.g. op\u0107ina Od\u017eak se kroz razne sadr\u017eaje prisje\u0107a na veliko stradanje \u017eitelja svojega kraja, na tragi\u010dna doga\u0111anja u od\u017ea\u010dkom i Podvu\u010dja\u010dkom kraju, prenosi Hrvatski Medisjki Servis.<\/strong><\/p>\n\n\n\n<p>Obilje\u017eavanje Dana sje\u0107anja na sve \u017ertve Drugog svjetskog rata i pora\u0107a, odvija se vjerskim, znanstvenim, kulturnim i \u0161portskim sadr\u017eajima i nizom manifestacija. Sredi\u0161nja sve\u010danost odr\u017eana je danas, polaganjem vijenaca i molitvom za stradale u Drugom svjetskom ratu i pora\u0107u Od\u017eaka i Podvu\u010dja\u010dkog kraja kod Spomen parka u Posavskoj Mahali. Misno slavlje tradicionalno se odr\u017ealo na Nuji\u0107a groblju u istom od\u017ea\u010dkom mjestu, a predvodio ga je pater Ike Manduri\u0107.<\/p>\n\n\n\n<p>Sredi\u0161njoj sve\u010danosti Dani sje\u0107anja 2022. nazo\u010dio je veliki broj vjernika, gostiju i du\u017enosnika. Uz predsjednika HDZ-a BiH i Hrvatskog narodnog sabora dr. Dragana \u010covi\u0107a, nazo\u010dili su du\u017enosnici izvr\u0161ne i zakonodavne vlasti \u017eupanijske, entitetske i razine Bosne i Hercegovine.<\/p>\n\n\n\n<p>\u201cOvo je posebno mjesto sje\u0107anja svih nas Hrvata gdje god \u017eivimo, u od\u017ea\u010dkom i Podvu\u010dja\u010dkom kraju sa \u017ertvom od 3 411 ljudi, samo na ovom mjestu, tra\u017ei od nas da redovito budemo ovdje, da podijelimo svoja promi\u0161ljanja dana\u0161njeg \u017eivota s onom \u017ertvom koju su oni dali. Bojim se da 77 godina nakon strahovitih zlo\u010dina koji su na\u010dinjeni u ovome kraju, jo\u0161 uvijek ima onih koji razmi\u0161ljaju na sli\u010dan na\u010din. Zbog toga mi je drago da je svoje promi\u0161ljanje dao i pater Ike o vrijednostima \u017eivota i smrti. Evo nama jedan poticaj da na mlade prenesemo jedan poticaj koliko je bitno biti svoj, biti ponosan, biti uspravan, bez obzira kakvo promi\u0161ljanje mo\u017ee netko nametnuti, brojno\u0161\u0107u, silom ili kvalitetom, tome se ne smijemo predati. Ovo je ogromna \u017ertva koja nam daje za pravo da mi ba\u0161tinimo svoju domovinu Bosnu i Hercegovinu\u201c, kazao je danas \u010covi\u0107 u Od\u017eaku prilikom obilje\u017eavanja \u201eDana sje\u0107anja 2022.\u201d<\/p>\n\n\n\n<p>Zavr\u0161ni sadr\u017eaj manifestacije odr\u017eat \u0107e se u nedjelju 29. svibnja, u znaku svete mise u Garevcu za stradalnike kod Buri\u0107a \u0161tale.<\/p>\n\n\n\n<p>Manifestaciju organiziraju Odjel za II. Svjetski rat i pora\u0107e Glavnog vije\u0107a Hrvatskog narodnog sabor, HKD Napredak Od\u017eak, \u017dupe Doborskog dekanata i mjesna zajednica posavska Mahala. Manifestacija se odr\u017eava pod visokim pokroviteljstvom dr. Dragana \u010covi\u0107a, predsjednika HDZ-a BiH i Hrvatskog narodnog sabora a supokrovitelji su \u0110uro Topi\u0107, predsjednik Vlade \u017dupanije Posavske i Nada \u0106ulap, na\u010delnica op\u0107ine Od\u017eak.<\/p>\n\n\n\n<p>\/HMS\/<\/p>\n","protected":false},"excerpt":{"rendered":"<p>Manifestacijom \u201eDani sje\u0107anja\u201c od 1996.g. op\u0107ina Od\u017eak se kroz razne sadr\u017eaje prisje\u0107a na veliko stradanje \u017eitelja svojega kraja, na tragi\u010dna doga\u0111anja u od\u017ea\u010dkom i Podvu\u010dja\u010dkom kraju, prenosi Hrvatski Medisjki Servis. Obilje\u017eavanje Dana sje\u0107anja na sve \u017ertve Drugog svjetskog rata i pora\u0107a, odvija se vjerskim, znanstvenim, kulturnim i \u0161portskim sadr\u017eajima i nizom manifestacija. Sredi\u0161nja sve\u010danost odr\u017eana [&hellip;]<\/p>\n","protected":false},"author":2,"featured_media":143890,"comment_status":"closed","ping_status":"closed","sticky":false,"template":"","format":"standard","meta":{"h5ap_radio_sources":[],"footnotes":""},"categories":[1],"tags":[],"class_list":["post-143889","post","type-post","status-publish","format-standard","has-post-thumbnail","hentry","category-bihiregija"],"yoast_head":"<!-- This site is optimized with the Yoast SEO plugin v27.5 - https:\/\/yoast.com\/product\/yoast-seo-wordpress\/ -->\n<title>Od\u017eak: \u010covi\u0107 s izaslanstvom nazo\u010dio sredi\u0161njem doga\u0111aju obilje\u017eavanja \u201eDana sje\u0107anja 2022.\u201c - RADIO LJUBU\u0160KI<\/title>\n<meta name=\"robots\" content=\"index, follow, max-snippet:-1, max-image-preview:large, max-video-preview:-1\" \/>\n<link rel=\"canonical\" href=\"https:\/\/radioljubuski.ba\/index.php\/2022\/05\/25\/odzak-covic-s-izaslanstvom-nazocio-sredisnjem-dogadaju-obiljezavanja-dana-sjecanja-2022\/\" \/>\n<meta property=\"og:locale\" content=\"hr_HR\" \/>\n<meta property=\"og:type\" content=\"article\" \/>\n<meta property=\"og:title\" content=\"Od\u017eak: \u010covi\u0107 s izaslanstvom nazo\u010dio sredi\u0161njem doga\u0111aju obilje\u017eavanja \u201eDana sje\u0107anja 2022.\u201c - RADIO LJUBU\u0160KI\" \/>\n<meta property=\"og:description\" content=\"Manifestacijom \u201eDani sje\u0107anja\u201c od 1996.g. op\u0107ina Od\u017eak se kroz razne sadr\u017eaje prisje\u0107a na veliko stradanje \u017eitelja svojega kraja, na tragi\u010dna doga\u0111anja u od\u017ea\u010dkom i Podvu\u010dja\u010dkom kraju, prenosi Hrvatski Medisjki Servis. Obilje\u017eavanje Dana sje\u0107anja na sve \u017ertve Drugog svjetskog rata i pora\u0107a, odvija se vjerskim, znanstvenim, kulturnim i \u0161portskim sadr\u017eajima i nizom manifestacija. Sredi\u0161nja sve\u010danost odr\u017eana [&hellip;]\" \/>\n<meta property=\"og:url\" content=\"https:\/\/radioljubuski.ba\/index.php\/2022\/05\/25\/odzak-covic-s-izaslanstvom-nazocio-sredisnjem-dogadaju-obiljezavanja-dana-sjecanja-2022\/\" \/>\n<meta property=\"og:site_name\" content=\"RADIO LJUBU\u0160KI\" \/>\n<meta property=\"article:publisher\" content=\"https:\/\/www.facebook.com\/Radiio-Ljubuski-1490835324566332\" \/>\n<meta property=\"article:published_time\" content=\"2022-05-25T13:25:40+00:00\" \/>\n<meta property=\"article:modified_time\" content=\"2022-05-25T13:25:41+00:00\" \/>\n<meta property=\"og:image\" content=\"https:\/\/radioljubuski.ba\/wp-content\/uploads\/2022\/05\/IMG-20220525-WA0008.jpg\" \/>\n\t<meta property=\"og:image:width\" content=\"1024\" \/>\n\t<meta property=\"og:image:height\" content=\"480\" \/>\n\t<meta property=\"og:image:type\" content=\"image\/jpeg\" \/>\n<meta name=\"author\" content=\"Radio Ljubu\u0161ki\" \/>\n<meta name=\"twitter:card\" content=\"summary_large_image\" \/>\n<meta name=\"twitter:creator\" content=\"@radioljubuski\" \/>\n<meta name=\"twitter:site\" content=\"@radioljubuski\" \/>\n<meta name=\"twitter:label1\" content=\"Napisao\/la\" \/>\n\t<meta name=\"twitter:data1\" content=\"Radio Ljubu\u0161ki\" \/>\n\t<meta name=\"twitter:label2\" content=\"Procijenjeno vrijeme \u010ditanja\" \/>\n\t<meta name=\"twitter:data2\" content=\"2 minute\" \/>\n<script type=\"application\/ld+json\" class=\"yoast-schema-graph\">{\"@context\":\"https:\\\/\\\/schema.org\",\"@graph\":[{\"@type\":\"Article\",\"@id\":\"https:\\\/\\\/radioljubuski.ba\\\/index.php\\\/2022\\\/05\\\/25\\\/odzak-covic-s-izaslanstvom-nazocio-sredisnjem-dogadaju-obiljezavanja-dana-sjecanja-2022\\\/#article\",\"isPartOf\":{\"@id\":\"https:\\\/\\\/radioljubuski.ba\\\/index.php\\\/2022\\\/05\\\/25\\\/odzak-covic-s-izaslanstvom-nazocio-sredisnjem-dogadaju-obiljezavanja-dana-sjecanja-2022\\\/\"},\"author\":{\"name\":\"Radio Ljubu\u0161ki\",\"@id\":\"https:\\\/\\\/radioljubuski.ba\\\/#\\\/schema\\\/person\\\/19fc700381a780f69665d7956c469e3b\"},\"headline\":\"Od\u017eak: \u010covi\u0107 s izaslanstvom nazo\u010dio sredi\u0161njem doga\u0111aju obilje\u017eavanja \u201eDana sje\u0107anja 2022.\u201c\",\"datePublished\":\"2022-05-25T13:25:40+00:00\",\"dateModified\":\"2022-05-25T13:25:41+00:00\",\"mainEntityOfPage\":{\"@id\":\"https:\\\/\\\/radioljubuski.ba\\\/index.php\\\/2022\\\/05\\\/25\\\/odzak-covic-s-izaslanstvom-nazocio-sredisnjem-dogadaju-obiljezavanja-dana-sjecanja-2022\\\/\"},\"wordCount\":442,\"publisher\":{\"@id\":\"https:\\\/\\\/radioljubuski.ba\\\/#organization\"},\"image\":{\"@id\":\"https:\\\/\\\/radioljubuski.ba\\\/index.php\\\/2022\\\/05\\\/25\\\/odzak-covic-s-izaslanstvom-nazocio-sredisnjem-dogadaju-obiljezavanja-dana-sjecanja-2022\\\/#primaryimage\"},\"thumbnailUrl\":\"https:\\\/\\\/radioljubuski.ba\\\/wp-content\\\/uploads\\\/2022\\\/05\\\/IMG-20220525-WA0008.jpg\",\"articleSection\":[\"BIH i regija\"],\"inLanguage\":\"hr\"},{\"@type\":\"WebPage\",\"@id\":\"https:\\\/\\\/radioljubuski.ba\\\/index.php\\\/2022\\\/05\\\/25\\\/odzak-covic-s-izaslanstvom-nazocio-sredisnjem-dogadaju-obiljezavanja-dana-sjecanja-2022\\\/\",\"url\":\"https:\\\/\\\/radioljubuski.ba\\\/index.php\\\/2022\\\/05\\\/25\\\/odzak-covic-s-izaslanstvom-nazocio-sredisnjem-dogadaju-obiljezavanja-dana-sjecanja-2022\\\/\",\"name\":\"Od\u017eak: \u010covi\u0107 s izaslanstvom nazo\u010dio sredi\u0161njem doga\u0111aju obilje\u017eavanja \u201eDana sje\u0107anja 2022.\u201c - RADIO LJUBU\u0160KI\",\"isPartOf\":{\"@id\":\"https:\\\/\\\/radioljubuski.ba\\\/#website\"},\"primaryImageOfPage\":{\"@id\":\"https:\\\/\\\/radioljubuski.ba\\\/index.php\\\/2022\\\/05\\\/25\\\/odzak-covic-s-izaslanstvom-nazocio-sredisnjem-dogadaju-obiljezavanja-dana-sjecanja-2022\\\/#primaryimage\"},\"image\":{\"@id\":\"https:\\\/\\\/radioljubuski.ba\\\/index.php\\\/2022\\\/05\\\/25\\\/odzak-covic-s-izaslanstvom-nazocio-sredisnjem-dogadaju-obiljezavanja-dana-sjecanja-2022\\\/#primaryimage\"},\"thumbnailUrl\":\"https:\\\/\\\/radioljubuski.ba\\\/wp-content\\\/uploads\\\/2022\\\/05\\\/IMG-20220525-WA0008.jpg\",\"datePublished\":\"2022-05-25T13:25:40+00:00\",\"dateModified\":\"2022-05-25T13:25:41+00:00\",\"breadcrumb\":{\"@id\":\"https:\\\/\\\/radioljubuski.ba\\\/index.php\\\/2022\\\/05\\\/25\\\/odzak-covic-s-izaslanstvom-nazocio-sredisnjem-dogadaju-obiljezavanja-dana-sjecanja-2022\\\/#breadcrumb\"},\"inLanguage\":\"hr\",\"potentialAction\":[{\"@type\":\"ReadAction\",\"target\":[\"https:\\\/\\\/radioljubuski.ba\\\/index.php\\\/2022\\\/05\\\/25\\\/odzak-covic-s-izaslanstvom-nazocio-sredisnjem-dogadaju-obiljezavanja-dana-sjecanja-2022\\\/\"]}]},{\"@type\":\"ImageObject\",\"inLanguage\":\"hr\",\"@id\":\"https:\\\/\\\/radioljubuski.ba\\\/index.php\\\/2022\\\/05\\\/25\\\/odzak-covic-s-izaslanstvom-nazocio-sredisnjem-dogadaju-obiljezavanja-dana-sjecanja-2022\\\/#primaryimage\",\"url\":\"https:\\\/\\\/radioljubuski.ba\\\/wp-content\\\/uploads\\\/2022\\\/05\\\/IMG-20220525-WA0008.jpg\",\"contentUrl\":\"https:\\\/\\\/radioljubuski.ba\\\/wp-content\\\/uploads\\\/2022\\\/05\\\/IMG-20220525-WA0008.jpg\",\"width\":1024,\"height\":480},{\"@type\":\"BreadcrumbList\",\"@id\":\"https:\\\/\\\/radioljubuski.ba\\\/index.php\\\/2022\\\/05\\\/25\\\/odzak-covic-s-izaslanstvom-nazocio-sredisnjem-dogadaju-obiljezavanja-dana-sjecanja-2022\\\/#breadcrumb\",\"itemListElement\":[{\"@type\":\"ListItem\",\"position\":1,\"name\":\"Po\u010detna stranica\",\"item\":\"https:\\\/\\\/radioljubuski.ba\\\/\"},{\"@type\":\"ListItem\",\"position\":2,\"name\":\"Od\u017eak: \u010covi\u0107 s izaslanstvom nazo\u010dio sredi\u0161njem doga\u0111aju obilje\u017eavanja \u201eDana sje\u0107anja 2022.\u201c\"}]},{\"@type\":\"WebSite\",\"@id\":\"https:\\\/\\\/radioljubuski.ba\\\/#website\",\"url\":\"https:\\\/\\\/radioljubuski.ba\\\/\",\"name\":\"Radio Ljubu\u0161ki\",\"description\":\"Sun\u010dana frekvencija Hercegovine\",\"publisher\":{\"@id\":\"https:\\\/\\\/radioljubuski.ba\\\/#organization\"},\"potentialAction\":[{\"@type\":\"SearchAction\",\"target\":{\"@type\":\"EntryPoint\",\"urlTemplate\":\"https:\\\/\\\/radioljubuski.ba\\\/?s={search_term_string}\"},\"query-input\":{\"@type\":\"PropertyValueSpecification\",\"valueRequired\":true,\"valueName\":\"search_term_string\"}}],\"inLanguage\":\"hr\"},{\"@type\":\"Organization\",\"@id\":\"https:\\\/\\\/radioljubuski.ba\\\/#organization\",\"name\":\"Radio Ljubu\u0161ki\",\"url\":\"https:\\\/\\\/radioljubuski.ba\\\/\",\"logo\":{\"@type\":\"ImageObject\",\"inLanguage\":\"hr\",\"@id\":\"https:\\\/\\\/radioljubuski.ba\\\/#\\\/schema\\\/logo\\\/image\\\/\",\"url\":\"https:\\\/\\\/radioljubuski.ba\\\/wp-content\\\/uploads\\\/2021\\\/02\\\/cropped-Radio_Ljubuski_logo1.jpg\",\"contentUrl\":\"https:\\\/\\\/radioljubuski.ba\\\/wp-content\\\/uploads\\\/2021\\\/02\\\/cropped-Radio_Ljubuski_logo1.jpg\",\"width\":512,\"height\":512,\"caption\":\"Radio Ljubu\u0161ki\"},\"image\":{\"@id\":\"https:\\\/\\\/radioljubuski.ba\\\/#\\\/schema\\\/logo\\\/image\\\/\"},\"sameAs\":[\"https:\\\/\\\/www.facebook.com\\\/Radiio-Ljubuski-1490835324566332\",\"https:\\\/\\\/x.com\\\/radioljubuski\",\"https:\\\/\\\/hr.linkedin.com\\\/company\\\/radio-ljubuski\",\"https:\\\/\\\/www.youtube.com\\\/channel\\\/UCHYaeO_n0Db3tjNGudGpXyw\"]},{\"@type\":\"Person\",\"@id\":\"https:\\\/\\\/radioljubuski.ba\\\/#\\\/schema\\\/person\\\/19fc700381a780f69665d7956c469e3b\",\"name\":\"Radio Ljubu\u0161ki\"}]}<\/script>\n<!-- \/ Yoast SEO plugin. -->","yoast_head_json":{"title":"Od\u017eak: \u010covi\u0107 s izaslanstvom nazo\u010dio sredi\u0161njem doga\u0111aju obilje\u017eavanja \u201eDana sje\u0107anja 2022.\u201c - RADIO LJUBU\u0160KI","robots":{"index":"index","follow":"follow","max-snippet":"max-snippet:-1","max-image-preview":"max-image-preview:large","max-video-preview":"max-video-preview:-1"},"canonical":"https:\/\/radioljubuski.ba\/index.php\/2022\/05\/25\/odzak-covic-s-izaslanstvom-nazocio-sredisnjem-dogadaju-obiljezavanja-dana-sjecanja-2022\/","og_locale":"hr_HR","og_type":"article","og_title":"Od\u017eak: \u010covi\u0107 s izaslanstvom nazo\u010dio sredi\u0161njem doga\u0111aju obilje\u017eavanja \u201eDana sje\u0107anja 2022.\u201c - RADIO LJUBU\u0160KI","og_description":"Manifestacijom \u201eDani sje\u0107anja\u201c od 1996.g. op\u0107ina Od\u017eak se kroz razne sadr\u017eaje prisje\u0107a na veliko stradanje \u017eitelja svojega kraja, na tragi\u010dna doga\u0111anja u od\u017ea\u010dkom i Podvu\u010dja\u010dkom kraju, prenosi Hrvatski Medisjki Servis. Obilje\u017eavanje Dana sje\u0107anja na sve \u017ertve Drugog svjetskog rata i pora\u0107a, odvija se vjerskim, znanstvenim, kulturnim i \u0161portskim sadr\u017eajima i nizom manifestacija. Sredi\u0161nja sve\u010danost odr\u017eana [&hellip;]","og_url":"https:\/\/radioljubuski.ba\/index.php\/2022\/05\/25\/odzak-covic-s-izaslanstvom-nazocio-sredisnjem-dogadaju-obiljezavanja-dana-sjecanja-2022\/","og_site_name":"RADIO LJUBU\u0160KI","article_publisher":"https:\/\/www.facebook.com\/Radiio-Ljubuski-1490835324566332","article_published_time":"2022-05-25T13:25:40+00:00","article_modified_time":"2022-05-25T13:25:41+00:00","og_image":[{"width":1024,"height":480,"url":"https:\/\/radioljubuski.ba\/wp-content\/uploads\/2022\/05\/IMG-20220525-WA0008.jpg","type":"image\/jpeg"}],"author":"Radio Ljubu\u0161ki","twitter_card":"summary_large_image","twitter_creator":"@radioljubuski","twitter_site":"@radioljubuski","twitter_misc":{"Napisao\/la":"Radio Ljubu\u0161ki","Procijenjeno vrijeme \u010ditanja":"2 minute"},"schema":{"@context":"https:\/\/schema.org","@graph":[{"@type":"Article","@id":"https:\/\/radioljubuski.ba\/index.php\/2022\/05\/25\/odzak-covic-s-izaslanstvom-nazocio-sredisnjem-dogadaju-obiljezavanja-dana-sjecanja-2022\/#article","isPartOf":{"@id":"https:\/\/radioljubuski.ba\/index.php\/2022\/05\/25\/odzak-covic-s-izaslanstvom-nazocio-sredisnjem-dogadaju-obiljezavanja-dana-sjecanja-2022\/"},"author":{"name":"Radio Ljubu\u0161ki","@id":"https:\/\/radioljubuski.ba\/#\/schema\/person\/19fc700381a780f69665d7956c469e3b"},"headline":"Od\u017eak: \u010covi\u0107 s izaslanstvom nazo\u010dio sredi\u0161njem doga\u0111aju obilje\u017eavanja \u201eDana sje\u0107anja 2022.\u201c","datePublished":"2022-05-25T13:25:40+00:00","dateModified":"2022-05-25T13:25:41+00:00","mainEntityOfPage":{"@id":"https:\/\/radioljubuski.ba\/index.php\/2022\/05\/25\/odzak-covic-s-izaslanstvom-nazocio-sredisnjem-dogadaju-obiljezavanja-dana-sjecanja-2022\/"},"wordCount":442,"publisher":{"@id":"https:\/\/radioljubuski.ba\/#organization"},"image":{"@id":"https:\/\/radioljubuski.ba\/index.php\/2022\/05\/25\/odzak-covic-s-izaslanstvom-nazocio-sredisnjem-dogadaju-obiljezavanja-dana-sjecanja-2022\/#primaryimage"},"thumbnailUrl":"https:\/\/radioljubuski.ba\/wp-content\/uploads\/2022\/05\/IMG-20220525-WA0008.jpg","articleSection":["BIH i regija"],"inLanguage":"hr"},{"@type":"WebPage","@id":"https:\/\/radioljubuski.ba\/index.php\/2022\/05\/25\/odzak-covic-s-izaslanstvom-nazocio-sredisnjem-dogadaju-obiljezavanja-dana-sjecanja-2022\/","url":"https:\/\/radioljubuski.ba\/index.php\/2022\/05\/25\/odzak-covic-s-izaslanstvom-nazocio-sredisnjem-dogadaju-obiljezavanja-dana-sjecanja-2022\/","name":"Od\u017eak: \u010covi\u0107 s izaslanstvom nazo\u010dio sredi\u0161njem doga\u0111aju obilje\u017eavanja \u201eDana sje\u0107anja 2022.\u201c - RADIO LJUBU\u0160KI","isPartOf":{"@id":"https:\/\/radioljubuski.ba\/#website"},"primaryImageOfPage":{"@id":"https:\/\/radioljubuski.ba\/index.php\/2022\/05\/25\/odzak-covic-s-izaslanstvom-nazocio-sredisnjem-dogadaju-obiljezavanja-dana-sjecanja-2022\/#primaryimage"},"image":{"@id":"https:\/\/radioljubuski.ba\/index.php\/2022\/05\/25\/odzak-covic-s-izaslanstvom-nazocio-sredisnjem-dogadaju-obiljezavanja-dana-sjecanja-2022\/#primaryimage"},"thumbnailUrl":"https:\/\/radioljubuski.ba\/wp-content\/uploads\/2022\/05\/IMG-20220525-WA0008.jpg","datePublished":"2022-05-25T13:25:40+00:00","dateModified":"2022-05-25T13:25:41+00:00","breadcrumb":{"@id":"https:\/\/radioljubuski.ba\/index.php\/2022\/05\/25\/odzak-covic-s-izaslanstvom-nazocio-sredisnjem-dogadaju-obiljezavanja-dana-sjecanja-2022\/#breadcrumb"},"inLanguage":"hr","potentialAction":[{"@type":"ReadAction","target":["https:\/\/radioljubuski.ba\/index.php\/2022\/05\/25\/odzak-covic-s-izaslanstvom-nazocio-sredisnjem-dogadaju-obiljezavanja-dana-sjecanja-2022\/"]}]},{"@type":"ImageObject","inLanguage":"hr","@id":"https:\/\/radioljubuski.ba\/index.php\/2022\/05\/25\/odzak-covic-s-izaslanstvom-nazocio-sredisnjem-dogadaju-obiljezavanja-dana-sjecanja-2022\/#primaryimage","url":"https:\/\/radioljubuski.ba\/wp-content\/uploads\/2022\/05\/IMG-20220525-WA0008.jpg","contentUrl":"https:\/\/radioljubuski.ba\/wp-content\/uploads\/2022\/05\/IMG-20220525-WA0008.jpg","width":1024,"height":480},{"@type":"BreadcrumbList","@id":"https:\/\/radioljubuski.ba\/index.php\/2022\/05\/25\/odzak-covic-s-izaslanstvom-nazocio-sredisnjem-dogadaju-obiljezavanja-dana-sjecanja-2022\/#breadcrumb","itemListElement":[{"@type":"ListItem","position":1,"name":"Po\u010detna stranica","item":"https:\/\/radioljubuski.ba\/"},{"@type":"ListItem","position":2,"name":"Od\u017eak: \u010covi\u0107 s izaslanstvom nazo\u010dio sredi\u0161njem doga\u0111aju obilje\u017eavanja \u201eDana sje\u0107anja 2022.\u201c"}]},{"@type":"WebSite","@id":"https:\/\/radioljubuski.ba\/#website","url":"https:\/\/radioljubuski.ba\/","name":"Radio Ljubu\u0161ki","description":"Sun\u010dana frekvencija Hercegovine","publisher":{"@id":"https:\/\/radioljubuski.ba\/#organization"},"potentialAction":[{"@type":"SearchAction","target":{"@type":"EntryPoint","urlTemplate":"https:\/\/radioljubuski.ba\/?s={search_term_string}"},"query-input":{"@type":"PropertyValueSpecification","valueRequired":true,"valueName":"search_term_string"}}],"inLanguage":"hr"},{"@type":"Organization","@id":"https:\/\/radioljubuski.ba\/#organization","name":"Radio Ljubu\u0161ki","url":"https:\/\/radioljubuski.ba\/","logo":{"@type":"ImageObject","inLanguage":"hr","@id":"https:\/\/radioljubuski.ba\/#\/schema\/logo\/image\/","url":"https:\/\/radioljubuski.ba\/wp-content\/uploads\/2021\/02\/cropped-Radio_Ljubuski_logo1.jpg","contentUrl":"https:\/\/radioljubuski.ba\/wp-content\/uploads\/2021\/02\/cropped-Radio_Ljubuski_logo1.jpg","width":512,"height":512,"caption":"Radio Ljubu\u0161ki"},"image":{"@id":"https:\/\/radioljubuski.ba\/#\/schema\/logo\/image\/"},"sameAs":["https:\/\/www.facebook.com\/Radiio-Ljubuski-1490835324566332","https:\/\/x.com\/radioljubuski","https:\/\/hr.linkedin.com\/company\/radio-ljubuski","https:\/\/www.youtube.com\/channel\/UCHYaeO_n0Db3tjNGudGpXyw"]},{"@type":"Person","@id":"https:\/\/radioljubuski.ba\/#\/schema\/person\/19fc700381a780f69665d7956c469e3b","name":"Radio Ljubu\u0161ki"}]}},"_links":{"self":[{"href":"https:\/\/radioljubuski.ba\/index.php\/wp-json\/wp\/v2\/posts\/143889","targetHints":{"allow":["GET"]}}],"collection":[{"href":"https:\/\/radioljubuski.ba\/index.php\/wp-json\/wp\/v2\/posts"}],"about":[{"href":"https:\/\/radioljubuski.ba\/index.php\/wp-json\/wp\/v2\/types\/post"}],"author":[{"embeddable":true,"href":"https:\/\/radioljubuski.ba\/index.php\/wp-json\/wp\/v2\/users\/2"}],"replies":[{"embeddable":true,"href":"https:\/\/radioljubuski.ba\/index.php\/wp-json\/wp\/v2\/comments?post=143889"}],"version-history":[{"count":1,"href":"https:\/\/radioljubuski.ba\/index.php\/wp-json\/wp\/v2\/posts\/143889\/revisions"}],"predecessor-version":[{"id":143891,"href":"https:\/\/radioljubuski.ba\/index.php\/wp-json\/wp\/v2\/posts\/143889\/revisions\/143891"}],"wp:featuredmedia":[{"embeddable":true,"href":"https:\/\/radioljubuski.ba\/index.php\/wp-json\/wp\/v2\/media\/143890"}],"wp:attachment":[{"href":"https:\/\/radioljubuski.ba\/index.php\/wp-json\/wp\/v2\/media?parent=143889"}],"wp:term":[{"taxonomy":"category","embeddable":true,"href":"https:\/\/radioljubuski.ba\/index.php\/wp-json\/wp\/v2\/categories?post=143889"},{"taxonomy":"post_tag","embeddable":true,"href":"https:\/\/radioljubuski.ba\/index.php\/wp-json\/wp\/v2\/tags?post=143889"}],"curies":[{"name":"wp","href":"https:\/\/api.w.org\/{rel}","templated":true}]}}