{"id":143895,"date":"2022-05-25T14:29:26","date_gmt":"2022-05-25T13:29:26","guid":{"rendered":"https:\/\/radioljubuski.ba\/?p=143895"},"modified":"2022-05-25T14:29:27","modified_gmt":"2022-05-25T13:29:27","slug":"raguz-doslo-se-do-faze-beznada-borimo-se-i-izadimo-na-izbore-nitko-ne-smije-ostati-po-strani","status":"publish","type":"post","link":"https:\/\/radioljubuski.ba\/index.php\/2022\/05\/25\/raguz-doslo-se-do-faze-beznada-borimo-se-i-izadimo-na-izbore-nitko-ne-smije-ostati-po-strani\/","title":{"rendered":"Ragu\u017e: Do\u0161lo se do faze bezna\u0111a, borimo se i iza\u0111imo na izbore \u2013 nitko ne smije ostati po strani"},"content":{"rendered":"\n<p><strong>\u201eGovorili smo da nema pravnih ni politi\u010dkih uvjeta za izbore, a sada idemo na njih. Do\u0161lo se do faze bezna\u0111a. Moramo uvjeriti ljude da iza\u0111u na glasovanje\u201c, kazao je u emisiji Kompas RTV-a Herceg-Bosne \u010dlan Predsjedni\u0161tva Hrvatskoga narodnog sabora Martin Ragu\u017e.<\/strong><\/p>\n\n\n\n<p>Podr\u017eao je odluku HNS-a da se na izbore u listopadu iza\u0111e zajedni\u010dki s jednim kandidatom za Predsjedni\u0161tvo. \u201eTrebamo popunjavati pozicije kroz znanje, obrazovanje i mo\u017eemo iznjedriti kandidate za parlamente, izvr\u0161nu vlast, \u010dlana Predsjedni\u0161tva\u201c, kazao je u Ragu\u017e.<\/p>\n\n\n\n<iframe loading=\"lazy\" title=\"RTV HB | Ragu\u017e za Kompas: Od Patagonije do Australije hrv. pitanje u BiH je najva\u017enije za dijasporu\" width=\"640\" height=\"360\" src=\"https:\/\/www.youtube.com\/embed\/ne2nH8VIJi0?start=1313&#038;feature=oembed\" frameborder=\"0\" allow=\"accelerometer; autoplay; clipboard-write; encrypted-media; gyroscope; picture-in-picture; web-share\" referrerpolicy=\"strict-origin-when-cross-origin\" allowfullscreen><\/iframe>\n\n\n\n<p>Komentirao je u kojem slu\u010daju bi se mogla izbje\u0107i nova bo\u0161nja\u010dka uzurpacija hrvatske pozicije u Predsjedni\u0161tvu BiH, to jeste na koji na\u010din bi kandidat HNS-a mogao pobijediti. Jedan od njih je velika izlaznost hrvatskog bira\u010dkog tijela. Naglasio je da ljude treba ohrabriti da iza\u0111u na izbore. \u201ePolitika se udaljila od obi\u010dnog \u010dovjeka. Trebamo im re\u0107i da su oni ti koji odlu\u010duju, oni imaju mo\u0107 drugog listopada i ne postoji nikakav mo\u0107nik niti bilo tko drugi osim glasa\u010da. Taj dan dajte glas\u201c, poru\u010dio je Ragu\u017e.<\/p>\n\n\n\n<p>Kao mogu\u0107i scenariji u kojima bi kandidat HNS-a mogao pobijediti navedeni su i tijesna utrka izme\u0111u bo\u0161nja\u010dkih kandidata te pritisak od strane Amerikanaca i Europljana na unitaristi\u010dku politiku da prestane s prijevarama.<\/p>\n\n\n\n<p>\u201eZatekli ste me s pitanjem\u201c \u2013 rekao je Ragu\u017e na upit urednika i voditelja emisije Miroslava Vasilja \u0161to ukoliko mu iz HNS-a uslijedi poziv za razgovor oko kandidature za Predsjedni\u0161tvo BiH. \u201eImam ogromno institucionalno iskustvo. Pro\u0161ao sam sve etape i faze. Drago mi je da sam na svim etapama bio na dispoziciji svome narodu i ovoj zemlji. Samo to mogu re\u0107i i ni\u0161ta vi\u0161e. Potpuno sam neoptere\u0107en time. Ako bi do\u0161lo do neke vrste poziva ozbiljan \u010dovjek bi trebao razmisliti mo\u017ee li odgovoriti izazovima o kojima govorimo.\u201c<\/p>\n\n\n\n<p>Ragu\u017e je opisao i koje bi sve osobine trebao imati zajedni\u010dki kandidat HNS-a za Predsjedni\u0161tvo BiH kako bi odnio pobjedu na predstoje\u0107im izborima.<\/p>\n\n\n\n<p>\/HMS\/<\/p>\n","protected":false},"excerpt":{"rendered":"<p>\u201eGovorili smo da nema pravnih ni politi\u010dkih uvjeta za izbore, a sada idemo na njih. Do\u0161lo se do faze bezna\u0111a. Moramo uvjeriti ljude da iza\u0111u na glasovanje\u201c, kazao je u emisiji Kompas RTV-a Herceg-Bosne \u010dlan Predsjedni\u0161tva Hrvatskoga narodnog sabora Martin Ragu\u017e. Podr\u017eao je odluku HNS-a da se na izbore u listopadu iza\u0111e zajedni\u010dki s jednim [&hellip;]<\/p>\n","protected":false},"author":2,"featured_media":143896,"comment_status":"closed","ping_status":"closed","sticky":false,"template":"","format":"standard","meta":{"h5ap_radio_sources":[],"footnotes":""},"categories":[1],"tags":[],"class_list":["post-143895","post","type-post","status-publish","format-standard","has-post-thumbnail","hentry","category-bihiregija"],"yoast_head":"<!-- This site is optimized with the Yoast SEO plugin v27.5 - https:\/\/yoast.com\/product\/yoast-seo-wordpress\/ -->\n<title>Ragu\u017e: Do\u0161lo se do faze bezna\u0111a, borimo se i iza\u0111imo na izbore \u2013 nitko ne smije ostati po strani - RADIO LJUBU\u0160KI<\/title>\n<meta name=\"robots\" content=\"index, follow, max-snippet:-1, max-image-preview:large, max-video-preview:-1\" \/>\n<link rel=\"canonical\" href=\"https:\/\/radioljubuski.ba\/index.php\/2022\/05\/25\/raguz-doslo-se-do-faze-beznada-borimo-se-i-izadimo-na-izbore-nitko-ne-smije-ostati-po-strani\/\" \/>\n<meta property=\"og:locale\" content=\"hr_HR\" \/>\n<meta property=\"og:type\" content=\"article\" \/>\n<meta property=\"og:title\" content=\"Ragu\u017e: Do\u0161lo se do faze bezna\u0111a, borimo se i iza\u0111imo na izbore \u2013 nitko ne smije ostati po strani - RADIO LJUBU\u0160KI\" \/>\n<meta property=\"og:description\" content=\"\u201eGovorili smo da nema pravnih ni politi\u010dkih uvjeta za izbore, a sada idemo na njih. Do\u0161lo se do faze bezna\u0111a. Moramo uvjeriti ljude da iza\u0111u na glasovanje\u201c, kazao je u emisiji Kompas RTV-a Herceg-Bosne \u010dlan Predsjedni\u0161tva Hrvatskoga narodnog sabora Martin Ragu\u017e. Podr\u017eao je odluku HNS-a da se na izbore u listopadu iza\u0111e zajedni\u010dki s jednim [&hellip;]\" \/>\n<meta property=\"og:url\" content=\"https:\/\/radioljubuski.ba\/index.php\/2022\/05\/25\/raguz-doslo-se-do-faze-beznada-borimo-se-i-izadimo-na-izbore-nitko-ne-smije-ostati-po-strani\/\" \/>\n<meta property=\"og:site_name\" content=\"RADIO LJUBU\u0160KI\" \/>\n<meta property=\"article:publisher\" content=\"https:\/\/www.facebook.com\/Radiio-Ljubuski-1490835324566332\" \/>\n<meta property=\"article:published_time\" content=\"2022-05-25T13:29:26+00:00\" \/>\n<meta property=\"article:modified_time\" content=\"2022-05-25T13:29:27+00:00\" \/>\n<meta property=\"og:image\" content=\"https:\/\/radioljubuski.ba\/wp-content\/uploads\/2022\/05\/Kompas-gost-Martin-Raguz.png\" \/>\n\t<meta property=\"og:image:width\" content=\"848\" \/>\n\t<meta property=\"og:image:height\" content=\"474\" \/>\n\t<meta property=\"og:image:type\" content=\"image\/png\" \/>\n<meta name=\"author\" content=\"Radio Ljubu\u0161ki\" \/>\n<meta name=\"twitter:card\" content=\"summary_large_image\" \/>\n<meta name=\"twitter:creator\" content=\"@radioljubuski\" \/>\n<meta name=\"twitter:site\" content=\"@radioljubuski\" \/>\n<meta name=\"twitter:label1\" content=\"Napisao\/la\" \/>\n\t<meta name=\"twitter:data1\" content=\"Radio Ljubu\u0161ki\" \/>\n\t<meta name=\"twitter:label2\" content=\"Procijenjeno vrijeme \u010ditanja\" \/>\n\t<meta name=\"twitter:data2\" content=\"2 minute\" \/>\n<script type=\"application\/ld+json\" class=\"yoast-schema-graph\">{\"@context\":\"https:\\\/\\\/schema.org\",\"@graph\":[{\"@type\":\"Article\",\"@id\":\"https:\\\/\\\/radioljubuski.ba\\\/index.php\\\/2022\\\/05\\\/25\\\/raguz-doslo-se-do-faze-beznada-borimo-se-i-izadimo-na-izbore-nitko-ne-smije-ostati-po-strani\\\/#article\",\"isPartOf\":{\"@id\":\"https:\\\/\\\/radioljubuski.ba\\\/index.php\\\/2022\\\/05\\\/25\\\/raguz-doslo-se-do-faze-beznada-borimo-se-i-izadimo-na-izbore-nitko-ne-smije-ostati-po-strani\\\/\"},\"author\":{\"name\":\"Radio Ljubu\u0161ki\",\"@id\":\"https:\\\/\\\/radioljubuski.ba\\\/#\\\/schema\\\/person\\\/19fc700381a780f69665d7956c469e3b\"},\"headline\":\"Ragu\u017e: Do\u0161lo se do faze bezna\u0111a, borimo se i iza\u0111imo na izbore \u2013 nitko ne smije ostati po strani\",\"datePublished\":\"2022-05-25T13:29:26+00:00\",\"dateModified\":\"2022-05-25T13:29:27+00:00\",\"mainEntityOfPage\":{\"@id\":\"https:\\\/\\\/radioljubuski.ba\\\/index.php\\\/2022\\\/05\\\/25\\\/raguz-doslo-se-do-faze-beznada-borimo-se-i-izadimo-na-izbore-nitko-ne-smije-ostati-po-strani\\\/\"},\"wordCount\":378,\"publisher\":{\"@id\":\"https:\\\/\\\/radioljubuski.ba\\\/#organization\"},\"image\":{\"@id\":\"https:\\\/\\\/radioljubuski.ba\\\/index.php\\\/2022\\\/05\\\/25\\\/raguz-doslo-se-do-faze-beznada-borimo-se-i-izadimo-na-izbore-nitko-ne-smije-ostati-po-strani\\\/#primaryimage\"},\"thumbnailUrl\":\"https:\\\/\\\/radioljubuski.ba\\\/wp-content\\\/uploads\\\/2022\\\/05\\\/Kompas-gost-Martin-Raguz.png\",\"articleSection\":[\"BIH i regija\"],\"inLanguage\":\"hr\"},{\"@type\":\"WebPage\",\"@id\":\"https:\\\/\\\/radioljubuski.ba\\\/index.php\\\/2022\\\/05\\\/25\\\/raguz-doslo-se-do-faze-beznada-borimo-se-i-izadimo-na-izbore-nitko-ne-smije-ostati-po-strani\\\/\",\"url\":\"https:\\\/\\\/radioljubuski.ba\\\/index.php\\\/2022\\\/05\\\/25\\\/raguz-doslo-se-do-faze-beznada-borimo-se-i-izadimo-na-izbore-nitko-ne-smije-ostati-po-strani\\\/\",\"name\":\"Ragu\u017e: Do\u0161lo se do faze bezna\u0111a, borimo se i iza\u0111imo na izbore \u2013 nitko ne smije ostati po strani - RADIO LJUBU\u0160KI\",\"isPartOf\":{\"@id\":\"https:\\\/\\\/radioljubuski.ba\\\/#website\"},\"primaryImageOfPage\":{\"@id\":\"https:\\\/\\\/radioljubuski.ba\\\/index.php\\\/2022\\\/05\\\/25\\\/raguz-doslo-se-do-faze-beznada-borimo-se-i-izadimo-na-izbore-nitko-ne-smije-ostati-po-strani\\\/#primaryimage\"},\"image\":{\"@id\":\"https:\\\/\\\/radioljubuski.ba\\\/index.php\\\/2022\\\/05\\\/25\\\/raguz-doslo-se-do-faze-beznada-borimo-se-i-izadimo-na-izbore-nitko-ne-smije-ostati-po-strani\\\/#primaryimage\"},\"thumbnailUrl\":\"https:\\\/\\\/radioljubuski.ba\\\/wp-content\\\/uploads\\\/2022\\\/05\\\/Kompas-gost-Martin-Raguz.png\",\"datePublished\":\"2022-05-25T13:29:26+00:00\",\"dateModified\":\"2022-05-25T13:29:27+00:00\",\"breadcrumb\":{\"@id\":\"https:\\\/\\\/radioljubuski.ba\\\/index.php\\\/2022\\\/05\\\/25\\\/raguz-doslo-se-do-faze-beznada-borimo-se-i-izadimo-na-izbore-nitko-ne-smije-ostati-po-strani\\\/#breadcrumb\"},\"inLanguage\":\"hr\",\"potentialAction\":[{\"@type\":\"ReadAction\",\"target\":[\"https:\\\/\\\/radioljubuski.ba\\\/index.php\\\/2022\\\/05\\\/25\\\/raguz-doslo-se-do-faze-beznada-borimo-se-i-izadimo-na-izbore-nitko-ne-smije-ostati-po-strani\\\/\"]}]},{\"@type\":\"ImageObject\",\"inLanguage\":\"hr\",\"@id\":\"https:\\\/\\\/radioljubuski.ba\\\/index.php\\\/2022\\\/05\\\/25\\\/raguz-doslo-se-do-faze-beznada-borimo-se-i-izadimo-na-izbore-nitko-ne-smije-ostati-po-strani\\\/#primaryimage\",\"url\":\"https:\\\/\\\/radioljubuski.ba\\\/wp-content\\\/uploads\\\/2022\\\/05\\\/Kompas-gost-Martin-Raguz.png\",\"contentUrl\":\"https:\\\/\\\/radioljubuski.ba\\\/wp-content\\\/uploads\\\/2022\\\/05\\\/Kompas-gost-Martin-Raguz.png\",\"width\":848,\"height\":474},{\"@type\":\"BreadcrumbList\",\"@id\":\"https:\\\/\\\/radioljubuski.ba\\\/index.php\\\/2022\\\/05\\\/25\\\/raguz-doslo-se-do-faze-beznada-borimo-se-i-izadimo-na-izbore-nitko-ne-smije-ostati-po-strani\\\/#breadcrumb\",\"itemListElement\":[{\"@type\":\"ListItem\",\"position\":1,\"name\":\"Po\u010detna stranica\",\"item\":\"https:\\\/\\\/radioljubuski.ba\\\/\"},{\"@type\":\"ListItem\",\"position\":2,\"name\":\"Ragu\u017e: Do\u0161lo se do faze bezna\u0111a, borimo se i iza\u0111imo na izbore \u2013 nitko ne smije ostati po strani\"}]},{\"@type\":\"WebSite\",\"@id\":\"https:\\\/\\\/radioljubuski.ba\\\/#website\",\"url\":\"https:\\\/\\\/radioljubuski.ba\\\/\",\"name\":\"Radio Ljubu\u0161ki\",\"description\":\"Sun\u010dana frekvencija Hercegovine\",\"publisher\":{\"@id\":\"https:\\\/\\\/radioljubuski.ba\\\/#organization\"},\"potentialAction\":[{\"@type\":\"SearchAction\",\"target\":{\"@type\":\"EntryPoint\",\"urlTemplate\":\"https:\\\/\\\/radioljubuski.ba\\\/?s={search_term_string}\"},\"query-input\":{\"@type\":\"PropertyValueSpecification\",\"valueRequired\":true,\"valueName\":\"search_term_string\"}}],\"inLanguage\":\"hr\"},{\"@type\":\"Organization\",\"@id\":\"https:\\\/\\\/radioljubuski.ba\\\/#organization\",\"name\":\"Radio Ljubu\u0161ki\",\"url\":\"https:\\\/\\\/radioljubuski.ba\\\/\",\"logo\":{\"@type\":\"ImageObject\",\"inLanguage\":\"hr\",\"@id\":\"https:\\\/\\\/radioljubuski.ba\\\/#\\\/schema\\\/logo\\\/image\\\/\",\"url\":\"https:\\\/\\\/radioljubuski.ba\\\/wp-content\\\/uploads\\\/2021\\\/02\\\/cropped-Radio_Ljubuski_logo1.jpg\",\"contentUrl\":\"https:\\\/\\\/radioljubuski.ba\\\/wp-content\\\/uploads\\\/2021\\\/02\\\/cropped-Radio_Ljubuski_logo1.jpg\",\"width\":512,\"height\":512,\"caption\":\"Radio Ljubu\u0161ki\"},\"image\":{\"@id\":\"https:\\\/\\\/radioljubuski.ba\\\/#\\\/schema\\\/logo\\\/image\\\/\"},\"sameAs\":[\"https:\\\/\\\/www.facebook.com\\\/Radiio-Ljubuski-1490835324566332\",\"https:\\\/\\\/x.com\\\/radioljubuski\",\"https:\\\/\\\/hr.linkedin.com\\\/company\\\/radio-ljubuski\",\"https:\\\/\\\/www.youtube.com\\\/channel\\\/UCHYaeO_n0Db3tjNGudGpXyw\"]},{\"@type\":\"Person\",\"@id\":\"https:\\\/\\\/radioljubuski.ba\\\/#\\\/schema\\\/person\\\/19fc700381a780f69665d7956c469e3b\",\"name\":\"Radio Ljubu\u0161ki\"}]}<\/script>\n<!-- \/ Yoast SEO plugin. -->","yoast_head_json":{"title":"Ragu\u017e: Do\u0161lo se do faze bezna\u0111a, borimo se i iza\u0111imo na izbore \u2013 nitko ne smije ostati po strani - RADIO LJUBU\u0160KI","robots":{"index":"index","follow":"follow","max-snippet":"max-snippet:-1","max-image-preview":"max-image-preview:large","max-video-preview":"max-video-preview:-1"},"canonical":"https:\/\/radioljubuski.ba\/index.php\/2022\/05\/25\/raguz-doslo-se-do-faze-beznada-borimo-se-i-izadimo-na-izbore-nitko-ne-smije-ostati-po-strani\/","og_locale":"hr_HR","og_type":"article","og_title":"Ragu\u017e: Do\u0161lo se do faze bezna\u0111a, borimo se i iza\u0111imo na izbore \u2013 nitko ne smije ostati po strani - RADIO LJUBU\u0160KI","og_description":"\u201eGovorili smo da nema pravnih ni politi\u010dkih uvjeta za izbore, a sada idemo na njih. Do\u0161lo se do faze bezna\u0111a. Moramo uvjeriti ljude da iza\u0111u na glasovanje\u201c, kazao je u emisiji Kompas RTV-a Herceg-Bosne \u010dlan Predsjedni\u0161tva Hrvatskoga narodnog sabora Martin Ragu\u017e. Podr\u017eao je odluku HNS-a da se na izbore u listopadu iza\u0111e zajedni\u010dki s jednim [&hellip;]","og_url":"https:\/\/radioljubuski.ba\/index.php\/2022\/05\/25\/raguz-doslo-se-do-faze-beznada-borimo-se-i-izadimo-na-izbore-nitko-ne-smije-ostati-po-strani\/","og_site_name":"RADIO LJUBU\u0160KI","article_publisher":"https:\/\/www.facebook.com\/Radiio-Ljubuski-1490835324566332","article_published_time":"2022-05-25T13:29:26+00:00","article_modified_time":"2022-05-25T13:29:27+00:00","og_image":[{"width":848,"height":474,"url":"https:\/\/radioljubuski.ba\/wp-content\/uploads\/2022\/05\/Kompas-gost-Martin-Raguz.png","type":"image\/png"}],"author":"Radio Ljubu\u0161ki","twitter_card":"summary_large_image","twitter_creator":"@radioljubuski","twitter_site":"@radioljubuski","twitter_misc":{"Napisao\/la":"Radio Ljubu\u0161ki","Procijenjeno vrijeme \u010ditanja":"2 minute"},"schema":{"@context":"https:\/\/schema.org","@graph":[{"@type":"Article","@id":"https:\/\/radioljubuski.ba\/index.php\/2022\/05\/25\/raguz-doslo-se-do-faze-beznada-borimo-se-i-izadimo-na-izbore-nitko-ne-smije-ostati-po-strani\/#article","isPartOf":{"@id":"https:\/\/radioljubuski.ba\/index.php\/2022\/05\/25\/raguz-doslo-se-do-faze-beznada-borimo-se-i-izadimo-na-izbore-nitko-ne-smije-ostati-po-strani\/"},"author":{"name":"Radio Ljubu\u0161ki","@id":"https:\/\/radioljubuski.ba\/#\/schema\/person\/19fc700381a780f69665d7956c469e3b"},"headline":"Ragu\u017e: Do\u0161lo se do faze bezna\u0111a, borimo se i iza\u0111imo na izbore \u2013 nitko ne smije ostati po strani","datePublished":"2022-05-25T13:29:26+00:00","dateModified":"2022-05-25T13:29:27+00:00","mainEntityOfPage":{"@id":"https:\/\/radioljubuski.ba\/index.php\/2022\/05\/25\/raguz-doslo-se-do-faze-beznada-borimo-se-i-izadimo-na-izbore-nitko-ne-smije-ostati-po-strani\/"},"wordCount":378,"publisher":{"@id":"https:\/\/radioljubuski.ba\/#organization"},"image":{"@id":"https:\/\/radioljubuski.ba\/index.php\/2022\/05\/25\/raguz-doslo-se-do-faze-beznada-borimo-se-i-izadimo-na-izbore-nitko-ne-smije-ostati-po-strani\/#primaryimage"},"thumbnailUrl":"https:\/\/radioljubuski.ba\/wp-content\/uploads\/2022\/05\/Kompas-gost-Martin-Raguz.png","articleSection":["BIH i regija"],"inLanguage":"hr"},{"@type":"WebPage","@id":"https:\/\/radioljubuski.ba\/index.php\/2022\/05\/25\/raguz-doslo-se-do-faze-beznada-borimo-se-i-izadimo-na-izbore-nitko-ne-smije-ostati-po-strani\/","url":"https:\/\/radioljubuski.ba\/index.php\/2022\/05\/25\/raguz-doslo-se-do-faze-beznada-borimo-se-i-izadimo-na-izbore-nitko-ne-smije-ostati-po-strani\/","name":"Ragu\u017e: Do\u0161lo se do faze bezna\u0111a, borimo se i iza\u0111imo na izbore \u2013 nitko ne smije ostati po strani - RADIO LJUBU\u0160KI","isPartOf":{"@id":"https:\/\/radioljubuski.ba\/#website"},"primaryImageOfPage":{"@id":"https:\/\/radioljubuski.ba\/index.php\/2022\/05\/25\/raguz-doslo-se-do-faze-beznada-borimo-se-i-izadimo-na-izbore-nitko-ne-smije-ostati-po-strani\/#primaryimage"},"image":{"@id":"https:\/\/radioljubuski.ba\/index.php\/2022\/05\/25\/raguz-doslo-se-do-faze-beznada-borimo-se-i-izadimo-na-izbore-nitko-ne-smije-ostati-po-strani\/#primaryimage"},"thumbnailUrl":"https:\/\/radioljubuski.ba\/wp-content\/uploads\/2022\/05\/Kompas-gost-Martin-Raguz.png","datePublished":"2022-05-25T13:29:26+00:00","dateModified":"2022-05-25T13:29:27+00:00","breadcrumb":{"@id":"https:\/\/radioljubuski.ba\/index.php\/2022\/05\/25\/raguz-doslo-se-do-faze-beznada-borimo-se-i-izadimo-na-izbore-nitko-ne-smije-ostati-po-strani\/#breadcrumb"},"inLanguage":"hr","potentialAction":[{"@type":"ReadAction","target":["https:\/\/radioljubuski.ba\/index.php\/2022\/05\/25\/raguz-doslo-se-do-faze-beznada-borimo-se-i-izadimo-na-izbore-nitko-ne-smije-ostati-po-strani\/"]}]},{"@type":"ImageObject","inLanguage":"hr","@id":"https:\/\/radioljubuski.ba\/index.php\/2022\/05\/25\/raguz-doslo-se-do-faze-beznada-borimo-se-i-izadimo-na-izbore-nitko-ne-smije-ostati-po-strani\/#primaryimage","url":"https:\/\/radioljubuski.ba\/wp-content\/uploads\/2022\/05\/Kompas-gost-Martin-Raguz.png","contentUrl":"https:\/\/radioljubuski.ba\/wp-content\/uploads\/2022\/05\/Kompas-gost-Martin-Raguz.png","width":848,"height":474},{"@type":"BreadcrumbList","@id":"https:\/\/radioljubuski.ba\/index.php\/2022\/05\/25\/raguz-doslo-se-do-faze-beznada-borimo-se-i-izadimo-na-izbore-nitko-ne-smije-ostati-po-strani\/#breadcrumb","itemListElement":[{"@type":"ListItem","position":1,"name":"Po\u010detna stranica","item":"https:\/\/radioljubuski.ba\/"},{"@type":"ListItem","position":2,"name":"Ragu\u017e: Do\u0161lo se do faze bezna\u0111a, borimo se i iza\u0111imo na izbore \u2013 nitko ne smije ostati po strani"}]},{"@type":"WebSite","@id":"https:\/\/radioljubuski.ba\/#website","url":"https:\/\/radioljubuski.ba\/","name":"Radio Ljubu\u0161ki","description":"Sun\u010dana frekvencija Hercegovine","publisher":{"@id":"https:\/\/radioljubuski.ba\/#organization"},"potentialAction":[{"@type":"SearchAction","target":{"@type":"EntryPoint","urlTemplate":"https:\/\/radioljubuski.ba\/?s={search_term_string}"},"query-input":{"@type":"PropertyValueSpecification","valueRequired":true,"valueName":"search_term_string"}}],"inLanguage":"hr"},{"@type":"Organization","@id":"https:\/\/radioljubuski.ba\/#organization","name":"Radio Ljubu\u0161ki","url":"https:\/\/radioljubuski.ba\/","logo":{"@type":"ImageObject","inLanguage":"hr","@id":"https:\/\/radioljubuski.ba\/#\/schema\/logo\/image\/","url":"https:\/\/radioljubuski.ba\/wp-content\/uploads\/2021\/02\/cropped-Radio_Ljubuski_logo1.jpg","contentUrl":"https:\/\/radioljubuski.ba\/wp-content\/uploads\/2021\/02\/cropped-Radio_Ljubuski_logo1.jpg","width":512,"height":512,"caption":"Radio Ljubu\u0161ki"},"image":{"@id":"https:\/\/radioljubuski.ba\/#\/schema\/logo\/image\/"},"sameAs":["https:\/\/www.facebook.com\/Radiio-Ljubuski-1490835324566332","https:\/\/x.com\/radioljubuski","https:\/\/hr.linkedin.com\/company\/radio-ljubuski","https:\/\/www.youtube.com\/channel\/UCHYaeO_n0Db3tjNGudGpXyw"]},{"@type":"Person","@id":"https:\/\/radioljubuski.ba\/#\/schema\/person\/19fc700381a780f69665d7956c469e3b","name":"Radio Ljubu\u0161ki"}]}},"_links":{"self":[{"href":"https:\/\/radioljubuski.ba\/index.php\/wp-json\/wp\/v2\/posts\/143895","targetHints":{"allow":["GET"]}}],"collection":[{"href":"https:\/\/radioljubuski.ba\/index.php\/wp-json\/wp\/v2\/posts"}],"about":[{"href":"https:\/\/radioljubuski.ba\/index.php\/wp-json\/wp\/v2\/types\/post"}],"author":[{"embeddable":true,"href":"https:\/\/radioljubuski.ba\/index.php\/wp-json\/wp\/v2\/users\/2"}],"replies":[{"embeddable":true,"href":"https:\/\/radioljubuski.ba\/index.php\/wp-json\/wp\/v2\/comments?post=143895"}],"version-history":[{"count":1,"href":"https:\/\/radioljubuski.ba\/index.php\/wp-json\/wp\/v2\/posts\/143895\/revisions"}],"predecessor-version":[{"id":143897,"href":"https:\/\/radioljubuski.ba\/index.php\/wp-json\/wp\/v2\/posts\/143895\/revisions\/143897"}],"wp:featuredmedia":[{"embeddable":true,"href":"https:\/\/radioljubuski.ba\/index.php\/wp-json\/wp\/v2\/media\/143896"}],"wp:attachment":[{"href":"https:\/\/radioljubuski.ba\/index.php\/wp-json\/wp\/v2\/media?parent=143895"}],"wp:term":[{"taxonomy":"category","embeddable":true,"href":"https:\/\/radioljubuski.ba\/index.php\/wp-json\/wp\/v2\/categories?post=143895"},{"taxonomy":"post_tag","embeddable":true,"href":"https:\/\/radioljubuski.ba\/index.php\/wp-json\/wp\/v2\/tags?post=143895"}],"curies":[{"name":"wp","href":"https:\/\/api.w.org\/{rel}","templated":true}]}}