{"id":143898,"date":"2022-05-25T14:31:04","date_gmt":"2022-05-25T13:31:04","guid":{"rendered":"https:\/\/radioljubuski.ba\/?p=143898"},"modified":"2022-05-25T14:31:05","modified_gmt":"2022-05-25T13:31:05","slug":"kordic-izaslanstvu-slovacke-naglasio-vaznost-promjene-izbornog-zakona","status":"publish","type":"post","link":"https:\/\/radioljubuski.ba\/index.php\/2022\/05\/25\/kordic-izaslanstvu-slovacke-naglasio-vaznost-promjene-izbornog-zakona\/","title":{"rendered":"Kordi\u0107 izaslanstvu Slova\u010dke naglasio va\u017enost promjene Izbornog zakona"},"content":{"rendered":"\n<p><strong>Gradona\u010delnik Mostara Mario Kordi\u0107 danas se u Gradskoj vije\u0107nici sastao sa izaslanstvom Republike Slova\u010dke koje su \u010dinili zamjenica ministra vanjskih i europskog poslova Slova\u010dke Ingrid Brockova, veleposlanik Slova\u010dke u BiH Martin Ka\u010do i zamjenik veleposlanika Patrik Turo\u0161ik, u pratnji Rajka Zelenike, po\u010dasnog konzula Slova\u010dke u BiH, javlja Hrvatski Medijski Servis.<\/strong><\/p>\n\n\n\n<p>Gradona\u010delnik Kordi\u0107 upoznao je \u010dlanove izaslanstva s aktualnom politi\u010dkom situacijom u Mostaru i Bosni i Hercegovini. Naglasio je \u010dinjenicu kako je novi Izborni zakon za Grad Mostar omogu\u0107io ravnopravnost svih naroda u gradu, te kako bi po istom principu trebao biti ura\u0111en i Izborni zakon na dr\u017eavnoj razini.<\/p>\n\n\n\n<p>Kordi\u0107 je podsjetio kako je dogovor o Izbornom zakonu u Mostaru uklju\u010divao i dogovor oko promjena Izbornog zakona na dr\u017eavnoj razini, ali taj proces jo\u0161 nije zavr\u0161en. On je naglasio va\u017enost izmjene Izbornog zakona kako bi se po\u010deli baviti ekonomskim pitanjima koja su va\u017ena za \u017eivot gra\u0111ana.<\/p>\n\n\n\n<p>Zamjenica ministra vanjskih i europskih poslova Slova\u010dke Ingrid Brockova istaknula je spremnost Slova\u010dke pomo\u0107i BiH u procesu ulaska u Europsku uniju. Navode\u0107i kako je slova\u010dko dru\u0161tvo pro\u0161lo kroz proces tranzicije, te svojim iskustvom mo\u017ee pomo\u0107i pokretanju procesa u na\u0161oj zemlji.<\/p>\n\n\n\n<p>Predstavnica izaslanstva Slova\u010dke i gradona\u010delnik Kordi\u0107 razmijenili su darove i poslali pozitivne poruke o va\u017enosti me\u0111usobne suradnje i po\u0161tovanja u svim segmentima dru\u0161tva.<\/p>\n\n\n\n<p>\/HMS\/<\/p>\n","protected":false},"excerpt":{"rendered":"<p>Gradona\u010delnik Mostara Mario Kordi\u0107 danas se u Gradskoj vije\u0107nici sastao sa izaslanstvom Republike Slova\u010dke koje su \u010dinili zamjenica ministra vanjskih i europskog poslova Slova\u010dke Ingrid Brockova, veleposlanik Slova\u010dke u BiH Martin Ka\u010do i zamjenik veleposlanika Patrik Turo\u0161ik, u pratnji Rajka Zelenike, po\u010dasnog konzula Slova\u010dke u BiH, javlja Hrvatski Medijski Servis. Gradona\u010delnik Kordi\u0107 upoznao je \u010dlanove [&hellip;]<\/p>\n","protected":false},"author":2,"featured_media":143899,"comment_status":"closed","ping_status":"closed","sticky":false,"template":"","format":"standard","meta":{"h5ap_radio_sources":[],"footnotes":""},"categories":[1],"tags":[],"class_list":["post-143898","post","type-post","status-publish","format-standard","has-post-thumbnail","hentry","category-bihiregija"],"yoast_head":"<!-- This site is optimized with the Yoast SEO plugin v27.5 - https:\/\/yoast.com\/product\/yoast-seo-wordpress\/ -->\n<title>Kordi\u0107 izaslanstvu Slova\u010dke naglasio va\u017enost promjene Izbornog zakona - RADIO LJUBU\u0160KI<\/title>\n<meta name=\"robots\" content=\"index, follow, max-snippet:-1, max-image-preview:large, max-video-preview:-1\" \/>\n<link rel=\"canonical\" href=\"https:\/\/radioljubuski.ba\/index.php\/2022\/05\/25\/kordic-izaslanstvu-slovacke-naglasio-vaznost-promjene-izbornog-zakona\/\" \/>\n<meta property=\"og:locale\" content=\"hr_HR\" \/>\n<meta property=\"og:type\" content=\"article\" \/>\n<meta property=\"og:title\" content=\"Kordi\u0107 izaslanstvu Slova\u010dke naglasio va\u017enost promjene Izbornog zakona - RADIO LJUBU\u0160KI\" \/>\n<meta property=\"og:description\" content=\"Gradona\u010delnik Mostara Mario Kordi\u0107 danas se u Gradskoj vije\u0107nici sastao sa izaslanstvom Republike Slova\u010dke koje su \u010dinili zamjenica ministra vanjskih i europskog poslova Slova\u010dke Ingrid Brockova, veleposlanik Slova\u010dke u BiH Martin Ka\u010do i zamjenik veleposlanika Patrik Turo\u0161ik, u pratnji Rajka Zelenike, po\u010dasnog konzula Slova\u010dke u BiH, javlja Hrvatski Medijski Servis. Gradona\u010delnik Kordi\u0107 upoznao je \u010dlanove [&hellip;]\" \/>\n<meta property=\"og:url\" content=\"https:\/\/radioljubuski.ba\/index.php\/2022\/05\/25\/kordic-izaslanstvu-slovacke-naglasio-vaznost-promjene-izbornog-zakona\/\" \/>\n<meta property=\"og:site_name\" content=\"RADIO LJUBU\u0160KI\" \/>\n<meta property=\"article:publisher\" content=\"https:\/\/www.facebook.com\/Radiio-Ljubuski-1490835324566332\" \/>\n<meta property=\"article:published_time\" content=\"2022-05-25T13:31:04+00:00\" \/>\n<meta property=\"article:modified_time\" content=\"2022-05-25T13:31:05+00:00\" \/>\n<meta property=\"og:image\" content=\"https:\/\/radioljubuski.ba\/wp-content\/uploads\/2022\/05\/Posjet-slovackog-izaslanstva-Gradonacelnik-e1653484860656.jpg\" \/>\n\t<meta property=\"og:image:width\" content=\"858\" \/>\n\t<meta property=\"og:image:height\" content=\"433\" \/>\n\t<meta property=\"og:image:type\" content=\"image\/jpeg\" \/>\n<meta name=\"author\" content=\"Radio Ljubu\u0161ki\" \/>\n<meta name=\"twitter:card\" content=\"summary_large_image\" \/>\n<meta name=\"twitter:creator\" content=\"@radioljubuski\" \/>\n<meta name=\"twitter:site\" content=\"@radioljubuski\" \/>\n<meta name=\"twitter:label1\" content=\"Napisao\/la\" \/>\n\t<meta name=\"twitter:data1\" content=\"Radio Ljubu\u0161ki\" \/>\n\t<meta name=\"twitter:label2\" content=\"Procijenjeno vrijeme \u010ditanja\" \/>\n\t<meta name=\"twitter:data2\" content=\"1 minuta\" \/>\n<script type=\"application\/ld+json\" class=\"yoast-schema-graph\">{\"@context\":\"https:\\\/\\\/schema.org\",\"@graph\":[{\"@type\":\"Article\",\"@id\":\"https:\\\/\\\/radioljubuski.ba\\\/index.php\\\/2022\\\/05\\\/25\\\/kordic-izaslanstvu-slovacke-naglasio-vaznost-promjene-izbornog-zakona\\\/#article\",\"isPartOf\":{\"@id\":\"https:\\\/\\\/radioljubuski.ba\\\/index.php\\\/2022\\\/05\\\/25\\\/kordic-izaslanstvu-slovacke-naglasio-vaznost-promjene-izbornog-zakona\\\/\"},\"author\":{\"name\":\"Radio Ljubu\u0161ki\",\"@id\":\"https:\\\/\\\/radioljubuski.ba\\\/#\\\/schema\\\/person\\\/19fc700381a780f69665d7956c469e3b\"},\"headline\":\"Kordi\u0107 izaslanstvu Slova\u010dke naglasio va\u017enost promjene Izbornog zakona\",\"datePublished\":\"2022-05-25T13:31:04+00:00\",\"dateModified\":\"2022-05-25T13:31:05+00:00\",\"mainEntityOfPage\":{\"@id\":\"https:\\\/\\\/radioljubuski.ba\\\/index.php\\\/2022\\\/05\\\/25\\\/kordic-izaslanstvu-slovacke-naglasio-vaznost-promjene-izbornog-zakona\\\/\"},\"wordCount\":256,\"publisher\":{\"@id\":\"https:\\\/\\\/radioljubuski.ba\\\/#organization\"},\"image\":{\"@id\":\"https:\\\/\\\/radioljubuski.ba\\\/index.php\\\/2022\\\/05\\\/25\\\/kordic-izaslanstvu-slovacke-naglasio-vaznost-promjene-izbornog-zakona\\\/#primaryimage\"},\"thumbnailUrl\":\"https:\\\/\\\/radioljubuski.ba\\\/wp-content\\\/uploads\\\/2022\\\/05\\\/Posjet-slovackog-izaslanstva-Gradonacelnik-e1653484860656.jpg\",\"articleSection\":[\"BIH i regija\"],\"inLanguage\":\"hr\"},{\"@type\":\"WebPage\",\"@id\":\"https:\\\/\\\/radioljubuski.ba\\\/index.php\\\/2022\\\/05\\\/25\\\/kordic-izaslanstvu-slovacke-naglasio-vaznost-promjene-izbornog-zakona\\\/\",\"url\":\"https:\\\/\\\/radioljubuski.ba\\\/index.php\\\/2022\\\/05\\\/25\\\/kordic-izaslanstvu-slovacke-naglasio-vaznost-promjene-izbornog-zakona\\\/\",\"name\":\"Kordi\u0107 izaslanstvu Slova\u010dke naglasio va\u017enost promjene Izbornog zakona - RADIO LJUBU\u0160KI\",\"isPartOf\":{\"@id\":\"https:\\\/\\\/radioljubuski.ba\\\/#website\"},\"primaryImageOfPage\":{\"@id\":\"https:\\\/\\\/radioljubuski.ba\\\/index.php\\\/2022\\\/05\\\/25\\\/kordic-izaslanstvu-slovacke-naglasio-vaznost-promjene-izbornog-zakona\\\/#primaryimage\"},\"image\":{\"@id\":\"https:\\\/\\\/radioljubuski.ba\\\/index.php\\\/2022\\\/05\\\/25\\\/kordic-izaslanstvu-slovacke-naglasio-vaznost-promjene-izbornog-zakona\\\/#primaryimage\"},\"thumbnailUrl\":\"https:\\\/\\\/radioljubuski.ba\\\/wp-content\\\/uploads\\\/2022\\\/05\\\/Posjet-slovackog-izaslanstva-Gradonacelnik-e1653484860656.jpg\",\"datePublished\":\"2022-05-25T13:31:04+00:00\",\"dateModified\":\"2022-05-25T13:31:05+00:00\",\"breadcrumb\":{\"@id\":\"https:\\\/\\\/radioljubuski.ba\\\/index.php\\\/2022\\\/05\\\/25\\\/kordic-izaslanstvu-slovacke-naglasio-vaznost-promjene-izbornog-zakona\\\/#breadcrumb\"},\"inLanguage\":\"hr\",\"potentialAction\":[{\"@type\":\"ReadAction\",\"target\":[\"https:\\\/\\\/radioljubuski.ba\\\/index.php\\\/2022\\\/05\\\/25\\\/kordic-izaslanstvu-slovacke-naglasio-vaznost-promjene-izbornog-zakona\\\/\"]}]},{\"@type\":\"ImageObject\",\"inLanguage\":\"hr\",\"@id\":\"https:\\\/\\\/radioljubuski.ba\\\/index.php\\\/2022\\\/05\\\/25\\\/kordic-izaslanstvu-slovacke-naglasio-vaznost-promjene-izbornog-zakona\\\/#primaryimage\",\"url\":\"https:\\\/\\\/radioljubuski.ba\\\/wp-content\\\/uploads\\\/2022\\\/05\\\/Posjet-slovackog-izaslanstva-Gradonacelnik-e1653484860656.jpg\",\"contentUrl\":\"https:\\\/\\\/radioljubuski.ba\\\/wp-content\\\/uploads\\\/2022\\\/05\\\/Posjet-slovackog-izaslanstva-Gradonacelnik-e1653484860656.jpg\",\"width\":858,\"height\":433},{\"@type\":\"BreadcrumbList\",\"@id\":\"https:\\\/\\\/radioljubuski.ba\\\/index.php\\\/2022\\\/05\\\/25\\\/kordic-izaslanstvu-slovacke-naglasio-vaznost-promjene-izbornog-zakona\\\/#breadcrumb\",\"itemListElement\":[{\"@type\":\"ListItem\",\"position\":1,\"name\":\"Po\u010detna stranica\",\"item\":\"https:\\\/\\\/radioljubuski.ba\\\/\"},{\"@type\":\"ListItem\",\"position\":2,\"name\":\"Kordi\u0107 izaslanstvu Slova\u010dke naglasio va\u017enost promjene Izbornog zakona\"}]},{\"@type\":\"WebSite\",\"@id\":\"https:\\\/\\\/radioljubuski.ba\\\/#website\",\"url\":\"https:\\\/\\\/radioljubuski.ba\\\/\",\"name\":\"Radio Ljubu\u0161ki\",\"description\":\"Sun\u010dana frekvencija Hercegovine\",\"publisher\":{\"@id\":\"https:\\\/\\\/radioljubuski.ba\\\/#organization\"},\"potentialAction\":[{\"@type\":\"SearchAction\",\"target\":{\"@type\":\"EntryPoint\",\"urlTemplate\":\"https:\\\/\\\/radioljubuski.ba\\\/?s={search_term_string}\"},\"query-input\":{\"@type\":\"PropertyValueSpecification\",\"valueRequired\":true,\"valueName\":\"search_term_string\"}}],\"inLanguage\":\"hr\"},{\"@type\":\"Organization\",\"@id\":\"https:\\\/\\\/radioljubuski.ba\\\/#organization\",\"name\":\"Radio Ljubu\u0161ki\",\"url\":\"https:\\\/\\\/radioljubuski.ba\\\/\",\"logo\":{\"@type\":\"ImageObject\",\"inLanguage\":\"hr\",\"@id\":\"https:\\\/\\\/radioljubuski.ba\\\/#\\\/schema\\\/logo\\\/image\\\/\",\"url\":\"https:\\\/\\\/radioljubuski.ba\\\/wp-content\\\/uploads\\\/2021\\\/02\\\/cropped-Radio_Ljubuski_logo1.jpg\",\"contentUrl\":\"https:\\\/\\\/radioljubuski.ba\\\/wp-content\\\/uploads\\\/2021\\\/02\\\/cropped-Radio_Ljubuski_logo1.jpg\",\"width\":512,\"height\":512,\"caption\":\"Radio Ljubu\u0161ki\"},\"image\":{\"@id\":\"https:\\\/\\\/radioljubuski.ba\\\/#\\\/schema\\\/logo\\\/image\\\/\"},\"sameAs\":[\"https:\\\/\\\/www.facebook.com\\\/Radiio-Ljubuski-1490835324566332\",\"https:\\\/\\\/x.com\\\/radioljubuski\",\"https:\\\/\\\/hr.linkedin.com\\\/company\\\/radio-ljubuski\",\"https:\\\/\\\/www.youtube.com\\\/channel\\\/UCHYaeO_n0Db3tjNGudGpXyw\"]},{\"@type\":\"Person\",\"@id\":\"https:\\\/\\\/radioljubuski.ba\\\/#\\\/schema\\\/person\\\/19fc700381a780f69665d7956c469e3b\",\"name\":\"Radio Ljubu\u0161ki\"}]}<\/script>\n<!-- \/ Yoast SEO plugin. -->","yoast_head_json":{"title":"Kordi\u0107 izaslanstvu Slova\u010dke naglasio va\u017enost promjene Izbornog zakona - RADIO LJUBU\u0160KI","robots":{"index":"index","follow":"follow","max-snippet":"max-snippet:-1","max-image-preview":"max-image-preview:large","max-video-preview":"max-video-preview:-1"},"canonical":"https:\/\/radioljubuski.ba\/index.php\/2022\/05\/25\/kordic-izaslanstvu-slovacke-naglasio-vaznost-promjene-izbornog-zakona\/","og_locale":"hr_HR","og_type":"article","og_title":"Kordi\u0107 izaslanstvu Slova\u010dke naglasio va\u017enost promjene Izbornog zakona - RADIO LJUBU\u0160KI","og_description":"Gradona\u010delnik Mostara Mario Kordi\u0107 danas se u Gradskoj vije\u0107nici sastao sa izaslanstvom Republike Slova\u010dke koje su \u010dinili zamjenica ministra vanjskih i europskog poslova Slova\u010dke Ingrid Brockova, veleposlanik Slova\u010dke u BiH Martin Ka\u010do i zamjenik veleposlanika Patrik Turo\u0161ik, u pratnji Rajka Zelenike, po\u010dasnog konzula Slova\u010dke u BiH, javlja Hrvatski Medijski Servis. Gradona\u010delnik Kordi\u0107 upoznao je \u010dlanove [&hellip;]","og_url":"https:\/\/radioljubuski.ba\/index.php\/2022\/05\/25\/kordic-izaslanstvu-slovacke-naglasio-vaznost-promjene-izbornog-zakona\/","og_site_name":"RADIO LJUBU\u0160KI","article_publisher":"https:\/\/www.facebook.com\/Radiio-Ljubuski-1490835324566332","article_published_time":"2022-05-25T13:31:04+00:00","article_modified_time":"2022-05-25T13:31:05+00:00","og_image":[{"width":858,"height":433,"url":"https:\/\/radioljubuski.ba\/wp-content\/uploads\/2022\/05\/Posjet-slovackog-izaslanstva-Gradonacelnik-e1653484860656.jpg","type":"image\/jpeg"}],"author":"Radio Ljubu\u0161ki","twitter_card":"summary_large_image","twitter_creator":"@radioljubuski","twitter_site":"@radioljubuski","twitter_misc":{"Napisao\/la":"Radio Ljubu\u0161ki","Procijenjeno vrijeme \u010ditanja":"1 minuta"},"schema":{"@context":"https:\/\/schema.org","@graph":[{"@type":"Article","@id":"https:\/\/radioljubuski.ba\/index.php\/2022\/05\/25\/kordic-izaslanstvu-slovacke-naglasio-vaznost-promjene-izbornog-zakona\/#article","isPartOf":{"@id":"https:\/\/radioljubuski.ba\/index.php\/2022\/05\/25\/kordic-izaslanstvu-slovacke-naglasio-vaznost-promjene-izbornog-zakona\/"},"author":{"name":"Radio Ljubu\u0161ki","@id":"https:\/\/radioljubuski.ba\/#\/schema\/person\/19fc700381a780f69665d7956c469e3b"},"headline":"Kordi\u0107 izaslanstvu Slova\u010dke naglasio va\u017enost promjene Izbornog zakona","datePublished":"2022-05-25T13:31:04+00:00","dateModified":"2022-05-25T13:31:05+00:00","mainEntityOfPage":{"@id":"https:\/\/radioljubuski.ba\/index.php\/2022\/05\/25\/kordic-izaslanstvu-slovacke-naglasio-vaznost-promjene-izbornog-zakona\/"},"wordCount":256,"publisher":{"@id":"https:\/\/radioljubuski.ba\/#organization"},"image":{"@id":"https:\/\/radioljubuski.ba\/index.php\/2022\/05\/25\/kordic-izaslanstvu-slovacke-naglasio-vaznost-promjene-izbornog-zakona\/#primaryimage"},"thumbnailUrl":"https:\/\/radioljubuski.ba\/wp-content\/uploads\/2022\/05\/Posjet-slovackog-izaslanstva-Gradonacelnik-e1653484860656.jpg","articleSection":["BIH i regija"],"inLanguage":"hr"},{"@type":"WebPage","@id":"https:\/\/radioljubuski.ba\/index.php\/2022\/05\/25\/kordic-izaslanstvu-slovacke-naglasio-vaznost-promjene-izbornog-zakona\/","url":"https:\/\/radioljubuski.ba\/index.php\/2022\/05\/25\/kordic-izaslanstvu-slovacke-naglasio-vaznost-promjene-izbornog-zakona\/","name":"Kordi\u0107 izaslanstvu Slova\u010dke naglasio va\u017enost promjene Izbornog zakona - RADIO LJUBU\u0160KI","isPartOf":{"@id":"https:\/\/radioljubuski.ba\/#website"},"primaryImageOfPage":{"@id":"https:\/\/radioljubuski.ba\/index.php\/2022\/05\/25\/kordic-izaslanstvu-slovacke-naglasio-vaznost-promjene-izbornog-zakona\/#primaryimage"},"image":{"@id":"https:\/\/radioljubuski.ba\/index.php\/2022\/05\/25\/kordic-izaslanstvu-slovacke-naglasio-vaznost-promjene-izbornog-zakona\/#primaryimage"},"thumbnailUrl":"https:\/\/radioljubuski.ba\/wp-content\/uploads\/2022\/05\/Posjet-slovackog-izaslanstva-Gradonacelnik-e1653484860656.jpg","datePublished":"2022-05-25T13:31:04+00:00","dateModified":"2022-05-25T13:31:05+00:00","breadcrumb":{"@id":"https:\/\/radioljubuski.ba\/index.php\/2022\/05\/25\/kordic-izaslanstvu-slovacke-naglasio-vaznost-promjene-izbornog-zakona\/#breadcrumb"},"inLanguage":"hr","potentialAction":[{"@type":"ReadAction","target":["https:\/\/radioljubuski.ba\/index.php\/2022\/05\/25\/kordic-izaslanstvu-slovacke-naglasio-vaznost-promjene-izbornog-zakona\/"]}]},{"@type":"ImageObject","inLanguage":"hr","@id":"https:\/\/radioljubuski.ba\/index.php\/2022\/05\/25\/kordic-izaslanstvu-slovacke-naglasio-vaznost-promjene-izbornog-zakona\/#primaryimage","url":"https:\/\/radioljubuski.ba\/wp-content\/uploads\/2022\/05\/Posjet-slovackog-izaslanstva-Gradonacelnik-e1653484860656.jpg","contentUrl":"https:\/\/radioljubuski.ba\/wp-content\/uploads\/2022\/05\/Posjet-slovackog-izaslanstva-Gradonacelnik-e1653484860656.jpg","width":858,"height":433},{"@type":"BreadcrumbList","@id":"https:\/\/radioljubuski.ba\/index.php\/2022\/05\/25\/kordic-izaslanstvu-slovacke-naglasio-vaznost-promjene-izbornog-zakona\/#breadcrumb","itemListElement":[{"@type":"ListItem","position":1,"name":"Po\u010detna stranica","item":"https:\/\/radioljubuski.ba\/"},{"@type":"ListItem","position":2,"name":"Kordi\u0107 izaslanstvu Slova\u010dke naglasio va\u017enost promjene Izbornog zakona"}]},{"@type":"WebSite","@id":"https:\/\/radioljubuski.ba\/#website","url":"https:\/\/radioljubuski.ba\/","name":"Radio Ljubu\u0161ki","description":"Sun\u010dana frekvencija Hercegovine","publisher":{"@id":"https:\/\/radioljubuski.ba\/#organization"},"potentialAction":[{"@type":"SearchAction","target":{"@type":"EntryPoint","urlTemplate":"https:\/\/radioljubuski.ba\/?s={search_term_string}"},"query-input":{"@type":"PropertyValueSpecification","valueRequired":true,"valueName":"search_term_string"}}],"inLanguage":"hr"},{"@type":"Organization","@id":"https:\/\/radioljubuski.ba\/#organization","name":"Radio Ljubu\u0161ki","url":"https:\/\/radioljubuski.ba\/","logo":{"@type":"ImageObject","inLanguage":"hr","@id":"https:\/\/radioljubuski.ba\/#\/schema\/logo\/image\/","url":"https:\/\/radioljubuski.ba\/wp-content\/uploads\/2021\/02\/cropped-Radio_Ljubuski_logo1.jpg","contentUrl":"https:\/\/radioljubuski.ba\/wp-content\/uploads\/2021\/02\/cropped-Radio_Ljubuski_logo1.jpg","width":512,"height":512,"caption":"Radio Ljubu\u0161ki"},"image":{"@id":"https:\/\/radioljubuski.ba\/#\/schema\/logo\/image\/"},"sameAs":["https:\/\/www.facebook.com\/Radiio-Ljubuski-1490835324566332","https:\/\/x.com\/radioljubuski","https:\/\/hr.linkedin.com\/company\/radio-ljubuski","https:\/\/www.youtube.com\/channel\/UCHYaeO_n0Db3tjNGudGpXyw"]},{"@type":"Person","@id":"https:\/\/radioljubuski.ba\/#\/schema\/person\/19fc700381a780f69665d7956c469e3b","name":"Radio Ljubu\u0161ki"}]}},"_links":{"self":[{"href":"https:\/\/radioljubuski.ba\/index.php\/wp-json\/wp\/v2\/posts\/143898","targetHints":{"allow":["GET"]}}],"collection":[{"href":"https:\/\/radioljubuski.ba\/index.php\/wp-json\/wp\/v2\/posts"}],"about":[{"href":"https:\/\/radioljubuski.ba\/index.php\/wp-json\/wp\/v2\/types\/post"}],"author":[{"embeddable":true,"href":"https:\/\/radioljubuski.ba\/index.php\/wp-json\/wp\/v2\/users\/2"}],"replies":[{"embeddable":true,"href":"https:\/\/radioljubuski.ba\/index.php\/wp-json\/wp\/v2\/comments?post=143898"}],"version-history":[{"count":1,"href":"https:\/\/radioljubuski.ba\/index.php\/wp-json\/wp\/v2\/posts\/143898\/revisions"}],"predecessor-version":[{"id":143900,"href":"https:\/\/radioljubuski.ba\/index.php\/wp-json\/wp\/v2\/posts\/143898\/revisions\/143900"}],"wp:featuredmedia":[{"embeddable":true,"href":"https:\/\/radioljubuski.ba\/index.php\/wp-json\/wp\/v2\/media\/143899"}],"wp:attachment":[{"href":"https:\/\/radioljubuski.ba\/index.php\/wp-json\/wp\/v2\/media?parent=143898"}],"wp:term":[{"taxonomy":"category","embeddable":true,"href":"https:\/\/radioljubuski.ba\/index.php\/wp-json\/wp\/v2\/categories?post=143898"},{"taxonomy":"post_tag","embeddable":true,"href":"https:\/\/radioljubuski.ba\/index.php\/wp-json\/wp\/v2\/tags?post=143898"}],"curies":[{"name":"wp","href":"https:\/\/api.w.org\/{rel}","templated":true}]}}