{"id":143901,"date":"2022-05-25T14:32:32","date_gmt":"2022-05-25T13:32:32","guid":{"rendered":"https:\/\/radioljubuski.ba\/?p=143901"},"modified":"2022-05-25T14:32:34","modified_gmt":"2022-05-25T13:32:34","slug":"capljina-dom-zdravlja-dobio-novo-vozilo-hitne-pomoci","status":"publish","type":"post","link":"https:\/\/radioljubuski.ba\/index.php\/2022\/05\/25\/capljina-dom-zdravlja-dobio-novo-vozilo-hitne-pomoci\/","title":{"rendered":"\u010capljina: Dom zdravlja dobio novo vozilo hitne pomo\u0107i"},"content":{"rendered":"\n<h5 class=\"wp-block-heading\"><strong>U dvori\u0161tu Doma zdravlja u \u010capljini izvr\u0161ena je primopredaja vozila hitne pomo\u0107i s obzirom na va\u017enost dobre tehni\u010dke opremljenosti kako bi se u svakom trenutku na prikladan na\u010din moglo odgovoriti potrebama pacijenata.<\/strong><\/h5>\n\n\n\n<p>Vozilo hitne pomo\u0107i Domu zdravlja \u010capljina <strong>darovao je Grad \u010capljina<\/strong> \u2013 gradona\u010delnik Smiljan Vidi\u0107.<\/p>\n\n\n\n<p>Sve\u010danoj <strong>primopredaji vozila sudjelovali su:&nbsp;<\/strong>gradona\u010delnik Smiljan Vidi\u0107 i ravnatelj Doma zdravlja \u010capljina Mladenko Krezi\u0107.<\/p>\n\n\n\n<p><strong>Vrijednost vozila<\/strong> je 144.400 KM.<\/p>\n\n\n\n<p>Odu\u0161evljenje poklonom nije krio ni <strong>ravnatelj Doma zdravlja \u010capljina<\/strong> Mladenko Krezi\u0107 koji je izjavio da je uz automobil do\u0161ao i dio opreme, dok dio opreme ve\u0107 postoji u Dom zdravlja, a <strong>bit \u0107e instaliran u automobil.&nbsp;<\/strong><\/p>\n\n\n\n<p><em>Bili smo <\/em><strong><em>deficitarni sa voznim parkom<\/em><\/strong><em> koji je star, a automobili se puno koriste. Ovo je zaista<\/em><strong><em> vozilo prve klase<\/em><\/strong><em> i jako \u0107e nam dobro do\u0107i. Od starih auta <\/em><strong><em>imamo dva defibrilatora<\/em><\/strong><em>, tako da njega imamo za potrebe i ovog vozila, kao i respirator. <\/em><strong><em>Lavovski dio<\/em><\/strong><em> posla je odra\u0111en, <\/em>kazao je Krezi\u0107.<\/p>\n\n\n\n<p>\u010capljinski Dom zdravlja ima <strong>\u010detiri vozila u svom voznom parku,<\/strong> koja su u dobrom stanju i par vozila koja se koriste za prvenstvene utakmice kao sanitetska vozila.<\/p>\n\n\n\n<p><em>Poslije donacije vozila HGSS-u \u010capljina <\/em><strong><em>donirali smo i vozilo<\/em><\/strong><em> za potrebe Udruge koja prevozi djecu sa pote\u0161ko\u0107ama u razvoju u Mostar, a danas evo doniramo vozilo i \u010dapljinskom Domu zdravlja. <\/em><strong><em>Lijepa je ovo prigoda<\/em><\/strong><em> za sve \u010capljinke i \u010capljince, a onda i Dom zdravlja. Dana\u0161njom donacijom Dom zdravlja, barem <\/em><strong><em>\u0161to se ti\u010de dijela<\/em><\/strong><em> koji se odnosi na sanitetska vozila, spada u red najbolje opremljenih u Hercegovini. Nikad ne mo\u017eete znati <\/em><strong><em>koliko \u0107e vam u jednoj smjeni trebati vozila,<\/em><\/strong><em> \u0161to za hitne slu\u010dajeve, \u0161to za redovite prijevoze pacijenata u Mostar. Usluge \u0107e biti <\/em><strong><em>podignute na vi\u0161u razinu<\/em><\/strong><em>, a to je ono \u0161to smo htjeli posti\u0107i,<\/em> izjavio je Vidi\u0107.<\/p>\n\n\n\n<p>Ovo je ujedno i <strong>podr\u0161ka Grada \u010capljine<\/strong> svim lije\u010dnicima i medicinskim radnicima koji <strong>ula\u017eu nadljudske napore<\/strong> kako bi gra\u0111anima \u010capljine pru\u017eili primjerenu zdravstvenu za\u0161titu.<\/p>\n\n\n\n<p>\/HMS\/<\/p>\n","protected":false},"excerpt":{"rendered":"<p>U dvori\u0161tu Doma zdravlja u \u010capljini izvr\u0161ena je primopredaja vozila hitne pomo\u0107i s obzirom na va\u017enost dobre tehni\u010dke opremljenosti kako bi se u svakom trenutku na prikladan na\u010din moglo odgovoriti potrebama pacijenata. Vozilo hitne pomo\u0107i Domu zdravlja \u010capljina darovao je Grad \u010capljina \u2013 gradona\u010delnik Smiljan Vidi\u0107. Sve\u010danoj primopredaji vozila sudjelovali su:&nbsp;gradona\u010delnik Smiljan Vidi\u0107 i ravnatelj [&hellip;]<\/p>\n","protected":false},"author":2,"featured_media":143902,"comment_status":"closed","ping_status":"closed","sticky":false,"template":"","format":"standard","meta":{"h5ap_radio_sources":[],"footnotes":""},"categories":[1],"tags":[],"class_list":["post-143901","post","type-post","status-publish","format-standard","has-post-thumbnail","hentry","category-bihiregija"],"yoast_head":"<!-- This site is optimized with the Yoast SEO plugin v27.5 - https:\/\/yoast.com\/product\/yoast-seo-wordpress\/ -->\n<title>\u010capljina: Dom zdravlja dobio novo vozilo hitne pomo\u0107i - RADIO LJUBU\u0160KI<\/title>\n<meta name=\"robots\" content=\"index, follow, max-snippet:-1, max-image-preview:large, max-video-preview:-1\" \/>\n<link rel=\"canonical\" href=\"https:\/\/radioljubuski.ba\/index.php\/2022\/05\/25\/capljina-dom-zdravlja-dobio-novo-vozilo-hitne-pomoci\/\" \/>\n<meta property=\"og:locale\" content=\"hr_HR\" \/>\n<meta property=\"og:type\" content=\"article\" \/>\n<meta property=\"og:title\" content=\"\u010capljina: Dom zdravlja dobio novo vozilo hitne pomo\u0107i - RADIO LJUBU\u0160KI\" \/>\n<meta property=\"og:description\" content=\"U dvori\u0161tu Doma zdravlja u \u010capljini izvr\u0161ena je primopredaja vozila hitne pomo\u0107i s obzirom na va\u017enost dobre tehni\u010dke opremljenosti kako bi se u svakom trenutku na prikladan na\u010din moglo odgovoriti potrebama pacijenata. Vozilo hitne pomo\u0107i Domu zdravlja \u010capljina darovao je Grad \u010capljina \u2013 gradona\u010delnik Smiljan Vidi\u0107. Sve\u010danoj primopredaji vozila sudjelovali su:&nbsp;gradona\u010delnik Smiljan Vidi\u0107 i ravnatelj [&hellip;]\" \/>\n<meta property=\"og:url\" content=\"https:\/\/radioljubuski.ba\/index.php\/2022\/05\/25\/capljina-dom-zdravlja-dobio-novo-vozilo-hitne-pomoci\/\" \/>\n<meta property=\"og:site_name\" content=\"RADIO LJUBU\u0160KI\" \/>\n<meta property=\"article:publisher\" content=\"https:\/\/www.facebook.com\/Radiio-Ljubuski-1490835324566332\" \/>\n<meta property=\"article:published_time\" content=\"2022-05-25T13:32:32+00:00\" \/>\n<meta property=\"article:modified_time\" content=\"2022-05-25T13:32:34+00:00\" \/>\n<meta property=\"og:image\" content=\"https:\/\/radioljubuski.ba\/wp-content\/uploads\/2022\/05\/primopredaja-vozila-capljina-810x608-1.jpg\" \/>\n\t<meta property=\"og:image:width\" content=\"810\" \/>\n\t<meta property=\"og:image:height\" content=\"608\" \/>\n\t<meta property=\"og:image:type\" content=\"image\/jpeg\" \/>\n<meta name=\"author\" content=\"Radio Ljubu\u0161ki\" \/>\n<meta name=\"twitter:card\" content=\"summary_large_image\" \/>\n<meta name=\"twitter:creator\" content=\"@radioljubuski\" \/>\n<meta name=\"twitter:site\" content=\"@radioljubuski\" \/>\n<meta name=\"twitter:label1\" content=\"Napisao\/la\" \/>\n\t<meta name=\"twitter:data1\" content=\"Radio Ljubu\u0161ki\" \/>\n\t<meta name=\"twitter:label2\" content=\"Procijenjeno vrijeme \u010ditanja\" \/>\n\t<meta name=\"twitter:data2\" content=\"2 minute\" \/>\n<script type=\"application\/ld+json\" class=\"yoast-schema-graph\">{\"@context\":\"https:\\\/\\\/schema.org\",\"@graph\":[{\"@type\":\"Article\",\"@id\":\"https:\\\/\\\/radioljubuski.ba\\\/index.php\\\/2022\\\/05\\\/25\\\/capljina-dom-zdravlja-dobio-novo-vozilo-hitne-pomoci\\\/#article\",\"isPartOf\":{\"@id\":\"https:\\\/\\\/radioljubuski.ba\\\/index.php\\\/2022\\\/05\\\/25\\\/capljina-dom-zdravlja-dobio-novo-vozilo-hitne-pomoci\\\/\"},\"author\":{\"name\":\"Radio Ljubu\u0161ki\",\"@id\":\"https:\\\/\\\/radioljubuski.ba\\\/#\\\/schema\\\/person\\\/19fc700381a780f69665d7956c469e3b\"},\"headline\":\"\u010capljina: Dom zdravlja dobio novo vozilo hitne pomo\u0107i\",\"datePublished\":\"2022-05-25T13:32:32+00:00\",\"dateModified\":\"2022-05-25T13:32:34+00:00\",\"mainEntityOfPage\":{\"@id\":\"https:\\\/\\\/radioljubuski.ba\\\/index.php\\\/2022\\\/05\\\/25\\\/capljina-dom-zdravlja-dobio-novo-vozilo-hitne-pomoci\\\/\"},\"wordCount\":350,\"publisher\":{\"@id\":\"https:\\\/\\\/radioljubuski.ba\\\/#organization\"},\"image\":{\"@id\":\"https:\\\/\\\/radioljubuski.ba\\\/index.php\\\/2022\\\/05\\\/25\\\/capljina-dom-zdravlja-dobio-novo-vozilo-hitne-pomoci\\\/#primaryimage\"},\"thumbnailUrl\":\"https:\\\/\\\/radioljubuski.ba\\\/wp-content\\\/uploads\\\/2022\\\/05\\\/primopredaja-vozila-capljina-810x608-1.jpg\",\"articleSection\":[\"BIH i regija\"],\"inLanguage\":\"hr\"},{\"@type\":\"WebPage\",\"@id\":\"https:\\\/\\\/radioljubuski.ba\\\/index.php\\\/2022\\\/05\\\/25\\\/capljina-dom-zdravlja-dobio-novo-vozilo-hitne-pomoci\\\/\",\"url\":\"https:\\\/\\\/radioljubuski.ba\\\/index.php\\\/2022\\\/05\\\/25\\\/capljina-dom-zdravlja-dobio-novo-vozilo-hitne-pomoci\\\/\",\"name\":\"\u010capljina: Dom zdravlja dobio novo vozilo hitne pomo\u0107i - RADIO LJUBU\u0160KI\",\"isPartOf\":{\"@id\":\"https:\\\/\\\/radioljubuski.ba\\\/#website\"},\"primaryImageOfPage\":{\"@id\":\"https:\\\/\\\/radioljubuski.ba\\\/index.php\\\/2022\\\/05\\\/25\\\/capljina-dom-zdravlja-dobio-novo-vozilo-hitne-pomoci\\\/#primaryimage\"},\"image\":{\"@id\":\"https:\\\/\\\/radioljubuski.ba\\\/index.php\\\/2022\\\/05\\\/25\\\/capljina-dom-zdravlja-dobio-novo-vozilo-hitne-pomoci\\\/#primaryimage\"},\"thumbnailUrl\":\"https:\\\/\\\/radioljubuski.ba\\\/wp-content\\\/uploads\\\/2022\\\/05\\\/primopredaja-vozila-capljina-810x608-1.jpg\",\"datePublished\":\"2022-05-25T13:32:32+00:00\",\"dateModified\":\"2022-05-25T13:32:34+00:00\",\"breadcrumb\":{\"@id\":\"https:\\\/\\\/radioljubuski.ba\\\/index.php\\\/2022\\\/05\\\/25\\\/capljina-dom-zdravlja-dobio-novo-vozilo-hitne-pomoci\\\/#breadcrumb\"},\"inLanguage\":\"hr\",\"potentialAction\":[{\"@type\":\"ReadAction\",\"target\":[\"https:\\\/\\\/radioljubuski.ba\\\/index.php\\\/2022\\\/05\\\/25\\\/capljina-dom-zdravlja-dobio-novo-vozilo-hitne-pomoci\\\/\"]}]},{\"@type\":\"ImageObject\",\"inLanguage\":\"hr\",\"@id\":\"https:\\\/\\\/radioljubuski.ba\\\/index.php\\\/2022\\\/05\\\/25\\\/capljina-dom-zdravlja-dobio-novo-vozilo-hitne-pomoci\\\/#primaryimage\",\"url\":\"https:\\\/\\\/radioljubuski.ba\\\/wp-content\\\/uploads\\\/2022\\\/05\\\/primopredaja-vozila-capljina-810x608-1.jpg\",\"contentUrl\":\"https:\\\/\\\/radioljubuski.ba\\\/wp-content\\\/uploads\\\/2022\\\/05\\\/primopredaja-vozila-capljina-810x608-1.jpg\",\"width\":810,\"height\":608},{\"@type\":\"BreadcrumbList\",\"@id\":\"https:\\\/\\\/radioljubuski.ba\\\/index.php\\\/2022\\\/05\\\/25\\\/capljina-dom-zdravlja-dobio-novo-vozilo-hitne-pomoci\\\/#breadcrumb\",\"itemListElement\":[{\"@type\":\"ListItem\",\"position\":1,\"name\":\"Po\u010detna stranica\",\"item\":\"https:\\\/\\\/radioljubuski.ba\\\/\"},{\"@type\":\"ListItem\",\"position\":2,\"name\":\"\u010capljina: Dom zdravlja dobio novo vozilo hitne pomo\u0107i\"}]},{\"@type\":\"WebSite\",\"@id\":\"https:\\\/\\\/radioljubuski.ba\\\/#website\",\"url\":\"https:\\\/\\\/radioljubuski.ba\\\/\",\"name\":\"Radio Ljubu\u0161ki\",\"description\":\"Sun\u010dana frekvencija Hercegovine\",\"publisher\":{\"@id\":\"https:\\\/\\\/radioljubuski.ba\\\/#organization\"},\"potentialAction\":[{\"@type\":\"SearchAction\",\"target\":{\"@type\":\"EntryPoint\",\"urlTemplate\":\"https:\\\/\\\/radioljubuski.ba\\\/?s={search_term_string}\"},\"query-input\":{\"@type\":\"PropertyValueSpecification\",\"valueRequired\":true,\"valueName\":\"search_term_string\"}}],\"inLanguage\":\"hr\"},{\"@type\":\"Organization\",\"@id\":\"https:\\\/\\\/radioljubuski.ba\\\/#organization\",\"name\":\"Radio Ljubu\u0161ki\",\"url\":\"https:\\\/\\\/radioljubuski.ba\\\/\",\"logo\":{\"@type\":\"ImageObject\",\"inLanguage\":\"hr\",\"@id\":\"https:\\\/\\\/radioljubuski.ba\\\/#\\\/schema\\\/logo\\\/image\\\/\",\"url\":\"https:\\\/\\\/radioljubuski.ba\\\/wp-content\\\/uploads\\\/2021\\\/02\\\/cropped-Radio_Ljubuski_logo1.jpg\",\"contentUrl\":\"https:\\\/\\\/radioljubuski.ba\\\/wp-content\\\/uploads\\\/2021\\\/02\\\/cropped-Radio_Ljubuski_logo1.jpg\",\"width\":512,\"height\":512,\"caption\":\"Radio Ljubu\u0161ki\"},\"image\":{\"@id\":\"https:\\\/\\\/radioljubuski.ba\\\/#\\\/schema\\\/logo\\\/image\\\/\"},\"sameAs\":[\"https:\\\/\\\/www.facebook.com\\\/Radiio-Ljubuski-1490835324566332\",\"https:\\\/\\\/x.com\\\/radioljubuski\",\"https:\\\/\\\/hr.linkedin.com\\\/company\\\/radio-ljubuski\",\"https:\\\/\\\/www.youtube.com\\\/channel\\\/UCHYaeO_n0Db3tjNGudGpXyw\"]},{\"@type\":\"Person\",\"@id\":\"https:\\\/\\\/radioljubuski.ba\\\/#\\\/schema\\\/person\\\/19fc700381a780f69665d7956c469e3b\",\"name\":\"Radio Ljubu\u0161ki\"}]}<\/script>\n<!-- \/ Yoast SEO plugin. -->","yoast_head_json":{"title":"\u010capljina: Dom zdravlja dobio novo vozilo hitne pomo\u0107i - RADIO LJUBU\u0160KI","robots":{"index":"index","follow":"follow","max-snippet":"max-snippet:-1","max-image-preview":"max-image-preview:large","max-video-preview":"max-video-preview:-1"},"canonical":"https:\/\/radioljubuski.ba\/index.php\/2022\/05\/25\/capljina-dom-zdravlja-dobio-novo-vozilo-hitne-pomoci\/","og_locale":"hr_HR","og_type":"article","og_title":"\u010capljina: Dom zdravlja dobio novo vozilo hitne pomo\u0107i - RADIO LJUBU\u0160KI","og_description":"U dvori\u0161tu Doma zdravlja u \u010capljini izvr\u0161ena je primopredaja vozila hitne pomo\u0107i s obzirom na va\u017enost dobre tehni\u010dke opremljenosti kako bi se u svakom trenutku na prikladan na\u010din moglo odgovoriti potrebama pacijenata. Vozilo hitne pomo\u0107i Domu zdravlja \u010capljina darovao je Grad \u010capljina \u2013 gradona\u010delnik Smiljan Vidi\u0107. Sve\u010danoj primopredaji vozila sudjelovali su:&nbsp;gradona\u010delnik Smiljan Vidi\u0107 i ravnatelj [&hellip;]","og_url":"https:\/\/radioljubuski.ba\/index.php\/2022\/05\/25\/capljina-dom-zdravlja-dobio-novo-vozilo-hitne-pomoci\/","og_site_name":"RADIO LJUBU\u0160KI","article_publisher":"https:\/\/www.facebook.com\/Radiio-Ljubuski-1490835324566332","article_published_time":"2022-05-25T13:32:32+00:00","article_modified_time":"2022-05-25T13:32:34+00:00","og_image":[{"width":810,"height":608,"url":"https:\/\/radioljubuski.ba\/wp-content\/uploads\/2022\/05\/primopredaja-vozila-capljina-810x608-1.jpg","type":"image\/jpeg"}],"author":"Radio Ljubu\u0161ki","twitter_card":"summary_large_image","twitter_creator":"@radioljubuski","twitter_site":"@radioljubuski","twitter_misc":{"Napisao\/la":"Radio Ljubu\u0161ki","Procijenjeno vrijeme \u010ditanja":"2 minute"},"schema":{"@context":"https:\/\/schema.org","@graph":[{"@type":"Article","@id":"https:\/\/radioljubuski.ba\/index.php\/2022\/05\/25\/capljina-dom-zdravlja-dobio-novo-vozilo-hitne-pomoci\/#article","isPartOf":{"@id":"https:\/\/radioljubuski.ba\/index.php\/2022\/05\/25\/capljina-dom-zdravlja-dobio-novo-vozilo-hitne-pomoci\/"},"author":{"name":"Radio Ljubu\u0161ki","@id":"https:\/\/radioljubuski.ba\/#\/schema\/person\/19fc700381a780f69665d7956c469e3b"},"headline":"\u010capljina: Dom zdravlja dobio novo vozilo hitne pomo\u0107i","datePublished":"2022-05-25T13:32:32+00:00","dateModified":"2022-05-25T13:32:34+00:00","mainEntityOfPage":{"@id":"https:\/\/radioljubuski.ba\/index.php\/2022\/05\/25\/capljina-dom-zdravlja-dobio-novo-vozilo-hitne-pomoci\/"},"wordCount":350,"publisher":{"@id":"https:\/\/radioljubuski.ba\/#organization"},"image":{"@id":"https:\/\/radioljubuski.ba\/index.php\/2022\/05\/25\/capljina-dom-zdravlja-dobio-novo-vozilo-hitne-pomoci\/#primaryimage"},"thumbnailUrl":"https:\/\/radioljubuski.ba\/wp-content\/uploads\/2022\/05\/primopredaja-vozila-capljina-810x608-1.jpg","articleSection":["BIH i regija"],"inLanguage":"hr"},{"@type":"WebPage","@id":"https:\/\/radioljubuski.ba\/index.php\/2022\/05\/25\/capljina-dom-zdravlja-dobio-novo-vozilo-hitne-pomoci\/","url":"https:\/\/radioljubuski.ba\/index.php\/2022\/05\/25\/capljina-dom-zdravlja-dobio-novo-vozilo-hitne-pomoci\/","name":"\u010capljina: Dom zdravlja dobio novo vozilo hitne pomo\u0107i - RADIO LJUBU\u0160KI","isPartOf":{"@id":"https:\/\/radioljubuski.ba\/#website"},"primaryImageOfPage":{"@id":"https:\/\/radioljubuski.ba\/index.php\/2022\/05\/25\/capljina-dom-zdravlja-dobio-novo-vozilo-hitne-pomoci\/#primaryimage"},"image":{"@id":"https:\/\/radioljubuski.ba\/index.php\/2022\/05\/25\/capljina-dom-zdravlja-dobio-novo-vozilo-hitne-pomoci\/#primaryimage"},"thumbnailUrl":"https:\/\/radioljubuski.ba\/wp-content\/uploads\/2022\/05\/primopredaja-vozila-capljina-810x608-1.jpg","datePublished":"2022-05-25T13:32:32+00:00","dateModified":"2022-05-25T13:32:34+00:00","breadcrumb":{"@id":"https:\/\/radioljubuski.ba\/index.php\/2022\/05\/25\/capljina-dom-zdravlja-dobio-novo-vozilo-hitne-pomoci\/#breadcrumb"},"inLanguage":"hr","potentialAction":[{"@type":"ReadAction","target":["https:\/\/radioljubuski.ba\/index.php\/2022\/05\/25\/capljina-dom-zdravlja-dobio-novo-vozilo-hitne-pomoci\/"]}]},{"@type":"ImageObject","inLanguage":"hr","@id":"https:\/\/radioljubuski.ba\/index.php\/2022\/05\/25\/capljina-dom-zdravlja-dobio-novo-vozilo-hitne-pomoci\/#primaryimage","url":"https:\/\/radioljubuski.ba\/wp-content\/uploads\/2022\/05\/primopredaja-vozila-capljina-810x608-1.jpg","contentUrl":"https:\/\/radioljubuski.ba\/wp-content\/uploads\/2022\/05\/primopredaja-vozila-capljina-810x608-1.jpg","width":810,"height":608},{"@type":"BreadcrumbList","@id":"https:\/\/radioljubuski.ba\/index.php\/2022\/05\/25\/capljina-dom-zdravlja-dobio-novo-vozilo-hitne-pomoci\/#breadcrumb","itemListElement":[{"@type":"ListItem","position":1,"name":"Po\u010detna stranica","item":"https:\/\/radioljubuski.ba\/"},{"@type":"ListItem","position":2,"name":"\u010capljina: Dom zdravlja dobio novo vozilo hitne pomo\u0107i"}]},{"@type":"WebSite","@id":"https:\/\/radioljubuski.ba\/#website","url":"https:\/\/radioljubuski.ba\/","name":"Radio Ljubu\u0161ki","description":"Sun\u010dana frekvencija Hercegovine","publisher":{"@id":"https:\/\/radioljubuski.ba\/#organization"},"potentialAction":[{"@type":"SearchAction","target":{"@type":"EntryPoint","urlTemplate":"https:\/\/radioljubuski.ba\/?s={search_term_string}"},"query-input":{"@type":"PropertyValueSpecification","valueRequired":true,"valueName":"search_term_string"}}],"inLanguage":"hr"},{"@type":"Organization","@id":"https:\/\/radioljubuski.ba\/#organization","name":"Radio Ljubu\u0161ki","url":"https:\/\/radioljubuski.ba\/","logo":{"@type":"ImageObject","inLanguage":"hr","@id":"https:\/\/radioljubuski.ba\/#\/schema\/logo\/image\/","url":"https:\/\/radioljubuski.ba\/wp-content\/uploads\/2021\/02\/cropped-Radio_Ljubuski_logo1.jpg","contentUrl":"https:\/\/radioljubuski.ba\/wp-content\/uploads\/2021\/02\/cropped-Radio_Ljubuski_logo1.jpg","width":512,"height":512,"caption":"Radio Ljubu\u0161ki"},"image":{"@id":"https:\/\/radioljubuski.ba\/#\/schema\/logo\/image\/"},"sameAs":["https:\/\/www.facebook.com\/Radiio-Ljubuski-1490835324566332","https:\/\/x.com\/radioljubuski","https:\/\/hr.linkedin.com\/company\/radio-ljubuski","https:\/\/www.youtube.com\/channel\/UCHYaeO_n0Db3tjNGudGpXyw"]},{"@type":"Person","@id":"https:\/\/radioljubuski.ba\/#\/schema\/person\/19fc700381a780f69665d7956c469e3b","name":"Radio Ljubu\u0161ki"}]}},"_links":{"self":[{"href":"https:\/\/radioljubuski.ba\/index.php\/wp-json\/wp\/v2\/posts\/143901","targetHints":{"allow":["GET"]}}],"collection":[{"href":"https:\/\/radioljubuski.ba\/index.php\/wp-json\/wp\/v2\/posts"}],"about":[{"href":"https:\/\/radioljubuski.ba\/index.php\/wp-json\/wp\/v2\/types\/post"}],"author":[{"embeddable":true,"href":"https:\/\/radioljubuski.ba\/index.php\/wp-json\/wp\/v2\/users\/2"}],"replies":[{"embeddable":true,"href":"https:\/\/radioljubuski.ba\/index.php\/wp-json\/wp\/v2\/comments?post=143901"}],"version-history":[{"count":1,"href":"https:\/\/radioljubuski.ba\/index.php\/wp-json\/wp\/v2\/posts\/143901\/revisions"}],"predecessor-version":[{"id":143903,"href":"https:\/\/radioljubuski.ba\/index.php\/wp-json\/wp\/v2\/posts\/143901\/revisions\/143903"}],"wp:featuredmedia":[{"embeddable":true,"href":"https:\/\/radioljubuski.ba\/index.php\/wp-json\/wp\/v2\/media\/143902"}],"wp:attachment":[{"href":"https:\/\/radioljubuski.ba\/index.php\/wp-json\/wp\/v2\/media?parent=143901"}],"wp:term":[{"taxonomy":"category","embeddable":true,"href":"https:\/\/radioljubuski.ba\/index.php\/wp-json\/wp\/v2\/categories?post=143901"},{"taxonomy":"post_tag","embeddable":true,"href":"https:\/\/radioljubuski.ba\/index.php\/wp-json\/wp\/v2\/tags?post=143901"}],"curies":[{"name":"wp","href":"https:\/\/api.w.org\/{rel}","templated":true}]}}