{"id":143904,"date":"2022-05-25T14:33:54","date_gmt":"2022-05-25T13:33:54","guid":{"rendered":"https:\/\/radioljubuski.ba\/?p=143904"},"modified":"2022-05-25T14:33:54","modified_gmt":"2022-05-25T13:33:54","slug":"biserko-milanovic-tocno-govori-odlazak-srba-iz-hrvatske-potaknut-je-iz-beograda","status":"publish","type":"post","link":"https:\/\/radioljubuski.ba\/index.php\/2022\/05\/25\/biserko-milanovic-tocno-govori-odlazak-srba-iz-hrvatske-potaknut-je-iz-beograda\/","title":{"rendered":"Biserko: Milanovi\u0107 to\u010dno govori, odlazak Srba iz Hrvatske potaknut je iz Beograda"},"content":{"rendered":"\n<p><strong>Varnice na relaciji Srbija \u2013 Hrvatska traju u kontinuitetu posljednjih deset godina. Stalno je u pitanju nera\u0161\u010di\u0161\u0107ena pro\u0161lost, prije svega zbog onoga \u0161to se dogodilo devedesetih godina\u201d, ka\u017ee za \u201cDanas\u201d Sonja Biserko, predsjednica Helsin\u0161kog odbora, komentiraju\u0107i o\u0161tre poruke na relaciji Hrvatska \u2013 Srbija zbog optu\u017enice podignute protiv \u010detvorice \u010dasnika Hrvatske vojske koji se optu\u017euju da su tijekom hrvatske vojno-policijske akcije Oluja u kolovozu 1995. naredili avionsko raketiranje kolone izbjeglica.<\/strong><\/p>\n\n\n\n<p>Ona napominje da je mnogo toga \u0161to je predsjednik Hratske Zoran Milanovi\u0107 rekao na svojoj konferenciji za novinare to\u010dno, a prije svega da je odlazak Srba iz Hrvatske potaknut i organiziran iz Beograda.<\/p>\n\n\n\n<p>\u201eTo je ne\u0161to \u0161to se vu\u010de kroz sve ove godine, pogotovu \u0161to se sugerira da je to bio preventivni genocid. I taj sukob \u0107e trajati sve dok Beograd ne prihvati realnost i svoju odgovornost za to\u201c, isti\u010de Biserko i dodaje da je pitanje interpretacije pro\u0161losti jo\u0161 uvijek problem.<\/p>\n\n\n\n<p>Biserko ka\u017ee da se sa diplomatskim aktivnostima izme\u0111u Srbije i Hrvatske potpuno stalo, jer je Beograd, Hrvatsku zamijenio Budimpe\u0161tom, ali i zato \u0161to se Vu\u010di\u0107 sve vi\u0161e okre\u0107e ka Vi\u0161egradskoj grupi.<\/p>\n\n\n\n<p>Ona isti\u010de i da je Beograd i dalje u regiji izvor nestabilnosti, ali i da rje\u010dnik Zorana Milanovi\u0107a nije na mjestu, mada su mnoge stvari koje on ka\u017ee to\u010dne.<\/p>\n\n\n\n<p>\/HMS\/<\/p>\n","protected":false},"excerpt":{"rendered":"<p>Varnice na relaciji Srbija \u2013 Hrvatska traju u kontinuitetu posljednjih deset godina. Stalno je u pitanju nera\u0161\u010di\u0161\u0107ena pro\u0161lost, prije svega zbog onoga \u0161to se dogodilo devedesetih godina\u201d, ka\u017ee za \u201cDanas\u201d Sonja Biserko, predsjednica Helsin\u0161kog odbora, komentiraju\u0107i o\u0161tre poruke na relaciji Hrvatska \u2013 Srbija zbog optu\u017enice podignute protiv \u010detvorice \u010dasnika Hrvatske vojske koji se optu\u017euju da [&hellip;]<\/p>\n","protected":false},"author":2,"featured_media":143905,"comment_status":"closed","ping_status":"closed","sticky":false,"template":"","format":"standard","meta":{"h5ap_radio_sources":[],"footnotes":""},"categories":[1],"tags":[],"class_list":["post-143904","post","type-post","status-publish","format-standard","has-post-thumbnail","hentry","category-bihiregija"],"yoast_head":"<!-- This site is optimized with the Yoast SEO plugin v27.5 - https:\/\/yoast.com\/product\/yoast-seo-wordpress\/ -->\n<title>Biserko: Milanovi\u0107 to\u010dno govori, odlazak Srba iz Hrvatske potaknut je iz Beograda - RADIO LJUBU\u0160KI<\/title>\n<meta name=\"robots\" content=\"index, follow, max-snippet:-1, max-image-preview:large, max-video-preview:-1\" \/>\n<link rel=\"canonical\" href=\"https:\/\/radioljubuski.ba\/index.php\/2022\/05\/25\/biserko-milanovic-tocno-govori-odlazak-srba-iz-hrvatske-potaknut-je-iz-beograda\/\" \/>\n<meta property=\"og:locale\" content=\"hr_HR\" \/>\n<meta property=\"og:type\" content=\"article\" \/>\n<meta property=\"og:title\" content=\"Biserko: Milanovi\u0107 to\u010dno govori, odlazak Srba iz Hrvatske potaknut je iz Beograda - RADIO LJUBU\u0160KI\" \/>\n<meta property=\"og:description\" content=\"Varnice na relaciji Srbija \u2013 Hrvatska traju u kontinuitetu posljednjih deset godina. Stalno je u pitanju nera\u0161\u010di\u0161\u0107ena pro\u0161lost, prije svega zbog onoga \u0161to se dogodilo devedesetih godina\u201d, ka\u017ee za \u201cDanas\u201d Sonja Biserko, predsjednica Helsin\u0161kog odbora, komentiraju\u0107i o\u0161tre poruke na relaciji Hrvatska \u2013 Srbija zbog optu\u017enice podignute protiv \u010detvorice \u010dasnika Hrvatske vojske koji se optu\u017euju da [&hellip;]\" \/>\n<meta property=\"og:url\" content=\"https:\/\/radioljubuski.ba\/index.php\/2022\/05\/25\/biserko-milanovic-tocno-govori-odlazak-srba-iz-hrvatske-potaknut-je-iz-beograda\/\" \/>\n<meta property=\"og:site_name\" content=\"RADIO LJUBU\u0160KI\" \/>\n<meta property=\"article:publisher\" content=\"https:\/\/www.facebook.com\/Radiio-Ljubuski-1490835324566332\" \/>\n<meta property=\"article:published_time\" content=\"2022-05-25T13:33:54+00:00\" \/>\n<meta property=\"og:image\" content=\"https:\/\/radioljubuski.ba\/wp-content\/uploads\/2022\/05\/sonja_biserko.jpg\" \/>\n\t<meta property=\"og:image:width\" content=\"900\" \/>\n\t<meta property=\"og:image:height\" content=\"541\" \/>\n\t<meta property=\"og:image:type\" content=\"image\/jpeg\" \/>\n<meta name=\"author\" content=\"Radio Ljubu\u0161ki\" \/>\n<meta name=\"twitter:card\" content=\"summary_large_image\" \/>\n<meta name=\"twitter:creator\" content=\"@radioljubuski\" \/>\n<meta name=\"twitter:site\" content=\"@radioljubuski\" \/>\n<meta name=\"twitter:label1\" content=\"Napisao\/la\" \/>\n\t<meta name=\"twitter:data1\" content=\"Radio Ljubu\u0161ki\" \/>\n\t<meta name=\"twitter:label2\" content=\"Procijenjeno vrijeme \u010ditanja\" \/>\n\t<meta name=\"twitter:data2\" content=\"1 minuta\" \/>\n<script type=\"application\/ld+json\" class=\"yoast-schema-graph\">{\"@context\":\"https:\\\/\\\/schema.org\",\"@graph\":[{\"@type\":\"Article\",\"@id\":\"https:\\\/\\\/radioljubuski.ba\\\/index.php\\\/2022\\\/05\\\/25\\\/biserko-milanovic-tocno-govori-odlazak-srba-iz-hrvatske-potaknut-je-iz-beograda\\\/#article\",\"isPartOf\":{\"@id\":\"https:\\\/\\\/radioljubuski.ba\\\/index.php\\\/2022\\\/05\\\/25\\\/biserko-milanovic-tocno-govori-odlazak-srba-iz-hrvatske-potaknut-je-iz-beograda\\\/\"},\"author\":{\"name\":\"Radio Ljubu\u0161ki\",\"@id\":\"https:\\\/\\\/radioljubuski.ba\\\/#\\\/schema\\\/person\\\/19fc700381a780f69665d7956c469e3b\"},\"headline\":\"Biserko: Milanovi\u0107 to\u010dno govori, odlazak Srba iz Hrvatske potaknut je iz Beograda\",\"datePublished\":\"2022-05-25T13:33:54+00:00\",\"mainEntityOfPage\":{\"@id\":\"https:\\\/\\\/radioljubuski.ba\\\/index.php\\\/2022\\\/05\\\/25\\\/biserko-milanovic-tocno-govori-odlazak-srba-iz-hrvatske-potaknut-je-iz-beograda\\\/\"},\"wordCount\":247,\"publisher\":{\"@id\":\"https:\\\/\\\/radioljubuski.ba\\\/#organization\"},\"image\":{\"@id\":\"https:\\\/\\\/radioljubuski.ba\\\/index.php\\\/2022\\\/05\\\/25\\\/biserko-milanovic-tocno-govori-odlazak-srba-iz-hrvatske-potaknut-je-iz-beograda\\\/#primaryimage\"},\"thumbnailUrl\":\"https:\\\/\\\/radioljubuski.ba\\\/wp-content\\\/uploads\\\/2022\\\/05\\\/sonja_biserko.jpg\",\"articleSection\":[\"BIH i regija\"],\"inLanguage\":\"hr\"},{\"@type\":\"WebPage\",\"@id\":\"https:\\\/\\\/radioljubuski.ba\\\/index.php\\\/2022\\\/05\\\/25\\\/biserko-milanovic-tocno-govori-odlazak-srba-iz-hrvatske-potaknut-je-iz-beograda\\\/\",\"url\":\"https:\\\/\\\/radioljubuski.ba\\\/index.php\\\/2022\\\/05\\\/25\\\/biserko-milanovic-tocno-govori-odlazak-srba-iz-hrvatske-potaknut-je-iz-beograda\\\/\",\"name\":\"Biserko: Milanovi\u0107 to\u010dno govori, odlazak Srba iz Hrvatske potaknut je iz Beograda - RADIO LJUBU\u0160KI\",\"isPartOf\":{\"@id\":\"https:\\\/\\\/radioljubuski.ba\\\/#website\"},\"primaryImageOfPage\":{\"@id\":\"https:\\\/\\\/radioljubuski.ba\\\/index.php\\\/2022\\\/05\\\/25\\\/biserko-milanovic-tocno-govori-odlazak-srba-iz-hrvatske-potaknut-je-iz-beograda\\\/#primaryimage\"},\"image\":{\"@id\":\"https:\\\/\\\/radioljubuski.ba\\\/index.php\\\/2022\\\/05\\\/25\\\/biserko-milanovic-tocno-govori-odlazak-srba-iz-hrvatske-potaknut-je-iz-beograda\\\/#primaryimage\"},\"thumbnailUrl\":\"https:\\\/\\\/radioljubuski.ba\\\/wp-content\\\/uploads\\\/2022\\\/05\\\/sonja_biserko.jpg\",\"datePublished\":\"2022-05-25T13:33:54+00:00\",\"breadcrumb\":{\"@id\":\"https:\\\/\\\/radioljubuski.ba\\\/index.php\\\/2022\\\/05\\\/25\\\/biserko-milanovic-tocno-govori-odlazak-srba-iz-hrvatske-potaknut-je-iz-beograda\\\/#breadcrumb\"},\"inLanguage\":\"hr\",\"potentialAction\":[{\"@type\":\"ReadAction\",\"target\":[\"https:\\\/\\\/radioljubuski.ba\\\/index.php\\\/2022\\\/05\\\/25\\\/biserko-milanovic-tocno-govori-odlazak-srba-iz-hrvatske-potaknut-je-iz-beograda\\\/\"]}]},{\"@type\":\"ImageObject\",\"inLanguage\":\"hr\",\"@id\":\"https:\\\/\\\/radioljubuski.ba\\\/index.php\\\/2022\\\/05\\\/25\\\/biserko-milanovic-tocno-govori-odlazak-srba-iz-hrvatske-potaknut-je-iz-beograda\\\/#primaryimage\",\"url\":\"https:\\\/\\\/radioljubuski.ba\\\/wp-content\\\/uploads\\\/2022\\\/05\\\/sonja_biserko.jpg\",\"contentUrl\":\"https:\\\/\\\/radioljubuski.ba\\\/wp-content\\\/uploads\\\/2022\\\/05\\\/sonja_biserko.jpg\",\"width\":900,\"height\":541},{\"@type\":\"BreadcrumbList\",\"@id\":\"https:\\\/\\\/radioljubuski.ba\\\/index.php\\\/2022\\\/05\\\/25\\\/biserko-milanovic-tocno-govori-odlazak-srba-iz-hrvatske-potaknut-je-iz-beograda\\\/#breadcrumb\",\"itemListElement\":[{\"@type\":\"ListItem\",\"position\":1,\"name\":\"Po\u010detna stranica\",\"item\":\"https:\\\/\\\/radioljubuski.ba\\\/\"},{\"@type\":\"ListItem\",\"position\":2,\"name\":\"Biserko: Milanovi\u0107 to\u010dno govori, odlazak Srba iz Hrvatske potaknut je iz Beograda\"}]},{\"@type\":\"WebSite\",\"@id\":\"https:\\\/\\\/radioljubuski.ba\\\/#website\",\"url\":\"https:\\\/\\\/radioljubuski.ba\\\/\",\"name\":\"Radio Ljubu\u0161ki\",\"description\":\"Sun\u010dana frekvencija Hercegovine\",\"publisher\":{\"@id\":\"https:\\\/\\\/radioljubuski.ba\\\/#organization\"},\"potentialAction\":[{\"@type\":\"SearchAction\",\"target\":{\"@type\":\"EntryPoint\",\"urlTemplate\":\"https:\\\/\\\/radioljubuski.ba\\\/?s={search_term_string}\"},\"query-input\":{\"@type\":\"PropertyValueSpecification\",\"valueRequired\":true,\"valueName\":\"search_term_string\"}}],\"inLanguage\":\"hr\"},{\"@type\":\"Organization\",\"@id\":\"https:\\\/\\\/radioljubuski.ba\\\/#organization\",\"name\":\"Radio Ljubu\u0161ki\",\"url\":\"https:\\\/\\\/radioljubuski.ba\\\/\",\"logo\":{\"@type\":\"ImageObject\",\"inLanguage\":\"hr\",\"@id\":\"https:\\\/\\\/radioljubuski.ba\\\/#\\\/schema\\\/logo\\\/image\\\/\",\"url\":\"https:\\\/\\\/radioljubuski.ba\\\/wp-content\\\/uploads\\\/2021\\\/02\\\/cropped-Radio_Ljubuski_logo1.jpg\",\"contentUrl\":\"https:\\\/\\\/radioljubuski.ba\\\/wp-content\\\/uploads\\\/2021\\\/02\\\/cropped-Radio_Ljubuski_logo1.jpg\",\"width\":512,\"height\":512,\"caption\":\"Radio Ljubu\u0161ki\"},\"image\":{\"@id\":\"https:\\\/\\\/radioljubuski.ba\\\/#\\\/schema\\\/logo\\\/image\\\/\"},\"sameAs\":[\"https:\\\/\\\/www.facebook.com\\\/Radiio-Ljubuski-1490835324566332\",\"https:\\\/\\\/x.com\\\/radioljubuski\",\"https:\\\/\\\/hr.linkedin.com\\\/company\\\/radio-ljubuski\",\"https:\\\/\\\/www.youtube.com\\\/channel\\\/UCHYaeO_n0Db3tjNGudGpXyw\"]},{\"@type\":\"Person\",\"@id\":\"https:\\\/\\\/radioljubuski.ba\\\/#\\\/schema\\\/person\\\/19fc700381a780f69665d7956c469e3b\",\"name\":\"Radio Ljubu\u0161ki\"}]}<\/script>\n<!-- \/ Yoast SEO plugin. -->","yoast_head_json":{"title":"Biserko: Milanovi\u0107 to\u010dno govori, odlazak Srba iz Hrvatske potaknut je iz Beograda - RADIO LJUBU\u0160KI","robots":{"index":"index","follow":"follow","max-snippet":"max-snippet:-1","max-image-preview":"max-image-preview:large","max-video-preview":"max-video-preview:-1"},"canonical":"https:\/\/radioljubuski.ba\/index.php\/2022\/05\/25\/biserko-milanovic-tocno-govori-odlazak-srba-iz-hrvatske-potaknut-je-iz-beograda\/","og_locale":"hr_HR","og_type":"article","og_title":"Biserko: Milanovi\u0107 to\u010dno govori, odlazak Srba iz Hrvatske potaknut je iz Beograda - RADIO LJUBU\u0160KI","og_description":"Varnice na relaciji Srbija \u2013 Hrvatska traju u kontinuitetu posljednjih deset godina. Stalno je u pitanju nera\u0161\u010di\u0161\u0107ena pro\u0161lost, prije svega zbog onoga \u0161to se dogodilo devedesetih godina\u201d, ka\u017ee za \u201cDanas\u201d Sonja Biserko, predsjednica Helsin\u0161kog odbora, komentiraju\u0107i o\u0161tre poruke na relaciji Hrvatska \u2013 Srbija zbog optu\u017enice podignute protiv \u010detvorice \u010dasnika Hrvatske vojske koji se optu\u017euju da [&hellip;]","og_url":"https:\/\/radioljubuski.ba\/index.php\/2022\/05\/25\/biserko-milanovic-tocno-govori-odlazak-srba-iz-hrvatske-potaknut-je-iz-beograda\/","og_site_name":"RADIO LJUBU\u0160KI","article_publisher":"https:\/\/www.facebook.com\/Radiio-Ljubuski-1490835324566332","article_published_time":"2022-05-25T13:33:54+00:00","og_image":[{"width":900,"height":541,"url":"https:\/\/radioljubuski.ba\/wp-content\/uploads\/2022\/05\/sonja_biserko.jpg","type":"image\/jpeg"}],"author":"Radio Ljubu\u0161ki","twitter_card":"summary_large_image","twitter_creator":"@radioljubuski","twitter_site":"@radioljubuski","twitter_misc":{"Napisao\/la":"Radio Ljubu\u0161ki","Procijenjeno vrijeme \u010ditanja":"1 minuta"},"schema":{"@context":"https:\/\/schema.org","@graph":[{"@type":"Article","@id":"https:\/\/radioljubuski.ba\/index.php\/2022\/05\/25\/biserko-milanovic-tocno-govori-odlazak-srba-iz-hrvatske-potaknut-je-iz-beograda\/#article","isPartOf":{"@id":"https:\/\/radioljubuski.ba\/index.php\/2022\/05\/25\/biserko-milanovic-tocno-govori-odlazak-srba-iz-hrvatske-potaknut-je-iz-beograda\/"},"author":{"name":"Radio Ljubu\u0161ki","@id":"https:\/\/radioljubuski.ba\/#\/schema\/person\/19fc700381a780f69665d7956c469e3b"},"headline":"Biserko: Milanovi\u0107 to\u010dno govori, odlazak Srba iz Hrvatske potaknut je iz Beograda","datePublished":"2022-05-25T13:33:54+00:00","mainEntityOfPage":{"@id":"https:\/\/radioljubuski.ba\/index.php\/2022\/05\/25\/biserko-milanovic-tocno-govori-odlazak-srba-iz-hrvatske-potaknut-je-iz-beograda\/"},"wordCount":247,"publisher":{"@id":"https:\/\/radioljubuski.ba\/#organization"},"image":{"@id":"https:\/\/radioljubuski.ba\/index.php\/2022\/05\/25\/biserko-milanovic-tocno-govori-odlazak-srba-iz-hrvatske-potaknut-je-iz-beograda\/#primaryimage"},"thumbnailUrl":"https:\/\/radioljubuski.ba\/wp-content\/uploads\/2022\/05\/sonja_biserko.jpg","articleSection":["BIH i regija"],"inLanguage":"hr"},{"@type":"WebPage","@id":"https:\/\/radioljubuski.ba\/index.php\/2022\/05\/25\/biserko-milanovic-tocno-govori-odlazak-srba-iz-hrvatske-potaknut-je-iz-beograda\/","url":"https:\/\/radioljubuski.ba\/index.php\/2022\/05\/25\/biserko-milanovic-tocno-govori-odlazak-srba-iz-hrvatske-potaknut-je-iz-beograda\/","name":"Biserko: Milanovi\u0107 to\u010dno govori, odlazak Srba iz Hrvatske potaknut je iz Beograda - RADIO LJUBU\u0160KI","isPartOf":{"@id":"https:\/\/radioljubuski.ba\/#website"},"primaryImageOfPage":{"@id":"https:\/\/radioljubuski.ba\/index.php\/2022\/05\/25\/biserko-milanovic-tocno-govori-odlazak-srba-iz-hrvatske-potaknut-je-iz-beograda\/#primaryimage"},"image":{"@id":"https:\/\/radioljubuski.ba\/index.php\/2022\/05\/25\/biserko-milanovic-tocno-govori-odlazak-srba-iz-hrvatske-potaknut-je-iz-beograda\/#primaryimage"},"thumbnailUrl":"https:\/\/radioljubuski.ba\/wp-content\/uploads\/2022\/05\/sonja_biserko.jpg","datePublished":"2022-05-25T13:33:54+00:00","breadcrumb":{"@id":"https:\/\/radioljubuski.ba\/index.php\/2022\/05\/25\/biserko-milanovic-tocno-govori-odlazak-srba-iz-hrvatske-potaknut-je-iz-beograda\/#breadcrumb"},"inLanguage":"hr","potentialAction":[{"@type":"ReadAction","target":["https:\/\/radioljubuski.ba\/index.php\/2022\/05\/25\/biserko-milanovic-tocno-govori-odlazak-srba-iz-hrvatske-potaknut-je-iz-beograda\/"]}]},{"@type":"ImageObject","inLanguage":"hr","@id":"https:\/\/radioljubuski.ba\/index.php\/2022\/05\/25\/biserko-milanovic-tocno-govori-odlazak-srba-iz-hrvatske-potaknut-je-iz-beograda\/#primaryimage","url":"https:\/\/radioljubuski.ba\/wp-content\/uploads\/2022\/05\/sonja_biserko.jpg","contentUrl":"https:\/\/radioljubuski.ba\/wp-content\/uploads\/2022\/05\/sonja_biserko.jpg","width":900,"height":541},{"@type":"BreadcrumbList","@id":"https:\/\/radioljubuski.ba\/index.php\/2022\/05\/25\/biserko-milanovic-tocno-govori-odlazak-srba-iz-hrvatske-potaknut-je-iz-beograda\/#breadcrumb","itemListElement":[{"@type":"ListItem","position":1,"name":"Po\u010detna stranica","item":"https:\/\/radioljubuski.ba\/"},{"@type":"ListItem","position":2,"name":"Biserko: Milanovi\u0107 to\u010dno govori, odlazak Srba iz Hrvatske potaknut je iz Beograda"}]},{"@type":"WebSite","@id":"https:\/\/radioljubuski.ba\/#website","url":"https:\/\/radioljubuski.ba\/","name":"Radio Ljubu\u0161ki","description":"Sun\u010dana frekvencija Hercegovine","publisher":{"@id":"https:\/\/radioljubuski.ba\/#organization"},"potentialAction":[{"@type":"SearchAction","target":{"@type":"EntryPoint","urlTemplate":"https:\/\/radioljubuski.ba\/?s={search_term_string}"},"query-input":{"@type":"PropertyValueSpecification","valueRequired":true,"valueName":"search_term_string"}}],"inLanguage":"hr"},{"@type":"Organization","@id":"https:\/\/radioljubuski.ba\/#organization","name":"Radio Ljubu\u0161ki","url":"https:\/\/radioljubuski.ba\/","logo":{"@type":"ImageObject","inLanguage":"hr","@id":"https:\/\/radioljubuski.ba\/#\/schema\/logo\/image\/","url":"https:\/\/radioljubuski.ba\/wp-content\/uploads\/2021\/02\/cropped-Radio_Ljubuski_logo1.jpg","contentUrl":"https:\/\/radioljubuski.ba\/wp-content\/uploads\/2021\/02\/cropped-Radio_Ljubuski_logo1.jpg","width":512,"height":512,"caption":"Radio Ljubu\u0161ki"},"image":{"@id":"https:\/\/radioljubuski.ba\/#\/schema\/logo\/image\/"},"sameAs":["https:\/\/www.facebook.com\/Radiio-Ljubuski-1490835324566332","https:\/\/x.com\/radioljubuski","https:\/\/hr.linkedin.com\/company\/radio-ljubuski","https:\/\/www.youtube.com\/channel\/UCHYaeO_n0Db3tjNGudGpXyw"]},{"@type":"Person","@id":"https:\/\/radioljubuski.ba\/#\/schema\/person\/19fc700381a780f69665d7956c469e3b","name":"Radio Ljubu\u0161ki"}]}},"_links":{"self":[{"href":"https:\/\/radioljubuski.ba\/index.php\/wp-json\/wp\/v2\/posts\/143904","targetHints":{"allow":["GET"]}}],"collection":[{"href":"https:\/\/radioljubuski.ba\/index.php\/wp-json\/wp\/v2\/posts"}],"about":[{"href":"https:\/\/radioljubuski.ba\/index.php\/wp-json\/wp\/v2\/types\/post"}],"author":[{"embeddable":true,"href":"https:\/\/radioljubuski.ba\/index.php\/wp-json\/wp\/v2\/users\/2"}],"replies":[{"embeddable":true,"href":"https:\/\/radioljubuski.ba\/index.php\/wp-json\/wp\/v2\/comments?post=143904"}],"version-history":[{"count":1,"href":"https:\/\/radioljubuski.ba\/index.php\/wp-json\/wp\/v2\/posts\/143904\/revisions"}],"predecessor-version":[{"id":143906,"href":"https:\/\/radioljubuski.ba\/index.php\/wp-json\/wp\/v2\/posts\/143904\/revisions\/143906"}],"wp:featuredmedia":[{"embeddable":true,"href":"https:\/\/radioljubuski.ba\/index.php\/wp-json\/wp\/v2\/media\/143905"}],"wp:attachment":[{"href":"https:\/\/radioljubuski.ba\/index.php\/wp-json\/wp\/v2\/media?parent=143904"}],"wp:term":[{"taxonomy":"category","embeddable":true,"href":"https:\/\/radioljubuski.ba\/index.php\/wp-json\/wp\/v2\/categories?post=143904"},{"taxonomy":"post_tag","embeddable":true,"href":"https:\/\/radioljubuski.ba\/index.php\/wp-json\/wp\/v2\/tags?post=143904"}],"curies":[{"name":"wp","href":"https:\/\/api.w.org\/{rel}","templated":true}]}}