{"id":143907,"date":"2022-05-25T14:36:07","date_gmt":"2022-05-25T13:36:07","guid":{"rendered":"https:\/\/radioljubuski.ba\/?p=143907"},"modified":"2022-05-25T14:36:08","modified_gmt":"2022-05-25T13:36:08","slug":"soros-prijeti-nam-kraj-civilizacije","status":"publish","type":"post","link":"https:\/\/radioljubuski.ba\/index.php\/2022\/05\/25\/soros-prijeti-nam-kraj-civilizacije\/","title":{"rendered":"Soros: Prijeti nam kraj civilizacije"},"content":{"rendered":"\n<p><strong>Ruska invazija na Ukrajinu mogla bi biti \u201cpo\u010detak tre\u0107eg svjetskog rata\u201d koji bi mogao zna\u010diti kraj civilizacije, rekao je na Svjetskom gospodarskom forumu u Davosu ameri\u010dki milijarder i filantrop George Soros. U \u017eestokom napadu na Vladimira Putina i Xi Jinpinga Soros je upozorio da su \u201cautokratski re\u017eimi u usponu i da globalno gospodarstvo ide u depresiju\u201d. Tako\u0111er je \u017eestoko kritizirao biv\u0161u njema\u010dku kancelarku Angelu Merkel zbog odnosa prema Moskvi i Pekingu.<\/strong><\/p>\n\n\n\n<p>\u201cInvazija je mo\u017eda bila po\u010detak tre\u0107eg svjetskog rata i na\u0161a civilizacija je mo\u017eda ne\u0107e pre\u017eivjeti\u201d, rekao je. \u201cInvazija na Ukrajinu nije do\u0161la iz vedra neba. Svijet je sve vi\u0161e uklju\u010den u borbu izme\u0111u dva sustava upravljanja koji su me\u0111usobno dijametralno suprotni: otvorenog dru\u0161tva i zatvorenog dru\u0161tva\u201d, rekao je.<\/p>\n\n\n\n<p>\u201cDanas Kina i Rusija predstavljaju najve\u0107u prijetnju otvorenom dru\u0161tvu\u201d, dodao je.<\/p>\n\n\n\n<p><strong>Napao Merkel<\/strong><\/p>\n\n\n\n<p>\u201cEuropska ovisnost o ruskim fosilnim gorivima i dalje je pretjerana, uglavnom zbog merkantilisti\u010dke politike koju provodi biv\u0161a kancelarka Angela Merkel. Sklopila je posebne poslove s Rusijom za opskrbu plinom i u\u010dinila Kinu najve\u0107im njema\u010dkim izvoznim tr\u017ei\u0161tem. To je Njema\u010dku u\u010dinilo najboljom ekonomijom u Europi, ali sada se mora platiti visoka cijena. Njema\u010dku ekonomiju treba preorijentirati. A to \u0107e potrajati dugo\u201d, rekao je Soros.<\/p>\n\n\n\n<p>Dodao je da je Putin dobio Xijev pristanak na rusku invaziju na otvaranju Zimskih olimpijskih igara u Pekingu po\u010detkom velja\u010de. No, inzistirao je na tome da kineski vo\u0111a nije \u201ctoliko jak koliko misli\u201d.<\/p>\n\n\n\n<p>\u201cXi krije veliku tajnu. Nikada nije rekao kineskom narodu da je cijepljen cjepivom koje je dizajnirano za izvornu varijantu virusa iz Wuhana i koje pru\u017ea vrlo slabu za\u0161titu od novih varijanti\u201d, tvrdi Soros.<\/p>\n\n\n\n<p><strong>\u201cSvijetu prijeti depresija\u201d<\/strong><\/p>\n\n\n\n<p>\u201cKineska zatvaranja kojima se bore protiv covida-19 gurnula su gospodarstvo u slobodan pad, ali Xi nije mogao priznati da je pogrije\u0161io. Povrh krize s nekretninama, \u0161teta \u0107e biti tolika da \u0107e utjecati na globalnu ekonomiju. S prekidom opskrbnih lanaca, globalna inflacija vjerojatno \u0107e se pretvoriti u globalnu depresiju\u201d, upozorava.<\/p>\n\n\n\n<p>Suprotno o\u010dekivanjima, Xi mo\u017eda ne\u0107e dobiti svoj \u017eeljeni tre\u0107i mandat zbog gre\u0161aka koje je napravio, predvidio je Soros. \u201cNo \u010dak i ako dobije, Politbiro mu mo\u017eda ne\u0107e dati otvorene ruke da bira \u010dlanove sljede\u0107eg sastava Politbiroa\u201d, rekao je.<\/p>\n\n\n\n<p>\u201cDok rat bjesni, borba protiv klimatskih promjena pala je u drugi plan. Klimatske promjene su na rubu da postanu nepovratne. To bi mogao biti kraj na\u0161e civilizacije. Stoga, moramo mobilizirati sve na\u0161e resurse kako bismo \u0161to prije okon\u010dali rat. Najbolji i mo\u017eda jedini na\u010din da sa\u010duvamo na\u0161u civilizaciju je poraz Putina \u0161to je prije mogu\u0107e\u201d, zaklju\u010dio je Soro\u0161.<\/p>\n\n\n\n<p><strong>\u201c\u0160to je Putin slabiji, to \u0107e postajati nepredvidiviji\u201d<\/strong><\/p>\n\n\n\n<p>Putin, koji je svoju \u201cposebnu operaciju\u201d kako on naziva agresiju na Ukrajinu, isplanirao radi ostvarenja ciljeva Kremlja, sada mo\u017eda i zna da je pogrije\u0161io i spreman je pregovarati o prekidu vatre, smatra Soros.<\/p>\n\n\n\n<p>\u201cNo prekid vatre je nedosti\u017ean jer se njemu ne mo\u017ee vjerovati\u201d, rekao je Soros. \u201c\u0160to je Putin slabiji, to \u0107e postajati nepredvidiviji\u201d, smatra. \u201cNe mogu predvidjeti ishod, no Ukrajina sigurno ima izglede u borbi\u201d, rekao je Soros.<\/p>\n\n\n\n<p>\/Hina\/HMS\/<\/p>\n","protected":false},"excerpt":{"rendered":"<p>Ruska invazija na Ukrajinu mogla bi biti \u201cpo\u010detak tre\u0107eg svjetskog rata\u201d koji bi mogao zna\u010diti kraj civilizacije, rekao je na Svjetskom gospodarskom forumu u Davosu ameri\u010dki milijarder i filantrop George Soros. U \u017eestokom napadu na Vladimira Putina i Xi Jinpinga Soros je upozorio da su \u201cautokratski re\u017eimi u usponu i da globalno gospodarstvo ide u [&hellip;]<\/p>\n","protected":false},"author":2,"featured_media":143908,"comment_status":"closed","ping_status":"closed","sticky":false,"template":"","format":"standard","meta":{"h5ap_radio_sources":[],"footnotes":""},"categories":[1],"tags":[],"class_list":["post-143907","post","type-post","status-publish","format-standard","has-post-thumbnail","hentry","category-bihiregija"],"yoast_head":"<!-- This site is optimized with the Yoast SEO plugin v27.5 - https:\/\/yoast.com\/product\/yoast-seo-wordpress\/ -->\n<title>Soros: Prijeti nam kraj civilizacije - RADIO LJUBU\u0160KI<\/title>\n<meta name=\"robots\" content=\"index, follow, max-snippet:-1, max-image-preview:large, max-video-preview:-1\" \/>\n<link rel=\"canonical\" href=\"https:\/\/radioljubuski.ba\/index.php\/2022\/05\/25\/soros-prijeti-nam-kraj-civilizacije\/\" \/>\n<meta property=\"og:locale\" content=\"hr_HR\" \/>\n<meta property=\"og:type\" content=\"article\" \/>\n<meta property=\"og:title\" content=\"Soros: Prijeti nam kraj civilizacije - RADIO LJUBU\u0160KI\" \/>\n<meta property=\"og:description\" content=\"Ruska invazija na Ukrajinu mogla bi biti \u201cpo\u010detak tre\u0107eg svjetskog rata\u201d koji bi mogao zna\u010diti kraj civilizacije, rekao je na Svjetskom gospodarskom forumu u Davosu ameri\u010dki milijarder i filantrop George Soros. U \u017eestokom napadu na Vladimira Putina i Xi Jinpinga Soros je upozorio da su \u201cautokratski re\u017eimi u usponu i da globalno gospodarstvo ide u [&hellip;]\" \/>\n<meta property=\"og:url\" content=\"https:\/\/radioljubuski.ba\/index.php\/2022\/05\/25\/soros-prijeti-nam-kraj-civilizacije\/\" \/>\n<meta property=\"og:site_name\" content=\"RADIO LJUBU\u0160KI\" \/>\n<meta property=\"article:publisher\" content=\"https:\/\/www.facebook.com\/Radiio-Ljubuski-1490835324566332\" \/>\n<meta property=\"article:published_time\" content=\"2022-05-25T13:36:07+00:00\" \/>\n<meta property=\"article:modified_time\" content=\"2022-05-25T13:36:08+00:00\" \/>\n<meta property=\"og:image\" content=\"https:\/\/radioljubuski.ba\/wp-content\/uploads\/2022\/05\/sosrs-nova.jpeg\" \/>\n\t<meta property=\"og:image:width\" content=\"1280\" \/>\n\t<meta property=\"og:image:height\" content=\"861\" \/>\n\t<meta property=\"og:image:type\" content=\"image\/jpeg\" \/>\n<meta name=\"author\" content=\"Radio Ljubu\u0161ki\" \/>\n<meta name=\"twitter:card\" content=\"summary_large_image\" \/>\n<meta name=\"twitter:creator\" content=\"@radioljubuski\" \/>\n<meta name=\"twitter:site\" content=\"@radioljubuski\" \/>\n<meta name=\"twitter:label1\" content=\"Napisao\/la\" \/>\n\t<meta name=\"twitter:data1\" content=\"Radio Ljubu\u0161ki\" \/>\n\t<meta name=\"twitter:label2\" content=\"Procijenjeno vrijeme \u010ditanja\" \/>\n\t<meta name=\"twitter:data2\" content=\"3 minute\" \/>\n<script type=\"application\/ld+json\" class=\"yoast-schema-graph\">{\"@context\":\"https:\\\/\\\/schema.org\",\"@graph\":[{\"@type\":\"Article\",\"@id\":\"https:\\\/\\\/radioljubuski.ba\\\/index.php\\\/2022\\\/05\\\/25\\\/soros-prijeti-nam-kraj-civilizacije\\\/#article\",\"isPartOf\":{\"@id\":\"https:\\\/\\\/radioljubuski.ba\\\/index.php\\\/2022\\\/05\\\/25\\\/soros-prijeti-nam-kraj-civilizacije\\\/\"},\"author\":{\"name\":\"Radio Ljubu\u0161ki\",\"@id\":\"https:\\\/\\\/radioljubuski.ba\\\/#\\\/schema\\\/person\\\/19fc700381a780f69665d7956c469e3b\"},\"headline\":\"Soros: Prijeti nam kraj civilizacije\",\"datePublished\":\"2022-05-25T13:36:07+00:00\",\"dateModified\":\"2022-05-25T13:36:08+00:00\",\"mainEntityOfPage\":{\"@id\":\"https:\\\/\\\/radioljubuski.ba\\\/index.php\\\/2022\\\/05\\\/25\\\/soros-prijeti-nam-kraj-civilizacije\\\/\"},\"wordCount\":555,\"publisher\":{\"@id\":\"https:\\\/\\\/radioljubuski.ba\\\/#organization\"},\"image\":{\"@id\":\"https:\\\/\\\/radioljubuski.ba\\\/index.php\\\/2022\\\/05\\\/25\\\/soros-prijeti-nam-kraj-civilizacije\\\/#primaryimage\"},\"thumbnailUrl\":\"https:\\\/\\\/radioljubuski.ba\\\/wp-content\\\/uploads\\\/2022\\\/05\\\/sosrs-nova.jpeg\",\"articleSection\":[\"BIH i regija\"],\"inLanguage\":\"hr\"},{\"@type\":\"WebPage\",\"@id\":\"https:\\\/\\\/radioljubuski.ba\\\/index.php\\\/2022\\\/05\\\/25\\\/soros-prijeti-nam-kraj-civilizacije\\\/\",\"url\":\"https:\\\/\\\/radioljubuski.ba\\\/index.php\\\/2022\\\/05\\\/25\\\/soros-prijeti-nam-kraj-civilizacije\\\/\",\"name\":\"Soros: Prijeti nam kraj civilizacije - RADIO LJUBU\u0160KI\",\"isPartOf\":{\"@id\":\"https:\\\/\\\/radioljubuski.ba\\\/#website\"},\"primaryImageOfPage\":{\"@id\":\"https:\\\/\\\/radioljubuski.ba\\\/index.php\\\/2022\\\/05\\\/25\\\/soros-prijeti-nam-kraj-civilizacije\\\/#primaryimage\"},\"image\":{\"@id\":\"https:\\\/\\\/radioljubuski.ba\\\/index.php\\\/2022\\\/05\\\/25\\\/soros-prijeti-nam-kraj-civilizacije\\\/#primaryimage\"},\"thumbnailUrl\":\"https:\\\/\\\/radioljubuski.ba\\\/wp-content\\\/uploads\\\/2022\\\/05\\\/sosrs-nova.jpeg\",\"datePublished\":\"2022-05-25T13:36:07+00:00\",\"dateModified\":\"2022-05-25T13:36:08+00:00\",\"breadcrumb\":{\"@id\":\"https:\\\/\\\/radioljubuski.ba\\\/index.php\\\/2022\\\/05\\\/25\\\/soros-prijeti-nam-kraj-civilizacije\\\/#breadcrumb\"},\"inLanguage\":\"hr\",\"potentialAction\":[{\"@type\":\"ReadAction\",\"target\":[\"https:\\\/\\\/radioljubuski.ba\\\/index.php\\\/2022\\\/05\\\/25\\\/soros-prijeti-nam-kraj-civilizacije\\\/\"]}]},{\"@type\":\"ImageObject\",\"inLanguage\":\"hr\",\"@id\":\"https:\\\/\\\/radioljubuski.ba\\\/index.php\\\/2022\\\/05\\\/25\\\/soros-prijeti-nam-kraj-civilizacije\\\/#primaryimage\",\"url\":\"https:\\\/\\\/radioljubuski.ba\\\/wp-content\\\/uploads\\\/2022\\\/05\\\/sosrs-nova.jpeg\",\"contentUrl\":\"https:\\\/\\\/radioljubuski.ba\\\/wp-content\\\/uploads\\\/2022\\\/05\\\/sosrs-nova.jpeg\",\"width\":1280,\"height\":861},{\"@type\":\"BreadcrumbList\",\"@id\":\"https:\\\/\\\/radioljubuski.ba\\\/index.php\\\/2022\\\/05\\\/25\\\/soros-prijeti-nam-kraj-civilizacije\\\/#breadcrumb\",\"itemListElement\":[{\"@type\":\"ListItem\",\"position\":1,\"name\":\"Po\u010detna stranica\",\"item\":\"https:\\\/\\\/radioljubuski.ba\\\/\"},{\"@type\":\"ListItem\",\"position\":2,\"name\":\"Soros: Prijeti nam kraj civilizacije\"}]},{\"@type\":\"WebSite\",\"@id\":\"https:\\\/\\\/radioljubuski.ba\\\/#website\",\"url\":\"https:\\\/\\\/radioljubuski.ba\\\/\",\"name\":\"Radio Ljubu\u0161ki\",\"description\":\"Sun\u010dana frekvencija Hercegovine\",\"publisher\":{\"@id\":\"https:\\\/\\\/radioljubuski.ba\\\/#organization\"},\"potentialAction\":[{\"@type\":\"SearchAction\",\"target\":{\"@type\":\"EntryPoint\",\"urlTemplate\":\"https:\\\/\\\/radioljubuski.ba\\\/?s={search_term_string}\"},\"query-input\":{\"@type\":\"PropertyValueSpecification\",\"valueRequired\":true,\"valueName\":\"search_term_string\"}}],\"inLanguage\":\"hr\"},{\"@type\":\"Organization\",\"@id\":\"https:\\\/\\\/radioljubuski.ba\\\/#organization\",\"name\":\"Radio Ljubu\u0161ki\",\"url\":\"https:\\\/\\\/radioljubuski.ba\\\/\",\"logo\":{\"@type\":\"ImageObject\",\"inLanguage\":\"hr\",\"@id\":\"https:\\\/\\\/radioljubuski.ba\\\/#\\\/schema\\\/logo\\\/image\\\/\",\"url\":\"https:\\\/\\\/radioljubuski.ba\\\/wp-content\\\/uploads\\\/2021\\\/02\\\/cropped-Radio_Ljubuski_logo1.jpg\",\"contentUrl\":\"https:\\\/\\\/radioljubuski.ba\\\/wp-content\\\/uploads\\\/2021\\\/02\\\/cropped-Radio_Ljubuski_logo1.jpg\",\"width\":512,\"height\":512,\"caption\":\"Radio Ljubu\u0161ki\"},\"image\":{\"@id\":\"https:\\\/\\\/radioljubuski.ba\\\/#\\\/schema\\\/logo\\\/image\\\/\"},\"sameAs\":[\"https:\\\/\\\/www.facebook.com\\\/Radiio-Ljubuski-1490835324566332\",\"https:\\\/\\\/x.com\\\/radioljubuski\",\"https:\\\/\\\/hr.linkedin.com\\\/company\\\/radio-ljubuski\",\"https:\\\/\\\/www.youtube.com\\\/channel\\\/UCHYaeO_n0Db3tjNGudGpXyw\"]},{\"@type\":\"Person\",\"@id\":\"https:\\\/\\\/radioljubuski.ba\\\/#\\\/schema\\\/person\\\/19fc700381a780f69665d7956c469e3b\",\"name\":\"Radio Ljubu\u0161ki\"}]}<\/script>\n<!-- \/ Yoast SEO plugin. -->","yoast_head_json":{"title":"Soros: Prijeti nam kraj civilizacije - RADIO LJUBU\u0160KI","robots":{"index":"index","follow":"follow","max-snippet":"max-snippet:-1","max-image-preview":"max-image-preview:large","max-video-preview":"max-video-preview:-1"},"canonical":"https:\/\/radioljubuski.ba\/index.php\/2022\/05\/25\/soros-prijeti-nam-kraj-civilizacije\/","og_locale":"hr_HR","og_type":"article","og_title":"Soros: Prijeti nam kraj civilizacije - RADIO LJUBU\u0160KI","og_description":"Ruska invazija na Ukrajinu mogla bi biti \u201cpo\u010detak tre\u0107eg svjetskog rata\u201d koji bi mogao zna\u010diti kraj civilizacije, rekao je na Svjetskom gospodarskom forumu u Davosu ameri\u010dki milijarder i filantrop George Soros. U \u017eestokom napadu na Vladimira Putina i Xi Jinpinga Soros je upozorio da su \u201cautokratski re\u017eimi u usponu i da globalno gospodarstvo ide u [&hellip;]","og_url":"https:\/\/radioljubuski.ba\/index.php\/2022\/05\/25\/soros-prijeti-nam-kraj-civilizacije\/","og_site_name":"RADIO LJUBU\u0160KI","article_publisher":"https:\/\/www.facebook.com\/Radiio-Ljubuski-1490835324566332","article_published_time":"2022-05-25T13:36:07+00:00","article_modified_time":"2022-05-25T13:36:08+00:00","og_image":[{"width":1280,"height":861,"url":"https:\/\/radioljubuski.ba\/wp-content\/uploads\/2022\/05\/sosrs-nova.jpeg","type":"image\/jpeg"}],"author":"Radio Ljubu\u0161ki","twitter_card":"summary_large_image","twitter_creator":"@radioljubuski","twitter_site":"@radioljubuski","twitter_misc":{"Napisao\/la":"Radio Ljubu\u0161ki","Procijenjeno vrijeme \u010ditanja":"3 minute"},"schema":{"@context":"https:\/\/schema.org","@graph":[{"@type":"Article","@id":"https:\/\/radioljubuski.ba\/index.php\/2022\/05\/25\/soros-prijeti-nam-kraj-civilizacije\/#article","isPartOf":{"@id":"https:\/\/radioljubuski.ba\/index.php\/2022\/05\/25\/soros-prijeti-nam-kraj-civilizacije\/"},"author":{"name":"Radio Ljubu\u0161ki","@id":"https:\/\/radioljubuski.ba\/#\/schema\/person\/19fc700381a780f69665d7956c469e3b"},"headline":"Soros: Prijeti nam kraj civilizacije","datePublished":"2022-05-25T13:36:07+00:00","dateModified":"2022-05-25T13:36:08+00:00","mainEntityOfPage":{"@id":"https:\/\/radioljubuski.ba\/index.php\/2022\/05\/25\/soros-prijeti-nam-kraj-civilizacije\/"},"wordCount":555,"publisher":{"@id":"https:\/\/radioljubuski.ba\/#organization"},"image":{"@id":"https:\/\/radioljubuski.ba\/index.php\/2022\/05\/25\/soros-prijeti-nam-kraj-civilizacije\/#primaryimage"},"thumbnailUrl":"https:\/\/radioljubuski.ba\/wp-content\/uploads\/2022\/05\/sosrs-nova.jpeg","articleSection":["BIH i regija"],"inLanguage":"hr"},{"@type":"WebPage","@id":"https:\/\/radioljubuski.ba\/index.php\/2022\/05\/25\/soros-prijeti-nam-kraj-civilizacije\/","url":"https:\/\/radioljubuski.ba\/index.php\/2022\/05\/25\/soros-prijeti-nam-kraj-civilizacije\/","name":"Soros: Prijeti nam kraj civilizacije - RADIO LJUBU\u0160KI","isPartOf":{"@id":"https:\/\/radioljubuski.ba\/#website"},"primaryImageOfPage":{"@id":"https:\/\/radioljubuski.ba\/index.php\/2022\/05\/25\/soros-prijeti-nam-kraj-civilizacije\/#primaryimage"},"image":{"@id":"https:\/\/radioljubuski.ba\/index.php\/2022\/05\/25\/soros-prijeti-nam-kraj-civilizacije\/#primaryimage"},"thumbnailUrl":"https:\/\/radioljubuski.ba\/wp-content\/uploads\/2022\/05\/sosrs-nova.jpeg","datePublished":"2022-05-25T13:36:07+00:00","dateModified":"2022-05-25T13:36:08+00:00","breadcrumb":{"@id":"https:\/\/radioljubuski.ba\/index.php\/2022\/05\/25\/soros-prijeti-nam-kraj-civilizacije\/#breadcrumb"},"inLanguage":"hr","potentialAction":[{"@type":"ReadAction","target":["https:\/\/radioljubuski.ba\/index.php\/2022\/05\/25\/soros-prijeti-nam-kraj-civilizacije\/"]}]},{"@type":"ImageObject","inLanguage":"hr","@id":"https:\/\/radioljubuski.ba\/index.php\/2022\/05\/25\/soros-prijeti-nam-kraj-civilizacije\/#primaryimage","url":"https:\/\/radioljubuski.ba\/wp-content\/uploads\/2022\/05\/sosrs-nova.jpeg","contentUrl":"https:\/\/radioljubuski.ba\/wp-content\/uploads\/2022\/05\/sosrs-nova.jpeg","width":1280,"height":861},{"@type":"BreadcrumbList","@id":"https:\/\/radioljubuski.ba\/index.php\/2022\/05\/25\/soros-prijeti-nam-kraj-civilizacije\/#breadcrumb","itemListElement":[{"@type":"ListItem","position":1,"name":"Po\u010detna stranica","item":"https:\/\/radioljubuski.ba\/"},{"@type":"ListItem","position":2,"name":"Soros: Prijeti nam kraj civilizacije"}]},{"@type":"WebSite","@id":"https:\/\/radioljubuski.ba\/#website","url":"https:\/\/radioljubuski.ba\/","name":"Radio Ljubu\u0161ki","description":"Sun\u010dana frekvencija Hercegovine","publisher":{"@id":"https:\/\/radioljubuski.ba\/#organization"},"potentialAction":[{"@type":"SearchAction","target":{"@type":"EntryPoint","urlTemplate":"https:\/\/radioljubuski.ba\/?s={search_term_string}"},"query-input":{"@type":"PropertyValueSpecification","valueRequired":true,"valueName":"search_term_string"}}],"inLanguage":"hr"},{"@type":"Organization","@id":"https:\/\/radioljubuski.ba\/#organization","name":"Radio Ljubu\u0161ki","url":"https:\/\/radioljubuski.ba\/","logo":{"@type":"ImageObject","inLanguage":"hr","@id":"https:\/\/radioljubuski.ba\/#\/schema\/logo\/image\/","url":"https:\/\/radioljubuski.ba\/wp-content\/uploads\/2021\/02\/cropped-Radio_Ljubuski_logo1.jpg","contentUrl":"https:\/\/radioljubuski.ba\/wp-content\/uploads\/2021\/02\/cropped-Radio_Ljubuski_logo1.jpg","width":512,"height":512,"caption":"Radio Ljubu\u0161ki"},"image":{"@id":"https:\/\/radioljubuski.ba\/#\/schema\/logo\/image\/"},"sameAs":["https:\/\/www.facebook.com\/Radiio-Ljubuski-1490835324566332","https:\/\/x.com\/radioljubuski","https:\/\/hr.linkedin.com\/company\/radio-ljubuski","https:\/\/www.youtube.com\/channel\/UCHYaeO_n0Db3tjNGudGpXyw"]},{"@type":"Person","@id":"https:\/\/radioljubuski.ba\/#\/schema\/person\/19fc700381a780f69665d7956c469e3b","name":"Radio Ljubu\u0161ki"}]}},"_links":{"self":[{"href":"https:\/\/radioljubuski.ba\/index.php\/wp-json\/wp\/v2\/posts\/143907","targetHints":{"allow":["GET"]}}],"collection":[{"href":"https:\/\/radioljubuski.ba\/index.php\/wp-json\/wp\/v2\/posts"}],"about":[{"href":"https:\/\/radioljubuski.ba\/index.php\/wp-json\/wp\/v2\/types\/post"}],"author":[{"embeddable":true,"href":"https:\/\/radioljubuski.ba\/index.php\/wp-json\/wp\/v2\/users\/2"}],"replies":[{"embeddable":true,"href":"https:\/\/radioljubuski.ba\/index.php\/wp-json\/wp\/v2\/comments?post=143907"}],"version-history":[{"count":1,"href":"https:\/\/radioljubuski.ba\/index.php\/wp-json\/wp\/v2\/posts\/143907\/revisions"}],"predecessor-version":[{"id":143909,"href":"https:\/\/radioljubuski.ba\/index.php\/wp-json\/wp\/v2\/posts\/143907\/revisions\/143909"}],"wp:featuredmedia":[{"embeddable":true,"href":"https:\/\/radioljubuski.ba\/index.php\/wp-json\/wp\/v2\/media\/143908"}],"wp:attachment":[{"href":"https:\/\/radioljubuski.ba\/index.php\/wp-json\/wp\/v2\/media?parent=143907"}],"wp:term":[{"taxonomy":"category","embeddable":true,"href":"https:\/\/radioljubuski.ba\/index.php\/wp-json\/wp\/v2\/categories?post=143907"},{"taxonomy":"post_tag","embeddable":true,"href":"https:\/\/radioljubuski.ba\/index.php\/wp-json\/wp\/v2\/tags?post=143907"}],"curies":[{"name":"wp","href":"https:\/\/api.w.org\/{rel}","templated":true}]}}