{"id":143910,"date":"2022-05-25T14:37:35","date_gmt":"2022-05-25T13:37:35","guid":{"rendered":"https:\/\/radioljubuski.ba\/?p=143910"},"modified":"2022-05-25T14:37:36","modified_gmt":"2022-05-25T13:37:36","slug":"ramos-je-prije-pokolja-poslao-jezivu-poruku-djevojci-koju-nije-poznavao-imam-malu-tajnu","status":"publish","type":"post","link":"https:\/\/radioljubuski.ba\/index.php\/2022\/05\/25\/ramos-je-prije-pokolja-poslao-jezivu-poruku-djevojci-koju-nije-poznavao-imam-malu-tajnu\/","title":{"rendered":"Ramos je prije pokolja poslao jezivu poruku djevojci koju nije poznavao: \u2018Imam malu tajnu\u2026\u2018"},"content":{"rendered":"\n<p><strong>Naoru\u017eani napada\u010d koji je u utorak ubio najmanje 19 u\u010denika i dvoje u\u010ditelja u osnovnoj \u0161koli Robb u Uvaldeu u Teksasu identificiran je kao 18-godi\u0161nji Salvador Ramos. Ubojica je i sam likvidiran nakon razmjene vatre s policajcima.<\/strong><\/p>\n\n\n\n<p>Ramos je \u017eivio u Uvaldeu, gradi\u0107u oko 130 kilometara udaljenom od San Antonija, a ondje je poha\u0111ao i srednju \u0161kolu.<\/p>\n\n\n\n<p>Napada\u010d je prije napada na dru\u0161tvenim mre\u017eama podijelio fotografije oru\u017eja, a ra\u010dun Salvadora Ramosa je uklonjen ubrzo nakon \u0161to je guverner Greg Abbott potvrdio njegov identitet.<\/p>\n\n\n\n<p>Malo prije pucnjave, poslao je poruku nepoznatoj djevojci i dao joj naslutiti da planira napad.<\/p>\n\n\n\n<p>Ramos ju je ozna\u010dio na fotografiji oru\u017eja i napisao: \u2018Imam malu tajnu. \u017delim ti re\u0107i. Budi zahvalna \u0161to sam te tagirao.\u2019<\/p>\n\n\n\n<p>Ona je odgovorila: \u2018To je stra\u0161no. Jedva te poznajem, a ti me ozna\u010duje\u0161 na slici s nekim oru\u017ejem.\u2019<\/p>\n\n\n\n<p>Prije krvavog pohoda u \u0161koli Ramos je upucao i svoju baku koja je u kriti\u010dnom stanju i u bolnici se bori za \u017eivot.<\/p>\n\n\n\n<p>Poslovo\u0111a u Wendy\u2019su, ameri\u010dkom lancu restorana brze hrane, ka\u017ee kako je Ramos ondje radio godinu dana prije nego \u0161to je dao otkaz u travnju.<\/p>\n\n\n\n<p>Znate kako moji de\u010dki pri\u010daju jedni s drugima i prijateljski su raspolo\u017eeni? On nije bio takav. Nitko ga zapravo nije poznavao, rekao je poslovo\u0111a.<\/p>\n\n\n\n<p>Ramosovi profili na dru\u0161tvenim mre\u017eama deaktivirani su nakon \u0161to je policija objavila njegov identitet, ali novinari su uspjeli do\u0107i do zadnjih fotografija koje je objavio na Instagramu. Radi se o tri fotografije \u2013 selfie Ramosa u trenirci kako pozira pred ogledalom, zrnati crno-bijeli krupni plan njegovog lica i snimka osobe koja dr\u017ei spremnik za municiju u krilu.<\/p>\n\n\n\n<p>Napad u Uvaldeu, gradi\u0107u s 20 tisu\u0107a stanovnika sat vo\u017enje od granice s Meksikom, posljednji je u nizu smrtonosnih pucnjava u Sjedinjenim Dr\u017eavama. Vlasti vjeruju da je Ramos djelovao sam.<\/p>\n\n\n\n<p>Otkriveno je da je do \u0161kole do\u0161ao automobilom, naoru\u017ean pi\u0161toljem, a \u201cmo\u017eda i pu\u0161kom\u201d.<\/p>\n\n\n\n<p>Radi se o \u0161koli koju poha\u0111aju u\u010denici do \u010detvrtog razreda. Ima ih petstotinjak i ve\u0107inski su hispanskog porijekla i siroma\u0161nog ekonomskog statusa.<\/p>\n\n\n\n<p>Ovaj je mjesec u masovnoj pucnjavi ve\u0107 ubijeno deset ljudi, u trgova\u010dkom centru u Buffalu u dr\u017eavi New York. Za taj je zlo\u010din utvr\u0111eno da je po\u010dinjen iz rasne mr\u017enje jer su ve\u0107ina \u017ertava crnci.<\/p>\n\n\n\n<p>Unato\u010d brojnim masovnim ubojstvima, inicijative i zakonske regulacije s ciljem stro\u017ee kontrole osobnog naoru\u017eanja ne daju rezultate. U zemlji je 2020. vi\u0161e od 19 tisu\u0107a ljudi ubijeno vatrenim oru\u017ejem, \u0161to je porast od 35 posto u odnosu na godinu prije.<\/p>\n\n\n\n<p>Ameri\u010dki predsjednik Joe Biden, vidno potresen, ali i gnjevan, obratio se naciji nekoliko sati nakon velikog krvoproli\u0107a.<\/p>\n\n\n\n<p>Nadao sam se kad sam postao predsjednik da ne\u0107u morati ovo opet raditi. Jo\u0161 jedan masakr, ovoga puta u Uvaldeu u Teksasu, u osnovnoj \u0161koli. \u017drtve su prelijepi, nedu\u017eni u\u010denici drugog, tre\u0107eg i \u010detvrtog razreda\u2026 I koliko jo\u0161 njih koji su svjedo\u010dili tome, gledali su svoje prijatelje kako umiru, kao da su na nekoj boji\u0161nici. \u017divjet \u0107e s tim do kraja \u017eivota, zapo\u010deo je Biden.<\/p>\n\n\n\n<p>Mnogo o ovome jo\u0161 ne znamo, ali pone\u0161to i znamo. Znamo da neki roditelji vi\u0161e nikada ne\u0107e vidjeti svoju djecu, vi\u0161e ih nikada ne\u0107e spremati na spavanje, grliti ih. Nikada ne\u0107e biti isti. Izgubiti dijete je kao da ti je netko otkinuo komad du\u0161e. Kao da te ne\u0161to usisalo u \u0161upljinu vlastitih plu\u0107a i nikada ne mo\u017ee\u0161 vi\u0161e van. Nikad ne bude isto, rekao je Biden koji je i sam izgubio dvoje djece \u2013 k\u0107er u prometnoj nesre\u0107i, a sina od te\u0161ke bolesti.<\/p>\n\n\n\n<p>\/HMS\/<\/p>\n","protected":false},"excerpt":{"rendered":"<p>Naoru\u017eani napada\u010d koji je u utorak ubio najmanje 19 u\u010denika i dvoje u\u010ditelja u osnovnoj \u0161koli Robb u Uvaldeu u Teksasu identificiran je kao 18-godi\u0161nji Salvador Ramos. Ubojica je i sam likvidiran nakon razmjene vatre s policajcima. Ramos je \u017eivio u Uvaldeu, gradi\u0107u oko 130 kilometara udaljenom od San Antonija, a ondje je poha\u0111ao i [&hellip;]<\/p>\n","protected":false},"author":2,"featured_media":143911,"comment_status":"closed","ping_status":"closed","sticky":false,"template":"","format":"standard","meta":{"h5ap_radio_sources":[],"footnotes":""},"categories":[1],"tags":[],"class_list":["post-143910","post","type-post","status-publish","format-standard","has-post-thumbnail","hentry","category-bihiregija"],"yoast_head":"<!-- This site is optimized with the Yoast SEO plugin v27.5 - https:\/\/yoast.com\/product\/yoast-seo-wordpress\/ -->\n<title>Ramos je prije pokolja poslao jezivu poruku djevojci koju nije poznavao: \u2018Imam malu tajnu\u2026\u2018 - RADIO LJUBU\u0160KI<\/title>\n<meta name=\"robots\" content=\"index, follow, max-snippet:-1, max-image-preview:large, max-video-preview:-1\" \/>\n<link rel=\"canonical\" href=\"https:\/\/radioljubuski.ba\/index.php\/2022\/05\/25\/ramos-je-prije-pokolja-poslao-jezivu-poruku-djevojci-koju-nije-poznavao-imam-malu-tajnu\/\" \/>\n<meta property=\"og:locale\" content=\"hr_HR\" \/>\n<meta property=\"og:type\" content=\"article\" \/>\n<meta property=\"og:title\" content=\"Ramos je prije pokolja poslao jezivu poruku djevojci koju nije poznavao: \u2018Imam malu tajnu\u2026\u2018 - RADIO LJUBU\u0160KI\" \/>\n<meta property=\"og:description\" content=\"Naoru\u017eani napada\u010d koji je u utorak ubio najmanje 19 u\u010denika i dvoje u\u010ditelja u osnovnoj \u0161koli Robb u Uvaldeu u Teksasu identificiran je kao 18-godi\u0161nji Salvador Ramos. Ubojica je i sam likvidiran nakon razmjene vatre s policajcima. Ramos je \u017eivio u Uvaldeu, gradi\u0107u oko 130 kilometara udaljenom od San Antonija, a ondje je poha\u0111ao i [&hellip;]\" \/>\n<meta property=\"og:url\" content=\"https:\/\/radioljubuski.ba\/index.php\/2022\/05\/25\/ramos-je-prije-pokolja-poslao-jezivu-poruku-djevojci-koju-nije-poznavao-imam-malu-tajnu\/\" \/>\n<meta property=\"og:site_name\" content=\"RADIO LJUBU\u0160KI\" \/>\n<meta property=\"article:publisher\" content=\"https:\/\/www.facebook.com\/Radiio-Ljubuski-1490835324566332\" \/>\n<meta property=\"article:published_time\" content=\"2022-05-25T13:37:35+00:00\" \/>\n<meta property=\"article:modified_time\" content=\"2022-05-25T13:37:36+00:00\" \/>\n<meta property=\"og:image\" content=\"https:\/\/radioljubuski.ba\/wp-content\/uploads\/2022\/05\/ramos.jpg\" \/>\n\t<meta property=\"og:image:width\" content=\"1024\" \/>\n\t<meta property=\"og:image:height\" content=\"536\" \/>\n\t<meta property=\"og:image:type\" content=\"image\/jpeg\" \/>\n<meta name=\"author\" content=\"Radio Ljubu\u0161ki\" \/>\n<meta name=\"twitter:card\" content=\"summary_large_image\" \/>\n<meta name=\"twitter:creator\" content=\"@radioljubuski\" \/>\n<meta name=\"twitter:site\" content=\"@radioljubuski\" \/>\n<meta name=\"twitter:label1\" content=\"Napisao\/la\" \/>\n\t<meta name=\"twitter:data1\" content=\"Radio Ljubu\u0161ki\" \/>\n\t<meta name=\"twitter:label2\" content=\"Procijenjeno vrijeme \u010ditanja\" \/>\n\t<meta name=\"twitter:data2\" content=\"3 minute\" \/>\n<script type=\"application\/ld+json\" class=\"yoast-schema-graph\">{\"@context\":\"https:\\\/\\\/schema.org\",\"@graph\":[{\"@type\":\"Article\",\"@id\":\"https:\\\/\\\/radioljubuski.ba\\\/index.php\\\/2022\\\/05\\\/25\\\/ramos-je-prije-pokolja-poslao-jezivu-poruku-djevojci-koju-nije-poznavao-imam-malu-tajnu\\\/#article\",\"isPartOf\":{\"@id\":\"https:\\\/\\\/radioljubuski.ba\\\/index.php\\\/2022\\\/05\\\/25\\\/ramos-je-prije-pokolja-poslao-jezivu-poruku-djevojci-koju-nije-poznavao-imam-malu-tajnu\\\/\"},\"author\":{\"name\":\"Radio Ljubu\u0161ki\",\"@id\":\"https:\\\/\\\/radioljubuski.ba\\\/#\\\/schema\\\/person\\\/19fc700381a780f69665d7956c469e3b\"},\"headline\":\"Ramos je prije pokolja poslao jezivu poruku djevojci koju nije poznavao: \u2018Imam malu tajnu\u2026\u2018\",\"datePublished\":\"2022-05-25T13:37:35+00:00\",\"dateModified\":\"2022-05-25T13:37:36+00:00\",\"mainEntityOfPage\":{\"@id\":\"https:\\\/\\\/radioljubuski.ba\\\/index.php\\\/2022\\\/05\\\/25\\\/ramos-je-prije-pokolja-poslao-jezivu-poruku-djevojci-koju-nije-poznavao-imam-malu-tajnu\\\/\"},\"wordCount\":655,\"publisher\":{\"@id\":\"https:\\\/\\\/radioljubuski.ba\\\/#organization\"},\"image\":{\"@id\":\"https:\\\/\\\/radioljubuski.ba\\\/index.php\\\/2022\\\/05\\\/25\\\/ramos-je-prije-pokolja-poslao-jezivu-poruku-djevojci-koju-nije-poznavao-imam-malu-tajnu\\\/#primaryimage\"},\"thumbnailUrl\":\"https:\\\/\\\/radioljubuski.ba\\\/wp-content\\\/uploads\\\/2022\\\/05\\\/ramos.jpg\",\"articleSection\":[\"BIH i regija\"],\"inLanguage\":\"hr\"},{\"@type\":\"WebPage\",\"@id\":\"https:\\\/\\\/radioljubuski.ba\\\/index.php\\\/2022\\\/05\\\/25\\\/ramos-je-prije-pokolja-poslao-jezivu-poruku-djevojci-koju-nije-poznavao-imam-malu-tajnu\\\/\",\"url\":\"https:\\\/\\\/radioljubuski.ba\\\/index.php\\\/2022\\\/05\\\/25\\\/ramos-je-prije-pokolja-poslao-jezivu-poruku-djevojci-koju-nije-poznavao-imam-malu-tajnu\\\/\",\"name\":\"Ramos je prije pokolja poslao jezivu poruku djevojci koju nije poznavao: \u2018Imam malu tajnu\u2026\u2018 - RADIO LJUBU\u0160KI\",\"isPartOf\":{\"@id\":\"https:\\\/\\\/radioljubuski.ba\\\/#website\"},\"primaryImageOfPage\":{\"@id\":\"https:\\\/\\\/radioljubuski.ba\\\/index.php\\\/2022\\\/05\\\/25\\\/ramos-je-prije-pokolja-poslao-jezivu-poruku-djevojci-koju-nije-poznavao-imam-malu-tajnu\\\/#primaryimage\"},\"image\":{\"@id\":\"https:\\\/\\\/radioljubuski.ba\\\/index.php\\\/2022\\\/05\\\/25\\\/ramos-je-prije-pokolja-poslao-jezivu-poruku-djevojci-koju-nije-poznavao-imam-malu-tajnu\\\/#primaryimage\"},\"thumbnailUrl\":\"https:\\\/\\\/radioljubuski.ba\\\/wp-content\\\/uploads\\\/2022\\\/05\\\/ramos.jpg\",\"datePublished\":\"2022-05-25T13:37:35+00:00\",\"dateModified\":\"2022-05-25T13:37:36+00:00\",\"breadcrumb\":{\"@id\":\"https:\\\/\\\/radioljubuski.ba\\\/index.php\\\/2022\\\/05\\\/25\\\/ramos-je-prije-pokolja-poslao-jezivu-poruku-djevojci-koju-nije-poznavao-imam-malu-tajnu\\\/#breadcrumb\"},\"inLanguage\":\"hr\",\"potentialAction\":[{\"@type\":\"ReadAction\",\"target\":[\"https:\\\/\\\/radioljubuski.ba\\\/index.php\\\/2022\\\/05\\\/25\\\/ramos-je-prije-pokolja-poslao-jezivu-poruku-djevojci-koju-nije-poznavao-imam-malu-tajnu\\\/\"]}]},{\"@type\":\"ImageObject\",\"inLanguage\":\"hr\",\"@id\":\"https:\\\/\\\/radioljubuski.ba\\\/index.php\\\/2022\\\/05\\\/25\\\/ramos-je-prije-pokolja-poslao-jezivu-poruku-djevojci-koju-nije-poznavao-imam-malu-tajnu\\\/#primaryimage\",\"url\":\"https:\\\/\\\/radioljubuski.ba\\\/wp-content\\\/uploads\\\/2022\\\/05\\\/ramos.jpg\",\"contentUrl\":\"https:\\\/\\\/radioljubuski.ba\\\/wp-content\\\/uploads\\\/2022\\\/05\\\/ramos.jpg\",\"width\":1024,\"height\":536},{\"@type\":\"BreadcrumbList\",\"@id\":\"https:\\\/\\\/radioljubuski.ba\\\/index.php\\\/2022\\\/05\\\/25\\\/ramos-je-prije-pokolja-poslao-jezivu-poruku-djevojci-koju-nije-poznavao-imam-malu-tajnu\\\/#breadcrumb\",\"itemListElement\":[{\"@type\":\"ListItem\",\"position\":1,\"name\":\"Po\u010detna stranica\",\"item\":\"https:\\\/\\\/radioljubuski.ba\\\/\"},{\"@type\":\"ListItem\",\"position\":2,\"name\":\"Ramos je prije pokolja poslao jezivu poruku djevojci koju nije poznavao: \u2018Imam malu tajnu\u2026\u2018\"}]},{\"@type\":\"WebSite\",\"@id\":\"https:\\\/\\\/radioljubuski.ba\\\/#website\",\"url\":\"https:\\\/\\\/radioljubuski.ba\\\/\",\"name\":\"Radio Ljubu\u0161ki\",\"description\":\"Sun\u010dana frekvencija Hercegovine\",\"publisher\":{\"@id\":\"https:\\\/\\\/radioljubuski.ba\\\/#organization\"},\"potentialAction\":[{\"@type\":\"SearchAction\",\"target\":{\"@type\":\"EntryPoint\",\"urlTemplate\":\"https:\\\/\\\/radioljubuski.ba\\\/?s={search_term_string}\"},\"query-input\":{\"@type\":\"PropertyValueSpecification\",\"valueRequired\":true,\"valueName\":\"search_term_string\"}}],\"inLanguage\":\"hr\"},{\"@type\":\"Organization\",\"@id\":\"https:\\\/\\\/radioljubuski.ba\\\/#organization\",\"name\":\"Radio Ljubu\u0161ki\",\"url\":\"https:\\\/\\\/radioljubuski.ba\\\/\",\"logo\":{\"@type\":\"ImageObject\",\"inLanguage\":\"hr\",\"@id\":\"https:\\\/\\\/radioljubuski.ba\\\/#\\\/schema\\\/logo\\\/image\\\/\",\"url\":\"https:\\\/\\\/radioljubuski.ba\\\/wp-content\\\/uploads\\\/2021\\\/02\\\/cropped-Radio_Ljubuski_logo1.jpg\",\"contentUrl\":\"https:\\\/\\\/radioljubuski.ba\\\/wp-content\\\/uploads\\\/2021\\\/02\\\/cropped-Radio_Ljubuski_logo1.jpg\",\"width\":512,\"height\":512,\"caption\":\"Radio Ljubu\u0161ki\"},\"image\":{\"@id\":\"https:\\\/\\\/radioljubuski.ba\\\/#\\\/schema\\\/logo\\\/image\\\/\"},\"sameAs\":[\"https:\\\/\\\/www.facebook.com\\\/Radiio-Ljubuski-1490835324566332\",\"https:\\\/\\\/x.com\\\/radioljubuski\",\"https:\\\/\\\/hr.linkedin.com\\\/company\\\/radio-ljubuski\",\"https:\\\/\\\/www.youtube.com\\\/channel\\\/UCHYaeO_n0Db3tjNGudGpXyw\"]},{\"@type\":\"Person\",\"@id\":\"https:\\\/\\\/radioljubuski.ba\\\/#\\\/schema\\\/person\\\/19fc700381a780f69665d7956c469e3b\",\"name\":\"Radio Ljubu\u0161ki\"}]}<\/script>\n<!-- \/ Yoast SEO plugin. -->","yoast_head_json":{"title":"Ramos je prije pokolja poslao jezivu poruku djevojci koju nije poznavao: \u2018Imam malu tajnu\u2026\u2018 - RADIO LJUBU\u0160KI","robots":{"index":"index","follow":"follow","max-snippet":"max-snippet:-1","max-image-preview":"max-image-preview:large","max-video-preview":"max-video-preview:-1"},"canonical":"https:\/\/radioljubuski.ba\/index.php\/2022\/05\/25\/ramos-je-prije-pokolja-poslao-jezivu-poruku-djevojci-koju-nije-poznavao-imam-malu-tajnu\/","og_locale":"hr_HR","og_type":"article","og_title":"Ramos je prije pokolja poslao jezivu poruku djevojci koju nije poznavao: \u2018Imam malu tajnu\u2026\u2018 - RADIO LJUBU\u0160KI","og_description":"Naoru\u017eani napada\u010d koji je u utorak ubio najmanje 19 u\u010denika i dvoje u\u010ditelja u osnovnoj \u0161koli Robb u Uvaldeu u Teksasu identificiran je kao 18-godi\u0161nji Salvador Ramos. Ubojica je i sam likvidiran nakon razmjene vatre s policajcima. Ramos je \u017eivio u Uvaldeu, gradi\u0107u oko 130 kilometara udaljenom od San Antonija, a ondje je poha\u0111ao i [&hellip;]","og_url":"https:\/\/radioljubuski.ba\/index.php\/2022\/05\/25\/ramos-je-prije-pokolja-poslao-jezivu-poruku-djevojci-koju-nije-poznavao-imam-malu-tajnu\/","og_site_name":"RADIO LJUBU\u0160KI","article_publisher":"https:\/\/www.facebook.com\/Radiio-Ljubuski-1490835324566332","article_published_time":"2022-05-25T13:37:35+00:00","article_modified_time":"2022-05-25T13:37:36+00:00","og_image":[{"width":1024,"height":536,"url":"https:\/\/radioljubuski.ba\/wp-content\/uploads\/2022\/05\/ramos.jpg","type":"image\/jpeg"}],"author":"Radio Ljubu\u0161ki","twitter_card":"summary_large_image","twitter_creator":"@radioljubuski","twitter_site":"@radioljubuski","twitter_misc":{"Napisao\/la":"Radio Ljubu\u0161ki","Procijenjeno vrijeme \u010ditanja":"3 minute"},"schema":{"@context":"https:\/\/schema.org","@graph":[{"@type":"Article","@id":"https:\/\/radioljubuski.ba\/index.php\/2022\/05\/25\/ramos-je-prije-pokolja-poslao-jezivu-poruku-djevojci-koju-nije-poznavao-imam-malu-tajnu\/#article","isPartOf":{"@id":"https:\/\/radioljubuski.ba\/index.php\/2022\/05\/25\/ramos-je-prije-pokolja-poslao-jezivu-poruku-djevojci-koju-nije-poznavao-imam-malu-tajnu\/"},"author":{"name":"Radio Ljubu\u0161ki","@id":"https:\/\/radioljubuski.ba\/#\/schema\/person\/19fc700381a780f69665d7956c469e3b"},"headline":"Ramos je prije pokolja poslao jezivu poruku djevojci koju nije poznavao: \u2018Imam malu tajnu\u2026\u2018","datePublished":"2022-05-25T13:37:35+00:00","dateModified":"2022-05-25T13:37:36+00:00","mainEntityOfPage":{"@id":"https:\/\/radioljubuski.ba\/index.php\/2022\/05\/25\/ramos-je-prije-pokolja-poslao-jezivu-poruku-djevojci-koju-nije-poznavao-imam-malu-tajnu\/"},"wordCount":655,"publisher":{"@id":"https:\/\/radioljubuski.ba\/#organization"},"image":{"@id":"https:\/\/radioljubuski.ba\/index.php\/2022\/05\/25\/ramos-je-prije-pokolja-poslao-jezivu-poruku-djevojci-koju-nije-poznavao-imam-malu-tajnu\/#primaryimage"},"thumbnailUrl":"https:\/\/radioljubuski.ba\/wp-content\/uploads\/2022\/05\/ramos.jpg","articleSection":["BIH i regija"],"inLanguage":"hr"},{"@type":"WebPage","@id":"https:\/\/radioljubuski.ba\/index.php\/2022\/05\/25\/ramos-je-prije-pokolja-poslao-jezivu-poruku-djevojci-koju-nije-poznavao-imam-malu-tajnu\/","url":"https:\/\/radioljubuski.ba\/index.php\/2022\/05\/25\/ramos-je-prije-pokolja-poslao-jezivu-poruku-djevojci-koju-nije-poznavao-imam-malu-tajnu\/","name":"Ramos je prije pokolja poslao jezivu poruku djevojci koju nije poznavao: \u2018Imam malu tajnu\u2026\u2018 - RADIO LJUBU\u0160KI","isPartOf":{"@id":"https:\/\/radioljubuski.ba\/#website"},"primaryImageOfPage":{"@id":"https:\/\/radioljubuski.ba\/index.php\/2022\/05\/25\/ramos-je-prije-pokolja-poslao-jezivu-poruku-djevojci-koju-nije-poznavao-imam-malu-tajnu\/#primaryimage"},"image":{"@id":"https:\/\/radioljubuski.ba\/index.php\/2022\/05\/25\/ramos-je-prije-pokolja-poslao-jezivu-poruku-djevojci-koju-nije-poznavao-imam-malu-tajnu\/#primaryimage"},"thumbnailUrl":"https:\/\/radioljubuski.ba\/wp-content\/uploads\/2022\/05\/ramos.jpg","datePublished":"2022-05-25T13:37:35+00:00","dateModified":"2022-05-25T13:37:36+00:00","breadcrumb":{"@id":"https:\/\/radioljubuski.ba\/index.php\/2022\/05\/25\/ramos-je-prije-pokolja-poslao-jezivu-poruku-djevojci-koju-nije-poznavao-imam-malu-tajnu\/#breadcrumb"},"inLanguage":"hr","potentialAction":[{"@type":"ReadAction","target":["https:\/\/radioljubuski.ba\/index.php\/2022\/05\/25\/ramos-je-prije-pokolja-poslao-jezivu-poruku-djevojci-koju-nije-poznavao-imam-malu-tajnu\/"]}]},{"@type":"ImageObject","inLanguage":"hr","@id":"https:\/\/radioljubuski.ba\/index.php\/2022\/05\/25\/ramos-je-prije-pokolja-poslao-jezivu-poruku-djevojci-koju-nije-poznavao-imam-malu-tajnu\/#primaryimage","url":"https:\/\/radioljubuski.ba\/wp-content\/uploads\/2022\/05\/ramos.jpg","contentUrl":"https:\/\/radioljubuski.ba\/wp-content\/uploads\/2022\/05\/ramos.jpg","width":1024,"height":536},{"@type":"BreadcrumbList","@id":"https:\/\/radioljubuski.ba\/index.php\/2022\/05\/25\/ramos-je-prije-pokolja-poslao-jezivu-poruku-djevojci-koju-nije-poznavao-imam-malu-tajnu\/#breadcrumb","itemListElement":[{"@type":"ListItem","position":1,"name":"Po\u010detna stranica","item":"https:\/\/radioljubuski.ba\/"},{"@type":"ListItem","position":2,"name":"Ramos je prije pokolja poslao jezivu poruku djevojci koju nije poznavao: \u2018Imam malu tajnu\u2026\u2018"}]},{"@type":"WebSite","@id":"https:\/\/radioljubuski.ba\/#website","url":"https:\/\/radioljubuski.ba\/","name":"Radio Ljubu\u0161ki","description":"Sun\u010dana frekvencija Hercegovine","publisher":{"@id":"https:\/\/radioljubuski.ba\/#organization"},"potentialAction":[{"@type":"SearchAction","target":{"@type":"EntryPoint","urlTemplate":"https:\/\/radioljubuski.ba\/?s={search_term_string}"},"query-input":{"@type":"PropertyValueSpecification","valueRequired":true,"valueName":"search_term_string"}}],"inLanguage":"hr"},{"@type":"Organization","@id":"https:\/\/radioljubuski.ba\/#organization","name":"Radio Ljubu\u0161ki","url":"https:\/\/radioljubuski.ba\/","logo":{"@type":"ImageObject","inLanguage":"hr","@id":"https:\/\/radioljubuski.ba\/#\/schema\/logo\/image\/","url":"https:\/\/radioljubuski.ba\/wp-content\/uploads\/2021\/02\/cropped-Radio_Ljubuski_logo1.jpg","contentUrl":"https:\/\/radioljubuski.ba\/wp-content\/uploads\/2021\/02\/cropped-Radio_Ljubuski_logo1.jpg","width":512,"height":512,"caption":"Radio Ljubu\u0161ki"},"image":{"@id":"https:\/\/radioljubuski.ba\/#\/schema\/logo\/image\/"},"sameAs":["https:\/\/www.facebook.com\/Radiio-Ljubuski-1490835324566332","https:\/\/x.com\/radioljubuski","https:\/\/hr.linkedin.com\/company\/radio-ljubuski","https:\/\/www.youtube.com\/channel\/UCHYaeO_n0Db3tjNGudGpXyw"]},{"@type":"Person","@id":"https:\/\/radioljubuski.ba\/#\/schema\/person\/19fc700381a780f69665d7956c469e3b","name":"Radio Ljubu\u0161ki"}]}},"_links":{"self":[{"href":"https:\/\/radioljubuski.ba\/index.php\/wp-json\/wp\/v2\/posts\/143910","targetHints":{"allow":["GET"]}}],"collection":[{"href":"https:\/\/radioljubuski.ba\/index.php\/wp-json\/wp\/v2\/posts"}],"about":[{"href":"https:\/\/radioljubuski.ba\/index.php\/wp-json\/wp\/v2\/types\/post"}],"author":[{"embeddable":true,"href":"https:\/\/radioljubuski.ba\/index.php\/wp-json\/wp\/v2\/users\/2"}],"replies":[{"embeddable":true,"href":"https:\/\/radioljubuski.ba\/index.php\/wp-json\/wp\/v2\/comments?post=143910"}],"version-history":[{"count":1,"href":"https:\/\/radioljubuski.ba\/index.php\/wp-json\/wp\/v2\/posts\/143910\/revisions"}],"predecessor-version":[{"id":143912,"href":"https:\/\/radioljubuski.ba\/index.php\/wp-json\/wp\/v2\/posts\/143910\/revisions\/143912"}],"wp:featuredmedia":[{"embeddable":true,"href":"https:\/\/radioljubuski.ba\/index.php\/wp-json\/wp\/v2\/media\/143911"}],"wp:attachment":[{"href":"https:\/\/radioljubuski.ba\/index.php\/wp-json\/wp\/v2\/media?parent=143910"}],"wp:term":[{"taxonomy":"category","embeddable":true,"href":"https:\/\/radioljubuski.ba\/index.php\/wp-json\/wp\/v2\/categories?post=143910"},{"taxonomy":"post_tag","embeddable":true,"href":"https:\/\/radioljubuski.ba\/index.php\/wp-json\/wp\/v2\/tags?post=143910"}],"curies":[{"name":"wp","href":"https:\/\/api.w.org\/{rel}","templated":true}]}}