{"id":143913,"date":"2022-05-25T14:38:49","date_gmt":"2022-05-25T13:38:49","guid":{"rendered":"https:\/\/radioljubuski.ba\/?p=143913"},"modified":"2022-05-25T14:38:49","modified_gmt":"2022-05-25T13:38:49","slug":"finska-i-svedska-salju-izaslanstvo-u-tursku-zbog-pregovora-o-clanstvu-u-nato-savezu","status":"publish","type":"post","link":"https:\/\/radioljubuski.ba\/index.php\/2022\/05\/25\/finska-i-svedska-salju-izaslanstvo-u-tursku-zbog-pregovora-o-clanstvu-u-nato-savezu\/","title":{"rendered":"Finska i \u0160vedska \u0161alju izaslanstvo u Tursku zbog pregovora o \u010dlanstvu u NATO savezu"},"content":{"rendered":"\n<p><strong>Ministar vanjskih poslova Turske Mevlut Cavusoglu je potvrdio da \u0107e se sutra u Ankari sastati du\u017enosnici ove dr\u017eave s izaslanstvom Finske i \u0160vedske kako bi razgovarali o \u010dlanstvu ovih zemalja u NATO savezu.<\/strong><\/p>\n\n\n\n<p>Ranije je ministar vanjskih poslova Finske, Pekka Haavisto potvrdio da \u0107e njegova dr\u017eava i \u0160vedska u srijedu poslati izaslanstvo u tursku prijestolnicu kako bi poku\u0161ali posti\u0107i dogovor o prijemu ove dvije dr\u017eave u NATO savez, prenosi Klix.<\/p>\n\n\n\n<p>U nedjelju je predsjednik Turske, Recep Tayyip Erdogan odr\u017eao telefonske razgovore s liderima Finske i \u0160vedske u naporu da se postigne dogovor.<\/p>\n\n\n\n<p>Turska je optu\u017eila Finsku i \u0160vedsku da pru\u017eaju uto\u010di\u0161te osobama povezanim s Radni\u010dkom partijom Kurdistana (PKK) i pristalicama Fethullaha Gulena (FETO) koje Turska smatra teroristima. Tako\u0111er, zahtjev Turske je i da se ukinu zabrane na uvoz vojne opreme koje su ove dr\u017eave uvele Turskoj.<\/p>\n\n\n\n<p>Erdogan je ranije izjavljivao da \u010dak nema potrebe da izaslanstvo iz ovih dr\u017eava uop\u0107e poku\u0161ava do\u0107i u Tursku kako bi pregovarali o \u010dlanstvu u NATO savezu.<\/p>\n\n\n\n<p>Da bi se primile nove \u010dlanice u NATO potrebno je postojanje suglasnost svih 30 dr\u017eava \u010dlanica ove najja\u010de vojne alijanse na svijetu.<\/p>\n\n\n\n<p>\/HMS\/<\/p>\n","protected":false},"excerpt":{"rendered":"<p>Ministar vanjskih poslova Turske Mevlut Cavusoglu je potvrdio da \u0107e se sutra u Ankari sastati du\u017enosnici ove dr\u017eave s izaslanstvom Finske i \u0160vedske kako bi razgovarali o \u010dlanstvu ovih zemalja u NATO savezu. Ranije je ministar vanjskih poslova Finske, Pekka Haavisto potvrdio da \u0107e njegova dr\u017eava i \u0160vedska u srijedu poslati izaslanstvo u tursku prijestolnicu [&hellip;]<\/p>\n","protected":false},"author":2,"featured_media":143914,"comment_status":"closed","ping_status":"closed","sticky":false,"template":"","format":"standard","meta":{"h5ap_radio_sources":[],"footnotes":""},"categories":[1],"tags":[],"class_list":["post-143913","post","type-post","status-publish","format-standard","has-post-thumbnail","hentry","category-bihiregija"],"yoast_head":"<!-- This site is optimized with the Yoast SEO plugin v27.5 - https:\/\/yoast.com\/product\/yoast-seo-wordpress\/ -->\n<title>Finska i \u0160vedska \u0161alju izaslanstvo u Tursku zbog pregovora o \u010dlanstvu u NATO savezu - RADIO LJUBU\u0160KI<\/title>\n<meta name=\"robots\" content=\"index, follow, max-snippet:-1, max-image-preview:large, max-video-preview:-1\" \/>\n<link rel=\"canonical\" href=\"https:\/\/radioljubuski.ba\/index.php\/2022\/05\/25\/finska-i-svedska-salju-izaslanstvo-u-tursku-zbog-pregovora-o-clanstvu-u-nato-savezu\/\" \/>\n<meta property=\"og:locale\" content=\"hr_HR\" \/>\n<meta property=\"og:type\" content=\"article\" \/>\n<meta property=\"og:title\" content=\"Finska i \u0160vedska \u0161alju izaslanstvo u Tursku zbog pregovora o \u010dlanstvu u NATO savezu - RADIO LJUBU\u0160KI\" \/>\n<meta property=\"og:description\" content=\"Ministar vanjskih poslova Turske Mevlut Cavusoglu je potvrdio da \u0107e se sutra u Ankari sastati du\u017enosnici ove dr\u017eave s izaslanstvom Finske i \u0160vedske kako bi razgovarali o \u010dlanstvu ovih zemalja u NATO savezu. Ranije je ministar vanjskih poslova Finske, Pekka Haavisto potvrdio da \u0107e njegova dr\u017eava i \u0160vedska u srijedu poslati izaslanstvo u tursku prijestolnicu [&hellip;]\" \/>\n<meta property=\"og:url\" content=\"https:\/\/radioljubuski.ba\/index.php\/2022\/05\/25\/finska-i-svedska-salju-izaslanstvo-u-tursku-zbog-pregovora-o-clanstvu-u-nato-savezu\/\" \/>\n<meta property=\"og:site_name\" content=\"RADIO LJUBU\u0160KI\" \/>\n<meta property=\"article:publisher\" content=\"https:\/\/www.facebook.com\/Radiio-Ljubuski-1490835324566332\" \/>\n<meta property=\"article:published_time\" content=\"2022-05-25T13:38:49+00:00\" \/>\n<meta property=\"og:image\" content=\"https:\/\/radioljubuski.ba\/wp-content\/uploads\/2022\/05\/o_112307_1024.jpg\" \/>\n\t<meta property=\"og:image:width\" content=\"1024\" \/>\n\t<meta property=\"og:image:height\" content=\"682\" \/>\n\t<meta property=\"og:image:type\" content=\"image\/jpeg\" \/>\n<meta name=\"author\" content=\"Radio Ljubu\u0161ki\" \/>\n<meta name=\"twitter:card\" content=\"summary_large_image\" \/>\n<meta name=\"twitter:creator\" content=\"@radioljubuski\" \/>\n<meta name=\"twitter:site\" content=\"@radioljubuski\" \/>\n<meta name=\"twitter:label1\" content=\"Napisao\/la\" \/>\n\t<meta name=\"twitter:data1\" content=\"Radio Ljubu\u0161ki\" \/>\n\t<meta name=\"twitter:label2\" content=\"Procijenjeno vrijeme \u010ditanja\" \/>\n\t<meta name=\"twitter:data2\" content=\"1 minuta\" \/>\n<script type=\"application\/ld+json\" class=\"yoast-schema-graph\">{\"@context\":\"https:\\\/\\\/schema.org\",\"@graph\":[{\"@type\":\"Article\",\"@id\":\"https:\\\/\\\/radioljubuski.ba\\\/index.php\\\/2022\\\/05\\\/25\\\/finska-i-svedska-salju-izaslanstvo-u-tursku-zbog-pregovora-o-clanstvu-u-nato-savezu\\\/#article\",\"isPartOf\":{\"@id\":\"https:\\\/\\\/radioljubuski.ba\\\/index.php\\\/2022\\\/05\\\/25\\\/finska-i-svedska-salju-izaslanstvo-u-tursku-zbog-pregovora-o-clanstvu-u-nato-savezu\\\/\"},\"author\":{\"name\":\"Radio Ljubu\u0161ki\",\"@id\":\"https:\\\/\\\/radioljubuski.ba\\\/#\\\/schema\\\/person\\\/19fc700381a780f69665d7956c469e3b\"},\"headline\":\"Finska i \u0160vedska \u0161alju izaslanstvo u Tursku zbog pregovora o \u010dlanstvu u NATO savezu\",\"datePublished\":\"2022-05-25T13:38:49+00:00\",\"mainEntityOfPage\":{\"@id\":\"https:\\\/\\\/radioljubuski.ba\\\/index.php\\\/2022\\\/05\\\/25\\\/finska-i-svedska-salju-izaslanstvo-u-tursku-zbog-pregovora-o-clanstvu-u-nato-savezu\\\/\"},\"wordCount\":218,\"publisher\":{\"@id\":\"https:\\\/\\\/radioljubuski.ba\\\/#organization\"},\"image\":{\"@id\":\"https:\\\/\\\/radioljubuski.ba\\\/index.php\\\/2022\\\/05\\\/25\\\/finska-i-svedska-salju-izaslanstvo-u-tursku-zbog-pregovora-o-clanstvu-u-nato-savezu\\\/#primaryimage\"},\"thumbnailUrl\":\"https:\\\/\\\/radioljubuski.ba\\\/wp-content\\\/uploads\\\/2022\\\/05\\\/o_112307_1024.jpg\",\"articleSection\":[\"BIH i regija\"],\"inLanguage\":\"hr\"},{\"@type\":\"WebPage\",\"@id\":\"https:\\\/\\\/radioljubuski.ba\\\/index.php\\\/2022\\\/05\\\/25\\\/finska-i-svedska-salju-izaslanstvo-u-tursku-zbog-pregovora-o-clanstvu-u-nato-savezu\\\/\",\"url\":\"https:\\\/\\\/radioljubuski.ba\\\/index.php\\\/2022\\\/05\\\/25\\\/finska-i-svedska-salju-izaslanstvo-u-tursku-zbog-pregovora-o-clanstvu-u-nato-savezu\\\/\",\"name\":\"Finska i \u0160vedska \u0161alju izaslanstvo u Tursku zbog pregovora o \u010dlanstvu u NATO savezu - RADIO LJUBU\u0160KI\",\"isPartOf\":{\"@id\":\"https:\\\/\\\/radioljubuski.ba\\\/#website\"},\"primaryImageOfPage\":{\"@id\":\"https:\\\/\\\/radioljubuski.ba\\\/index.php\\\/2022\\\/05\\\/25\\\/finska-i-svedska-salju-izaslanstvo-u-tursku-zbog-pregovora-o-clanstvu-u-nato-savezu\\\/#primaryimage\"},\"image\":{\"@id\":\"https:\\\/\\\/radioljubuski.ba\\\/index.php\\\/2022\\\/05\\\/25\\\/finska-i-svedska-salju-izaslanstvo-u-tursku-zbog-pregovora-o-clanstvu-u-nato-savezu\\\/#primaryimage\"},\"thumbnailUrl\":\"https:\\\/\\\/radioljubuski.ba\\\/wp-content\\\/uploads\\\/2022\\\/05\\\/o_112307_1024.jpg\",\"datePublished\":\"2022-05-25T13:38:49+00:00\",\"breadcrumb\":{\"@id\":\"https:\\\/\\\/radioljubuski.ba\\\/index.php\\\/2022\\\/05\\\/25\\\/finska-i-svedska-salju-izaslanstvo-u-tursku-zbog-pregovora-o-clanstvu-u-nato-savezu\\\/#breadcrumb\"},\"inLanguage\":\"hr\",\"potentialAction\":[{\"@type\":\"ReadAction\",\"target\":[\"https:\\\/\\\/radioljubuski.ba\\\/index.php\\\/2022\\\/05\\\/25\\\/finska-i-svedska-salju-izaslanstvo-u-tursku-zbog-pregovora-o-clanstvu-u-nato-savezu\\\/\"]}]},{\"@type\":\"ImageObject\",\"inLanguage\":\"hr\",\"@id\":\"https:\\\/\\\/radioljubuski.ba\\\/index.php\\\/2022\\\/05\\\/25\\\/finska-i-svedska-salju-izaslanstvo-u-tursku-zbog-pregovora-o-clanstvu-u-nato-savezu\\\/#primaryimage\",\"url\":\"https:\\\/\\\/radioljubuski.ba\\\/wp-content\\\/uploads\\\/2022\\\/05\\\/o_112307_1024.jpg\",\"contentUrl\":\"https:\\\/\\\/radioljubuski.ba\\\/wp-content\\\/uploads\\\/2022\\\/05\\\/o_112307_1024.jpg\",\"width\":1024,\"height\":682},{\"@type\":\"BreadcrumbList\",\"@id\":\"https:\\\/\\\/radioljubuski.ba\\\/index.php\\\/2022\\\/05\\\/25\\\/finska-i-svedska-salju-izaslanstvo-u-tursku-zbog-pregovora-o-clanstvu-u-nato-savezu\\\/#breadcrumb\",\"itemListElement\":[{\"@type\":\"ListItem\",\"position\":1,\"name\":\"Po\u010detna stranica\",\"item\":\"https:\\\/\\\/radioljubuski.ba\\\/\"},{\"@type\":\"ListItem\",\"position\":2,\"name\":\"Finska i \u0160vedska \u0161alju izaslanstvo u Tursku zbog pregovora o \u010dlanstvu u NATO savezu\"}]},{\"@type\":\"WebSite\",\"@id\":\"https:\\\/\\\/radioljubuski.ba\\\/#website\",\"url\":\"https:\\\/\\\/radioljubuski.ba\\\/\",\"name\":\"Radio Ljubu\u0161ki\",\"description\":\"Sun\u010dana frekvencija Hercegovine\",\"publisher\":{\"@id\":\"https:\\\/\\\/radioljubuski.ba\\\/#organization\"},\"potentialAction\":[{\"@type\":\"SearchAction\",\"target\":{\"@type\":\"EntryPoint\",\"urlTemplate\":\"https:\\\/\\\/radioljubuski.ba\\\/?s={search_term_string}\"},\"query-input\":{\"@type\":\"PropertyValueSpecification\",\"valueRequired\":true,\"valueName\":\"search_term_string\"}}],\"inLanguage\":\"hr\"},{\"@type\":\"Organization\",\"@id\":\"https:\\\/\\\/radioljubuski.ba\\\/#organization\",\"name\":\"Radio Ljubu\u0161ki\",\"url\":\"https:\\\/\\\/radioljubuski.ba\\\/\",\"logo\":{\"@type\":\"ImageObject\",\"inLanguage\":\"hr\",\"@id\":\"https:\\\/\\\/radioljubuski.ba\\\/#\\\/schema\\\/logo\\\/image\\\/\",\"url\":\"https:\\\/\\\/radioljubuski.ba\\\/wp-content\\\/uploads\\\/2021\\\/02\\\/cropped-Radio_Ljubuski_logo1.jpg\",\"contentUrl\":\"https:\\\/\\\/radioljubuski.ba\\\/wp-content\\\/uploads\\\/2021\\\/02\\\/cropped-Radio_Ljubuski_logo1.jpg\",\"width\":512,\"height\":512,\"caption\":\"Radio Ljubu\u0161ki\"},\"image\":{\"@id\":\"https:\\\/\\\/radioljubuski.ba\\\/#\\\/schema\\\/logo\\\/image\\\/\"},\"sameAs\":[\"https:\\\/\\\/www.facebook.com\\\/Radiio-Ljubuski-1490835324566332\",\"https:\\\/\\\/x.com\\\/radioljubuski\",\"https:\\\/\\\/hr.linkedin.com\\\/company\\\/radio-ljubuski\",\"https:\\\/\\\/www.youtube.com\\\/channel\\\/UCHYaeO_n0Db3tjNGudGpXyw\"]},{\"@type\":\"Person\",\"@id\":\"https:\\\/\\\/radioljubuski.ba\\\/#\\\/schema\\\/person\\\/19fc700381a780f69665d7956c469e3b\",\"name\":\"Radio Ljubu\u0161ki\"}]}<\/script>\n<!-- \/ Yoast SEO plugin. -->","yoast_head_json":{"title":"Finska i \u0160vedska \u0161alju izaslanstvo u Tursku zbog pregovora o \u010dlanstvu u NATO savezu - RADIO LJUBU\u0160KI","robots":{"index":"index","follow":"follow","max-snippet":"max-snippet:-1","max-image-preview":"max-image-preview:large","max-video-preview":"max-video-preview:-1"},"canonical":"https:\/\/radioljubuski.ba\/index.php\/2022\/05\/25\/finska-i-svedska-salju-izaslanstvo-u-tursku-zbog-pregovora-o-clanstvu-u-nato-savezu\/","og_locale":"hr_HR","og_type":"article","og_title":"Finska i \u0160vedska \u0161alju izaslanstvo u Tursku zbog pregovora o \u010dlanstvu u NATO savezu - RADIO LJUBU\u0160KI","og_description":"Ministar vanjskih poslova Turske Mevlut Cavusoglu je potvrdio da \u0107e se sutra u Ankari sastati du\u017enosnici ove dr\u017eave s izaslanstvom Finske i \u0160vedske kako bi razgovarali o \u010dlanstvu ovih zemalja u NATO savezu. Ranije je ministar vanjskih poslova Finske, Pekka Haavisto potvrdio da \u0107e njegova dr\u017eava i \u0160vedska u srijedu poslati izaslanstvo u tursku prijestolnicu [&hellip;]","og_url":"https:\/\/radioljubuski.ba\/index.php\/2022\/05\/25\/finska-i-svedska-salju-izaslanstvo-u-tursku-zbog-pregovora-o-clanstvu-u-nato-savezu\/","og_site_name":"RADIO LJUBU\u0160KI","article_publisher":"https:\/\/www.facebook.com\/Radiio-Ljubuski-1490835324566332","article_published_time":"2022-05-25T13:38:49+00:00","og_image":[{"width":1024,"height":682,"url":"https:\/\/radioljubuski.ba\/wp-content\/uploads\/2022\/05\/o_112307_1024.jpg","type":"image\/jpeg"}],"author":"Radio Ljubu\u0161ki","twitter_card":"summary_large_image","twitter_creator":"@radioljubuski","twitter_site":"@radioljubuski","twitter_misc":{"Napisao\/la":"Radio Ljubu\u0161ki","Procijenjeno vrijeme \u010ditanja":"1 minuta"},"schema":{"@context":"https:\/\/schema.org","@graph":[{"@type":"Article","@id":"https:\/\/radioljubuski.ba\/index.php\/2022\/05\/25\/finska-i-svedska-salju-izaslanstvo-u-tursku-zbog-pregovora-o-clanstvu-u-nato-savezu\/#article","isPartOf":{"@id":"https:\/\/radioljubuski.ba\/index.php\/2022\/05\/25\/finska-i-svedska-salju-izaslanstvo-u-tursku-zbog-pregovora-o-clanstvu-u-nato-savezu\/"},"author":{"name":"Radio Ljubu\u0161ki","@id":"https:\/\/radioljubuski.ba\/#\/schema\/person\/19fc700381a780f69665d7956c469e3b"},"headline":"Finska i \u0160vedska \u0161alju izaslanstvo u Tursku zbog pregovora o \u010dlanstvu u NATO savezu","datePublished":"2022-05-25T13:38:49+00:00","mainEntityOfPage":{"@id":"https:\/\/radioljubuski.ba\/index.php\/2022\/05\/25\/finska-i-svedska-salju-izaslanstvo-u-tursku-zbog-pregovora-o-clanstvu-u-nato-savezu\/"},"wordCount":218,"publisher":{"@id":"https:\/\/radioljubuski.ba\/#organization"},"image":{"@id":"https:\/\/radioljubuski.ba\/index.php\/2022\/05\/25\/finska-i-svedska-salju-izaslanstvo-u-tursku-zbog-pregovora-o-clanstvu-u-nato-savezu\/#primaryimage"},"thumbnailUrl":"https:\/\/radioljubuski.ba\/wp-content\/uploads\/2022\/05\/o_112307_1024.jpg","articleSection":["BIH i regija"],"inLanguage":"hr"},{"@type":"WebPage","@id":"https:\/\/radioljubuski.ba\/index.php\/2022\/05\/25\/finska-i-svedska-salju-izaslanstvo-u-tursku-zbog-pregovora-o-clanstvu-u-nato-savezu\/","url":"https:\/\/radioljubuski.ba\/index.php\/2022\/05\/25\/finska-i-svedska-salju-izaslanstvo-u-tursku-zbog-pregovora-o-clanstvu-u-nato-savezu\/","name":"Finska i \u0160vedska \u0161alju izaslanstvo u Tursku zbog pregovora o \u010dlanstvu u NATO savezu - RADIO LJUBU\u0160KI","isPartOf":{"@id":"https:\/\/radioljubuski.ba\/#website"},"primaryImageOfPage":{"@id":"https:\/\/radioljubuski.ba\/index.php\/2022\/05\/25\/finska-i-svedska-salju-izaslanstvo-u-tursku-zbog-pregovora-o-clanstvu-u-nato-savezu\/#primaryimage"},"image":{"@id":"https:\/\/radioljubuski.ba\/index.php\/2022\/05\/25\/finska-i-svedska-salju-izaslanstvo-u-tursku-zbog-pregovora-o-clanstvu-u-nato-savezu\/#primaryimage"},"thumbnailUrl":"https:\/\/radioljubuski.ba\/wp-content\/uploads\/2022\/05\/o_112307_1024.jpg","datePublished":"2022-05-25T13:38:49+00:00","breadcrumb":{"@id":"https:\/\/radioljubuski.ba\/index.php\/2022\/05\/25\/finska-i-svedska-salju-izaslanstvo-u-tursku-zbog-pregovora-o-clanstvu-u-nato-savezu\/#breadcrumb"},"inLanguage":"hr","potentialAction":[{"@type":"ReadAction","target":["https:\/\/radioljubuski.ba\/index.php\/2022\/05\/25\/finska-i-svedska-salju-izaslanstvo-u-tursku-zbog-pregovora-o-clanstvu-u-nato-savezu\/"]}]},{"@type":"ImageObject","inLanguage":"hr","@id":"https:\/\/radioljubuski.ba\/index.php\/2022\/05\/25\/finska-i-svedska-salju-izaslanstvo-u-tursku-zbog-pregovora-o-clanstvu-u-nato-savezu\/#primaryimage","url":"https:\/\/radioljubuski.ba\/wp-content\/uploads\/2022\/05\/o_112307_1024.jpg","contentUrl":"https:\/\/radioljubuski.ba\/wp-content\/uploads\/2022\/05\/o_112307_1024.jpg","width":1024,"height":682},{"@type":"BreadcrumbList","@id":"https:\/\/radioljubuski.ba\/index.php\/2022\/05\/25\/finska-i-svedska-salju-izaslanstvo-u-tursku-zbog-pregovora-o-clanstvu-u-nato-savezu\/#breadcrumb","itemListElement":[{"@type":"ListItem","position":1,"name":"Po\u010detna stranica","item":"https:\/\/radioljubuski.ba\/"},{"@type":"ListItem","position":2,"name":"Finska i \u0160vedska \u0161alju izaslanstvo u Tursku zbog pregovora o \u010dlanstvu u NATO savezu"}]},{"@type":"WebSite","@id":"https:\/\/radioljubuski.ba\/#website","url":"https:\/\/radioljubuski.ba\/","name":"Radio Ljubu\u0161ki","description":"Sun\u010dana frekvencija Hercegovine","publisher":{"@id":"https:\/\/radioljubuski.ba\/#organization"},"potentialAction":[{"@type":"SearchAction","target":{"@type":"EntryPoint","urlTemplate":"https:\/\/radioljubuski.ba\/?s={search_term_string}"},"query-input":{"@type":"PropertyValueSpecification","valueRequired":true,"valueName":"search_term_string"}}],"inLanguage":"hr"},{"@type":"Organization","@id":"https:\/\/radioljubuski.ba\/#organization","name":"Radio Ljubu\u0161ki","url":"https:\/\/radioljubuski.ba\/","logo":{"@type":"ImageObject","inLanguage":"hr","@id":"https:\/\/radioljubuski.ba\/#\/schema\/logo\/image\/","url":"https:\/\/radioljubuski.ba\/wp-content\/uploads\/2021\/02\/cropped-Radio_Ljubuski_logo1.jpg","contentUrl":"https:\/\/radioljubuski.ba\/wp-content\/uploads\/2021\/02\/cropped-Radio_Ljubuski_logo1.jpg","width":512,"height":512,"caption":"Radio Ljubu\u0161ki"},"image":{"@id":"https:\/\/radioljubuski.ba\/#\/schema\/logo\/image\/"},"sameAs":["https:\/\/www.facebook.com\/Radiio-Ljubuski-1490835324566332","https:\/\/x.com\/radioljubuski","https:\/\/hr.linkedin.com\/company\/radio-ljubuski","https:\/\/www.youtube.com\/channel\/UCHYaeO_n0Db3tjNGudGpXyw"]},{"@type":"Person","@id":"https:\/\/radioljubuski.ba\/#\/schema\/person\/19fc700381a780f69665d7956c469e3b","name":"Radio Ljubu\u0161ki"}]}},"_links":{"self":[{"href":"https:\/\/radioljubuski.ba\/index.php\/wp-json\/wp\/v2\/posts\/143913","targetHints":{"allow":["GET"]}}],"collection":[{"href":"https:\/\/radioljubuski.ba\/index.php\/wp-json\/wp\/v2\/posts"}],"about":[{"href":"https:\/\/radioljubuski.ba\/index.php\/wp-json\/wp\/v2\/types\/post"}],"author":[{"embeddable":true,"href":"https:\/\/radioljubuski.ba\/index.php\/wp-json\/wp\/v2\/users\/2"}],"replies":[{"embeddable":true,"href":"https:\/\/radioljubuski.ba\/index.php\/wp-json\/wp\/v2\/comments?post=143913"}],"version-history":[{"count":1,"href":"https:\/\/radioljubuski.ba\/index.php\/wp-json\/wp\/v2\/posts\/143913\/revisions"}],"predecessor-version":[{"id":143915,"href":"https:\/\/radioljubuski.ba\/index.php\/wp-json\/wp\/v2\/posts\/143913\/revisions\/143915"}],"wp:featuredmedia":[{"embeddable":true,"href":"https:\/\/radioljubuski.ba\/index.php\/wp-json\/wp\/v2\/media\/143914"}],"wp:attachment":[{"href":"https:\/\/radioljubuski.ba\/index.php\/wp-json\/wp\/v2\/media?parent=143913"}],"wp:term":[{"taxonomy":"category","embeddable":true,"href":"https:\/\/radioljubuski.ba\/index.php\/wp-json\/wp\/v2\/categories?post=143913"},{"taxonomy":"post_tag","embeddable":true,"href":"https:\/\/radioljubuski.ba\/index.php\/wp-json\/wp\/v2\/tags?post=143913"}],"curies":[{"name":"wp","href":"https:\/\/api.w.org\/{rel}","templated":true}]}}