{"id":143924,"date":"2022-05-25T14:44:13","date_gmt":"2022-05-25T13:44:13","guid":{"rendered":"https:\/\/radioljubuski.ba\/?p=143924"},"modified":"2022-05-25T14:44:14","modified_gmt":"2022-05-25T13:44:14","slug":"guverner-luhanska-rusi-brisu-severodonjeck-s-lica-zemlje","status":"publish","type":"post","link":"https:\/\/radioljubuski.ba\/index.php\/2022\/05\/25\/guverner-luhanska-rusi-brisu-severodonjeck-s-lica-zemlje\/","title":{"rendered":"Guverner Luhanska: \u201cRusi bri\u0161u Severodonjeck s lica zemlje\u201d"},"content":{"rendered":"\n<p><strong>Ukrajinska vojska je pod najve\u0107im pritiskom od onih prvih kaoti\u010dnih tjedana rata kada su ljudi mislili da \u0107e Rusi u kratkom roku zauzeti Kijev. Rusi su se sada povukli iz podru\u010dja oko glavnog grada gdje su izgubili bitku, kao i iz drugih podru\u010dja na sjeveru. Ukrajinske trupe su se predale u Mariupolju. To zna\u010di da se Rusi sada mogu koncentrirati na podru\u010dje isto\u010dnog Donbasa.<\/strong><\/p>\n\n\n\n<p>Trenutno okru\u017euju nekoliko prili\u010dno velikih gradova. Severodonjeck je najve\u0107i od njih. To je samo malo podru\u010dje u smislu ogromne zemlje kolika je Ukrajina. No to je simboli\u010dki, politi\u010dki va\u017eno u smislu napretka rata, pi\u0161e BBC.<\/p>\n\n\n\n<p>Izgleda da oru\u017eje koje \u0161alje Zapad, velike ameri\u010dke haubice i sl., jo\u0161 nije do\u0161lo do tog dijela Ukrajine.<\/p>\n\n\n\n<p><strong>Ruska strategija: Bombardiraj, opkoli, zauzmi<\/strong><\/p>\n\n\n\n<p>Joe Inwood, BBC-jev dopisnik iz Kijeva, pi\u0161e o ruskoj taktici na istoku Ukrajine. Selo po selo, grad po grad, ruske snage prvo bombardiraju, potom opkole, a zatim zauzimaju ukrajinska mjesta koriste\u0107i pritom golemi broj vojnika.<\/p>\n\n\n\n<p>Upravo to se trenutno doga\u0111a u Luhansku, a naro\u010dito gradu Severodonjecku. Guverner Luhanska, Serhij Haidai, rekao je da se Rusi pribli\u017eavaju sa svih strana.<\/p>\n\n\n\n<p>Severodonjeck je posljednje ve\u0107e upori\u0161te ukrajinskih snaga na isto\u010dnoj obali va\u017ene rijeke, navodi dopisnik. No, na putu ruskim snagama su neke od najodlu\u010dnijih i najiskusnijih postojbi ukrajinske vojske.<\/p>\n\n\n\n<p>Opskrbne linije prema Severodonjecku i dalje su otvorene, ali nije jasno koliko \u0107e to jo\u0161 potrajati. Moglo bi biti samo pitanje vremena kad \u0107e branitelji biti potpuno okru\u017eeni i ne\u0107e se mo\u0107i izvu\u0107i, ba\u0161 kao ni preostali civili u gradu.<\/p>\n\n\n\n<p><strong>Proruski separatist: Probili smo liniju ukrajinske obrane u Luhansku<\/strong><\/p>\n\n\n\n<p>Ruska prore\u017eimska agencija RIA Novosti donosi izjavu Rodiona Miro\u0161nika, veleposlanika samoprogla\u0161ene Narodne republike Luhansk u Rusiji.<\/p>\n\n\n\n<p>Rekao je da su snage separatista iz Luhanska, zajedno s ruskom vojskom i borcima iz samoprogla\u0161ene Narodne republike Donjeck, probile linije ukrajinske obrane u regiji Luhansk na istoku Ukrajine.<\/p>\n\n\n\n<p>\u201cUkrajinska obrana se uru\u0161ava. U tijeku je ofenziva na Zolote. Na\u0161e mirovne snage napreduju prema Malorizancevu u Vol\u010dejavarovki. Nije jasno koliko ukrajinskih snaga je napustilo ta naselja, a koliko ih je istalo, ali trend je o\u010dit i vidljiv\u201d, napisao je Miro\u0161nik na svom Telegram kanalu.<\/p>\n\n\n\n<p><strong>Ukrajina: Ruski napad na istoku mogao bi odrediti sudbinu zemlje<\/strong><\/p>\n\n\n\n<p>Du\u017enosnici ukrajinskih obrambenih snaga upozoravaju da je ruski napad u isto\u010dnoj Ukrajini trenutno u najintenzivnijem stadiju i mogao bi potencijalno odrediti sudbinu zemlje.<\/p>\n\n\n\n<p>Moskva je odlu\u010dila intenzivirati ofenzivu u Donbasu na istoku Ukrajine nakon \u0161to je povukla snage iz okolice dva velika grada, Kijeva i Harkiva.<\/p>\n\n\n\n<p>Ruski ministar obrane Sergej \u0160ojgu ju\u010der je rekao da \u0107e ruska vojska nastaviti \u201cspecijalnu operaciju sve dok se ne postignu ciljevi\u201d. Tako\u0111er je naglasio da je Moskva spremna voditi dugu ofenzivu u Ukrajini.<\/p>\n\n\n\n<p><strong>\u201cRusi bri\u0161u Severodonjeck s lica zemlje\u201d<\/strong><\/p>\n\n\n\n<p>Ruske snage napreduju na istoku Ukrajine te napadaju klju\u010dne gradove, prvenstveno industrijski grad Severodoneck.<\/p>\n\n\n\n<p>Serhij Gaidai, guverner regije Luhansk, rekao je da ruske snage napadaju Severodonjeck zra\u010dnim udarima, raketama, artiljerijom i minobaca\u010dima kako bi utvrdile svoju kontrolu nad regijom i nastavile dalje u unutra\u0161njost Ukrajine.<\/p>\n\n\n\n<p>\u201cSituacija je jako te\u0161ka i, na\u017ealost, postaje sve gora\u201d, rekao je Gaidai u videu objavljenom na Telegramu, dodav\u0161i kako je u tijeku \u201ctotalna ofenziva iz svih smjerova\u201d<\/p>\n\n\n\n<p>\u201cRuska vojska je odlu\u010dila potpuno uni\u0161titi Severodonjeck. Naprosto bri\u0161u Severodonjeck s lica zemlje\u201d, objavio je Gaidai.<\/p>\n\n\n\n<p>U napad na regiju Luhansk poslane su tisu\u0107e vojnika, rekao je Gaidai, dodaju\u0107i da je bombardiranje Severodonjecka tako intenzivno da je prekasno za evakuaciju 15.000 preostalih civila iz tog grada.<\/p>\n\n\n\n<p>\/HMS\/<\/p>\n","protected":false},"excerpt":{"rendered":"<p>Ukrajinska vojska je pod najve\u0107im pritiskom od onih prvih kaoti\u010dnih tjedana rata kada su ljudi mislili da \u0107e Rusi u kratkom roku zauzeti Kijev. Rusi su se sada povukli iz podru\u010dja oko glavnog grada gdje su izgubili bitku, kao i iz drugih podru\u010dja na sjeveru. Ukrajinske trupe su se predale u Mariupolju. To zna\u010di da [&hellip;]<\/p>\n","protected":false},"author":2,"featured_media":143925,"comment_status":"closed","ping_status":"closed","sticky":false,"template":"","format":"standard","meta":{"h5ap_radio_sources":[],"footnotes":""},"categories":[1],"tags":[],"class_list":["post-143924","post","type-post","status-publish","format-standard","has-post-thumbnail","hentry","category-bihiregija"],"yoast_head":"<!-- This site is optimized with the Yoast SEO plugin v27.5 - https:\/\/yoast.com\/product\/yoast-seo-wordpress\/ -->\n<title>Guverner Luhanska: \u201cRusi bri\u0161u Severodonjeck s lica zemlje\u201d - RADIO LJUBU\u0160KI<\/title>\n<meta name=\"robots\" content=\"index, follow, max-snippet:-1, max-image-preview:large, max-video-preview:-1\" \/>\n<link rel=\"canonical\" href=\"https:\/\/radioljubuski.ba\/index.php\/2022\/05\/25\/guverner-luhanska-rusi-brisu-severodonjeck-s-lica-zemlje\/\" \/>\n<meta property=\"og:locale\" content=\"hr_HR\" \/>\n<meta property=\"og:type\" content=\"article\" \/>\n<meta property=\"og:title\" content=\"Guverner Luhanska: \u201cRusi bri\u0161u Severodonjeck s lica zemlje\u201d - RADIO LJUBU\u0160KI\" \/>\n<meta property=\"og:description\" content=\"Ukrajinska vojska je pod najve\u0107im pritiskom od onih prvih kaoti\u010dnih tjedana rata kada su ljudi mislili da \u0107e Rusi u kratkom roku zauzeti Kijev. Rusi su se sada povukli iz podru\u010dja oko glavnog grada gdje su izgubili bitku, kao i iz drugih podru\u010dja na sjeveru. Ukrajinske trupe su se predale u Mariupolju. To zna\u010di da [&hellip;]\" \/>\n<meta property=\"og:url\" content=\"https:\/\/radioljubuski.ba\/index.php\/2022\/05\/25\/guverner-luhanska-rusi-brisu-severodonjeck-s-lica-zemlje\/\" \/>\n<meta property=\"og:site_name\" content=\"RADIO LJUBU\u0160KI\" \/>\n<meta property=\"article:publisher\" content=\"https:\/\/www.facebook.com\/Radiio-Ljubuski-1490835324566332\" \/>\n<meta property=\"article:published_time\" content=\"2022-05-25T13:44:13+00:00\" \/>\n<meta property=\"article:modified_time\" content=\"2022-05-25T13:44:14+00:00\" \/>\n<meta property=\"og:image\" content=\"https:\/\/radioljubuski.ba\/wp-content\/uploads\/2022\/05\/sjevernodonjeck.jpg\" \/>\n\t<meta property=\"og:image:width\" content=\"1024\" \/>\n\t<meta property=\"og:image:height\" content=\"683\" \/>\n\t<meta property=\"og:image:type\" content=\"image\/jpeg\" \/>\n<meta name=\"author\" content=\"Radio Ljubu\u0161ki\" \/>\n<meta name=\"twitter:card\" content=\"summary_large_image\" \/>\n<meta name=\"twitter:creator\" content=\"@radioljubuski\" \/>\n<meta name=\"twitter:site\" content=\"@radioljubuski\" \/>\n<meta name=\"twitter:label1\" content=\"Napisao\/la\" \/>\n\t<meta name=\"twitter:data1\" content=\"Radio Ljubu\u0161ki\" \/>\n\t<meta name=\"twitter:label2\" content=\"Procijenjeno vrijeme \u010ditanja\" \/>\n\t<meta name=\"twitter:data2\" content=\"3 minute\" \/>\n<script type=\"application\/ld+json\" class=\"yoast-schema-graph\">{\"@context\":\"https:\\\/\\\/schema.org\",\"@graph\":[{\"@type\":\"Article\",\"@id\":\"https:\\\/\\\/radioljubuski.ba\\\/index.php\\\/2022\\\/05\\\/25\\\/guverner-luhanska-rusi-brisu-severodonjeck-s-lica-zemlje\\\/#article\",\"isPartOf\":{\"@id\":\"https:\\\/\\\/radioljubuski.ba\\\/index.php\\\/2022\\\/05\\\/25\\\/guverner-luhanska-rusi-brisu-severodonjeck-s-lica-zemlje\\\/\"},\"author\":{\"name\":\"Radio Ljubu\u0161ki\",\"@id\":\"https:\\\/\\\/radioljubuski.ba\\\/#\\\/schema\\\/person\\\/19fc700381a780f69665d7956c469e3b\"},\"headline\":\"Guverner Luhanska: \u201cRusi bri\u0161u Severodonjeck s lica zemlje\u201d\",\"datePublished\":\"2022-05-25T13:44:13+00:00\",\"dateModified\":\"2022-05-25T13:44:14+00:00\",\"mainEntityOfPage\":{\"@id\":\"https:\\\/\\\/radioljubuski.ba\\\/index.php\\\/2022\\\/05\\\/25\\\/guverner-luhanska-rusi-brisu-severodonjeck-s-lica-zemlje\\\/\"},\"wordCount\":629,\"publisher\":{\"@id\":\"https:\\\/\\\/radioljubuski.ba\\\/#organization\"},\"image\":{\"@id\":\"https:\\\/\\\/radioljubuski.ba\\\/index.php\\\/2022\\\/05\\\/25\\\/guverner-luhanska-rusi-brisu-severodonjeck-s-lica-zemlje\\\/#primaryimage\"},\"thumbnailUrl\":\"https:\\\/\\\/radioljubuski.ba\\\/wp-content\\\/uploads\\\/2022\\\/05\\\/sjevernodonjeck.jpg\",\"articleSection\":[\"BIH i regija\"],\"inLanguage\":\"hr\"},{\"@type\":\"WebPage\",\"@id\":\"https:\\\/\\\/radioljubuski.ba\\\/index.php\\\/2022\\\/05\\\/25\\\/guverner-luhanska-rusi-brisu-severodonjeck-s-lica-zemlje\\\/\",\"url\":\"https:\\\/\\\/radioljubuski.ba\\\/index.php\\\/2022\\\/05\\\/25\\\/guverner-luhanska-rusi-brisu-severodonjeck-s-lica-zemlje\\\/\",\"name\":\"Guverner Luhanska: \u201cRusi bri\u0161u Severodonjeck s lica zemlje\u201d - RADIO LJUBU\u0160KI\",\"isPartOf\":{\"@id\":\"https:\\\/\\\/radioljubuski.ba\\\/#website\"},\"primaryImageOfPage\":{\"@id\":\"https:\\\/\\\/radioljubuski.ba\\\/index.php\\\/2022\\\/05\\\/25\\\/guverner-luhanska-rusi-brisu-severodonjeck-s-lica-zemlje\\\/#primaryimage\"},\"image\":{\"@id\":\"https:\\\/\\\/radioljubuski.ba\\\/index.php\\\/2022\\\/05\\\/25\\\/guverner-luhanska-rusi-brisu-severodonjeck-s-lica-zemlje\\\/#primaryimage\"},\"thumbnailUrl\":\"https:\\\/\\\/radioljubuski.ba\\\/wp-content\\\/uploads\\\/2022\\\/05\\\/sjevernodonjeck.jpg\",\"datePublished\":\"2022-05-25T13:44:13+00:00\",\"dateModified\":\"2022-05-25T13:44:14+00:00\",\"breadcrumb\":{\"@id\":\"https:\\\/\\\/radioljubuski.ba\\\/index.php\\\/2022\\\/05\\\/25\\\/guverner-luhanska-rusi-brisu-severodonjeck-s-lica-zemlje\\\/#breadcrumb\"},\"inLanguage\":\"hr\",\"potentialAction\":[{\"@type\":\"ReadAction\",\"target\":[\"https:\\\/\\\/radioljubuski.ba\\\/index.php\\\/2022\\\/05\\\/25\\\/guverner-luhanska-rusi-brisu-severodonjeck-s-lica-zemlje\\\/\"]}]},{\"@type\":\"ImageObject\",\"inLanguage\":\"hr\",\"@id\":\"https:\\\/\\\/radioljubuski.ba\\\/index.php\\\/2022\\\/05\\\/25\\\/guverner-luhanska-rusi-brisu-severodonjeck-s-lica-zemlje\\\/#primaryimage\",\"url\":\"https:\\\/\\\/radioljubuski.ba\\\/wp-content\\\/uploads\\\/2022\\\/05\\\/sjevernodonjeck.jpg\",\"contentUrl\":\"https:\\\/\\\/radioljubuski.ba\\\/wp-content\\\/uploads\\\/2022\\\/05\\\/sjevernodonjeck.jpg\",\"width\":1024,\"height\":683},{\"@type\":\"BreadcrumbList\",\"@id\":\"https:\\\/\\\/radioljubuski.ba\\\/index.php\\\/2022\\\/05\\\/25\\\/guverner-luhanska-rusi-brisu-severodonjeck-s-lica-zemlje\\\/#breadcrumb\",\"itemListElement\":[{\"@type\":\"ListItem\",\"position\":1,\"name\":\"Po\u010detna stranica\",\"item\":\"https:\\\/\\\/radioljubuski.ba\\\/\"},{\"@type\":\"ListItem\",\"position\":2,\"name\":\"Guverner Luhanska: \u201cRusi bri\u0161u Severodonjeck s lica zemlje\u201d\"}]},{\"@type\":\"WebSite\",\"@id\":\"https:\\\/\\\/radioljubuski.ba\\\/#website\",\"url\":\"https:\\\/\\\/radioljubuski.ba\\\/\",\"name\":\"Radio Ljubu\u0161ki\",\"description\":\"Sun\u010dana frekvencija Hercegovine\",\"publisher\":{\"@id\":\"https:\\\/\\\/radioljubuski.ba\\\/#organization\"},\"potentialAction\":[{\"@type\":\"SearchAction\",\"target\":{\"@type\":\"EntryPoint\",\"urlTemplate\":\"https:\\\/\\\/radioljubuski.ba\\\/?s={search_term_string}\"},\"query-input\":{\"@type\":\"PropertyValueSpecification\",\"valueRequired\":true,\"valueName\":\"search_term_string\"}}],\"inLanguage\":\"hr\"},{\"@type\":\"Organization\",\"@id\":\"https:\\\/\\\/radioljubuski.ba\\\/#organization\",\"name\":\"Radio Ljubu\u0161ki\",\"url\":\"https:\\\/\\\/radioljubuski.ba\\\/\",\"logo\":{\"@type\":\"ImageObject\",\"inLanguage\":\"hr\",\"@id\":\"https:\\\/\\\/radioljubuski.ba\\\/#\\\/schema\\\/logo\\\/image\\\/\",\"url\":\"https:\\\/\\\/radioljubuski.ba\\\/wp-content\\\/uploads\\\/2021\\\/02\\\/cropped-Radio_Ljubuski_logo1.jpg\",\"contentUrl\":\"https:\\\/\\\/radioljubuski.ba\\\/wp-content\\\/uploads\\\/2021\\\/02\\\/cropped-Radio_Ljubuski_logo1.jpg\",\"width\":512,\"height\":512,\"caption\":\"Radio Ljubu\u0161ki\"},\"image\":{\"@id\":\"https:\\\/\\\/radioljubuski.ba\\\/#\\\/schema\\\/logo\\\/image\\\/\"},\"sameAs\":[\"https:\\\/\\\/www.facebook.com\\\/Radiio-Ljubuski-1490835324566332\",\"https:\\\/\\\/x.com\\\/radioljubuski\",\"https:\\\/\\\/hr.linkedin.com\\\/company\\\/radio-ljubuski\",\"https:\\\/\\\/www.youtube.com\\\/channel\\\/UCHYaeO_n0Db3tjNGudGpXyw\"]},{\"@type\":\"Person\",\"@id\":\"https:\\\/\\\/radioljubuski.ba\\\/#\\\/schema\\\/person\\\/19fc700381a780f69665d7956c469e3b\",\"name\":\"Radio Ljubu\u0161ki\"}]}<\/script>\n<!-- \/ Yoast SEO plugin. -->","yoast_head_json":{"title":"Guverner Luhanska: \u201cRusi bri\u0161u Severodonjeck s lica zemlje\u201d - RADIO LJUBU\u0160KI","robots":{"index":"index","follow":"follow","max-snippet":"max-snippet:-1","max-image-preview":"max-image-preview:large","max-video-preview":"max-video-preview:-1"},"canonical":"https:\/\/radioljubuski.ba\/index.php\/2022\/05\/25\/guverner-luhanska-rusi-brisu-severodonjeck-s-lica-zemlje\/","og_locale":"hr_HR","og_type":"article","og_title":"Guverner Luhanska: \u201cRusi bri\u0161u Severodonjeck s lica zemlje\u201d - RADIO LJUBU\u0160KI","og_description":"Ukrajinska vojska je pod najve\u0107im pritiskom od onih prvih kaoti\u010dnih tjedana rata kada su ljudi mislili da \u0107e Rusi u kratkom roku zauzeti Kijev. Rusi su se sada povukli iz podru\u010dja oko glavnog grada gdje su izgubili bitku, kao i iz drugih podru\u010dja na sjeveru. Ukrajinske trupe su se predale u Mariupolju. To zna\u010di da [&hellip;]","og_url":"https:\/\/radioljubuski.ba\/index.php\/2022\/05\/25\/guverner-luhanska-rusi-brisu-severodonjeck-s-lica-zemlje\/","og_site_name":"RADIO LJUBU\u0160KI","article_publisher":"https:\/\/www.facebook.com\/Radiio-Ljubuski-1490835324566332","article_published_time":"2022-05-25T13:44:13+00:00","article_modified_time":"2022-05-25T13:44:14+00:00","og_image":[{"width":1024,"height":683,"url":"https:\/\/radioljubuski.ba\/wp-content\/uploads\/2022\/05\/sjevernodonjeck.jpg","type":"image\/jpeg"}],"author":"Radio Ljubu\u0161ki","twitter_card":"summary_large_image","twitter_creator":"@radioljubuski","twitter_site":"@radioljubuski","twitter_misc":{"Napisao\/la":"Radio Ljubu\u0161ki","Procijenjeno vrijeme \u010ditanja":"3 minute"},"schema":{"@context":"https:\/\/schema.org","@graph":[{"@type":"Article","@id":"https:\/\/radioljubuski.ba\/index.php\/2022\/05\/25\/guverner-luhanska-rusi-brisu-severodonjeck-s-lica-zemlje\/#article","isPartOf":{"@id":"https:\/\/radioljubuski.ba\/index.php\/2022\/05\/25\/guverner-luhanska-rusi-brisu-severodonjeck-s-lica-zemlje\/"},"author":{"name":"Radio Ljubu\u0161ki","@id":"https:\/\/radioljubuski.ba\/#\/schema\/person\/19fc700381a780f69665d7956c469e3b"},"headline":"Guverner Luhanska: \u201cRusi bri\u0161u Severodonjeck s lica zemlje\u201d","datePublished":"2022-05-25T13:44:13+00:00","dateModified":"2022-05-25T13:44:14+00:00","mainEntityOfPage":{"@id":"https:\/\/radioljubuski.ba\/index.php\/2022\/05\/25\/guverner-luhanska-rusi-brisu-severodonjeck-s-lica-zemlje\/"},"wordCount":629,"publisher":{"@id":"https:\/\/radioljubuski.ba\/#organization"},"image":{"@id":"https:\/\/radioljubuski.ba\/index.php\/2022\/05\/25\/guverner-luhanska-rusi-brisu-severodonjeck-s-lica-zemlje\/#primaryimage"},"thumbnailUrl":"https:\/\/radioljubuski.ba\/wp-content\/uploads\/2022\/05\/sjevernodonjeck.jpg","articleSection":["BIH i regija"],"inLanguage":"hr"},{"@type":"WebPage","@id":"https:\/\/radioljubuski.ba\/index.php\/2022\/05\/25\/guverner-luhanska-rusi-brisu-severodonjeck-s-lica-zemlje\/","url":"https:\/\/radioljubuski.ba\/index.php\/2022\/05\/25\/guverner-luhanska-rusi-brisu-severodonjeck-s-lica-zemlje\/","name":"Guverner Luhanska: \u201cRusi bri\u0161u Severodonjeck s lica zemlje\u201d - RADIO LJUBU\u0160KI","isPartOf":{"@id":"https:\/\/radioljubuski.ba\/#website"},"primaryImageOfPage":{"@id":"https:\/\/radioljubuski.ba\/index.php\/2022\/05\/25\/guverner-luhanska-rusi-brisu-severodonjeck-s-lica-zemlje\/#primaryimage"},"image":{"@id":"https:\/\/radioljubuski.ba\/index.php\/2022\/05\/25\/guverner-luhanska-rusi-brisu-severodonjeck-s-lica-zemlje\/#primaryimage"},"thumbnailUrl":"https:\/\/radioljubuski.ba\/wp-content\/uploads\/2022\/05\/sjevernodonjeck.jpg","datePublished":"2022-05-25T13:44:13+00:00","dateModified":"2022-05-25T13:44:14+00:00","breadcrumb":{"@id":"https:\/\/radioljubuski.ba\/index.php\/2022\/05\/25\/guverner-luhanska-rusi-brisu-severodonjeck-s-lica-zemlje\/#breadcrumb"},"inLanguage":"hr","potentialAction":[{"@type":"ReadAction","target":["https:\/\/radioljubuski.ba\/index.php\/2022\/05\/25\/guverner-luhanska-rusi-brisu-severodonjeck-s-lica-zemlje\/"]}]},{"@type":"ImageObject","inLanguage":"hr","@id":"https:\/\/radioljubuski.ba\/index.php\/2022\/05\/25\/guverner-luhanska-rusi-brisu-severodonjeck-s-lica-zemlje\/#primaryimage","url":"https:\/\/radioljubuski.ba\/wp-content\/uploads\/2022\/05\/sjevernodonjeck.jpg","contentUrl":"https:\/\/radioljubuski.ba\/wp-content\/uploads\/2022\/05\/sjevernodonjeck.jpg","width":1024,"height":683},{"@type":"BreadcrumbList","@id":"https:\/\/radioljubuski.ba\/index.php\/2022\/05\/25\/guverner-luhanska-rusi-brisu-severodonjeck-s-lica-zemlje\/#breadcrumb","itemListElement":[{"@type":"ListItem","position":1,"name":"Po\u010detna stranica","item":"https:\/\/radioljubuski.ba\/"},{"@type":"ListItem","position":2,"name":"Guverner Luhanska: \u201cRusi bri\u0161u Severodonjeck s lica zemlje\u201d"}]},{"@type":"WebSite","@id":"https:\/\/radioljubuski.ba\/#website","url":"https:\/\/radioljubuski.ba\/","name":"Radio Ljubu\u0161ki","description":"Sun\u010dana frekvencija Hercegovine","publisher":{"@id":"https:\/\/radioljubuski.ba\/#organization"},"potentialAction":[{"@type":"SearchAction","target":{"@type":"EntryPoint","urlTemplate":"https:\/\/radioljubuski.ba\/?s={search_term_string}"},"query-input":{"@type":"PropertyValueSpecification","valueRequired":true,"valueName":"search_term_string"}}],"inLanguage":"hr"},{"@type":"Organization","@id":"https:\/\/radioljubuski.ba\/#organization","name":"Radio Ljubu\u0161ki","url":"https:\/\/radioljubuski.ba\/","logo":{"@type":"ImageObject","inLanguage":"hr","@id":"https:\/\/radioljubuski.ba\/#\/schema\/logo\/image\/","url":"https:\/\/radioljubuski.ba\/wp-content\/uploads\/2021\/02\/cropped-Radio_Ljubuski_logo1.jpg","contentUrl":"https:\/\/radioljubuski.ba\/wp-content\/uploads\/2021\/02\/cropped-Radio_Ljubuski_logo1.jpg","width":512,"height":512,"caption":"Radio Ljubu\u0161ki"},"image":{"@id":"https:\/\/radioljubuski.ba\/#\/schema\/logo\/image\/"},"sameAs":["https:\/\/www.facebook.com\/Radiio-Ljubuski-1490835324566332","https:\/\/x.com\/radioljubuski","https:\/\/hr.linkedin.com\/company\/radio-ljubuski","https:\/\/www.youtube.com\/channel\/UCHYaeO_n0Db3tjNGudGpXyw"]},{"@type":"Person","@id":"https:\/\/radioljubuski.ba\/#\/schema\/person\/19fc700381a780f69665d7956c469e3b","name":"Radio Ljubu\u0161ki"}]}},"_links":{"self":[{"href":"https:\/\/radioljubuski.ba\/index.php\/wp-json\/wp\/v2\/posts\/143924","targetHints":{"allow":["GET"]}}],"collection":[{"href":"https:\/\/radioljubuski.ba\/index.php\/wp-json\/wp\/v2\/posts"}],"about":[{"href":"https:\/\/radioljubuski.ba\/index.php\/wp-json\/wp\/v2\/types\/post"}],"author":[{"embeddable":true,"href":"https:\/\/radioljubuski.ba\/index.php\/wp-json\/wp\/v2\/users\/2"}],"replies":[{"embeddable":true,"href":"https:\/\/radioljubuski.ba\/index.php\/wp-json\/wp\/v2\/comments?post=143924"}],"version-history":[{"count":1,"href":"https:\/\/radioljubuski.ba\/index.php\/wp-json\/wp\/v2\/posts\/143924\/revisions"}],"predecessor-version":[{"id":143926,"href":"https:\/\/radioljubuski.ba\/index.php\/wp-json\/wp\/v2\/posts\/143924\/revisions\/143926"}],"wp:featuredmedia":[{"embeddable":true,"href":"https:\/\/radioljubuski.ba\/index.php\/wp-json\/wp\/v2\/media\/143925"}],"wp:attachment":[{"href":"https:\/\/radioljubuski.ba\/index.php\/wp-json\/wp\/v2\/media?parent=143924"}],"wp:term":[{"taxonomy":"category","embeddable":true,"href":"https:\/\/radioljubuski.ba\/index.php\/wp-json\/wp\/v2\/categories?post=143924"},{"taxonomy":"post_tag","embeddable":true,"href":"https:\/\/radioljubuski.ba\/index.php\/wp-json\/wp\/v2\/tags?post=143924"}],"curies":[{"name":"wp","href":"https:\/\/api.w.org\/{rel}","templated":true}]}}