{"id":143955,"date":"2022-05-25T21:03:26","date_gmt":"2022-05-25T20:03:26","guid":{"rendered":"https:\/\/radioljubuski.ba\/?p=143955"},"modified":"2022-05-25T21:03:27","modified_gmt":"2022-05-25T20:03:27","slug":"veleposlanstvo-sad-u-bih-osudujemo-nacionalisticku-i-ekstremisticku-retoriku","status":"publish","type":"post","link":"https:\/\/radioljubuski.ba\/index.php\/2022\/05\/25\/veleposlanstvo-sad-u-bih-osudujemo-nacionalisticku-i-ekstremisticku-retoriku\/","title":{"rendered":"Veleposlanstvo SAD u BiH: Osu\u0111ujemo nacionalisti\u010dku i ekstremisti\u010dku retoriku"},"content":{"rendered":"\n<p><strong>Predsjednica organizacije \u017eena SDA u Kantonu Sarajevo Alma Omerovi\u0107 nedavno je na dru\u0161tvenim mre\u017eama izbore u BiH proglasila d\u017eihadom. Na izjavu du\u017enosnice SDA u javnosti je bilo brojnih reakcija, a najnovija sti\u017ee iz Veleposlanstva Sjedinjenih Dr\u017eava u na\u0161oj zemlji.<\/strong><\/p>\n\n\n\n<p>\u201cPredsjedni\u010de, \u010dist nijjet, vjerni\u010dko srce i vizija su garant na\u0161e pobjede, ako Bog da. Izdajnici imaju zajedni\u010dkog kandidata \u2013 jer im je mr\u017enja i izdaja jedini zajedni\u010dki cilj oko kojeg su se okupili.<\/p>\n\n\n\n<p>Pismono\u0161a Denis Be\u0107irovi\u0107 je izdao Bo\u0161njake u genocidnoj republici srpskoj, izdao bi nas i u dr\u017eavi! Zakonom o prebivali\u0161tu je betonirano etni\u010dko \u010di\u0161\u0107enje. U pamet Bo\u0161njaci, ovo je d\u017eihad na\u0161eg vremena\u201c, poru\u010dila je Omerovi\u0107 na Facebooku.<\/p>\n\n\n\n<p>Portal Bild.ba pitao je Veleposlanstvo Sjedinjenih Dr\u017eava u BiH o \u0161okantnim izjavama Omerovi\u0107, a Veleposlanstvo je o\u0161tro osudilo izjavu Omerovi\u0107.<\/p>\n\n\n\n<p>Njihovu izjavu prenosimo u cijelosti:<\/p>\n\n\n\n<p>\u201cSjedinjene Dr\u017eave su posve\u0107ene miru i stabilnosti u Bosni i Hercegovini, kao i njenom multietni\u010dkom karakteru. Osu\u0111ujemo nacionalisti\u010dku i ekstremisti\u010dku retoriku podjela, kao i takve aktivnosti, bez obzira odakle poti\u010du. Ovo se odnosi i na izjavu du\u017enosnice SDA koja je izbore okarakterizirala kao \u2018d\u017eihad\u2019. Ovakav komentar je u suprotnosti iskrenoj posve\u0107enosti inkluzivnom i kolaborativnom u\u010de\u0161\u0107u u vlasti, na dobrobit svih gra\u0111ana BiH, \u0161to je upravo ono \u0161to glasa\u010di u ovoj zemlji \u017eele i zaslu\u017euju\u201d, navodi se u odgovoru Veleposlanstva SAD-a u BiH dostavljenom portalu&nbsp;<a href=\"https:\/\/www.bild.ba\/lopovi-i-politika\/veleposlanstvo-sad-a-o-sda-dzihadistici-osudujemo-nacionalisticku-i-ekstremisticku-retoriku\/\">Bild.ba<\/a>.<\/p>\n\n\n\n<p>\/HMS\/<\/p>\n","protected":false},"excerpt":{"rendered":"<p>Predsjednica organizacije \u017eena SDA u Kantonu Sarajevo Alma Omerovi\u0107 nedavno je na dru\u0161tvenim mre\u017eama izbore u BiH proglasila d\u017eihadom. Na izjavu du\u017enosnice SDA u javnosti je bilo brojnih reakcija, a najnovija sti\u017ee iz Veleposlanstva Sjedinjenih Dr\u017eava u na\u0161oj zemlji. \u201cPredsjedni\u010de, \u010dist nijjet, vjerni\u010dko srce i vizija su garant na\u0161e pobjede, ako Bog da. Izdajnici imaju [&hellip;]<\/p>\n","protected":false},"author":2,"featured_media":143607,"comment_status":"closed","ping_status":"closed","sticky":false,"template":"","format":"standard","meta":{"h5ap_radio_sources":[],"footnotes":""},"categories":[1],"tags":[],"class_list":["post-143955","post","type-post","status-publish","format-standard","has-post-thumbnail","hentry","category-bihiregija"],"yoast_head":"<!-- This site is optimized with the Yoast SEO plugin v27.5 - https:\/\/yoast.com\/product\/yoast-seo-wordpress\/ -->\n<title>Veleposlanstvo SAD u BiH: Osu\u0111ujemo nacionalisti\u010dku i ekstremisti\u010dku retoriku - RADIO LJUBU\u0160KI<\/title>\n<meta name=\"robots\" content=\"index, follow, max-snippet:-1, max-image-preview:large, max-video-preview:-1\" \/>\n<link rel=\"canonical\" href=\"https:\/\/radioljubuski.ba\/index.php\/2022\/05\/25\/veleposlanstvo-sad-u-bih-osudujemo-nacionalisticku-i-ekstremisticku-retoriku\/\" \/>\n<meta property=\"og:locale\" content=\"hr_HR\" \/>\n<meta property=\"og:type\" content=\"article\" \/>\n<meta property=\"og:title\" content=\"Veleposlanstvo SAD u BiH: Osu\u0111ujemo nacionalisti\u010dku i ekstremisti\u010dku retoriku - RADIO LJUBU\u0160KI\" \/>\n<meta property=\"og:description\" content=\"Predsjednica organizacije \u017eena SDA u Kantonu Sarajevo Alma Omerovi\u0107 nedavno je na dru\u0161tvenim mre\u017eama izbore u BiH proglasila d\u017eihadom. Na izjavu du\u017enosnice SDA u javnosti je bilo brojnih reakcija, a najnovija sti\u017ee iz Veleposlanstva Sjedinjenih Dr\u017eava u na\u0161oj zemlji. \u201cPredsjedni\u010de, \u010dist nijjet, vjerni\u010dko srce i vizija su garant na\u0161e pobjede, ako Bog da. Izdajnici imaju [&hellip;]\" \/>\n<meta property=\"og:url\" content=\"https:\/\/radioljubuski.ba\/index.php\/2022\/05\/25\/veleposlanstvo-sad-u-bih-osudujemo-nacionalisticku-i-ekstremisticku-retoriku\/\" \/>\n<meta property=\"og:site_name\" content=\"RADIO LJUBU\u0160KI\" \/>\n<meta property=\"article:publisher\" content=\"https:\/\/www.facebook.com\/Radiio-Ljubuski-1490835324566332\" \/>\n<meta property=\"article:published_time\" content=\"2022-05-25T20:03:26+00:00\" \/>\n<meta property=\"article:modified_time\" content=\"2022-05-25T20:03:27+00:00\" \/>\n<meta property=\"og:image\" content=\"https:\/\/radioljubuski.ba\/wp-content\/uploads\/2022\/05\/281360255_5171301226240260_6996921255145301769_n-748x463-1.jpg\" \/>\n\t<meta property=\"og:image:width\" content=\"748\" \/>\n\t<meta property=\"og:image:height\" content=\"463\" \/>\n\t<meta property=\"og:image:type\" content=\"image\/jpeg\" \/>\n<meta name=\"author\" content=\"Radio Ljubu\u0161ki\" \/>\n<meta name=\"twitter:card\" content=\"summary_large_image\" \/>\n<meta name=\"twitter:creator\" content=\"@radioljubuski\" \/>\n<meta name=\"twitter:site\" content=\"@radioljubuski\" \/>\n<meta name=\"twitter:label1\" content=\"Napisao\/la\" \/>\n\t<meta name=\"twitter:data1\" content=\"Radio Ljubu\u0161ki\" \/>\n\t<meta name=\"twitter:label2\" content=\"Procijenjeno vrijeme \u010ditanja\" \/>\n\t<meta name=\"twitter:data2\" content=\"1 minuta\" \/>\n<script type=\"application\/ld+json\" class=\"yoast-schema-graph\">{\"@context\":\"https:\\\/\\\/schema.org\",\"@graph\":[{\"@type\":\"Article\",\"@id\":\"https:\\\/\\\/radioljubuski.ba\\\/index.php\\\/2022\\\/05\\\/25\\\/veleposlanstvo-sad-u-bih-osudujemo-nacionalisticku-i-ekstremisticku-retoriku\\\/#article\",\"isPartOf\":{\"@id\":\"https:\\\/\\\/radioljubuski.ba\\\/index.php\\\/2022\\\/05\\\/25\\\/veleposlanstvo-sad-u-bih-osudujemo-nacionalisticku-i-ekstremisticku-retoriku\\\/\"},\"author\":{\"name\":\"Radio Ljubu\u0161ki\",\"@id\":\"https:\\\/\\\/radioljubuski.ba\\\/#\\\/schema\\\/person\\\/19fc700381a780f69665d7956c469e3b\"},\"headline\":\"Veleposlanstvo SAD u BiH: Osu\u0111ujemo nacionalisti\u010dku i ekstremisti\u010dku retoriku\",\"datePublished\":\"2022-05-25T20:03:26+00:00\",\"dateModified\":\"2022-05-25T20:03:27+00:00\",\"mainEntityOfPage\":{\"@id\":\"https:\\\/\\\/radioljubuski.ba\\\/index.php\\\/2022\\\/05\\\/25\\\/veleposlanstvo-sad-u-bih-osudujemo-nacionalisticku-i-ekstremisticku-retoriku\\\/\"},\"wordCount\":274,\"publisher\":{\"@id\":\"https:\\\/\\\/radioljubuski.ba\\\/#organization\"},\"image\":{\"@id\":\"https:\\\/\\\/radioljubuski.ba\\\/index.php\\\/2022\\\/05\\\/25\\\/veleposlanstvo-sad-u-bih-osudujemo-nacionalisticku-i-ekstremisticku-retoriku\\\/#primaryimage\"},\"thumbnailUrl\":\"https:\\\/\\\/radioljubuski.ba\\\/wp-content\\\/uploads\\\/2022\\\/05\\\/281360255_5171301226240260_6996921255145301769_n-748x463-1.jpg\",\"articleSection\":[\"BIH i regija\"],\"inLanguage\":\"hr\"},{\"@type\":\"WebPage\",\"@id\":\"https:\\\/\\\/radioljubuski.ba\\\/index.php\\\/2022\\\/05\\\/25\\\/veleposlanstvo-sad-u-bih-osudujemo-nacionalisticku-i-ekstremisticku-retoriku\\\/\",\"url\":\"https:\\\/\\\/radioljubuski.ba\\\/index.php\\\/2022\\\/05\\\/25\\\/veleposlanstvo-sad-u-bih-osudujemo-nacionalisticku-i-ekstremisticku-retoriku\\\/\",\"name\":\"Veleposlanstvo SAD u BiH: Osu\u0111ujemo nacionalisti\u010dku i ekstremisti\u010dku retoriku - RADIO LJUBU\u0160KI\",\"isPartOf\":{\"@id\":\"https:\\\/\\\/radioljubuski.ba\\\/#website\"},\"primaryImageOfPage\":{\"@id\":\"https:\\\/\\\/radioljubuski.ba\\\/index.php\\\/2022\\\/05\\\/25\\\/veleposlanstvo-sad-u-bih-osudujemo-nacionalisticku-i-ekstremisticku-retoriku\\\/#primaryimage\"},\"image\":{\"@id\":\"https:\\\/\\\/radioljubuski.ba\\\/index.php\\\/2022\\\/05\\\/25\\\/veleposlanstvo-sad-u-bih-osudujemo-nacionalisticku-i-ekstremisticku-retoriku\\\/#primaryimage\"},\"thumbnailUrl\":\"https:\\\/\\\/radioljubuski.ba\\\/wp-content\\\/uploads\\\/2022\\\/05\\\/281360255_5171301226240260_6996921255145301769_n-748x463-1.jpg\",\"datePublished\":\"2022-05-25T20:03:26+00:00\",\"dateModified\":\"2022-05-25T20:03:27+00:00\",\"breadcrumb\":{\"@id\":\"https:\\\/\\\/radioljubuski.ba\\\/index.php\\\/2022\\\/05\\\/25\\\/veleposlanstvo-sad-u-bih-osudujemo-nacionalisticku-i-ekstremisticku-retoriku\\\/#breadcrumb\"},\"inLanguage\":\"hr\",\"potentialAction\":[{\"@type\":\"ReadAction\",\"target\":[\"https:\\\/\\\/radioljubuski.ba\\\/index.php\\\/2022\\\/05\\\/25\\\/veleposlanstvo-sad-u-bih-osudujemo-nacionalisticku-i-ekstremisticku-retoriku\\\/\"]}]},{\"@type\":\"ImageObject\",\"inLanguage\":\"hr\",\"@id\":\"https:\\\/\\\/radioljubuski.ba\\\/index.php\\\/2022\\\/05\\\/25\\\/veleposlanstvo-sad-u-bih-osudujemo-nacionalisticku-i-ekstremisticku-retoriku\\\/#primaryimage\",\"url\":\"https:\\\/\\\/radioljubuski.ba\\\/wp-content\\\/uploads\\\/2022\\\/05\\\/281360255_5171301226240260_6996921255145301769_n-748x463-1.jpg\",\"contentUrl\":\"https:\\\/\\\/radioljubuski.ba\\\/wp-content\\\/uploads\\\/2022\\\/05\\\/281360255_5171301226240260_6996921255145301769_n-748x463-1.jpg\",\"width\":748,\"height\":463},{\"@type\":\"BreadcrumbList\",\"@id\":\"https:\\\/\\\/radioljubuski.ba\\\/index.php\\\/2022\\\/05\\\/25\\\/veleposlanstvo-sad-u-bih-osudujemo-nacionalisticku-i-ekstremisticku-retoriku\\\/#breadcrumb\",\"itemListElement\":[{\"@type\":\"ListItem\",\"position\":1,\"name\":\"Po\u010detna stranica\",\"item\":\"https:\\\/\\\/radioljubuski.ba\\\/\"},{\"@type\":\"ListItem\",\"position\":2,\"name\":\"Veleposlanstvo SAD u BiH: Osu\u0111ujemo nacionalisti\u010dku i ekstremisti\u010dku retoriku\"}]},{\"@type\":\"WebSite\",\"@id\":\"https:\\\/\\\/radioljubuski.ba\\\/#website\",\"url\":\"https:\\\/\\\/radioljubuski.ba\\\/\",\"name\":\"Radio Ljubu\u0161ki\",\"description\":\"Sun\u010dana frekvencija Hercegovine\",\"publisher\":{\"@id\":\"https:\\\/\\\/radioljubuski.ba\\\/#organization\"},\"potentialAction\":[{\"@type\":\"SearchAction\",\"target\":{\"@type\":\"EntryPoint\",\"urlTemplate\":\"https:\\\/\\\/radioljubuski.ba\\\/?s={search_term_string}\"},\"query-input\":{\"@type\":\"PropertyValueSpecification\",\"valueRequired\":true,\"valueName\":\"search_term_string\"}}],\"inLanguage\":\"hr\"},{\"@type\":\"Organization\",\"@id\":\"https:\\\/\\\/radioljubuski.ba\\\/#organization\",\"name\":\"Radio Ljubu\u0161ki\",\"url\":\"https:\\\/\\\/radioljubuski.ba\\\/\",\"logo\":{\"@type\":\"ImageObject\",\"inLanguage\":\"hr\",\"@id\":\"https:\\\/\\\/radioljubuski.ba\\\/#\\\/schema\\\/logo\\\/image\\\/\",\"url\":\"https:\\\/\\\/radioljubuski.ba\\\/wp-content\\\/uploads\\\/2021\\\/02\\\/cropped-Radio_Ljubuski_logo1.jpg\",\"contentUrl\":\"https:\\\/\\\/radioljubuski.ba\\\/wp-content\\\/uploads\\\/2021\\\/02\\\/cropped-Radio_Ljubuski_logo1.jpg\",\"width\":512,\"height\":512,\"caption\":\"Radio Ljubu\u0161ki\"},\"image\":{\"@id\":\"https:\\\/\\\/radioljubuski.ba\\\/#\\\/schema\\\/logo\\\/image\\\/\"},\"sameAs\":[\"https:\\\/\\\/www.facebook.com\\\/Radiio-Ljubuski-1490835324566332\",\"https:\\\/\\\/x.com\\\/radioljubuski\",\"https:\\\/\\\/hr.linkedin.com\\\/company\\\/radio-ljubuski\",\"https:\\\/\\\/www.youtube.com\\\/channel\\\/UCHYaeO_n0Db3tjNGudGpXyw\"]},{\"@type\":\"Person\",\"@id\":\"https:\\\/\\\/radioljubuski.ba\\\/#\\\/schema\\\/person\\\/19fc700381a780f69665d7956c469e3b\",\"name\":\"Radio Ljubu\u0161ki\"}]}<\/script>\n<!-- \/ Yoast SEO plugin. -->","yoast_head_json":{"title":"Veleposlanstvo SAD u BiH: Osu\u0111ujemo nacionalisti\u010dku i ekstremisti\u010dku retoriku - RADIO LJUBU\u0160KI","robots":{"index":"index","follow":"follow","max-snippet":"max-snippet:-1","max-image-preview":"max-image-preview:large","max-video-preview":"max-video-preview:-1"},"canonical":"https:\/\/radioljubuski.ba\/index.php\/2022\/05\/25\/veleposlanstvo-sad-u-bih-osudujemo-nacionalisticku-i-ekstremisticku-retoriku\/","og_locale":"hr_HR","og_type":"article","og_title":"Veleposlanstvo SAD u BiH: Osu\u0111ujemo nacionalisti\u010dku i ekstremisti\u010dku retoriku - RADIO LJUBU\u0160KI","og_description":"Predsjednica organizacije \u017eena SDA u Kantonu Sarajevo Alma Omerovi\u0107 nedavno je na dru\u0161tvenim mre\u017eama izbore u BiH proglasila d\u017eihadom. Na izjavu du\u017enosnice SDA u javnosti je bilo brojnih reakcija, a najnovija sti\u017ee iz Veleposlanstva Sjedinjenih Dr\u017eava u na\u0161oj zemlji. \u201cPredsjedni\u010de, \u010dist nijjet, vjerni\u010dko srce i vizija su garant na\u0161e pobjede, ako Bog da. Izdajnici imaju [&hellip;]","og_url":"https:\/\/radioljubuski.ba\/index.php\/2022\/05\/25\/veleposlanstvo-sad-u-bih-osudujemo-nacionalisticku-i-ekstremisticku-retoriku\/","og_site_name":"RADIO LJUBU\u0160KI","article_publisher":"https:\/\/www.facebook.com\/Radiio-Ljubuski-1490835324566332","article_published_time":"2022-05-25T20:03:26+00:00","article_modified_time":"2022-05-25T20:03:27+00:00","og_image":[{"width":748,"height":463,"url":"https:\/\/radioljubuski.ba\/wp-content\/uploads\/2022\/05\/281360255_5171301226240260_6996921255145301769_n-748x463-1.jpg","type":"image\/jpeg"}],"author":"Radio Ljubu\u0161ki","twitter_card":"summary_large_image","twitter_creator":"@radioljubuski","twitter_site":"@radioljubuski","twitter_misc":{"Napisao\/la":"Radio Ljubu\u0161ki","Procijenjeno vrijeme \u010ditanja":"1 minuta"},"schema":{"@context":"https:\/\/schema.org","@graph":[{"@type":"Article","@id":"https:\/\/radioljubuski.ba\/index.php\/2022\/05\/25\/veleposlanstvo-sad-u-bih-osudujemo-nacionalisticku-i-ekstremisticku-retoriku\/#article","isPartOf":{"@id":"https:\/\/radioljubuski.ba\/index.php\/2022\/05\/25\/veleposlanstvo-sad-u-bih-osudujemo-nacionalisticku-i-ekstremisticku-retoriku\/"},"author":{"name":"Radio Ljubu\u0161ki","@id":"https:\/\/radioljubuski.ba\/#\/schema\/person\/19fc700381a780f69665d7956c469e3b"},"headline":"Veleposlanstvo SAD u BiH: Osu\u0111ujemo nacionalisti\u010dku i ekstremisti\u010dku retoriku","datePublished":"2022-05-25T20:03:26+00:00","dateModified":"2022-05-25T20:03:27+00:00","mainEntityOfPage":{"@id":"https:\/\/radioljubuski.ba\/index.php\/2022\/05\/25\/veleposlanstvo-sad-u-bih-osudujemo-nacionalisticku-i-ekstremisticku-retoriku\/"},"wordCount":274,"publisher":{"@id":"https:\/\/radioljubuski.ba\/#organization"},"image":{"@id":"https:\/\/radioljubuski.ba\/index.php\/2022\/05\/25\/veleposlanstvo-sad-u-bih-osudujemo-nacionalisticku-i-ekstremisticku-retoriku\/#primaryimage"},"thumbnailUrl":"https:\/\/radioljubuski.ba\/wp-content\/uploads\/2022\/05\/281360255_5171301226240260_6996921255145301769_n-748x463-1.jpg","articleSection":["BIH i regija"],"inLanguage":"hr"},{"@type":"WebPage","@id":"https:\/\/radioljubuski.ba\/index.php\/2022\/05\/25\/veleposlanstvo-sad-u-bih-osudujemo-nacionalisticku-i-ekstremisticku-retoriku\/","url":"https:\/\/radioljubuski.ba\/index.php\/2022\/05\/25\/veleposlanstvo-sad-u-bih-osudujemo-nacionalisticku-i-ekstremisticku-retoriku\/","name":"Veleposlanstvo SAD u BiH: Osu\u0111ujemo nacionalisti\u010dku i ekstremisti\u010dku retoriku - RADIO LJUBU\u0160KI","isPartOf":{"@id":"https:\/\/radioljubuski.ba\/#website"},"primaryImageOfPage":{"@id":"https:\/\/radioljubuski.ba\/index.php\/2022\/05\/25\/veleposlanstvo-sad-u-bih-osudujemo-nacionalisticku-i-ekstremisticku-retoriku\/#primaryimage"},"image":{"@id":"https:\/\/radioljubuski.ba\/index.php\/2022\/05\/25\/veleposlanstvo-sad-u-bih-osudujemo-nacionalisticku-i-ekstremisticku-retoriku\/#primaryimage"},"thumbnailUrl":"https:\/\/radioljubuski.ba\/wp-content\/uploads\/2022\/05\/281360255_5171301226240260_6996921255145301769_n-748x463-1.jpg","datePublished":"2022-05-25T20:03:26+00:00","dateModified":"2022-05-25T20:03:27+00:00","breadcrumb":{"@id":"https:\/\/radioljubuski.ba\/index.php\/2022\/05\/25\/veleposlanstvo-sad-u-bih-osudujemo-nacionalisticku-i-ekstremisticku-retoriku\/#breadcrumb"},"inLanguage":"hr","potentialAction":[{"@type":"ReadAction","target":["https:\/\/radioljubuski.ba\/index.php\/2022\/05\/25\/veleposlanstvo-sad-u-bih-osudujemo-nacionalisticku-i-ekstremisticku-retoriku\/"]}]},{"@type":"ImageObject","inLanguage":"hr","@id":"https:\/\/radioljubuski.ba\/index.php\/2022\/05\/25\/veleposlanstvo-sad-u-bih-osudujemo-nacionalisticku-i-ekstremisticku-retoriku\/#primaryimage","url":"https:\/\/radioljubuski.ba\/wp-content\/uploads\/2022\/05\/281360255_5171301226240260_6996921255145301769_n-748x463-1.jpg","contentUrl":"https:\/\/radioljubuski.ba\/wp-content\/uploads\/2022\/05\/281360255_5171301226240260_6996921255145301769_n-748x463-1.jpg","width":748,"height":463},{"@type":"BreadcrumbList","@id":"https:\/\/radioljubuski.ba\/index.php\/2022\/05\/25\/veleposlanstvo-sad-u-bih-osudujemo-nacionalisticku-i-ekstremisticku-retoriku\/#breadcrumb","itemListElement":[{"@type":"ListItem","position":1,"name":"Po\u010detna stranica","item":"https:\/\/radioljubuski.ba\/"},{"@type":"ListItem","position":2,"name":"Veleposlanstvo SAD u BiH: Osu\u0111ujemo nacionalisti\u010dku i ekstremisti\u010dku retoriku"}]},{"@type":"WebSite","@id":"https:\/\/radioljubuski.ba\/#website","url":"https:\/\/radioljubuski.ba\/","name":"Radio Ljubu\u0161ki","description":"Sun\u010dana frekvencija Hercegovine","publisher":{"@id":"https:\/\/radioljubuski.ba\/#organization"},"potentialAction":[{"@type":"SearchAction","target":{"@type":"EntryPoint","urlTemplate":"https:\/\/radioljubuski.ba\/?s={search_term_string}"},"query-input":{"@type":"PropertyValueSpecification","valueRequired":true,"valueName":"search_term_string"}}],"inLanguage":"hr"},{"@type":"Organization","@id":"https:\/\/radioljubuski.ba\/#organization","name":"Radio Ljubu\u0161ki","url":"https:\/\/radioljubuski.ba\/","logo":{"@type":"ImageObject","inLanguage":"hr","@id":"https:\/\/radioljubuski.ba\/#\/schema\/logo\/image\/","url":"https:\/\/radioljubuski.ba\/wp-content\/uploads\/2021\/02\/cropped-Radio_Ljubuski_logo1.jpg","contentUrl":"https:\/\/radioljubuski.ba\/wp-content\/uploads\/2021\/02\/cropped-Radio_Ljubuski_logo1.jpg","width":512,"height":512,"caption":"Radio Ljubu\u0161ki"},"image":{"@id":"https:\/\/radioljubuski.ba\/#\/schema\/logo\/image\/"},"sameAs":["https:\/\/www.facebook.com\/Radiio-Ljubuski-1490835324566332","https:\/\/x.com\/radioljubuski","https:\/\/hr.linkedin.com\/company\/radio-ljubuski","https:\/\/www.youtube.com\/channel\/UCHYaeO_n0Db3tjNGudGpXyw"]},{"@type":"Person","@id":"https:\/\/radioljubuski.ba\/#\/schema\/person\/19fc700381a780f69665d7956c469e3b","name":"Radio Ljubu\u0161ki"}]}},"_links":{"self":[{"href":"https:\/\/radioljubuski.ba\/index.php\/wp-json\/wp\/v2\/posts\/143955","targetHints":{"allow":["GET"]}}],"collection":[{"href":"https:\/\/radioljubuski.ba\/index.php\/wp-json\/wp\/v2\/posts"}],"about":[{"href":"https:\/\/radioljubuski.ba\/index.php\/wp-json\/wp\/v2\/types\/post"}],"author":[{"embeddable":true,"href":"https:\/\/radioljubuski.ba\/index.php\/wp-json\/wp\/v2\/users\/2"}],"replies":[{"embeddable":true,"href":"https:\/\/radioljubuski.ba\/index.php\/wp-json\/wp\/v2\/comments?post=143955"}],"version-history":[{"count":1,"href":"https:\/\/radioljubuski.ba\/index.php\/wp-json\/wp\/v2\/posts\/143955\/revisions"}],"predecessor-version":[{"id":143956,"href":"https:\/\/radioljubuski.ba\/index.php\/wp-json\/wp\/v2\/posts\/143955\/revisions\/143956"}],"wp:featuredmedia":[{"embeddable":true,"href":"https:\/\/radioljubuski.ba\/index.php\/wp-json\/wp\/v2\/media\/143607"}],"wp:attachment":[{"href":"https:\/\/radioljubuski.ba\/index.php\/wp-json\/wp\/v2\/media?parent=143955"}],"wp:term":[{"taxonomy":"category","embeddable":true,"href":"https:\/\/radioljubuski.ba\/index.php\/wp-json\/wp\/v2\/categories?post=143955"},{"taxonomy":"post_tag","embeddable":true,"href":"https:\/\/radioljubuski.ba\/index.php\/wp-json\/wp\/v2\/tags?post=143955"}],"curies":[{"name":"wp","href":"https:\/\/api.w.org\/{rel}","templated":true}]}}