{"id":143959,"date":"2022-05-25T21:05:55","date_gmt":"2022-05-25T20:05:55","guid":{"rendered":"https:\/\/radioljubuski.ba\/?p=143959"},"modified":"2022-05-25T21:05:56","modified_gmt":"2022-05-25T20:05:56","slug":"milanovic-stoltenberg-misli-da-ne-treba-povezivati-ulazak-finske-i-svedske-u-nato-s-promjenom-izbornog-zakona-bih-kada-turska-iznese-zahtjeve-onda-to-nije-problem","status":"publish","type":"post","link":"https:\/\/radioljubuski.ba\/index.php\/2022\/05\/25\/milanovic-stoltenberg-misli-da-ne-treba-povezivati-ulazak-finske-i-svedske-u-nato-s-promjenom-izbornog-zakona-bih-kada-turska-iznese-zahtjeve-onda-to-nije-problem\/","title":{"rendered":"Milanovi\u0107: Stoltenberg misli da ne treba povezivati ulazak Finske i \u0160vedske u NATO s promjenom izbornog zakona BiH; kada Turska iznese zahtjeve \u201conda to nije problem\u201d"},"content":{"rendered":"\n<p><strong>Hrvatski Predsjednik Zoran Milanovi\u0107 je danas sudjelovao na preuzimanju helikoptera UH-60M Black Hawk, donacije SAD-a Hrvatskoj.<\/strong><\/p>\n\n\n\n<p>Nakon sve\u010danosti dao je izjavu za medije te se ponovno dotaknuo Izbornog zakona BiH i razgovora s glavnim tajnikom NATO-a Jensom Stoltenbergom.<\/p>\n\n\n\n<p>Milanovi\u0107 i Stoltenberg telefonski su se \u010duli u utorak, a povod je bio Milanovi\u0107evo pismo upu\u0107eno svim \u010dlanicama Saveza vezano za polo\u017eaj Hrvata u BiH.<\/p>\n\n\n\n<p>\u201cOn ne mo\u017ee tu ni\u0161ta promijeniti, on je tehni\u010dka osoba. O\u010dekuje se od njega da to pismo distribuira, to su sad vidjeli svi koji su htjeli pro\u010ditati i to je to\u201d, komentirao je Milanovi\u0107.<\/p>\n\n\n\n<p>Istaknuo je da glavni tajnik nije taj koji donosi, ve\u0107 provodi odluke u skladu s ovlastima i da je \u201cnjegov zadatak da slu\u0161a Amerikance\u201d i da su \u201cAmerikanci glavni\u201d, ali da se on kao hrvatski predsjednik \u201cbori za svoje\u201d.<\/p>\n\n\n\n<p>Milanovi\u0107 je rekao da Stoltenberg ne dijeli mi\u0161ljenje da treba povezivati ulazak Finske i \u0160vedske u NATO s promjenom izbornog zakona u BiH. No pozvao je da se uzmu u obzir rezerve Turske prema ulasku Finske i \u0160vedske u obrambeni savez.<\/p>\n\n\n\n<p>No kad Turska iznese svoje zahtjeve, \u201conda to nije problem\u201d, dodao je Milanovi\u0107 koji je razgovor s glavnim tajnikom NATO-a opisao prijateljskim.<\/p>\n\n\n\n<p>Hrvatski predsjednik je istaknuo da mu \u201csmeta ta jedna apatija i bijeda hrvatske politike\u201d i citirao Antuna Gustava Mato\u0161a: \u201cJa ne\u0107u, ne\u0107u da se smirim i kao svje\u017e vjetar u sparinu pirim\u201d.<\/p>\n\n\n\n<p>\u201cJer ovo je sparina totalna kako se Hrvatska pona\u0161a prema onome \u0161to je njezin interes, a ne njezino. BiH nije Hrvatska da se odmah razumijemo (\u2026) Da netko ne bi slu\u010dajno pomislio da se pona\u0161amo isto kao Budimpe\u0161ta koja se pona\u0161a neozbiljno s tim permanentnim inzistiranjem da je to nekad bila Ma\u0111arska. Pa bila je i Austrija, od Pule do Dubrovnika bila je Austrija, ne Ma\u0111arska. Ne \u010dujete Austrijance da je to austrijsko more jer su zreli, sazreli su\u201d, rekao je Milanovi\u0107.<\/p>\n\n\n\n<p>\/HMS\/<\/p>\n","protected":false},"excerpt":{"rendered":"<p>Hrvatski Predsjednik Zoran Milanovi\u0107 je danas sudjelovao na preuzimanju helikoptera UH-60M Black Hawk, donacije SAD-a Hrvatskoj. Nakon sve\u010danosti dao je izjavu za medije te se ponovno dotaknuo Izbornog zakona BiH i razgovora s glavnim tajnikom NATO-a Jensom Stoltenbergom. Milanovi\u0107 i Stoltenberg telefonski su se \u010duli u utorak, a povod je bio Milanovi\u0107evo pismo upu\u0107eno svim [&hellip;]<\/p>\n","protected":false},"author":2,"featured_media":143866,"comment_status":"closed","ping_status":"closed","sticky":false,"template":"","format":"standard","meta":{"h5ap_radio_sources":[],"footnotes":""},"categories":[1],"tags":[],"class_list":["post-143959","post","type-post","status-publish","format-standard","has-post-thumbnail","hentry","category-bihiregija"],"yoast_head":"<!-- This site is optimized with the Yoast SEO plugin v27.5 - https:\/\/yoast.com\/product\/yoast-seo-wordpress\/ -->\n<title>Milanovi\u0107: Stoltenberg misli da ne treba povezivati ulazak Finske i \u0160vedske u NATO s promjenom izbornog zakona BiH; kada Turska iznese zahtjeve \u201conda to nije problem\u201d - RADIO LJUBU\u0160KI<\/title>\n<meta name=\"robots\" content=\"index, follow, max-snippet:-1, max-image-preview:large, max-video-preview:-1\" \/>\n<link rel=\"canonical\" href=\"https:\/\/radioljubuski.ba\/index.php\/2022\/05\/25\/milanovic-stoltenberg-misli-da-ne-treba-povezivati-ulazak-finske-i-svedske-u-nato-s-promjenom-izbornog-zakona-bih-kada-turska-iznese-zahtjeve-onda-to-nije-problem\/\" \/>\n<meta property=\"og:locale\" content=\"hr_HR\" \/>\n<meta property=\"og:type\" content=\"article\" \/>\n<meta property=\"og:title\" content=\"Milanovi\u0107: Stoltenberg misli da ne treba povezivati ulazak Finske i \u0160vedske u NATO s promjenom izbornog zakona BiH; kada Turska iznese zahtjeve \u201conda to nije problem\u201d - RADIO LJUBU\u0160KI\" \/>\n<meta property=\"og:description\" content=\"Hrvatski Predsjednik Zoran Milanovi\u0107 je danas sudjelovao na preuzimanju helikoptera UH-60M Black Hawk, donacije SAD-a Hrvatskoj. Nakon sve\u010danosti dao je izjavu za medije te se ponovno dotaknuo Izbornog zakona BiH i razgovora s glavnim tajnikom NATO-a Jensom Stoltenbergom. Milanovi\u0107 i Stoltenberg telefonski su se \u010duli u utorak, a povod je bio Milanovi\u0107evo pismo upu\u0107eno svim [&hellip;]\" \/>\n<meta property=\"og:url\" content=\"https:\/\/radioljubuski.ba\/index.php\/2022\/05\/25\/milanovic-stoltenberg-misli-da-ne-treba-povezivati-ulazak-finske-i-svedske-u-nato-s-promjenom-izbornog-zakona-bih-kada-turska-iznese-zahtjeve-onda-to-nije-problem\/\" \/>\n<meta property=\"og:site_name\" content=\"RADIO LJUBU\u0160KI\" \/>\n<meta property=\"article:publisher\" content=\"https:\/\/www.facebook.com\/Radiio-Ljubuski-1490835324566332\" \/>\n<meta property=\"article:published_time\" content=\"2022-05-25T20:05:55+00:00\" \/>\n<meta property=\"article:modified_time\" content=\"2022-05-25T20:05:56+00:00\" \/>\n<meta property=\"og:image\" content=\"https:\/\/radioljubuski.ba\/wp-content\/uploads\/2022\/05\/milanovic-stoltenberg.jpeg\" \/>\n\t<meta property=\"og:image:width\" content=\"1000\" \/>\n\t<meta property=\"og:image:height\" content=\"666\" \/>\n\t<meta property=\"og:image:type\" content=\"image\/jpeg\" \/>\n<meta name=\"author\" content=\"Radio Ljubu\u0161ki\" \/>\n<meta name=\"twitter:card\" content=\"summary_large_image\" \/>\n<meta name=\"twitter:creator\" content=\"@radioljubuski\" \/>\n<meta name=\"twitter:site\" content=\"@radioljubuski\" \/>\n<meta name=\"twitter:label1\" content=\"Napisao\/la\" \/>\n\t<meta name=\"twitter:data1\" content=\"Radio Ljubu\u0161ki\" \/>\n\t<meta name=\"twitter:label2\" content=\"Procijenjeno vrijeme \u010ditanja\" \/>\n\t<meta name=\"twitter:data2\" content=\"2 minute\" \/>\n<script type=\"application\/ld+json\" class=\"yoast-schema-graph\">{\"@context\":\"https:\\\/\\\/schema.org\",\"@graph\":[{\"@type\":\"Article\",\"@id\":\"https:\\\/\\\/radioljubuski.ba\\\/index.php\\\/2022\\\/05\\\/25\\\/milanovic-stoltenberg-misli-da-ne-treba-povezivati-ulazak-finske-i-svedske-u-nato-s-promjenom-izbornog-zakona-bih-kada-turska-iznese-zahtjeve-onda-to-nije-problem\\\/#article\",\"isPartOf\":{\"@id\":\"https:\\\/\\\/radioljubuski.ba\\\/index.php\\\/2022\\\/05\\\/25\\\/milanovic-stoltenberg-misli-da-ne-treba-povezivati-ulazak-finske-i-svedske-u-nato-s-promjenom-izbornog-zakona-bih-kada-turska-iznese-zahtjeve-onda-to-nije-problem\\\/\"},\"author\":{\"name\":\"Radio Ljubu\u0161ki\",\"@id\":\"https:\\\/\\\/radioljubuski.ba\\\/#\\\/schema\\\/person\\\/19fc700381a780f69665d7956c469e3b\"},\"headline\":\"Milanovi\u0107: Stoltenberg misli da ne treba povezivati ulazak Finske i \u0160vedske u NATO s promjenom izbornog zakona BiH; kada Turska iznese zahtjeve \u201conda to nije problem\u201d\",\"datePublished\":\"2022-05-25T20:05:55+00:00\",\"dateModified\":\"2022-05-25T20:05:56+00:00\",\"mainEntityOfPage\":{\"@id\":\"https:\\\/\\\/radioljubuski.ba\\\/index.php\\\/2022\\\/05\\\/25\\\/milanovic-stoltenberg-misli-da-ne-treba-povezivati-ulazak-finske-i-svedske-u-nato-s-promjenom-izbornog-zakona-bih-kada-turska-iznese-zahtjeve-onda-to-nije-problem\\\/\"},\"wordCount\":361,\"publisher\":{\"@id\":\"https:\\\/\\\/radioljubuski.ba\\\/#organization\"},\"image\":{\"@id\":\"https:\\\/\\\/radioljubuski.ba\\\/index.php\\\/2022\\\/05\\\/25\\\/milanovic-stoltenberg-misli-da-ne-treba-povezivati-ulazak-finske-i-svedske-u-nato-s-promjenom-izbornog-zakona-bih-kada-turska-iznese-zahtjeve-onda-to-nije-problem\\\/#primaryimage\"},\"thumbnailUrl\":\"https:\\\/\\\/radioljubuski.ba\\\/wp-content\\\/uploads\\\/2022\\\/05\\\/milanovic-stoltenberg.jpeg\",\"articleSection\":[\"BIH i regija\"],\"inLanguage\":\"hr\"},{\"@type\":\"WebPage\",\"@id\":\"https:\\\/\\\/radioljubuski.ba\\\/index.php\\\/2022\\\/05\\\/25\\\/milanovic-stoltenberg-misli-da-ne-treba-povezivati-ulazak-finske-i-svedske-u-nato-s-promjenom-izbornog-zakona-bih-kada-turska-iznese-zahtjeve-onda-to-nije-problem\\\/\",\"url\":\"https:\\\/\\\/radioljubuski.ba\\\/index.php\\\/2022\\\/05\\\/25\\\/milanovic-stoltenberg-misli-da-ne-treba-povezivati-ulazak-finske-i-svedske-u-nato-s-promjenom-izbornog-zakona-bih-kada-turska-iznese-zahtjeve-onda-to-nije-problem\\\/\",\"name\":\"Milanovi\u0107: Stoltenberg misli da ne treba povezivati ulazak Finske i \u0160vedske u NATO s promjenom izbornog zakona BiH; kada Turska iznese zahtjeve \u201conda to nije problem\u201d - RADIO LJUBU\u0160KI\",\"isPartOf\":{\"@id\":\"https:\\\/\\\/radioljubuski.ba\\\/#website\"},\"primaryImageOfPage\":{\"@id\":\"https:\\\/\\\/radioljubuski.ba\\\/index.php\\\/2022\\\/05\\\/25\\\/milanovic-stoltenberg-misli-da-ne-treba-povezivati-ulazak-finske-i-svedske-u-nato-s-promjenom-izbornog-zakona-bih-kada-turska-iznese-zahtjeve-onda-to-nije-problem\\\/#primaryimage\"},\"image\":{\"@id\":\"https:\\\/\\\/radioljubuski.ba\\\/index.php\\\/2022\\\/05\\\/25\\\/milanovic-stoltenberg-misli-da-ne-treba-povezivati-ulazak-finske-i-svedske-u-nato-s-promjenom-izbornog-zakona-bih-kada-turska-iznese-zahtjeve-onda-to-nije-problem\\\/#primaryimage\"},\"thumbnailUrl\":\"https:\\\/\\\/radioljubuski.ba\\\/wp-content\\\/uploads\\\/2022\\\/05\\\/milanovic-stoltenberg.jpeg\",\"datePublished\":\"2022-05-25T20:05:55+00:00\",\"dateModified\":\"2022-05-25T20:05:56+00:00\",\"breadcrumb\":{\"@id\":\"https:\\\/\\\/radioljubuski.ba\\\/index.php\\\/2022\\\/05\\\/25\\\/milanovic-stoltenberg-misli-da-ne-treba-povezivati-ulazak-finske-i-svedske-u-nato-s-promjenom-izbornog-zakona-bih-kada-turska-iznese-zahtjeve-onda-to-nije-problem\\\/#breadcrumb\"},\"inLanguage\":\"hr\",\"potentialAction\":[{\"@type\":\"ReadAction\",\"target\":[\"https:\\\/\\\/radioljubuski.ba\\\/index.php\\\/2022\\\/05\\\/25\\\/milanovic-stoltenberg-misli-da-ne-treba-povezivati-ulazak-finske-i-svedske-u-nato-s-promjenom-izbornog-zakona-bih-kada-turska-iznese-zahtjeve-onda-to-nije-problem\\\/\"]}]},{\"@type\":\"ImageObject\",\"inLanguage\":\"hr\",\"@id\":\"https:\\\/\\\/radioljubuski.ba\\\/index.php\\\/2022\\\/05\\\/25\\\/milanovic-stoltenberg-misli-da-ne-treba-povezivati-ulazak-finske-i-svedske-u-nato-s-promjenom-izbornog-zakona-bih-kada-turska-iznese-zahtjeve-onda-to-nije-problem\\\/#primaryimage\",\"url\":\"https:\\\/\\\/radioljubuski.ba\\\/wp-content\\\/uploads\\\/2022\\\/05\\\/milanovic-stoltenberg.jpeg\",\"contentUrl\":\"https:\\\/\\\/radioljubuski.ba\\\/wp-content\\\/uploads\\\/2022\\\/05\\\/milanovic-stoltenberg.jpeg\",\"width\":1000,\"height\":666},{\"@type\":\"BreadcrumbList\",\"@id\":\"https:\\\/\\\/radioljubuski.ba\\\/index.php\\\/2022\\\/05\\\/25\\\/milanovic-stoltenberg-misli-da-ne-treba-povezivati-ulazak-finske-i-svedske-u-nato-s-promjenom-izbornog-zakona-bih-kada-turska-iznese-zahtjeve-onda-to-nije-problem\\\/#breadcrumb\",\"itemListElement\":[{\"@type\":\"ListItem\",\"position\":1,\"name\":\"Po\u010detna stranica\",\"item\":\"https:\\\/\\\/radioljubuski.ba\\\/\"},{\"@type\":\"ListItem\",\"position\":2,\"name\":\"Milanovi\u0107: Stoltenberg misli da ne treba povezivati ulazak Finske i \u0160vedske u NATO s promjenom izbornog zakona BiH; kada Turska iznese zahtjeve \u201conda to nije problem\u201d\"}]},{\"@type\":\"WebSite\",\"@id\":\"https:\\\/\\\/radioljubuski.ba\\\/#website\",\"url\":\"https:\\\/\\\/radioljubuski.ba\\\/\",\"name\":\"Radio Ljubu\u0161ki\",\"description\":\"Sun\u010dana frekvencija Hercegovine\",\"publisher\":{\"@id\":\"https:\\\/\\\/radioljubuski.ba\\\/#organization\"},\"potentialAction\":[{\"@type\":\"SearchAction\",\"target\":{\"@type\":\"EntryPoint\",\"urlTemplate\":\"https:\\\/\\\/radioljubuski.ba\\\/?s={search_term_string}\"},\"query-input\":{\"@type\":\"PropertyValueSpecification\",\"valueRequired\":true,\"valueName\":\"search_term_string\"}}],\"inLanguage\":\"hr\"},{\"@type\":\"Organization\",\"@id\":\"https:\\\/\\\/radioljubuski.ba\\\/#organization\",\"name\":\"Radio Ljubu\u0161ki\",\"url\":\"https:\\\/\\\/radioljubuski.ba\\\/\",\"logo\":{\"@type\":\"ImageObject\",\"inLanguage\":\"hr\",\"@id\":\"https:\\\/\\\/radioljubuski.ba\\\/#\\\/schema\\\/logo\\\/image\\\/\",\"url\":\"https:\\\/\\\/radioljubuski.ba\\\/wp-content\\\/uploads\\\/2021\\\/02\\\/cropped-Radio_Ljubuski_logo1.jpg\",\"contentUrl\":\"https:\\\/\\\/radioljubuski.ba\\\/wp-content\\\/uploads\\\/2021\\\/02\\\/cropped-Radio_Ljubuski_logo1.jpg\",\"width\":512,\"height\":512,\"caption\":\"Radio Ljubu\u0161ki\"},\"image\":{\"@id\":\"https:\\\/\\\/radioljubuski.ba\\\/#\\\/schema\\\/logo\\\/image\\\/\"},\"sameAs\":[\"https:\\\/\\\/www.facebook.com\\\/Radiio-Ljubuski-1490835324566332\",\"https:\\\/\\\/x.com\\\/radioljubuski\",\"https:\\\/\\\/hr.linkedin.com\\\/company\\\/radio-ljubuski\",\"https:\\\/\\\/www.youtube.com\\\/channel\\\/UCHYaeO_n0Db3tjNGudGpXyw\"]},{\"@type\":\"Person\",\"@id\":\"https:\\\/\\\/radioljubuski.ba\\\/#\\\/schema\\\/person\\\/19fc700381a780f69665d7956c469e3b\",\"name\":\"Radio Ljubu\u0161ki\"}]}<\/script>\n<!-- \/ Yoast SEO plugin. -->","yoast_head_json":{"title":"Milanovi\u0107: Stoltenberg misli da ne treba povezivati ulazak Finske i \u0160vedske u NATO s promjenom izbornog zakona BiH; kada Turska iznese zahtjeve \u201conda to nije problem\u201d - RADIO LJUBU\u0160KI","robots":{"index":"index","follow":"follow","max-snippet":"max-snippet:-1","max-image-preview":"max-image-preview:large","max-video-preview":"max-video-preview:-1"},"canonical":"https:\/\/radioljubuski.ba\/index.php\/2022\/05\/25\/milanovic-stoltenberg-misli-da-ne-treba-povezivati-ulazak-finske-i-svedske-u-nato-s-promjenom-izbornog-zakona-bih-kada-turska-iznese-zahtjeve-onda-to-nije-problem\/","og_locale":"hr_HR","og_type":"article","og_title":"Milanovi\u0107: Stoltenberg misli da ne treba povezivati ulazak Finske i \u0160vedske u NATO s promjenom izbornog zakona BiH; kada Turska iznese zahtjeve \u201conda to nije problem\u201d - RADIO LJUBU\u0160KI","og_description":"Hrvatski Predsjednik Zoran Milanovi\u0107 je danas sudjelovao na preuzimanju helikoptera UH-60M Black Hawk, donacije SAD-a Hrvatskoj. Nakon sve\u010danosti dao je izjavu za medije te se ponovno dotaknuo Izbornog zakona BiH i razgovora s glavnim tajnikom NATO-a Jensom Stoltenbergom. Milanovi\u0107 i Stoltenberg telefonski su se \u010duli u utorak, a povod je bio Milanovi\u0107evo pismo upu\u0107eno svim [&hellip;]","og_url":"https:\/\/radioljubuski.ba\/index.php\/2022\/05\/25\/milanovic-stoltenberg-misli-da-ne-treba-povezivati-ulazak-finske-i-svedske-u-nato-s-promjenom-izbornog-zakona-bih-kada-turska-iznese-zahtjeve-onda-to-nije-problem\/","og_site_name":"RADIO LJUBU\u0160KI","article_publisher":"https:\/\/www.facebook.com\/Radiio-Ljubuski-1490835324566332","article_published_time":"2022-05-25T20:05:55+00:00","article_modified_time":"2022-05-25T20:05:56+00:00","og_image":[{"width":1000,"height":666,"url":"https:\/\/radioljubuski.ba\/wp-content\/uploads\/2022\/05\/milanovic-stoltenberg.jpeg","type":"image\/jpeg"}],"author":"Radio Ljubu\u0161ki","twitter_card":"summary_large_image","twitter_creator":"@radioljubuski","twitter_site":"@radioljubuski","twitter_misc":{"Napisao\/la":"Radio Ljubu\u0161ki","Procijenjeno vrijeme \u010ditanja":"2 minute"},"schema":{"@context":"https:\/\/schema.org","@graph":[{"@type":"Article","@id":"https:\/\/radioljubuski.ba\/index.php\/2022\/05\/25\/milanovic-stoltenberg-misli-da-ne-treba-povezivati-ulazak-finske-i-svedske-u-nato-s-promjenom-izbornog-zakona-bih-kada-turska-iznese-zahtjeve-onda-to-nije-problem\/#article","isPartOf":{"@id":"https:\/\/radioljubuski.ba\/index.php\/2022\/05\/25\/milanovic-stoltenberg-misli-da-ne-treba-povezivati-ulazak-finske-i-svedske-u-nato-s-promjenom-izbornog-zakona-bih-kada-turska-iznese-zahtjeve-onda-to-nije-problem\/"},"author":{"name":"Radio Ljubu\u0161ki","@id":"https:\/\/radioljubuski.ba\/#\/schema\/person\/19fc700381a780f69665d7956c469e3b"},"headline":"Milanovi\u0107: Stoltenberg misli da ne treba povezivati ulazak Finske i \u0160vedske u NATO s promjenom izbornog zakona BiH; kada Turska iznese zahtjeve \u201conda to nije problem\u201d","datePublished":"2022-05-25T20:05:55+00:00","dateModified":"2022-05-25T20:05:56+00:00","mainEntityOfPage":{"@id":"https:\/\/radioljubuski.ba\/index.php\/2022\/05\/25\/milanovic-stoltenberg-misli-da-ne-treba-povezivati-ulazak-finske-i-svedske-u-nato-s-promjenom-izbornog-zakona-bih-kada-turska-iznese-zahtjeve-onda-to-nije-problem\/"},"wordCount":361,"publisher":{"@id":"https:\/\/radioljubuski.ba\/#organization"},"image":{"@id":"https:\/\/radioljubuski.ba\/index.php\/2022\/05\/25\/milanovic-stoltenberg-misli-da-ne-treba-povezivati-ulazak-finske-i-svedske-u-nato-s-promjenom-izbornog-zakona-bih-kada-turska-iznese-zahtjeve-onda-to-nije-problem\/#primaryimage"},"thumbnailUrl":"https:\/\/radioljubuski.ba\/wp-content\/uploads\/2022\/05\/milanovic-stoltenberg.jpeg","articleSection":["BIH i regija"],"inLanguage":"hr"},{"@type":"WebPage","@id":"https:\/\/radioljubuski.ba\/index.php\/2022\/05\/25\/milanovic-stoltenberg-misli-da-ne-treba-povezivati-ulazak-finske-i-svedske-u-nato-s-promjenom-izbornog-zakona-bih-kada-turska-iznese-zahtjeve-onda-to-nije-problem\/","url":"https:\/\/radioljubuski.ba\/index.php\/2022\/05\/25\/milanovic-stoltenberg-misli-da-ne-treba-povezivati-ulazak-finske-i-svedske-u-nato-s-promjenom-izbornog-zakona-bih-kada-turska-iznese-zahtjeve-onda-to-nije-problem\/","name":"Milanovi\u0107: Stoltenberg misli da ne treba povezivati ulazak Finske i \u0160vedske u NATO s promjenom izbornog zakona BiH; kada Turska iznese zahtjeve \u201conda to nije problem\u201d - RADIO LJUBU\u0160KI","isPartOf":{"@id":"https:\/\/radioljubuski.ba\/#website"},"primaryImageOfPage":{"@id":"https:\/\/radioljubuski.ba\/index.php\/2022\/05\/25\/milanovic-stoltenberg-misli-da-ne-treba-povezivati-ulazak-finske-i-svedske-u-nato-s-promjenom-izbornog-zakona-bih-kada-turska-iznese-zahtjeve-onda-to-nije-problem\/#primaryimage"},"image":{"@id":"https:\/\/radioljubuski.ba\/index.php\/2022\/05\/25\/milanovic-stoltenberg-misli-da-ne-treba-povezivati-ulazak-finske-i-svedske-u-nato-s-promjenom-izbornog-zakona-bih-kada-turska-iznese-zahtjeve-onda-to-nije-problem\/#primaryimage"},"thumbnailUrl":"https:\/\/radioljubuski.ba\/wp-content\/uploads\/2022\/05\/milanovic-stoltenberg.jpeg","datePublished":"2022-05-25T20:05:55+00:00","dateModified":"2022-05-25T20:05:56+00:00","breadcrumb":{"@id":"https:\/\/radioljubuski.ba\/index.php\/2022\/05\/25\/milanovic-stoltenberg-misli-da-ne-treba-povezivati-ulazak-finske-i-svedske-u-nato-s-promjenom-izbornog-zakona-bih-kada-turska-iznese-zahtjeve-onda-to-nije-problem\/#breadcrumb"},"inLanguage":"hr","potentialAction":[{"@type":"ReadAction","target":["https:\/\/radioljubuski.ba\/index.php\/2022\/05\/25\/milanovic-stoltenberg-misli-da-ne-treba-povezivati-ulazak-finske-i-svedske-u-nato-s-promjenom-izbornog-zakona-bih-kada-turska-iznese-zahtjeve-onda-to-nije-problem\/"]}]},{"@type":"ImageObject","inLanguage":"hr","@id":"https:\/\/radioljubuski.ba\/index.php\/2022\/05\/25\/milanovic-stoltenberg-misli-da-ne-treba-povezivati-ulazak-finske-i-svedske-u-nato-s-promjenom-izbornog-zakona-bih-kada-turska-iznese-zahtjeve-onda-to-nije-problem\/#primaryimage","url":"https:\/\/radioljubuski.ba\/wp-content\/uploads\/2022\/05\/milanovic-stoltenberg.jpeg","contentUrl":"https:\/\/radioljubuski.ba\/wp-content\/uploads\/2022\/05\/milanovic-stoltenberg.jpeg","width":1000,"height":666},{"@type":"BreadcrumbList","@id":"https:\/\/radioljubuski.ba\/index.php\/2022\/05\/25\/milanovic-stoltenberg-misli-da-ne-treba-povezivati-ulazak-finske-i-svedske-u-nato-s-promjenom-izbornog-zakona-bih-kada-turska-iznese-zahtjeve-onda-to-nije-problem\/#breadcrumb","itemListElement":[{"@type":"ListItem","position":1,"name":"Po\u010detna stranica","item":"https:\/\/radioljubuski.ba\/"},{"@type":"ListItem","position":2,"name":"Milanovi\u0107: Stoltenberg misli da ne treba povezivati ulazak Finske i \u0160vedske u NATO s promjenom izbornog zakona BiH; kada Turska iznese zahtjeve \u201conda to nije problem\u201d"}]},{"@type":"WebSite","@id":"https:\/\/radioljubuski.ba\/#website","url":"https:\/\/radioljubuski.ba\/","name":"Radio Ljubu\u0161ki","description":"Sun\u010dana frekvencija Hercegovine","publisher":{"@id":"https:\/\/radioljubuski.ba\/#organization"},"potentialAction":[{"@type":"SearchAction","target":{"@type":"EntryPoint","urlTemplate":"https:\/\/radioljubuski.ba\/?s={search_term_string}"},"query-input":{"@type":"PropertyValueSpecification","valueRequired":true,"valueName":"search_term_string"}}],"inLanguage":"hr"},{"@type":"Organization","@id":"https:\/\/radioljubuski.ba\/#organization","name":"Radio Ljubu\u0161ki","url":"https:\/\/radioljubuski.ba\/","logo":{"@type":"ImageObject","inLanguage":"hr","@id":"https:\/\/radioljubuski.ba\/#\/schema\/logo\/image\/","url":"https:\/\/radioljubuski.ba\/wp-content\/uploads\/2021\/02\/cropped-Radio_Ljubuski_logo1.jpg","contentUrl":"https:\/\/radioljubuski.ba\/wp-content\/uploads\/2021\/02\/cropped-Radio_Ljubuski_logo1.jpg","width":512,"height":512,"caption":"Radio Ljubu\u0161ki"},"image":{"@id":"https:\/\/radioljubuski.ba\/#\/schema\/logo\/image\/"},"sameAs":["https:\/\/www.facebook.com\/Radiio-Ljubuski-1490835324566332","https:\/\/x.com\/radioljubuski","https:\/\/hr.linkedin.com\/company\/radio-ljubuski","https:\/\/www.youtube.com\/channel\/UCHYaeO_n0Db3tjNGudGpXyw"]},{"@type":"Person","@id":"https:\/\/radioljubuski.ba\/#\/schema\/person\/19fc700381a780f69665d7956c469e3b","name":"Radio Ljubu\u0161ki"}]}},"_links":{"self":[{"href":"https:\/\/radioljubuski.ba\/index.php\/wp-json\/wp\/v2\/posts\/143959","targetHints":{"allow":["GET"]}}],"collection":[{"href":"https:\/\/radioljubuski.ba\/index.php\/wp-json\/wp\/v2\/posts"}],"about":[{"href":"https:\/\/radioljubuski.ba\/index.php\/wp-json\/wp\/v2\/types\/post"}],"author":[{"embeddable":true,"href":"https:\/\/radioljubuski.ba\/index.php\/wp-json\/wp\/v2\/users\/2"}],"replies":[{"embeddable":true,"href":"https:\/\/radioljubuski.ba\/index.php\/wp-json\/wp\/v2\/comments?post=143959"}],"version-history":[{"count":1,"href":"https:\/\/radioljubuski.ba\/index.php\/wp-json\/wp\/v2\/posts\/143959\/revisions"}],"predecessor-version":[{"id":143960,"href":"https:\/\/radioljubuski.ba\/index.php\/wp-json\/wp\/v2\/posts\/143959\/revisions\/143960"}],"wp:featuredmedia":[{"embeddable":true,"href":"https:\/\/radioljubuski.ba\/index.php\/wp-json\/wp\/v2\/media\/143866"}],"wp:attachment":[{"href":"https:\/\/radioljubuski.ba\/index.php\/wp-json\/wp\/v2\/media?parent=143959"}],"wp:term":[{"taxonomy":"category","embeddable":true,"href":"https:\/\/radioljubuski.ba\/index.php\/wp-json\/wp\/v2\/categories?post=143959"},{"taxonomy":"post_tag","embeddable":true,"href":"https:\/\/radioljubuski.ba\/index.php\/wp-json\/wp\/v2\/tags?post=143959"}],"curies":[{"name":"wp","href":"https:\/\/api.w.org\/{rel}","templated":true}]}}