{"id":143966,"date":"2022-05-25T21:09:54","date_gmt":"2022-05-25T20:09:54","guid":{"rendered":"https:\/\/radioljubuski.ba\/?p=143966"},"modified":"2022-05-25T21:09:54","modified_gmt":"2022-05-25T20:09:54","slug":"mikulic-sve-sto-smo-artikulirali-u-sporazumu-pred-medunarodnim-medijatorima-nije-se-postovalo-sda-blokira-procese","status":"publish","type":"post","link":"https:\/\/radioljubuski.ba\/index.php\/2022\/05\/25\/mikulic-sve-sto-smo-artikulirali-u-sporazumu-pred-medunarodnim-medijatorima-nije-se-postovalo-sda-blokira-procese\/","title":{"rendered":"Mikuli\u0107: Sve \u0161to smo artikulirali u sporazumu pred me\u0111unarodnim medijatorima nije se po\u0161tovalo, SDA blokira procese"},"content":{"rendered":"\n<p><strong>Mario Mikuli\u0107, zastupnik u Zastupni\u010dkom domu Parlamentu FBiH (HDZ BiH HNS) govorio je za N1 o najavi preustroja BiH, te kako bi on izgledao, optu\u017ebama na ra\u010dun HDZ da opstruira predstoje\u0107e izbore, te o sigurnosnoj situaciju u Kantonu Sarajevo zbog dojava o bombama u \u0161kolama i javnim institucijama.<\/strong><\/p>\n\n\n\n<p>Novinar N1 ustvrdio je da postoje te\u0161ke optu\u017ebe na ra\u010dun HDZ-a BiH uz navode da opstruira financiranje izbora. Upitan ho\u0107e li se ovo pitanje rije\u0161iti usvajanjem prora\u010duna sutra na sjednici Vije\u0107a ministara, Mikuli\u0107 ka\u017ee da je sutra sjednica Vije\u0107a ministara na kojem \u0107e se na\u0107i Nacrt okvirnog prora\u010duna za 2022. \u2013 2024.<\/p>\n\n\n\n<p>\u201cHDZ nije opstruirao taj proces, ve\u0107 neki drugi. Proces traje dvije godine kada govorimo o prora\u010dunu za \u201821 i \u201822 godinu. Vjekoslav Bevanda, kao ministar financija je najkompetentniji za tu poziciju i ako njemu ne vjerujemo, kome \u0107emo. On je upoznat s procedurama i mislim da je deplasirano govoriti o opstruiranju HDZ. Mi \u017eelimo raditi po zakonu, a ne po ne\u010dijim \u017eeljama. HDZ ne pristaje na to. Mislim da je sve jasno, kada ministar financija iz HDZ predla\u017ee prora\u010dun, mislim da \u0107e i glasovati za\u201d, rekao je Mikuli\u0107 te pojasnio da HDZ BiH i HNS \u017eele da bude sve u okviru zakonskih odredbi te da tako artikuliraju stavove dodaje Mikuli\u0107.<\/p>\n\n\n\n<p>Novinar probo\u0161nja\u010dke agitatorske televizije N1 dodao je da je specijalni predstavnik EU u BiH, Johann Sattler, bio o\u0161tar prema HDZ-ovim ministrima i pozvao da se rije\u0161i financiranje izbora te da u suprotnom prijeti bonskim ovlastima. Novinar je nakon toga olako izustio pitanje \u0161to ako se du\u017enosnicima HDZ-a BiH uvedu sankcije??<\/p>\n\n\n\n<p>\u201cGospodin Sattler radi svoj posao i mi svoj. \u017delimo funkcionalnost BiH i ravnopravnost naroda. Ne odustajemo od toga. Ne pre\u017eemo od bilo kakvih sankcija, ve\u0107 \u017eelimo stati uz polo\u017eaj hrvatskog naroda. Naravno, HDZ nema namjeru opstruirati izborni proces. Zagovornici smo izbornog procesa i da se rije\u0161e presude suda u Strasbourgu i Ustavnog suda BiH\u201d, rekao je Mikuli\u0107.<\/p>\n\n\n\n<p>Voditelj emisije nakon toga je Mikuli\u0107a upitao kakav to preustroj \u017eeli HDZ BiH, dodaju\u0107i da je Hrvatska akademija znanosti i umjetnosti kazala da tra\u017ei tre\u0107i entitet.<\/p>\n\n\n\n<p>\u201cPrije dvije godine je potpisan Mostarski sporazum u Mostaru pred izbore. SDA blokira procese i ne \u017eeli dogovoreno u Mostaru rije\u0161iti, a mislimo na legitimno predstavljanje. Dali smo ruku da rije\u0161imo nesuglasice. Sve \u0161to smo mi artikulirali u sporazumu pred medijatorima iz me\u0111unarodne zajednice nije se po\u0161tovalo. Jako je puno spekulacija. Odluke \u0107e se donositi na sjednicama HNS-a o budu\u0107im potezima hrvatskog nacionalnog bi\u0107a u BiH\u201d, rekao je Mikuli\u0107.<\/p>\n\n\n\n<p>Na opasku urednika emisije da je mnogo sastanaka bilo kako bi do\u0161lo do izmjene Izbornog zakona BiH te da me\u0111unarodna zajednica i doma\u0107i politi\u010dari nisu postigli dogovor, Mikuli\u0107 ka\u017ee da vlada veliko zanimanje izmjenu Izbornog zakona.<\/p>\n\n\n\n<p>\u201cPremijer Hrvatske Andrej Plenkovi\u0107 utje\u010de unutar EU da se ovo pitanje rije\u0161i. BiH postaje tema i to vidi me\u0111unarodna zajednica. Vidi se za\u0161to je hrvatski narod nezadovoljan. HDZ nije prihvatio \u010dinjenicu da se nije izmijenio Izborni zakon. Ne \u017eelimo nametanja da nam se biraju politi\u010dki predstavnici, da gledamo kako nam neko drugi bira predstavnike i da mi to mirno gledamo. \u017deljko Kom\u0161i\u0107 je pokazao da je drugi \u010dlan Predsjedni\u0161tva BiH iz reda bo\u0161nja\u010dkog naroda\u201d, rekao je Mikuli\u0107.<\/p>\n\n\n\n<p>HDZ-ov parlamentarac zaklju\u010dio je da \u201cHDZ i HNS imaju mnogo kvalitetnih kandidata za predstoje\u0107e izbore i kandidati \u0107e uskoro biti poznati javnosti\u201d.<\/p>\n\n\n\n<p>\/R. I.\/HMS\/<\/p>\n","protected":false},"excerpt":{"rendered":"<p>Mario Mikuli\u0107, zastupnik u Zastupni\u010dkom domu Parlamentu FBiH (HDZ BiH HNS) govorio je za N1 o najavi preustroja BiH, te kako bi on izgledao, optu\u017ebama na ra\u010dun HDZ da opstruira predstoje\u0107e izbore, te o sigurnosnoj situaciju u Kantonu Sarajevo zbog dojava o bombama u \u0161kolama i javnim institucijama. Novinar N1 ustvrdio je da postoje te\u0161ke [&hellip;]<\/p>\n","protected":false},"author":2,"featured_media":143967,"comment_status":"closed","ping_status":"closed","sticky":false,"template":"","format":"standard","meta":{"h5ap_radio_sources":[],"footnotes":""},"categories":[1],"tags":[],"class_list":["post-143966","post","type-post","status-publish","format-standard","has-post-thumbnail","hentry","category-bihiregija"],"yoast_head":"<!-- This site is optimized with the Yoast SEO plugin v27.5 - https:\/\/yoast.com\/product\/yoast-seo-wordpress\/ -->\n<title>Mikuli\u0107: Sve \u0161to smo artikulirali u sporazumu pred me\u0111unarodnim medijatorima nije se po\u0161tovalo, SDA blokira procese - RADIO LJUBU\u0160KI<\/title>\n<meta name=\"robots\" content=\"index, follow, max-snippet:-1, max-image-preview:large, max-video-preview:-1\" \/>\n<link rel=\"canonical\" href=\"https:\/\/radioljubuski.ba\/index.php\/2022\/05\/25\/mikulic-sve-sto-smo-artikulirali-u-sporazumu-pred-medunarodnim-medijatorima-nije-se-postovalo-sda-blokira-procese\/\" \/>\n<meta property=\"og:locale\" content=\"hr_HR\" \/>\n<meta property=\"og:type\" content=\"article\" \/>\n<meta property=\"og:title\" content=\"Mikuli\u0107: Sve \u0161to smo artikulirali u sporazumu pred me\u0111unarodnim medijatorima nije se po\u0161tovalo, SDA blokira procese - RADIO LJUBU\u0160KI\" \/>\n<meta property=\"og:description\" content=\"Mario Mikuli\u0107, zastupnik u Zastupni\u010dkom domu Parlamentu FBiH (HDZ BiH HNS) govorio je za N1 o najavi preustroja BiH, te kako bi on izgledao, optu\u017ebama na ra\u010dun HDZ da opstruira predstoje\u0107e izbore, te o sigurnosnoj situaciju u Kantonu Sarajevo zbog dojava o bombama u \u0161kolama i javnim institucijama. Novinar N1 ustvrdio je da postoje te\u0161ke [&hellip;]\" \/>\n<meta property=\"og:url\" content=\"https:\/\/radioljubuski.ba\/index.php\/2022\/05\/25\/mikulic-sve-sto-smo-artikulirali-u-sporazumu-pred-medunarodnim-medijatorima-nije-se-postovalo-sda-blokira-procese\/\" \/>\n<meta property=\"og:site_name\" content=\"RADIO LJUBU\u0160KI\" \/>\n<meta property=\"article:publisher\" content=\"https:\/\/www.facebook.com\/Radiio-Ljubuski-1490835324566332\" \/>\n<meta property=\"article:published_time\" content=\"2022-05-25T20:09:54+00:00\" \/>\n<meta property=\"og:image\" content=\"https:\/\/radioljubuski.ba\/wp-content\/uploads\/2022\/05\/mikulixc.png\" \/>\n\t<meta property=\"og:image:width\" content=\"750\" \/>\n\t<meta property=\"og:image:height\" content=\"431\" \/>\n\t<meta property=\"og:image:type\" content=\"image\/png\" \/>\n<meta name=\"author\" content=\"Radio Ljubu\u0161ki\" \/>\n<meta name=\"twitter:card\" content=\"summary_large_image\" \/>\n<meta name=\"twitter:creator\" content=\"@radioljubuski\" \/>\n<meta name=\"twitter:site\" content=\"@radioljubuski\" \/>\n<meta name=\"twitter:label1\" content=\"Napisao\/la\" \/>\n\t<meta name=\"twitter:data1\" content=\"Radio Ljubu\u0161ki\" \/>\n\t<meta name=\"twitter:label2\" content=\"Procijenjeno vrijeme \u010ditanja\" \/>\n\t<meta name=\"twitter:data2\" content=\"3 minute\" \/>\n<script type=\"application\/ld+json\" class=\"yoast-schema-graph\">{\"@context\":\"https:\\\/\\\/schema.org\",\"@graph\":[{\"@type\":\"Article\",\"@id\":\"https:\\\/\\\/radioljubuski.ba\\\/index.php\\\/2022\\\/05\\\/25\\\/mikulic-sve-sto-smo-artikulirali-u-sporazumu-pred-medunarodnim-medijatorima-nije-se-postovalo-sda-blokira-procese\\\/#article\",\"isPartOf\":{\"@id\":\"https:\\\/\\\/radioljubuski.ba\\\/index.php\\\/2022\\\/05\\\/25\\\/mikulic-sve-sto-smo-artikulirali-u-sporazumu-pred-medunarodnim-medijatorima-nije-se-postovalo-sda-blokira-procese\\\/\"},\"author\":{\"name\":\"Radio Ljubu\u0161ki\",\"@id\":\"https:\\\/\\\/radioljubuski.ba\\\/#\\\/schema\\\/person\\\/19fc700381a780f69665d7956c469e3b\"},\"headline\":\"Mikuli\u0107: Sve \u0161to smo artikulirali u sporazumu pred me\u0111unarodnim medijatorima nije se po\u0161tovalo, SDA blokira procese\",\"datePublished\":\"2022-05-25T20:09:54+00:00\",\"mainEntityOfPage\":{\"@id\":\"https:\\\/\\\/radioljubuski.ba\\\/index.php\\\/2022\\\/05\\\/25\\\/mikulic-sve-sto-smo-artikulirali-u-sporazumu-pred-medunarodnim-medijatorima-nije-se-postovalo-sda-blokira-procese\\\/\"},\"wordCount\":616,\"publisher\":{\"@id\":\"https:\\\/\\\/radioljubuski.ba\\\/#organization\"},\"image\":{\"@id\":\"https:\\\/\\\/radioljubuski.ba\\\/index.php\\\/2022\\\/05\\\/25\\\/mikulic-sve-sto-smo-artikulirali-u-sporazumu-pred-medunarodnim-medijatorima-nije-se-postovalo-sda-blokira-procese\\\/#primaryimage\"},\"thumbnailUrl\":\"https:\\\/\\\/radioljubuski.ba\\\/wp-content\\\/uploads\\\/2022\\\/05\\\/mikulixc.png\",\"articleSection\":[\"BIH i regija\"],\"inLanguage\":\"hr\"},{\"@type\":\"WebPage\",\"@id\":\"https:\\\/\\\/radioljubuski.ba\\\/index.php\\\/2022\\\/05\\\/25\\\/mikulic-sve-sto-smo-artikulirali-u-sporazumu-pred-medunarodnim-medijatorima-nije-se-postovalo-sda-blokira-procese\\\/\",\"url\":\"https:\\\/\\\/radioljubuski.ba\\\/index.php\\\/2022\\\/05\\\/25\\\/mikulic-sve-sto-smo-artikulirali-u-sporazumu-pred-medunarodnim-medijatorima-nije-se-postovalo-sda-blokira-procese\\\/\",\"name\":\"Mikuli\u0107: Sve \u0161to smo artikulirali u sporazumu pred me\u0111unarodnim medijatorima nije se po\u0161tovalo, SDA blokira procese - RADIO LJUBU\u0160KI\",\"isPartOf\":{\"@id\":\"https:\\\/\\\/radioljubuski.ba\\\/#website\"},\"primaryImageOfPage\":{\"@id\":\"https:\\\/\\\/radioljubuski.ba\\\/index.php\\\/2022\\\/05\\\/25\\\/mikulic-sve-sto-smo-artikulirali-u-sporazumu-pred-medunarodnim-medijatorima-nije-se-postovalo-sda-blokira-procese\\\/#primaryimage\"},\"image\":{\"@id\":\"https:\\\/\\\/radioljubuski.ba\\\/index.php\\\/2022\\\/05\\\/25\\\/mikulic-sve-sto-smo-artikulirali-u-sporazumu-pred-medunarodnim-medijatorima-nije-se-postovalo-sda-blokira-procese\\\/#primaryimage\"},\"thumbnailUrl\":\"https:\\\/\\\/radioljubuski.ba\\\/wp-content\\\/uploads\\\/2022\\\/05\\\/mikulixc.png\",\"datePublished\":\"2022-05-25T20:09:54+00:00\",\"breadcrumb\":{\"@id\":\"https:\\\/\\\/radioljubuski.ba\\\/index.php\\\/2022\\\/05\\\/25\\\/mikulic-sve-sto-smo-artikulirali-u-sporazumu-pred-medunarodnim-medijatorima-nije-se-postovalo-sda-blokira-procese\\\/#breadcrumb\"},\"inLanguage\":\"hr\",\"potentialAction\":[{\"@type\":\"ReadAction\",\"target\":[\"https:\\\/\\\/radioljubuski.ba\\\/index.php\\\/2022\\\/05\\\/25\\\/mikulic-sve-sto-smo-artikulirali-u-sporazumu-pred-medunarodnim-medijatorima-nije-se-postovalo-sda-blokira-procese\\\/\"]}]},{\"@type\":\"ImageObject\",\"inLanguage\":\"hr\",\"@id\":\"https:\\\/\\\/radioljubuski.ba\\\/index.php\\\/2022\\\/05\\\/25\\\/mikulic-sve-sto-smo-artikulirali-u-sporazumu-pred-medunarodnim-medijatorima-nije-se-postovalo-sda-blokira-procese\\\/#primaryimage\",\"url\":\"https:\\\/\\\/radioljubuski.ba\\\/wp-content\\\/uploads\\\/2022\\\/05\\\/mikulixc.png\",\"contentUrl\":\"https:\\\/\\\/radioljubuski.ba\\\/wp-content\\\/uploads\\\/2022\\\/05\\\/mikulixc.png\",\"width\":750,\"height\":431},{\"@type\":\"BreadcrumbList\",\"@id\":\"https:\\\/\\\/radioljubuski.ba\\\/index.php\\\/2022\\\/05\\\/25\\\/mikulic-sve-sto-smo-artikulirali-u-sporazumu-pred-medunarodnim-medijatorima-nije-se-postovalo-sda-blokira-procese\\\/#breadcrumb\",\"itemListElement\":[{\"@type\":\"ListItem\",\"position\":1,\"name\":\"Po\u010detna stranica\",\"item\":\"https:\\\/\\\/radioljubuski.ba\\\/\"},{\"@type\":\"ListItem\",\"position\":2,\"name\":\"Mikuli\u0107: Sve \u0161to smo artikulirali u sporazumu pred me\u0111unarodnim medijatorima nije se po\u0161tovalo, SDA blokira procese\"}]},{\"@type\":\"WebSite\",\"@id\":\"https:\\\/\\\/radioljubuski.ba\\\/#website\",\"url\":\"https:\\\/\\\/radioljubuski.ba\\\/\",\"name\":\"Radio Ljubu\u0161ki\",\"description\":\"Sun\u010dana frekvencija Hercegovine\",\"publisher\":{\"@id\":\"https:\\\/\\\/radioljubuski.ba\\\/#organization\"},\"potentialAction\":[{\"@type\":\"SearchAction\",\"target\":{\"@type\":\"EntryPoint\",\"urlTemplate\":\"https:\\\/\\\/radioljubuski.ba\\\/?s={search_term_string}\"},\"query-input\":{\"@type\":\"PropertyValueSpecification\",\"valueRequired\":true,\"valueName\":\"search_term_string\"}}],\"inLanguage\":\"hr\"},{\"@type\":\"Organization\",\"@id\":\"https:\\\/\\\/radioljubuski.ba\\\/#organization\",\"name\":\"Radio Ljubu\u0161ki\",\"url\":\"https:\\\/\\\/radioljubuski.ba\\\/\",\"logo\":{\"@type\":\"ImageObject\",\"inLanguage\":\"hr\",\"@id\":\"https:\\\/\\\/radioljubuski.ba\\\/#\\\/schema\\\/logo\\\/image\\\/\",\"url\":\"https:\\\/\\\/radioljubuski.ba\\\/wp-content\\\/uploads\\\/2021\\\/02\\\/cropped-Radio_Ljubuski_logo1.jpg\",\"contentUrl\":\"https:\\\/\\\/radioljubuski.ba\\\/wp-content\\\/uploads\\\/2021\\\/02\\\/cropped-Radio_Ljubuski_logo1.jpg\",\"width\":512,\"height\":512,\"caption\":\"Radio Ljubu\u0161ki\"},\"image\":{\"@id\":\"https:\\\/\\\/radioljubuski.ba\\\/#\\\/schema\\\/logo\\\/image\\\/\"},\"sameAs\":[\"https:\\\/\\\/www.facebook.com\\\/Radiio-Ljubuski-1490835324566332\",\"https:\\\/\\\/x.com\\\/radioljubuski\",\"https:\\\/\\\/hr.linkedin.com\\\/company\\\/radio-ljubuski\",\"https:\\\/\\\/www.youtube.com\\\/channel\\\/UCHYaeO_n0Db3tjNGudGpXyw\"]},{\"@type\":\"Person\",\"@id\":\"https:\\\/\\\/radioljubuski.ba\\\/#\\\/schema\\\/person\\\/19fc700381a780f69665d7956c469e3b\",\"name\":\"Radio Ljubu\u0161ki\"}]}<\/script>\n<!-- \/ Yoast SEO plugin. -->","yoast_head_json":{"title":"Mikuli\u0107: Sve \u0161to smo artikulirali u sporazumu pred me\u0111unarodnim medijatorima nije se po\u0161tovalo, SDA blokira procese - RADIO LJUBU\u0160KI","robots":{"index":"index","follow":"follow","max-snippet":"max-snippet:-1","max-image-preview":"max-image-preview:large","max-video-preview":"max-video-preview:-1"},"canonical":"https:\/\/radioljubuski.ba\/index.php\/2022\/05\/25\/mikulic-sve-sto-smo-artikulirali-u-sporazumu-pred-medunarodnim-medijatorima-nije-se-postovalo-sda-blokira-procese\/","og_locale":"hr_HR","og_type":"article","og_title":"Mikuli\u0107: Sve \u0161to smo artikulirali u sporazumu pred me\u0111unarodnim medijatorima nije se po\u0161tovalo, SDA blokira procese - RADIO LJUBU\u0160KI","og_description":"Mario Mikuli\u0107, zastupnik u Zastupni\u010dkom domu Parlamentu FBiH (HDZ BiH HNS) govorio je za N1 o najavi preustroja BiH, te kako bi on izgledao, optu\u017ebama na ra\u010dun HDZ da opstruira predstoje\u0107e izbore, te o sigurnosnoj situaciju u Kantonu Sarajevo zbog dojava o bombama u \u0161kolama i javnim institucijama. Novinar N1 ustvrdio je da postoje te\u0161ke [&hellip;]","og_url":"https:\/\/radioljubuski.ba\/index.php\/2022\/05\/25\/mikulic-sve-sto-smo-artikulirali-u-sporazumu-pred-medunarodnim-medijatorima-nije-se-postovalo-sda-blokira-procese\/","og_site_name":"RADIO LJUBU\u0160KI","article_publisher":"https:\/\/www.facebook.com\/Radiio-Ljubuski-1490835324566332","article_published_time":"2022-05-25T20:09:54+00:00","og_image":[{"width":750,"height":431,"url":"https:\/\/radioljubuski.ba\/wp-content\/uploads\/2022\/05\/mikulixc.png","type":"image\/png"}],"author":"Radio Ljubu\u0161ki","twitter_card":"summary_large_image","twitter_creator":"@radioljubuski","twitter_site":"@radioljubuski","twitter_misc":{"Napisao\/la":"Radio Ljubu\u0161ki","Procijenjeno vrijeme \u010ditanja":"3 minute"},"schema":{"@context":"https:\/\/schema.org","@graph":[{"@type":"Article","@id":"https:\/\/radioljubuski.ba\/index.php\/2022\/05\/25\/mikulic-sve-sto-smo-artikulirali-u-sporazumu-pred-medunarodnim-medijatorima-nije-se-postovalo-sda-blokira-procese\/#article","isPartOf":{"@id":"https:\/\/radioljubuski.ba\/index.php\/2022\/05\/25\/mikulic-sve-sto-smo-artikulirali-u-sporazumu-pred-medunarodnim-medijatorima-nije-se-postovalo-sda-blokira-procese\/"},"author":{"name":"Radio Ljubu\u0161ki","@id":"https:\/\/radioljubuski.ba\/#\/schema\/person\/19fc700381a780f69665d7956c469e3b"},"headline":"Mikuli\u0107: Sve \u0161to smo artikulirali u sporazumu pred me\u0111unarodnim medijatorima nije se po\u0161tovalo, SDA blokira procese","datePublished":"2022-05-25T20:09:54+00:00","mainEntityOfPage":{"@id":"https:\/\/radioljubuski.ba\/index.php\/2022\/05\/25\/mikulic-sve-sto-smo-artikulirali-u-sporazumu-pred-medunarodnim-medijatorima-nije-se-postovalo-sda-blokira-procese\/"},"wordCount":616,"publisher":{"@id":"https:\/\/radioljubuski.ba\/#organization"},"image":{"@id":"https:\/\/radioljubuski.ba\/index.php\/2022\/05\/25\/mikulic-sve-sto-smo-artikulirali-u-sporazumu-pred-medunarodnim-medijatorima-nije-se-postovalo-sda-blokira-procese\/#primaryimage"},"thumbnailUrl":"https:\/\/radioljubuski.ba\/wp-content\/uploads\/2022\/05\/mikulixc.png","articleSection":["BIH i regija"],"inLanguage":"hr"},{"@type":"WebPage","@id":"https:\/\/radioljubuski.ba\/index.php\/2022\/05\/25\/mikulic-sve-sto-smo-artikulirali-u-sporazumu-pred-medunarodnim-medijatorima-nije-se-postovalo-sda-blokira-procese\/","url":"https:\/\/radioljubuski.ba\/index.php\/2022\/05\/25\/mikulic-sve-sto-smo-artikulirali-u-sporazumu-pred-medunarodnim-medijatorima-nije-se-postovalo-sda-blokira-procese\/","name":"Mikuli\u0107: Sve \u0161to smo artikulirali u sporazumu pred me\u0111unarodnim medijatorima nije se po\u0161tovalo, SDA blokira procese - RADIO LJUBU\u0160KI","isPartOf":{"@id":"https:\/\/radioljubuski.ba\/#website"},"primaryImageOfPage":{"@id":"https:\/\/radioljubuski.ba\/index.php\/2022\/05\/25\/mikulic-sve-sto-smo-artikulirali-u-sporazumu-pred-medunarodnim-medijatorima-nije-se-postovalo-sda-blokira-procese\/#primaryimage"},"image":{"@id":"https:\/\/radioljubuski.ba\/index.php\/2022\/05\/25\/mikulic-sve-sto-smo-artikulirali-u-sporazumu-pred-medunarodnim-medijatorima-nije-se-postovalo-sda-blokira-procese\/#primaryimage"},"thumbnailUrl":"https:\/\/radioljubuski.ba\/wp-content\/uploads\/2022\/05\/mikulixc.png","datePublished":"2022-05-25T20:09:54+00:00","breadcrumb":{"@id":"https:\/\/radioljubuski.ba\/index.php\/2022\/05\/25\/mikulic-sve-sto-smo-artikulirali-u-sporazumu-pred-medunarodnim-medijatorima-nije-se-postovalo-sda-blokira-procese\/#breadcrumb"},"inLanguage":"hr","potentialAction":[{"@type":"ReadAction","target":["https:\/\/radioljubuski.ba\/index.php\/2022\/05\/25\/mikulic-sve-sto-smo-artikulirali-u-sporazumu-pred-medunarodnim-medijatorima-nije-se-postovalo-sda-blokira-procese\/"]}]},{"@type":"ImageObject","inLanguage":"hr","@id":"https:\/\/radioljubuski.ba\/index.php\/2022\/05\/25\/mikulic-sve-sto-smo-artikulirali-u-sporazumu-pred-medunarodnim-medijatorima-nije-se-postovalo-sda-blokira-procese\/#primaryimage","url":"https:\/\/radioljubuski.ba\/wp-content\/uploads\/2022\/05\/mikulixc.png","contentUrl":"https:\/\/radioljubuski.ba\/wp-content\/uploads\/2022\/05\/mikulixc.png","width":750,"height":431},{"@type":"BreadcrumbList","@id":"https:\/\/radioljubuski.ba\/index.php\/2022\/05\/25\/mikulic-sve-sto-smo-artikulirali-u-sporazumu-pred-medunarodnim-medijatorima-nije-se-postovalo-sda-blokira-procese\/#breadcrumb","itemListElement":[{"@type":"ListItem","position":1,"name":"Po\u010detna stranica","item":"https:\/\/radioljubuski.ba\/"},{"@type":"ListItem","position":2,"name":"Mikuli\u0107: Sve \u0161to smo artikulirali u sporazumu pred me\u0111unarodnim medijatorima nije se po\u0161tovalo, SDA blokira procese"}]},{"@type":"WebSite","@id":"https:\/\/radioljubuski.ba\/#website","url":"https:\/\/radioljubuski.ba\/","name":"Radio Ljubu\u0161ki","description":"Sun\u010dana frekvencija Hercegovine","publisher":{"@id":"https:\/\/radioljubuski.ba\/#organization"},"potentialAction":[{"@type":"SearchAction","target":{"@type":"EntryPoint","urlTemplate":"https:\/\/radioljubuski.ba\/?s={search_term_string}"},"query-input":{"@type":"PropertyValueSpecification","valueRequired":true,"valueName":"search_term_string"}}],"inLanguage":"hr"},{"@type":"Organization","@id":"https:\/\/radioljubuski.ba\/#organization","name":"Radio Ljubu\u0161ki","url":"https:\/\/radioljubuski.ba\/","logo":{"@type":"ImageObject","inLanguage":"hr","@id":"https:\/\/radioljubuski.ba\/#\/schema\/logo\/image\/","url":"https:\/\/radioljubuski.ba\/wp-content\/uploads\/2021\/02\/cropped-Radio_Ljubuski_logo1.jpg","contentUrl":"https:\/\/radioljubuski.ba\/wp-content\/uploads\/2021\/02\/cropped-Radio_Ljubuski_logo1.jpg","width":512,"height":512,"caption":"Radio Ljubu\u0161ki"},"image":{"@id":"https:\/\/radioljubuski.ba\/#\/schema\/logo\/image\/"},"sameAs":["https:\/\/www.facebook.com\/Radiio-Ljubuski-1490835324566332","https:\/\/x.com\/radioljubuski","https:\/\/hr.linkedin.com\/company\/radio-ljubuski","https:\/\/www.youtube.com\/channel\/UCHYaeO_n0Db3tjNGudGpXyw"]},{"@type":"Person","@id":"https:\/\/radioljubuski.ba\/#\/schema\/person\/19fc700381a780f69665d7956c469e3b","name":"Radio Ljubu\u0161ki"}]}},"_links":{"self":[{"href":"https:\/\/radioljubuski.ba\/index.php\/wp-json\/wp\/v2\/posts\/143966","targetHints":{"allow":["GET"]}}],"collection":[{"href":"https:\/\/radioljubuski.ba\/index.php\/wp-json\/wp\/v2\/posts"}],"about":[{"href":"https:\/\/radioljubuski.ba\/index.php\/wp-json\/wp\/v2\/types\/post"}],"author":[{"embeddable":true,"href":"https:\/\/radioljubuski.ba\/index.php\/wp-json\/wp\/v2\/users\/2"}],"replies":[{"embeddable":true,"href":"https:\/\/radioljubuski.ba\/index.php\/wp-json\/wp\/v2\/comments?post=143966"}],"version-history":[{"count":1,"href":"https:\/\/radioljubuski.ba\/index.php\/wp-json\/wp\/v2\/posts\/143966\/revisions"}],"predecessor-version":[{"id":143968,"href":"https:\/\/radioljubuski.ba\/index.php\/wp-json\/wp\/v2\/posts\/143966\/revisions\/143968"}],"wp:featuredmedia":[{"embeddable":true,"href":"https:\/\/radioljubuski.ba\/index.php\/wp-json\/wp\/v2\/media\/143967"}],"wp:attachment":[{"href":"https:\/\/radioljubuski.ba\/index.php\/wp-json\/wp\/v2\/media?parent=143966"}],"wp:term":[{"taxonomy":"category","embeddable":true,"href":"https:\/\/radioljubuski.ba\/index.php\/wp-json\/wp\/v2\/categories?post=143966"},{"taxonomy":"post_tag","embeddable":true,"href":"https:\/\/radioljubuski.ba\/index.php\/wp-json\/wp\/v2\/tags?post=143966"}],"curies":[{"name":"wp","href":"https:\/\/api.w.org\/{rel}","templated":true}]}}