{"id":143972,"date":"2022-05-25T21:13:08","date_gmt":"2022-05-25T20:13:08","guid":{"rendered":"https:\/\/radioljubuski.ba\/?p=143972"},"modified":"2022-05-25T21:13:09","modified_gmt":"2022-05-25T20:13:09","slug":"vuk-i-kozlici-u-lutkarskom-kazalistu","status":"publish","type":"post","link":"https:\/\/radioljubuski.ba\/index.php\/2022\/05\/25\/vuk-i-kozlici-u-lutkarskom-kazalistu\/","title":{"rendered":"\u201dVuk i kozli\u0107i\u201d u Lutkarskom kazali\u0161tu"},"content":{"rendered":"\n<p><strong>Ovoga tjedna u Lutkarskom kazali\u0161tu Mostar publika \u0107e imati priliku pogledati predstavu Vuk i kozli\u0107i.<\/strong><\/p>\n\n\n\n<p>Predstava \u0107e se igrati u dva termina, u petak 27.5. u 18 sati i u subotu 28.5. u 11 sati.<\/p>\n\n\n\n<p>Dobro poznati likovi majka koza i njezina dje\u010dica \u2013 kozli\u0107i, te stra\u0161ni (smije\u0161ni) vuk ispri\u010dati \u0107e vam pri\u010du o dobru i zlu, o prijateljstvu i jo\u0161 po ne\u010demu, ali na jedan neobi\u010dan i duhovit na\u010din.<\/p>\n\n\n\n<p>U predstavi igraju: Tibor Ore\u010d, Jadranka Popovi\u0107 Miljko, Ivan Nevjesti\u0107, Marta Haubirch i Anela Planini\u0107 \u0160kutor. Cijena ulaznice je 4 KM. Budu\u0107i da je broj posjetitelja ograni\u010den iz Lutkjarskog kazali\u0161ta mole da osigurate svoje mjesto rezervacijom na broj telefona 036 314 893 svaki radni dan od 9 do 14 sati ili putem njihove slu\u017ebene Facebook stranice tako\u0111er svaki radni dan od 9 do 14 sati.<\/p>\n\n\n\n<p>Napomena: Va\u0161e rezervirane ulaznice preuzimate najkasnije 15 minuta prije po\u010detka predstave, u suprotnom rezervacija se poni\u0161tava. Nakon po\u010detka predstave nije mogu\u0107 ulazak u dvoranu.<\/p>\n\n\n\n<p>\/HMS\/<\/p>\n","protected":false},"excerpt":{"rendered":"<p>Ovoga tjedna u Lutkarskom kazali\u0161tu Mostar publika \u0107e imati priliku pogledati predstavu Vuk i kozli\u0107i. Predstava \u0107e se igrati u dva termina, u petak 27.5. u 18 sati i u subotu 28.5. u 11 sati. Dobro poznati likovi majka koza i njezina dje\u010dica \u2013 kozli\u0107i, te stra\u0161ni (smije\u0161ni) vuk ispri\u010dati \u0107e vam pri\u010du o dobru [&hellip;]<\/p>\n","protected":false},"author":2,"featured_media":143973,"comment_status":"closed","ping_status":"closed","sticky":false,"template":"","format":"standard","meta":{"h5ap_radio_sources":[],"footnotes":""},"categories":[1],"tags":[],"class_list":["post-143972","post","type-post","status-publish","format-standard","has-post-thumbnail","hentry","category-bihiregija"],"yoast_head":"<!-- This site is optimized with the Yoast SEO plugin v27.5 - https:\/\/yoast.com\/product\/yoast-seo-wordpress\/ -->\n<title>\u201dVuk i kozli\u0107i\u201d u Lutkarskom kazali\u0161tu - RADIO LJUBU\u0160KI<\/title>\n<meta name=\"robots\" content=\"index, follow, max-snippet:-1, max-image-preview:large, max-video-preview:-1\" \/>\n<link rel=\"canonical\" href=\"https:\/\/radioljubuski.ba\/index.php\/2022\/05\/25\/vuk-i-kozlici-u-lutkarskom-kazalistu\/\" \/>\n<meta property=\"og:locale\" content=\"hr_HR\" \/>\n<meta property=\"og:type\" content=\"article\" \/>\n<meta property=\"og:title\" content=\"\u201dVuk i kozli\u0107i\u201d u Lutkarskom kazali\u0161tu - RADIO LJUBU\u0160KI\" \/>\n<meta property=\"og:description\" content=\"Ovoga tjedna u Lutkarskom kazali\u0161tu Mostar publika \u0107e imati priliku pogledati predstavu Vuk i kozli\u0107i. Predstava \u0107e se igrati u dva termina, u petak 27.5. u 18 sati i u subotu 28.5. u 11 sati. Dobro poznati likovi majka koza i njezina dje\u010dica \u2013 kozli\u0107i, te stra\u0161ni (smije\u0161ni) vuk ispri\u010dati \u0107e vam pri\u010du o dobru [&hellip;]\" \/>\n<meta property=\"og:url\" content=\"https:\/\/radioljubuski.ba\/index.php\/2022\/05\/25\/vuk-i-kozlici-u-lutkarskom-kazalistu\/\" \/>\n<meta property=\"og:site_name\" content=\"RADIO LJUBU\u0160KI\" \/>\n<meta property=\"article:publisher\" content=\"https:\/\/www.facebook.com\/Radiio-Ljubuski-1490835324566332\" \/>\n<meta property=\"article:published_time\" content=\"2022-05-25T20:13:08+00:00\" \/>\n<meta property=\"article:modified_time\" content=\"2022-05-25T20:13:09+00:00\" \/>\n<meta property=\"og:image\" content=\"https:\/\/radioljubuski.ba\/wp-content\/uploads\/2022\/05\/vuk-i-kozlici.jpg\" \/>\n\t<meta property=\"og:image:width\" content=\"800\" \/>\n\t<meta property=\"og:image:height\" content=\"550\" \/>\n\t<meta property=\"og:image:type\" content=\"image\/jpeg\" \/>\n<meta name=\"author\" content=\"Radio Ljubu\u0161ki\" \/>\n<meta name=\"twitter:card\" content=\"summary_large_image\" \/>\n<meta name=\"twitter:creator\" content=\"@radioljubuski\" \/>\n<meta name=\"twitter:site\" content=\"@radioljubuski\" \/>\n<meta name=\"twitter:label1\" content=\"Napisao\/la\" \/>\n\t<meta name=\"twitter:data1\" content=\"Radio Ljubu\u0161ki\" \/>\n\t<meta name=\"twitter:label2\" content=\"Procijenjeno vrijeme \u010ditanja\" \/>\n\t<meta name=\"twitter:data2\" content=\"1 minuta\" \/>\n<script type=\"application\/ld+json\" class=\"yoast-schema-graph\">{\"@context\":\"https:\\\/\\\/schema.org\",\"@graph\":[{\"@type\":\"Article\",\"@id\":\"https:\\\/\\\/radioljubuski.ba\\\/index.php\\\/2022\\\/05\\\/25\\\/vuk-i-kozlici-u-lutkarskom-kazalistu\\\/#article\",\"isPartOf\":{\"@id\":\"https:\\\/\\\/radioljubuski.ba\\\/index.php\\\/2022\\\/05\\\/25\\\/vuk-i-kozlici-u-lutkarskom-kazalistu\\\/\"},\"author\":{\"name\":\"Radio Ljubu\u0161ki\",\"@id\":\"https:\\\/\\\/radioljubuski.ba\\\/#\\\/schema\\\/person\\\/19fc700381a780f69665d7956c469e3b\"},\"headline\":\"\u201dVuk i kozli\u0107i\u201d u Lutkarskom kazali\u0161tu\",\"datePublished\":\"2022-05-25T20:13:08+00:00\",\"dateModified\":\"2022-05-25T20:13:09+00:00\",\"mainEntityOfPage\":{\"@id\":\"https:\\\/\\\/radioljubuski.ba\\\/index.php\\\/2022\\\/05\\\/25\\\/vuk-i-kozlici-u-lutkarskom-kazalistu\\\/\"},\"wordCount\":174,\"publisher\":{\"@id\":\"https:\\\/\\\/radioljubuski.ba\\\/#organization\"},\"image\":{\"@id\":\"https:\\\/\\\/radioljubuski.ba\\\/index.php\\\/2022\\\/05\\\/25\\\/vuk-i-kozlici-u-lutkarskom-kazalistu\\\/#primaryimage\"},\"thumbnailUrl\":\"https:\\\/\\\/radioljubuski.ba\\\/wp-content\\\/uploads\\\/2022\\\/05\\\/vuk-i-kozlici.jpg\",\"articleSection\":[\"BIH i regija\"],\"inLanguage\":\"hr\"},{\"@type\":\"WebPage\",\"@id\":\"https:\\\/\\\/radioljubuski.ba\\\/index.php\\\/2022\\\/05\\\/25\\\/vuk-i-kozlici-u-lutkarskom-kazalistu\\\/\",\"url\":\"https:\\\/\\\/radioljubuski.ba\\\/index.php\\\/2022\\\/05\\\/25\\\/vuk-i-kozlici-u-lutkarskom-kazalistu\\\/\",\"name\":\"\u201dVuk i kozli\u0107i\u201d u Lutkarskom kazali\u0161tu - RADIO LJUBU\u0160KI\",\"isPartOf\":{\"@id\":\"https:\\\/\\\/radioljubuski.ba\\\/#website\"},\"primaryImageOfPage\":{\"@id\":\"https:\\\/\\\/radioljubuski.ba\\\/index.php\\\/2022\\\/05\\\/25\\\/vuk-i-kozlici-u-lutkarskom-kazalistu\\\/#primaryimage\"},\"image\":{\"@id\":\"https:\\\/\\\/radioljubuski.ba\\\/index.php\\\/2022\\\/05\\\/25\\\/vuk-i-kozlici-u-lutkarskom-kazalistu\\\/#primaryimage\"},\"thumbnailUrl\":\"https:\\\/\\\/radioljubuski.ba\\\/wp-content\\\/uploads\\\/2022\\\/05\\\/vuk-i-kozlici.jpg\",\"datePublished\":\"2022-05-25T20:13:08+00:00\",\"dateModified\":\"2022-05-25T20:13:09+00:00\",\"breadcrumb\":{\"@id\":\"https:\\\/\\\/radioljubuski.ba\\\/index.php\\\/2022\\\/05\\\/25\\\/vuk-i-kozlici-u-lutkarskom-kazalistu\\\/#breadcrumb\"},\"inLanguage\":\"hr\",\"potentialAction\":[{\"@type\":\"ReadAction\",\"target\":[\"https:\\\/\\\/radioljubuski.ba\\\/index.php\\\/2022\\\/05\\\/25\\\/vuk-i-kozlici-u-lutkarskom-kazalistu\\\/\"]}]},{\"@type\":\"ImageObject\",\"inLanguage\":\"hr\",\"@id\":\"https:\\\/\\\/radioljubuski.ba\\\/index.php\\\/2022\\\/05\\\/25\\\/vuk-i-kozlici-u-lutkarskom-kazalistu\\\/#primaryimage\",\"url\":\"https:\\\/\\\/radioljubuski.ba\\\/wp-content\\\/uploads\\\/2022\\\/05\\\/vuk-i-kozlici.jpg\",\"contentUrl\":\"https:\\\/\\\/radioljubuski.ba\\\/wp-content\\\/uploads\\\/2022\\\/05\\\/vuk-i-kozlici.jpg\",\"width\":800,\"height\":550},{\"@type\":\"BreadcrumbList\",\"@id\":\"https:\\\/\\\/radioljubuski.ba\\\/index.php\\\/2022\\\/05\\\/25\\\/vuk-i-kozlici-u-lutkarskom-kazalistu\\\/#breadcrumb\",\"itemListElement\":[{\"@type\":\"ListItem\",\"position\":1,\"name\":\"Po\u010detna stranica\",\"item\":\"https:\\\/\\\/radioljubuski.ba\\\/\"},{\"@type\":\"ListItem\",\"position\":2,\"name\":\"\u201dVuk i kozli\u0107i\u201d u Lutkarskom kazali\u0161tu\"}]},{\"@type\":\"WebSite\",\"@id\":\"https:\\\/\\\/radioljubuski.ba\\\/#website\",\"url\":\"https:\\\/\\\/radioljubuski.ba\\\/\",\"name\":\"Radio Ljubu\u0161ki\",\"description\":\"Sun\u010dana frekvencija Hercegovine\",\"publisher\":{\"@id\":\"https:\\\/\\\/radioljubuski.ba\\\/#organization\"},\"potentialAction\":[{\"@type\":\"SearchAction\",\"target\":{\"@type\":\"EntryPoint\",\"urlTemplate\":\"https:\\\/\\\/radioljubuski.ba\\\/?s={search_term_string}\"},\"query-input\":{\"@type\":\"PropertyValueSpecification\",\"valueRequired\":true,\"valueName\":\"search_term_string\"}}],\"inLanguage\":\"hr\"},{\"@type\":\"Organization\",\"@id\":\"https:\\\/\\\/radioljubuski.ba\\\/#organization\",\"name\":\"Radio Ljubu\u0161ki\",\"url\":\"https:\\\/\\\/radioljubuski.ba\\\/\",\"logo\":{\"@type\":\"ImageObject\",\"inLanguage\":\"hr\",\"@id\":\"https:\\\/\\\/radioljubuski.ba\\\/#\\\/schema\\\/logo\\\/image\\\/\",\"url\":\"https:\\\/\\\/radioljubuski.ba\\\/wp-content\\\/uploads\\\/2021\\\/02\\\/cropped-Radio_Ljubuski_logo1.jpg\",\"contentUrl\":\"https:\\\/\\\/radioljubuski.ba\\\/wp-content\\\/uploads\\\/2021\\\/02\\\/cropped-Radio_Ljubuski_logo1.jpg\",\"width\":512,\"height\":512,\"caption\":\"Radio Ljubu\u0161ki\"},\"image\":{\"@id\":\"https:\\\/\\\/radioljubuski.ba\\\/#\\\/schema\\\/logo\\\/image\\\/\"},\"sameAs\":[\"https:\\\/\\\/www.facebook.com\\\/Radiio-Ljubuski-1490835324566332\",\"https:\\\/\\\/x.com\\\/radioljubuski\",\"https:\\\/\\\/hr.linkedin.com\\\/company\\\/radio-ljubuski\",\"https:\\\/\\\/www.youtube.com\\\/channel\\\/UCHYaeO_n0Db3tjNGudGpXyw\"]},{\"@type\":\"Person\",\"@id\":\"https:\\\/\\\/radioljubuski.ba\\\/#\\\/schema\\\/person\\\/19fc700381a780f69665d7956c469e3b\",\"name\":\"Radio Ljubu\u0161ki\"}]}<\/script>\n<!-- \/ Yoast SEO plugin. -->","yoast_head_json":{"title":"\u201dVuk i kozli\u0107i\u201d u Lutkarskom kazali\u0161tu - RADIO LJUBU\u0160KI","robots":{"index":"index","follow":"follow","max-snippet":"max-snippet:-1","max-image-preview":"max-image-preview:large","max-video-preview":"max-video-preview:-1"},"canonical":"https:\/\/radioljubuski.ba\/index.php\/2022\/05\/25\/vuk-i-kozlici-u-lutkarskom-kazalistu\/","og_locale":"hr_HR","og_type":"article","og_title":"\u201dVuk i kozli\u0107i\u201d u Lutkarskom kazali\u0161tu - RADIO LJUBU\u0160KI","og_description":"Ovoga tjedna u Lutkarskom kazali\u0161tu Mostar publika \u0107e imati priliku pogledati predstavu Vuk i kozli\u0107i. Predstava \u0107e se igrati u dva termina, u petak 27.5. u 18 sati i u subotu 28.5. u 11 sati. Dobro poznati likovi majka koza i njezina dje\u010dica \u2013 kozli\u0107i, te stra\u0161ni (smije\u0161ni) vuk ispri\u010dati \u0107e vam pri\u010du o dobru [&hellip;]","og_url":"https:\/\/radioljubuski.ba\/index.php\/2022\/05\/25\/vuk-i-kozlici-u-lutkarskom-kazalistu\/","og_site_name":"RADIO LJUBU\u0160KI","article_publisher":"https:\/\/www.facebook.com\/Radiio-Ljubuski-1490835324566332","article_published_time":"2022-05-25T20:13:08+00:00","article_modified_time":"2022-05-25T20:13:09+00:00","og_image":[{"width":800,"height":550,"url":"https:\/\/radioljubuski.ba\/wp-content\/uploads\/2022\/05\/vuk-i-kozlici.jpg","type":"image\/jpeg"}],"author":"Radio Ljubu\u0161ki","twitter_card":"summary_large_image","twitter_creator":"@radioljubuski","twitter_site":"@radioljubuski","twitter_misc":{"Napisao\/la":"Radio Ljubu\u0161ki","Procijenjeno vrijeme \u010ditanja":"1 minuta"},"schema":{"@context":"https:\/\/schema.org","@graph":[{"@type":"Article","@id":"https:\/\/radioljubuski.ba\/index.php\/2022\/05\/25\/vuk-i-kozlici-u-lutkarskom-kazalistu\/#article","isPartOf":{"@id":"https:\/\/radioljubuski.ba\/index.php\/2022\/05\/25\/vuk-i-kozlici-u-lutkarskom-kazalistu\/"},"author":{"name":"Radio Ljubu\u0161ki","@id":"https:\/\/radioljubuski.ba\/#\/schema\/person\/19fc700381a780f69665d7956c469e3b"},"headline":"\u201dVuk i kozli\u0107i\u201d u Lutkarskom kazali\u0161tu","datePublished":"2022-05-25T20:13:08+00:00","dateModified":"2022-05-25T20:13:09+00:00","mainEntityOfPage":{"@id":"https:\/\/radioljubuski.ba\/index.php\/2022\/05\/25\/vuk-i-kozlici-u-lutkarskom-kazalistu\/"},"wordCount":174,"publisher":{"@id":"https:\/\/radioljubuski.ba\/#organization"},"image":{"@id":"https:\/\/radioljubuski.ba\/index.php\/2022\/05\/25\/vuk-i-kozlici-u-lutkarskom-kazalistu\/#primaryimage"},"thumbnailUrl":"https:\/\/radioljubuski.ba\/wp-content\/uploads\/2022\/05\/vuk-i-kozlici.jpg","articleSection":["BIH i regija"],"inLanguage":"hr"},{"@type":"WebPage","@id":"https:\/\/radioljubuski.ba\/index.php\/2022\/05\/25\/vuk-i-kozlici-u-lutkarskom-kazalistu\/","url":"https:\/\/radioljubuski.ba\/index.php\/2022\/05\/25\/vuk-i-kozlici-u-lutkarskom-kazalistu\/","name":"\u201dVuk i kozli\u0107i\u201d u Lutkarskom kazali\u0161tu - RADIO LJUBU\u0160KI","isPartOf":{"@id":"https:\/\/radioljubuski.ba\/#website"},"primaryImageOfPage":{"@id":"https:\/\/radioljubuski.ba\/index.php\/2022\/05\/25\/vuk-i-kozlici-u-lutkarskom-kazalistu\/#primaryimage"},"image":{"@id":"https:\/\/radioljubuski.ba\/index.php\/2022\/05\/25\/vuk-i-kozlici-u-lutkarskom-kazalistu\/#primaryimage"},"thumbnailUrl":"https:\/\/radioljubuski.ba\/wp-content\/uploads\/2022\/05\/vuk-i-kozlici.jpg","datePublished":"2022-05-25T20:13:08+00:00","dateModified":"2022-05-25T20:13:09+00:00","breadcrumb":{"@id":"https:\/\/radioljubuski.ba\/index.php\/2022\/05\/25\/vuk-i-kozlici-u-lutkarskom-kazalistu\/#breadcrumb"},"inLanguage":"hr","potentialAction":[{"@type":"ReadAction","target":["https:\/\/radioljubuski.ba\/index.php\/2022\/05\/25\/vuk-i-kozlici-u-lutkarskom-kazalistu\/"]}]},{"@type":"ImageObject","inLanguage":"hr","@id":"https:\/\/radioljubuski.ba\/index.php\/2022\/05\/25\/vuk-i-kozlici-u-lutkarskom-kazalistu\/#primaryimage","url":"https:\/\/radioljubuski.ba\/wp-content\/uploads\/2022\/05\/vuk-i-kozlici.jpg","contentUrl":"https:\/\/radioljubuski.ba\/wp-content\/uploads\/2022\/05\/vuk-i-kozlici.jpg","width":800,"height":550},{"@type":"BreadcrumbList","@id":"https:\/\/radioljubuski.ba\/index.php\/2022\/05\/25\/vuk-i-kozlici-u-lutkarskom-kazalistu\/#breadcrumb","itemListElement":[{"@type":"ListItem","position":1,"name":"Po\u010detna stranica","item":"https:\/\/radioljubuski.ba\/"},{"@type":"ListItem","position":2,"name":"\u201dVuk i kozli\u0107i\u201d u Lutkarskom kazali\u0161tu"}]},{"@type":"WebSite","@id":"https:\/\/radioljubuski.ba\/#website","url":"https:\/\/radioljubuski.ba\/","name":"Radio Ljubu\u0161ki","description":"Sun\u010dana frekvencija Hercegovine","publisher":{"@id":"https:\/\/radioljubuski.ba\/#organization"},"potentialAction":[{"@type":"SearchAction","target":{"@type":"EntryPoint","urlTemplate":"https:\/\/radioljubuski.ba\/?s={search_term_string}"},"query-input":{"@type":"PropertyValueSpecification","valueRequired":true,"valueName":"search_term_string"}}],"inLanguage":"hr"},{"@type":"Organization","@id":"https:\/\/radioljubuski.ba\/#organization","name":"Radio Ljubu\u0161ki","url":"https:\/\/radioljubuski.ba\/","logo":{"@type":"ImageObject","inLanguage":"hr","@id":"https:\/\/radioljubuski.ba\/#\/schema\/logo\/image\/","url":"https:\/\/radioljubuski.ba\/wp-content\/uploads\/2021\/02\/cropped-Radio_Ljubuski_logo1.jpg","contentUrl":"https:\/\/radioljubuski.ba\/wp-content\/uploads\/2021\/02\/cropped-Radio_Ljubuski_logo1.jpg","width":512,"height":512,"caption":"Radio Ljubu\u0161ki"},"image":{"@id":"https:\/\/radioljubuski.ba\/#\/schema\/logo\/image\/"},"sameAs":["https:\/\/www.facebook.com\/Radiio-Ljubuski-1490835324566332","https:\/\/x.com\/radioljubuski","https:\/\/hr.linkedin.com\/company\/radio-ljubuski","https:\/\/www.youtube.com\/channel\/UCHYaeO_n0Db3tjNGudGpXyw"]},{"@type":"Person","@id":"https:\/\/radioljubuski.ba\/#\/schema\/person\/19fc700381a780f69665d7956c469e3b","name":"Radio Ljubu\u0161ki"}]}},"_links":{"self":[{"href":"https:\/\/radioljubuski.ba\/index.php\/wp-json\/wp\/v2\/posts\/143972","targetHints":{"allow":["GET"]}}],"collection":[{"href":"https:\/\/radioljubuski.ba\/index.php\/wp-json\/wp\/v2\/posts"}],"about":[{"href":"https:\/\/radioljubuski.ba\/index.php\/wp-json\/wp\/v2\/types\/post"}],"author":[{"embeddable":true,"href":"https:\/\/radioljubuski.ba\/index.php\/wp-json\/wp\/v2\/users\/2"}],"replies":[{"embeddable":true,"href":"https:\/\/radioljubuski.ba\/index.php\/wp-json\/wp\/v2\/comments?post=143972"}],"version-history":[{"count":1,"href":"https:\/\/radioljubuski.ba\/index.php\/wp-json\/wp\/v2\/posts\/143972\/revisions"}],"predecessor-version":[{"id":143974,"href":"https:\/\/radioljubuski.ba\/index.php\/wp-json\/wp\/v2\/posts\/143972\/revisions\/143974"}],"wp:featuredmedia":[{"embeddable":true,"href":"https:\/\/radioljubuski.ba\/index.php\/wp-json\/wp\/v2\/media\/143973"}],"wp:attachment":[{"href":"https:\/\/radioljubuski.ba\/index.php\/wp-json\/wp\/v2\/media?parent=143972"}],"wp:term":[{"taxonomy":"category","embeddable":true,"href":"https:\/\/radioljubuski.ba\/index.php\/wp-json\/wp\/v2\/categories?post=143972"},{"taxonomy":"post_tag","embeddable":true,"href":"https:\/\/radioljubuski.ba\/index.php\/wp-json\/wp\/v2\/tags?post=143972"}],"curies":[{"name":"wp","href":"https:\/\/api.w.org\/{rel}","templated":true}]}}