{"id":144006,"date":"2022-05-26T08:22:03","date_gmt":"2022-05-26T07:22:03","guid":{"rendered":"https:\/\/radioljubuski.ba\/?p=144006"},"modified":"2022-05-26T08:22:04","modified_gmt":"2022-05-26T07:22:04","slug":"obrvan-zasluzili-smo-naslov","status":"publish","type":"post","link":"https:\/\/radioljubuski.ba\/index.php\/2022\/05\/26\/obrvan-zasluzili-smo-naslov\/","title":{"rendered":"Obrvan: Zaslu\u017eili smo naslov"},"content":{"rendered":"\n<p>Rukometa\u0161i Prvog plinarskog dru\u0161tva Zagreb po 30. put su postali prvaci Hrvatske nakon \u0161to su u Na\u0161icama pobijedili Nexe sa 26-24 i u me\u0111usobnim susretima osvojili \u0161est bodova potrebnih za titulu.<\/p>\n\n\n\n<p>Podsjetimo, izmijenjenim sustavom natjecanja prvak Hrvatske postala je ona ekipa koja je prva stigla do \u0161est osvojenih bodova.<\/p>\n\n\n\n<p>Nexe i PPD su prvi put ove sezone igrali 26. o\u017eujka u Na\u0161icama, a slavili su doma\u0107ini sa 30-29 nanijev\u0161i Zagrebu prvi poraz u prvenstvu u 15 godina. Zagrep\u010dani su uzvratili sa 25-16 po\u010detkom svibnja, a 21. svibnja pobjedom 31-26 u Kutiji \u0161ibica stigli do vodstva 4-2 u bodovima. Aktualni hrvatski prvak iskoristio je prvu me\u010d loptu i dana\u0161njom pobjedom 26-24 stigao do \u0161est potrebnih bodova.<\/p>\n\n\n\n<p>&#8211; Ova titula je apsolutno zaslu\u017eena, bila je ovo \u010detvrta pobjeda u nizu protiv Nexea. Utakmicu smo kontrolirali od prve do 50. minute, imali smo \u0161est razlike i napad za +7. Tada je do\u0161lo do malo opu\u0161tanja u paklenoj i vru\u0107oj atmosfri. Ne sje\u0107am se kada sam zadnji put sudjelovao u ovakvom ambijentu od navijanja i temperature, kazao je trener pobjedni\u010dkog sastava&nbsp;<strong>Ivica Obrvan<\/strong>.<\/p>\n\n\n\n<p>Kada je Zagreb u posljednjih deset minuta u\u0161ao sa \u0161est pogodaka prednosti \u010dinilo se kako je pitanje pobjednika rije\u0161eno. Me\u0111utim, uslijedila je drama. Nexe se \u010dudesno vratio i serijom 5-0 stigao na gol zaostatka pet minuta do kraja (23-24) i utakmica je razrije\u0161ena nakon neizvjesne zavr\u0161nice.<\/p>\n\n\n\n<p>&#8211; Utakmica se na kraju malo zakuhala, no zaslu\u017eili smo ovaj rezultat, dodao je Obrvan.<\/p>\n\n\n\n<p>Nove stare prvak je do pobjede predvodio<strong>&nbsp;Ivan \u010cupi\u0107<\/strong>&nbsp;sa 10 golova.<\/p>\n\n\n\n<p>&#8211; Slavimo danas, prvaci smo. Bila je super utakmica, pravi derbi. Znali smo da u Na\u0161icama nije lako igrati. Bila je lijepa atmosfera, puna dvorana, bilo je i puno nervoze i stresa. Pokazali smo karakter i radujemo se ovom trijumfu, kazao je.<\/p>\n\n\n\n<p>&#8220;O\u010dekivali smo tvrdu i \u010dvrstu utakmicu, s malim brojem golova, ali dobro smo se psihi\u010dki pripremili. U samoj zavr\u0161nici smo se malo i opustili, na kraju smo skoro spa\u0161avali \u017eivu glavu. No, najva\u017enije je \u0161to titula ostaje u Zagrebu,&#8221; dodao je&nbsp;<strong>Dino Slavi\u0107<\/strong>&nbsp;koji je sakupio 10 obrana.<\/p>\n\n\n\n<p>Kod Nexea najefikasniji je bio<strong>&nbsp;Meli\u0107<\/strong>&nbsp;sa \u0161est golova,&nbsp;<strong>Mano Tomi\u0107<\/strong>&nbsp;je dodao \u010detiri gola, a&nbsp;<strong>Marin Jelini\u0107 i Luka Moslavac<\/strong>&nbsp;po tri gola. Najbolji igra\u010d Nexea&nbsp;<strong>Halila Jaganjac&nbsp;<\/strong>je utakmicu otvorio sa \u010detiri proma\u0161aja, a potom se u 10. minuti ozlijedio i vi\u0161e nije ulazio u igru \u0161to je bio veliki hendikep za doma\u0107i sastav.<\/p>\n\n\n\n<p>&#8211; Iskrenuo sam zglob, bila je to nesre\u0107a. Krivo sam stao, na to se ne mo\u017ee utjecati, kazao je Jaganjac.<\/p>\n\n\n\n<p>&#8211; Dao bih sve da sam mogao pomo\u0107i de\u010dkima. Imali smo \u0161anse pred predivnom publikom napraviti dobar rezultat, ali na\u017ealost nismo uspjeli. Tu\u017ean sam, ali imamo jo\u0161 Final Four, dodao je.<\/p>\n\n\n\n<p>&#8211; Bila je to tvrda utakmica, kao \u0161to smo i o\u010dekivali. Nedostajalo nam je sigurnosti u zicerima, dosta smo ih proma\u0161ili. Borili smo se, ali nismo uspjeli, istaknuo je Jelini\u0107.\u00a0<\/p>\n\n\n\n<p>izvor: hrt.hr<\/p>\n","protected":false},"excerpt":{"rendered":"<p>Rukometa\u0161i Prvog plinarskog dru\u0161tva Zagreb po 30. put su postali prvaci Hrvatske nakon \u0161to su u Na\u0161icama pobijedili Nexe sa 26-24 i u me\u0111usobnim susretima osvojili \u0161est bodova potrebnih za titulu. Podsjetimo, izmijenjenim sustavom natjecanja prvak Hrvatske postala je ona ekipa koja je prva stigla do \u0161est osvojenih bodova. Nexe i PPD su prvi put [&hellip;]<\/p>\n","protected":false},"author":2,"featured_media":144007,"comment_status":"closed","ping_status":"closed","sticky":false,"template":"","format":"standard","meta":{"h5ap_radio_sources":[],"footnotes":""},"categories":[7],"tags":[],"class_list":["post-144006","post","type-post","status-publish","format-standard","has-post-thumbnail","hentry","category-sport"],"yoast_head":"<!-- This site is optimized with the Yoast SEO plugin v27.5 - https:\/\/yoast.com\/product\/yoast-seo-wordpress\/ -->\n<title>Obrvan: Zaslu\u017eili smo naslov - RADIO LJUBU\u0160KI<\/title>\n<meta name=\"robots\" content=\"index, follow, max-snippet:-1, max-image-preview:large, max-video-preview:-1\" \/>\n<link rel=\"canonical\" href=\"https:\/\/radioljubuski.ba\/index.php\/2022\/05\/26\/obrvan-zasluzili-smo-naslov\/\" \/>\n<meta property=\"og:locale\" content=\"hr_HR\" \/>\n<meta property=\"og:type\" content=\"article\" \/>\n<meta property=\"og:title\" content=\"Obrvan: Zaslu\u017eili smo naslov - RADIO LJUBU\u0160KI\" \/>\n<meta property=\"og:description\" content=\"Rukometa\u0161i Prvog plinarskog dru\u0161tva Zagreb po 30. put su postali prvaci Hrvatske nakon \u0161to su u Na\u0161icama pobijedili Nexe sa 26-24 i u me\u0111usobnim susretima osvojili \u0161est bodova potrebnih za titulu. Podsjetimo, izmijenjenim sustavom natjecanja prvak Hrvatske postala je ona ekipa koja je prva stigla do \u0161est osvojenih bodova. Nexe i PPD su prvi put [&hellip;]\" \/>\n<meta property=\"og:url\" content=\"https:\/\/radioljubuski.ba\/index.php\/2022\/05\/26\/obrvan-zasluzili-smo-naslov\/\" \/>\n<meta property=\"og:site_name\" content=\"RADIO LJUBU\u0160KI\" \/>\n<meta property=\"article:publisher\" content=\"https:\/\/www.facebook.com\/Radiio-Ljubuski-1490835324566332\" \/>\n<meta property=\"article:published_time\" content=\"2022-05-26T07:22:03+00:00\" \/>\n<meta property=\"article:modified_time\" content=\"2022-05-26T07:22:04+00:00\" \/>\n<meta property=\"og:image\" content=\"https:\/\/radioljubuski.ba\/wp-content\/uploads\/2022\/05\/obrvan.jpg\" \/>\n\t<meta property=\"og:image:width\" content=\"275\" \/>\n\t<meta property=\"og:image:height\" content=\"183\" \/>\n\t<meta property=\"og:image:type\" content=\"image\/jpeg\" \/>\n<meta name=\"author\" content=\"Radio Ljubu\u0161ki\" \/>\n<meta name=\"twitter:card\" content=\"summary_large_image\" \/>\n<meta name=\"twitter:creator\" content=\"@radioljubuski\" \/>\n<meta name=\"twitter:site\" content=\"@radioljubuski\" \/>\n<meta name=\"twitter:label1\" content=\"Napisao\/la\" \/>\n\t<meta name=\"twitter:data1\" content=\"Radio Ljubu\u0161ki\" \/>\n\t<meta name=\"twitter:label2\" content=\"Procijenjeno vrijeme \u010ditanja\" \/>\n\t<meta name=\"twitter:data2\" content=\"3 minute\" \/>\n<script type=\"application\/ld+json\" class=\"yoast-schema-graph\">{\"@context\":\"https:\\\/\\\/schema.org\",\"@graph\":[{\"@type\":\"Article\",\"@id\":\"https:\\\/\\\/radioljubuski.ba\\\/index.php\\\/2022\\\/05\\\/26\\\/obrvan-zasluzili-smo-naslov\\\/#article\",\"isPartOf\":{\"@id\":\"https:\\\/\\\/radioljubuski.ba\\\/index.php\\\/2022\\\/05\\\/26\\\/obrvan-zasluzili-smo-naslov\\\/\"},\"author\":{\"name\":\"Radio Ljubu\u0161ki\",\"@id\":\"https:\\\/\\\/radioljubuski.ba\\\/#\\\/schema\\\/person\\\/19fc700381a780f69665d7956c469e3b\"},\"headline\":\"Obrvan: Zaslu\u017eili smo naslov\",\"datePublished\":\"2022-05-26T07:22:03+00:00\",\"dateModified\":\"2022-05-26T07:22:04+00:00\",\"mainEntityOfPage\":{\"@id\":\"https:\\\/\\\/radioljubuski.ba\\\/index.php\\\/2022\\\/05\\\/26\\\/obrvan-zasluzili-smo-naslov\\\/\"},\"wordCount\":531,\"publisher\":{\"@id\":\"https:\\\/\\\/radioljubuski.ba\\\/#organization\"},\"image\":{\"@id\":\"https:\\\/\\\/radioljubuski.ba\\\/index.php\\\/2022\\\/05\\\/26\\\/obrvan-zasluzili-smo-naslov\\\/#primaryimage\"},\"thumbnailUrl\":\"https:\\\/\\\/radioljubuski.ba\\\/wp-content\\\/uploads\\\/2022\\\/05\\\/obrvan.jpg\",\"articleSection\":[\"\u0160port\"],\"inLanguage\":\"hr\"},{\"@type\":\"WebPage\",\"@id\":\"https:\\\/\\\/radioljubuski.ba\\\/index.php\\\/2022\\\/05\\\/26\\\/obrvan-zasluzili-smo-naslov\\\/\",\"url\":\"https:\\\/\\\/radioljubuski.ba\\\/index.php\\\/2022\\\/05\\\/26\\\/obrvan-zasluzili-smo-naslov\\\/\",\"name\":\"Obrvan: Zaslu\u017eili smo naslov - RADIO LJUBU\u0160KI\",\"isPartOf\":{\"@id\":\"https:\\\/\\\/radioljubuski.ba\\\/#website\"},\"primaryImageOfPage\":{\"@id\":\"https:\\\/\\\/radioljubuski.ba\\\/index.php\\\/2022\\\/05\\\/26\\\/obrvan-zasluzili-smo-naslov\\\/#primaryimage\"},\"image\":{\"@id\":\"https:\\\/\\\/radioljubuski.ba\\\/index.php\\\/2022\\\/05\\\/26\\\/obrvan-zasluzili-smo-naslov\\\/#primaryimage\"},\"thumbnailUrl\":\"https:\\\/\\\/radioljubuski.ba\\\/wp-content\\\/uploads\\\/2022\\\/05\\\/obrvan.jpg\",\"datePublished\":\"2022-05-26T07:22:03+00:00\",\"dateModified\":\"2022-05-26T07:22:04+00:00\",\"breadcrumb\":{\"@id\":\"https:\\\/\\\/radioljubuski.ba\\\/index.php\\\/2022\\\/05\\\/26\\\/obrvan-zasluzili-smo-naslov\\\/#breadcrumb\"},\"inLanguage\":\"hr\",\"potentialAction\":[{\"@type\":\"ReadAction\",\"target\":[\"https:\\\/\\\/radioljubuski.ba\\\/index.php\\\/2022\\\/05\\\/26\\\/obrvan-zasluzili-smo-naslov\\\/\"]}]},{\"@type\":\"ImageObject\",\"inLanguage\":\"hr\",\"@id\":\"https:\\\/\\\/radioljubuski.ba\\\/index.php\\\/2022\\\/05\\\/26\\\/obrvan-zasluzili-smo-naslov\\\/#primaryimage\",\"url\":\"https:\\\/\\\/radioljubuski.ba\\\/wp-content\\\/uploads\\\/2022\\\/05\\\/obrvan.jpg\",\"contentUrl\":\"https:\\\/\\\/radioljubuski.ba\\\/wp-content\\\/uploads\\\/2022\\\/05\\\/obrvan.jpg\",\"width\":275,\"height\":183},{\"@type\":\"BreadcrumbList\",\"@id\":\"https:\\\/\\\/radioljubuski.ba\\\/index.php\\\/2022\\\/05\\\/26\\\/obrvan-zasluzili-smo-naslov\\\/#breadcrumb\",\"itemListElement\":[{\"@type\":\"ListItem\",\"position\":1,\"name\":\"Po\u010detna stranica\",\"item\":\"https:\\\/\\\/radioljubuski.ba\\\/\"},{\"@type\":\"ListItem\",\"position\":2,\"name\":\"Obrvan: Zaslu\u017eili smo naslov\"}]},{\"@type\":\"WebSite\",\"@id\":\"https:\\\/\\\/radioljubuski.ba\\\/#website\",\"url\":\"https:\\\/\\\/radioljubuski.ba\\\/\",\"name\":\"Radio Ljubu\u0161ki\",\"description\":\"Sun\u010dana frekvencija Hercegovine\",\"publisher\":{\"@id\":\"https:\\\/\\\/radioljubuski.ba\\\/#organization\"},\"potentialAction\":[{\"@type\":\"SearchAction\",\"target\":{\"@type\":\"EntryPoint\",\"urlTemplate\":\"https:\\\/\\\/radioljubuski.ba\\\/?s={search_term_string}\"},\"query-input\":{\"@type\":\"PropertyValueSpecification\",\"valueRequired\":true,\"valueName\":\"search_term_string\"}}],\"inLanguage\":\"hr\"},{\"@type\":\"Organization\",\"@id\":\"https:\\\/\\\/radioljubuski.ba\\\/#organization\",\"name\":\"Radio Ljubu\u0161ki\",\"url\":\"https:\\\/\\\/radioljubuski.ba\\\/\",\"logo\":{\"@type\":\"ImageObject\",\"inLanguage\":\"hr\",\"@id\":\"https:\\\/\\\/radioljubuski.ba\\\/#\\\/schema\\\/logo\\\/image\\\/\",\"url\":\"https:\\\/\\\/radioljubuski.ba\\\/wp-content\\\/uploads\\\/2021\\\/02\\\/cropped-Radio_Ljubuski_logo1.jpg\",\"contentUrl\":\"https:\\\/\\\/radioljubuski.ba\\\/wp-content\\\/uploads\\\/2021\\\/02\\\/cropped-Radio_Ljubuski_logo1.jpg\",\"width\":512,\"height\":512,\"caption\":\"Radio Ljubu\u0161ki\"},\"image\":{\"@id\":\"https:\\\/\\\/radioljubuski.ba\\\/#\\\/schema\\\/logo\\\/image\\\/\"},\"sameAs\":[\"https:\\\/\\\/www.facebook.com\\\/Radiio-Ljubuski-1490835324566332\",\"https:\\\/\\\/x.com\\\/radioljubuski\",\"https:\\\/\\\/hr.linkedin.com\\\/company\\\/radio-ljubuski\",\"https:\\\/\\\/www.youtube.com\\\/channel\\\/UCHYaeO_n0Db3tjNGudGpXyw\"]},{\"@type\":\"Person\",\"@id\":\"https:\\\/\\\/radioljubuski.ba\\\/#\\\/schema\\\/person\\\/19fc700381a780f69665d7956c469e3b\",\"name\":\"Radio Ljubu\u0161ki\"}]}<\/script>\n<!-- \/ Yoast SEO plugin. -->","yoast_head_json":{"title":"Obrvan: Zaslu\u017eili smo naslov - RADIO LJUBU\u0160KI","robots":{"index":"index","follow":"follow","max-snippet":"max-snippet:-1","max-image-preview":"max-image-preview:large","max-video-preview":"max-video-preview:-1"},"canonical":"https:\/\/radioljubuski.ba\/index.php\/2022\/05\/26\/obrvan-zasluzili-smo-naslov\/","og_locale":"hr_HR","og_type":"article","og_title":"Obrvan: Zaslu\u017eili smo naslov - RADIO LJUBU\u0160KI","og_description":"Rukometa\u0161i Prvog plinarskog dru\u0161tva Zagreb po 30. put su postali prvaci Hrvatske nakon \u0161to su u Na\u0161icama pobijedili Nexe sa 26-24 i u me\u0111usobnim susretima osvojili \u0161est bodova potrebnih za titulu. Podsjetimo, izmijenjenim sustavom natjecanja prvak Hrvatske postala je ona ekipa koja je prva stigla do \u0161est osvojenih bodova. Nexe i PPD su prvi put [&hellip;]","og_url":"https:\/\/radioljubuski.ba\/index.php\/2022\/05\/26\/obrvan-zasluzili-smo-naslov\/","og_site_name":"RADIO LJUBU\u0160KI","article_publisher":"https:\/\/www.facebook.com\/Radiio-Ljubuski-1490835324566332","article_published_time":"2022-05-26T07:22:03+00:00","article_modified_time":"2022-05-26T07:22:04+00:00","og_image":[{"width":275,"height":183,"url":"https:\/\/radioljubuski.ba\/wp-content\/uploads\/2022\/05\/obrvan.jpg","type":"image\/jpeg"}],"author":"Radio Ljubu\u0161ki","twitter_card":"summary_large_image","twitter_creator":"@radioljubuski","twitter_site":"@radioljubuski","twitter_misc":{"Napisao\/la":"Radio Ljubu\u0161ki","Procijenjeno vrijeme \u010ditanja":"3 minute"},"schema":{"@context":"https:\/\/schema.org","@graph":[{"@type":"Article","@id":"https:\/\/radioljubuski.ba\/index.php\/2022\/05\/26\/obrvan-zasluzili-smo-naslov\/#article","isPartOf":{"@id":"https:\/\/radioljubuski.ba\/index.php\/2022\/05\/26\/obrvan-zasluzili-smo-naslov\/"},"author":{"name":"Radio Ljubu\u0161ki","@id":"https:\/\/radioljubuski.ba\/#\/schema\/person\/19fc700381a780f69665d7956c469e3b"},"headline":"Obrvan: Zaslu\u017eili smo naslov","datePublished":"2022-05-26T07:22:03+00:00","dateModified":"2022-05-26T07:22:04+00:00","mainEntityOfPage":{"@id":"https:\/\/radioljubuski.ba\/index.php\/2022\/05\/26\/obrvan-zasluzili-smo-naslov\/"},"wordCount":531,"publisher":{"@id":"https:\/\/radioljubuski.ba\/#organization"},"image":{"@id":"https:\/\/radioljubuski.ba\/index.php\/2022\/05\/26\/obrvan-zasluzili-smo-naslov\/#primaryimage"},"thumbnailUrl":"https:\/\/radioljubuski.ba\/wp-content\/uploads\/2022\/05\/obrvan.jpg","articleSection":["\u0160port"],"inLanguage":"hr"},{"@type":"WebPage","@id":"https:\/\/radioljubuski.ba\/index.php\/2022\/05\/26\/obrvan-zasluzili-smo-naslov\/","url":"https:\/\/radioljubuski.ba\/index.php\/2022\/05\/26\/obrvan-zasluzili-smo-naslov\/","name":"Obrvan: Zaslu\u017eili smo naslov - RADIO LJUBU\u0160KI","isPartOf":{"@id":"https:\/\/radioljubuski.ba\/#website"},"primaryImageOfPage":{"@id":"https:\/\/radioljubuski.ba\/index.php\/2022\/05\/26\/obrvan-zasluzili-smo-naslov\/#primaryimage"},"image":{"@id":"https:\/\/radioljubuski.ba\/index.php\/2022\/05\/26\/obrvan-zasluzili-smo-naslov\/#primaryimage"},"thumbnailUrl":"https:\/\/radioljubuski.ba\/wp-content\/uploads\/2022\/05\/obrvan.jpg","datePublished":"2022-05-26T07:22:03+00:00","dateModified":"2022-05-26T07:22:04+00:00","breadcrumb":{"@id":"https:\/\/radioljubuski.ba\/index.php\/2022\/05\/26\/obrvan-zasluzili-smo-naslov\/#breadcrumb"},"inLanguage":"hr","potentialAction":[{"@type":"ReadAction","target":["https:\/\/radioljubuski.ba\/index.php\/2022\/05\/26\/obrvan-zasluzili-smo-naslov\/"]}]},{"@type":"ImageObject","inLanguage":"hr","@id":"https:\/\/radioljubuski.ba\/index.php\/2022\/05\/26\/obrvan-zasluzili-smo-naslov\/#primaryimage","url":"https:\/\/radioljubuski.ba\/wp-content\/uploads\/2022\/05\/obrvan.jpg","contentUrl":"https:\/\/radioljubuski.ba\/wp-content\/uploads\/2022\/05\/obrvan.jpg","width":275,"height":183},{"@type":"BreadcrumbList","@id":"https:\/\/radioljubuski.ba\/index.php\/2022\/05\/26\/obrvan-zasluzili-smo-naslov\/#breadcrumb","itemListElement":[{"@type":"ListItem","position":1,"name":"Po\u010detna stranica","item":"https:\/\/radioljubuski.ba\/"},{"@type":"ListItem","position":2,"name":"Obrvan: Zaslu\u017eili smo naslov"}]},{"@type":"WebSite","@id":"https:\/\/radioljubuski.ba\/#website","url":"https:\/\/radioljubuski.ba\/","name":"Radio Ljubu\u0161ki","description":"Sun\u010dana frekvencija Hercegovine","publisher":{"@id":"https:\/\/radioljubuski.ba\/#organization"},"potentialAction":[{"@type":"SearchAction","target":{"@type":"EntryPoint","urlTemplate":"https:\/\/radioljubuski.ba\/?s={search_term_string}"},"query-input":{"@type":"PropertyValueSpecification","valueRequired":true,"valueName":"search_term_string"}}],"inLanguage":"hr"},{"@type":"Organization","@id":"https:\/\/radioljubuski.ba\/#organization","name":"Radio Ljubu\u0161ki","url":"https:\/\/radioljubuski.ba\/","logo":{"@type":"ImageObject","inLanguage":"hr","@id":"https:\/\/radioljubuski.ba\/#\/schema\/logo\/image\/","url":"https:\/\/radioljubuski.ba\/wp-content\/uploads\/2021\/02\/cropped-Radio_Ljubuski_logo1.jpg","contentUrl":"https:\/\/radioljubuski.ba\/wp-content\/uploads\/2021\/02\/cropped-Radio_Ljubuski_logo1.jpg","width":512,"height":512,"caption":"Radio Ljubu\u0161ki"},"image":{"@id":"https:\/\/radioljubuski.ba\/#\/schema\/logo\/image\/"},"sameAs":["https:\/\/www.facebook.com\/Radiio-Ljubuski-1490835324566332","https:\/\/x.com\/radioljubuski","https:\/\/hr.linkedin.com\/company\/radio-ljubuski","https:\/\/www.youtube.com\/channel\/UCHYaeO_n0Db3tjNGudGpXyw"]},{"@type":"Person","@id":"https:\/\/radioljubuski.ba\/#\/schema\/person\/19fc700381a780f69665d7956c469e3b","name":"Radio Ljubu\u0161ki"}]}},"_links":{"self":[{"href":"https:\/\/radioljubuski.ba\/index.php\/wp-json\/wp\/v2\/posts\/144006","targetHints":{"allow":["GET"]}}],"collection":[{"href":"https:\/\/radioljubuski.ba\/index.php\/wp-json\/wp\/v2\/posts"}],"about":[{"href":"https:\/\/radioljubuski.ba\/index.php\/wp-json\/wp\/v2\/types\/post"}],"author":[{"embeddable":true,"href":"https:\/\/radioljubuski.ba\/index.php\/wp-json\/wp\/v2\/users\/2"}],"replies":[{"embeddable":true,"href":"https:\/\/radioljubuski.ba\/index.php\/wp-json\/wp\/v2\/comments?post=144006"}],"version-history":[{"count":1,"href":"https:\/\/radioljubuski.ba\/index.php\/wp-json\/wp\/v2\/posts\/144006\/revisions"}],"predecessor-version":[{"id":144008,"href":"https:\/\/radioljubuski.ba\/index.php\/wp-json\/wp\/v2\/posts\/144006\/revisions\/144008"}],"wp:featuredmedia":[{"embeddable":true,"href":"https:\/\/radioljubuski.ba\/index.php\/wp-json\/wp\/v2\/media\/144007"}],"wp:attachment":[{"href":"https:\/\/radioljubuski.ba\/index.php\/wp-json\/wp\/v2\/media?parent=144006"}],"wp:term":[{"taxonomy":"category","embeddable":true,"href":"https:\/\/radioljubuski.ba\/index.php\/wp-json\/wp\/v2\/categories?post=144006"},{"taxonomy":"post_tag","embeddable":true,"href":"https:\/\/radioljubuski.ba\/index.php\/wp-json\/wp\/v2\/tags?post=144006"}],"curies":[{"name":"wp","href":"https:\/\/api.w.org\/{rel}","templated":true}]}}