{"id":144015,"date":"2022-05-26T08:43:55","date_gmt":"2022-05-26T07:43:55","guid":{"rendered":"https:\/\/radioljubuski.ba\/?p=144015"},"modified":"2022-05-26T08:43:56","modified_gmt":"2022-05-26T07:43:56","slug":"analiza-spiska-izbornika-peteva-povratak-otpisanih-i-kraj-sage-o-bilbiji","status":"publish","type":"post","link":"https:\/\/radioljubuski.ba\/index.php\/2022\/05\/26\/analiza-spiska-izbornika-peteva-povratak-otpisanih-i-kraj-sage-o-bilbiji\/","title":{"rendered":"Analiza spiska izbornika Peteva: Povratak otpisanih i kraj sage o Bilbiji"},"content":{"rendered":"\n<p>Izbornik nogometne reprezentacije Bosne i Hercegovine Ivaylo Petev je  objavio spisak igra\u010da na koje ra\u010duna za prve \u010detiri utakmice u Ligi nacija. S obzirom na rezultatske neuspjehe u pro\u0161losti, Liga nacija je posljednja prilika za Peteva da ostane na klupi Zmajeva, te je zbog toga zvao vjerojatno najja\u010de snage, bez puno eksperimentiranja, pa me\u0111u 31 pozvanim igra\u010dem nema nijednog debitanta.<\/p>\n\n\n\n<p>\u0160to se ti\u010de golmanske pozicije, od prije su &#8220;zacementirani&#8221; pozivi za Ibrahima \u0160ehi\u0107a i Nikolu Vasilja, a Petev nije mogao ignorirati to \u0161to je\u00a0<strong>Vladan Kova\u010devi\u0107<\/strong>\u00a0progla\u0161en slu\u017ebeno za najboljeg golmana poljskog prvenstva, te ga je pozvao umjesto do sada manje-vi\u0161e standardnog na spisku reprezentativaca Kenana Piri\u0107a.<\/p>\n\n\n\n<p>\u0160to se ti\u010de nogometa\u0161a, odranije je poznat&nbsp;<strong>spisak igra\u010da koji su &#8220;pretpla\u0107eni na poziv&#8221;<\/strong>&nbsp;&#8211; Edin D\u017eeko, Miralem Pjani\u0107, Amir Had\u017eiahmetovi\u0107, Rade Kruni\u0107, Sini\u0161a Sani\u010danin, Anel Ahmedhod\u017ei\u0107, Dennis Had\u017eikaduni\u0107, Sead Kola\u0161inac, Eldar \u0106ivi\u0107, Adnan Kova\u010devi\u0107, Mateo Su\u0161i\u0107, Sanjin Prci\u0107, Amer Gojak, Gojko Cimirot, Miroslav Stevanovi\u0107, Ermedin Demirovi\u0107, Smail Prevljak, Luka Menalo i Kenan Kodro.<\/p>\n\n\n\n<p>Pozivom su zahvaljuju\u0107i tome \u0161to su standardni u svojim ekipama nagra\u0111eni Vladan Danilovi\u0107 (Nacional), te\u00a0<strong>povratnici u reprezentaciju<\/strong>\u00a0Dino Hoti\u0107 (posljednji put za reprezentaciju igrao u listopadu 2020.), Muhamed Be\u0161i\u0107 (rujan 2020.), Haris Duljevi\u0107 (o\u017eujak 2021.) i Kenan Kodro koji je od studenog 2018. godine upisao samo 10 minuta u porazu od Ukrajine u proteklim kvalifikacijama za Svjetsko prvenstvo.<\/p>\n\n\n\n<p>Svoj poziv su zahvaljuju\u0107i dobrim partijama u posljednjim reprezentativnim akcijama zaslu\u017eili i Hrvoje Bari\u0161i\u0107, Jusuf Gazibegovi\u0107 i Amar Dedi\u0107.<\/p>\n\n\n\n<p>Petev je odlu\u010dio nagraditi i\u00a0<strong>dvojicu igra\u010da Zrinjskog<\/strong>, a iz redova prvaka BiH pozvani su stoper Hrvoje Mili\u010devi\u0107 koji je za Zmajeve debitirao u prijateljskom susretu protiv SAD-a, te\u00a0<strong>Nemanja Bilbija<\/strong>\u00a0oko \u010dijeg poziva se proteklih mjeseci mnogo polemiziralo.<\/p>\n\n\n\n<p>Petev je uporno ponavljao kako mu Bilbija ne treba, a Banjalu\u010danin ga je na kraju s 32 gola iz 31 utakmice &#8220;natjerao&#8221; da mu ipak uru\u010di poziv, te se 31-godi\u0161nji kapetan prvaka BiH nada i drugom nastupu u dresu s dr\u017eavnim grbom.<\/p>\n\n\n\n<p>On je 2017. i 2018. dobio pozive u reprezentaciju, a svoj jedini nastup je upisao u prijateljskom duelu sa SAD-om 29.sije\u010dnja 2018. godine kada je odigrao posljednjih 10 minuta susreta.<\/p>\n\n\n\n<p>Podsjetimo, na\u0161a reprezentacija prvi me\u010d igra u Helsinkiju protiv Finske 4. lipnja, a potom \u0107e u Zenici do\u010dekati Rumunjsku 7.lipnja.<\/p>\n\n\n\n<p>Nakon toga slijedi gostovanje u Podgorici protiv Crne Gore 11.lipnja, dok se posljednji me\u010d u ovom mini-ciklusu igra 14.lipnja u Zenici protiv Finske.<\/p>\n\n\n\n<p>izvor: klix.ba<\/p>\n","protected":false},"excerpt":{"rendered":"<p>Izbornik nogometne reprezentacije Bosne i Hercegovine Ivaylo Petev je objavio spisak igra\u010da na koje ra\u010duna za prve \u010detiri utakmice u Ligi nacija. S obzirom na rezultatske neuspjehe u pro\u0161losti, Liga nacija je posljednja prilika za Peteva da ostane na klupi Zmajeva, te je zbog toga zvao vjerojatno najja\u010de snage, bez puno eksperimentiranja, pa me\u0111u 31 [&hellip;]<\/p>\n","protected":false},"author":2,"featured_media":144016,"comment_status":"closed","ping_status":"closed","sticky":false,"template":"","format":"standard","meta":{"h5ap_radio_sources":[],"footnotes":""},"categories":[7],"tags":[],"class_list":["post-144015","post","type-post","status-publish","format-standard","has-post-thumbnail","hentry","category-sport"],"yoast_head":"<!-- This site is optimized with the Yoast SEO plugin v27.5 - https:\/\/yoast.com\/product\/yoast-seo-wordpress\/ -->\n<title>Analiza spiska izbornika Peteva: Povratak otpisanih i kraj sage o Bilbiji - RADIO LJUBU\u0160KI<\/title>\n<meta name=\"robots\" content=\"index, follow, max-snippet:-1, max-image-preview:large, max-video-preview:-1\" \/>\n<link rel=\"canonical\" href=\"https:\/\/radioljubuski.ba\/index.php\/2022\/05\/26\/analiza-spiska-izbornika-peteva-povratak-otpisanih-i-kraj-sage-o-bilbiji\/\" \/>\n<meta property=\"og:locale\" content=\"hr_HR\" \/>\n<meta property=\"og:type\" content=\"article\" \/>\n<meta property=\"og:title\" content=\"Analiza spiska izbornika Peteva: Povratak otpisanih i kraj sage o Bilbiji - RADIO LJUBU\u0160KI\" \/>\n<meta property=\"og:description\" content=\"Izbornik nogometne reprezentacije Bosne i Hercegovine Ivaylo Petev je objavio spisak igra\u010da na koje ra\u010duna za prve \u010detiri utakmice u Ligi nacija. S obzirom na rezultatske neuspjehe u pro\u0161losti, Liga nacija je posljednja prilika za Peteva da ostane na klupi Zmajeva, te je zbog toga zvao vjerojatno najja\u010de snage, bez puno eksperimentiranja, pa me\u0111u 31 [&hellip;]\" \/>\n<meta property=\"og:url\" content=\"https:\/\/radioljubuski.ba\/index.php\/2022\/05\/26\/analiza-spiska-izbornika-peteva-povratak-otpisanih-i-kraj-sage-o-bilbiji\/\" \/>\n<meta property=\"og:site_name\" content=\"RADIO LJUBU\u0160KI\" \/>\n<meta property=\"article:publisher\" content=\"https:\/\/www.facebook.com\/Radiio-Ljubuski-1490835324566332\" \/>\n<meta property=\"article:published_time\" content=\"2022-05-26T07:43:55+00:00\" \/>\n<meta property=\"article:modified_time\" content=\"2022-05-26T07:43:56+00:00\" \/>\n<meta property=\"og:image\" content=\"https:\/\/radioljubuski.ba\/wp-content\/uploads\/2022\/05\/petev.jpg\" \/>\n\t<meta property=\"og:image:width\" content=\"275\" \/>\n\t<meta property=\"og:image:height\" content=\"183\" \/>\n\t<meta property=\"og:image:type\" content=\"image\/jpeg\" \/>\n<meta name=\"author\" content=\"Radio Ljubu\u0161ki\" \/>\n<meta name=\"twitter:card\" content=\"summary_large_image\" \/>\n<meta name=\"twitter:creator\" content=\"@radioljubuski\" \/>\n<meta name=\"twitter:site\" content=\"@radioljubuski\" \/>\n<meta name=\"twitter:label1\" content=\"Napisao\/la\" \/>\n\t<meta name=\"twitter:data1\" content=\"Radio Ljubu\u0161ki\" \/>\n\t<meta name=\"twitter:label2\" content=\"Procijenjeno vrijeme \u010ditanja\" \/>\n\t<meta name=\"twitter:data2\" content=\"2 minute\" \/>\n<script type=\"application\/ld+json\" class=\"yoast-schema-graph\">{\"@context\":\"https:\\\/\\\/schema.org\",\"@graph\":[{\"@type\":\"Article\",\"@id\":\"https:\\\/\\\/radioljubuski.ba\\\/index.php\\\/2022\\\/05\\\/26\\\/analiza-spiska-izbornika-peteva-povratak-otpisanih-i-kraj-sage-o-bilbiji\\\/#article\",\"isPartOf\":{\"@id\":\"https:\\\/\\\/radioljubuski.ba\\\/index.php\\\/2022\\\/05\\\/26\\\/analiza-spiska-izbornika-peteva-povratak-otpisanih-i-kraj-sage-o-bilbiji\\\/\"},\"author\":{\"name\":\"Radio Ljubu\u0161ki\",\"@id\":\"https:\\\/\\\/radioljubuski.ba\\\/#\\\/schema\\\/person\\\/19fc700381a780f69665d7956c469e3b\"},\"headline\":\"Analiza spiska izbornika Peteva: Povratak otpisanih i kraj sage o Bilbiji\",\"datePublished\":\"2022-05-26T07:43:55+00:00\",\"dateModified\":\"2022-05-26T07:43:56+00:00\",\"mainEntityOfPage\":{\"@id\":\"https:\\\/\\\/radioljubuski.ba\\\/index.php\\\/2022\\\/05\\\/26\\\/analiza-spiska-izbornika-peteva-povratak-otpisanih-i-kraj-sage-o-bilbiji\\\/\"},\"wordCount\":439,\"publisher\":{\"@id\":\"https:\\\/\\\/radioljubuski.ba\\\/#organization\"},\"image\":{\"@id\":\"https:\\\/\\\/radioljubuski.ba\\\/index.php\\\/2022\\\/05\\\/26\\\/analiza-spiska-izbornika-peteva-povratak-otpisanih-i-kraj-sage-o-bilbiji\\\/#primaryimage\"},\"thumbnailUrl\":\"https:\\\/\\\/radioljubuski.ba\\\/wp-content\\\/uploads\\\/2022\\\/05\\\/petev.jpg\",\"articleSection\":[\"\u0160port\"],\"inLanguage\":\"hr\"},{\"@type\":\"WebPage\",\"@id\":\"https:\\\/\\\/radioljubuski.ba\\\/index.php\\\/2022\\\/05\\\/26\\\/analiza-spiska-izbornika-peteva-povratak-otpisanih-i-kraj-sage-o-bilbiji\\\/\",\"url\":\"https:\\\/\\\/radioljubuski.ba\\\/index.php\\\/2022\\\/05\\\/26\\\/analiza-spiska-izbornika-peteva-povratak-otpisanih-i-kraj-sage-o-bilbiji\\\/\",\"name\":\"Analiza spiska izbornika Peteva: Povratak otpisanih i kraj sage o Bilbiji - RADIO LJUBU\u0160KI\",\"isPartOf\":{\"@id\":\"https:\\\/\\\/radioljubuski.ba\\\/#website\"},\"primaryImageOfPage\":{\"@id\":\"https:\\\/\\\/radioljubuski.ba\\\/index.php\\\/2022\\\/05\\\/26\\\/analiza-spiska-izbornika-peteva-povratak-otpisanih-i-kraj-sage-o-bilbiji\\\/#primaryimage\"},\"image\":{\"@id\":\"https:\\\/\\\/radioljubuski.ba\\\/index.php\\\/2022\\\/05\\\/26\\\/analiza-spiska-izbornika-peteva-povratak-otpisanih-i-kraj-sage-o-bilbiji\\\/#primaryimage\"},\"thumbnailUrl\":\"https:\\\/\\\/radioljubuski.ba\\\/wp-content\\\/uploads\\\/2022\\\/05\\\/petev.jpg\",\"datePublished\":\"2022-05-26T07:43:55+00:00\",\"dateModified\":\"2022-05-26T07:43:56+00:00\",\"breadcrumb\":{\"@id\":\"https:\\\/\\\/radioljubuski.ba\\\/index.php\\\/2022\\\/05\\\/26\\\/analiza-spiska-izbornika-peteva-povratak-otpisanih-i-kraj-sage-o-bilbiji\\\/#breadcrumb\"},\"inLanguage\":\"hr\",\"potentialAction\":[{\"@type\":\"ReadAction\",\"target\":[\"https:\\\/\\\/radioljubuski.ba\\\/index.php\\\/2022\\\/05\\\/26\\\/analiza-spiska-izbornika-peteva-povratak-otpisanih-i-kraj-sage-o-bilbiji\\\/\"]}]},{\"@type\":\"ImageObject\",\"inLanguage\":\"hr\",\"@id\":\"https:\\\/\\\/radioljubuski.ba\\\/index.php\\\/2022\\\/05\\\/26\\\/analiza-spiska-izbornika-peteva-povratak-otpisanih-i-kraj-sage-o-bilbiji\\\/#primaryimage\",\"url\":\"https:\\\/\\\/radioljubuski.ba\\\/wp-content\\\/uploads\\\/2022\\\/05\\\/petev.jpg\",\"contentUrl\":\"https:\\\/\\\/radioljubuski.ba\\\/wp-content\\\/uploads\\\/2022\\\/05\\\/petev.jpg\",\"width\":275,\"height\":183},{\"@type\":\"BreadcrumbList\",\"@id\":\"https:\\\/\\\/radioljubuski.ba\\\/index.php\\\/2022\\\/05\\\/26\\\/analiza-spiska-izbornika-peteva-povratak-otpisanih-i-kraj-sage-o-bilbiji\\\/#breadcrumb\",\"itemListElement\":[{\"@type\":\"ListItem\",\"position\":1,\"name\":\"Po\u010detna stranica\",\"item\":\"https:\\\/\\\/radioljubuski.ba\\\/\"},{\"@type\":\"ListItem\",\"position\":2,\"name\":\"Analiza spiska izbornika Peteva: Povratak otpisanih i kraj sage o Bilbiji\"}]},{\"@type\":\"WebSite\",\"@id\":\"https:\\\/\\\/radioljubuski.ba\\\/#website\",\"url\":\"https:\\\/\\\/radioljubuski.ba\\\/\",\"name\":\"Radio Ljubu\u0161ki\",\"description\":\"Sun\u010dana frekvencija Hercegovine\",\"publisher\":{\"@id\":\"https:\\\/\\\/radioljubuski.ba\\\/#organization\"},\"potentialAction\":[{\"@type\":\"SearchAction\",\"target\":{\"@type\":\"EntryPoint\",\"urlTemplate\":\"https:\\\/\\\/radioljubuski.ba\\\/?s={search_term_string}\"},\"query-input\":{\"@type\":\"PropertyValueSpecification\",\"valueRequired\":true,\"valueName\":\"search_term_string\"}}],\"inLanguage\":\"hr\"},{\"@type\":\"Organization\",\"@id\":\"https:\\\/\\\/radioljubuski.ba\\\/#organization\",\"name\":\"Radio Ljubu\u0161ki\",\"url\":\"https:\\\/\\\/radioljubuski.ba\\\/\",\"logo\":{\"@type\":\"ImageObject\",\"inLanguage\":\"hr\",\"@id\":\"https:\\\/\\\/radioljubuski.ba\\\/#\\\/schema\\\/logo\\\/image\\\/\",\"url\":\"https:\\\/\\\/radioljubuski.ba\\\/wp-content\\\/uploads\\\/2021\\\/02\\\/cropped-Radio_Ljubuski_logo1.jpg\",\"contentUrl\":\"https:\\\/\\\/radioljubuski.ba\\\/wp-content\\\/uploads\\\/2021\\\/02\\\/cropped-Radio_Ljubuski_logo1.jpg\",\"width\":512,\"height\":512,\"caption\":\"Radio Ljubu\u0161ki\"},\"image\":{\"@id\":\"https:\\\/\\\/radioljubuski.ba\\\/#\\\/schema\\\/logo\\\/image\\\/\"},\"sameAs\":[\"https:\\\/\\\/www.facebook.com\\\/Radiio-Ljubuski-1490835324566332\",\"https:\\\/\\\/x.com\\\/radioljubuski\",\"https:\\\/\\\/hr.linkedin.com\\\/company\\\/radio-ljubuski\",\"https:\\\/\\\/www.youtube.com\\\/channel\\\/UCHYaeO_n0Db3tjNGudGpXyw\"]},{\"@type\":\"Person\",\"@id\":\"https:\\\/\\\/radioljubuski.ba\\\/#\\\/schema\\\/person\\\/19fc700381a780f69665d7956c469e3b\",\"name\":\"Radio Ljubu\u0161ki\"}]}<\/script>\n<!-- \/ Yoast SEO plugin. -->","yoast_head_json":{"title":"Analiza spiska izbornika Peteva: Povratak otpisanih i kraj sage o Bilbiji - RADIO LJUBU\u0160KI","robots":{"index":"index","follow":"follow","max-snippet":"max-snippet:-1","max-image-preview":"max-image-preview:large","max-video-preview":"max-video-preview:-1"},"canonical":"https:\/\/radioljubuski.ba\/index.php\/2022\/05\/26\/analiza-spiska-izbornika-peteva-povratak-otpisanih-i-kraj-sage-o-bilbiji\/","og_locale":"hr_HR","og_type":"article","og_title":"Analiza spiska izbornika Peteva: Povratak otpisanih i kraj sage o Bilbiji - RADIO LJUBU\u0160KI","og_description":"Izbornik nogometne reprezentacije Bosne i Hercegovine Ivaylo Petev je objavio spisak igra\u010da na koje ra\u010duna za prve \u010detiri utakmice u Ligi nacija. S obzirom na rezultatske neuspjehe u pro\u0161losti, Liga nacija je posljednja prilika za Peteva da ostane na klupi Zmajeva, te je zbog toga zvao vjerojatno najja\u010de snage, bez puno eksperimentiranja, pa me\u0111u 31 [&hellip;]","og_url":"https:\/\/radioljubuski.ba\/index.php\/2022\/05\/26\/analiza-spiska-izbornika-peteva-povratak-otpisanih-i-kraj-sage-o-bilbiji\/","og_site_name":"RADIO LJUBU\u0160KI","article_publisher":"https:\/\/www.facebook.com\/Radiio-Ljubuski-1490835324566332","article_published_time":"2022-05-26T07:43:55+00:00","article_modified_time":"2022-05-26T07:43:56+00:00","og_image":[{"width":275,"height":183,"url":"https:\/\/radioljubuski.ba\/wp-content\/uploads\/2022\/05\/petev.jpg","type":"image\/jpeg"}],"author":"Radio Ljubu\u0161ki","twitter_card":"summary_large_image","twitter_creator":"@radioljubuski","twitter_site":"@radioljubuski","twitter_misc":{"Napisao\/la":"Radio Ljubu\u0161ki","Procijenjeno vrijeme \u010ditanja":"2 minute"},"schema":{"@context":"https:\/\/schema.org","@graph":[{"@type":"Article","@id":"https:\/\/radioljubuski.ba\/index.php\/2022\/05\/26\/analiza-spiska-izbornika-peteva-povratak-otpisanih-i-kraj-sage-o-bilbiji\/#article","isPartOf":{"@id":"https:\/\/radioljubuski.ba\/index.php\/2022\/05\/26\/analiza-spiska-izbornika-peteva-povratak-otpisanih-i-kraj-sage-o-bilbiji\/"},"author":{"name":"Radio Ljubu\u0161ki","@id":"https:\/\/radioljubuski.ba\/#\/schema\/person\/19fc700381a780f69665d7956c469e3b"},"headline":"Analiza spiska izbornika Peteva: Povratak otpisanih i kraj sage o Bilbiji","datePublished":"2022-05-26T07:43:55+00:00","dateModified":"2022-05-26T07:43:56+00:00","mainEntityOfPage":{"@id":"https:\/\/radioljubuski.ba\/index.php\/2022\/05\/26\/analiza-spiska-izbornika-peteva-povratak-otpisanih-i-kraj-sage-o-bilbiji\/"},"wordCount":439,"publisher":{"@id":"https:\/\/radioljubuski.ba\/#organization"},"image":{"@id":"https:\/\/radioljubuski.ba\/index.php\/2022\/05\/26\/analiza-spiska-izbornika-peteva-povratak-otpisanih-i-kraj-sage-o-bilbiji\/#primaryimage"},"thumbnailUrl":"https:\/\/radioljubuski.ba\/wp-content\/uploads\/2022\/05\/petev.jpg","articleSection":["\u0160port"],"inLanguage":"hr"},{"@type":"WebPage","@id":"https:\/\/radioljubuski.ba\/index.php\/2022\/05\/26\/analiza-spiska-izbornika-peteva-povratak-otpisanih-i-kraj-sage-o-bilbiji\/","url":"https:\/\/radioljubuski.ba\/index.php\/2022\/05\/26\/analiza-spiska-izbornika-peteva-povratak-otpisanih-i-kraj-sage-o-bilbiji\/","name":"Analiza spiska izbornika Peteva: Povratak otpisanih i kraj sage o Bilbiji - RADIO LJUBU\u0160KI","isPartOf":{"@id":"https:\/\/radioljubuski.ba\/#website"},"primaryImageOfPage":{"@id":"https:\/\/radioljubuski.ba\/index.php\/2022\/05\/26\/analiza-spiska-izbornika-peteva-povratak-otpisanih-i-kraj-sage-o-bilbiji\/#primaryimage"},"image":{"@id":"https:\/\/radioljubuski.ba\/index.php\/2022\/05\/26\/analiza-spiska-izbornika-peteva-povratak-otpisanih-i-kraj-sage-o-bilbiji\/#primaryimage"},"thumbnailUrl":"https:\/\/radioljubuski.ba\/wp-content\/uploads\/2022\/05\/petev.jpg","datePublished":"2022-05-26T07:43:55+00:00","dateModified":"2022-05-26T07:43:56+00:00","breadcrumb":{"@id":"https:\/\/radioljubuski.ba\/index.php\/2022\/05\/26\/analiza-spiska-izbornika-peteva-povratak-otpisanih-i-kraj-sage-o-bilbiji\/#breadcrumb"},"inLanguage":"hr","potentialAction":[{"@type":"ReadAction","target":["https:\/\/radioljubuski.ba\/index.php\/2022\/05\/26\/analiza-spiska-izbornika-peteva-povratak-otpisanih-i-kraj-sage-o-bilbiji\/"]}]},{"@type":"ImageObject","inLanguage":"hr","@id":"https:\/\/radioljubuski.ba\/index.php\/2022\/05\/26\/analiza-spiska-izbornika-peteva-povratak-otpisanih-i-kraj-sage-o-bilbiji\/#primaryimage","url":"https:\/\/radioljubuski.ba\/wp-content\/uploads\/2022\/05\/petev.jpg","contentUrl":"https:\/\/radioljubuski.ba\/wp-content\/uploads\/2022\/05\/petev.jpg","width":275,"height":183},{"@type":"BreadcrumbList","@id":"https:\/\/radioljubuski.ba\/index.php\/2022\/05\/26\/analiza-spiska-izbornika-peteva-povratak-otpisanih-i-kraj-sage-o-bilbiji\/#breadcrumb","itemListElement":[{"@type":"ListItem","position":1,"name":"Po\u010detna stranica","item":"https:\/\/radioljubuski.ba\/"},{"@type":"ListItem","position":2,"name":"Analiza spiska izbornika Peteva: Povratak otpisanih i kraj sage o Bilbiji"}]},{"@type":"WebSite","@id":"https:\/\/radioljubuski.ba\/#website","url":"https:\/\/radioljubuski.ba\/","name":"Radio Ljubu\u0161ki","description":"Sun\u010dana frekvencija Hercegovine","publisher":{"@id":"https:\/\/radioljubuski.ba\/#organization"},"potentialAction":[{"@type":"SearchAction","target":{"@type":"EntryPoint","urlTemplate":"https:\/\/radioljubuski.ba\/?s={search_term_string}"},"query-input":{"@type":"PropertyValueSpecification","valueRequired":true,"valueName":"search_term_string"}}],"inLanguage":"hr"},{"@type":"Organization","@id":"https:\/\/radioljubuski.ba\/#organization","name":"Radio Ljubu\u0161ki","url":"https:\/\/radioljubuski.ba\/","logo":{"@type":"ImageObject","inLanguage":"hr","@id":"https:\/\/radioljubuski.ba\/#\/schema\/logo\/image\/","url":"https:\/\/radioljubuski.ba\/wp-content\/uploads\/2021\/02\/cropped-Radio_Ljubuski_logo1.jpg","contentUrl":"https:\/\/radioljubuski.ba\/wp-content\/uploads\/2021\/02\/cropped-Radio_Ljubuski_logo1.jpg","width":512,"height":512,"caption":"Radio Ljubu\u0161ki"},"image":{"@id":"https:\/\/radioljubuski.ba\/#\/schema\/logo\/image\/"},"sameAs":["https:\/\/www.facebook.com\/Radiio-Ljubuski-1490835324566332","https:\/\/x.com\/radioljubuski","https:\/\/hr.linkedin.com\/company\/radio-ljubuski","https:\/\/www.youtube.com\/channel\/UCHYaeO_n0Db3tjNGudGpXyw"]},{"@type":"Person","@id":"https:\/\/radioljubuski.ba\/#\/schema\/person\/19fc700381a780f69665d7956c469e3b","name":"Radio Ljubu\u0161ki"}]}},"_links":{"self":[{"href":"https:\/\/radioljubuski.ba\/index.php\/wp-json\/wp\/v2\/posts\/144015","targetHints":{"allow":["GET"]}}],"collection":[{"href":"https:\/\/radioljubuski.ba\/index.php\/wp-json\/wp\/v2\/posts"}],"about":[{"href":"https:\/\/radioljubuski.ba\/index.php\/wp-json\/wp\/v2\/types\/post"}],"author":[{"embeddable":true,"href":"https:\/\/radioljubuski.ba\/index.php\/wp-json\/wp\/v2\/users\/2"}],"replies":[{"embeddable":true,"href":"https:\/\/radioljubuski.ba\/index.php\/wp-json\/wp\/v2\/comments?post=144015"}],"version-history":[{"count":1,"href":"https:\/\/radioljubuski.ba\/index.php\/wp-json\/wp\/v2\/posts\/144015\/revisions"}],"predecessor-version":[{"id":144017,"href":"https:\/\/radioljubuski.ba\/index.php\/wp-json\/wp\/v2\/posts\/144015\/revisions\/144017"}],"wp:featuredmedia":[{"embeddable":true,"href":"https:\/\/radioljubuski.ba\/index.php\/wp-json\/wp\/v2\/media\/144016"}],"wp:attachment":[{"href":"https:\/\/radioljubuski.ba\/index.php\/wp-json\/wp\/v2\/media?parent=144015"}],"wp:term":[{"taxonomy":"category","embeddable":true,"href":"https:\/\/radioljubuski.ba\/index.php\/wp-json\/wp\/v2\/categories?post=144015"},{"taxonomy":"post_tag","embeddable":true,"href":"https:\/\/radioljubuski.ba\/index.php\/wp-json\/wp\/v2\/tags?post=144015"}],"curies":[{"name":"wp","href":"https:\/\/api.w.org\/{rel}","templated":true}]}}