{"id":144018,"date":"2022-05-26T08:50:00","date_gmt":"2022-05-26T07:50:00","guid":{"rendered":"https:\/\/radioljubuski.ba\/?p=144018"},"modified":"2022-05-26T08:50:00","modified_gmt":"2022-05-26T07:50:00","slug":"orsic-odlazi-iz-dinama-kako-bi-ispunio-san","status":"publish","type":"post","link":"https:\/\/radioljubuski.ba\/index.php\/2022\/05\/26\/orsic-odlazi-iz-dinama-kako-bi-ispunio-san\/","title":{"rendered":"Or\u0161i\u0107 odlazi iz Dinama kako bi ispunio san?"},"content":{"rendered":"\n<p>Mislav Or\u0161i\u0107u pro\u0161lom prijelaznom roku bio je blizu Burnleyja, ali je na kraju u dogovoru s Dinamom ostao na Maksimiru kako bi pomogao zagreba\u010dkom klubu obraniti naslov prvaka.\u00a0<\/p>\n\n\n\n<p>Burnley je za najboljeg strijelca Dinama nudio malo manje od deset milijuna eura. Da je Burnley ostao u Premier ligi, Or\u0161i\u0107 bi ovog ljeta, nakon \u0161to je s Dinamom opet postao prvak Hrvatske, oti\u0161ao u Burnley i ispunio san o igranju u najja\u010doj ligi svijeta.<\/p>\n\n\n\n<p>&#8220;Premier liga je vrh liga\u0161kog nadmetanja u svijetu. Bio sam spreman dati sve od sebe da poku\u0161am pomo\u0107i Burnleyju da i sljede\u0107e godine igra Premier ligu. Tko god je igrao nogomet ili je aktivan navija\u010d i pratitelj nogometa, razumije o \u010demu pri\u010dam&#8221;, rekao je Or\u0161i\u0107 kad je odlu\u010dio ostati u Dinamu.<\/p>\n\n\n\n<p>Iako je transfer u Burnley propao, 29-godi\u0161nji Or\u0161i\u0107 i dalje ima velike \u0161anse oti\u0107i u Premier ligu.&nbsp;<a href=\"https:\/\/sportske.jutarnji.hr\/sn\/nogomet\/hnl\/prva-hnl\/orsicev-san-o-premiershipu-nije-unisten-s-otoka-stizu-cak-cetiri-ponude-a-modri-vec-imaju-novog-orsica-15202357\" target=\"_blank\" rel=\"noreferrer noopener\">Sportske novosti<\/a>&nbsp;doznaju da su \u010dak \u010detiri kluba iz najja\u010de engleske lige poslala upit za hrvatskog reprezentativca, ali ne navode imena tih klubova.<\/p>\n\n\n\n<p>Dinamo mu ovaj put ne\u0107e stopirati transfer, posebno jer se na njegovo mjesto vra\u0107a Antonio Marin s posudbe iz \u0160ibenika.<\/p>\n\n\n\n<p>izvor: index.hr<\/p>\n","protected":false},"excerpt":{"rendered":"<p>Mislav Or\u0161i\u0107u pro\u0161lom prijelaznom roku bio je blizu Burnleyja, ali je na kraju u dogovoru s Dinamom ostao na Maksimiru kako bi pomogao zagreba\u010dkom klubu obraniti naslov prvaka.\u00a0 Burnley je za najboljeg strijelca Dinama nudio malo manje od deset milijuna eura. Da je Burnley ostao u Premier ligi, Or\u0161i\u0107 bi ovog ljeta, nakon \u0161to je [&hellip;]<\/p>\n","protected":false},"author":2,"featured_media":144019,"comment_status":"closed","ping_status":"closed","sticky":false,"template":"","format":"standard","meta":{"h5ap_radio_sources":[],"footnotes":""},"categories":[7],"tags":[],"class_list":["post-144018","post","type-post","status-publish","format-standard","has-post-thumbnail","hentry","category-sport"],"yoast_head":"<!-- This site is optimized with the Yoast SEO plugin v27.5 - https:\/\/yoast.com\/product\/yoast-seo-wordpress\/ -->\n<title>Or\u0161i\u0107 odlazi iz Dinama kako bi ispunio san? - RADIO LJUBU\u0160KI<\/title>\n<meta name=\"robots\" content=\"index, follow, max-snippet:-1, max-image-preview:large, max-video-preview:-1\" \/>\n<link rel=\"canonical\" href=\"https:\/\/radioljubuski.ba\/index.php\/2022\/05\/26\/orsic-odlazi-iz-dinama-kako-bi-ispunio-san\/\" \/>\n<meta property=\"og:locale\" content=\"hr_HR\" \/>\n<meta property=\"og:type\" content=\"article\" \/>\n<meta property=\"og:title\" content=\"Or\u0161i\u0107 odlazi iz Dinama kako bi ispunio san? - RADIO LJUBU\u0160KI\" \/>\n<meta property=\"og:description\" content=\"Mislav Or\u0161i\u0107u pro\u0161lom prijelaznom roku bio je blizu Burnleyja, ali je na kraju u dogovoru s Dinamom ostao na Maksimiru kako bi pomogao zagreba\u010dkom klubu obraniti naslov prvaka.\u00a0 Burnley je za najboljeg strijelca Dinama nudio malo manje od deset milijuna eura. Da je Burnley ostao u Premier ligi, Or\u0161i\u0107 bi ovog ljeta, nakon \u0161to je [&hellip;]\" \/>\n<meta property=\"og:url\" content=\"https:\/\/radioljubuski.ba\/index.php\/2022\/05\/26\/orsic-odlazi-iz-dinama-kako-bi-ispunio-san\/\" \/>\n<meta property=\"og:site_name\" content=\"RADIO LJUBU\u0160KI\" \/>\n<meta property=\"article:publisher\" content=\"https:\/\/www.facebook.com\/Radiio-Ljubuski-1490835324566332\" \/>\n<meta property=\"article:published_time\" content=\"2022-05-26T07:50:00+00:00\" \/>\n<meta property=\"og:image\" content=\"https:\/\/radioljubuski.ba\/wp-content\/uploads\/2022\/05\/orsic.jpg\" \/>\n\t<meta property=\"og:image:width\" content=\"275\" \/>\n\t<meta property=\"og:image:height\" content=\"183\" \/>\n\t<meta property=\"og:image:type\" content=\"image\/jpeg\" \/>\n<meta name=\"author\" content=\"Radio Ljubu\u0161ki\" \/>\n<meta name=\"twitter:card\" content=\"summary_large_image\" \/>\n<meta name=\"twitter:creator\" content=\"@radioljubuski\" \/>\n<meta name=\"twitter:site\" content=\"@radioljubuski\" \/>\n<meta name=\"twitter:label1\" content=\"Napisao\/la\" \/>\n\t<meta name=\"twitter:data1\" content=\"Radio Ljubu\u0161ki\" \/>\n\t<meta name=\"twitter:label2\" content=\"Procijenjeno vrijeme \u010ditanja\" \/>\n\t<meta name=\"twitter:data2\" content=\"1 minuta\" \/>\n<script type=\"application\/ld+json\" class=\"yoast-schema-graph\">{\"@context\":\"https:\\\/\\\/schema.org\",\"@graph\":[{\"@type\":\"Article\",\"@id\":\"https:\\\/\\\/radioljubuski.ba\\\/index.php\\\/2022\\\/05\\\/26\\\/orsic-odlazi-iz-dinama-kako-bi-ispunio-san\\\/#article\",\"isPartOf\":{\"@id\":\"https:\\\/\\\/radioljubuski.ba\\\/index.php\\\/2022\\\/05\\\/26\\\/orsic-odlazi-iz-dinama-kako-bi-ispunio-san\\\/\"},\"author\":{\"name\":\"Radio Ljubu\u0161ki\",\"@id\":\"https:\\\/\\\/radioljubuski.ba\\\/#\\\/schema\\\/person\\\/19fc700381a780f69665d7956c469e3b\"},\"headline\":\"Or\u0161i\u0107 odlazi iz Dinama kako bi ispunio san?\",\"datePublished\":\"2022-05-26T07:50:00+00:00\",\"mainEntityOfPage\":{\"@id\":\"https:\\\/\\\/radioljubuski.ba\\\/index.php\\\/2022\\\/05\\\/26\\\/orsic-odlazi-iz-dinama-kako-bi-ispunio-san\\\/\"},\"wordCount\":218,\"publisher\":{\"@id\":\"https:\\\/\\\/radioljubuski.ba\\\/#organization\"},\"image\":{\"@id\":\"https:\\\/\\\/radioljubuski.ba\\\/index.php\\\/2022\\\/05\\\/26\\\/orsic-odlazi-iz-dinama-kako-bi-ispunio-san\\\/#primaryimage\"},\"thumbnailUrl\":\"https:\\\/\\\/radioljubuski.ba\\\/wp-content\\\/uploads\\\/2022\\\/05\\\/orsic.jpg\",\"articleSection\":[\"\u0160port\"],\"inLanguage\":\"hr\"},{\"@type\":\"WebPage\",\"@id\":\"https:\\\/\\\/radioljubuski.ba\\\/index.php\\\/2022\\\/05\\\/26\\\/orsic-odlazi-iz-dinama-kako-bi-ispunio-san\\\/\",\"url\":\"https:\\\/\\\/radioljubuski.ba\\\/index.php\\\/2022\\\/05\\\/26\\\/orsic-odlazi-iz-dinama-kako-bi-ispunio-san\\\/\",\"name\":\"Or\u0161i\u0107 odlazi iz Dinama kako bi ispunio san? - RADIO LJUBU\u0160KI\",\"isPartOf\":{\"@id\":\"https:\\\/\\\/radioljubuski.ba\\\/#website\"},\"primaryImageOfPage\":{\"@id\":\"https:\\\/\\\/radioljubuski.ba\\\/index.php\\\/2022\\\/05\\\/26\\\/orsic-odlazi-iz-dinama-kako-bi-ispunio-san\\\/#primaryimage\"},\"image\":{\"@id\":\"https:\\\/\\\/radioljubuski.ba\\\/index.php\\\/2022\\\/05\\\/26\\\/orsic-odlazi-iz-dinama-kako-bi-ispunio-san\\\/#primaryimage\"},\"thumbnailUrl\":\"https:\\\/\\\/radioljubuski.ba\\\/wp-content\\\/uploads\\\/2022\\\/05\\\/orsic.jpg\",\"datePublished\":\"2022-05-26T07:50:00+00:00\",\"breadcrumb\":{\"@id\":\"https:\\\/\\\/radioljubuski.ba\\\/index.php\\\/2022\\\/05\\\/26\\\/orsic-odlazi-iz-dinama-kako-bi-ispunio-san\\\/#breadcrumb\"},\"inLanguage\":\"hr\",\"potentialAction\":[{\"@type\":\"ReadAction\",\"target\":[\"https:\\\/\\\/radioljubuski.ba\\\/index.php\\\/2022\\\/05\\\/26\\\/orsic-odlazi-iz-dinama-kako-bi-ispunio-san\\\/\"]}]},{\"@type\":\"ImageObject\",\"inLanguage\":\"hr\",\"@id\":\"https:\\\/\\\/radioljubuski.ba\\\/index.php\\\/2022\\\/05\\\/26\\\/orsic-odlazi-iz-dinama-kako-bi-ispunio-san\\\/#primaryimage\",\"url\":\"https:\\\/\\\/radioljubuski.ba\\\/wp-content\\\/uploads\\\/2022\\\/05\\\/orsic.jpg\",\"contentUrl\":\"https:\\\/\\\/radioljubuski.ba\\\/wp-content\\\/uploads\\\/2022\\\/05\\\/orsic.jpg\",\"width\":275,\"height\":183},{\"@type\":\"BreadcrumbList\",\"@id\":\"https:\\\/\\\/radioljubuski.ba\\\/index.php\\\/2022\\\/05\\\/26\\\/orsic-odlazi-iz-dinama-kako-bi-ispunio-san\\\/#breadcrumb\",\"itemListElement\":[{\"@type\":\"ListItem\",\"position\":1,\"name\":\"Po\u010detna stranica\",\"item\":\"https:\\\/\\\/radioljubuski.ba\\\/\"},{\"@type\":\"ListItem\",\"position\":2,\"name\":\"Or\u0161i\u0107 odlazi iz Dinama kako bi ispunio san?\"}]},{\"@type\":\"WebSite\",\"@id\":\"https:\\\/\\\/radioljubuski.ba\\\/#website\",\"url\":\"https:\\\/\\\/radioljubuski.ba\\\/\",\"name\":\"Radio Ljubu\u0161ki\",\"description\":\"Sun\u010dana frekvencija Hercegovine\",\"publisher\":{\"@id\":\"https:\\\/\\\/radioljubuski.ba\\\/#organization\"},\"potentialAction\":[{\"@type\":\"SearchAction\",\"target\":{\"@type\":\"EntryPoint\",\"urlTemplate\":\"https:\\\/\\\/radioljubuski.ba\\\/?s={search_term_string}\"},\"query-input\":{\"@type\":\"PropertyValueSpecification\",\"valueRequired\":true,\"valueName\":\"search_term_string\"}}],\"inLanguage\":\"hr\"},{\"@type\":\"Organization\",\"@id\":\"https:\\\/\\\/radioljubuski.ba\\\/#organization\",\"name\":\"Radio Ljubu\u0161ki\",\"url\":\"https:\\\/\\\/radioljubuski.ba\\\/\",\"logo\":{\"@type\":\"ImageObject\",\"inLanguage\":\"hr\",\"@id\":\"https:\\\/\\\/radioljubuski.ba\\\/#\\\/schema\\\/logo\\\/image\\\/\",\"url\":\"https:\\\/\\\/radioljubuski.ba\\\/wp-content\\\/uploads\\\/2021\\\/02\\\/cropped-Radio_Ljubuski_logo1.jpg\",\"contentUrl\":\"https:\\\/\\\/radioljubuski.ba\\\/wp-content\\\/uploads\\\/2021\\\/02\\\/cropped-Radio_Ljubuski_logo1.jpg\",\"width\":512,\"height\":512,\"caption\":\"Radio Ljubu\u0161ki\"},\"image\":{\"@id\":\"https:\\\/\\\/radioljubuski.ba\\\/#\\\/schema\\\/logo\\\/image\\\/\"},\"sameAs\":[\"https:\\\/\\\/www.facebook.com\\\/Radiio-Ljubuski-1490835324566332\",\"https:\\\/\\\/x.com\\\/radioljubuski\",\"https:\\\/\\\/hr.linkedin.com\\\/company\\\/radio-ljubuski\",\"https:\\\/\\\/www.youtube.com\\\/channel\\\/UCHYaeO_n0Db3tjNGudGpXyw\"]},{\"@type\":\"Person\",\"@id\":\"https:\\\/\\\/radioljubuski.ba\\\/#\\\/schema\\\/person\\\/19fc700381a780f69665d7956c469e3b\",\"name\":\"Radio Ljubu\u0161ki\"}]}<\/script>\n<!-- \/ Yoast SEO plugin. -->","yoast_head_json":{"title":"Or\u0161i\u0107 odlazi iz Dinama kako bi ispunio san? - RADIO LJUBU\u0160KI","robots":{"index":"index","follow":"follow","max-snippet":"max-snippet:-1","max-image-preview":"max-image-preview:large","max-video-preview":"max-video-preview:-1"},"canonical":"https:\/\/radioljubuski.ba\/index.php\/2022\/05\/26\/orsic-odlazi-iz-dinama-kako-bi-ispunio-san\/","og_locale":"hr_HR","og_type":"article","og_title":"Or\u0161i\u0107 odlazi iz Dinama kako bi ispunio san? - RADIO LJUBU\u0160KI","og_description":"Mislav Or\u0161i\u0107u pro\u0161lom prijelaznom roku bio je blizu Burnleyja, ali je na kraju u dogovoru s Dinamom ostao na Maksimiru kako bi pomogao zagreba\u010dkom klubu obraniti naslov prvaka.\u00a0 Burnley je za najboljeg strijelca Dinama nudio malo manje od deset milijuna eura. Da je Burnley ostao u Premier ligi, Or\u0161i\u0107 bi ovog ljeta, nakon \u0161to je [&hellip;]","og_url":"https:\/\/radioljubuski.ba\/index.php\/2022\/05\/26\/orsic-odlazi-iz-dinama-kako-bi-ispunio-san\/","og_site_name":"RADIO LJUBU\u0160KI","article_publisher":"https:\/\/www.facebook.com\/Radiio-Ljubuski-1490835324566332","article_published_time":"2022-05-26T07:50:00+00:00","og_image":[{"width":275,"height":183,"url":"https:\/\/radioljubuski.ba\/wp-content\/uploads\/2022\/05\/orsic.jpg","type":"image\/jpeg"}],"author":"Radio Ljubu\u0161ki","twitter_card":"summary_large_image","twitter_creator":"@radioljubuski","twitter_site":"@radioljubuski","twitter_misc":{"Napisao\/la":"Radio Ljubu\u0161ki","Procijenjeno vrijeme \u010ditanja":"1 minuta"},"schema":{"@context":"https:\/\/schema.org","@graph":[{"@type":"Article","@id":"https:\/\/radioljubuski.ba\/index.php\/2022\/05\/26\/orsic-odlazi-iz-dinama-kako-bi-ispunio-san\/#article","isPartOf":{"@id":"https:\/\/radioljubuski.ba\/index.php\/2022\/05\/26\/orsic-odlazi-iz-dinama-kako-bi-ispunio-san\/"},"author":{"name":"Radio Ljubu\u0161ki","@id":"https:\/\/radioljubuski.ba\/#\/schema\/person\/19fc700381a780f69665d7956c469e3b"},"headline":"Or\u0161i\u0107 odlazi iz Dinama kako bi ispunio san?","datePublished":"2022-05-26T07:50:00+00:00","mainEntityOfPage":{"@id":"https:\/\/radioljubuski.ba\/index.php\/2022\/05\/26\/orsic-odlazi-iz-dinama-kako-bi-ispunio-san\/"},"wordCount":218,"publisher":{"@id":"https:\/\/radioljubuski.ba\/#organization"},"image":{"@id":"https:\/\/radioljubuski.ba\/index.php\/2022\/05\/26\/orsic-odlazi-iz-dinama-kako-bi-ispunio-san\/#primaryimage"},"thumbnailUrl":"https:\/\/radioljubuski.ba\/wp-content\/uploads\/2022\/05\/orsic.jpg","articleSection":["\u0160port"],"inLanguage":"hr"},{"@type":"WebPage","@id":"https:\/\/radioljubuski.ba\/index.php\/2022\/05\/26\/orsic-odlazi-iz-dinama-kako-bi-ispunio-san\/","url":"https:\/\/radioljubuski.ba\/index.php\/2022\/05\/26\/orsic-odlazi-iz-dinama-kako-bi-ispunio-san\/","name":"Or\u0161i\u0107 odlazi iz Dinama kako bi ispunio san? - RADIO LJUBU\u0160KI","isPartOf":{"@id":"https:\/\/radioljubuski.ba\/#website"},"primaryImageOfPage":{"@id":"https:\/\/radioljubuski.ba\/index.php\/2022\/05\/26\/orsic-odlazi-iz-dinama-kako-bi-ispunio-san\/#primaryimage"},"image":{"@id":"https:\/\/radioljubuski.ba\/index.php\/2022\/05\/26\/orsic-odlazi-iz-dinama-kako-bi-ispunio-san\/#primaryimage"},"thumbnailUrl":"https:\/\/radioljubuski.ba\/wp-content\/uploads\/2022\/05\/orsic.jpg","datePublished":"2022-05-26T07:50:00+00:00","breadcrumb":{"@id":"https:\/\/radioljubuski.ba\/index.php\/2022\/05\/26\/orsic-odlazi-iz-dinama-kako-bi-ispunio-san\/#breadcrumb"},"inLanguage":"hr","potentialAction":[{"@type":"ReadAction","target":["https:\/\/radioljubuski.ba\/index.php\/2022\/05\/26\/orsic-odlazi-iz-dinama-kako-bi-ispunio-san\/"]}]},{"@type":"ImageObject","inLanguage":"hr","@id":"https:\/\/radioljubuski.ba\/index.php\/2022\/05\/26\/orsic-odlazi-iz-dinama-kako-bi-ispunio-san\/#primaryimage","url":"https:\/\/radioljubuski.ba\/wp-content\/uploads\/2022\/05\/orsic.jpg","contentUrl":"https:\/\/radioljubuski.ba\/wp-content\/uploads\/2022\/05\/orsic.jpg","width":275,"height":183},{"@type":"BreadcrumbList","@id":"https:\/\/radioljubuski.ba\/index.php\/2022\/05\/26\/orsic-odlazi-iz-dinama-kako-bi-ispunio-san\/#breadcrumb","itemListElement":[{"@type":"ListItem","position":1,"name":"Po\u010detna stranica","item":"https:\/\/radioljubuski.ba\/"},{"@type":"ListItem","position":2,"name":"Or\u0161i\u0107 odlazi iz Dinama kako bi ispunio san?"}]},{"@type":"WebSite","@id":"https:\/\/radioljubuski.ba\/#website","url":"https:\/\/radioljubuski.ba\/","name":"Radio Ljubu\u0161ki","description":"Sun\u010dana frekvencija Hercegovine","publisher":{"@id":"https:\/\/radioljubuski.ba\/#organization"},"potentialAction":[{"@type":"SearchAction","target":{"@type":"EntryPoint","urlTemplate":"https:\/\/radioljubuski.ba\/?s={search_term_string}"},"query-input":{"@type":"PropertyValueSpecification","valueRequired":true,"valueName":"search_term_string"}}],"inLanguage":"hr"},{"@type":"Organization","@id":"https:\/\/radioljubuski.ba\/#organization","name":"Radio Ljubu\u0161ki","url":"https:\/\/radioljubuski.ba\/","logo":{"@type":"ImageObject","inLanguage":"hr","@id":"https:\/\/radioljubuski.ba\/#\/schema\/logo\/image\/","url":"https:\/\/radioljubuski.ba\/wp-content\/uploads\/2021\/02\/cropped-Radio_Ljubuski_logo1.jpg","contentUrl":"https:\/\/radioljubuski.ba\/wp-content\/uploads\/2021\/02\/cropped-Radio_Ljubuski_logo1.jpg","width":512,"height":512,"caption":"Radio Ljubu\u0161ki"},"image":{"@id":"https:\/\/radioljubuski.ba\/#\/schema\/logo\/image\/"},"sameAs":["https:\/\/www.facebook.com\/Radiio-Ljubuski-1490835324566332","https:\/\/x.com\/radioljubuski","https:\/\/hr.linkedin.com\/company\/radio-ljubuski","https:\/\/www.youtube.com\/channel\/UCHYaeO_n0Db3tjNGudGpXyw"]},{"@type":"Person","@id":"https:\/\/radioljubuski.ba\/#\/schema\/person\/19fc700381a780f69665d7956c469e3b","name":"Radio Ljubu\u0161ki"}]}},"_links":{"self":[{"href":"https:\/\/radioljubuski.ba\/index.php\/wp-json\/wp\/v2\/posts\/144018","targetHints":{"allow":["GET"]}}],"collection":[{"href":"https:\/\/radioljubuski.ba\/index.php\/wp-json\/wp\/v2\/posts"}],"about":[{"href":"https:\/\/radioljubuski.ba\/index.php\/wp-json\/wp\/v2\/types\/post"}],"author":[{"embeddable":true,"href":"https:\/\/radioljubuski.ba\/index.php\/wp-json\/wp\/v2\/users\/2"}],"replies":[{"embeddable":true,"href":"https:\/\/radioljubuski.ba\/index.php\/wp-json\/wp\/v2\/comments?post=144018"}],"version-history":[{"count":1,"href":"https:\/\/radioljubuski.ba\/index.php\/wp-json\/wp\/v2\/posts\/144018\/revisions"}],"predecessor-version":[{"id":144020,"href":"https:\/\/radioljubuski.ba\/index.php\/wp-json\/wp\/v2\/posts\/144018\/revisions\/144020"}],"wp:featuredmedia":[{"embeddable":true,"href":"https:\/\/radioljubuski.ba\/index.php\/wp-json\/wp\/v2\/media\/144019"}],"wp:attachment":[{"href":"https:\/\/radioljubuski.ba\/index.php\/wp-json\/wp\/v2\/media?parent=144018"}],"wp:term":[{"taxonomy":"category","embeddable":true,"href":"https:\/\/radioljubuski.ba\/index.php\/wp-json\/wp\/v2\/categories?post=144018"},{"taxonomy":"post_tag","embeddable":true,"href":"https:\/\/radioljubuski.ba\/index.php\/wp-json\/wp\/v2\/tags?post=144018"}],"curies":[{"name":"wp","href":"https:\/\/api.w.org\/{rel}","templated":true}]}}