{"id":144027,"date":"2022-05-26T09:40:44","date_gmt":"2022-05-26T08:40:44","guid":{"rendered":"https:\/\/radioljubuski.ba\/?p=144027"},"modified":"2022-05-26T09:40:45","modified_gmt":"2022-05-26T08:40:45","slug":"fra-miljenko-steko-izabran-za-gvardijana-medunarodnog-zavoda-antonianum-u-rimu","status":"publish","type":"post","link":"https:\/\/radioljubuski.ba\/index.php\/2022\/05\/26\/fra-miljenko-steko-izabran-za-gvardijana-medunarodnog-zavoda-antonianum-u-rimu\/","title":{"rendered":"Fra Miljenko \u0160teko izabran za gvardijana Me\u0111unarodnog zavoda Antonianum u Rimu"},"content":{"rendered":"\n<p>Za vrijeme kapitula bratstva u srijedu, 25. svibnja 2022. u ve\u010dernjim satima, Generalni ministar Reda manje bra\u0107e fra Massimo Fusarelli, objavio je vijest da je Generalni defininitorij, na redovitom svibanjskom zasjedanju, izabrao fra Miljenka \u0160teku, \u010dlana Hercegova\u010dke franjeva\u010dke provincije Uznesenja BDM sa sjedi\u0161tem u Mostaru, gvardijanom Me\u0111unarodnog zavoda Antonianum u Rimu &#8211; Collegium S. Antonii Patavini in Urbe.<\/p>\n\n\n\n<p>Ovim izborom i imenovanjem fra Miljenko postaje redovni\u010dki poglavar me\u0111unarodnoga bratstva koje ima vi\u0161e od sto pedeset franjevaca, a dolaze sa \u0161est kontinenata, iz pedesetak razli\u010ditih provincija i kustodija Reda.<\/p>\n\n\n\n<p>Me\u0111unarodnom zavodu Reda (CISA) pripada stalno bratstvo profesora, ispovjednika i ostale bra\u0107e pod obedijencijom Generalnoga ministra, te bratstvo poslijediplomskih franjeva\u010dkih studenata \u201eGabriele Allegra\u201c.<\/p>\n\n\n\n<p>Djelatnosti bratstva odnose se na obavljanje sveu\u010dili\u0161nih zada\u0107a i izvo\u0111enje studija na Papinskom franjeva\u010dkom sveu\u010dili\u0161tu \u201eAntonianum\u201c, na vodstvo i djelovanje Papinske me\u0111unarodne marijanske akademije, Me\u0111unarodne skotisti\u010dke komisije, te pastoralne djelatnosti vezane uz franjeva\u010dku Baziliku posve\u0107enu sv. Anti &#8211; titularnu baziliku kardinala i Baziliku Svetog Ivana Lateranskog, rimsku katedralu, u kojoj su ovi franjevci stalni ispovjednici.<\/p>\n\n\n\n<p>\u201eFra Miljenku \u010destitamo na novome odgovornom imenovanju i molimo Bo\u017eji blagoslov za njegovo daljnje slu\u017eenje na\u0161emu Redu\u201c, stoji u priop\u0107enju Hercegova\u010dke franjeva\u010dke provincije Uznesenja BDM.&nbsp;<\/p>\n\n\n\n<p>Izvor:pogled.ba<\/p>\n","protected":false},"excerpt":{"rendered":"<p>Za vrijeme kapitula bratstva u srijedu, 25. svibnja 2022. u ve\u010dernjim satima, Generalni ministar Reda manje bra\u0107e fra Massimo Fusarelli, objavio je vijest da je Generalni defininitorij, na redovitom svibanjskom zasjedanju, izabrao fra Miljenka \u0160teku, \u010dlana Hercegova\u010dke franjeva\u010dke provincije Uznesenja BDM sa sjedi\u0161tem u Mostaru, gvardijanom Me\u0111unarodnog zavoda Antonianum u Rimu &#8211; Collegium S. Antonii [&hellip;]<\/p>\n","protected":false},"author":2,"featured_media":144028,"comment_status":"closed","ping_status":"closed","sticky":false,"template":"","format":"standard","meta":{"h5ap_radio_sources":[],"footnotes":""},"categories":[1],"tags":[],"class_list":["post-144027","post","type-post","status-publish","format-standard","has-post-thumbnail","hentry","category-bihiregija"],"yoast_head":"<!-- This site is optimized with the Yoast SEO plugin v27.5 - https:\/\/yoast.com\/product\/yoast-seo-wordpress\/ -->\n<title>Fra Miljenko \u0160teko izabran za gvardijana Me\u0111unarodnog zavoda Antonianum u Rimu - RADIO LJUBU\u0160KI<\/title>\n<meta name=\"robots\" content=\"index, follow, max-snippet:-1, max-image-preview:large, max-video-preview:-1\" \/>\n<link rel=\"canonical\" href=\"https:\/\/radioljubuski.ba\/index.php\/2022\/05\/26\/fra-miljenko-steko-izabran-za-gvardijana-medunarodnog-zavoda-antonianum-u-rimu\/\" \/>\n<meta property=\"og:locale\" content=\"hr_HR\" \/>\n<meta property=\"og:type\" content=\"article\" \/>\n<meta property=\"og:title\" content=\"Fra Miljenko \u0160teko izabran za gvardijana Me\u0111unarodnog zavoda Antonianum u Rimu - RADIO LJUBU\u0160KI\" \/>\n<meta property=\"og:description\" content=\"Za vrijeme kapitula bratstva u srijedu, 25. svibnja 2022. u ve\u010dernjim satima, Generalni ministar Reda manje bra\u0107e fra Massimo Fusarelli, objavio je vijest da je Generalni defininitorij, na redovitom svibanjskom zasjedanju, izabrao fra Miljenka \u0160teku, \u010dlana Hercegova\u010dke franjeva\u010dke provincije Uznesenja BDM sa sjedi\u0161tem u Mostaru, gvardijanom Me\u0111unarodnog zavoda Antonianum u Rimu &#8211; Collegium S. Antonii [&hellip;]\" \/>\n<meta property=\"og:url\" content=\"https:\/\/radioljubuski.ba\/index.php\/2022\/05\/26\/fra-miljenko-steko-izabran-za-gvardijana-medunarodnog-zavoda-antonianum-u-rimu\/\" \/>\n<meta property=\"og:site_name\" content=\"RADIO LJUBU\u0160KI\" \/>\n<meta property=\"article:publisher\" content=\"https:\/\/www.facebook.com\/Radiio-Ljubuski-1490835324566332\" \/>\n<meta property=\"article:published_time\" content=\"2022-05-26T08:40:44+00:00\" \/>\n<meta property=\"article:modified_time\" content=\"2022-05-26T08:40:45+00:00\" \/>\n<meta property=\"og:image\" content=\"https:\/\/radioljubuski.ba\/wp-content\/uploads\/2022\/05\/St6lJXdc_miljenko_steko_2018_001.jpg\" \/>\n\t<meta property=\"og:image:width\" content=\"1000\" \/>\n\t<meta property=\"og:image:height\" content=\"625\" \/>\n\t<meta property=\"og:image:type\" content=\"image\/jpeg\" \/>\n<meta name=\"author\" content=\"Radio Ljubu\u0161ki\" \/>\n<meta name=\"twitter:card\" content=\"summary_large_image\" \/>\n<meta name=\"twitter:creator\" content=\"@radioljubuski\" \/>\n<meta name=\"twitter:site\" content=\"@radioljubuski\" \/>\n<meta name=\"twitter:label1\" content=\"Napisao\/la\" \/>\n\t<meta name=\"twitter:data1\" content=\"Radio Ljubu\u0161ki\" \/>\n\t<meta name=\"twitter:label2\" content=\"Procijenjeno vrijeme \u010ditanja\" \/>\n\t<meta name=\"twitter:data2\" content=\"1 minuta\" \/>\n<script type=\"application\/ld+json\" class=\"yoast-schema-graph\">{\"@context\":\"https:\\\/\\\/schema.org\",\"@graph\":[{\"@type\":\"Article\",\"@id\":\"https:\\\/\\\/radioljubuski.ba\\\/index.php\\\/2022\\\/05\\\/26\\\/fra-miljenko-steko-izabran-za-gvardijana-medunarodnog-zavoda-antonianum-u-rimu\\\/#article\",\"isPartOf\":{\"@id\":\"https:\\\/\\\/radioljubuski.ba\\\/index.php\\\/2022\\\/05\\\/26\\\/fra-miljenko-steko-izabran-za-gvardijana-medunarodnog-zavoda-antonianum-u-rimu\\\/\"},\"author\":{\"name\":\"Radio Ljubu\u0161ki\",\"@id\":\"https:\\\/\\\/radioljubuski.ba\\\/#\\\/schema\\\/person\\\/19fc700381a780f69665d7956c469e3b\"},\"headline\":\"Fra Miljenko \u0160teko izabran za gvardijana Me\u0111unarodnog zavoda Antonianum u Rimu\",\"datePublished\":\"2022-05-26T08:40:44+00:00\",\"dateModified\":\"2022-05-26T08:40:45+00:00\",\"mainEntityOfPage\":{\"@id\":\"https:\\\/\\\/radioljubuski.ba\\\/index.php\\\/2022\\\/05\\\/26\\\/fra-miljenko-steko-izabran-za-gvardijana-medunarodnog-zavoda-antonianum-u-rimu\\\/\"},\"wordCount\":236,\"publisher\":{\"@id\":\"https:\\\/\\\/radioljubuski.ba\\\/#organization\"},\"image\":{\"@id\":\"https:\\\/\\\/radioljubuski.ba\\\/index.php\\\/2022\\\/05\\\/26\\\/fra-miljenko-steko-izabran-za-gvardijana-medunarodnog-zavoda-antonianum-u-rimu\\\/#primaryimage\"},\"thumbnailUrl\":\"https:\\\/\\\/radioljubuski.ba\\\/wp-content\\\/uploads\\\/2022\\\/05\\\/St6lJXdc_miljenko_steko_2018_001.jpg\",\"articleSection\":[\"BIH i regija\"],\"inLanguage\":\"hr\"},{\"@type\":\"WebPage\",\"@id\":\"https:\\\/\\\/radioljubuski.ba\\\/index.php\\\/2022\\\/05\\\/26\\\/fra-miljenko-steko-izabran-za-gvardijana-medunarodnog-zavoda-antonianum-u-rimu\\\/\",\"url\":\"https:\\\/\\\/radioljubuski.ba\\\/index.php\\\/2022\\\/05\\\/26\\\/fra-miljenko-steko-izabran-za-gvardijana-medunarodnog-zavoda-antonianum-u-rimu\\\/\",\"name\":\"Fra Miljenko \u0160teko izabran za gvardijana Me\u0111unarodnog zavoda Antonianum u Rimu - RADIO LJUBU\u0160KI\",\"isPartOf\":{\"@id\":\"https:\\\/\\\/radioljubuski.ba\\\/#website\"},\"primaryImageOfPage\":{\"@id\":\"https:\\\/\\\/radioljubuski.ba\\\/index.php\\\/2022\\\/05\\\/26\\\/fra-miljenko-steko-izabran-za-gvardijana-medunarodnog-zavoda-antonianum-u-rimu\\\/#primaryimage\"},\"image\":{\"@id\":\"https:\\\/\\\/radioljubuski.ba\\\/index.php\\\/2022\\\/05\\\/26\\\/fra-miljenko-steko-izabran-za-gvardijana-medunarodnog-zavoda-antonianum-u-rimu\\\/#primaryimage\"},\"thumbnailUrl\":\"https:\\\/\\\/radioljubuski.ba\\\/wp-content\\\/uploads\\\/2022\\\/05\\\/St6lJXdc_miljenko_steko_2018_001.jpg\",\"datePublished\":\"2022-05-26T08:40:44+00:00\",\"dateModified\":\"2022-05-26T08:40:45+00:00\",\"breadcrumb\":{\"@id\":\"https:\\\/\\\/radioljubuski.ba\\\/index.php\\\/2022\\\/05\\\/26\\\/fra-miljenko-steko-izabran-za-gvardijana-medunarodnog-zavoda-antonianum-u-rimu\\\/#breadcrumb\"},\"inLanguage\":\"hr\",\"potentialAction\":[{\"@type\":\"ReadAction\",\"target\":[\"https:\\\/\\\/radioljubuski.ba\\\/index.php\\\/2022\\\/05\\\/26\\\/fra-miljenko-steko-izabran-za-gvardijana-medunarodnog-zavoda-antonianum-u-rimu\\\/\"]}]},{\"@type\":\"ImageObject\",\"inLanguage\":\"hr\",\"@id\":\"https:\\\/\\\/radioljubuski.ba\\\/index.php\\\/2022\\\/05\\\/26\\\/fra-miljenko-steko-izabran-za-gvardijana-medunarodnog-zavoda-antonianum-u-rimu\\\/#primaryimage\",\"url\":\"https:\\\/\\\/radioljubuski.ba\\\/wp-content\\\/uploads\\\/2022\\\/05\\\/St6lJXdc_miljenko_steko_2018_001.jpg\",\"contentUrl\":\"https:\\\/\\\/radioljubuski.ba\\\/wp-content\\\/uploads\\\/2022\\\/05\\\/St6lJXdc_miljenko_steko_2018_001.jpg\",\"width\":1000,\"height\":625},{\"@type\":\"BreadcrumbList\",\"@id\":\"https:\\\/\\\/radioljubuski.ba\\\/index.php\\\/2022\\\/05\\\/26\\\/fra-miljenko-steko-izabran-za-gvardijana-medunarodnog-zavoda-antonianum-u-rimu\\\/#breadcrumb\",\"itemListElement\":[{\"@type\":\"ListItem\",\"position\":1,\"name\":\"Po\u010detna stranica\",\"item\":\"https:\\\/\\\/radioljubuski.ba\\\/\"},{\"@type\":\"ListItem\",\"position\":2,\"name\":\"Fra Miljenko \u0160teko izabran za gvardijana Me\u0111unarodnog zavoda Antonianum u Rimu\"}]},{\"@type\":\"WebSite\",\"@id\":\"https:\\\/\\\/radioljubuski.ba\\\/#website\",\"url\":\"https:\\\/\\\/radioljubuski.ba\\\/\",\"name\":\"Radio Ljubu\u0161ki\",\"description\":\"Sun\u010dana frekvencija Hercegovine\",\"publisher\":{\"@id\":\"https:\\\/\\\/radioljubuski.ba\\\/#organization\"},\"potentialAction\":[{\"@type\":\"SearchAction\",\"target\":{\"@type\":\"EntryPoint\",\"urlTemplate\":\"https:\\\/\\\/radioljubuski.ba\\\/?s={search_term_string}\"},\"query-input\":{\"@type\":\"PropertyValueSpecification\",\"valueRequired\":true,\"valueName\":\"search_term_string\"}}],\"inLanguage\":\"hr\"},{\"@type\":\"Organization\",\"@id\":\"https:\\\/\\\/radioljubuski.ba\\\/#organization\",\"name\":\"Radio Ljubu\u0161ki\",\"url\":\"https:\\\/\\\/radioljubuski.ba\\\/\",\"logo\":{\"@type\":\"ImageObject\",\"inLanguage\":\"hr\",\"@id\":\"https:\\\/\\\/radioljubuski.ba\\\/#\\\/schema\\\/logo\\\/image\\\/\",\"url\":\"https:\\\/\\\/radioljubuski.ba\\\/wp-content\\\/uploads\\\/2021\\\/02\\\/cropped-Radio_Ljubuski_logo1.jpg\",\"contentUrl\":\"https:\\\/\\\/radioljubuski.ba\\\/wp-content\\\/uploads\\\/2021\\\/02\\\/cropped-Radio_Ljubuski_logo1.jpg\",\"width\":512,\"height\":512,\"caption\":\"Radio Ljubu\u0161ki\"},\"image\":{\"@id\":\"https:\\\/\\\/radioljubuski.ba\\\/#\\\/schema\\\/logo\\\/image\\\/\"},\"sameAs\":[\"https:\\\/\\\/www.facebook.com\\\/Radiio-Ljubuski-1490835324566332\",\"https:\\\/\\\/x.com\\\/radioljubuski\",\"https:\\\/\\\/hr.linkedin.com\\\/company\\\/radio-ljubuski\",\"https:\\\/\\\/www.youtube.com\\\/channel\\\/UCHYaeO_n0Db3tjNGudGpXyw\"]},{\"@type\":\"Person\",\"@id\":\"https:\\\/\\\/radioljubuski.ba\\\/#\\\/schema\\\/person\\\/19fc700381a780f69665d7956c469e3b\",\"name\":\"Radio Ljubu\u0161ki\"}]}<\/script>\n<!-- \/ Yoast SEO plugin. -->","yoast_head_json":{"title":"Fra Miljenko \u0160teko izabran za gvardijana Me\u0111unarodnog zavoda Antonianum u Rimu - RADIO LJUBU\u0160KI","robots":{"index":"index","follow":"follow","max-snippet":"max-snippet:-1","max-image-preview":"max-image-preview:large","max-video-preview":"max-video-preview:-1"},"canonical":"https:\/\/radioljubuski.ba\/index.php\/2022\/05\/26\/fra-miljenko-steko-izabran-za-gvardijana-medunarodnog-zavoda-antonianum-u-rimu\/","og_locale":"hr_HR","og_type":"article","og_title":"Fra Miljenko \u0160teko izabran za gvardijana Me\u0111unarodnog zavoda Antonianum u Rimu - RADIO LJUBU\u0160KI","og_description":"Za vrijeme kapitula bratstva u srijedu, 25. svibnja 2022. u ve\u010dernjim satima, Generalni ministar Reda manje bra\u0107e fra Massimo Fusarelli, objavio je vijest da je Generalni defininitorij, na redovitom svibanjskom zasjedanju, izabrao fra Miljenka \u0160teku, \u010dlana Hercegova\u010dke franjeva\u010dke provincije Uznesenja BDM sa sjedi\u0161tem u Mostaru, gvardijanom Me\u0111unarodnog zavoda Antonianum u Rimu &#8211; Collegium S. Antonii [&hellip;]","og_url":"https:\/\/radioljubuski.ba\/index.php\/2022\/05\/26\/fra-miljenko-steko-izabran-za-gvardijana-medunarodnog-zavoda-antonianum-u-rimu\/","og_site_name":"RADIO LJUBU\u0160KI","article_publisher":"https:\/\/www.facebook.com\/Radiio-Ljubuski-1490835324566332","article_published_time":"2022-05-26T08:40:44+00:00","article_modified_time":"2022-05-26T08:40:45+00:00","og_image":[{"width":1000,"height":625,"url":"https:\/\/radioljubuski.ba\/wp-content\/uploads\/2022\/05\/St6lJXdc_miljenko_steko_2018_001.jpg","type":"image\/jpeg"}],"author":"Radio Ljubu\u0161ki","twitter_card":"summary_large_image","twitter_creator":"@radioljubuski","twitter_site":"@radioljubuski","twitter_misc":{"Napisao\/la":"Radio Ljubu\u0161ki","Procijenjeno vrijeme \u010ditanja":"1 minuta"},"schema":{"@context":"https:\/\/schema.org","@graph":[{"@type":"Article","@id":"https:\/\/radioljubuski.ba\/index.php\/2022\/05\/26\/fra-miljenko-steko-izabran-za-gvardijana-medunarodnog-zavoda-antonianum-u-rimu\/#article","isPartOf":{"@id":"https:\/\/radioljubuski.ba\/index.php\/2022\/05\/26\/fra-miljenko-steko-izabran-za-gvardijana-medunarodnog-zavoda-antonianum-u-rimu\/"},"author":{"name":"Radio Ljubu\u0161ki","@id":"https:\/\/radioljubuski.ba\/#\/schema\/person\/19fc700381a780f69665d7956c469e3b"},"headline":"Fra Miljenko \u0160teko izabran za gvardijana Me\u0111unarodnog zavoda Antonianum u Rimu","datePublished":"2022-05-26T08:40:44+00:00","dateModified":"2022-05-26T08:40:45+00:00","mainEntityOfPage":{"@id":"https:\/\/radioljubuski.ba\/index.php\/2022\/05\/26\/fra-miljenko-steko-izabran-za-gvardijana-medunarodnog-zavoda-antonianum-u-rimu\/"},"wordCount":236,"publisher":{"@id":"https:\/\/radioljubuski.ba\/#organization"},"image":{"@id":"https:\/\/radioljubuski.ba\/index.php\/2022\/05\/26\/fra-miljenko-steko-izabran-za-gvardijana-medunarodnog-zavoda-antonianum-u-rimu\/#primaryimage"},"thumbnailUrl":"https:\/\/radioljubuski.ba\/wp-content\/uploads\/2022\/05\/St6lJXdc_miljenko_steko_2018_001.jpg","articleSection":["BIH i regija"],"inLanguage":"hr"},{"@type":"WebPage","@id":"https:\/\/radioljubuski.ba\/index.php\/2022\/05\/26\/fra-miljenko-steko-izabran-za-gvardijana-medunarodnog-zavoda-antonianum-u-rimu\/","url":"https:\/\/radioljubuski.ba\/index.php\/2022\/05\/26\/fra-miljenko-steko-izabran-za-gvardijana-medunarodnog-zavoda-antonianum-u-rimu\/","name":"Fra Miljenko \u0160teko izabran za gvardijana Me\u0111unarodnog zavoda Antonianum u Rimu - RADIO LJUBU\u0160KI","isPartOf":{"@id":"https:\/\/radioljubuski.ba\/#website"},"primaryImageOfPage":{"@id":"https:\/\/radioljubuski.ba\/index.php\/2022\/05\/26\/fra-miljenko-steko-izabran-za-gvardijana-medunarodnog-zavoda-antonianum-u-rimu\/#primaryimage"},"image":{"@id":"https:\/\/radioljubuski.ba\/index.php\/2022\/05\/26\/fra-miljenko-steko-izabran-za-gvardijana-medunarodnog-zavoda-antonianum-u-rimu\/#primaryimage"},"thumbnailUrl":"https:\/\/radioljubuski.ba\/wp-content\/uploads\/2022\/05\/St6lJXdc_miljenko_steko_2018_001.jpg","datePublished":"2022-05-26T08:40:44+00:00","dateModified":"2022-05-26T08:40:45+00:00","breadcrumb":{"@id":"https:\/\/radioljubuski.ba\/index.php\/2022\/05\/26\/fra-miljenko-steko-izabran-za-gvardijana-medunarodnog-zavoda-antonianum-u-rimu\/#breadcrumb"},"inLanguage":"hr","potentialAction":[{"@type":"ReadAction","target":["https:\/\/radioljubuski.ba\/index.php\/2022\/05\/26\/fra-miljenko-steko-izabran-za-gvardijana-medunarodnog-zavoda-antonianum-u-rimu\/"]}]},{"@type":"ImageObject","inLanguage":"hr","@id":"https:\/\/radioljubuski.ba\/index.php\/2022\/05\/26\/fra-miljenko-steko-izabran-za-gvardijana-medunarodnog-zavoda-antonianum-u-rimu\/#primaryimage","url":"https:\/\/radioljubuski.ba\/wp-content\/uploads\/2022\/05\/St6lJXdc_miljenko_steko_2018_001.jpg","contentUrl":"https:\/\/radioljubuski.ba\/wp-content\/uploads\/2022\/05\/St6lJXdc_miljenko_steko_2018_001.jpg","width":1000,"height":625},{"@type":"BreadcrumbList","@id":"https:\/\/radioljubuski.ba\/index.php\/2022\/05\/26\/fra-miljenko-steko-izabran-za-gvardijana-medunarodnog-zavoda-antonianum-u-rimu\/#breadcrumb","itemListElement":[{"@type":"ListItem","position":1,"name":"Po\u010detna stranica","item":"https:\/\/radioljubuski.ba\/"},{"@type":"ListItem","position":2,"name":"Fra Miljenko \u0160teko izabran za gvardijana Me\u0111unarodnog zavoda Antonianum u Rimu"}]},{"@type":"WebSite","@id":"https:\/\/radioljubuski.ba\/#website","url":"https:\/\/radioljubuski.ba\/","name":"Radio Ljubu\u0161ki","description":"Sun\u010dana frekvencija Hercegovine","publisher":{"@id":"https:\/\/radioljubuski.ba\/#organization"},"potentialAction":[{"@type":"SearchAction","target":{"@type":"EntryPoint","urlTemplate":"https:\/\/radioljubuski.ba\/?s={search_term_string}"},"query-input":{"@type":"PropertyValueSpecification","valueRequired":true,"valueName":"search_term_string"}}],"inLanguage":"hr"},{"@type":"Organization","@id":"https:\/\/radioljubuski.ba\/#organization","name":"Radio Ljubu\u0161ki","url":"https:\/\/radioljubuski.ba\/","logo":{"@type":"ImageObject","inLanguage":"hr","@id":"https:\/\/radioljubuski.ba\/#\/schema\/logo\/image\/","url":"https:\/\/radioljubuski.ba\/wp-content\/uploads\/2021\/02\/cropped-Radio_Ljubuski_logo1.jpg","contentUrl":"https:\/\/radioljubuski.ba\/wp-content\/uploads\/2021\/02\/cropped-Radio_Ljubuski_logo1.jpg","width":512,"height":512,"caption":"Radio Ljubu\u0161ki"},"image":{"@id":"https:\/\/radioljubuski.ba\/#\/schema\/logo\/image\/"},"sameAs":["https:\/\/www.facebook.com\/Radiio-Ljubuski-1490835324566332","https:\/\/x.com\/radioljubuski","https:\/\/hr.linkedin.com\/company\/radio-ljubuski","https:\/\/www.youtube.com\/channel\/UCHYaeO_n0Db3tjNGudGpXyw"]},{"@type":"Person","@id":"https:\/\/radioljubuski.ba\/#\/schema\/person\/19fc700381a780f69665d7956c469e3b","name":"Radio Ljubu\u0161ki"}]}},"_links":{"self":[{"href":"https:\/\/radioljubuski.ba\/index.php\/wp-json\/wp\/v2\/posts\/144027","targetHints":{"allow":["GET"]}}],"collection":[{"href":"https:\/\/radioljubuski.ba\/index.php\/wp-json\/wp\/v2\/posts"}],"about":[{"href":"https:\/\/radioljubuski.ba\/index.php\/wp-json\/wp\/v2\/types\/post"}],"author":[{"embeddable":true,"href":"https:\/\/radioljubuski.ba\/index.php\/wp-json\/wp\/v2\/users\/2"}],"replies":[{"embeddable":true,"href":"https:\/\/radioljubuski.ba\/index.php\/wp-json\/wp\/v2\/comments?post=144027"}],"version-history":[{"count":1,"href":"https:\/\/radioljubuski.ba\/index.php\/wp-json\/wp\/v2\/posts\/144027\/revisions"}],"predecessor-version":[{"id":144029,"href":"https:\/\/radioljubuski.ba\/index.php\/wp-json\/wp\/v2\/posts\/144027\/revisions\/144029"}],"wp:featuredmedia":[{"embeddable":true,"href":"https:\/\/radioljubuski.ba\/index.php\/wp-json\/wp\/v2\/media\/144028"}],"wp:attachment":[{"href":"https:\/\/radioljubuski.ba\/index.php\/wp-json\/wp\/v2\/media?parent=144027"}],"wp:term":[{"taxonomy":"category","embeddable":true,"href":"https:\/\/radioljubuski.ba\/index.php\/wp-json\/wp\/v2\/categories?post=144027"},{"taxonomy":"post_tag","embeddable":true,"href":"https:\/\/radioljubuski.ba\/index.php\/wp-json\/wp\/v2\/tags?post=144027"}],"curies":[{"name":"wp","href":"https:\/\/api.w.org\/{rel}","templated":true}]}}