{"id":144033,"date":"2022-05-26T09:43:10","date_gmt":"2022-05-26T08:43:10","guid":{"rendered":"https:\/\/radioljubuski.ba\/?p=144033"},"modified":"2022-05-26T09:43:11","modified_gmt":"2022-05-26T08:43:11","slug":"malinari-traze-minimalnu-cijenu-od-10-maraka-po-kilogramu","status":"publish","type":"post","link":"https:\/\/radioljubuski.ba\/index.php\/2022\/05\/26\/malinari-traze-minimalnu-cijenu-od-10-maraka-po-kilogramu\/","title":{"rendered":"Malinari tra\u017ee minimalnu cijenu od 10 maraka po kilogramu"},"content":{"rendered":"\n<p>Pred malinarima je jo\u0161 jedna neizvjesna sezona, jer je rod \u201ccrvenog zlata\u201d ispod prosjeka, a od cijene koju im ponude hladnja\u010dari ovisi ho\u0107e li uop\u0107e krenuti u berbu, jer svaki iznos ni\u017ei od deset maraka po kilogramu za njih, ka\u017eu, zna\u010di debeli minus na ra\u010dunu i vodi ka uni\u0161tenju zasada.<\/p>\n\n\n\n<p>Ekspanzija uzgoja malina, posebno u Podrinju, po\u010dela je prije nekoliko godina, kada su mnogi zasadili hektare i hektare obradive povr\u0161ine. Truda je trebalo mnogo, a zarada je bila solidna. Nakon tog zlatnog perioda uslijedio je sunovrat malinarstva pa je tijekom jedne sezone kilogram ovog vo\u0107a pla\u0107an svega 1,50 KM, a prije tri godine cijena nije prelazila 2,20 KM, dok je 2020. godine za maline pla\u0107ano oko 3,50 KM.<\/p>\n\n\n\n<p>Iako je i lanjski rod donekle podbacio, kvalitet vo\u0107a je bio izuzetno dobar, a otkupna cijena dostizala je i 6,80 maraka po kilogramu.<\/p>\n\n\n\n<p>Ovogodi\u0161nja berba, ka\u017eu malinari, trebalo bi da po\u010dne kroz desetak dana.<\/p>\n\n\n\n<p>Dragomir Pavlovi\u0107 iz Tesli\u0107a, koji uzgaja maline na pet duluma, rekao je za \u201cGlas Srpske\u201d da \u0107e biti dobro ako ubere i 500 kilograma po dulumu.<\/p>\n\n\n\n<p>&#8211; Rod \u0107e biti ispod prosjeka, s tim da je kvalitet bar za sada dobar. Otkupna cijena jo\u0161 nije poznata, ali ako ostane na razini pro\u0161logodi\u0161nje, ja \u0107u iskr\u010diti malinjake. Neobja\u0161njivo je koliko je sve poskupjelo od \u0111ubriva pa nadalje, a da cijena roda ostane ista. Na osnovu svega toga sve ispod deset maraka zna\u010di minus za proizvo\u0111a\u010de &#8211; rekao je Pavlovi\u0107 naglasiv\u0161i da hladnja\u010dari mudro \u0161ute i \u010dekaju do zadnjeg trena da priop\u0107e cijenu.<\/p>\n\n\n\n<p>Da malinjaci nisu u dobrom stanju potvr\u0111uje i predsjednik Udru\u017eenja malinara Bratunca, Srebrenice i Mili\u0107a \u201cVilamet\u201d Ljubi\u0161a Alempi\u0107, koji nagla\u0161ava da je na tom podru\u010dju rod smanjen za vi\u0161e od 20 posto.<\/p>\n\n\n\n<p>-Malinjaci nisu ni pribli\u017eno u stanju u kakvom bi trebali biti. Berba \u0107e po\u010deti malo ranije nego lani, ve\u0107 oko 10. lipnja. Rijetki su zasadi koji \u0107e dati o\u010dekivani rod &#8211; rekao je Alempi\u0107.<\/p>\n\n\n\n<p>Izvor:pogled.ba<\/p>\n","protected":false},"excerpt":{"rendered":"<p>Pred malinarima je jo\u0161 jedna neizvjesna sezona, jer je rod \u201ccrvenog zlata\u201d ispod prosjeka, a od cijene koju im ponude hladnja\u010dari ovisi ho\u0107e li uop\u0107e krenuti u berbu, jer svaki iznos ni\u017ei od deset maraka po kilogramu za njih, ka\u017eu, zna\u010di debeli minus na ra\u010dunu i vodi ka uni\u0161tenju zasada. Ekspanzija uzgoja malina, posebno u [&hellip;]<\/p>\n","protected":false},"author":2,"featured_media":144034,"comment_status":"closed","ping_status":"closed","sticky":false,"template":"","format":"standard","meta":{"h5ap_radio_sources":[],"footnotes":""},"categories":[1],"tags":[],"class_list":["post-144033","post","type-post","status-publish","format-standard","has-post-thumbnail","hentry","category-bihiregija"],"yoast_head":"<!-- This site is optimized with the Yoast SEO plugin v27.5 - https:\/\/yoast.com\/product\/yoast-seo-wordpress\/ -->\n<title>Malinari tra\u017ee minimalnu cijenu od 10 maraka po kilogramu - RADIO LJUBU\u0160KI<\/title>\n<meta name=\"robots\" content=\"index, follow, max-snippet:-1, max-image-preview:large, max-video-preview:-1\" \/>\n<link rel=\"canonical\" href=\"https:\/\/radioljubuski.ba\/index.php\/2022\/05\/26\/malinari-traze-minimalnu-cijenu-od-10-maraka-po-kilogramu\/\" \/>\n<meta property=\"og:locale\" content=\"hr_HR\" \/>\n<meta property=\"og:type\" content=\"article\" \/>\n<meta property=\"og:title\" content=\"Malinari tra\u017ee minimalnu cijenu od 10 maraka po kilogramu - RADIO LJUBU\u0160KI\" \/>\n<meta property=\"og:description\" content=\"Pred malinarima je jo\u0161 jedna neizvjesna sezona, jer je rod \u201ccrvenog zlata\u201d ispod prosjeka, a od cijene koju im ponude hladnja\u010dari ovisi ho\u0107e li uop\u0107e krenuti u berbu, jer svaki iznos ni\u017ei od deset maraka po kilogramu za njih, ka\u017eu, zna\u010di debeli minus na ra\u010dunu i vodi ka uni\u0161tenju zasada. Ekspanzija uzgoja malina, posebno u [&hellip;]\" \/>\n<meta property=\"og:url\" content=\"https:\/\/radioljubuski.ba\/index.php\/2022\/05\/26\/malinari-traze-minimalnu-cijenu-od-10-maraka-po-kilogramu\/\" \/>\n<meta property=\"og:site_name\" content=\"RADIO LJUBU\u0160KI\" \/>\n<meta property=\"article:publisher\" content=\"https:\/\/www.facebook.com\/Radiio-Ljubuski-1490835324566332\" \/>\n<meta property=\"article:published_time\" content=\"2022-05-26T08:43:10+00:00\" \/>\n<meta property=\"article:modified_time\" content=\"2022-05-26T08:43:11+00:00\" \/>\n<meta property=\"og:image\" content=\"https:\/\/radioljubuski.ba\/wp-content\/uploads\/2022\/05\/2-2022-05-26-08-38-21-maline.jpg\" \/>\n\t<meta property=\"og:image:width\" content=\"1000\" \/>\n\t<meta property=\"og:image:height\" content=\"625\" \/>\n\t<meta property=\"og:image:type\" content=\"image\/jpeg\" \/>\n<meta name=\"author\" content=\"Radio Ljubu\u0161ki\" \/>\n<meta name=\"twitter:card\" content=\"summary_large_image\" \/>\n<meta name=\"twitter:creator\" content=\"@radioljubuski\" \/>\n<meta name=\"twitter:site\" content=\"@radioljubuski\" \/>\n<meta name=\"twitter:label1\" content=\"Napisao\/la\" \/>\n\t<meta name=\"twitter:data1\" content=\"Radio Ljubu\u0161ki\" \/>\n\t<meta name=\"twitter:label2\" content=\"Procijenjeno vrijeme \u010ditanja\" \/>\n\t<meta name=\"twitter:data2\" content=\"2 minute\" \/>\n<script type=\"application\/ld+json\" class=\"yoast-schema-graph\">{\"@context\":\"https:\\\/\\\/schema.org\",\"@graph\":[{\"@type\":\"Article\",\"@id\":\"https:\\\/\\\/radioljubuski.ba\\\/index.php\\\/2022\\\/05\\\/26\\\/malinari-traze-minimalnu-cijenu-od-10-maraka-po-kilogramu\\\/#article\",\"isPartOf\":{\"@id\":\"https:\\\/\\\/radioljubuski.ba\\\/index.php\\\/2022\\\/05\\\/26\\\/malinari-traze-minimalnu-cijenu-od-10-maraka-po-kilogramu\\\/\"},\"author\":{\"name\":\"Radio Ljubu\u0161ki\",\"@id\":\"https:\\\/\\\/radioljubuski.ba\\\/#\\\/schema\\\/person\\\/19fc700381a780f69665d7956c469e3b\"},\"headline\":\"Malinari tra\u017ee minimalnu cijenu od 10 maraka po kilogramu\",\"datePublished\":\"2022-05-26T08:43:10+00:00\",\"dateModified\":\"2022-05-26T08:43:11+00:00\",\"mainEntityOfPage\":{\"@id\":\"https:\\\/\\\/radioljubuski.ba\\\/index.php\\\/2022\\\/05\\\/26\\\/malinari-traze-minimalnu-cijenu-od-10-maraka-po-kilogramu\\\/\"},\"wordCount\":361,\"publisher\":{\"@id\":\"https:\\\/\\\/radioljubuski.ba\\\/#organization\"},\"image\":{\"@id\":\"https:\\\/\\\/radioljubuski.ba\\\/index.php\\\/2022\\\/05\\\/26\\\/malinari-traze-minimalnu-cijenu-od-10-maraka-po-kilogramu\\\/#primaryimage\"},\"thumbnailUrl\":\"https:\\\/\\\/radioljubuski.ba\\\/wp-content\\\/uploads\\\/2022\\\/05\\\/2-2022-05-26-08-38-21-maline.jpg\",\"articleSection\":[\"BIH i regija\"],\"inLanguage\":\"hr\"},{\"@type\":\"WebPage\",\"@id\":\"https:\\\/\\\/radioljubuski.ba\\\/index.php\\\/2022\\\/05\\\/26\\\/malinari-traze-minimalnu-cijenu-od-10-maraka-po-kilogramu\\\/\",\"url\":\"https:\\\/\\\/radioljubuski.ba\\\/index.php\\\/2022\\\/05\\\/26\\\/malinari-traze-minimalnu-cijenu-od-10-maraka-po-kilogramu\\\/\",\"name\":\"Malinari tra\u017ee minimalnu cijenu od 10 maraka po kilogramu - RADIO LJUBU\u0160KI\",\"isPartOf\":{\"@id\":\"https:\\\/\\\/radioljubuski.ba\\\/#website\"},\"primaryImageOfPage\":{\"@id\":\"https:\\\/\\\/radioljubuski.ba\\\/index.php\\\/2022\\\/05\\\/26\\\/malinari-traze-minimalnu-cijenu-od-10-maraka-po-kilogramu\\\/#primaryimage\"},\"image\":{\"@id\":\"https:\\\/\\\/radioljubuski.ba\\\/index.php\\\/2022\\\/05\\\/26\\\/malinari-traze-minimalnu-cijenu-od-10-maraka-po-kilogramu\\\/#primaryimage\"},\"thumbnailUrl\":\"https:\\\/\\\/radioljubuski.ba\\\/wp-content\\\/uploads\\\/2022\\\/05\\\/2-2022-05-26-08-38-21-maline.jpg\",\"datePublished\":\"2022-05-26T08:43:10+00:00\",\"dateModified\":\"2022-05-26T08:43:11+00:00\",\"breadcrumb\":{\"@id\":\"https:\\\/\\\/radioljubuski.ba\\\/index.php\\\/2022\\\/05\\\/26\\\/malinari-traze-minimalnu-cijenu-od-10-maraka-po-kilogramu\\\/#breadcrumb\"},\"inLanguage\":\"hr\",\"potentialAction\":[{\"@type\":\"ReadAction\",\"target\":[\"https:\\\/\\\/radioljubuski.ba\\\/index.php\\\/2022\\\/05\\\/26\\\/malinari-traze-minimalnu-cijenu-od-10-maraka-po-kilogramu\\\/\"]}]},{\"@type\":\"ImageObject\",\"inLanguage\":\"hr\",\"@id\":\"https:\\\/\\\/radioljubuski.ba\\\/index.php\\\/2022\\\/05\\\/26\\\/malinari-traze-minimalnu-cijenu-od-10-maraka-po-kilogramu\\\/#primaryimage\",\"url\":\"https:\\\/\\\/radioljubuski.ba\\\/wp-content\\\/uploads\\\/2022\\\/05\\\/2-2022-05-26-08-38-21-maline.jpg\",\"contentUrl\":\"https:\\\/\\\/radioljubuski.ba\\\/wp-content\\\/uploads\\\/2022\\\/05\\\/2-2022-05-26-08-38-21-maline.jpg\",\"width\":1000,\"height\":625},{\"@type\":\"BreadcrumbList\",\"@id\":\"https:\\\/\\\/radioljubuski.ba\\\/index.php\\\/2022\\\/05\\\/26\\\/malinari-traze-minimalnu-cijenu-od-10-maraka-po-kilogramu\\\/#breadcrumb\",\"itemListElement\":[{\"@type\":\"ListItem\",\"position\":1,\"name\":\"Po\u010detna stranica\",\"item\":\"https:\\\/\\\/radioljubuski.ba\\\/\"},{\"@type\":\"ListItem\",\"position\":2,\"name\":\"Malinari tra\u017ee minimalnu cijenu od 10 maraka po kilogramu\"}]},{\"@type\":\"WebSite\",\"@id\":\"https:\\\/\\\/radioljubuski.ba\\\/#website\",\"url\":\"https:\\\/\\\/radioljubuski.ba\\\/\",\"name\":\"Radio Ljubu\u0161ki\",\"description\":\"Sun\u010dana frekvencija Hercegovine\",\"publisher\":{\"@id\":\"https:\\\/\\\/radioljubuski.ba\\\/#organization\"},\"potentialAction\":[{\"@type\":\"SearchAction\",\"target\":{\"@type\":\"EntryPoint\",\"urlTemplate\":\"https:\\\/\\\/radioljubuski.ba\\\/?s={search_term_string}\"},\"query-input\":{\"@type\":\"PropertyValueSpecification\",\"valueRequired\":true,\"valueName\":\"search_term_string\"}}],\"inLanguage\":\"hr\"},{\"@type\":\"Organization\",\"@id\":\"https:\\\/\\\/radioljubuski.ba\\\/#organization\",\"name\":\"Radio Ljubu\u0161ki\",\"url\":\"https:\\\/\\\/radioljubuski.ba\\\/\",\"logo\":{\"@type\":\"ImageObject\",\"inLanguage\":\"hr\",\"@id\":\"https:\\\/\\\/radioljubuski.ba\\\/#\\\/schema\\\/logo\\\/image\\\/\",\"url\":\"https:\\\/\\\/radioljubuski.ba\\\/wp-content\\\/uploads\\\/2021\\\/02\\\/cropped-Radio_Ljubuski_logo1.jpg\",\"contentUrl\":\"https:\\\/\\\/radioljubuski.ba\\\/wp-content\\\/uploads\\\/2021\\\/02\\\/cropped-Radio_Ljubuski_logo1.jpg\",\"width\":512,\"height\":512,\"caption\":\"Radio Ljubu\u0161ki\"},\"image\":{\"@id\":\"https:\\\/\\\/radioljubuski.ba\\\/#\\\/schema\\\/logo\\\/image\\\/\"},\"sameAs\":[\"https:\\\/\\\/www.facebook.com\\\/Radiio-Ljubuski-1490835324566332\",\"https:\\\/\\\/x.com\\\/radioljubuski\",\"https:\\\/\\\/hr.linkedin.com\\\/company\\\/radio-ljubuski\",\"https:\\\/\\\/www.youtube.com\\\/channel\\\/UCHYaeO_n0Db3tjNGudGpXyw\"]},{\"@type\":\"Person\",\"@id\":\"https:\\\/\\\/radioljubuski.ba\\\/#\\\/schema\\\/person\\\/19fc700381a780f69665d7956c469e3b\",\"name\":\"Radio Ljubu\u0161ki\"}]}<\/script>\n<!-- \/ Yoast SEO plugin. -->","yoast_head_json":{"title":"Malinari tra\u017ee minimalnu cijenu od 10 maraka po kilogramu - RADIO LJUBU\u0160KI","robots":{"index":"index","follow":"follow","max-snippet":"max-snippet:-1","max-image-preview":"max-image-preview:large","max-video-preview":"max-video-preview:-1"},"canonical":"https:\/\/radioljubuski.ba\/index.php\/2022\/05\/26\/malinari-traze-minimalnu-cijenu-od-10-maraka-po-kilogramu\/","og_locale":"hr_HR","og_type":"article","og_title":"Malinari tra\u017ee minimalnu cijenu od 10 maraka po kilogramu - RADIO LJUBU\u0160KI","og_description":"Pred malinarima je jo\u0161 jedna neizvjesna sezona, jer je rod \u201ccrvenog zlata\u201d ispod prosjeka, a od cijene koju im ponude hladnja\u010dari ovisi ho\u0107e li uop\u0107e krenuti u berbu, jer svaki iznos ni\u017ei od deset maraka po kilogramu za njih, ka\u017eu, zna\u010di debeli minus na ra\u010dunu i vodi ka uni\u0161tenju zasada. Ekspanzija uzgoja malina, posebno u [&hellip;]","og_url":"https:\/\/radioljubuski.ba\/index.php\/2022\/05\/26\/malinari-traze-minimalnu-cijenu-od-10-maraka-po-kilogramu\/","og_site_name":"RADIO LJUBU\u0160KI","article_publisher":"https:\/\/www.facebook.com\/Radiio-Ljubuski-1490835324566332","article_published_time":"2022-05-26T08:43:10+00:00","article_modified_time":"2022-05-26T08:43:11+00:00","og_image":[{"width":1000,"height":625,"url":"https:\/\/radioljubuski.ba\/wp-content\/uploads\/2022\/05\/2-2022-05-26-08-38-21-maline.jpg","type":"image\/jpeg"}],"author":"Radio Ljubu\u0161ki","twitter_card":"summary_large_image","twitter_creator":"@radioljubuski","twitter_site":"@radioljubuski","twitter_misc":{"Napisao\/la":"Radio Ljubu\u0161ki","Procijenjeno vrijeme \u010ditanja":"2 minute"},"schema":{"@context":"https:\/\/schema.org","@graph":[{"@type":"Article","@id":"https:\/\/radioljubuski.ba\/index.php\/2022\/05\/26\/malinari-traze-minimalnu-cijenu-od-10-maraka-po-kilogramu\/#article","isPartOf":{"@id":"https:\/\/radioljubuski.ba\/index.php\/2022\/05\/26\/malinari-traze-minimalnu-cijenu-od-10-maraka-po-kilogramu\/"},"author":{"name":"Radio Ljubu\u0161ki","@id":"https:\/\/radioljubuski.ba\/#\/schema\/person\/19fc700381a780f69665d7956c469e3b"},"headline":"Malinari tra\u017ee minimalnu cijenu od 10 maraka po kilogramu","datePublished":"2022-05-26T08:43:10+00:00","dateModified":"2022-05-26T08:43:11+00:00","mainEntityOfPage":{"@id":"https:\/\/radioljubuski.ba\/index.php\/2022\/05\/26\/malinari-traze-minimalnu-cijenu-od-10-maraka-po-kilogramu\/"},"wordCount":361,"publisher":{"@id":"https:\/\/radioljubuski.ba\/#organization"},"image":{"@id":"https:\/\/radioljubuski.ba\/index.php\/2022\/05\/26\/malinari-traze-minimalnu-cijenu-od-10-maraka-po-kilogramu\/#primaryimage"},"thumbnailUrl":"https:\/\/radioljubuski.ba\/wp-content\/uploads\/2022\/05\/2-2022-05-26-08-38-21-maline.jpg","articleSection":["BIH i regija"],"inLanguage":"hr"},{"@type":"WebPage","@id":"https:\/\/radioljubuski.ba\/index.php\/2022\/05\/26\/malinari-traze-minimalnu-cijenu-od-10-maraka-po-kilogramu\/","url":"https:\/\/radioljubuski.ba\/index.php\/2022\/05\/26\/malinari-traze-minimalnu-cijenu-od-10-maraka-po-kilogramu\/","name":"Malinari tra\u017ee minimalnu cijenu od 10 maraka po kilogramu - RADIO LJUBU\u0160KI","isPartOf":{"@id":"https:\/\/radioljubuski.ba\/#website"},"primaryImageOfPage":{"@id":"https:\/\/radioljubuski.ba\/index.php\/2022\/05\/26\/malinari-traze-minimalnu-cijenu-od-10-maraka-po-kilogramu\/#primaryimage"},"image":{"@id":"https:\/\/radioljubuski.ba\/index.php\/2022\/05\/26\/malinari-traze-minimalnu-cijenu-od-10-maraka-po-kilogramu\/#primaryimage"},"thumbnailUrl":"https:\/\/radioljubuski.ba\/wp-content\/uploads\/2022\/05\/2-2022-05-26-08-38-21-maline.jpg","datePublished":"2022-05-26T08:43:10+00:00","dateModified":"2022-05-26T08:43:11+00:00","breadcrumb":{"@id":"https:\/\/radioljubuski.ba\/index.php\/2022\/05\/26\/malinari-traze-minimalnu-cijenu-od-10-maraka-po-kilogramu\/#breadcrumb"},"inLanguage":"hr","potentialAction":[{"@type":"ReadAction","target":["https:\/\/radioljubuski.ba\/index.php\/2022\/05\/26\/malinari-traze-minimalnu-cijenu-od-10-maraka-po-kilogramu\/"]}]},{"@type":"ImageObject","inLanguage":"hr","@id":"https:\/\/radioljubuski.ba\/index.php\/2022\/05\/26\/malinari-traze-minimalnu-cijenu-od-10-maraka-po-kilogramu\/#primaryimage","url":"https:\/\/radioljubuski.ba\/wp-content\/uploads\/2022\/05\/2-2022-05-26-08-38-21-maline.jpg","contentUrl":"https:\/\/radioljubuski.ba\/wp-content\/uploads\/2022\/05\/2-2022-05-26-08-38-21-maline.jpg","width":1000,"height":625},{"@type":"BreadcrumbList","@id":"https:\/\/radioljubuski.ba\/index.php\/2022\/05\/26\/malinari-traze-minimalnu-cijenu-od-10-maraka-po-kilogramu\/#breadcrumb","itemListElement":[{"@type":"ListItem","position":1,"name":"Po\u010detna stranica","item":"https:\/\/radioljubuski.ba\/"},{"@type":"ListItem","position":2,"name":"Malinari tra\u017ee minimalnu cijenu od 10 maraka po kilogramu"}]},{"@type":"WebSite","@id":"https:\/\/radioljubuski.ba\/#website","url":"https:\/\/radioljubuski.ba\/","name":"Radio Ljubu\u0161ki","description":"Sun\u010dana frekvencija Hercegovine","publisher":{"@id":"https:\/\/radioljubuski.ba\/#organization"},"potentialAction":[{"@type":"SearchAction","target":{"@type":"EntryPoint","urlTemplate":"https:\/\/radioljubuski.ba\/?s={search_term_string}"},"query-input":{"@type":"PropertyValueSpecification","valueRequired":true,"valueName":"search_term_string"}}],"inLanguage":"hr"},{"@type":"Organization","@id":"https:\/\/radioljubuski.ba\/#organization","name":"Radio Ljubu\u0161ki","url":"https:\/\/radioljubuski.ba\/","logo":{"@type":"ImageObject","inLanguage":"hr","@id":"https:\/\/radioljubuski.ba\/#\/schema\/logo\/image\/","url":"https:\/\/radioljubuski.ba\/wp-content\/uploads\/2021\/02\/cropped-Radio_Ljubuski_logo1.jpg","contentUrl":"https:\/\/radioljubuski.ba\/wp-content\/uploads\/2021\/02\/cropped-Radio_Ljubuski_logo1.jpg","width":512,"height":512,"caption":"Radio Ljubu\u0161ki"},"image":{"@id":"https:\/\/radioljubuski.ba\/#\/schema\/logo\/image\/"},"sameAs":["https:\/\/www.facebook.com\/Radiio-Ljubuski-1490835324566332","https:\/\/x.com\/radioljubuski","https:\/\/hr.linkedin.com\/company\/radio-ljubuski","https:\/\/www.youtube.com\/channel\/UCHYaeO_n0Db3tjNGudGpXyw"]},{"@type":"Person","@id":"https:\/\/radioljubuski.ba\/#\/schema\/person\/19fc700381a780f69665d7956c469e3b","name":"Radio Ljubu\u0161ki"}]}},"_links":{"self":[{"href":"https:\/\/radioljubuski.ba\/index.php\/wp-json\/wp\/v2\/posts\/144033","targetHints":{"allow":["GET"]}}],"collection":[{"href":"https:\/\/radioljubuski.ba\/index.php\/wp-json\/wp\/v2\/posts"}],"about":[{"href":"https:\/\/radioljubuski.ba\/index.php\/wp-json\/wp\/v2\/types\/post"}],"author":[{"embeddable":true,"href":"https:\/\/radioljubuski.ba\/index.php\/wp-json\/wp\/v2\/users\/2"}],"replies":[{"embeddable":true,"href":"https:\/\/radioljubuski.ba\/index.php\/wp-json\/wp\/v2\/comments?post=144033"}],"version-history":[{"count":1,"href":"https:\/\/radioljubuski.ba\/index.php\/wp-json\/wp\/v2\/posts\/144033\/revisions"}],"predecessor-version":[{"id":144035,"href":"https:\/\/radioljubuski.ba\/index.php\/wp-json\/wp\/v2\/posts\/144033\/revisions\/144035"}],"wp:featuredmedia":[{"embeddable":true,"href":"https:\/\/radioljubuski.ba\/index.php\/wp-json\/wp\/v2\/media\/144034"}],"wp:attachment":[{"href":"https:\/\/radioljubuski.ba\/index.php\/wp-json\/wp\/v2\/media?parent=144033"}],"wp:term":[{"taxonomy":"category","embeddable":true,"href":"https:\/\/radioljubuski.ba\/index.php\/wp-json\/wp\/v2\/categories?post=144033"},{"taxonomy":"post_tag","embeddable":true,"href":"https:\/\/radioljubuski.ba\/index.php\/wp-json\/wp\/v2\/tags?post=144033"}],"curies":[{"name":"wp","href":"https:\/\/api.w.org\/{rel}","templated":true}]}}