{"id":144039,"date":"2022-05-26T09:45:26","date_gmt":"2022-05-26T08:45:26","guid":{"rendered":"https:\/\/radioljubuski.ba\/?p=144039"},"modified":"2022-05-26T09:45:27","modified_gmt":"2022-05-26T08:45:27","slug":"bizaran-susret-vladimira-putina-s-ozlijedenim-ruskim-vojnicima-zelis-se-vratiti-tamo-definitivno-i-hoces","status":"publish","type":"post","link":"https:\/\/radioljubuski.ba\/index.php\/2022\/05\/26\/bizaran-susret-vladimira-putina-s-ozlijedenim-ruskim-vojnicima-zelis-se-vratiti-tamo-definitivno-i-hoces\/","title":{"rendered":"Bizaran susret Vladimira Putina s ozlije\u0111enim ruskim vojnicima: \u2018\u017deli\u0161 se vratiti tamo? Definitivno i ho\u0107e\u0161\u2018"},"content":{"rendered":"\n<p>Ruski predsjednik Vladimir Putin rekao je u srijedu prilikom posjeta bolnici jednom ruskom vojniku ranjenom u Ukrajini kako \u0107e se &#8220;definitivno&#8221; vratiti na liniju boji\u0161nice nakon \u0161to se oporavi od ozljeda.<\/p>\n\n\n\n<p>U pa\u017eljivo organiziranom posjetu bolnici &#8211; njegovom prvom susretu s vojnicima koji se bore u Ukrajini &#8211; ruski predsjednik se raspitivao o njihovim ozljedama i obiteljima, ali se nije razgovaralo o ratu, prenosi britanski The Telegraph.<\/p>\n\n\n\n<p>Putin je, naime, posjetio vojnu bolnicu u Moskvi, gdje je sve bilo prepuno tjelohranitelja u bijelim mantilima koji su se motali i provjeravali po hodnicima.<\/p>\n\n\n\n<p>Nakon \u0161to mu je jedan slu\u017ebenik rekao kako se jedan od ranjenih vojnika \u017eeli vratiti u borbe, on je tog vojnika upitao namjerava li doista nastaviti slu\u017eiti u ruskim snagama. Kad je on odgovorio: &#8220;Naravno da imam&#8221;, Putin, koji je nosio bijelu kutu preko odijela, rekao je: &#8220;Definitivno ho\u0107e\u0161&#8221;.<\/p>\n\n\n\n<p>Ozlije\u0111eni mu\u0161karci djelovali su napeto tijekom posjeta i pozorno stajali pored svojih bolni\u010dkih kreveta, odjeveni u pid\u017eame. Navodno se oporavljaju od rana koje su im nanijeli geleri i meci, ali nisu su se vidjele nikakve o\u010dite ozljede uobi\u010dajene za vojnike ozlije\u0111ene u ratnim zonama.<\/p>\n\n\n\n<p>Putin ih nije pitao za njihova iskustva na bojnom polju niti komentirao neprijateljstva koja su u tijeku.<\/p>\n\n\n\n<p>Ruska vojska jo\u0161 od o\u017eujka nije objavila novi slu\u017ebeni broj poginulih vojnika, ali su britanski obrambeni \u010delnici ovog tjedna rekli kako je &#8220;vjerojatno&#8221; da je Rusija izgubila onoliko vojnika u tri mjeseca rata u Ukrajini koliko je Sovjetski Savez izgubio u devet godina borbe Afganistanu.<\/p>\n\n\n\n<p>Govore\u0107i na sastanku vlade kasnije u srijedu, Putin je pohvalio ruske vojnike. &#8220;Ti ljudi su riskirali svoje \u017eivote i zdravlje za dobrobit naroda i djece Donbasa i zbog Rusije. Svi su oni heroji&#8221;, rekao je.<\/p>\n\n\n\n<p>Nekoliko sati ranije, potpisao je dekret o ubrzanom dobivanju ruskog dr\u017eavljanstva za stanovnike dviju ukrajinskih regija koje je okupirala Rusija, \u0161to je potez koji \u0107e vjerojatno \u0161tetiti mogu\u0107nosti mirovnih pregovora.<\/p>\n\n\n\n<p>Uredba pojednostavljuje prijave za Ukrajince iz Hersona i Zaporo\u017eja, dvije regije na jugu zemlje koje su pod ruskom kontrolom od po\u010detka rata.<\/p>\n\n\n\n<p>Izvor:pogled.ba<\/p>\n","protected":false},"excerpt":{"rendered":"<p>Ruski predsjednik Vladimir Putin rekao je u srijedu prilikom posjeta bolnici jednom ruskom vojniku ranjenom u Ukrajini kako \u0107e se &#8220;definitivno&#8221; vratiti na liniju boji\u0161nice nakon \u0161to se oporavi od ozljeda. U pa\u017eljivo organiziranom posjetu bolnici &#8211; njegovom prvom susretu s vojnicima koji se bore u Ukrajini &#8211; ruski predsjednik se raspitivao o njihovim ozljedama [&hellip;]<\/p>\n","protected":false},"author":2,"featured_media":144040,"comment_status":"closed","ping_status":"closed","sticky":false,"template":"","format":"standard","meta":{"h5ap_radio_sources":[],"footnotes":""},"categories":[1],"tags":[],"class_list":["post-144039","post","type-post","status-publish","format-standard","has-post-thumbnail","hentry","category-bihiregija"],"yoast_head":"<!-- This site is optimized with the Yoast SEO plugin v27.5 - https:\/\/yoast.com\/product\/yoast-seo-wordpress\/ -->\n<title>Bizaran susret Vladimira Putina s ozlije\u0111enim ruskim vojnicima: \u2018\u017deli\u0161 se vratiti tamo? Definitivno i ho\u0107e\u0161\u2018 - RADIO LJUBU\u0160KI<\/title>\n<meta name=\"robots\" content=\"index, follow, max-snippet:-1, max-image-preview:large, max-video-preview:-1\" \/>\n<link rel=\"canonical\" href=\"https:\/\/radioljubuski.ba\/index.php\/2022\/05\/26\/bizaran-susret-vladimira-putina-s-ozlijedenim-ruskim-vojnicima-zelis-se-vratiti-tamo-definitivno-i-hoces\/\" \/>\n<meta property=\"og:locale\" content=\"hr_HR\" \/>\n<meta property=\"og:type\" content=\"article\" \/>\n<meta property=\"og:title\" content=\"Bizaran susret Vladimira Putina s ozlije\u0111enim ruskim vojnicima: \u2018\u017deli\u0161 se vratiti tamo? Definitivno i ho\u0107e\u0161\u2018 - RADIO LJUBU\u0160KI\" \/>\n<meta property=\"og:description\" content=\"Ruski predsjednik Vladimir Putin rekao je u srijedu prilikom posjeta bolnici jednom ruskom vojniku ranjenom u Ukrajini kako \u0107e se &#8220;definitivno&#8221; vratiti na liniju boji\u0161nice nakon \u0161to se oporavi od ozljeda. U pa\u017eljivo organiziranom posjetu bolnici &#8211; njegovom prvom susretu s vojnicima koji se bore u Ukrajini &#8211; ruski predsjednik se raspitivao o njihovim ozljedama [&hellip;]\" \/>\n<meta property=\"og:url\" content=\"https:\/\/radioljubuski.ba\/index.php\/2022\/05\/26\/bizaran-susret-vladimira-putina-s-ozlijedenim-ruskim-vojnicima-zelis-se-vratiti-tamo-definitivno-i-hoces\/\" \/>\n<meta property=\"og:site_name\" content=\"RADIO LJUBU\u0160KI\" \/>\n<meta property=\"article:publisher\" content=\"https:\/\/www.facebook.com\/Radiio-Ljubuski-1490835324566332\" \/>\n<meta property=\"article:published_time\" content=\"2022-05-26T08:45:26+00:00\" \/>\n<meta property=\"article:modified_time\" content=\"2022-05-26T08:45:27+00:00\" \/>\n<meta property=\"og:image\" content=\"https:\/\/radioljubuski.ba\/wp-content\/uploads\/2022\/05\/2-2022-05-26-09-02-32-putin.jpg\" \/>\n\t<meta property=\"og:image:width\" content=\"1000\" \/>\n\t<meta property=\"og:image:height\" content=\"625\" \/>\n\t<meta property=\"og:image:type\" content=\"image\/jpeg\" \/>\n<meta name=\"author\" content=\"Radio Ljubu\u0161ki\" \/>\n<meta name=\"twitter:card\" content=\"summary_large_image\" \/>\n<meta name=\"twitter:creator\" content=\"@radioljubuski\" \/>\n<meta name=\"twitter:site\" content=\"@radioljubuski\" \/>\n<meta name=\"twitter:label1\" content=\"Napisao\/la\" \/>\n\t<meta name=\"twitter:data1\" content=\"Radio Ljubu\u0161ki\" \/>\n\t<meta name=\"twitter:label2\" content=\"Procijenjeno vrijeme \u010ditanja\" \/>\n\t<meta name=\"twitter:data2\" content=\"2 minute\" \/>\n<script type=\"application\/ld+json\" class=\"yoast-schema-graph\">{\"@context\":\"https:\\\/\\\/schema.org\",\"@graph\":[{\"@type\":\"Article\",\"@id\":\"https:\\\/\\\/radioljubuski.ba\\\/index.php\\\/2022\\\/05\\\/26\\\/bizaran-susret-vladimira-putina-s-ozlijedenim-ruskim-vojnicima-zelis-se-vratiti-tamo-definitivno-i-hoces\\\/#article\",\"isPartOf\":{\"@id\":\"https:\\\/\\\/radioljubuski.ba\\\/index.php\\\/2022\\\/05\\\/26\\\/bizaran-susret-vladimira-putina-s-ozlijedenim-ruskim-vojnicima-zelis-se-vratiti-tamo-definitivno-i-hoces\\\/\"},\"author\":{\"name\":\"Radio Ljubu\u0161ki\",\"@id\":\"https:\\\/\\\/radioljubuski.ba\\\/#\\\/schema\\\/person\\\/19fc700381a780f69665d7956c469e3b\"},\"headline\":\"Bizaran susret Vladimira Putina s ozlije\u0111enim ruskim vojnicima: \u2018\u017deli\u0161 se vratiti tamo? Definitivno i ho\u0107e\u0161\u2018\",\"datePublished\":\"2022-05-26T08:45:26+00:00\",\"dateModified\":\"2022-05-26T08:45:27+00:00\",\"mainEntityOfPage\":{\"@id\":\"https:\\\/\\\/radioljubuski.ba\\\/index.php\\\/2022\\\/05\\\/26\\\/bizaran-susret-vladimira-putina-s-ozlijedenim-ruskim-vojnicima-zelis-se-vratiti-tamo-definitivno-i-hoces\\\/\"},\"wordCount\":373,\"publisher\":{\"@id\":\"https:\\\/\\\/radioljubuski.ba\\\/#organization\"},\"image\":{\"@id\":\"https:\\\/\\\/radioljubuski.ba\\\/index.php\\\/2022\\\/05\\\/26\\\/bizaran-susret-vladimira-putina-s-ozlijedenim-ruskim-vojnicima-zelis-se-vratiti-tamo-definitivno-i-hoces\\\/#primaryimage\"},\"thumbnailUrl\":\"https:\\\/\\\/radioljubuski.ba\\\/wp-content\\\/uploads\\\/2022\\\/05\\\/2-2022-05-26-09-02-32-putin.jpg\",\"articleSection\":[\"BIH i regija\"],\"inLanguage\":\"hr\"},{\"@type\":\"WebPage\",\"@id\":\"https:\\\/\\\/radioljubuski.ba\\\/index.php\\\/2022\\\/05\\\/26\\\/bizaran-susret-vladimira-putina-s-ozlijedenim-ruskim-vojnicima-zelis-se-vratiti-tamo-definitivno-i-hoces\\\/\",\"url\":\"https:\\\/\\\/radioljubuski.ba\\\/index.php\\\/2022\\\/05\\\/26\\\/bizaran-susret-vladimira-putina-s-ozlijedenim-ruskim-vojnicima-zelis-se-vratiti-tamo-definitivno-i-hoces\\\/\",\"name\":\"Bizaran susret Vladimira Putina s ozlije\u0111enim ruskim vojnicima: \u2018\u017deli\u0161 se vratiti tamo? Definitivno i ho\u0107e\u0161\u2018 - RADIO LJUBU\u0160KI\",\"isPartOf\":{\"@id\":\"https:\\\/\\\/radioljubuski.ba\\\/#website\"},\"primaryImageOfPage\":{\"@id\":\"https:\\\/\\\/radioljubuski.ba\\\/index.php\\\/2022\\\/05\\\/26\\\/bizaran-susret-vladimira-putina-s-ozlijedenim-ruskim-vojnicima-zelis-se-vratiti-tamo-definitivno-i-hoces\\\/#primaryimage\"},\"image\":{\"@id\":\"https:\\\/\\\/radioljubuski.ba\\\/index.php\\\/2022\\\/05\\\/26\\\/bizaran-susret-vladimira-putina-s-ozlijedenim-ruskim-vojnicima-zelis-se-vratiti-tamo-definitivno-i-hoces\\\/#primaryimage\"},\"thumbnailUrl\":\"https:\\\/\\\/radioljubuski.ba\\\/wp-content\\\/uploads\\\/2022\\\/05\\\/2-2022-05-26-09-02-32-putin.jpg\",\"datePublished\":\"2022-05-26T08:45:26+00:00\",\"dateModified\":\"2022-05-26T08:45:27+00:00\",\"breadcrumb\":{\"@id\":\"https:\\\/\\\/radioljubuski.ba\\\/index.php\\\/2022\\\/05\\\/26\\\/bizaran-susret-vladimira-putina-s-ozlijedenim-ruskim-vojnicima-zelis-se-vratiti-tamo-definitivno-i-hoces\\\/#breadcrumb\"},\"inLanguage\":\"hr\",\"potentialAction\":[{\"@type\":\"ReadAction\",\"target\":[\"https:\\\/\\\/radioljubuski.ba\\\/index.php\\\/2022\\\/05\\\/26\\\/bizaran-susret-vladimira-putina-s-ozlijedenim-ruskim-vojnicima-zelis-se-vratiti-tamo-definitivno-i-hoces\\\/\"]}]},{\"@type\":\"ImageObject\",\"inLanguage\":\"hr\",\"@id\":\"https:\\\/\\\/radioljubuski.ba\\\/index.php\\\/2022\\\/05\\\/26\\\/bizaran-susret-vladimira-putina-s-ozlijedenim-ruskim-vojnicima-zelis-se-vratiti-tamo-definitivno-i-hoces\\\/#primaryimage\",\"url\":\"https:\\\/\\\/radioljubuski.ba\\\/wp-content\\\/uploads\\\/2022\\\/05\\\/2-2022-05-26-09-02-32-putin.jpg\",\"contentUrl\":\"https:\\\/\\\/radioljubuski.ba\\\/wp-content\\\/uploads\\\/2022\\\/05\\\/2-2022-05-26-09-02-32-putin.jpg\",\"width\":1000,\"height\":625},{\"@type\":\"BreadcrumbList\",\"@id\":\"https:\\\/\\\/radioljubuski.ba\\\/index.php\\\/2022\\\/05\\\/26\\\/bizaran-susret-vladimira-putina-s-ozlijedenim-ruskim-vojnicima-zelis-se-vratiti-tamo-definitivno-i-hoces\\\/#breadcrumb\",\"itemListElement\":[{\"@type\":\"ListItem\",\"position\":1,\"name\":\"Po\u010detna stranica\",\"item\":\"https:\\\/\\\/radioljubuski.ba\\\/\"},{\"@type\":\"ListItem\",\"position\":2,\"name\":\"Bizaran susret Vladimira Putina s ozlije\u0111enim ruskim vojnicima: \u2018\u017deli\u0161 se vratiti tamo? Definitivno i ho\u0107e\u0161\u2018\"}]},{\"@type\":\"WebSite\",\"@id\":\"https:\\\/\\\/radioljubuski.ba\\\/#website\",\"url\":\"https:\\\/\\\/radioljubuski.ba\\\/\",\"name\":\"Radio Ljubu\u0161ki\",\"description\":\"Sun\u010dana frekvencija Hercegovine\",\"publisher\":{\"@id\":\"https:\\\/\\\/radioljubuski.ba\\\/#organization\"},\"potentialAction\":[{\"@type\":\"SearchAction\",\"target\":{\"@type\":\"EntryPoint\",\"urlTemplate\":\"https:\\\/\\\/radioljubuski.ba\\\/?s={search_term_string}\"},\"query-input\":{\"@type\":\"PropertyValueSpecification\",\"valueRequired\":true,\"valueName\":\"search_term_string\"}}],\"inLanguage\":\"hr\"},{\"@type\":\"Organization\",\"@id\":\"https:\\\/\\\/radioljubuski.ba\\\/#organization\",\"name\":\"Radio Ljubu\u0161ki\",\"url\":\"https:\\\/\\\/radioljubuski.ba\\\/\",\"logo\":{\"@type\":\"ImageObject\",\"inLanguage\":\"hr\",\"@id\":\"https:\\\/\\\/radioljubuski.ba\\\/#\\\/schema\\\/logo\\\/image\\\/\",\"url\":\"https:\\\/\\\/radioljubuski.ba\\\/wp-content\\\/uploads\\\/2021\\\/02\\\/cropped-Radio_Ljubuski_logo1.jpg\",\"contentUrl\":\"https:\\\/\\\/radioljubuski.ba\\\/wp-content\\\/uploads\\\/2021\\\/02\\\/cropped-Radio_Ljubuski_logo1.jpg\",\"width\":512,\"height\":512,\"caption\":\"Radio Ljubu\u0161ki\"},\"image\":{\"@id\":\"https:\\\/\\\/radioljubuski.ba\\\/#\\\/schema\\\/logo\\\/image\\\/\"},\"sameAs\":[\"https:\\\/\\\/www.facebook.com\\\/Radiio-Ljubuski-1490835324566332\",\"https:\\\/\\\/x.com\\\/radioljubuski\",\"https:\\\/\\\/hr.linkedin.com\\\/company\\\/radio-ljubuski\",\"https:\\\/\\\/www.youtube.com\\\/channel\\\/UCHYaeO_n0Db3tjNGudGpXyw\"]},{\"@type\":\"Person\",\"@id\":\"https:\\\/\\\/radioljubuski.ba\\\/#\\\/schema\\\/person\\\/19fc700381a780f69665d7956c469e3b\",\"name\":\"Radio Ljubu\u0161ki\"}]}<\/script>\n<!-- \/ Yoast SEO plugin. -->","yoast_head_json":{"title":"Bizaran susret Vladimira Putina s ozlije\u0111enim ruskim vojnicima: \u2018\u017deli\u0161 se vratiti tamo? Definitivno i ho\u0107e\u0161\u2018 - RADIO LJUBU\u0160KI","robots":{"index":"index","follow":"follow","max-snippet":"max-snippet:-1","max-image-preview":"max-image-preview:large","max-video-preview":"max-video-preview:-1"},"canonical":"https:\/\/radioljubuski.ba\/index.php\/2022\/05\/26\/bizaran-susret-vladimira-putina-s-ozlijedenim-ruskim-vojnicima-zelis-se-vratiti-tamo-definitivno-i-hoces\/","og_locale":"hr_HR","og_type":"article","og_title":"Bizaran susret Vladimira Putina s ozlije\u0111enim ruskim vojnicima: \u2018\u017deli\u0161 se vratiti tamo? Definitivno i ho\u0107e\u0161\u2018 - RADIO LJUBU\u0160KI","og_description":"Ruski predsjednik Vladimir Putin rekao je u srijedu prilikom posjeta bolnici jednom ruskom vojniku ranjenom u Ukrajini kako \u0107e se &#8220;definitivno&#8221; vratiti na liniju boji\u0161nice nakon \u0161to se oporavi od ozljeda. U pa\u017eljivo organiziranom posjetu bolnici &#8211; njegovom prvom susretu s vojnicima koji se bore u Ukrajini &#8211; ruski predsjednik se raspitivao o njihovim ozljedama [&hellip;]","og_url":"https:\/\/radioljubuski.ba\/index.php\/2022\/05\/26\/bizaran-susret-vladimira-putina-s-ozlijedenim-ruskim-vojnicima-zelis-se-vratiti-tamo-definitivno-i-hoces\/","og_site_name":"RADIO LJUBU\u0160KI","article_publisher":"https:\/\/www.facebook.com\/Radiio-Ljubuski-1490835324566332","article_published_time":"2022-05-26T08:45:26+00:00","article_modified_time":"2022-05-26T08:45:27+00:00","og_image":[{"width":1000,"height":625,"url":"https:\/\/radioljubuski.ba\/wp-content\/uploads\/2022\/05\/2-2022-05-26-09-02-32-putin.jpg","type":"image\/jpeg"}],"author":"Radio Ljubu\u0161ki","twitter_card":"summary_large_image","twitter_creator":"@radioljubuski","twitter_site":"@radioljubuski","twitter_misc":{"Napisao\/la":"Radio Ljubu\u0161ki","Procijenjeno vrijeme \u010ditanja":"2 minute"},"schema":{"@context":"https:\/\/schema.org","@graph":[{"@type":"Article","@id":"https:\/\/radioljubuski.ba\/index.php\/2022\/05\/26\/bizaran-susret-vladimira-putina-s-ozlijedenim-ruskim-vojnicima-zelis-se-vratiti-tamo-definitivno-i-hoces\/#article","isPartOf":{"@id":"https:\/\/radioljubuski.ba\/index.php\/2022\/05\/26\/bizaran-susret-vladimira-putina-s-ozlijedenim-ruskim-vojnicima-zelis-se-vratiti-tamo-definitivno-i-hoces\/"},"author":{"name":"Radio Ljubu\u0161ki","@id":"https:\/\/radioljubuski.ba\/#\/schema\/person\/19fc700381a780f69665d7956c469e3b"},"headline":"Bizaran susret Vladimira Putina s ozlije\u0111enim ruskim vojnicima: \u2018\u017deli\u0161 se vratiti tamo? Definitivno i ho\u0107e\u0161\u2018","datePublished":"2022-05-26T08:45:26+00:00","dateModified":"2022-05-26T08:45:27+00:00","mainEntityOfPage":{"@id":"https:\/\/radioljubuski.ba\/index.php\/2022\/05\/26\/bizaran-susret-vladimira-putina-s-ozlijedenim-ruskim-vojnicima-zelis-se-vratiti-tamo-definitivno-i-hoces\/"},"wordCount":373,"publisher":{"@id":"https:\/\/radioljubuski.ba\/#organization"},"image":{"@id":"https:\/\/radioljubuski.ba\/index.php\/2022\/05\/26\/bizaran-susret-vladimira-putina-s-ozlijedenim-ruskim-vojnicima-zelis-se-vratiti-tamo-definitivno-i-hoces\/#primaryimage"},"thumbnailUrl":"https:\/\/radioljubuski.ba\/wp-content\/uploads\/2022\/05\/2-2022-05-26-09-02-32-putin.jpg","articleSection":["BIH i regija"],"inLanguage":"hr"},{"@type":"WebPage","@id":"https:\/\/radioljubuski.ba\/index.php\/2022\/05\/26\/bizaran-susret-vladimira-putina-s-ozlijedenim-ruskim-vojnicima-zelis-se-vratiti-tamo-definitivno-i-hoces\/","url":"https:\/\/radioljubuski.ba\/index.php\/2022\/05\/26\/bizaran-susret-vladimira-putina-s-ozlijedenim-ruskim-vojnicima-zelis-se-vratiti-tamo-definitivno-i-hoces\/","name":"Bizaran susret Vladimira Putina s ozlije\u0111enim ruskim vojnicima: \u2018\u017deli\u0161 se vratiti tamo? Definitivno i ho\u0107e\u0161\u2018 - RADIO LJUBU\u0160KI","isPartOf":{"@id":"https:\/\/radioljubuski.ba\/#website"},"primaryImageOfPage":{"@id":"https:\/\/radioljubuski.ba\/index.php\/2022\/05\/26\/bizaran-susret-vladimira-putina-s-ozlijedenim-ruskim-vojnicima-zelis-se-vratiti-tamo-definitivno-i-hoces\/#primaryimage"},"image":{"@id":"https:\/\/radioljubuski.ba\/index.php\/2022\/05\/26\/bizaran-susret-vladimira-putina-s-ozlijedenim-ruskim-vojnicima-zelis-se-vratiti-tamo-definitivno-i-hoces\/#primaryimage"},"thumbnailUrl":"https:\/\/radioljubuski.ba\/wp-content\/uploads\/2022\/05\/2-2022-05-26-09-02-32-putin.jpg","datePublished":"2022-05-26T08:45:26+00:00","dateModified":"2022-05-26T08:45:27+00:00","breadcrumb":{"@id":"https:\/\/radioljubuski.ba\/index.php\/2022\/05\/26\/bizaran-susret-vladimira-putina-s-ozlijedenim-ruskim-vojnicima-zelis-se-vratiti-tamo-definitivno-i-hoces\/#breadcrumb"},"inLanguage":"hr","potentialAction":[{"@type":"ReadAction","target":["https:\/\/radioljubuski.ba\/index.php\/2022\/05\/26\/bizaran-susret-vladimira-putina-s-ozlijedenim-ruskim-vojnicima-zelis-se-vratiti-tamo-definitivno-i-hoces\/"]}]},{"@type":"ImageObject","inLanguage":"hr","@id":"https:\/\/radioljubuski.ba\/index.php\/2022\/05\/26\/bizaran-susret-vladimira-putina-s-ozlijedenim-ruskim-vojnicima-zelis-se-vratiti-tamo-definitivno-i-hoces\/#primaryimage","url":"https:\/\/radioljubuski.ba\/wp-content\/uploads\/2022\/05\/2-2022-05-26-09-02-32-putin.jpg","contentUrl":"https:\/\/radioljubuski.ba\/wp-content\/uploads\/2022\/05\/2-2022-05-26-09-02-32-putin.jpg","width":1000,"height":625},{"@type":"BreadcrumbList","@id":"https:\/\/radioljubuski.ba\/index.php\/2022\/05\/26\/bizaran-susret-vladimira-putina-s-ozlijedenim-ruskim-vojnicima-zelis-se-vratiti-tamo-definitivno-i-hoces\/#breadcrumb","itemListElement":[{"@type":"ListItem","position":1,"name":"Po\u010detna stranica","item":"https:\/\/radioljubuski.ba\/"},{"@type":"ListItem","position":2,"name":"Bizaran susret Vladimira Putina s ozlije\u0111enim ruskim vojnicima: \u2018\u017deli\u0161 se vratiti tamo? Definitivno i ho\u0107e\u0161\u2018"}]},{"@type":"WebSite","@id":"https:\/\/radioljubuski.ba\/#website","url":"https:\/\/radioljubuski.ba\/","name":"Radio Ljubu\u0161ki","description":"Sun\u010dana frekvencija Hercegovine","publisher":{"@id":"https:\/\/radioljubuski.ba\/#organization"},"potentialAction":[{"@type":"SearchAction","target":{"@type":"EntryPoint","urlTemplate":"https:\/\/radioljubuski.ba\/?s={search_term_string}"},"query-input":{"@type":"PropertyValueSpecification","valueRequired":true,"valueName":"search_term_string"}}],"inLanguage":"hr"},{"@type":"Organization","@id":"https:\/\/radioljubuski.ba\/#organization","name":"Radio Ljubu\u0161ki","url":"https:\/\/radioljubuski.ba\/","logo":{"@type":"ImageObject","inLanguage":"hr","@id":"https:\/\/radioljubuski.ba\/#\/schema\/logo\/image\/","url":"https:\/\/radioljubuski.ba\/wp-content\/uploads\/2021\/02\/cropped-Radio_Ljubuski_logo1.jpg","contentUrl":"https:\/\/radioljubuski.ba\/wp-content\/uploads\/2021\/02\/cropped-Radio_Ljubuski_logo1.jpg","width":512,"height":512,"caption":"Radio Ljubu\u0161ki"},"image":{"@id":"https:\/\/radioljubuski.ba\/#\/schema\/logo\/image\/"},"sameAs":["https:\/\/www.facebook.com\/Radiio-Ljubuski-1490835324566332","https:\/\/x.com\/radioljubuski","https:\/\/hr.linkedin.com\/company\/radio-ljubuski","https:\/\/www.youtube.com\/channel\/UCHYaeO_n0Db3tjNGudGpXyw"]},{"@type":"Person","@id":"https:\/\/radioljubuski.ba\/#\/schema\/person\/19fc700381a780f69665d7956c469e3b","name":"Radio Ljubu\u0161ki"}]}},"_links":{"self":[{"href":"https:\/\/radioljubuski.ba\/index.php\/wp-json\/wp\/v2\/posts\/144039","targetHints":{"allow":["GET"]}}],"collection":[{"href":"https:\/\/radioljubuski.ba\/index.php\/wp-json\/wp\/v2\/posts"}],"about":[{"href":"https:\/\/radioljubuski.ba\/index.php\/wp-json\/wp\/v2\/types\/post"}],"author":[{"embeddable":true,"href":"https:\/\/radioljubuski.ba\/index.php\/wp-json\/wp\/v2\/users\/2"}],"replies":[{"embeddable":true,"href":"https:\/\/radioljubuski.ba\/index.php\/wp-json\/wp\/v2\/comments?post=144039"}],"version-history":[{"count":1,"href":"https:\/\/radioljubuski.ba\/index.php\/wp-json\/wp\/v2\/posts\/144039\/revisions"}],"predecessor-version":[{"id":144041,"href":"https:\/\/radioljubuski.ba\/index.php\/wp-json\/wp\/v2\/posts\/144039\/revisions\/144041"}],"wp:featuredmedia":[{"embeddable":true,"href":"https:\/\/radioljubuski.ba\/index.php\/wp-json\/wp\/v2\/media\/144040"}],"wp:attachment":[{"href":"https:\/\/radioljubuski.ba\/index.php\/wp-json\/wp\/v2\/media?parent=144039"}],"wp:term":[{"taxonomy":"category","embeddable":true,"href":"https:\/\/radioljubuski.ba\/index.php\/wp-json\/wp\/v2\/categories?post=144039"},{"taxonomy":"post_tag","embeddable":true,"href":"https:\/\/radioljubuski.ba\/index.php\/wp-json\/wp\/v2\/tags?post=144039"}],"curies":[{"name":"wp","href":"https:\/\/api.w.org\/{rel}","templated":true}]}}