{"id":144044,"date":"2022-05-26T09:52:20","date_gmt":"2022-05-26T08:52:20","guid":{"rendered":"https:\/\/radioljubuski.ba\/?p=144044"},"modified":"2022-05-26T09:52:21","modified_gmt":"2022-05-26T08:52:21","slug":"zovko-sanse-bih-za-kandidacijski-status-su-velike-ako-se-dogovore-o-izbornom-zakonu","status":"publish","type":"post","link":"https:\/\/radioljubuski.ba\/index.php\/2022\/05\/26\/zovko-sanse-bih-za-kandidacijski-status-su-velike-ako-se-dogovore-o-izbornom-zakonu\/","title":{"rendered":"Zovko: \u0160anse BiH za kandidacijski status su velike ako se dogovore o izbornom zakonu"},"content":{"rendered":"\n<p>Zastupnica u Europskom parlamentu \u017deljana Zovko rekla je u HTV-ovoj emisiji &#8220;1 na 1&#8221; da u Bosni i Hercegovini postoji zamrznuti konflikt te da se situacija u toj zemlji treba rje\u0161avati u suradnji s ameri\u010dkim partnerima, a poru\u010dila je i da su itekako velike \u0161anse da BiH dobije kandidacijski status za \u010dlanstvo u Europskoj uniji ako do\u0111e do dogovora o izbornom zakonu.<\/p>\n\n\n\n<p>Zovko je zastupnica u Europskom parlamentu od 2016. godine, a izme\u0111u ostalog je potpredsjednica Kluba zastupnika EPP-a i potpredsjednica Odbora za vanjske poslove te \u010dlanica radnih skupina za zapadni Balkan i za vanjske financijske instrumente, Izaslanstva za odnose s Bosnom i Hercegovinom i Kosovom, Izaslanstva za odnose sa Sjedinjenim Ameri\u010dkim Dr\u017eavama i Izaslanstva za odnose s Europsko-latinoameri\u010dkom parlamentarnom skup\u0161tinom (EuroLat).<\/p>\n\n\n\n<p>Osvr\u0107u\u0107i se na nedavni Transatlantski dijalog eurozastupnika i ameri\u010dkih kongresnika u Parizu kojemu je i sama nazo\u010dila, Zovko je rekla da je prethodni ameri\u010dki predsjednik Donald Trump dosta pokvario odnose izme\u0111u EU-a i SAD-a u pogledu zajedni\u010dkog vanjskopoliti\u010dkog pravca, a rekla je i da se Europa morala sama nositi s kriznom situacijom nakon iznenadnog povla\u010denja SAD-a iz Afganistana za vrijeme aktualnog predsjednika Joea Bidena.<\/p>\n\n\n\n<p>&#8211; Sada, s ratom u Ukrajini, gdje je Europa djelovala solidarno, zajedni\u010dki, i odgovorila na jedinstven na\u010din na ovu agresiju Rusije na Ukrajinu, sad imamo isti pristup i od strane Sjedinjenih Ameri\u010dkih Dr\u017eava, koje su upravo dok sam ja bila u Washingtonu odobrile impozantan paket od 40 milijardi dolara kojima \u0107e se pomo\u0107i Ukrajina, rekla je Zovko.<\/p>\n\n\n\n<iframe loading=\"lazy\" title=\"ROMANO BOLKOVI\u0106 - 1 NA 1: \u017deljana Zovko\" width=\"640\" height=\"360\" src=\"https:\/\/www.youtube.com\/embed\/RWSO2yo4FqI?feature=oembed\" frameborder=\"0\" allow=\"accelerometer; autoplay; clipboard-write; encrypted-media; gyroscope; picture-in-picture; web-share\" referrerpolicy=\"strict-origin-when-cross-origin\" allowfullscreen><\/iframe>\n\n\n\n<p>Dodala je da EU najvi\u0161e osje\u0107a posljedice agresije i rata u Ukrajini, izme\u0111u ostalog u pogledu izbjeglica koje je primio. Naglasila je va\u017enost solidarizacije s dr\u017eavama koje grani\u010de s Ukrajinom.<\/p>\n\n\n\n<p>Zovko je tako\u0111er rekla da je rat u Ukrajini donio spoznaju da Europa nema energetsku neovisnost, dodaju\u0107i da je Hrvatska u tome odigrala veliku ulogu.<\/p>\n\n\n\n<p>&#8211; Premijer Plenkovi\u0107 ve\u0107 je odavno s LNG terminalom osigurao da Republika Hrvatska postane energetski neovisna u velikoj mjeri, i da se \u010dak sada u ovom trenutku, skupa s transatlantskim partnerima mo\u017ee gledati da se i preko Hrvatske radi ta energetska diversifikacija, rekla je Zovko.<\/p>\n\n\n\n<p><strong><em>Zamrznuti konflikt u BiH<\/em><\/strong><\/p>\n\n\n\n<p>Zovko je ustvrdila da u Bosni i Hercegovini postoji zamrznuti konflikt te da je me\u0111unarodna zajednica izgubila nepristran pristup svim trim stranama koje su potpisale Daytonsko-pari\u0161ki mirovni sporazum i po\u010dela djelovati uglavnom u korist ve\u0107inske, bo\u0161nja\u010dke zajednice u Federaciji.<\/p>\n\n\n\n<p>&#8211; Razvija se problematika koja nije nikada iza\u0161la dovoljno u javnosti u RH jer se i\u0161lo na ubijanje karaktera svih politi\u010dkih predstavnika Hrvata u BiH i, na neki na\u010din, Hrvatska je uvijek imala taj osje\u0107aj gri\u017enje savjesti jer nije sama sa sobom ra\u0161\u010distila na koji na\u010din pristupiti \u010ditavoj povijesnoj memoriji, svemu onome \u0161to se doga\u0111alo, i preuzeti ponos za ono \u0161to su Hrvati uradili, rekla je Zovko, isti\u010du\u0107i izme\u0111u ostalog da su Hrvati sprije\u010dili masakr koji se mogao dogoditi u Biha\u0107u nakon Srebrenice.<\/p>\n\n\n\n<p>U emisiji je otvoreno i pitanje o gra\u0111anskoj BiH i federalizmu poput belgijskog.<\/p>\n\n\n\n<p>&#8211; Kada vam netko po\u010dne govoriti da u BiH mo\u017ee biti zakon ja\u010dega i zakon brojnijega, onda mislim da je to suludo jer u biti se zna na \u0161to se ide &#8211; ide se na to da se ono \u0161to se nije moglo posti\u0107i ratom postigne putem izlobiranih ljudi u Sarajevu koji idu linijom manjeg odbora, rekla je Zovko.<\/p>\n\n\n\n<p>Dodala je da svi shva\u0107aju \u0161to je na djelu jo\u0161 otkad je bila veleposlanica u Parizu (Zovko je bila veleposlanica u Francuskoj od 2004. do 2008.).<\/p>\n\n\n\n<p>&#8211; Me\u0111utim, BiH, kao i Kosovo, treba se rje\u0161avati u suradnji s ameri\u010dkim partnerima. Vi imate Ured visokog predstavnika, Vije\u0107e za implementaciju mira, i dok god imate tu jednu podijeljenu odgovornost i polusuverenost zemlje, to se ne mo\u017ee rje\u0161avati samo u Bruxellesu, poru\u010dila je Zovko.<\/p>\n\n\n\n<p>Izme\u0111u ostalog je upozorila i da postoje otvoreni pozivi takozvane ljevice da se Hrvatima zada posljednji udarac tako da se namjeste glasovi kroz Dom naroda i formira vlast umjesto njih.<\/p>\n\n\n\n<p>Na pitanje koje su \u0161anse da BiH dobije kandidacijski status za \u010dlanstvo u EU-u odgovorila je:<\/p>\n\n\n\n<p>&#8211; Ako se dogovore o izbornom zakonu, itekako su velike \u0161anse.<\/p>\n\n\n\n<p>Poru\u010dila je da je klju\u010d implementacija izbornih rezultata.<\/p>\n\n\n\n<p>&#8211; Ako BiH u\u0111e u jednu paraliziranu situaciju, \u0161to se mo\u017ee dogoditi, jer \u0107e Hrvati biti izabrani po hrvatskim \u017eupanijama, a tada \u0107ete izgubiti apsolutno koordinaciju izme\u0111u vrha dr\u017eave i \u017eupanijske i lokalne razine, BiH \u0107e se na\u0107i u situaciji zale\u0111enog institucionalnog djelovanja, rekla je Zovko.<\/p>\n\n\n\n<p>&#8211; Ali ako se postigne dogovor da se ne budu nametale ovakve vje\u0161ta\u010dke okolnosti kojima \u0107e Bo\u0161njaci zavladati tom dr\u017eavnom i federalnom razinom vlasti, sve je mogu\u0107e, dodala je.<\/p>\n\n\n\n<p><strong><em>O Milanovi\u0107u: &#8220;Da \u0107e to ne\u0161to rije\u0161iti, ja bih bila prva za&#8221;<\/em><\/strong><\/p>\n\n\n\n<p>Osvr\u0107u\u0107i se na anga\u017eman predsjednika RH Zorana Milanovi\u0107a oko Hrvata u BiH i njegove kritike na njezin ra\u010dun, Zovko je rekla da bi puno vi\u0161e pomogao kada bi popri\u010dao s predsjednicima drugih zemalja, nego da se putem medija obra\u010dunava s HDZ-om i tra\u017ei ne\u0161to \u0161to bi dodatno radikaliziralo situaciju.<\/p>\n\n\n\n<p>&#8211; Ja mo\u017eda nisam karijerni diplomat kao on, ali iza sebe imam neka postignu\u0107a kao veleposlanica, tako da sam vrlo dobro nau\u010dila \u0161to zna\u010di lobiranje, i da vi trebate tra\u017eiti prijatelje za svoje ciljeve vani, kada ste ve\u0107 u toj poziciji predsjednika. To premijer Plenkovi\u0107 izuzetno dobro radi, rekla je Zovko. Dodala je da ju je Andrej Plenkovi\u0107 nau\u010dio puno stvari u diplomaciji.<\/p>\n\n\n\n<p>Komentiraju\u0107i Milanovi\u0107ev stav uvjetovanja ulaska Finske i \u0160vedske u NATO rje\u0161avanjem statusa Hrvata u BiH, Zovko je uz smijeh rekla da joj tu ni\u0161ta nije jasno.<\/p>\n\n\n\n<p>&#8211; Da \u0107e to ne\u0161to rije\u0161iti, ja bih bila prva za, rekla je.<\/p>\n\n\n\n<p>&#8211; Ali to apsolutno ni\u0161ta ne\u0107e rije\u0161iti, dodala je.<\/p>\n\n\n\n<p>Odbacila je Milanovi\u0107evu tvrdnju da \u017eivi na Mejama u Splitu.<\/p>\n\n\n\n<p>&#8211; Ja na Mejama ne poznajem nikoga, a niti \u017eivim na Mejama. Gospodin Milanovi\u0107 trebao bi kona\u010dno ustrojiti te obavje\u0161tajne slu\u017ebe pa da ima prave izvore informacija i gdje je moja adresa, rekla je \u017deljana Zovko.<\/p>\n\n\n\n<p>Izvor:pogled.ba\/hrt.hr<\/p>\n","protected":false},"excerpt":{"rendered":"<p>Zastupnica u Europskom parlamentu \u017deljana Zovko rekla je u HTV-ovoj emisiji &#8220;1 na 1&#8221; da u Bosni i Hercegovini postoji zamrznuti konflikt te da se situacija u toj zemlji treba rje\u0161avati u suradnji s ameri\u010dkim partnerima, a poru\u010dila je i da su itekako velike \u0161anse da BiH dobije kandidacijski status za \u010dlanstvo u Europskoj uniji [&hellip;]<\/p>\n","protected":false},"author":2,"featured_media":144045,"comment_status":"closed","ping_status":"closed","sticky":false,"template":"","format":"standard","meta":{"h5ap_radio_sources":[],"footnotes":""},"categories":[1],"tags":[],"class_list":["post-144044","post","type-post","status-publish","format-standard","has-post-thumbnail","hentry","category-bihiregija"],"yoast_head":"<!-- This site is optimized with the Yoast SEO plugin v27.5 - https:\/\/yoast.com\/product\/yoast-seo-wordpress\/ -->\n<title>Zovko: \u0160anse BiH za kandidacijski status su velike ako se dogovore o izbornom zakonu - RADIO LJUBU\u0160KI<\/title>\n<meta name=\"robots\" content=\"index, follow, max-snippet:-1, max-image-preview:large, max-video-preview:-1\" \/>\n<link rel=\"canonical\" href=\"https:\/\/radioljubuski.ba\/index.php\/2022\/05\/26\/zovko-sanse-bih-za-kandidacijski-status-su-velike-ako-se-dogovore-o-izbornom-zakonu\/\" \/>\n<meta property=\"og:locale\" content=\"hr_HR\" \/>\n<meta property=\"og:type\" content=\"article\" \/>\n<meta property=\"og:title\" content=\"Zovko: \u0160anse BiH za kandidacijski status su velike ako se dogovore o izbornom zakonu - RADIO LJUBU\u0160KI\" \/>\n<meta property=\"og:description\" content=\"Zastupnica u Europskom parlamentu \u017deljana Zovko rekla je u HTV-ovoj emisiji &#8220;1 na 1&#8221; da u Bosni i Hercegovini postoji zamrznuti konflikt te da se situacija u toj zemlji treba rje\u0161avati u suradnji s ameri\u010dkim partnerima, a poru\u010dila je i da su itekako velike \u0161anse da BiH dobije kandidacijski status za \u010dlanstvo u Europskoj uniji [&hellip;]\" \/>\n<meta property=\"og:url\" content=\"https:\/\/radioljubuski.ba\/index.php\/2022\/05\/26\/zovko-sanse-bih-za-kandidacijski-status-su-velike-ako-se-dogovore-o-izbornom-zakonu\/\" \/>\n<meta property=\"og:site_name\" content=\"RADIO LJUBU\u0160KI\" \/>\n<meta property=\"article:publisher\" content=\"https:\/\/www.facebook.com\/Radiio-Ljubuski-1490835324566332\" \/>\n<meta property=\"article:published_time\" content=\"2022-05-26T08:52:20+00:00\" \/>\n<meta property=\"article:modified_time\" content=\"2022-05-26T08:52:21+00:00\" \/>\n<meta property=\"og:image\" content=\"https:\/\/radioljubuski.ba\/wp-content\/uploads\/2022\/05\/2-2022-05-26-07-48-28-zovko.jpg\" \/>\n\t<meta property=\"og:image:width\" content=\"1000\" \/>\n\t<meta property=\"og:image:height\" content=\"625\" \/>\n\t<meta property=\"og:image:type\" content=\"image\/jpeg\" \/>\n<meta name=\"author\" content=\"Radio Ljubu\u0161ki\" \/>\n<meta name=\"twitter:card\" content=\"summary_large_image\" \/>\n<meta name=\"twitter:creator\" content=\"@radioljubuski\" \/>\n<meta name=\"twitter:site\" content=\"@radioljubuski\" \/>\n<meta name=\"twitter:label1\" content=\"Napisao\/la\" \/>\n\t<meta name=\"twitter:data1\" content=\"Radio Ljubu\u0161ki\" \/>\n\t<meta name=\"twitter:label2\" content=\"Procijenjeno vrijeme \u010ditanja\" \/>\n\t<meta name=\"twitter:data2\" content=\"5 minuta\" \/>\n<script type=\"application\/ld+json\" class=\"yoast-schema-graph\">{\"@context\":\"https:\\\/\\\/schema.org\",\"@graph\":[{\"@type\":\"Article\",\"@id\":\"https:\\\/\\\/radioljubuski.ba\\\/index.php\\\/2022\\\/05\\\/26\\\/zovko-sanse-bih-za-kandidacijski-status-su-velike-ako-se-dogovore-o-izbornom-zakonu\\\/#article\",\"isPartOf\":{\"@id\":\"https:\\\/\\\/radioljubuski.ba\\\/index.php\\\/2022\\\/05\\\/26\\\/zovko-sanse-bih-za-kandidacijski-status-su-velike-ako-se-dogovore-o-izbornom-zakonu\\\/\"},\"author\":{\"name\":\"Radio Ljubu\u0161ki\",\"@id\":\"https:\\\/\\\/radioljubuski.ba\\\/#\\\/schema\\\/person\\\/19fc700381a780f69665d7956c469e3b\"},\"headline\":\"Zovko: \u0160anse BiH za kandidacijski status su velike ako se dogovore o izbornom zakonu\",\"datePublished\":\"2022-05-26T08:52:20+00:00\",\"dateModified\":\"2022-05-26T08:52:21+00:00\",\"mainEntityOfPage\":{\"@id\":\"https:\\\/\\\/radioljubuski.ba\\\/index.php\\\/2022\\\/05\\\/26\\\/zovko-sanse-bih-za-kandidacijski-status-su-velike-ako-se-dogovore-o-izbornom-zakonu\\\/\"},\"wordCount\":1102,\"publisher\":{\"@id\":\"https:\\\/\\\/radioljubuski.ba\\\/#organization\"},\"image\":{\"@id\":\"https:\\\/\\\/radioljubuski.ba\\\/index.php\\\/2022\\\/05\\\/26\\\/zovko-sanse-bih-za-kandidacijski-status-su-velike-ako-se-dogovore-o-izbornom-zakonu\\\/#primaryimage\"},\"thumbnailUrl\":\"https:\\\/\\\/radioljubuski.ba\\\/wp-content\\\/uploads\\\/2022\\\/05\\\/2-2022-05-26-07-48-28-zovko.jpg\",\"articleSection\":[\"BIH i regija\"],\"inLanguage\":\"hr\"},{\"@type\":\"WebPage\",\"@id\":\"https:\\\/\\\/radioljubuski.ba\\\/index.php\\\/2022\\\/05\\\/26\\\/zovko-sanse-bih-za-kandidacijski-status-su-velike-ako-se-dogovore-o-izbornom-zakonu\\\/\",\"url\":\"https:\\\/\\\/radioljubuski.ba\\\/index.php\\\/2022\\\/05\\\/26\\\/zovko-sanse-bih-za-kandidacijski-status-su-velike-ako-se-dogovore-o-izbornom-zakonu\\\/\",\"name\":\"Zovko: \u0160anse BiH za kandidacijski status su velike ako se dogovore o izbornom zakonu - RADIO LJUBU\u0160KI\",\"isPartOf\":{\"@id\":\"https:\\\/\\\/radioljubuski.ba\\\/#website\"},\"primaryImageOfPage\":{\"@id\":\"https:\\\/\\\/radioljubuski.ba\\\/index.php\\\/2022\\\/05\\\/26\\\/zovko-sanse-bih-za-kandidacijski-status-su-velike-ako-se-dogovore-o-izbornom-zakonu\\\/#primaryimage\"},\"image\":{\"@id\":\"https:\\\/\\\/radioljubuski.ba\\\/index.php\\\/2022\\\/05\\\/26\\\/zovko-sanse-bih-za-kandidacijski-status-su-velike-ako-se-dogovore-o-izbornom-zakonu\\\/#primaryimage\"},\"thumbnailUrl\":\"https:\\\/\\\/radioljubuski.ba\\\/wp-content\\\/uploads\\\/2022\\\/05\\\/2-2022-05-26-07-48-28-zovko.jpg\",\"datePublished\":\"2022-05-26T08:52:20+00:00\",\"dateModified\":\"2022-05-26T08:52:21+00:00\",\"breadcrumb\":{\"@id\":\"https:\\\/\\\/radioljubuski.ba\\\/index.php\\\/2022\\\/05\\\/26\\\/zovko-sanse-bih-za-kandidacijski-status-su-velike-ako-se-dogovore-o-izbornom-zakonu\\\/#breadcrumb\"},\"inLanguage\":\"hr\",\"potentialAction\":[{\"@type\":\"ReadAction\",\"target\":[\"https:\\\/\\\/radioljubuski.ba\\\/index.php\\\/2022\\\/05\\\/26\\\/zovko-sanse-bih-za-kandidacijski-status-su-velike-ako-se-dogovore-o-izbornom-zakonu\\\/\"]}]},{\"@type\":\"ImageObject\",\"inLanguage\":\"hr\",\"@id\":\"https:\\\/\\\/radioljubuski.ba\\\/index.php\\\/2022\\\/05\\\/26\\\/zovko-sanse-bih-za-kandidacijski-status-su-velike-ako-se-dogovore-o-izbornom-zakonu\\\/#primaryimage\",\"url\":\"https:\\\/\\\/radioljubuski.ba\\\/wp-content\\\/uploads\\\/2022\\\/05\\\/2-2022-05-26-07-48-28-zovko.jpg\",\"contentUrl\":\"https:\\\/\\\/radioljubuski.ba\\\/wp-content\\\/uploads\\\/2022\\\/05\\\/2-2022-05-26-07-48-28-zovko.jpg\",\"width\":1000,\"height\":625},{\"@type\":\"BreadcrumbList\",\"@id\":\"https:\\\/\\\/radioljubuski.ba\\\/index.php\\\/2022\\\/05\\\/26\\\/zovko-sanse-bih-za-kandidacijski-status-su-velike-ako-se-dogovore-o-izbornom-zakonu\\\/#breadcrumb\",\"itemListElement\":[{\"@type\":\"ListItem\",\"position\":1,\"name\":\"Po\u010detna stranica\",\"item\":\"https:\\\/\\\/radioljubuski.ba\\\/\"},{\"@type\":\"ListItem\",\"position\":2,\"name\":\"Zovko: \u0160anse BiH za kandidacijski status su velike ako se dogovore o izbornom zakonu\"}]},{\"@type\":\"WebSite\",\"@id\":\"https:\\\/\\\/radioljubuski.ba\\\/#website\",\"url\":\"https:\\\/\\\/radioljubuski.ba\\\/\",\"name\":\"Radio Ljubu\u0161ki\",\"description\":\"Sun\u010dana frekvencija Hercegovine\",\"publisher\":{\"@id\":\"https:\\\/\\\/radioljubuski.ba\\\/#organization\"},\"potentialAction\":[{\"@type\":\"SearchAction\",\"target\":{\"@type\":\"EntryPoint\",\"urlTemplate\":\"https:\\\/\\\/radioljubuski.ba\\\/?s={search_term_string}\"},\"query-input\":{\"@type\":\"PropertyValueSpecification\",\"valueRequired\":true,\"valueName\":\"search_term_string\"}}],\"inLanguage\":\"hr\"},{\"@type\":\"Organization\",\"@id\":\"https:\\\/\\\/radioljubuski.ba\\\/#organization\",\"name\":\"Radio Ljubu\u0161ki\",\"url\":\"https:\\\/\\\/radioljubuski.ba\\\/\",\"logo\":{\"@type\":\"ImageObject\",\"inLanguage\":\"hr\",\"@id\":\"https:\\\/\\\/radioljubuski.ba\\\/#\\\/schema\\\/logo\\\/image\\\/\",\"url\":\"https:\\\/\\\/radioljubuski.ba\\\/wp-content\\\/uploads\\\/2021\\\/02\\\/cropped-Radio_Ljubuski_logo1.jpg\",\"contentUrl\":\"https:\\\/\\\/radioljubuski.ba\\\/wp-content\\\/uploads\\\/2021\\\/02\\\/cropped-Radio_Ljubuski_logo1.jpg\",\"width\":512,\"height\":512,\"caption\":\"Radio Ljubu\u0161ki\"},\"image\":{\"@id\":\"https:\\\/\\\/radioljubuski.ba\\\/#\\\/schema\\\/logo\\\/image\\\/\"},\"sameAs\":[\"https:\\\/\\\/www.facebook.com\\\/Radiio-Ljubuski-1490835324566332\",\"https:\\\/\\\/x.com\\\/radioljubuski\",\"https:\\\/\\\/hr.linkedin.com\\\/company\\\/radio-ljubuski\",\"https:\\\/\\\/www.youtube.com\\\/channel\\\/UCHYaeO_n0Db3tjNGudGpXyw\"]},{\"@type\":\"Person\",\"@id\":\"https:\\\/\\\/radioljubuski.ba\\\/#\\\/schema\\\/person\\\/19fc700381a780f69665d7956c469e3b\",\"name\":\"Radio Ljubu\u0161ki\"}]}<\/script>\n<!-- \/ Yoast SEO plugin. -->","yoast_head_json":{"title":"Zovko: \u0160anse BiH za kandidacijski status su velike ako se dogovore o izbornom zakonu - RADIO LJUBU\u0160KI","robots":{"index":"index","follow":"follow","max-snippet":"max-snippet:-1","max-image-preview":"max-image-preview:large","max-video-preview":"max-video-preview:-1"},"canonical":"https:\/\/radioljubuski.ba\/index.php\/2022\/05\/26\/zovko-sanse-bih-za-kandidacijski-status-su-velike-ako-se-dogovore-o-izbornom-zakonu\/","og_locale":"hr_HR","og_type":"article","og_title":"Zovko: \u0160anse BiH za kandidacijski status su velike ako se dogovore o izbornom zakonu - RADIO LJUBU\u0160KI","og_description":"Zastupnica u Europskom parlamentu \u017deljana Zovko rekla je u HTV-ovoj emisiji &#8220;1 na 1&#8221; da u Bosni i Hercegovini postoji zamrznuti konflikt te da se situacija u toj zemlji treba rje\u0161avati u suradnji s ameri\u010dkim partnerima, a poru\u010dila je i da su itekako velike \u0161anse da BiH dobije kandidacijski status za \u010dlanstvo u Europskoj uniji [&hellip;]","og_url":"https:\/\/radioljubuski.ba\/index.php\/2022\/05\/26\/zovko-sanse-bih-za-kandidacijski-status-su-velike-ako-se-dogovore-o-izbornom-zakonu\/","og_site_name":"RADIO LJUBU\u0160KI","article_publisher":"https:\/\/www.facebook.com\/Radiio-Ljubuski-1490835324566332","article_published_time":"2022-05-26T08:52:20+00:00","article_modified_time":"2022-05-26T08:52:21+00:00","og_image":[{"width":1000,"height":625,"url":"https:\/\/radioljubuski.ba\/wp-content\/uploads\/2022\/05\/2-2022-05-26-07-48-28-zovko.jpg","type":"image\/jpeg"}],"author":"Radio Ljubu\u0161ki","twitter_card":"summary_large_image","twitter_creator":"@radioljubuski","twitter_site":"@radioljubuski","twitter_misc":{"Napisao\/la":"Radio Ljubu\u0161ki","Procijenjeno vrijeme \u010ditanja":"5 minuta"},"schema":{"@context":"https:\/\/schema.org","@graph":[{"@type":"Article","@id":"https:\/\/radioljubuski.ba\/index.php\/2022\/05\/26\/zovko-sanse-bih-za-kandidacijski-status-su-velike-ako-se-dogovore-o-izbornom-zakonu\/#article","isPartOf":{"@id":"https:\/\/radioljubuski.ba\/index.php\/2022\/05\/26\/zovko-sanse-bih-za-kandidacijski-status-su-velike-ako-se-dogovore-o-izbornom-zakonu\/"},"author":{"name":"Radio Ljubu\u0161ki","@id":"https:\/\/radioljubuski.ba\/#\/schema\/person\/19fc700381a780f69665d7956c469e3b"},"headline":"Zovko: \u0160anse BiH za kandidacijski status su velike ako se dogovore o izbornom zakonu","datePublished":"2022-05-26T08:52:20+00:00","dateModified":"2022-05-26T08:52:21+00:00","mainEntityOfPage":{"@id":"https:\/\/radioljubuski.ba\/index.php\/2022\/05\/26\/zovko-sanse-bih-za-kandidacijski-status-su-velike-ako-se-dogovore-o-izbornom-zakonu\/"},"wordCount":1102,"publisher":{"@id":"https:\/\/radioljubuski.ba\/#organization"},"image":{"@id":"https:\/\/radioljubuski.ba\/index.php\/2022\/05\/26\/zovko-sanse-bih-za-kandidacijski-status-su-velike-ako-se-dogovore-o-izbornom-zakonu\/#primaryimage"},"thumbnailUrl":"https:\/\/radioljubuski.ba\/wp-content\/uploads\/2022\/05\/2-2022-05-26-07-48-28-zovko.jpg","articleSection":["BIH i regija"],"inLanguage":"hr"},{"@type":"WebPage","@id":"https:\/\/radioljubuski.ba\/index.php\/2022\/05\/26\/zovko-sanse-bih-za-kandidacijski-status-su-velike-ako-se-dogovore-o-izbornom-zakonu\/","url":"https:\/\/radioljubuski.ba\/index.php\/2022\/05\/26\/zovko-sanse-bih-za-kandidacijski-status-su-velike-ako-se-dogovore-o-izbornom-zakonu\/","name":"Zovko: \u0160anse BiH za kandidacijski status su velike ako se dogovore o izbornom zakonu - RADIO LJUBU\u0160KI","isPartOf":{"@id":"https:\/\/radioljubuski.ba\/#website"},"primaryImageOfPage":{"@id":"https:\/\/radioljubuski.ba\/index.php\/2022\/05\/26\/zovko-sanse-bih-za-kandidacijski-status-su-velike-ako-se-dogovore-o-izbornom-zakonu\/#primaryimage"},"image":{"@id":"https:\/\/radioljubuski.ba\/index.php\/2022\/05\/26\/zovko-sanse-bih-za-kandidacijski-status-su-velike-ako-se-dogovore-o-izbornom-zakonu\/#primaryimage"},"thumbnailUrl":"https:\/\/radioljubuski.ba\/wp-content\/uploads\/2022\/05\/2-2022-05-26-07-48-28-zovko.jpg","datePublished":"2022-05-26T08:52:20+00:00","dateModified":"2022-05-26T08:52:21+00:00","breadcrumb":{"@id":"https:\/\/radioljubuski.ba\/index.php\/2022\/05\/26\/zovko-sanse-bih-za-kandidacijski-status-su-velike-ako-se-dogovore-o-izbornom-zakonu\/#breadcrumb"},"inLanguage":"hr","potentialAction":[{"@type":"ReadAction","target":["https:\/\/radioljubuski.ba\/index.php\/2022\/05\/26\/zovko-sanse-bih-za-kandidacijski-status-su-velike-ako-se-dogovore-o-izbornom-zakonu\/"]}]},{"@type":"ImageObject","inLanguage":"hr","@id":"https:\/\/radioljubuski.ba\/index.php\/2022\/05\/26\/zovko-sanse-bih-za-kandidacijski-status-su-velike-ako-se-dogovore-o-izbornom-zakonu\/#primaryimage","url":"https:\/\/radioljubuski.ba\/wp-content\/uploads\/2022\/05\/2-2022-05-26-07-48-28-zovko.jpg","contentUrl":"https:\/\/radioljubuski.ba\/wp-content\/uploads\/2022\/05\/2-2022-05-26-07-48-28-zovko.jpg","width":1000,"height":625},{"@type":"BreadcrumbList","@id":"https:\/\/radioljubuski.ba\/index.php\/2022\/05\/26\/zovko-sanse-bih-za-kandidacijski-status-su-velike-ako-se-dogovore-o-izbornom-zakonu\/#breadcrumb","itemListElement":[{"@type":"ListItem","position":1,"name":"Po\u010detna stranica","item":"https:\/\/radioljubuski.ba\/"},{"@type":"ListItem","position":2,"name":"Zovko: \u0160anse BiH za kandidacijski status su velike ako se dogovore o izbornom zakonu"}]},{"@type":"WebSite","@id":"https:\/\/radioljubuski.ba\/#website","url":"https:\/\/radioljubuski.ba\/","name":"Radio Ljubu\u0161ki","description":"Sun\u010dana frekvencija Hercegovine","publisher":{"@id":"https:\/\/radioljubuski.ba\/#organization"},"potentialAction":[{"@type":"SearchAction","target":{"@type":"EntryPoint","urlTemplate":"https:\/\/radioljubuski.ba\/?s={search_term_string}"},"query-input":{"@type":"PropertyValueSpecification","valueRequired":true,"valueName":"search_term_string"}}],"inLanguage":"hr"},{"@type":"Organization","@id":"https:\/\/radioljubuski.ba\/#organization","name":"Radio Ljubu\u0161ki","url":"https:\/\/radioljubuski.ba\/","logo":{"@type":"ImageObject","inLanguage":"hr","@id":"https:\/\/radioljubuski.ba\/#\/schema\/logo\/image\/","url":"https:\/\/radioljubuski.ba\/wp-content\/uploads\/2021\/02\/cropped-Radio_Ljubuski_logo1.jpg","contentUrl":"https:\/\/radioljubuski.ba\/wp-content\/uploads\/2021\/02\/cropped-Radio_Ljubuski_logo1.jpg","width":512,"height":512,"caption":"Radio Ljubu\u0161ki"},"image":{"@id":"https:\/\/radioljubuski.ba\/#\/schema\/logo\/image\/"},"sameAs":["https:\/\/www.facebook.com\/Radiio-Ljubuski-1490835324566332","https:\/\/x.com\/radioljubuski","https:\/\/hr.linkedin.com\/company\/radio-ljubuski","https:\/\/www.youtube.com\/channel\/UCHYaeO_n0Db3tjNGudGpXyw"]},{"@type":"Person","@id":"https:\/\/radioljubuski.ba\/#\/schema\/person\/19fc700381a780f69665d7956c469e3b","name":"Radio Ljubu\u0161ki"}]}},"_links":{"self":[{"href":"https:\/\/radioljubuski.ba\/index.php\/wp-json\/wp\/v2\/posts\/144044","targetHints":{"allow":["GET"]}}],"collection":[{"href":"https:\/\/radioljubuski.ba\/index.php\/wp-json\/wp\/v2\/posts"}],"about":[{"href":"https:\/\/radioljubuski.ba\/index.php\/wp-json\/wp\/v2\/types\/post"}],"author":[{"embeddable":true,"href":"https:\/\/radioljubuski.ba\/index.php\/wp-json\/wp\/v2\/users\/2"}],"replies":[{"embeddable":true,"href":"https:\/\/radioljubuski.ba\/index.php\/wp-json\/wp\/v2\/comments?post=144044"}],"version-history":[{"count":1,"href":"https:\/\/radioljubuski.ba\/index.php\/wp-json\/wp\/v2\/posts\/144044\/revisions"}],"predecessor-version":[{"id":144046,"href":"https:\/\/radioljubuski.ba\/index.php\/wp-json\/wp\/v2\/posts\/144044\/revisions\/144046"}],"wp:featuredmedia":[{"embeddable":true,"href":"https:\/\/radioljubuski.ba\/index.php\/wp-json\/wp\/v2\/media\/144045"}],"wp:attachment":[{"href":"https:\/\/radioljubuski.ba\/index.php\/wp-json\/wp\/v2\/media?parent=144044"}],"wp:term":[{"taxonomy":"category","embeddable":true,"href":"https:\/\/radioljubuski.ba\/index.php\/wp-json\/wp\/v2\/categories?post=144044"},{"taxonomy":"post_tag","embeddable":true,"href":"https:\/\/radioljubuski.ba\/index.php\/wp-json\/wp\/v2\/tags?post=144044"}],"curies":[{"name":"wp","href":"https:\/\/api.w.org\/{rel}","templated":true}]}}