{"id":144049,"date":"2022-05-26T10:02:16","date_gmt":"2022-05-26T09:02:16","guid":{"rendered":"https:\/\/radioljubuski.ba\/?p=144049"},"modified":"2022-05-26T10:02:17","modified_gmt":"2022-05-26T09:02:17","slug":"ljubusak-strijelac-za-dinamo-u-finalu-pionirskog-kupa-hrvatske","status":"publish","type":"post","link":"https:\/\/radioljubuski.ba\/index.php\/2022\/05\/26\/ljubusak-strijelac-za-dinamo-u-finalu-pionirskog-kupa-hrvatske\/","title":{"rendered":"Ljubu\u0161ak strijelac za Dinamo u finalu pionirskog Kupa Hrvatske"},"content":{"rendered":"\n<p>Pioniri Dinama osvojili su HNK pobjedom protiv Osijeka. <\/p>\n\n\n\n<p>U osnovnom dijelu igre rezultat u Dugopolju je bio 1:1, a igra\u010di Dinama su slavili nakon jedanaesteraca sa 6:5.<\/p>\n\n\n\n<p>Dinamo je ne\u0161to bolje otvorio utakmicu, no Osijek je poveo u 26. minuti. <\/p>\n\n\n\n<p>Strijelac za 1:0 Osje\u010dana bio je Dra\u017een Jaman. U nastavku utakmice Dinamo je najbolju priliku za izjedna\u010denje imao u 55. minuti, ali je Huski\u0107 prebacio vrata nakon udarca s bijele to\u010dke.<\/p>\n\n\n\n<p>No, Dinamo je deset minuta prije kraja ipak izjedna\u010dio golom Ljubu\u0161aka Mislava \u0106utuka te se drama preselila na jedanaesterce gdje je Dinamo realizirao svih pet udaraca, dok je kod Osijeka jedino proma\u0161io Pulji\u0107, ali je to na kraju bilo kobno po mlade Osje\u010dane.<\/p>\n\n\n\n<p>&#8211; \u010cestitam suparniku, uvijek je s njima zanimljivo igrati. Mislim da smo zaslu\u017eeno pobijedili, jer nije se lako vratiti nakon 0:1. No, uspjeli smo. Malo \u0107emo proslaviti, ali se moramo okrenuti i zadnjem prvenstvenom kolu, budu\u0107i da \u017eelimo biti prvaci i osvojiti dvostruku krunu ove&nbsp;sezone, rekao je trener Dinama Mevludin Julard\u017eija.<\/p>\n\n\n\n<p>Jo\u0161 se mora odigrati finale Kupa za juniore u kojem \u0107e se za trofej boriti Vara\u017edin i Dinamo, dok je, podsjetimo, pobjednik u kadetskoj konkurenciji Rijeka, koja je s uvjerljivih 4:1 bila bolja od Dinama.<\/p>\n\n\n\n<p>HNK za pionire:\u00a0Osijek &#8211; Dinamo 1:1, jedanaesterci 5:6 (Jaman 26.\/ Mislav \u0106utuk 60.)<\/p>\n\n\n\n<p><strong>Izvor: Iks-portal.info<\/strong><\/p>\n","protected":false},"excerpt":{"rendered":"<p>Pioniri Dinama osvojili su HNK pobjedom protiv Osijeka. U osnovnom dijelu igre rezultat u Dugopolju je bio 1:1, a igra\u010di Dinama su slavili nakon jedanaesteraca sa 6:5. Dinamo je ne\u0161to bolje otvorio utakmicu, no Osijek je poveo u 26. minuti. Strijelac za 1:0 Osje\u010dana bio je Dra\u017een Jaman. U nastavku utakmice Dinamo je najbolju priliku [&hellip;]<\/p>\n","protected":false},"author":2,"featured_media":144050,"comment_status":"closed","ping_status":"closed","sticky":false,"template":"","format":"standard","meta":{"h5ap_radio_sources":[],"footnotes":""},"categories":[7],"tags":[],"class_list":["post-144049","post","type-post","status-publish","format-standard","has-post-thumbnail","hentry","category-sport"],"yoast_head":"<!-- This site is optimized with the Yoast SEO plugin v27.5 - https:\/\/yoast.com\/product\/yoast-seo-wordpress\/ -->\n<title>Ljubu\u0161ak strijelac za Dinamo u finalu pionirskog Kupa Hrvatske - RADIO LJUBU\u0160KI<\/title>\n<meta name=\"robots\" content=\"index, follow, max-snippet:-1, max-image-preview:large, max-video-preview:-1\" \/>\n<link rel=\"canonical\" href=\"https:\/\/radioljubuski.ba\/index.php\/2022\/05\/26\/ljubusak-strijelac-za-dinamo-u-finalu-pionirskog-kupa-hrvatske\/\" \/>\n<meta property=\"og:locale\" content=\"hr_HR\" \/>\n<meta property=\"og:type\" content=\"article\" \/>\n<meta property=\"og:title\" content=\"Ljubu\u0161ak strijelac za Dinamo u finalu pionirskog Kupa Hrvatske - RADIO LJUBU\u0160KI\" \/>\n<meta property=\"og:description\" content=\"Pioniri Dinama osvojili su HNK pobjedom protiv Osijeka. U osnovnom dijelu igre rezultat u Dugopolju je bio 1:1, a igra\u010di Dinama su slavili nakon jedanaesteraca sa 6:5. Dinamo je ne\u0161to bolje otvorio utakmicu, no Osijek je poveo u 26. minuti. Strijelac za 1:0 Osje\u010dana bio je Dra\u017een Jaman. U nastavku utakmice Dinamo je najbolju priliku [&hellip;]\" \/>\n<meta property=\"og:url\" content=\"https:\/\/radioljubuski.ba\/index.php\/2022\/05\/26\/ljubusak-strijelac-za-dinamo-u-finalu-pionirskog-kupa-hrvatske\/\" \/>\n<meta property=\"og:site_name\" content=\"RADIO LJUBU\u0160KI\" \/>\n<meta property=\"article:publisher\" content=\"https:\/\/www.facebook.com\/Radiio-Ljubuski-1490835324566332\" \/>\n<meta property=\"article:published_time\" content=\"2022-05-26T09:02:16+00:00\" \/>\n<meta property=\"article:modified_time\" content=\"2022-05-26T09:02:17+00:00\" \/>\n<meta property=\"og:image\" content=\"https:\/\/radioljubuski.ba\/wp-content\/uploads\/2022\/05\/dinamo-1.jpg\" \/>\n\t<meta property=\"og:image:width\" content=\"1024\" \/>\n\t<meta property=\"og:image:height\" content=\"667\" \/>\n\t<meta property=\"og:image:type\" content=\"image\/jpeg\" \/>\n<meta name=\"author\" content=\"Radio Ljubu\u0161ki\" \/>\n<meta name=\"twitter:card\" content=\"summary_large_image\" \/>\n<meta name=\"twitter:creator\" content=\"@radioljubuski\" \/>\n<meta name=\"twitter:site\" content=\"@radioljubuski\" \/>\n<meta name=\"twitter:label1\" content=\"Napisao\/la\" \/>\n\t<meta name=\"twitter:data1\" content=\"Radio Ljubu\u0161ki\" \/>\n\t<meta name=\"twitter:label2\" content=\"Procijenjeno vrijeme \u010ditanja\" \/>\n\t<meta name=\"twitter:data2\" content=\"1 minuta\" \/>\n<script type=\"application\/ld+json\" class=\"yoast-schema-graph\">{\"@context\":\"https:\\\/\\\/schema.org\",\"@graph\":[{\"@type\":\"Article\",\"@id\":\"https:\\\/\\\/radioljubuski.ba\\\/index.php\\\/2022\\\/05\\\/26\\\/ljubusak-strijelac-za-dinamo-u-finalu-pionirskog-kupa-hrvatske\\\/#article\",\"isPartOf\":{\"@id\":\"https:\\\/\\\/radioljubuski.ba\\\/index.php\\\/2022\\\/05\\\/26\\\/ljubusak-strijelac-za-dinamo-u-finalu-pionirskog-kupa-hrvatske\\\/\"},\"author\":{\"name\":\"Radio Ljubu\u0161ki\",\"@id\":\"https:\\\/\\\/radioljubuski.ba\\\/#\\\/schema\\\/person\\\/19fc700381a780f69665d7956c469e3b\"},\"headline\":\"Ljubu\u0161ak strijelac za Dinamo u finalu pionirskog Kupa Hrvatske\",\"datePublished\":\"2022-05-26T09:02:16+00:00\",\"dateModified\":\"2022-05-26T09:02:17+00:00\",\"mainEntityOfPage\":{\"@id\":\"https:\\\/\\\/radioljubuski.ba\\\/index.php\\\/2022\\\/05\\\/26\\\/ljubusak-strijelac-za-dinamo-u-finalu-pionirskog-kupa-hrvatske\\\/\"},\"wordCount\":232,\"publisher\":{\"@id\":\"https:\\\/\\\/radioljubuski.ba\\\/#organization\"},\"image\":{\"@id\":\"https:\\\/\\\/radioljubuski.ba\\\/index.php\\\/2022\\\/05\\\/26\\\/ljubusak-strijelac-za-dinamo-u-finalu-pionirskog-kupa-hrvatske\\\/#primaryimage\"},\"thumbnailUrl\":\"https:\\\/\\\/radioljubuski.ba\\\/wp-content\\\/uploads\\\/2022\\\/05\\\/dinamo-1.jpg\",\"articleSection\":[\"\u0160port\"],\"inLanguage\":\"hr\"},{\"@type\":\"WebPage\",\"@id\":\"https:\\\/\\\/radioljubuski.ba\\\/index.php\\\/2022\\\/05\\\/26\\\/ljubusak-strijelac-za-dinamo-u-finalu-pionirskog-kupa-hrvatske\\\/\",\"url\":\"https:\\\/\\\/radioljubuski.ba\\\/index.php\\\/2022\\\/05\\\/26\\\/ljubusak-strijelac-za-dinamo-u-finalu-pionirskog-kupa-hrvatske\\\/\",\"name\":\"Ljubu\u0161ak strijelac za Dinamo u finalu pionirskog Kupa Hrvatske - RADIO LJUBU\u0160KI\",\"isPartOf\":{\"@id\":\"https:\\\/\\\/radioljubuski.ba\\\/#website\"},\"primaryImageOfPage\":{\"@id\":\"https:\\\/\\\/radioljubuski.ba\\\/index.php\\\/2022\\\/05\\\/26\\\/ljubusak-strijelac-za-dinamo-u-finalu-pionirskog-kupa-hrvatske\\\/#primaryimage\"},\"image\":{\"@id\":\"https:\\\/\\\/radioljubuski.ba\\\/index.php\\\/2022\\\/05\\\/26\\\/ljubusak-strijelac-za-dinamo-u-finalu-pionirskog-kupa-hrvatske\\\/#primaryimage\"},\"thumbnailUrl\":\"https:\\\/\\\/radioljubuski.ba\\\/wp-content\\\/uploads\\\/2022\\\/05\\\/dinamo-1.jpg\",\"datePublished\":\"2022-05-26T09:02:16+00:00\",\"dateModified\":\"2022-05-26T09:02:17+00:00\",\"breadcrumb\":{\"@id\":\"https:\\\/\\\/radioljubuski.ba\\\/index.php\\\/2022\\\/05\\\/26\\\/ljubusak-strijelac-za-dinamo-u-finalu-pionirskog-kupa-hrvatske\\\/#breadcrumb\"},\"inLanguage\":\"hr\",\"potentialAction\":[{\"@type\":\"ReadAction\",\"target\":[\"https:\\\/\\\/radioljubuski.ba\\\/index.php\\\/2022\\\/05\\\/26\\\/ljubusak-strijelac-za-dinamo-u-finalu-pionirskog-kupa-hrvatske\\\/\"]}]},{\"@type\":\"ImageObject\",\"inLanguage\":\"hr\",\"@id\":\"https:\\\/\\\/radioljubuski.ba\\\/index.php\\\/2022\\\/05\\\/26\\\/ljubusak-strijelac-za-dinamo-u-finalu-pionirskog-kupa-hrvatske\\\/#primaryimage\",\"url\":\"https:\\\/\\\/radioljubuski.ba\\\/wp-content\\\/uploads\\\/2022\\\/05\\\/dinamo-1.jpg\",\"contentUrl\":\"https:\\\/\\\/radioljubuski.ba\\\/wp-content\\\/uploads\\\/2022\\\/05\\\/dinamo-1.jpg\",\"width\":1024,\"height\":667},{\"@type\":\"BreadcrumbList\",\"@id\":\"https:\\\/\\\/radioljubuski.ba\\\/index.php\\\/2022\\\/05\\\/26\\\/ljubusak-strijelac-za-dinamo-u-finalu-pionirskog-kupa-hrvatske\\\/#breadcrumb\",\"itemListElement\":[{\"@type\":\"ListItem\",\"position\":1,\"name\":\"Po\u010detna stranica\",\"item\":\"https:\\\/\\\/radioljubuski.ba\\\/\"},{\"@type\":\"ListItem\",\"position\":2,\"name\":\"Ljubu\u0161ak strijelac za Dinamo u finalu pionirskog Kupa Hrvatske\"}]},{\"@type\":\"WebSite\",\"@id\":\"https:\\\/\\\/radioljubuski.ba\\\/#website\",\"url\":\"https:\\\/\\\/radioljubuski.ba\\\/\",\"name\":\"Radio Ljubu\u0161ki\",\"description\":\"Sun\u010dana frekvencija Hercegovine\",\"publisher\":{\"@id\":\"https:\\\/\\\/radioljubuski.ba\\\/#organization\"},\"potentialAction\":[{\"@type\":\"SearchAction\",\"target\":{\"@type\":\"EntryPoint\",\"urlTemplate\":\"https:\\\/\\\/radioljubuski.ba\\\/?s={search_term_string}\"},\"query-input\":{\"@type\":\"PropertyValueSpecification\",\"valueRequired\":true,\"valueName\":\"search_term_string\"}}],\"inLanguage\":\"hr\"},{\"@type\":\"Organization\",\"@id\":\"https:\\\/\\\/radioljubuski.ba\\\/#organization\",\"name\":\"Radio Ljubu\u0161ki\",\"url\":\"https:\\\/\\\/radioljubuski.ba\\\/\",\"logo\":{\"@type\":\"ImageObject\",\"inLanguage\":\"hr\",\"@id\":\"https:\\\/\\\/radioljubuski.ba\\\/#\\\/schema\\\/logo\\\/image\\\/\",\"url\":\"https:\\\/\\\/radioljubuski.ba\\\/wp-content\\\/uploads\\\/2021\\\/02\\\/cropped-Radio_Ljubuski_logo1.jpg\",\"contentUrl\":\"https:\\\/\\\/radioljubuski.ba\\\/wp-content\\\/uploads\\\/2021\\\/02\\\/cropped-Radio_Ljubuski_logo1.jpg\",\"width\":512,\"height\":512,\"caption\":\"Radio Ljubu\u0161ki\"},\"image\":{\"@id\":\"https:\\\/\\\/radioljubuski.ba\\\/#\\\/schema\\\/logo\\\/image\\\/\"},\"sameAs\":[\"https:\\\/\\\/www.facebook.com\\\/Radiio-Ljubuski-1490835324566332\",\"https:\\\/\\\/x.com\\\/radioljubuski\",\"https:\\\/\\\/hr.linkedin.com\\\/company\\\/radio-ljubuski\",\"https:\\\/\\\/www.youtube.com\\\/channel\\\/UCHYaeO_n0Db3tjNGudGpXyw\"]},{\"@type\":\"Person\",\"@id\":\"https:\\\/\\\/radioljubuski.ba\\\/#\\\/schema\\\/person\\\/19fc700381a780f69665d7956c469e3b\",\"name\":\"Radio Ljubu\u0161ki\"}]}<\/script>\n<!-- \/ Yoast SEO plugin. -->","yoast_head_json":{"title":"Ljubu\u0161ak strijelac za Dinamo u finalu pionirskog Kupa Hrvatske - RADIO LJUBU\u0160KI","robots":{"index":"index","follow":"follow","max-snippet":"max-snippet:-1","max-image-preview":"max-image-preview:large","max-video-preview":"max-video-preview:-1"},"canonical":"https:\/\/radioljubuski.ba\/index.php\/2022\/05\/26\/ljubusak-strijelac-za-dinamo-u-finalu-pionirskog-kupa-hrvatske\/","og_locale":"hr_HR","og_type":"article","og_title":"Ljubu\u0161ak strijelac za Dinamo u finalu pionirskog Kupa Hrvatske - RADIO LJUBU\u0160KI","og_description":"Pioniri Dinama osvojili su HNK pobjedom protiv Osijeka. U osnovnom dijelu igre rezultat u Dugopolju je bio 1:1, a igra\u010di Dinama su slavili nakon jedanaesteraca sa 6:5. Dinamo je ne\u0161to bolje otvorio utakmicu, no Osijek je poveo u 26. minuti. Strijelac za 1:0 Osje\u010dana bio je Dra\u017een Jaman. U nastavku utakmice Dinamo je najbolju priliku [&hellip;]","og_url":"https:\/\/radioljubuski.ba\/index.php\/2022\/05\/26\/ljubusak-strijelac-za-dinamo-u-finalu-pionirskog-kupa-hrvatske\/","og_site_name":"RADIO LJUBU\u0160KI","article_publisher":"https:\/\/www.facebook.com\/Radiio-Ljubuski-1490835324566332","article_published_time":"2022-05-26T09:02:16+00:00","article_modified_time":"2022-05-26T09:02:17+00:00","og_image":[{"width":1024,"height":667,"url":"https:\/\/radioljubuski.ba\/wp-content\/uploads\/2022\/05\/dinamo-1.jpg","type":"image\/jpeg"}],"author":"Radio Ljubu\u0161ki","twitter_card":"summary_large_image","twitter_creator":"@radioljubuski","twitter_site":"@radioljubuski","twitter_misc":{"Napisao\/la":"Radio Ljubu\u0161ki","Procijenjeno vrijeme \u010ditanja":"1 minuta"},"schema":{"@context":"https:\/\/schema.org","@graph":[{"@type":"Article","@id":"https:\/\/radioljubuski.ba\/index.php\/2022\/05\/26\/ljubusak-strijelac-za-dinamo-u-finalu-pionirskog-kupa-hrvatske\/#article","isPartOf":{"@id":"https:\/\/radioljubuski.ba\/index.php\/2022\/05\/26\/ljubusak-strijelac-za-dinamo-u-finalu-pionirskog-kupa-hrvatske\/"},"author":{"name":"Radio Ljubu\u0161ki","@id":"https:\/\/radioljubuski.ba\/#\/schema\/person\/19fc700381a780f69665d7956c469e3b"},"headline":"Ljubu\u0161ak strijelac za Dinamo u finalu pionirskog Kupa Hrvatske","datePublished":"2022-05-26T09:02:16+00:00","dateModified":"2022-05-26T09:02:17+00:00","mainEntityOfPage":{"@id":"https:\/\/radioljubuski.ba\/index.php\/2022\/05\/26\/ljubusak-strijelac-za-dinamo-u-finalu-pionirskog-kupa-hrvatske\/"},"wordCount":232,"publisher":{"@id":"https:\/\/radioljubuski.ba\/#organization"},"image":{"@id":"https:\/\/radioljubuski.ba\/index.php\/2022\/05\/26\/ljubusak-strijelac-za-dinamo-u-finalu-pionirskog-kupa-hrvatske\/#primaryimage"},"thumbnailUrl":"https:\/\/radioljubuski.ba\/wp-content\/uploads\/2022\/05\/dinamo-1.jpg","articleSection":["\u0160port"],"inLanguage":"hr"},{"@type":"WebPage","@id":"https:\/\/radioljubuski.ba\/index.php\/2022\/05\/26\/ljubusak-strijelac-za-dinamo-u-finalu-pionirskog-kupa-hrvatske\/","url":"https:\/\/radioljubuski.ba\/index.php\/2022\/05\/26\/ljubusak-strijelac-za-dinamo-u-finalu-pionirskog-kupa-hrvatske\/","name":"Ljubu\u0161ak strijelac za Dinamo u finalu pionirskog Kupa Hrvatske - RADIO LJUBU\u0160KI","isPartOf":{"@id":"https:\/\/radioljubuski.ba\/#website"},"primaryImageOfPage":{"@id":"https:\/\/radioljubuski.ba\/index.php\/2022\/05\/26\/ljubusak-strijelac-za-dinamo-u-finalu-pionirskog-kupa-hrvatske\/#primaryimage"},"image":{"@id":"https:\/\/radioljubuski.ba\/index.php\/2022\/05\/26\/ljubusak-strijelac-za-dinamo-u-finalu-pionirskog-kupa-hrvatske\/#primaryimage"},"thumbnailUrl":"https:\/\/radioljubuski.ba\/wp-content\/uploads\/2022\/05\/dinamo-1.jpg","datePublished":"2022-05-26T09:02:16+00:00","dateModified":"2022-05-26T09:02:17+00:00","breadcrumb":{"@id":"https:\/\/radioljubuski.ba\/index.php\/2022\/05\/26\/ljubusak-strijelac-za-dinamo-u-finalu-pionirskog-kupa-hrvatske\/#breadcrumb"},"inLanguage":"hr","potentialAction":[{"@type":"ReadAction","target":["https:\/\/radioljubuski.ba\/index.php\/2022\/05\/26\/ljubusak-strijelac-za-dinamo-u-finalu-pionirskog-kupa-hrvatske\/"]}]},{"@type":"ImageObject","inLanguage":"hr","@id":"https:\/\/radioljubuski.ba\/index.php\/2022\/05\/26\/ljubusak-strijelac-za-dinamo-u-finalu-pionirskog-kupa-hrvatske\/#primaryimage","url":"https:\/\/radioljubuski.ba\/wp-content\/uploads\/2022\/05\/dinamo-1.jpg","contentUrl":"https:\/\/radioljubuski.ba\/wp-content\/uploads\/2022\/05\/dinamo-1.jpg","width":1024,"height":667},{"@type":"BreadcrumbList","@id":"https:\/\/radioljubuski.ba\/index.php\/2022\/05\/26\/ljubusak-strijelac-za-dinamo-u-finalu-pionirskog-kupa-hrvatske\/#breadcrumb","itemListElement":[{"@type":"ListItem","position":1,"name":"Po\u010detna stranica","item":"https:\/\/radioljubuski.ba\/"},{"@type":"ListItem","position":2,"name":"Ljubu\u0161ak strijelac za Dinamo u finalu pionirskog Kupa Hrvatske"}]},{"@type":"WebSite","@id":"https:\/\/radioljubuski.ba\/#website","url":"https:\/\/radioljubuski.ba\/","name":"Radio Ljubu\u0161ki","description":"Sun\u010dana frekvencija Hercegovine","publisher":{"@id":"https:\/\/radioljubuski.ba\/#organization"},"potentialAction":[{"@type":"SearchAction","target":{"@type":"EntryPoint","urlTemplate":"https:\/\/radioljubuski.ba\/?s={search_term_string}"},"query-input":{"@type":"PropertyValueSpecification","valueRequired":true,"valueName":"search_term_string"}}],"inLanguage":"hr"},{"@type":"Organization","@id":"https:\/\/radioljubuski.ba\/#organization","name":"Radio Ljubu\u0161ki","url":"https:\/\/radioljubuski.ba\/","logo":{"@type":"ImageObject","inLanguage":"hr","@id":"https:\/\/radioljubuski.ba\/#\/schema\/logo\/image\/","url":"https:\/\/radioljubuski.ba\/wp-content\/uploads\/2021\/02\/cropped-Radio_Ljubuski_logo1.jpg","contentUrl":"https:\/\/radioljubuski.ba\/wp-content\/uploads\/2021\/02\/cropped-Radio_Ljubuski_logo1.jpg","width":512,"height":512,"caption":"Radio Ljubu\u0161ki"},"image":{"@id":"https:\/\/radioljubuski.ba\/#\/schema\/logo\/image\/"},"sameAs":["https:\/\/www.facebook.com\/Radiio-Ljubuski-1490835324566332","https:\/\/x.com\/radioljubuski","https:\/\/hr.linkedin.com\/company\/radio-ljubuski","https:\/\/www.youtube.com\/channel\/UCHYaeO_n0Db3tjNGudGpXyw"]},{"@type":"Person","@id":"https:\/\/radioljubuski.ba\/#\/schema\/person\/19fc700381a780f69665d7956c469e3b","name":"Radio Ljubu\u0161ki"}]}},"_links":{"self":[{"href":"https:\/\/radioljubuski.ba\/index.php\/wp-json\/wp\/v2\/posts\/144049","targetHints":{"allow":["GET"]}}],"collection":[{"href":"https:\/\/radioljubuski.ba\/index.php\/wp-json\/wp\/v2\/posts"}],"about":[{"href":"https:\/\/radioljubuski.ba\/index.php\/wp-json\/wp\/v2\/types\/post"}],"author":[{"embeddable":true,"href":"https:\/\/radioljubuski.ba\/index.php\/wp-json\/wp\/v2\/users\/2"}],"replies":[{"embeddable":true,"href":"https:\/\/radioljubuski.ba\/index.php\/wp-json\/wp\/v2\/comments?post=144049"}],"version-history":[{"count":1,"href":"https:\/\/radioljubuski.ba\/index.php\/wp-json\/wp\/v2\/posts\/144049\/revisions"}],"predecessor-version":[{"id":144051,"href":"https:\/\/radioljubuski.ba\/index.php\/wp-json\/wp\/v2\/posts\/144049\/revisions\/144051"}],"wp:featuredmedia":[{"embeddable":true,"href":"https:\/\/radioljubuski.ba\/index.php\/wp-json\/wp\/v2\/media\/144050"}],"wp:attachment":[{"href":"https:\/\/radioljubuski.ba\/index.php\/wp-json\/wp\/v2\/media?parent=144049"}],"wp:term":[{"taxonomy":"category","embeddable":true,"href":"https:\/\/radioljubuski.ba\/index.php\/wp-json\/wp\/v2\/categories?post=144049"},{"taxonomy":"post_tag","embeddable":true,"href":"https:\/\/radioljubuski.ba\/index.php\/wp-json\/wp\/v2\/tags?post=144049"}],"curies":[{"name":"wp","href":"https:\/\/api.w.org\/{rel}","templated":true}]}}