{"id":144052,"date":"2022-05-26T10:04:15","date_gmt":"2022-05-26T09:04:15","guid":{"rendered":"https:\/\/radioljubuski.ba\/?p=144052"},"modified":"2022-05-26T10:04:16","modified_gmt":"2022-05-26T09:04:16","slug":"ljubuski-maslinar-nagraden-zlatom-u-new-yorku","status":"publish","type":"post","link":"https:\/\/radioljubuski.ba\/index.php\/2022\/05\/26\/ljubuski-maslinar-nagraden-zlatom-u-new-yorku\/","title":{"rendered":"Ljubu\u0161ki maslinar nagra\u0111en zlatom u New Yorku"},"content":{"rendered":"\n<p><strong>Maslinovo ulje pod brendom &#8220;Kr\u0161&#8221;, jedino je iz Bosne i Hercegovine sudjelovalo na ovogodi\u0161njem NYIOOC &#8211; svjetskom natjecanju maslinovih ulja u New Yorku i osvojilo zlatnu medalju.<\/strong><\/p>\n\n\n\n<p>Ovo je peto zlato zaredom za obiteljsku vinariju\u00a0\u0160kegro iz Ljubu\u0161kog koja je poznata po izvrsnim vinima, a od nedavno i po kvalitetnom maslinovom ulju. <\/p>\n\n\n\n<p>Ova nagrada dokaz je i postojanosti u kvalitetu.<\/p>\n\n\n\n<p><strong>Peto zlato<\/strong><\/p>\n\n\n\n<p>Uzmimo za primjer samo podatak da se na najrespektabilnijem ocjenjivanju kvalitete maslinovih ulja u konkurenciji na\u0161lo 1.244 uzorka iz 28 zemalja iz cijelog svijeta.<\/p>\n\n\n\n<p>&#8220;<em>Peta godina kako sudjelujemo i peto zlato. Meni ovo mnogo zna\u010di. Prepoznaje se kvalitet, ljudi koji se razumiju, ali i kupci to prepoznaju i dolaze<\/em>&#8220;, ka\u017ee <a href=\"https:\/\/www.agroklub.ba\/vocarstvo\/nagradenog-hercegovackog-maslinara-skegru-posjetio-i-bivsi-americki-ambasador-nelson\/76101\/\">Mirko \u0160kegro<\/a>. <\/p>\n\n\n\n<p>Samo u Ljubu\u0161kom ima 60.000 zasa\u0111enih maslina. \u0160kegrin maslinik broji 600 stabala. Ulja s ovog kraja, ra\u010dunaju\u0107i cijelu Hercegovinu, redovno dobijaju priznanja i nagrade na brojnim manifestacijama.<\/p>\n\n\n\n<p>&#8220;<em>Sve to doprinosi da hercegova\u010dka ulja postanu brend. Perspektiva je vi\u0161e nego blistava samo treba raditi &#8211; znoj, rad i suze<\/em>&#8220;, ka\u017ee ovaj uljar koji uzgaja desetak vrsta maslina, a \u0161irenje maslinika nije u skora\u0161njim planovima, jer kako navodi, treba imati mjeru u svemu.<\/p>\n\n\n\n<p><strong>Cilj je i platinasta nagrada na&nbsp;Decanteru<\/strong><\/p>\n\n\n\n<p>Progla\u0161enje kona\u010dnih rezultata ovogodi\u0161njeg NYIOOC-a o\u010dekuje se ovih dana. <\/p>\n\n\n\n<p>Vrijedi spomenuti i da maslinari iz susjedne Hrvatske slave uspjeh \u2013 tre\u0107i su na svijetu. S ukupno prijavljenih 112 ulja i dosad osvojene 93 nagrade ova zemlja ima najve\u0107i postotak uspje\u0161nosti (83%) od svih zemalja koje sudjeluju na ovogodi\u0161njem 2022 NYIOOC World Olive Oil Competition u New Yorku.<\/p>\n\n\n\n<p>Po nagradu, na\u0161 predstavnik, ne\u0107e ni ove godine, jer se<em>\u00a0ne isplati\u00a0<\/em>i\u0107i na dalek put<em>,\u00a0<\/em>a zlato \u0107e u svakom slu\u010daju sti\u0107i na adresu. <\/p>\n\n\n\n<p>Lani je na\u0161a zemlja poslala dvije etikete i\u00a0<a href=\"https:\/\/www.agroklub.ba\/sajmovi-dogadjanja\/zlato-i-srebro-osvojila-maslinova-ulja-iz-bih-na-prestiznom-takmicenju-u-new-yorku\/68617\/\">obje\u00a0su osvojile\u00a0prizanja<\/a>\u00a0&#8211;\u00a0jednu zlatnu (\u0160kegro) i jednu srebrnu medalju (Mandino).\u00a0<\/p>\n\n\n\n<p>Obiteljska vinarija \u0160kegro odavno je poznata i vrhunskom vinu, \u0161to pokazuju tako\u0111er brojne nagrade. Svoju kolekciju \u017eele upotpuniti i onom najve\u0107om s&nbsp;<strong>Decanter World Wine Awards<\/strong>, najutjecajnijeg svjetskog vinskog natjecanja koje se svake godine odr\u017eava u Londonu.&nbsp; &nbsp;<\/p>\n\n\n\n<p>\u201c<em>Voljeli bismo dobiti jo\u0161 platinastu nagradu na Decanteru, guramo kvalitet ne kvantitet&#8221;<\/em>, zaklju\u010duje na\u0161 sugovornik.\u00a0<\/p>\n\n\n\n<p><strong>Izvor: Iks-portal.info<\/strong><\/p>\n","protected":false},"excerpt":{"rendered":"<p>Maslinovo ulje pod brendom &#8220;Kr\u0161&#8221;, jedino je iz Bosne i Hercegovine sudjelovalo na ovogodi\u0161njem NYIOOC &#8211; svjetskom natjecanju maslinovih ulja u New Yorku i osvojilo zlatnu medalju. Ovo je peto zlato zaredom za obiteljsku vinariju\u00a0\u0160kegro iz Ljubu\u0161kog koja je poznata po izvrsnim vinima, a od nedavno i po kvalitetnom maslinovom ulju. Ova nagrada dokaz je [&hellip;]<\/p>\n","protected":false},"author":2,"featured_media":144053,"comment_status":"closed","ping_status":"closed","sticky":false,"template":"","format":"standard","meta":{"h5ap_radio_sources":[],"footnotes":""},"categories":[1],"tags":[],"class_list":["post-144052","post","type-post","status-publish","format-standard","has-post-thumbnail","hentry","category-bihiregija"],"yoast_head":"<!-- This site is optimized with the Yoast SEO plugin v27.5 - https:\/\/yoast.com\/product\/yoast-seo-wordpress\/ -->\n<title>Ljubu\u0161ki maslinar nagra\u0111en zlatom u New Yorku - RADIO LJUBU\u0160KI<\/title>\n<meta name=\"robots\" content=\"index, follow, max-snippet:-1, max-image-preview:large, max-video-preview:-1\" \/>\n<link rel=\"canonical\" href=\"https:\/\/radioljubuski.ba\/index.php\/2022\/05\/26\/ljubuski-maslinar-nagraden-zlatom-u-new-yorku\/\" \/>\n<meta property=\"og:locale\" content=\"hr_HR\" \/>\n<meta property=\"og:type\" content=\"article\" \/>\n<meta property=\"og:title\" content=\"Ljubu\u0161ki maslinar nagra\u0111en zlatom u New Yorku - RADIO LJUBU\u0160KI\" \/>\n<meta property=\"og:description\" content=\"Maslinovo ulje pod brendom &#8220;Kr\u0161&#8221;, jedino je iz Bosne i Hercegovine sudjelovalo na ovogodi\u0161njem NYIOOC &#8211; svjetskom natjecanju maslinovih ulja u New Yorku i osvojilo zlatnu medalju. Ovo je peto zlato zaredom za obiteljsku vinariju\u00a0\u0160kegro iz Ljubu\u0161kog koja je poznata po izvrsnim vinima, a od nedavno i po kvalitetnom maslinovom ulju. Ova nagrada dokaz je [&hellip;]\" \/>\n<meta property=\"og:url\" content=\"https:\/\/radioljubuski.ba\/index.php\/2022\/05\/26\/ljubuski-maslinar-nagraden-zlatom-u-new-yorku\/\" \/>\n<meta property=\"og:site_name\" content=\"RADIO LJUBU\u0160KI\" \/>\n<meta property=\"article:publisher\" content=\"https:\/\/www.facebook.com\/Radiio-Ljubuski-1490835324566332\" \/>\n<meta property=\"article:published_time\" content=\"2022-05-26T09:04:15+00:00\" \/>\n<meta property=\"article:modified_time\" content=\"2022-05-26T09:04:16+00:00\" \/>\n<meta property=\"og:image\" content=\"https:\/\/radioljubuski.ba\/wp-content\/uploads\/2022\/05\/masline.jpg\" \/>\n\t<meta property=\"og:image:width\" content=\"1024\" \/>\n\t<meta property=\"og:image:height\" content=\"576\" \/>\n\t<meta property=\"og:image:type\" content=\"image\/jpeg\" \/>\n<meta name=\"author\" content=\"Radio Ljubu\u0161ki\" \/>\n<meta name=\"twitter:card\" content=\"summary_large_image\" \/>\n<meta name=\"twitter:creator\" content=\"@radioljubuski\" \/>\n<meta name=\"twitter:site\" content=\"@radioljubuski\" \/>\n<meta name=\"twitter:label1\" content=\"Napisao\/la\" \/>\n\t<meta name=\"twitter:data1\" content=\"Radio Ljubu\u0161ki\" \/>\n\t<meta name=\"twitter:label2\" content=\"Procijenjeno vrijeme \u010ditanja\" \/>\n\t<meta name=\"twitter:data2\" content=\"2 minute\" \/>\n<script type=\"application\/ld+json\" class=\"yoast-schema-graph\">{\"@context\":\"https:\\\/\\\/schema.org\",\"@graph\":[{\"@type\":\"Article\",\"@id\":\"https:\\\/\\\/radioljubuski.ba\\\/index.php\\\/2022\\\/05\\\/26\\\/ljubuski-maslinar-nagraden-zlatom-u-new-yorku\\\/#article\",\"isPartOf\":{\"@id\":\"https:\\\/\\\/radioljubuski.ba\\\/index.php\\\/2022\\\/05\\\/26\\\/ljubuski-maslinar-nagraden-zlatom-u-new-yorku\\\/\"},\"author\":{\"name\":\"Radio Ljubu\u0161ki\",\"@id\":\"https:\\\/\\\/radioljubuski.ba\\\/#\\\/schema\\\/person\\\/19fc700381a780f69665d7956c469e3b\"},\"headline\":\"Ljubu\u0161ki maslinar nagra\u0111en zlatom u New Yorku\",\"datePublished\":\"2022-05-26T09:04:15+00:00\",\"dateModified\":\"2022-05-26T09:04:16+00:00\",\"mainEntityOfPage\":{\"@id\":\"https:\\\/\\\/radioljubuski.ba\\\/index.php\\\/2022\\\/05\\\/26\\\/ljubuski-maslinar-nagraden-zlatom-u-new-yorku\\\/\"},\"wordCount\":384,\"publisher\":{\"@id\":\"https:\\\/\\\/radioljubuski.ba\\\/#organization\"},\"image\":{\"@id\":\"https:\\\/\\\/radioljubuski.ba\\\/index.php\\\/2022\\\/05\\\/26\\\/ljubuski-maslinar-nagraden-zlatom-u-new-yorku\\\/#primaryimage\"},\"thumbnailUrl\":\"https:\\\/\\\/radioljubuski.ba\\\/wp-content\\\/uploads\\\/2022\\\/05\\\/masline.jpg\",\"articleSection\":[\"BIH i regija\"],\"inLanguage\":\"hr\"},{\"@type\":\"WebPage\",\"@id\":\"https:\\\/\\\/radioljubuski.ba\\\/index.php\\\/2022\\\/05\\\/26\\\/ljubuski-maslinar-nagraden-zlatom-u-new-yorku\\\/\",\"url\":\"https:\\\/\\\/radioljubuski.ba\\\/index.php\\\/2022\\\/05\\\/26\\\/ljubuski-maslinar-nagraden-zlatom-u-new-yorku\\\/\",\"name\":\"Ljubu\u0161ki maslinar nagra\u0111en zlatom u New Yorku - RADIO LJUBU\u0160KI\",\"isPartOf\":{\"@id\":\"https:\\\/\\\/radioljubuski.ba\\\/#website\"},\"primaryImageOfPage\":{\"@id\":\"https:\\\/\\\/radioljubuski.ba\\\/index.php\\\/2022\\\/05\\\/26\\\/ljubuski-maslinar-nagraden-zlatom-u-new-yorku\\\/#primaryimage\"},\"image\":{\"@id\":\"https:\\\/\\\/radioljubuski.ba\\\/index.php\\\/2022\\\/05\\\/26\\\/ljubuski-maslinar-nagraden-zlatom-u-new-yorku\\\/#primaryimage\"},\"thumbnailUrl\":\"https:\\\/\\\/radioljubuski.ba\\\/wp-content\\\/uploads\\\/2022\\\/05\\\/masline.jpg\",\"datePublished\":\"2022-05-26T09:04:15+00:00\",\"dateModified\":\"2022-05-26T09:04:16+00:00\",\"breadcrumb\":{\"@id\":\"https:\\\/\\\/radioljubuski.ba\\\/index.php\\\/2022\\\/05\\\/26\\\/ljubuski-maslinar-nagraden-zlatom-u-new-yorku\\\/#breadcrumb\"},\"inLanguage\":\"hr\",\"potentialAction\":[{\"@type\":\"ReadAction\",\"target\":[\"https:\\\/\\\/radioljubuski.ba\\\/index.php\\\/2022\\\/05\\\/26\\\/ljubuski-maslinar-nagraden-zlatom-u-new-yorku\\\/\"]}]},{\"@type\":\"ImageObject\",\"inLanguage\":\"hr\",\"@id\":\"https:\\\/\\\/radioljubuski.ba\\\/index.php\\\/2022\\\/05\\\/26\\\/ljubuski-maslinar-nagraden-zlatom-u-new-yorku\\\/#primaryimage\",\"url\":\"https:\\\/\\\/radioljubuski.ba\\\/wp-content\\\/uploads\\\/2022\\\/05\\\/masline.jpg\",\"contentUrl\":\"https:\\\/\\\/radioljubuski.ba\\\/wp-content\\\/uploads\\\/2022\\\/05\\\/masline.jpg\",\"width\":1024,\"height\":576},{\"@type\":\"BreadcrumbList\",\"@id\":\"https:\\\/\\\/radioljubuski.ba\\\/index.php\\\/2022\\\/05\\\/26\\\/ljubuski-maslinar-nagraden-zlatom-u-new-yorku\\\/#breadcrumb\",\"itemListElement\":[{\"@type\":\"ListItem\",\"position\":1,\"name\":\"Po\u010detna stranica\",\"item\":\"https:\\\/\\\/radioljubuski.ba\\\/\"},{\"@type\":\"ListItem\",\"position\":2,\"name\":\"Ljubu\u0161ki maslinar nagra\u0111en zlatom u New Yorku\"}]},{\"@type\":\"WebSite\",\"@id\":\"https:\\\/\\\/radioljubuski.ba\\\/#website\",\"url\":\"https:\\\/\\\/radioljubuski.ba\\\/\",\"name\":\"Radio Ljubu\u0161ki\",\"description\":\"Sun\u010dana frekvencija Hercegovine\",\"publisher\":{\"@id\":\"https:\\\/\\\/radioljubuski.ba\\\/#organization\"},\"potentialAction\":[{\"@type\":\"SearchAction\",\"target\":{\"@type\":\"EntryPoint\",\"urlTemplate\":\"https:\\\/\\\/radioljubuski.ba\\\/?s={search_term_string}\"},\"query-input\":{\"@type\":\"PropertyValueSpecification\",\"valueRequired\":true,\"valueName\":\"search_term_string\"}}],\"inLanguage\":\"hr\"},{\"@type\":\"Organization\",\"@id\":\"https:\\\/\\\/radioljubuski.ba\\\/#organization\",\"name\":\"Radio Ljubu\u0161ki\",\"url\":\"https:\\\/\\\/radioljubuski.ba\\\/\",\"logo\":{\"@type\":\"ImageObject\",\"inLanguage\":\"hr\",\"@id\":\"https:\\\/\\\/radioljubuski.ba\\\/#\\\/schema\\\/logo\\\/image\\\/\",\"url\":\"https:\\\/\\\/radioljubuski.ba\\\/wp-content\\\/uploads\\\/2021\\\/02\\\/cropped-Radio_Ljubuski_logo1.jpg\",\"contentUrl\":\"https:\\\/\\\/radioljubuski.ba\\\/wp-content\\\/uploads\\\/2021\\\/02\\\/cropped-Radio_Ljubuski_logo1.jpg\",\"width\":512,\"height\":512,\"caption\":\"Radio Ljubu\u0161ki\"},\"image\":{\"@id\":\"https:\\\/\\\/radioljubuski.ba\\\/#\\\/schema\\\/logo\\\/image\\\/\"},\"sameAs\":[\"https:\\\/\\\/www.facebook.com\\\/Radiio-Ljubuski-1490835324566332\",\"https:\\\/\\\/x.com\\\/radioljubuski\",\"https:\\\/\\\/hr.linkedin.com\\\/company\\\/radio-ljubuski\",\"https:\\\/\\\/www.youtube.com\\\/channel\\\/UCHYaeO_n0Db3tjNGudGpXyw\"]},{\"@type\":\"Person\",\"@id\":\"https:\\\/\\\/radioljubuski.ba\\\/#\\\/schema\\\/person\\\/19fc700381a780f69665d7956c469e3b\",\"name\":\"Radio Ljubu\u0161ki\"}]}<\/script>\n<!-- \/ Yoast SEO plugin. -->","yoast_head_json":{"title":"Ljubu\u0161ki maslinar nagra\u0111en zlatom u New Yorku - RADIO LJUBU\u0160KI","robots":{"index":"index","follow":"follow","max-snippet":"max-snippet:-1","max-image-preview":"max-image-preview:large","max-video-preview":"max-video-preview:-1"},"canonical":"https:\/\/radioljubuski.ba\/index.php\/2022\/05\/26\/ljubuski-maslinar-nagraden-zlatom-u-new-yorku\/","og_locale":"hr_HR","og_type":"article","og_title":"Ljubu\u0161ki maslinar nagra\u0111en zlatom u New Yorku - RADIO LJUBU\u0160KI","og_description":"Maslinovo ulje pod brendom &#8220;Kr\u0161&#8221;, jedino je iz Bosne i Hercegovine sudjelovalo na ovogodi\u0161njem NYIOOC &#8211; svjetskom natjecanju maslinovih ulja u New Yorku i osvojilo zlatnu medalju. Ovo je peto zlato zaredom za obiteljsku vinariju\u00a0\u0160kegro iz Ljubu\u0161kog koja je poznata po izvrsnim vinima, a od nedavno i po kvalitetnom maslinovom ulju. Ova nagrada dokaz je [&hellip;]","og_url":"https:\/\/radioljubuski.ba\/index.php\/2022\/05\/26\/ljubuski-maslinar-nagraden-zlatom-u-new-yorku\/","og_site_name":"RADIO LJUBU\u0160KI","article_publisher":"https:\/\/www.facebook.com\/Radiio-Ljubuski-1490835324566332","article_published_time":"2022-05-26T09:04:15+00:00","article_modified_time":"2022-05-26T09:04:16+00:00","og_image":[{"width":1024,"height":576,"url":"https:\/\/radioljubuski.ba\/wp-content\/uploads\/2022\/05\/masline.jpg","type":"image\/jpeg"}],"author":"Radio Ljubu\u0161ki","twitter_card":"summary_large_image","twitter_creator":"@radioljubuski","twitter_site":"@radioljubuski","twitter_misc":{"Napisao\/la":"Radio Ljubu\u0161ki","Procijenjeno vrijeme \u010ditanja":"2 minute"},"schema":{"@context":"https:\/\/schema.org","@graph":[{"@type":"Article","@id":"https:\/\/radioljubuski.ba\/index.php\/2022\/05\/26\/ljubuski-maslinar-nagraden-zlatom-u-new-yorku\/#article","isPartOf":{"@id":"https:\/\/radioljubuski.ba\/index.php\/2022\/05\/26\/ljubuski-maslinar-nagraden-zlatom-u-new-yorku\/"},"author":{"name":"Radio Ljubu\u0161ki","@id":"https:\/\/radioljubuski.ba\/#\/schema\/person\/19fc700381a780f69665d7956c469e3b"},"headline":"Ljubu\u0161ki maslinar nagra\u0111en zlatom u New Yorku","datePublished":"2022-05-26T09:04:15+00:00","dateModified":"2022-05-26T09:04:16+00:00","mainEntityOfPage":{"@id":"https:\/\/radioljubuski.ba\/index.php\/2022\/05\/26\/ljubuski-maslinar-nagraden-zlatom-u-new-yorku\/"},"wordCount":384,"publisher":{"@id":"https:\/\/radioljubuski.ba\/#organization"},"image":{"@id":"https:\/\/radioljubuski.ba\/index.php\/2022\/05\/26\/ljubuski-maslinar-nagraden-zlatom-u-new-yorku\/#primaryimage"},"thumbnailUrl":"https:\/\/radioljubuski.ba\/wp-content\/uploads\/2022\/05\/masline.jpg","articleSection":["BIH i regija"],"inLanguage":"hr"},{"@type":"WebPage","@id":"https:\/\/radioljubuski.ba\/index.php\/2022\/05\/26\/ljubuski-maslinar-nagraden-zlatom-u-new-yorku\/","url":"https:\/\/radioljubuski.ba\/index.php\/2022\/05\/26\/ljubuski-maslinar-nagraden-zlatom-u-new-yorku\/","name":"Ljubu\u0161ki maslinar nagra\u0111en zlatom u New Yorku - RADIO LJUBU\u0160KI","isPartOf":{"@id":"https:\/\/radioljubuski.ba\/#website"},"primaryImageOfPage":{"@id":"https:\/\/radioljubuski.ba\/index.php\/2022\/05\/26\/ljubuski-maslinar-nagraden-zlatom-u-new-yorku\/#primaryimage"},"image":{"@id":"https:\/\/radioljubuski.ba\/index.php\/2022\/05\/26\/ljubuski-maslinar-nagraden-zlatom-u-new-yorku\/#primaryimage"},"thumbnailUrl":"https:\/\/radioljubuski.ba\/wp-content\/uploads\/2022\/05\/masline.jpg","datePublished":"2022-05-26T09:04:15+00:00","dateModified":"2022-05-26T09:04:16+00:00","breadcrumb":{"@id":"https:\/\/radioljubuski.ba\/index.php\/2022\/05\/26\/ljubuski-maslinar-nagraden-zlatom-u-new-yorku\/#breadcrumb"},"inLanguage":"hr","potentialAction":[{"@type":"ReadAction","target":["https:\/\/radioljubuski.ba\/index.php\/2022\/05\/26\/ljubuski-maslinar-nagraden-zlatom-u-new-yorku\/"]}]},{"@type":"ImageObject","inLanguage":"hr","@id":"https:\/\/radioljubuski.ba\/index.php\/2022\/05\/26\/ljubuski-maslinar-nagraden-zlatom-u-new-yorku\/#primaryimage","url":"https:\/\/radioljubuski.ba\/wp-content\/uploads\/2022\/05\/masline.jpg","contentUrl":"https:\/\/radioljubuski.ba\/wp-content\/uploads\/2022\/05\/masline.jpg","width":1024,"height":576},{"@type":"BreadcrumbList","@id":"https:\/\/radioljubuski.ba\/index.php\/2022\/05\/26\/ljubuski-maslinar-nagraden-zlatom-u-new-yorku\/#breadcrumb","itemListElement":[{"@type":"ListItem","position":1,"name":"Po\u010detna stranica","item":"https:\/\/radioljubuski.ba\/"},{"@type":"ListItem","position":2,"name":"Ljubu\u0161ki maslinar nagra\u0111en zlatom u New Yorku"}]},{"@type":"WebSite","@id":"https:\/\/radioljubuski.ba\/#website","url":"https:\/\/radioljubuski.ba\/","name":"Radio Ljubu\u0161ki","description":"Sun\u010dana frekvencija Hercegovine","publisher":{"@id":"https:\/\/radioljubuski.ba\/#organization"},"potentialAction":[{"@type":"SearchAction","target":{"@type":"EntryPoint","urlTemplate":"https:\/\/radioljubuski.ba\/?s={search_term_string}"},"query-input":{"@type":"PropertyValueSpecification","valueRequired":true,"valueName":"search_term_string"}}],"inLanguage":"hr"},{"@type":"Organization","@id":"https:\/\/radioljubuski.ba\/#organization","name":"Radio Ljubu\u0161ki","url":"https:\/\/radioljubuski.ba\/","logo":{"@type":"ImageObject","inLanguage":"hr","@id":"https:\/\/radioljubuski.ba\/#\/schema\/logo\/image\/","url":"https:\/\/radioljubuski.ba\/wp-content\/uploads\/2021\/02\/cropped-Radio_Ljubuski_logo1.jpg","contentUrl":"https:\/\/radioljubuski.ba\/wp-content\/uploads\/2021\/02\/cropped-Radio_Ljubuski_logo1.jpg","width":512,"height":512,"caption":"Radio Ljubu\u0161ki"},"image":{"@id":"https:\/\/radioljubuski.ba\/#\/schema\/logo\/image\/"},"sameAs":["https:\/\/www.facebook.com\/Radiio-Ljubuski-1490835324566332","https:\/\/x.com\/radioljubuski","https:\/\/hr.linkedin.com\/company\/radio-ljubuski","https:\/\/www.youtube.com\/channel\/UCHYaeO_n0Db3tjNGudGpXyw"]},{"@type":"Person","@id":"https:\/\/radioljubuski.ba\/#\/schema\/person\/19fc700381a780f69665d7956c469e3b","name":"Radio Ljubu\u0161ki"}]}},"_links":{"self":[{"href":"https:\/\/radioljubuski.ba\/index.php\/wp-json\/wp\/v2\/posts\/144052","targetHints":{"allow":["GET"]}}],"collection":[{"href":"https:\/\/radioljubuski.ba\/index.php\/wp-json\/wp\/v2\/posts"}],"about":[{"href":"https:\/\/radioljubuski.ba\/index.php\/wp-json\/wp\/v2\/types\/post"}],"author":[{"embeddable":true,"href":"https:\/\/radioljubuski.ba\/index.php\/wp-json\/wp\/v2\/users\/2"}],"replies":[{"embeddable":true,"href":"https:\/\/radioljubuski.ba\/index.php\/wp-json\/wp\/v2\/comments?post=144052"}],"version-history":[{"count":1,"href":"https:\/\/radioljubuski.ba\/index.php\/wp-json\/wp\/v2\/posts\/144052\/revisions"}],"predecessor-version":[{"id":144054,"href":"https:\/\/radioljubuski.ba\/index.php\/wp-json\/wp\/v2\/posts\/144052\/revisions\/144054"}],"wp:featuredmedia":[{"embeddable":true,"href":"https:\/\/radioljubuski.ba\/index.php\/wp-json\/wp\/v2\/media\/144053"}],"wp:attachment":[{"href":"https:\/\/radioljubuski.ba\/index.php\/wp-json\/wp\/v2\/media?parent=144052"}],"wp:term":[{"taxonomy":"category","embeddable":true,"href":"https:\/\/radioljubuski.ba\/index.php\/wp-json\/wp\/v2\/categories?post=144052"},{"taxonomy":"post_tag","embeddable":true,"href":"https:\/\/radioljubuski.ba\/index.php\/wp-json\/wp\/v2\/tags?post=144052"}],"curies":[{"name":"wp","href":"https:\/\/api.w.org\/{rel}","templated":true}]}}