{"id":144064,"date":"2022-05-26T10:16:36","date_gmt":"2022-05-26T09:16:36","guid":{"rendered":"https:\/\/radioljubuski.ba\/?p=144064"},"modified":"2022-05-26T10:16:38","modified_gmt":"2022-05-26T09:16:38","slug":"izborom-sip-a-prekrseni-su-ustav-bih-i-izborni-zakon","status":"publish","type":"post","link":"https:\/\/radioljubuski.ba\/index.php\/2022\/05\/26\/izborom-sip-a-prekrseni-su-ustav-bih-i-izborni-zakon\/","title":{"rendered":"Izborom SIP-a prekr\u0161eni su Ustav BiH i Izborni zakon"},"content":{"rendered":"\n<p><strong>Odvjetnik Branko Risti\u0107 ulo\u017eio je \u017ealbu na prvostupanjsku odluku Suda BiH koji je odbio \u017ealbu razrije\u0161enog \u010dlana Sredi\u0161njeg izbornog povjerenstva Novaka Bo\u017ei\u010dkovi\u0107a da je postupak imenovanja tog tijela proveden nezakonito, uz kr\u0161enje natje\u010dajne procedure, a time i samoga Izbornog zakona te Ustava BiH, pi\u0161e <a href=\"https:\/\/www.vecernji.ba\/vijesti\/izborom-sip-a-prekrseni-su-ustav-bih-i-izborni-zakon-1589430\">Ve\u010dernji list BiH<\/a>.<\/strong><\/p>\n\n\n\n<p><strong>Diskriminacija kandidata<\/strong><\/p>\n\n\n\n<p>Naime, prvostupanjskom je odlukom Sud BiH nakon dvije godine odbacio \u017ealbe troje kandidata koji su se natjecali za poziciju \u010dlanova SIP-a. Oni tvrde kako zbog izravnog izbora kroz Zastupni\u010dki dom preko papiri\u0107a na kojemu su pisala imena kandidata zapravo nisu imali prostora uop\u0107e sudjelovati u izboru \u010dak i unato\u010d tome \u0161to su ispunjavali sve uvjete. Odvjetnik Risti\u0107 inzistira na po\u0161tivanju uvjeta natje\u010daja.<\/p>\n\n\n\n<p>\u2013 Da je pobijana presuda poklonila iole du\u017ene pozornosti \u010dinjeni\u010dnim navodima tu\u017ebe Novaka Bo\u017ei\u010dkovi\u0107a pravnim pitanjima koja se javljaju, nesumnjivo bi bila u poziciji da slijedom obveze ispitivanja tu\u017ebenih navoda, ali i obveza postupanja po slu\u017ebenoj du\u017enosti postavi odgovaraju\u0107a pitanja; je li odluka donesena kao proizvod zakonom predvi\u0111ene procedure po javnom natje\u010daju, jesu li se sve zainteresirane osobe mogle prijaviti na natje\u010daj (osnovno ustavno pravo gra\u0111ana), potje\u010du li izabrani \u010dlanovi upravo iz reda naroda kako to predvi\u0111a natje\u010daj, a zapravo bi se imalo odgovoriti na sva hipoteti\u010dka pitanja po to\u010dkama kako ih kao uvjete za ostvarenje natje\u010dajne procedure za izbor i imenovanja taksativno postavlja javni natje\u010daj \u2013 stoji u \u017ealbi upu\u0107enoj Prizivnom odjelu Suda BiH. Odvjetnik tvrdi kako su takvim izborom prekr\u0161eni Ustav BiH i Izborni zakon.<\/p>\n\n\n\n<p>\u2013 Zastupni\u010dki dom Parlamentarne skup\u0161tine BiH je postupkom dono\u0161enja odluke o izboru i stupanju na du\u017enost i prestanku du\u017enosti \u010dlanova SIP-a BiH derogirao Ustav BiH i Izborni zakon BiH, onemogu\u0107uju\u0107i zainteresiranim osobama da sudjeluju u natje\u010dajnoj proceduri i budu birani te, s druge strane, bez ikakve provjere na sjednici na kojoj je odlu\u010divao, izabrao \u010dlanove SIP-a za koje nije utvrdio postojanje uvjeta za izbor imenovanje, kao ni eventualne smetnje za izbor i imenovanje za sve pojedine novoizabrane \u010dlanove.<\/p>\n\n\n\n<p><strong>Pre\u0161u\u0107en zakon<\/strong><\/p>\n\n\n\n<p>Sporna odluka nesumnjivo je nezakonita, \u0161to prvostupanjsko su\u0111enje u potpunosti pre\u0161u\u0107uje jer autonomno postupanje Parlamenta ne zna\u010di i da on ima prava kr\u0161iti zakone i Ustav. Suprotno od iznesenog i mimo ikakve komparativne analize, osporavana sudska odluka jednostavno konstatira da natje\u010dajna procedura nije provedena na zakonom predvi\u0111en na\u010din \u2013 smatra odvjetnik.<\/p>\n\n\n\n<p>\/HMS\/<\/p>\n","protected":false},"excerpt":{"rendered":"<p>Odvjetnik Branko Risti\u0107 ulo\u017eio je \u017ealbu na prvostupanjsku odluku Suda BiH koji je odbio \u017ealbu razrije\u0161enog \u010dlana Sredi\u0161njeg izbornog povjerenstva Novaka Bo\u017ei\u010dkovi\u0107a da je postupak imenovanja tog tijela proveden nezakonito, uz kr\u0161enje natje\u010dajne procedure, a time i samoga Izbornog zakona te Ustava BiH, pi\u0161e Ve\u010dernji list BiH. Diskriminacija kandidata Naime, prvostupanjskom je odlukom Sud BiH [&hellip;]<\/p>\n","protected":false},"author":2,"featured_media":144065,"comment_status":"closed","ping_status":"closed","sticky":false,"template":"","format":"standard","meta":{"h5ap_radio_sources":[],"footnotes":""},"categories":[1],"tags":[],"class_list":["post-144064","post","type-post","status-publish","format-standard","has-post-thumbnail","hentry","category-bihiregija"],"yoast_head":"<!-- This site is optimized with the Yoast SEO plugin v27.5 - https:\/\/yoast.com\/product\/yoast-seo-wordpress\/ -->\n<title>Izborom SIP-a prekr\u0161eni su Ustav BiH i Izborni zakon - RADIO LJUBU\u0160KI<\/title>\n<meta name=\"robots\" content=\"index, follow, max-snippet:-1, max-image-preview:large, max-video-preview:-1\" \/>\n<link rel=\"canonical\" href=\"https:\/\/radioljubuski.ba\/index.php\/2022\/05\/26\/izborom-sip-a-prekrseni-su-ustav-bih-i-izborni-zakon\/\" \/>\n<meta property=\"og:locale\" content=\"hr_HR\" \/>\n<meta property=\"og:type\" content=\"article\" \/>\n<meta property=\"og:title\" content=\"Izborom SIP-a prekr\u0161eni su Ustav BiH i Izborni zakon - RADIO LJUBU\u0160KI\" \/>\n<meta property=\"og:description\" content=\"Odvjetnik Branko Risti\u0107 ulo\u017eio je \u017ealbu na prvostupanjsku odluku Suda BiH koji je odbio \u017ealbu razrije\u0161enog \u010dlana Sredi\u0161njeg izbornog povjerenstva Novaka Bo\u017ei\u010dkovi\u0107a da je postupak imenovanja tog tijela proveden nezakonito, uz kr\u0161enje natje\u010dajne procedure, a time i samoga Izbornog zakona te Ustava BiH, pi\u0161e Ve\u010dernji list BiH. Diskriminacija kandidata Naime, prvostupanjskom je odlukom Sud BiH [&hellip;]\" \/>\n<meta property=\"og:url\" content=\"https:\/\/radioljubuski.ba\/index.php\/2022\/05\/26\/izborom-sip-a-prekrseni-su-ustav-bih-i-izborni-zakon\/\" \/>\n<meta property=\"og:site_name\" content=\"RADIO LJUBU\u0160KI\" \/>\n<meta property=\"article:publisher\" content=\"https:\/\/www.facebook.com\/Radiio-Ljubuski-1490835324566332\" \/>\n<meta property=\"article:published_time\" content=\"2022-05-26T09:16:36+00:00\" \/>\n<meta property=\"article:modified_time\" content=\"2022-05-26T09:16:38+00:00\" \/>\n<meta property=\"og:image\" content=\"https:\/\/radioljubuski.ba\/wp-content\/uploads\/2022\/05\/17475d56752b2632c3e6.jpeg\" \/>\n\t<meta property=\"og:image:width\" content=\"960\" \/>\n\t<meta property=\"og:image:height\" content=\"539\" \/>\n\t<meta property=\"og:image:type\" content=\"image\/jpeg\" \/>\n<meta name=\"author\" content=\"Radio Ljubu\u0161ki\" \/>\n<meta name=\"twitter:card\" content=\"summary_large_image\" \/>\n<meta name=\"twitter:creator\" content=\"@radioljubuski\" \/>\n<meta name=\"twitter:site\" content=\"@radioljubuski\" \/>\n<meta name=\"twitter:label1\" content=\"Napisao\/la\" \/>\n\t<meta name=\"twitter:data1\" content=\"Radio Ljubu\u0161ki\" \/>\n\t<meta name=\"twitter:label2\" content=\"Procijenjeno vrijeme \u010ditanja\" \/>\n\t<meta name=\"twitter:data2\" content=\"2 minute\" \/>\n<script type=\"application\/ld+json\" class=\"yoast-schema-graph\">{\"@context\":\"https:\\\/\\\/schema.org\",\"@graph\":[{\"@type\":\"Article\",\"@id\":\"https:\\\/\\\/radioljubuski.ba\\\/index.php\\\/2022\\\/05\\\/26\\\/izborom-sip-a-prekrseni-su-ustav-bih-i-izborni-zakon\\\/#article\",\"isPartOf\":{\"@id\":\"https:\\\/\\\/radioljubuski.ba\\\/index.php\\\/2022\\\/05\\\/26\\\/izborom-sip-a-prekrseni-su-ustav-bih-i-izborni-zakon\\\/\"},\"author\":{\"name\":\"Radio Ljubu\u0161ki\",\"@id\":\"https:\\\/\\\/radioljubuski.ba\\\/#\\\/schema\\\/person\\\/19fc700381a780f69665d7956c469e3b\"},\"headline\":\"Izborom SIP-a prekr\u0161eni su Ustav BiH i Izborni zakon\",\"datePublished\":\"2022-05-26T09:16:36+00:00\",\"dateModified\":\"2022-05-26T09:16:38+00:00\",\"mainEntityOfPage\":{\"@id\":\"https:\\\/\\\/radioljubuski.ba\\\/index.php\\\/2022\\\/05\\\/26\\\/izborom-sip-a-prekrseni-su-ustav-bih-i-izborni-zakon\\\/\"},\"wordCount\":433,\"publisher\":{\"@id\":\"https:\\\/\\\/radioljubuski.ba\\\/#organization\"},\"image\":{\"@id\":\"https:\\\/\\\/radioljubuski.ba\\\/index.php\\\/2022\\\/05\\\/26\\\/izborom-sip-a-prekrseni-su-ustav-bih-i-izborni-zakon\\\/#primaryimage\"},\"thumbnailUrl\":\"https:\\\/\\\/radioljubuski.ba\\\/wp-content\\\/uploads\\\/2022\\\/05\\\/17475d56752b2632c3e6.jpeg\",\"articleSection\":[\"BIH i regija\"],\"inLanguage\":\"hr\"},{\"@type\":\"WebPage\",\"@id\":\"https:\\\/\\\/radioljubuski.ba\\\/index.php\\\/2022\\\/05\\\/26\\\/izborom-sip-a-prekrseni-su-ustav-bih-i-izborni-zakon\\\/\",\"url\":\"https:\\\/\\\/radioljubuski.ba\\\/index.php\\\/2022\\\/05\\\/26\\\/izborom-sip-a-prekrseni-su-ustav-bih-i-izborni-zakon\\\/\",\"name\":\"Izborom SIP-a prekr\u0161eni su Ustav BiH i Izborni zakon - RADIO LJUBU\u0160KI\",\"isPartOf\":{\"@id\":\"https:\\\/\\\/radioljubuski.ba\\\/#website\"},\"primaryImageOfPage\":{\"@id\":\"https:\\\/\\\/radioljubuski.ba\\\/index.php\\\/2022\\\/05\\\/26\\\/izborom-sip-a-prekrseni-su-ustav-bih-i-izborni-zakon\\\/#primaryimage\"},\"image\":{\"@id\":\"https:\\\/\\\/radioljubuski.ba\\\/index.php\\\/2022\\\/05\\\/26\\\/izborom-sip-a-prekrseni-su-ustav-bih-i-izborni-zakon\\\/#primaryimage\"},\"thumbnailUrl\":\"https:\\\/\\\/radioljubuski.ba\\\/wp-content\\\/uploads\\\/2022\\\/05\\\/17475d56752b2632c3e6.jpeg\",\"datePublished\":\"2022-05-26T09:16:36+00:00\",\"dateModified\":\"2022-05-26T09:16:38+00:00\",\"breadcrumb\":{\"@id\":\"https:\\\/\\\/radioljubuski.ba\\\/index.php\\\/2022\\\/05\\\/26\\\/izborom-sip-a-prekrseni-su-ustav-bih-i-izborni-zakon\\\/#breadcrumb\"},\"inLanguage\":\"hr\",\"potentialAction\":[{\"@type\":\"ReadAction\",\"target\":[\"https:\\\/\\\/radioljubuski.ba\\\/index.php\\\/2022\\\/05\\\/26\\\/izborom-sip-a-prekrseni-su-ustav-bih-i-izborni-zakon\\\/\"]}]},{\"@type\":\"ImageObject\",\"inLanguage\":\"hr\",\"@id\":\"https:\\\/\\\/radioljubuski.ba\\\/index.php\\\/2022\\\/05\\\/26\\\/izborom-sip-a-prekrseni-su-ustav-bih-i-izborni-zakon\\\/#primaryimage\",\"url\":\"https:\\\/\\\/radioljubuski.ba\\\/wp-content\\\/uploads\\\/2022\\\/05\\\/17475d56752b2632c3e6.jpeg\",\"contentUrl\":\"https:\\\/\\\/radioljubuski.ba\\\/wp-content\\\/uploads\\\/2022\\\/05\\\/17475d56752b2632c3e6.jpeg\",\"width\":960,\"height\":539},{\"@type\":\"BreadcrumbList\",\"@id\":\"https:\\\/\\\/radioljubuski.ba\\\/index.php\\\/2022\\\/05\\\/26\\\/izborom-sip-a-prekrseni-su-ustav-bih-i-izborni-zakon\\\/#breadcrumb\",\"itemListElement\":[{\"@type\":\"ListItem\",\"position\":1,\"name\":\"Po\u010detna stranica\",\"item\":\"https:\\\/\\\/radioljubuski.ba\\\/\"},{\"@type\":\"ListItem\",\"position\":2,\"name\":\"Izborom SIP-a prekr\u0161eni su Ustav BiH i Izborni zakon\"}]},{\"@type\":\"WebSite\",\"@id\":\"https:\\\/\\\/radioljubuski.ba\\\/#website\",\"url\":\"https:\\\/\\\/radioljubuski.ba\\\/\",\"name\":\"Radio Ljubu\u0161ki\",\"description\":\"Sun\u010dana frekvencija Hercegovine\",\"publisher\":{\"@id\":\"https:\\\/\\\/radioljubuski.ba\\\/#organization\"},\"potentialAction\":[{\"@type\":\"SearchAction\",\"target\":{\"@type\":\"EntryPoint\",\"urlTemplate\":\"https:\\\/\\\/radioljubuski.ba\\\/?s={search_term_string}\"},\"query-input\":{\"@type\":\"PropertyValueSpecification\",\"valueRequired\":true,\"valueName\":\"search_term_string\"}}],\"inLanguage\":\"hr\"},{\"@type\":\"Organization\",\"@id\":\"https:\\\/\\\/radioljubuski.ba\\\/#organization\",\"name\":\"Radio Ljubu\u0161ki\",\"url\":\"https:\\\/\\\/radioljubuski.ba\\\/\",\"logo\":{\"@type\":\"ImageObject\",\"inLanguage\":\"hr\",\"@id\":\"https:\\\/\\\/radioljubuski.ba\\\/#\\\/schema\\\/logo\\\/image\\\/\",\"url\":\"https:\\\/\\\/radioljubuski.ba\\\/wp-content\\\/uploads\\\/2021\\\/02\\\/cropped-Radio_Ljubuski_logo1.jpg\",\"contentUrl\":\"https:\\\/\\\/radioljubuski.ba\\\/wp-content\\\/uploads\\\/2021\\\/02\\\/cropped-Radio_Ljubuski_logo1.jpg\",\"width\":512,\"height\":512,\"caption\":\"Radio Ljubu\u0161ki\"},\"image\":{\"@id\":\"https:\\\/\\\/radioljubuski.ba\\\/#\\\/schema\\\/logo\\\/image\\\/\"},\"sameAs\":[\"https:\\\/\\\/www.facebook.com\\\/Radiio-Ljubuski-1490835324566332\",\"https:\\\/\\\/x.com\\\/radioljubuski\",\"https:\\\/\\\/hr.linkedin.com\\\/company\\\/radio-ljubuski\",\"https:\\\/\\\/www.youtube.com\\\/channel\\\/UCHYaeO_n0Db3tjNGudGpXyw\"]},{\"@type\":\"Person\",\"@id\":\"https:\\\/\\\/radioljubuski.ba\\\/#\\\/schema\\\/person\\\/19fc700381a780f69665d7956c469e3b\",\"name\":\"Radio Ljubu\u0161ki\"}]}<\/script>\n<!-- \/ Yoast SEO plugin. -->","yoast_head_json":{"title":"Izborom SIP-a prekr\u0161eni su Ustav BiH i Izborni zakon - RADIO LJUBU\u0160KI","robots":{"index":"index","follow":"follow","max-snippet":"max-snippet:-1","max-image-preview":"max-image-preview:large","max-video-preview":"max-video-preview:-1"},"canonical":"https:\/\/radioljubuski.ba\/index.php\/2022\/05\/26\/izborom-sip-a-prekrseni-su-ustav-bih-i-izborni-zakon\/","og_locale":"hr_HR","og_type":"article","og_title":"Izborom SIP-a prekr\u0161eni su Ustav BiH i Izborni zakon - RADIO LJUBU\u0160KI","og_description":"Odvjetnik Branko Risti\u0107 ulo\u017eio je \u017ealbu na prvostupanjsku odluku Suda BiH koji je odbio \u017ealbu razrije\u0161enog \u010dlana Sredi\u0161njeg izbornog povjerenstva Novaka Bo\u017ei\u010dkovi\u0107a da je postupak imenovanja tog tijela proveden nezakonito, uz kr\u0161enje natje\u010dajne procedure, a time i samoga Izbornog zakona te Ustava BiH, pi\u0161e Ve\u010dernji list BiH. Diskriminacija kandidata Naime, prvostupanjskom je odlukom Sud BiH [&hellip;]","og_url":"https:\/\/radioljubuski.ba\/index.php\/2022\/05\/26\/izborom-sip-a-prekrseni-su-ustav-bih-i-izborni-zakon\/","og_site_name":"RADIO LJUBU\u0160KI","article_publisher":"https:\/\/www.facebook.com\/Radiio-Ljubuski-1490835324566332","article_published_time":"2022-05-26T09:16:36+00:00","article_modified_time":"2022-05-26T09:16:38+00:00","og_image":[{"width":960,"height":539,"url":"https:\/\/radioljubuski.ba\/wp-content\/uploads\/2022\/05\/17475d56752b2632c3e6.jpeg","type":"image\/jpeg"}],"author":"Radio Ljubu\u0161ki","twitter_card":"summary_large_image","twitter_creator":"@radioljubuski","twitter_site":"@radioljubuski","twitter_misc":{"Napisao\/la":"Radio Ljubu\u0161ki","Procijenjeno vrijeme \u010ditanja":"2 minute"},"schema":{"@context":"https:\/\/schema.org","@graph":[{"@type":"Article","@id":"https:\/\/radioljubuski.ba\/index.php\/2022\/05\/26\/izborom-sip-a-prekrseni-su-ustav-bih-i-izborni-zakon\/#article","isPartOf":{"@id":"https:\/\/radioljubuski.ba\/index.php\/2022\/05\/26\/izborom-sip-a-prekrseni-su-ustav-bih-i-izborni-zakon\/"},"author":{"name":"Radio Ljubu\u0161ki","@id":"https:\/\/radioljubuski.ba\/#\/schema\/person\/19fc700381a780f69665d7956c469e3b"},"headline":"Izborom SIP-a prekr\u0161eni su Ustav BiH i Izborni zakon","datePublished":"2022-05-26T09:16:36+00:00","dateModified":"2022-05-26T09:16:38+00:00","mainEntityOfPage":{"@id":"https:\/\/radioljubuski.ba\/index.php\/2022\/05\/26\/izborom-sip-a-prekrseni-su-ustav-bih-i-izborni-zakon\/"},"wordCount":433,"publisher":{"@id":"https:\/\/radioljubuski.ba\/#organization"},"image":{"@id":"https:\/\/radioljubuski.ba\/index.php\/2022\/05\/26\/izborom-sip-a-prekrseni-su-ustav-bih-i-izborni-zakon\/#primaryimage"},"thumbnailUrl":"https:\/\/radioljubuski.ba\/wp-content\/uploads\/2022\/05\/17475d56752b2632c3e6.jpeg","articleSection":["BIH i regija"],"inLanguage":"hr"},{"@type":"WebPage","@id":"https:\/\/radioljubuski.ba\/index.php\/2022\/05\/26\/izborom-sip-a-prekrseni-su-ustav-bih-i-izborni-zakon\/","url":"https:\/\/radioljubuski.ba\/index.php\/2022\/05\/26\/izborom-sip-a-prekrseni-su-ustav-bih-i-izborni-zakon\/","name":"Izborom SIP-a prekr\u0161eni su Ustav BiH i Izborni zakon - RADIO LJUBU\u0160KI","isPartOf":{"@id":"https:\/\/radioljubuski.ba\/#website"},"primaryImageOfPage":{"@id":"https:\/\/radioljubuski.ba\/index.php\/2022\/05\/26\/izborom-sip-a-prekrseni-su-ustav-bih-i-izborni-zakon\/#primaryimage"},"image":{"@id":"https:\/\/radioljubuski.ba\/index.php\/2022\/05\/26\/izborom-sip-a-prekrseni-su-ustav-bih-i-izborni-zakon\/#primaryimage"},"thumbnailUrl":"https:\/\/radioljubuski.ba\/wp-content\/uploads\/2022\/05\/17475d56752b2632c3e6.jpeg","datePublished":"2022-05-26T09:16:36+00:00","dateModified":"2022-05-26T09:16:38+00:00","breadcrumb":{"@id":"https:\/\/radioljubuski.ba\/index.php\/2022\/05\/26\/izborom-sip-a-prekrseni-su-ustav-bih-i-izborni-zakon\/#breadcrumb"},"inLanguage":"hr","potentialAction":[{"@type":"ReadAction","target":["https:\/\/radioljubuski.ba\/index.php\/2022\/05\/26\/izborom-sip-a-prekrseni-su-ustav-bih-i-izborni-zakon\/"]}]},{"@type":"ImageObject","inLanguage":"hr","@id":"https:\/\/radioljubuski.ba\/index.php\/2022\/05\/26\/izborom-sip-a-prekrseni-su-ustav-bih-i-izborni-zakon\/#primaryimage","url":"https:\/\/radioljubuski.ba\/wp-content\/uploads\/2022\/05\/17475d56752b2632c3e6.jpeg","contentUrl":"https:\/\/radioljubuski.ba\/wp-content\/uploads\/2022\/05\/17475d56752b2632c3e6.jpeg","width":960,"height":539},{"@type":"BreadcrumbList","@id":"https:\/\/radioljubuski.ba\/index.php\/2022\/05\/26\/izborom-sip-a-prekrseni-su-ustav-bih-i-izborni-zakon\/#breadcrumb","itemListElement":[{"@type":"ListItem","position":1,"name":"Po\u010detna stranica","item":"https:\/\/radioljubuski.ba\/"},{"@type":"ListItem","position":2,"name":"Izborom SIP-a prekr\u0161eni su Ustav BiH i Izborni zakon"}]},{"@type":"WebSite","@id":"https:\/\/radioljubuski.ba\/#website","url":"https:\/\/radioljubuski.ba\/","name":"Radio Ljubu\u0161ki","description":"Sun\u010dana frekvencija Hercegovine","publisher":{"@id":"https:\/\/radioljubuski.ba\/#organization"},"potentialAction":[{"@type":"SearchAction","target":{"@type":"EntryPoint","urlTemplate":"https:\/\/radioljubuski.ba\/?s={search_term_string}"},"query-input":{"@type":"PropertyValueSpecification","valueRequired":true,"valueName":"search_term_string"}}],"inLanguage":"hr"},{"@type":"Organization","@id":"https:\/\/radioljubuski.ba\/#organization","name":"Radio Ljubu\u0161ki","url":"https:\/\/radioljubuski.ba\/","logo":{"@type":"ImageObject","inLanguage":"hr","@id":"https:\/\/radioljubuski.ba\/#\/schema\/logo\/image\/","url":"https:\/\/radioljubuski.ba\/wp-content\/uploads\/2021\/02\/cropped-Radio_Ljubuski_logo1.jpg","contentUrl":"https:\/\/radioljubuski.ba\/wp-content\/uploads\/2021\/02\/cropped-Radio_Ljubuski_logo1.jpg","width":512,"height":512,"caption":"Radio Ljubu\u0161ki"},"image":{"@id":"https:\/\/radioljubuski.ba\/#\/schema\/logo\/image\/"},"sameAs":["https:\/\/www.facebook.com\/Radiio-Ljubuski-1490835324566332","https:\/\/x.com\/radioljubuski","https:\/\/hr.linkedin.com\/company\/radio-ljubuski","https:\/\/www.youtube.com\/channel\/UCHYaeO_n0Db3tjNGudGpXyw"]},{"@type":"Person","@id":"https:\/\/radioljubuski.ba\/#\/schema\/person\/19fc700381a780f69665d7956c469e3b","name":"Radio Ljubu\u0161ki"}]}},"_links":{"self":[{"href":"https:\/\/radioljubuski.ba\/index.php\/wp-json\/wp\/v2\/posts\/144064","targetHints":{"allow":["GET"]}}],"collection":[{"href":"https:\/\/radioljubuski.ba\/index.php\/wp-json\/wp\/v2\/posts"}],"about":[{"href":"https:\/\/radioljubuski.ba\/index.php\/wp-json\/wp\/v2\/types\/post"}],"author":[{"embeddable":true,"href":"https:\/\/radioljubuski.ba\/index.php\/wp-json\/wp\/v2\/users\/2"}],"replies":[{"embeddable":true,"href":"https:\/\/radioljubuski.ba\/index.php\/wp-json\/wp\/v2\/comments?post=144064"}],"version-history":[{"count":1,"href":"https:\/\/radioljubuski.ba\/index.php\/wp-json\/wp\/v2\/posts\/144064\/revisions"}],"predecessor-version":[{"id":144066,"href":"https:\/\/radioljubuski.ba\/index.php\/wp-json\/wp\/v2\/posts\/144064\/revisions\/144066"}],"wp:featuredmedia":[{"embeddable":true,"href":"https:\/\/radioljubuski.ba\/index.php\/wp-json\/wp\/v2\/media\/144065"}],"wp:attachment":[{"href":"https:\/\/radioljubuski.ba\/index.php\/wp-json\/wp\/v2\/media?parent=144064"}],"wp:term":[{"taxonomy":"category","embeddable":true,"href":"https:\/\/radioljubuski.ba\/index.php\/wp-json\/wp\/v2\/categories?post=144064"},{"taxonomy":"post_tag","embeddable":true,"href":"https:\/\/radioljubuski.ba\/index.php\/wp-json\/wp\/v2\/tags?post=144064"}],"curies":[{"name":"wp","href":"https:\/\/api.w.org\/{rel}","templated":true}]}}