{"id":144073,"date":"2022-05-26T10:22:11","date_gmt":"2022-05-26T09:22:11","guid":{"rendered":"https:\/\/radioljubuski.ba\/?p=144073"},"modified":"2022-05-26T10:22:12","modified_gmt":"2022-05-26T09:22:12","slug":"zaprasuju-nas-majku-im","status":"publish","type":"post","link":"https:\/\/radioljubuski.ba\/index.php\/2022\/05\/26\/zaprasuju-nas-majku-im\/","title":{"rendered":"Zapra\u0161uju nas, majku im!"},"content":{"rendered":"\n<p><strong>Pi\u0161e: Boris \u010cerku\u010d<\/strong><br><br>Gledam ovih dana \u010desto u nebo, posebno popodne, ono kad je najljep\u0161e, o zalasku. Miri\u0161e Hercegovina, a iznad nje \u010dudesne nijanse, \u010dovjek bi to\u010dno umro u takvoj ljepoti. <\/p>\n\n\n\n<p>Umro od miline i dragosti. <\/p>\n\n\n\n<p>Prekrasno nebo \u0161araju bijelim tragom mnogi avioni. Mo\u017ee\u0161 ih u petnaestak minuta pobrojati i po pet, \u0161est. Nekad ih bude i vi\u0161e. <\/p>\n\n\n\n<p>Elegantno nas zaobilaze. Nose poslovne ljude i turiste u neke druge krajeve, mi smo im, ovakvi kakvi jesmo, samo fusnota. Mravi u travi. Nebitna stvar. <\/p>\n\n\n\n<p>Pra\u0161e nas, majku im! To je vazda volio re\u0107i jedan moj dobar prijatelj, s kojim se sla\u017eem u mnogo stvari, ali tu i tamo ga ponese, pa bih rekao da je njemu sve postalo teorija zavjere. <\/p>\n\n\n\n<p>Pra\u0161e nas i gotovo, nikako mu objasniti da ti \u0161to nas eventualno i pra\u0161e, zapravo, ne lete iznad nas. Njegova teorija da nam je sve \u0161to ne valja ba\u010deno odozgo, iz aviona, kao i da nas stalno zapra\u0161uju, \u010dvrsta je k&#8217;o kamen. <\/p>\n\n\n\n<p>Iz njegove perspektive nesalomljiva. Uvjeren je da se tu nema ni\u0161ta dokazivati, kad, eto, svako malo \u010duje\u0161 da se netko razbolio, umire mlad svijet. Zapra\u0161uju nas rakom. Truju nas na na\u0161e o\u010di. <\/p>\n\n\n\n<p>Poku\u0161ao sam par puta sa onim \u0161to smo u\u010dili u \u0161koli, da mu barem objasnim kako aerosol ne pada drito na mjesto iznad kojega je ba\u010den, nego putuje strujama puno dalje, jer su i ovi putni\u010dki avioni na puno ve\u0107oj visini nego, recimo, mali avion koji baca letke. Puno iznad ki\u0161nih oblaka. A gdje su leci, a gdje male kapljice ne\u010dega? <\/p>\n\n\n\n<p>Nije i\u0161lo. Ne samo da je prespavao nastavu iz fizike, nego me uvjerava da smo u \u0161koli u\u010dili sve sama sranja. Sva\u0161ta su nas u\u010dili, osim istine. Probao sam \u010desto, \u010dak ne iz puke zajebancije, pitati tko koga tu zapra\u0161uje, kad se tragovi aviona mogu vidjeti svuda, i iznad Washingtona i iznad Londona, i iznad Tel Aviva i Moskve, da ne spominjem \u010cajni\u010de i Fo\u010du, o vedrom danu i povoljnim uvjetima gore u visini. <\/p>\n\n\n\n<p>Zrak i ki\u0161u dijelimo svi, i bogati i siroma\u0161ni, kako onda objasniti da nema selekcije? Ne zanima njega to, kazao bi mi samo kratko da sam dosadan i da mu poku\u0161avam dokazati da ne\u0161to \u0161to je o\u010dito nije o\u010dito. <\/p>\n\n\n\n<p>Ubijaju nas i gotovo. Cilj im je iskorijeniti nas i otjerati. Ne mogu fino, pa onda to tako mu\u010dki rade. Depopulacija se to zove. <\/p>\n\n\n\n<p>Eto, rekao bih mu. Ne ubija nas alkohol kojeg pijemo u zabrinjavaju\u0107im koli\u010dinama, ne ubijaju nas cigarete koje su ovdje mnogima va\u017enije od svega, ne ubija nas lo\u0161a prehrana, jeftinja\u017ea, puno bra\u0161na, puno soli, previ\u0161e nitrata, nitrita i rafiniranog \u0161e\u0107era. <\/p>\n\n\n\n<p>Ne ubija nas vlastito sme\u0107e, otpad koji bacimo u prirodu i ostavimo tako da nam se lijepo ki\u0161om procijedi do pitke vode. Ne ubijaju nas lijekovi kojima smo napojili zemlju, odba\u010dene gume i plastika, kese i ambala\u017ea kojom gnojimo okoli\u0161. <\/p>\n\n\n\n<p>Ne ubija nas ni to \u0161to \u0161utimo desetlje\u0107ima i u dubini du\u0161e sti\u0161\u0107emo, tamo gdje stanuje tupa bol u stomaku i o\u0161tra bol u prsima, sve na\u0161e posljedice nemo\u0107i, nepravde i nedjelovanja. Ne ubija nas to \u0161to znamo, a nismo u stanju smognuti snage vrisnuti. <\/p>\n\n\n\n<p>Ne ubija nas to \u0161to ne znamo, nego se linijom najmanjeg otpora ravnamo po najgorem, utvaraju\u0107i si da pratimo najpametnijeg. <\/p>\n\n\n\n<p>Ne ubija nas glagolski pridjev trpni. Ne ubija nas kori\u0161tenje automobila i za tek 200 metara udaljenosti, paljenje klime na maksimum \u010dim malo zagrije i tradicionalna neumjerenost u jelu i pi\u0107u, u zemlji gdje je sramota re\u0107i da nema\u0161, a jo\u0161 ve\u0107a sramota ne pro\u017edrijeti triput vi\u0161e nego je ljudski. <\/p>\n\n\n\n<p>Ne ubija nas zavist, pohlepa i stalna potreba da mrzimo boljeg od sebe. Ne ubija nas sre\u0107a kad vidimo tu\u0111u nesre\u0107u. Ne ubija nas do\u017eivotna \u0161utnja i tiha sva\u0111a zbog nevjerojatnih sitnica, zbog metra ograde i ni malo reprezentativnog nasljedstva. <\/p>\n\n\n\n<p>Ne ubija nas jer ne znamo voljeti, razumjeti, po\u0161tovati. Ne ubija nas laka rije\u010d i te\u0161ka psovka. Ne ubija nas odraz u ogledalu. Ubijaju nas, eto, zapra\u0161ivanjem. I tako, gledam ja to na\u0161e nebo zadnjih dana. Zapravo, \u010duj na\u0161e, nebo nema veze s nama. Jer da slu\u010dajno ima, jebali bi mi njemu znanje ve\u0107 odavno. <\/p>\n\n\n\n<p>Gledam bijele tragove iza mla\u017enjaka, putuju ljudi, ne mo\u017ee ih se zaustaviti u \u017eelji da vide, osjete i udahnu. Da nau\u010de. Ne zaustavljaju ih ni pandemija, ni ratovi. \u010cim se vratilo iole normalno, eto njih gore. <\/p>\n\n\n\n<p>A mi? Mi gledamo odozdo i gatamo. Mi gnjilimo i gledamo tragove na nebu. K&#8217; oni domoroci s Pacifika \u0161to su imali kargo kult. Ali za razliku od tih tamo domorodaca, mi imamo teorije po kojima nitko nije kao mi. I da ba\u0161 zato nas ho\u0107e jebat&#8217;. Zapra\u0161it&#8217;. Pa da nestanemo. <\/p>\n\n\n\n<p>Da nas nema vi\u0161e na ovoj mirisnoj i krasnoj zemlji. Da pocrkamo, a oni do\u0111u i pokupe kajmak. <\/p>\n\n\n\n<p>I gledam tako nebo, srijeda, sedam i sedamnaest popodne. I taman mi do\u0111e da zovnem ovog mog prijatelja. <\/p>\n\n\n\n<p>Kona\u010dno sam do\u0161ao do rje\u0161enja kako mu na lak\u0161i na\u010din objasniti kako nastaje onaj bijeli trag iza aviona. Da razumije i on, koji je onomad prespavao fiziku, ali nekako na lijepe o\u010di navukao dvicu. Me\u0111utim, nekako glupo mi ga du\u0161it&#8217; tamo u Njema\u010dkoj sad zbog toga. Mo\u017eda radi. Mo\u017eda odmara. <\/p>\n\n\n\n<p>A mo\u017eda je u me\u0111uvremenu i sam sku\u017eio kako nije oti\u0161ao jer su ga povazdan zapra\u0161ivali teorijom zavjere odozgo iz aviona. Nego je oti\u0161ao zbog puno prizemnijih i lako doku\u010divih stvari. Ali, eto, lak\u0161e je kad su kriva nebesa, a ne ljudi, od krvi i mesa. <\/p>\n\n\n\n<p><strong>Izvor: Bljesak.info<\/strong><\/p>\n","protected":false},"excerpt":{"rendered":"<p>Pi\u0161e: Boris \u010cerku\u010d Gledam ovih dana \u010desto u nebo, posebno popodne, ono kad je najljep\u0161e, o zalasku. Miri\u0161e Hercegovina, a iznad nje \u010dudesne nijanse, \u010dovjek bi to\u010dno umro u takvoj ljepoti. Umro od miline i dragosti. Prekrasno nebo \u0161araju bijelim tragom mnogi avioni. Mo\u017ee\u0161 ih u petnaestak minuta pobrojati i po pet, \u0161est. Nekad ih [&hellip;]<\/p>\n","protected":false},"author":2,"featured_media":36943,"comment_status":"closed","ping_status":"closed","sticky":false,"template":"","format":"standard","meta":{"h5ap_radio_sources":[],"footnotes":""},"categories":[1],"tags":[],"class_list":["post-144073","post","type-post","status-publish","format-standard","has-post-thumbnail","hentry","category-bihiregija"],"yoast_head":"<!-- This site is optimized with the Yoast SEO plugin v27.5 - https:\/\/yoast.com\/product\/yoast-seo-wordpress\/ -->\n<title>Zapra\u0161uju nas, majku im! - RADIO LJUBU\u0160KI<\/title>\n<meta name=\"robots\" content=\"index, follow, max-snippet:-1, max-image-preview:large, max-video-preview:-1\" \/>\n<link rel=\"canonical\" href=\"https:\/\/radioljubuski.ba\/index.php\/2022\/05\/26\/zaprasuju-nas-majku-im\/\" \/>\n<meta property=\"og:locale\" content=\"hr_HR\" \/>\n<meta property=\"og:type\" content=\"article\" \/>\n<meta property=\"og:title\" content=\"Zapra\u0161uju nas, majku im! - RADIO LJUBU\u0160KI\" \/>\n<meta property=\"og:description\" content=\"Pi\u0161e: Boris \u010cerku\u010d Gledam ovih dana \u010desto u nebo, posebno popodne, ono kad je najljep\u0161e, o zalasku. Miri\u0161e Hercegovina, a iznad nje \u010dudesne nijanse, \u010dovjek bi to\u010dno umro u takvoj ljepoti. Umro od miline i dragosti. Prekrasno nebo \u0161araju bijelim tragom mnogi avioni. Mo\u017ee\u0161 ih u petnaestak minuta pobrojati i po pet, \u0161est. Nekad ih [&hellip;]\" \/>\n<meta property=\"og:url\" content=\"https:\/\/radioljubuski.ba\/index.php\/2022\/05\/26\/zaprasuju-nas-majku-im\/\" \/>\n<meta property=\"og:site_name\" content=\"RADIO LJUBU\u0160KI\" \/>\n<meta property=\"article:publisher\" content=\"https:\/\/www.facebook.com\/Radiio-Ljubuski-1490835324566332\" \/>\n<meta property=\"article:published_time\" content=\"2022-05-26T09:22:11+00:00\" \/>\n<meta property=\"article:modified_time\" content=\"2022-05-26T09:22:12+00:00\" \/>\n<meta property=\"og:image\" content=\"https:\/\/radioljubuski.ba\/wp-content\/uploads\/2021\/06\/175gw0aM_avion.jpg\" \/>\n\t<meta property=\"og:image:width\" content=\"1000\" \/>\n\t<meta property=\"og:image:height\" content=\"625\" \/>\n\t<meta property=\"og:image:type\" content=\"image\/jpeg\" \/>\n<meta name=\"author\" content=\"Radio Ljubu\u0161ki\" \/>\n<meta name=\"twitter:card\" content=\"summary_large_image\" \/>\n<meta name=\"twitter:creator\" content=\"@radioljubuski\" \/>\n<meta name=\"twitter:site\" content=\"@radioljubuski\" \/>\n<meta name=\"twitter:label1\" content=\"Napisao\/la\" \/>\n\t<meta name=\"twitter:data1\" content=\"Radio Ljubu\u0161ki\" \/>\n\t<meta name=\"twitter:label2\" content=\"Procijenjeno vrijeme \u010ditanja\" \/>\n\t<meta name=\"twitter:data2\" content=\"4 minute\" \/>\n<script type=\"application\/ld+json\" class=\"yoast-schema-graph\">{\"@context\":\"https:\\\/\\\/schema.org\",\"@graph\":[{\"@type\":\"Article\",\"@id\":\"https:\\\/\\\/radioljubuski.ba\\\/index.php\\\/2022\\\/05\\\/26\\\/zaprasuju-nas-majku-im\\\/#article\",\"isPartOf\":{\"@id\":\"https:\\\/\\\/radioljubuski.ba\\\/index.php\\\/2022\\\/05\\\/26\\\/zaprasuju-nas-majku-im\\\/\"},\"author\":{\"name\":\"Radio Ljubu\u0161ki\",\"@id\":\"https:\\\/\\\/radioljubuski.ba\\\/#\\\/schema\\\/person\\\/19fc700381a780f69665d7956c469e3b\"},\"headline\":\"Zapra\u0161uju nas, majku im!\",\"datePublished\":\"2022-05-26T09:22:11+00:00\",\"dateModified\":\"2022-05-26T09:22:12+00:00\",\"mainEntityOfPage\":{\"@id\":\"https:\\\/\\\/radioljubuski.ba\\\/index.php\\\/2022\\\/05\\\/26\\\/zaprasuju-nas-majku-im\\\/\"},\"wordCount\":1009,\"publisher\":{\"@id\":\"https:\\\/\\\/radioljubuski.ba\\\/#organization\"},\"image\":{\"@id\":\"https:\\\/\\\/radioljubuski.ba\\\/index.php\\\/2022\\\/05\\\/26\\\/zaprasuju-nas-majku-im\\\/#primaryimage\"},\"thumbnailUrl\":\"https:\\\/\\\/radioljubuski.ba\\\/wp-content\\\/uploads\\\/2021\\\/06\\\/175gw0aM_avion.jpg\",\"articleSection\":[\"BIH i regija\"],\"inLanguage\":\"hr\"},{\"@type\":\"WebPage\",\"@id\":\"https:\\\/\\\/radioljubuski.ba\\\/index.php\\\/2022\\\/05\\\/26\\\/zaprasuju-nas-majku-im\\\/\",\"url\":\"https:\\\/\\\/radioljubuski.ba\\\/index.php\\\/2022\\\/05\\\/26\\\/zaprasuju-nas-majku-im\\\/\",\"name\":\"Zapra\u0161uju nas, majku im! - RADIO LJUBU\u0160KI\",\"isPartOf\":{\"@id\":\"https:\\\/\\\/radioljubuski.ba\\\/#website\"},\"primaryImageOfPage\":{\"@id\":\"https:\\\/\\\/radioljubuski.ba\\\/index.php\\\/2022\\\/05\\\/26\\\/zaprasuju-nas-majku-im\\\/#primaryimage\"},\"image\":{\"@id\":\"https:\\\/\\\/radioljubuski.ba\\\/index.php\\\/2022\\\/05\\\/26\\\/zaprasuju-nas-majku-im\\\/#primaryimage\"},\"thumbnailUrl\":\"https:\\\/\\\/radioljubuski.ba\\\/wp-content\\\/uploads\\\/2021\\\/06\\\/175gw0aM_avion.jpg\",\"datePublished\":\"2022-05-26T09:22:11+00:00\",\"dateModified\":\"2022-05-26T09:22:12+00:00\",\"breadcrumb\":{\"@id\":\"https:\\\/\\\/radioljubuski.ba\\\/index.php\\\/2022\\\/05\\\/26\\\/zaprasuju-nas-majku-im\\\/#breadcrumb\"},\"inLanguage\":\"hr\",\"potentialAction\":[{\"@type\":\"ReadAction\",\"target\":[\"https:\\\/\\\/radioljubuski.ba\\\/index.php\\\/2022\\\/05\\\/26\\\/zaprasuju-nas-majku-im\\\/\"]}]},{\"@type\":\"ImageObject\",\"inLanguage\":\"hr\",\"@id\":\"https:\\\/\\\/radioljubuski.ba\\\/index.php\\\/2022\\\/05\\\/26\\\/zaprasuju-nas-majku-im\\\/#primaryimage\",\"url\":\"https:\\\/\\\/radioljubuski.ba\\\/wp-content\\\/uploads\\\/2021\\\/06\\\/175gw0aM_avion.jpg\",\"contentUrl\":\"https:\\\/\\\/radioljubuski.ba\\\/wp-content\\\/uploads\\\/2021\\\/06\\\/175gw0aM_avion.jpg\",\"width\":1000,\"height\":625},{\"@type\":\"BreadcrumbList\",\"@id\":\"https:\\\/\\\/radioljubuski.ba\\\/index.php\\\/2022\\\/05\\\/26\\\/zaprasuju-nas-majku-im\\\/#breadcrumb\",\"itemListElement\":[{\"@type\":\"ListItem\",\"position\":1,\"name\":\"Po\u010detna stranica\",\"item\":\"https:\\\/\\\/radioljubuski.ba\\\/\"},{\"@type\":\"ListItem\",\"position\":2,\"name\":\"Zapra\u0161uju nas, majku im!\"}]},{\"@type\":\"WebSite\",\"@id\":\"https:\\\/\\\/radioljubuski.ba\\\/#website\",\"url\":\"https:\\\/\\\/radioljubuski.ba\\\/\",\"name\":\"Radio Ljubu\u0161ki\",\"description\":\"Sun\u010dana frekvencija Hercegovine\",\"publisher\":{\"@id\":\"https:\\\/\\\/radioljubuski.ba\\\/#organization\"},\"potentialAction\":[{\"@type\":\"SearchAction\",\"target\":{\"@type\":\"EntryPoint\",\"urlTemplate\":\"https:\\\/\\\/radioljubuski.ba\\\/?s={search_term_string}\"},\"query-input\":{\"@type\":\"PropertyValueSpecification\",\"valueRequired\":true,\"valueName\":\"search_term_string\"}}],\"inLanguage\":\"hr\"},{\"@type\":\"Organization\",\"@id\":\"https:\\\/\\\/radioljubuski.ba\\\/#organization\",\"name\":\"Radio Ljubu\u0161ki\",\"url\":\"https:\\\/\\\/radioljubuski.ba\\\/\",\"logo\":{\"@type\":\"ImageObject\",\"inLanguage\":\"hr\",\"@id\":\"https:\\\/\\\/radioljubuski.ba\\\/#\\\/schema\\\/logo\\\/image\\\/\",\"url\":\"https:\\\/\\\/radioljubuski.ba\\\/wp-content\\\/uploads\\\/2021\\\/02\\\/cropped-Radio_Ljubuski_logo1.jpg\",\"contentUrl\":\"https:\\\/\\\/radioljubuski.ba\\\/wp-content\\\/uploads\\\/2021\\\/02\\\/cropped-Radio_Ljubuski_logo1.jpg\",\"width\":512,\"height\":512,\"caption\":\"Radio Ljubu\u0161ki\"},\"image\":{\"@id\":\"https:\\\/\\\/radioljubuski.ba\\\/#\\\/schema\\\/logo\\\/image\\\/\"},\"sameAs\":[\"https:\\\/\\\/www.facebook.com\\\/Radiio-Ljubuski-1490835324566332\",\"https:\\\/\\\/x.com\\\/radioljubuski\",\"https:\\\/\\\/hr.linkedin.com\\\/company\\\/radio-ljubuski\",\"https:\\\/\\\/www.youtube.com\\\/channel\\\/UCHYaeO_n0Db3tjNGudGpXyw\"]},{\"@type\":\"Person\",\"@id\":\"https:\\\/\\\/radioljubuski.ba\\\/#\\\/schema\\\/person\\\/19fc700381a780f69665d7956c469e3b\",\"name\":\"Radio Ljubu\u0161ki\"}]}<\/script>\n<!-- \/ Yoast SEO plugin. -->","yoast_head_json":{"title":"Zapra\u0161uju nas, majku im! - RADIO LJUBU\u0160KI","robots":{"index":"index","follow":"follow","max-snippet":"max-snippet:-1","max-image-preview":"max-image-preview:large","max-video-preview":"max-video-preview:-1"},"canonical":"https:\/\/radioljubuski.ba\/index.php\/2022\/05\/26\/zaprasuju-nas-majku-im\/","og_locale":"hr_HR","og_type":"article","og_title":"Zapra\u0161uju nas, majku im! - RADIO LJUBU\u0160KI","og_description":"Pi\u0161e: Boris \u010cerku\u010d Gledam ovih dana \u010desto u nebo, posebno popodne, ono kad je najljep\u0161e, o zalasku. Miri\u0161e Hercegovina, a iznad nje \u010dudesne nijanse, \u010dovjek bi to\u010dno umro u takvoj ljepoti. Umro od miline i dragosti. Prekrasno nebo \u0161araju bijelim tragom mnogi avioni. Mo\u017ee\u0161 ih u petnaestak minuta pobrojati i po pet, \u0161est. Nekad ih [&hellip;]","og_url":"https:\/\/radioljubuski.ba\/index.php\/2022\/05\/26\/zaprasuju-nas-majku-im\/","og_site_name":"RADIO LJUBU\u0160KI","article_publisher":"https:\/\/www.facebook.com\/Radiio-Ljubuski-1490835324566332","article_published_time":"2022-05-26T09:22:11+00:00","article_modified_time":"2022-05-26T09:22:12+00:00","og_image":[{"width":1000,"height":625,"url":"https:\/\/radioljubuski.ba\/wp-content\/uploads\/2021\/06\/175gw0aM_avion.jpg","type":"image\/jpeg"}],"author":"Radio Ljubu\u0161ki","twitter_card":"summary_large_image","twitter_creator":"@radioljubuski","twitter_site":"@radioljubuski","twitter_misc":{"Napisao\/la":"Radio Ljubu\u0161ki","Procijenjeno vrijeme \u010ditanja":"4 minute"},"schema":{"@context":"https:\/\/schema.org","@graph":[{"@type":"Article","@id":"https:\/\/radioljubuski.ba\/index.php\/2022\/05\/26\/zaprasuju-nas-majku-im\/#article","isPartOf":{"@id":"https:\/\/radioljubuski.ba\/index.php\/2022\/05\/26\/zaprasuju-nas-majku-im\/"},"author":{"name":"Radio Ljubu\u0161ki","@id":"https:\/\/radioljubuski.ba\/#\/schema\/person\/19fc700381a780f69665d7956c469e3b"},"headline":"Zapra\u0161uju nas, majku im!","datePublished":"2022-05-26T09:22:11+00:00","dateModified":"2022-05-26T09:22:12+00:00","mainEntityOfPage":{"@id":"https:\/\/radioljubuski.ba\/index.php\/2022\/05\/26\/zaprasuju-nas-majku-im\/"},"wordCount":1009,"publisher":{"@id":"https:\/\/radioljubuski.ba\/#organization"},"image":{"@id":"https:\/\/radioljubuski.ba\/index.php\/2022\/05\/26\/zaprasuju-nas-majku-im\/#primaryimage"},"thumbnailUrl":"https:\/\/radioljubuski.ba\/wp-content\/uploads\/2021\/06\/175gw0aM_avion.jpg","articleSection":["BIH i regija"],"inLanguage":"hr"},{"@type":"WebPage","@id":"https:\/\/radioljubuski.ba\/index.php\/2022\/05\/26\/zaprasuju-nas-majku-im\/","url":"https:\/\/radioljubuski.ba\/index.php\/2022\/05\/26\/zaprasuju-nas-majku-im\/","name":"Zapra\u0161uju nas, majku im! - RADIO LJUBU\u0160KI","isPartOf":{"@id":"https:\/\/radioljubuski.ba\/#website"},"primaryImageOfPage":{"@id":"https:\/\/radioljubuski.ba\/index.php\/2022\/05\/26\/zaprasuju-nas-majku-im\/#primaryimage"},"image":{"@id":"https:\/\/radioljubuski.ba\/index.php\/2022\/05\/26\/zaprasuju-nas-majku-im\/#primaryimage"},"thumbnailUrl":"https:\/\/radioljubuski.ba\/wp-content\/uploads\/2021\/06\/175gw0aM_avion.jpg","datePublished":"2022-05-26T09:22:11+00:00","dateModified":"2022-05-26T09:22:12+00:00","breadcrumb":{"@id":"https:\/\/radioljubuski.ba\/index.php\/2022\/05\/26\/zaprasuju-nas-majku-im\/#breadcrumb"},"inLanguage":"hr","potentialAction":[{"@type":"ReadAction","target":["https:\/\/radioljubuski.ba\/index.php\/2022\/05\/26\/zaprasuju-nas-majku-im\/"]}]},{"@type":"ImageObject","inLanguage":"hr","@id":"https:\/\/radioljubuski.ba\/index.php\/2022\/05\/26\/zaprasuju-nas-majku-im\/#primaryimage","url":"https:\/\/radioljubuski.ba\/wp-content\/uploads\/2021\/06\/175gw0aM_avion.jpg","contentUrl":"https:\/\/radioljubuski.ba\/wp-content\/uploads\/2021\/06\/175gw0aM_avion.jpg","width":1000,"height":625},{"@type":"BreadcrumbList","@id":"https:\/\/radioljubuski.ba\/index.php\/2022\/05\/26\/zaprasuju-nas-majku-im\/#breadcrumb","itemListElement":[{"@type":"ListItem","position":1,"name":"Po\u010detna stranica","item":"https:\/\/radioljubuski.ba\/"},{"@type":"ListItem","position":2,"name":"Zapra\u0161uju nas, majku im!"}]},{"@type":"WebSite","@id":"https:\/\/radioljubuski.ba\/#website","url":"https:\/\/radioljubuski.ba\/","name":"Radio Ljubu\u0161ki","description":"Sun\u010dana frekvencija Hercegovine","publisher":{"@id":"https:\/\/radioljubuski.ba\/#organization"},"potentialAction":[{"@type":"SearchAction","target":{"@type":"EntryPoint","urlTemplate":"https:\/\/radioljubuski.ba\/?s={search_term_string}"},"query-input":{"@type":"PropertyValueSpecification","valueRequired":true,"valueName":"search_term_string"}}],"inLanguage":"hr"},{"@type":"Organization","@id":"https:\/\/radioljubuski.ba\/#organization","name":"Radio Ljubu\u0161ki","url":"https:\/\/radioljubuski.ba\/","logo":{"@type":"ImageObject","inLanguage":"hr","@id":"https:\/\/radioljubuski.ba\/#\/schema\/logo\/image\/","url":"https:\/\/radioljubuski.ba\/wp-content\/uploads\/2021\/02\/cropped-Radio_Ljubuski_logo1.jpg","contentUrl":"https:\/\/radioljubuski.ba\/wp-content\/uploads\/2021\/02\/cropped-Radio_Ljubuski_logo1.jpg","width":512,"height":512,"caption":"Radio Ljubu\u0161ki"},"image":{"@id":"https:\/\/radioljubuski.ba\/#\/schema\/logo\/image\/"},"sameAs":["https:\/\/www.facebook.com\/Radiio-Ljubuski-1490835324566332","https:\/\/x.com\/radioljubuski","https:\/\/hr.linkedin.com\/company\/radio-ljubuski","https:\/\/www.youtube.com\/channel\/UCHYaeO_n0Db3tjNGudGpXyw"]},{"@type":"Person","@id":"https:\/\/radioljubuski.ba\/#\/schema\/person\/19fc700381a780f69665d7956c469e3b","name":"Radio Ljubu\u0161ki"}]}},"_links":{"self":[{"href":"https:\/\/radioljubuski.ba\/index.php\/wp-json\/wp\/v2\/posts\/144073","targetHints":{"allow":["GET"]}}],"collection":[{"href":"https:\/\/radioljubuski.ba\/index.php\/wp-json\/wp\/v2\/posts"}],"about":[{"href":"https:\/\/radioljubuski.ba\/index.php\/wp-json\/wp\/v2\/types\/post"}],"author":[{"embeddable":true,"href":"https:\/\/radioljubuski.ba\/index.php\/wp-json\/wp\/v2\/users\/2"}],"replies":[{"embeddable":true,"href":"https:\/\/radioljubuski.ba\/index.php\/wp-json\/wp\/v2\/comments?post=144073"}],"version-history":[{"count":1,"href":"https:\/\/radioljubuski.ba\/index.php\/wp-json\/wp\/v2\/posts\/144073\/revisions"}],"predecessor-version":[{"id":144077,"href":"https:\/\/radioljubuski.ba\/index.php\/wp-json\/wp\/v2\/posts\/144073\/revisions\/144077"}],"wp:featuredmedia":[{"embeddable":true,"href":"https:\/\/radioljubuski.ba\/index.php\/wp-json\/wp\/v2\/media\/36943"}],"wp:attachment":[{"href":"https:\/\/radioljubuski.ba\/index.php\/wp-json\/wp\/v2\/media?parent=144073"}],"wp:term":[{"taxonomy":"category","embeddable":true,"href":"https:\/\/radioljubuski.ba\/index.php\/wp-json\/wp\/v2\/categories?post=144073"},{"taxonomy":"post_tag","embeddable":true,"href":"https:\/\/radioljubuski.ba\/index.php\/wp-json\/wp\/v2\/tags?post=144073"}],"curies":[{"name":"wp","href":"https:\/\/api.w.org\/{rel}","templated":true}]}}